{"id":209680,"date":"2025-02-15T18:10:22","date_gmt":"2025-02-16T01:10:22","guid":{"rendered":"https:\/\/www.sonoraenequipo.com.mx\/?p=209680"},"modified":"2025-02-16T12:40:34","modified_gmt":"2025-02-16T19:40:34","slug":"fortalece-sec-capacitacion-de-integrantes-de-comite-de-proteccion-civil-y-seguridad-escolar","status":"publish","type":"post","link":"https:\/\/www.sonoraenequipo.com.mx\/fortalece-sec-capacitacion-de-integrantes-de-comite-de-proteccion-civil-y-seguridad-escolar\/","title":{"rendered":"Fortalece SEC capacitaci\u00f3n de integrantes de Comit\u00e9 de Protecci\u00f3n Civil y Seguridad Escolar"},"content":{"rendered":"<p><strong>HERMOSILLO, SONORA. MX. \u2014&nbsp;<\/strong> Como parte de los esfuerzos permanentes para garantizar el cuidado de las escuelas, la Secretar\u00eda de Educaci\u00f3n y Cultura (SEC) inici\u00f3 una jornada de capacitaci\u00f3n a los integrantes del Comit\u00e9 de Protecci\u00f3n Civil y Seguridad Escolar.<\/p>\n<p>&nbsp;<\/p>\n<p>&nbsp;<\/p>\n<p>&nbsp;<\/p>\n<p> <\/p>\n<p>La dependencia educativa estatal detall\u00f3 que dicho comit\u00e9 est\u00e1 integrado por madres y padres de familia de 32 planteles ubicados en 26 colonias focalizadas de Hermosillo, quienes est\u00e1n interesados en contribuir en las acciones de protecci\u00f3n y vigilancia de las instalaciones escolares.<\/p>\n<p>&nbsp;<\/p>\n<p>&nbsp;<\/p>\n<p>&nbsp;<\/p>\n<p>A\u00f1adi\u00f3 que la estrategia forma parte del programa Escuela Segura Siempre, a trav\u00e9s del cual se impulsan actividades coordinadas con diferentes instituciones y corporaciones de seguridad p\u00fablica para generar ambientes seguros durante todo el ciclo escolar.<\/p>\n<p>&nbsp;<\/p>\n<p>&nbsp;<\/p>\n<p>&nbsp;<\/p>\n<p>&nbsp;<\/p>\n<p>La SEC subray\u00f3 la importancia de la implementaci\u00f3n de actividades colaborativas con todos los sectores de la sociedad, ya que representa un compromiso entre los integrantes de la comunidad educativa en beneficio de la formaci\u00f3n integral de ni\u00f1as, ni\u00f1os y adolescentes.<\/p>\n<p>&nbsp;<\/p>\n<p>&nbsp;<\/p>\n<p>&nbsp;<\/p>\n<p>&nbsp;<\/p>\n<p>Puntualiz\u00f3 que las escuelas son de nivel preescolar, primaria y secundaria, donde se fortalece la cultura de la denuncia para disminuir el \u00edndice de robos y da\u00f1os contra la infraestructura educativa, adem\u00e1s de garantizar que los estudiantes y docentes tengan un espacio seguro para el aprendizaje.<\/p>\n<p>&nbsp;<\/p>\n<p>&nbsp;<\/p>\n<p>&nbsp;<\/p>\n<p>PUBLICADO EL 15 FEBRERO 2025 Con informaci\u00f3n de GOBSON 0125\/091)<\/p>\n","protected":false},"excerpt":{"rendered":"<p>HERMOSILLO, SONORA. MX. \u2014&nbsp; Como parte de los esfuerzos permanentes para garantizar el cuidado de&#8230;<\/p>\n","protected":false},"author":1,"featured_media":209682,"comment_status":"open","ping_status":"open","sticky":false,"template":"","format":"standard","meta":{"_monsterinsights_skip_tracking":false,"_monsterinsights_sitenote_active":false,"_monsterinsights_sitenote_note":"","_monsterinsights_sitenote_category":0,"footnotes":""},"categories":[22],"tags":[],"class_list":["post"],"yoast_head":" \n<title>Sonora en Equipo. Fortalece SEC capacitaci\u00f3n de integrantes de Comit\u00e9 de Protecci\u00f3n Civil y Seguridad Escolar Sonora<\/title>\n<meta name=\"description\" content=\"HERMOSILLO, SONORA. MX. \u2014&nbsp; Como parte de los esfuerzos permanentes para garantizar el cuidado de las escuelas, la Secretar\u00eda de Educaci\u00f3n y Cultura En Sonora en Equipo publicamos toda la informaci\u00f3n de Sonora, M\u00e9xico y el Mundo de manera oportuna y busca que la libertad de expresi\u00f3n sea real. Visita nuestro medio informativo publicado desde Hermosillo, Sonora. %\" \/>\n<meta name=\"robots\" content=\"index, follow, max-snippet:-1, max-image-preview:large, max-video-preview:-1\" \/>\n<link rel=\"canonical\" href=\"https:\/\/www.sonoraenequipo.com.mx\/fortalece-sec-capacitacion-de-integrantes-de-comite-de-proteccion-civil-y-seguridad-escolar\/\" \/>\n<meta property=\"og:locale\" content=\"es_ES\" \/>\n<meta property=\"og:type\" content=\"article\" \/>\n<meta property=\"og:title\" content=\"Sonora en Equipo. Fortalece SEC capacitaci\u00f3n de integrantes de Comit\u00e9 de Protecci\u00f3n Civil y Seguridad Escolar Sonora\" \/>\n<meta property=\"og:description\" content=\"HERMOSILLO, SONORA. MX. \u2014&nbsp; Como parte de los esfuerzos permanentes para garantizar el cuidado de las escuelas, la Secretar\u00eda de Educaci\u00f3n y Cultura En Sonora en Equipo publicamos toda la informaci\u00f3n de Sonora, M\u00e9xico y el Mundo de manera oportuna y busca que la libertad de expresi\u00f3n sea real. Visita nuestro medio informativo publicado desde Hermosillo, Sonora. %\" \/>\n<meta property=\"og:url\" content=\"https:\/\/www.sonoraenequipo.com.mx\/fortalece-sec-capacitacion-de-integrantes-de-comite-de-proteccion-civil-y-seguridad-escolar\/\" \/>\n<meta property=\"og:site_name\" content=\"Sonora en Equipo.\" \/>\n<meta property=\"article:publisher\" content=\"https:\/\/www.facebook.com\/SonoraEE\/\" \/>\n<meta property=\"article:author\" content=\"https:\/\/www.facebook.com\/SonoraEE\" \/>\n<meta property=\"article:published_time\" content=\"2025-02-16T01:10:22+00:00\" \/>\n<meta property=\"article:modified_time\" content=\"2025-02-16T19:40:34+00:00\" \/>\n<meta property=\"og:image\" content=\"https:\/\/www.sonoraenequipo.com.mx\/storage\/2025\/02\/SEC-capacita-a-Comite-de-Proteccion-Civil-y-Seguridad-Escolar-min.jpg\" \/>\n\t<meta property=\"og:image:width\" content=\"900\" \/>\n\t<meta property=\"og:image:height\" content=\"535\" \/>\n\t<meta property=\"og:image:type\" content=\"image\/jpeg\" \/>\n<meta name=\"author\" content=\"enequipo\" \/>\n<meta name=\"twitter:card\" content=\"summary_large_image\" \/>\n<meta name=\"twitter:creator\" content=\"@sonoraenequipo\" \/>\n<meta name=\"twitter:site\" content=\"@sonoraenequipo\" \/>\n<meta name=\"twitter:label1\" content=\"Escrito por\" \/>\n\t<meta name=\"twitter:data1\" content=\"enequipo\" \/>\n\t<meta name=\"twitter:label2\" content=\"Tiempo de lectura\" \/>\n\t<meta name=\"twitter:data2\" content=\"1 minuto\" \/>\n<script type=\"application\/ld+json\" class=\"yoast-schema-graph\">{\"@context\":\"https:\/\/schema.org\",\"@graph\":[{\"@type\":\"Article\",\"@id\":\"https:\/\/www.sonoraenequipo.com.mx\/fortalece-sec-capacitacion-de-integrantes-de-comite-de-proteccion-civil-y-seguridad-escolar\/#article\",\"isPartOf\":{\"@id\":\"https:\/\/www.sonoraenequipo.com.mx\/fortalece-sec-capacitacion-de-integrantes-de-comite-de-proteccion-civil-y-seguridad-escolar\/\"},\"author\":{\"name\":\"enequipo\",\"@id\":\"https:\/\/www.sonoraenequipo.com.mx\/#\/schema\/person\/50102df0fb23a8fa9e8effad8fa81386\"},\"headline\":\"Fortalece SEC capacitaci\u00f3n de integrantes de Comit\u00e9 de Protecci\u00f3n Civil y Seguridad Escolar\",\"datePublished\":\"2025-02-16T01:10:22+00:00\",\"dateModified\":\"2025-02-16T19:40:34+00:00\",\"mainEntityOfPage\":{\"@id\":\"https:\/\/www.sonoraenequipo.com.mx\/fortalece-sec-capacitacion-de-integrantes-de-comite-de-proteccion-civil-y-seguridad-escolar\/\"},\"wordCount\":258,\"commentCount\":0,\"publisher\":{\"@id\":\"https:\/\/www.sonoraenequipo.com.mx\/#organization\"},\"image\":{\"@id\":\"https:\/\/www.sonoraenequipo.com.mx\/fortalece-sec-capacitacion-de-integrantes-de-comite-de-proteccion-civil-y-seguridad-escolar\/#primaryimage\"},\"thumbnailUrl\":\"https:\/\/www.sonoraenequipo.com.mx\/storage\/2025\/02\/SEC-capacita-a-Comite-de-Proteccion-Civil-y-Seguridad-Escolar-min.jpg\",\"articleSection\":[\"Sonora\"],\"inLanguage\":\"es\",\"potentialAction\":[{\"@type\":\"CommentAction\",\"name\":\"Comment\",\"target\":[\"https:\/\/www.sonoraenequipo.com.mx\/fortalece-sec-capacitacion-de-integrantes-de-comite-de-proteccion-civil-y-seguridad-escolar\/#respond\"]}]},{\"@type\":\"WebPage\",\"@id\":\"https:\/\/www.sonoraenequipo.com.mx\/fortalece-sec-capacitacion-de-integrantes-de-comite-de-proteccion-civil-y-seguridad-escolar\/\",\"url\":\"https:\/\/www.sonoraenequipo.com.mx\/fortalece-sec-capacitacion-de-integrantes-de-comite-de-proteccion-civil-y-seguridad-escolar\/\",\"name\":\"Sonora en Equipo. Fortalece SEC capacitaci\u00f3n de integrantes de Comit\u00e9 de Protecci\u00f3n Civil y Seguridad Escolar Sonora\",\"isPartOf\":{\"@id\":\"https:\/\/www.sonoraenequipo.com.mx\/#website\"},\"primaryImageOfPage\":{\"@id\":\"https:\/\/www.sonoraenequipo.com.mx\/fortalece-sec-capacitacion-de-integrantes-de-comite-de-proteccion-civil-y-seguridad-escolar\/#primaryimage\"},\"image\":{\"@id\":\"https:\/\/www.sonoraenequipo.com.mx\/fortalece-sec-capacitacion-de-integrantes-de-comite-de-proteccion-civil-y-seguridad-escolar\/#primaryimage\"},\"thumbnailUrl\":\"https:\/\/www.sonoraenequipo.com.mx\/storage\/2025\/02\/SEC-capacita-a-Comite-de-Proteccion-Civil-y-Seguridad-Escolar-min.jpg\",\"datePublished\":\"2025-02-16T01:10:22+00:00\",\"dateModified\":\"2025-02-16T19:40:34+00:00\",\"description\":\"HERMOSILLO, SONORA. MX. \u2014&nbsp; Como parte de los esfuerzos permanentes para garantizar el cuidado de las escuelas, la Secretar\u00eda de Educaci\u00f3n y Cultura En Sonora en Equipo publicamos toda la informaci\u00f3n de Sonora, M\u00e9xico y el Mundo de manera oportuna y busca que la libertad de expresi\u00f3n sea real. Visita nuestro medio informativo publicado desde Hermosillo, Sonora. %\",\"breadcrumb\":{\"@id\":\"https:\/\/www.sonoraenequipo.com.mx\/fortalece-sec-capacitacion-de-integrantes-de-comite-de-proteccion-civil-y-seguridad-escolar\/#breadcrumb\"},\"inLanguage\":\"es\",\"potentialAction\":[{\"@type\":\"ReadAction\",\"target\":[\"https:\/\/www.sonoraenequipo.com.mx\/fortalece-sec-capacitacion-de-integrantes-de-comite-de-proteccion-civil-y-seguridad-escolar\/\"]}]},{\"@type\":\"ImageObject\",\"inLanguage\":\"es\",\"@id\":\"https:\/\/www.sonoraenequipo.com.mx\/fortalece-sec-capacitacion-de-integrantes-de-comite-de-proteccion-civil-y-seguridad-escolar\/#primaryimage\",\"url\":\"https:\/\/www.sonoraenequipo.com.mx\/storage\/2025\/02\/SEC-capacita-a-Comite-de-Proteccion-Civil-y-Seguridad-Escolar-min.jpg\",\"contentUrl\":\"https:\/\/www.sonoraenequipo.com.mx\/storage\/2025\/02\/SEC-capacita-a-Comite-de-Proteccion-Civil-y-Seguridad-Escolar-min.jpg\",\"width\":900,\"height\":535},{\"@type\":\"BreadcrumbList\",\"@id\":\"https:\/\/www.sonoraenequipo.com.mx\/fortalece-sec-capacitacion-de-integrantes-de-comite-de-proteccion-civil-y-seguridad-escolar\/#breadcrumb\",\"itemListElement\":[{\"@type\":\"ListItem\",\"position\":1,\"name\":\"Portada\",\"item\":\"https:\/\/www.sonoraenequipo.com.mx\/\"},{\"@type\":\"ListItem\",\"position\":2,\"name\":\"Fortalece SEC capacitaci\u00f3n de integrantes de Comit\u00e9 de Protecci\u00f3n Civil y Seguridad Escolar\"}]},{\"@type\":\"WebSite\",\"@id\":\"https:\/\/www.sonoraenequipo.com.mx\/#website\",\"url\":\"https:\/\/www.sonoraenequipo.com.mx\/\",\"name\":\"Sonora en Equipo.\",\"description\":\"Diario en l\u00ednea con Noticias desde Hermosillo, Sonora\",\"publisher\":{\"@id\":\"https:\/\/www.sonoraenequipo.com.mx\/#organization\"},\"potentialAction\":[{\"@type\":\"SearchAction\",\"target\":{\"@type\":\"EntryPoint\",\"urlTemplate\":\"https:\/\/www.sonoraenequipo.com.mx\/?s={search_term_string}\"},\"query-input\":{\"@type\":\"PropertyValueSpecification\",\"valueRequired\":true,\"valueName\":\"search_term_string\"}}],\"inLanguage\":\"es\"},{\"@type\":\"Organization\",\"@id\":\"https:\/\/www.sonoraenequipo.com.mx\/#organization\",\"name\":\"Sonoraenequipo.com.mx\",\"url\":\"https:\/\/www.sonoraenequipo.com.mx\/\",\"logo\":{\"@type\":\"ImageObject\",\"inLanguage\":\"es\",\"@id\":\"https:\/\/www.sonoraenequipo.com.mx\/#\/schema\/logo\/image\/\",\"url\":\"https:\/\/www.sonoraenequipo.com.mx\/storage\/2019\/01\/sonoraenequipo_opt.png\",\"contentUrl\":\"https:\/\/www.sonoraenequipo.com.mx\/storage\/2019\/01\/sonoraenequipo_opt.png\",\"width\":375,\"height\":125,\"caption\":\"Sonoraenequipo.com.mx\"},\"image\":{\"@id\":\"https:\/\/www.sonoraenequipo.com.mx\/#\/schema\/logo\/image\/\"},\"sameAs\":[\"https:\/\/www.facebook.com\/SonoraEE\/\",\"https:\/\/x.com\/sonoraenequipo\",\"https:\/\/www.youtube.com\/channel\/UC338nW-lPEYmJQs4ZABQ1SQ\"]},{\"@type\":\"Person\",\"@id\":\"https:\/\/www.sonoraenequipo.com.mx\/#\/schema\/person\/50102df0fb23a8fa9e8effad8fa81386\",\"name\":\"enequipo\",\"image\":{\"@type\":\"ImageObject\",\"inLanguage\":\"es\",\"@id\":\"https:\/\/www.sonoraenequipo.com.mx\/#\/schema\/person\/image\/\",\"url\":\"https:\/\/secure.gravatar.com\/avatar\/049821681b589dabc0bc20695993ccebb09f5b5d4d790cd9251b97faac7c652b?s=96&d=blank&r=g\",\"contentUrl\":\"https:\/\/secure.gravatar.com\/avatar\/049821681b589dabc0bc20695993ccebb09f5b5d4d790cd9251b97faac7c652b?s=96&d=blank&r=g\",\"caption\":\"enequipo\"},\"sameAs\":[\"https:\/\/www.facebook.com\/SonoraEE\"]}]}<\/script>\n ","yoast_head_json":{"title":"Sonora en Equipo. Fortalece SEC capacitaci\u00f3n de integrantes de Comit\u00e9 de Protecci\u00f3n Civil y Seguridad Escolar Sonora","description":"HERMOSILLO, SONORA. MX. \u2014&nbsp; Como parte de los esfuerzos permanentes para garantizar el cuidado de las escuelas, la Secretar\u00eda de Educaci\u00f3n y Cultura En Sonora en Equipo publicamos toda la informaci\u00f3n de Sonora, M\u00e9xico y el Mundo de manera oportuna y busca que la libertad de expresi\u00f3n sea real. Visita nuestro medio informativo publicado desde Hermosillo, Sonora. %","robots":{"index":"index","follow":"follow","max-snippet":"max-snippet:-1","max-image-preview":"max-image-preview:large","max-video-preview":"max-video-preview:-1"},"canonical":"https:\/\/www.sonoraenequipo.com.mx\/fortalece-sec-capacitacion-de-integrantes-de-comite-de-proteccion-civil-y-seguridad-escolar\/","og_locale":"es_ES","og_type":"article","og_title":"Sonora en Equipo. Fortalece SEC capacitaci\u00f3n de integrantes de Comit\u00e9 de Protecci\u00f3n Civil y Seguridad Escolar Sonora","og_description":"HERMOSILLO, SONORA. MX. \u2014&nbsp; Como parte de los esfuerzos permanentes para garantizar el cuidado de las escuelas, la Secretar\u00eda de Educaci\u00f3n y Cultura En Sonora en Equipo publicamos toda la informaci\u00f3n de Sonora, M\u00e9xico y el Mundo de manera oportuna y busca que la libertad de expresi\u00f3n sea real. Visita nuestro medio informativo publicado desde Hermosillo, Sonora. %","og_url":"https:\/\/www.sonoraenequipo.com.mx\/fortalece-sec-capacitacion-de-integrantes-de-comite-de-proteccion-civil-y-seguridad-escolar\/","og_site_name":"Sonora en Equipo.","article_publisher":"https:\/\/www.facebook.com\/SonoraEE\/","article_author":"https:\/\/www.facebook.com\/SonoraEE","article_published_time":"2025-02-16T01:10:22+00:00","article_modified_time":"2025-02-16T19:40:34+00:00","og_image":[{"width":900,"height":535,"url":"https:\/\/www.sonoraenequipo.com.mx\/storage\/2025\/02\/SEC-capacita-a-Comite-de-Proteccion-Civil-y-Seguridad-Escolar-min.jpg","type":"image\/jpeg"}],"author":"enequipo","twitter_card":"summary_large_image","twitter_creator":"@sonoraenequipo","twitter_site":"@sonoraenequipo","twitter_misc":{"Escrito por":"enequipo","Tiempo de lectura":"1 minuto"},"schema":{"@context":"https:\/\/schema.org","@graph":[{"@type":"Article","@id":"https:\/\/www.sonoraenequipo.com.mx\/fortalece-sec-capacitacion-de-integrantes-de-comite-de-proteccion-civil-y-seguridad-escolar\/#article","isPartOf":{"@id":"https:\/\/www.sonoraenequipo.com.mx\/fortalece-sec-capacitacion-de-integrantes-de-comite-de-proteccion-civil-y-seguridad-escolar\/"},"author":{"name":"enequipo","@id":"https:\/\/www.sonoraenequipo.com.mx\/#\/schema\/person\/50102df0fb23a8fa9e8effad8fa81386"},"headline":"Fortalece SEC capacitaci\u00f3n de integrantes de Comit\u00e9 de Protecci\u00f3n Civil y Seguridad Escolar","datePublished":"2025-02-16T01:10:22+00:00","dateModified":"2025-02-16T19:40:34+00:00","mainEntityOfPage":{"@id":"https:\/\/www.sonoraenequipo.com.mx\/fortalece-sec-capacitacion-de-integrantes-de-comite-de-proteccion-civil-y-seguridad-escolar\/"},"wordCount":258,"commentCount":0,"publisher":{"@id":"https:\/\/www.sonoraenequipo.com.mx\/#organization"},"image":{"@id":"https:\/\/www.sonoraenequipo.com.mx\/fortalece-sec-capacitacion-de-integrantes-de-comite-de-proteccion-civil-y-seguridad-escolar\/#primaryimage"},"thumbnailUrl":"https:\/\/www.sonoraenequipo.com.mx\/storage\/2025\/02\/SEC-capacita-a-Comite-de-Proteccion-Civil-y-Seguridad-Escolar-min.jpg","articleSection":["Sonora"],"inLanguage":"es","potentialAction":[{"@type":"CommentAction","name":"Comment","target":["https:\/\/www.sonoraenequipo.com.mx\/fortalece-sec-capacitacion-de-integrantes-de-comite-de-proteccion-civil-y-seguridad-escolar\/#respond"]}]},{"@type":"WebPage","@id":"https:\/\/www.sonoraenequipo.com.mx\/fortalece-sec-capacitacion-de-integrantes-de-comite-de-proteccion-civil-y-seguridad-escolar\/","url":"https:\/\/www.sonoraenequipo.com.mx\/fortalece-sec-capacitacion-de-integrantes-de-comite-de-proteccion-civil-y-seguridad-escolar\/","name":"Sonora en Equipo. Fortalece SEC capacitaci\u00f3n de integrantes de Comit\u00e9 de Protecci\u00f3n Civil y Seguridad Escolar Sonora","isPartOf":{"@id":"https:\/\/www.sonoraenequipo.com.mx\/#website"},"primaryImageOfPage":{"@id":"https:\/\/www.sonoraenequipo.com.mx\/fortalece-sec-capacitacion-de-integrantes-de-comite-de-proteccion-civil-y-seguridad-escolar\/#primaryimage"},"image":{"@id":"https:\/\/www.sonoraenequipo.com.mx\/fortalece-sec-capacitacion-de-integrantes-de-comite-de-proteccion-civil-y-seguridad-escolar\/#primaryimage"},"thumbnailUrl":"https:\/\/www.sonoraenequipo.com.mx\/storage\/2025\/02\/SEC-capacita-a-Comite-de-Proteccion-Civil-y-Seguridad-Escolar-min.jpg","datePublished":"2025-02-16T01:10:22+00:00","dateModified":"2025-02-16T19:40:34+00:00","description":"HERMOSILLO, SONORA. MX. \u2014&nbsp; Como parte de los esfuerzos permanentes para garantizar el cuidado de las escuelas, la Secretar\u00eda de Educaci\u00f3n y Cultura En Sonora en Equipo publicamos toda la informaci\u00f3n de Sonora, M\u00e9xico y el Mundo de manera oportuna y busca que la libertad de expresi\u00f3n sea real. Visita nuestro medio informativo publicado desde Hermosillo, Sonora. %","breadcrumb":{"@id":"https:\/\/www.sonoraenequipo.com.mx\/fortalece-sec-capacitacion-de-integrantes-de-comite-de-proteccion-civil-y-seguridad-escolar\/#breadcrumb"},"inLanguage":"es","potentialAction":[{"@type":"ReadAction","target":["https:\/\/www.sonoraenequipo.com.mx\/fortalece-sec-capacitacion-de-integrantes-de-comite-de-proteccion-civil-y-seguridad-escolar\/"]}]},{"@type":"ImageObject","inLanguage":"es","@id":"https:\/\/www.sonoraenequipo.com.mx\/fortalece-sec-capacitacion-de-integrantes-de-comite-de-proteccion-civil-y-seguridad-escolar\/#primaryimage","url":"https:\/\/www.sonoraenequipo.com.mx\/storage\/2025\/02\/SEC-capacita-a-Comite-de-Proteccion-Civil-y-Seguridad-Escolar-min.jpg","contentUrl":"https:\/\/www.sonoraenequipo.com.mx\/storage\/2025\/02\/SEC-capacita-a-Comite-de-Proteccion-Civil-y-Seguridad-Escolar-min.jpg","width":900,"height":535},{"@type":"BreadcrumbList","@id":"https:\/\/www.sonoraenequipo.com.mx\/fortalece-sec-capacitacion-de-integrantes-de-comite-de-proteccion-civil-y-seguridad-escolar\/#breadcrumb","itemListElement":[{"@type":"ListItem","position":1,"name":"Portada","item":"https:\/\/www.sonoraenequipo.com.mx\/"},{"@type":"ListItem","position":2,"name":"Fortalece SEC capacitaci\u00f3n de integrantes de Comit\u00e9 de Protecci\u00f3n Civil y Seguridad Escolar"}]},{"@type":"WebSite","@id":"https:\/\/www.sonoraenequipo.com.mx\/#website","url":"https:\/\/www.sonoraenequipo.com.mx\/","name":"Sonora en Equipo.","description":"Diario en l\u00ednea con Noticias desde Hermosillo, Sonora","publisher":{"@id":"https:\/\/www.sonoraenequipo.com.mx\/#organization"},"potentialAction":[{"@type":"SearchAction","target":{"@type":"EntryPoint","urlTemplate":"https:\/\/www.sonoraenequipo.com.mx\/?s={search_term_string}"},"query-input":{"@type":"PropertyValueSpecification","valueRequired":true,"valueName":"search_term_string"}}],"inLanguage":"es"},{"@type":"Organization","@id":"https:\/\/www.sonoraenequipo.com.mx\/#organization","name":"Sonoraenequipo.com.mx","url":"https:\/\/www.sonoraenequipo.com.mx\/","logo":{"@type":"ImageObject","inLanguage":"es","@id":"https:\/\/www.sonoraenequipo.com.mx\/#\/schema\/logo\/image\/","url":"https:\/\/www.sonoraenequipo.com.mx\/storage\/2019\/01\/sonoraenequipo_opt.png","contentUrl":"https:\/\/www.sonoraenequipo.com.mx\/storage\/2019\/01\/sonoraenequipo_opt.png","width":375,"height":125,"caption":"Sonoraenequipo.com.mx"},"image":{"@id":"https:\/\/www.sonoraenequipo.com.mx\/#\/schema\/logo\/image\/"},"sameAs":["https:\/\/www.facebook.com\/SonoraEE\/","https:\/\/x.com\/sonoraenequipo","https:\/\/www.youtube.com\/channel\/UC338nW-lPEYmJQs4ZABQ1SQ"]},{"@type":"Person","@id":"https:\/\/www.sonoraenequipo.com.mx\/#\/schema\/person\/50102df0fb23a8fa9e8effad8fa81386","name":"enequipo","image":{"@type":"ImageObject","inLanguage":"es","@id":"https:\/\/www.sonoraenequipo.com.mx\/#\/schema\/person\/image\/","url":"https:\/\/secure.gravatar.com\/avatar\/049821681b589dabc0bc20695993ccebb09f5b5d4d790cd9251b97faac7c652b?s=96&d=blank&r=g","contentUrl":"https:\/\/secure.gravatar.com\/avatar\/049821681b589dabc0bc20695993ccebb09f5b5d4d790cd9251b97faac7c652b?s=96&d=blank&r=g","caption":"enequipo"},"sameAs":["https:\/\/www.facebook.com\/SonoraEE"]}]}},"jetpack_featured_media_url":"https:\/\/www.sonoraenequipo.com.mx\/storage\/2025\/02\/SEC-capacita-a-Comite-de-Proteccion-Civil-y-Seguridad-Escolar-min.jpg","_links":{"self":[{"href":"https:\/\/www.sonoraenequipo.com.mx\/api\/wp\/v2\/posts\/209680","targetHints":{"allow":["GET"]}}],"collection":[{"href":"https:\/\/www.sonoraenequipo.com.mx\/api\/wp\/v2\/posts"}],"about":[{"href":"https:\/\/www.sonoraenequipo.com.mx\/api\/wp\/v2\/types\/post"}],"author":[{"embeddable":true,"href":"https:\/\/www.sonoraenequipo.com.mx\/api\/wp\/v2\/users\/1"}],"replies":[{"embeddable":true,"href":"https:\/\/www.sonoraenequipo.com.mx\/api\/wp\/v2\/comments?post=209680"}],"version-history":[{"count":2,"href":"https:\/\/www.sonoraenequipo.com.mx\/api\/wp\/v2\/posts\/209680\/revisions"}],"predecessor-version":[{"id":209684,"href":"https:\/\/www.sonoraenequipo.com.mx\/api\/wp\/v2\/posts\/209680\/revisions\/209684"}],"wp:featuredmedia":[{"embeddable":true,"href":"https:\/\/www.sonoraenequipo.com.mx\/api\/wp\/v2\/media\/209682"}],"wp:attachment":[{"href":"https:\/\/www.sonoraenequipo.com.mx\/api\/wp\/v2\/media?parent=209680"}],"wp:term":[{"taxonomy":"category","embeddable":true,"href":"https:\/\/www.sonoraenequipo.com.mx\/api\/wp\/v2\/categories?post=209680"},{"taxonomy":"post_tag","embeddable":true,"href":"https:\/\/www.sonoraenequipo.com.mx\/api\/wp\/v2\/tags?post=209680"}],"curies":[{"name":"wp","href":"https:\/\/api.w.org\/{rel}","templated":true}]}}