{"id":209706,"date":"2025-02-16T17:34:48","date_gmt":"2025-02-17T00:34:48","guid":{"rendered":"https:\/\/www.sonoraenequipo.com.mx\/?p=209706"},"modified":"2025-02-16T17:34:48","modified_gmt":"2025-02-17T00:34:48","slug":"quiere-trump-que-corte-permita-despido-de-director-de-oficina-del-asesor-legal","status":"publish","type":"post","link":"https:\/\/www.sonoraenequipo.com.mx\/quiere-trump-que-corte-permita-despido-de-director-de-oficina-del-asesor-legal\/","title":{"rendered":"Quiere Trump que Corte permita despido de director de Oficina del Asesor Legal"},"content":{"rendered":"<p><strong>WASHINGTON, ESTADOS UNIDOS DEL NORTE DE AM\u00c9RICA. \u2014<\/strong> El gobierno del presidente estadunidense Donald Trump quiere que la Corte Suprema permita el despido del director de la agencia federal dedicada a proteger a los denunciantes, seg\u00fan documentos obtenidos el domingo que marcar\u00edan la primera petici\u00f3n a los magistrados desde que el mandatario asumi\u00f3 el cargo.<\/p>\n<p>&nbsp;<\/p>\n<p>&nbsp;<\/p>\n<p> <br \/>\nLa petici\u00f3n de emergencia es el inicio de lo que probablemente ser\u00e1 un flujo constante de acciones de abogados del presidente republicano y su gobierno, en un intento por deshacer las decisiones de tribunales inferiores que han ralentizado la agenda de su segundo mandato.<\/p>\n<p>&nbsp;<\/p>\n<p>&nbsp;<\/p>\n<p>El documento presentado por el Departamento de Justicia, obtenido por la agencia AP, solicita a la corte de mayor\u00eda conservadora que levante la orden de un juez que reinstal\u00f3 temporalmente a Hampton Dellinger al frente de la Oficina del Asesor Legal Especial.<\/p>\n<p>&nbsp;<\/p>\n<p>&nbsp;<\/p>\n<p>Dellinger ha argumentado que la ley establece que s\u00f3lo puede ser despedido por problemas relacionados con el desempe\u00f1o de su trabajo, ninguno de los cuales fue citado en el correo electr\u00f3nico en el que fue echado.<\/p>\n<p>&nbsp;<\/p>\n<p>&nbsp;<\/p>\n<p>La petici\u00f3n fue efectuada horas despu\u00e9s de que un panel de la corte de apelaciones \u2014en decisi\u00f3n dividida\u2014 se negara por motivos procesales a levantar la orden, que fue presentada el mi\u00e9rcoles y expira el 26 de febrero.<\/p>\n<p>&nbsp;<\/p>\n<p>&nbsp;<\/p>\n<p>&nbsp;<\/p>\n<p>No se prev\u00e9 que el caso sea registrado entre los que han de examinarse hasta despu\u00e9s de que la Corte Suprema regrese a laborar tras el fin de semana del D\u00eda de los presidentes. Los magistrados no actuar\u00edan sino hasta el martes, en el mejor de los casos.<\/p>\n<p>&nbsp;<\/p>\n<p>&nbsp;<\/p>\n<p>&nbsp;<\/p>\n<p>No est\u00e1 claro qu\u00e9 recepci\u00f3n tendr\u00e1 la petici\u00f3n de Trump en la corte dominada por conservadores, en la cual hay tres magistrados que \u00e9l nomin\u00f3 en su primer mandato.<\/p>\n<p>&nbsp;<\/p>\n<p>&nbsp;<\/p>\n<p>&nbsp;<\/p>\n<p>El caso comenz\u00f3 la semana pasada, cuando Dellinger present\u00f3 una demanda por haber sido destituido de su cargo de director de la Oficina del Asesor Legal Especial, que es responsable de proteger a la fuerza laboral federal de acciones ilegales en el manejo de personal, tales como represalias por denunciar irregularidades. Fue nombrado por el presidente dem\u00f3crata Joe Biden, y el Senado lo confirm\u00f3 para un mandato de cinco a\u00f1os en 2024.<\/p>\n<p>&nbsp;<\/p>\n<p>&nbsp;<\/p>\n<p>&nbsp;<\/p>\n<p>Dellinger indic\u00f3 que el trabajo que realiza la oficina \u201ces m\u00e1s necesario que nunca\u201d, y puso de relieve el n\u00famero \u201csin precedentes\u201d de despidos \u2014sin causa\u2014 de empleados federales que ten\u00edan protecciones de servicio civil ordenados por el gobierno de Trump en las \u00faltimas semanas.<\/p>\n<p>&nbsp;<\/p>\n<p>&nbsp;<\/p>\n<p>El gobierno alega que la orden que reinstala a Dellinger por dos semanas mientras el juez sopesa el caso es una intrusi\u00f3n inaceptable en el poder ejecutivo. El escrito cita la decisi\u00f3n de la Corte Suprema que le otorg\u00f3 a Trump inmunidad contra la persecuci\u00f3n penal y reflej\u00f3 una visi\u00f3n robusta del poder ejecutivo.<\/p>\n<p>&nbsp;<\/p>\n<p>&nbsp;<\/p>\n<p>La Oficina del Asesor Legal Especial, que es independiente, es distinta de los asesores legales especiales del Departamento de Justicia, tales como Jack Smith, quienes son nombrados por el secretario de Justicia para investigaciones espec\u00edficas, como la investigaci\u00f3n penal de Smith sobre Trump antes de que regresara a la Casa Blanca.<\/p>\n<p>&nbsp;<\/p>\n<p>&nbsp;<\/p>\n<p>&nbsp;<\/p>\n<p>El despido de Dellinger fue el movimiento m\u00e1s reciente de la amplia iniciativa de Trump para reducir y reconfigurar el gobierno federal, poniendo a prueba los l\u00edmites de las bien establecidas protecciones del servicio civil al movilizarse para desmantelar agencias federales y despedir a empleados.<\/p>\n<p>&nbsp;<\/p>\n<p>&nbsp;<\/p>\n<p>&nbsp;<\/p>\n<p>PUBLICADO EL 16 DE FEBRERO DE 2025 Con informaci\u00f3n de AFP)<\/p>\n","protected":false},"excerpt":{"rendered":"<p>WASHINGTON, ESTADOS UNIDOS DEL NORTE DE AM\u00c9RICA. \u2014 El gobierno del presidente estadunidense Donald Trump&#8230;<\/p>\n","protected":false},"author":1,"featured_media":209696,"comment_status":"open","ping_status":"open","sticky":false,"template":"","format":"standard","meta":{"_monsterinsights_skip_tracking":false,"_monsterinsights_sitenote_active":false,"_monsterinsights_sitenote_note":"","_monsterinsights_sitenote_category":0,"footnotes":""},"categories":[3],"tags":[],"class_list":["post"],"yoast_head":" \n<title>Sonora en Equipo. Quiere Trump que Corte permita despido de director de Oficina del Asesor Legal MUNDO<\/title>\n<meta name=\"description\" content=\"WASHINGTON, ESTADOS UNIDOS DEL NORTE DE AM\u00c9RICA. \u2014 El gobierno del presidente estadunidense Donald Trump quiere que la Corte Suprema permita el despido En Sonora en Equipo publicamos toda la informaci\u00f3n de Sonora, M\u00e9xico y el Mundo de manera oportuna y busca que la libertad de expresi\u00f3n sea real. Visita nuestro medio informativo publicado desde Hermosillo, Sonora. %\" \/>\n<meta name=\"robots\" content=\"index, follow, max-snippet:-1, max-image-preview:large, max-video-preview:-1\" \/>\n<link rel=\"canonical\" href=\"https:\/\/www.sonoraenequipo.com.mx\/quiere-trump-que-corte-permita-despido-de-director-de-oficina-del-asesor-legal\/\" \/>\n<meta property=\"og:locale\" content=\"es_ES\" \/>\n<meta property=\"og:type\" content=\"article\" \/>\n<meta property=\"og:title\" content=\"Sonora en Equipo. Quiere Trump que Corte permita despido de director de Oficina del Asesor Legal MUNDO\" \/>\n<meta property=\"og:description\" content=\"WASHINGTON, ESTADOS UNIDOS DEL NORTE DE AM\u00c9RICA. \u2014 El gobierno del presidente estadunidense Donald Trump quiere que la Corte Suprema permita el despido En Sonora en Equipo publicamos toda la informaci\u00f3n de Sonora, M\u00e9xico y el Mundo de manera oportuna y busca que la libertad de expresi\u00f3n sea real. Visita nuestro medio informativo publicado desde Hermosillo, Sonora. %\" \/>\n<meta property=\"og:url\" content=\"https:\/\/www.sonoraenequipo.com.mx\/quiere-trump-que-corte-permita-despido-de-director-de-oficina-del-asesor-legal\/\" \/>\n<meta property=\"og:site_name\" content=\"Sonora en Equipo.\" \/>\n<meta property=\"article:publisher\" content=\"https:\/\/www.facebook.com\/SonoraEE\/\" \/>\n<meta property=\"article:author\" content=\"https:\/\/www.facebook.com\/SonoraEE\" \/>\n<meta property=\"article:published_time\" content=\"2025-02-17T00:34:48+00:00\" \/>\n<meta property=\"og:image\" content=\"https:\/\/www.sonoraenequipo.com.mx\/storage\/2025\/02\/TRUMP.-AP-min.jpg\" \/>\n\t<meta property=\"og:image:width\" content=\"900\" \/>\n\t<meta property=\"og:image:height\" content=\"542\" \/>\n\t<meta property=\"og:image:type\" content=\"image\/jpeg\" \/>\n<meta name=\"author\" content=\"enequipo\" \/>\n<meta name=\"twitter:card\" content=\"summary_large_image\" \/>\n<meta name=\"twitter:creator\" content=\"@sonoraenequipo\" \/>\n<meta name=\"twitter:site\" content=\"@sonoraenequipo\" \/>\n<meta name=\"twitter:label1\" content=\"Escrito por\" \/>\n\t<meta name=\"twitter:data1\" content=\"enequipo\" \/>\n\t<meta name=\"twitter:label2\" content=\"Tiempo de lectura\" \/>\n\t<meta name=\"twitter:data2\" content=\"3 minutos\" \/>\n<script type=\"application\/ld+json\" class=\"yoast-schema-graph\">{\"@context\":\"https:\/\/schema.org\",\"@graph\":[{\"@type\":\"Article\",\"@id\":\"https:\/\/www.sonoraenequipo.com.mx\/quiere-trump-que-corte-permita-despido-de-director-de-oficina-del-asesor-legal\/#article\",\"isPartOf\":{\"@id\":\"https:\/\/www.sonoraenequipo.com.mx\/quiere-trump-que-corte-permita-despido-de-director-de-oficina-del-asesor-legal\/\"},\"author\":{\"name\":\"enequipo\",\"@id\":\"https:\/\/www.sonoraenequipo.com.mx\/#\/schema\/person\/50102df0fb23a8fa9e8effad8fa81386\"},\"headline\":\"Quiere Trump que Corte permita despido de director de Oficina del Asesor Legal\",\"datePublished\":\"2025-02-17T00:34:48+00:00\",\"mainEntityOfPage\":{\"@id\":\"https:\/\/www.sonoraenequipo.com.mx\/quiere-trump-que-corte-permita-despido-de-director-de-oficina-del-asesor-legal\/\"},\"wordCount\":640,\"commentCount\":0,\"publisher\":{\"@id\":\"https:\/\/www.sonoraenequipo.com.mx\/#organization\"},\"image\":{\"@id\":\"https:\/\/www.sonoraenequipo.com.mx\/quiere-trump-que-corte-permita-despido-de-director-de-oficina-del-asesor-legal\/#primaryimage\"},\"thumbnailUrl\":\"https:\/\/www.sonoraenequipo.com.mx\/storage\/2025\/02\/TRUMP.-AP-min.jpg\",\"articleSection\":[\"MUNDO\"],\"inLanguage\":\"es\",\"potentialAction\":[{\"@type\":\"CommentAction\",\"name\":\"Comment\",\"target\":[\"https:\/\/www.sonoraenequipo.com.mx\/quiere-trump-que-corte-permita-despido-de-director-de-oficina-del-asesor-legal\/#respond\"]}]},{\"@type\":\"WebPage\",\"@id\":\"https:\/\/www.sonoraenequipo.com.mx\/quiere-trump-que-corte-permita-despido-de-director-de-oficina-del-asesor-legal\/\",\"url\":\"https:\/\/www.sonoraenequipo.com.mx\/quiere-trump-que-corte-permita-despido-de-director-de-oficina-del-asesor-legal\/\",\"name\":\"Sonora en Equipo. Quiere Trump que Corte permita despido de director de Oficina del Asesor Legal MUNDO\",\"isPartOf\":{\"@id\":\"https:\/\/www.sonoraenequipo.com.mx\/#website\"},\"primaryImageOfPage\":{\"@id\":\"https:\/\/www.sonoraenequipo.com.mx\/quiere-trump-que-corte-permita-despido-de-director-de-oficina-del-asesor-legal\/#primaryimage\"},\"image\":{\"@id\":\"https:\/\/www.sonoraenequipo.com.mx\/quiere-trump-que-corte-permita-despido-de-director-de-oficina-del-asesor-legal\/#primaryimage\"},\"thumbnailUrl\":\"https:\/\/www.sonoraenequipo.com.mx\/storage\/2025\/02\/TRUMP.-AP-min.jpg\",\"datePublished\":\"2025-02-17T00:34:48+00:00\",\"description\":\"WASHINGTON, ESTADOS UNIDOS DEL NORTE DE AM\u00c9RICA. \u2014 El gobierno del presidente estadunidense Donald Trump quiere que la Corte Suprema permita el despido En Sonora en Equipo publicamos toda la informaci\u00f3n de Sonora, M\u00e9xico y el Mundo de manera oportuna y busca que la libertad de expresi\u00f3n sea real. Visita nuestro medio informativo publicado desde Hermosillo, Sonora. %\",\"breadcrumb\":{\"@id\":\"https:\/\/www.sonoraenequipo.com.mx\/quiere-trump-que-corte-permita-despido-de-director-de-oficina-del-asesor-legal\/#breadcrumb\"},\"inLanguage\":\"es\",\"potentialAction\":[{\"@type\":\"ReadAction\",\"target\":[\"https:\/\/www.sonoraenequipo.com.mx\/quiere-trump-que-corte-permita-despido-de-director-de-oficina-del-asesor-legal\/\"]}]},{\"@type\":\"ImageObject\",\"inLanguage\":\"es\",\"@id\":\"https:\/\/www.sonoraenequipo.com.mx\/quiere-trump-que-corte-permita-despido-de-director-de-oficina-del-asesor-legal\/#primaryimage\",\"url\":\"https:\/\/www.sonoraenequipo.com.mx\/storage\/2025\/02\/TRUMP.-AP-min.jpg\",\"contentUrl\":\"https:\/\/www.sonoraenequipo.com.mx\/storage\/2025\/02\/TRUMP.-AP-min.jpg\",\"width\":900,\"height\":542},{\"@type\":\"BreadcrumbList\",\"@id\":\"https:\/\/www.sonoraenequipo.com.mx\/quiere-trump-que-corte-permita-despido-de-director-de-oficina-del-asesor-legal\/#breadcrumb\",\"itemListElement\":[{\"@type\":\"ListItem\",\"position\":1,\"name\":\"Portada\",\"item\":\"https:\/\/www.sonoraenequipo.com.mx\/\"},{\"@type\":\"ListItem\",\"position\":2,\"name\":\"Quiere Trump que Corte permita despido de director de Oficina del Asesor Legal\"}]},{\"@type\":\"WebSite\",\"@id\":\"https:\/\/www.sonoraenequipo.com.mx\/#website\",\"url\":\"https:\/\/www.sonoraenequipo.com.mx\/\",\"name\":\"Sonora en Equipo.\",\"description\":\"Diario en l\u00ednea con Noticias desde Hermosillo, Sonora\",\"publisher\":{\"@id\":\"https:\/\/www.sonoraenequipo.com.mx\/#organization\"},\"potentialAction\":[{\"@type\":\"SearchAction\",\"target\":{\"@type\":\"EntryPoint\",\"urlTemplate\":\"https:\/\/www.sonoraenequipo.com.mx\/?s={search_term_string}\"},\"query-input\":{\"@type\":\"PropertyValueSpecification\",\"valueRequired\":true,\"valueName\":\"search_term_string\"}}],\"inLanguage\":\"es\"},{\"@type\":\"Organization\",\"@id\":\"https:\/\/www.sonoraenequipo.com.mx\/#organization\",\"name\":\"Sonoraenequipo.com.mx\",\"url\":\"https:\/\/www.sonoraenequipo.com.mx\/\",\"logo\":{\"@type\":\"ImageObject\",\"inLanguage\":\"es\",\"@id\":\"https:\/\/www.sonoraenequipo.com.mx\/#\/schema\/logo\/image\/\",\"url\":\"https:\/\/www.sonoraenequipo.com.mx\/storage\/2019\/01\/sonoraenequipo_opt.png\",\"contentUrl\":\"https:\/\/www.sonoraenequipo.com.mx\/storage\/2019\/01\/sonoraenequipo_opt.png\",\"width\":375,\"height\":125,\"caption\":\"Sonoraenequipo.com.mx\"},\"image\":{\"@id\":\"https:\/\/www.sonoraenequipo.com.mx\/#\/schema\/logo\/image\/\"},\"sameAs\":[\"https:\/\/www.facebook.com\/SonoraEE\/\",\"https:\/\/x.com\/sonoraenequipo\",\"https:\/\/www.youtube.com\/channel\/UC338nW-lPEYmJQs4ZABQ1SQ\"]},{\"@type\":\"Person\",\"@id\":\"https:\/\/www.sonoraenequipo.com.mx\/#\/schema\/person\/50102df0fb23a8fa9e8effad8fa81386\",\"name\":\"enequipo\",\"image\":{\"@type\":\"ImageObject\",\"inLanguage\":\"es\",\"@id\":\"https:\/\/www.sonoraenequipo.com.mx\/#\/schema\/person\/image\/\",\"url\":\"https:\/\/secure.gravatar.com\/avatar\/049821681b589dabc0bc20695993ccebb09f5b5d4d790cd9251b97faac7c652b?s=96&d=blank&r=g\",\"contentUrl\":\"https:\/\/secure.gravatar.com\/avatar\/049821681b589dabc0bc20695993ccebb09f5b5d4d790cd9251b97faac7c652b?s=96&d=blank&r=g\",\"caption\":\"enequipo\"},\"sameAs\":[\"https:\/\/www.facebook.com\/SonoraEE\"]}]}<\/script>\n ","yoast_head_json":{"title":"Sonora en Equipo. Quiere Trump que Corte permita despido de director de Oficina del Asesor Legal MUNDO","description":"WASHINGTON, ESTADOS UNIDOS DEL NORTE DE AM\u00c9RICA. \u2014 El gobierno del presidente estadunidense Donald Trump quiere que la Corte Suprema permita el despido En Sonora en Equipo publicamos toda la informaci\u00f3n de Sonora, M\u00e9xico y el Mundo de manera oportuna y busca que la libertad de expresi\u00f3n sea real. Visita nuestro medio informativo publicado desde Hermosillo, Sonora. %","robots":{"index":"index","follow":"follow","max-snippet":"max-snippet:-1","max-image-preview":"max-image-preview:large","max-video-preview":"max-video-preview:-1"},"canonical":"https:\/\/www.sonoraenequipo.com.mx\/quiere-trump-que-corte-permita-despido-de-director-de-oficina-del-asesor-legal\/","og_locale":"es_ES","og_type":"article","og_title":"Sonora en Equipo. Quiere Trump que Corte permita despido de director de Oficina del Asesor Legal MUNDO","og_description":"WASHINGTON, ESTADOS UNIDOS DEL NORTE DE AM\u00c9RICA. \u2014 El gobierno del presidente estadunidense Donald Trump quiere que la Corte Suprema permita el despido En Sonora en Equipo publicamos toda la informaci\u00f3n de Sonora, M\u00e9xico y el Mundo de manera oportuna y busca que la libertad de expresi\u00f3n sea real. Visita nuestro medio informativo publicado desde Hermosillo, Sonora. %","og_url":"https:\/\/www.sonoraenequipo.com.mx\/quiere-trump-que-corte-permita-despido-de-director-de-oficina-del-asesor-legal\/","og_site_name":"Sonora en Equipo.","article_publisher":"https:\/\/www.facebook.com\/SonoraEE\/","article_author":"https:\/\/www.facebook.com\/SonoraEE","article_published_time":"2025-02-17T00:34:48+00:00","og_image":[{"width":900,"height":542,"url":"https:\/\/www.sonoraenequipo.com.mx\/storage\/2025\/02\/TRUMP.-AP-min.jpg","type":"image\/jpeg"}],"author":"enequipo","twitter_card":"summary_large_image","twitter_creator":"@sonoraenequipo","twitter_site":"@sonoraenequipo","twitter_misc":{"Escrito por":"enequipo","Tiempo de lectura":"3 minutos"},"schema":{"@context":"https:\/\/schema.org","@graph":[{"@type":"Article","@id":"https:\/\/www.sonoraenequipo.com.mx\/quiere-trump-que-corte-permita-despido-de-director-de-oficina-del-asesor-legal\/#article","isPartOf":{"@id":"https:\/\/www.sonoraenequipo.com.mx\/quiere-trump-que-corte-permita-despido-de-director-de-oficina-del-asesor-legal\/"},"author":{"name":"enequipo","@id":"https:\/\/www.sonoraenequipo.com.mx\/#\/schema\/person\/50102df0fb23a8fa9e8effad8fa81386"},"headline":"Quiere Trump que Corte permita despido de director de Oficina del Asesor Legal","datePublished":"2025-02-17T00:34:48+00:00","mainEntityOfPage":{"@id":"https:\/\/www.sonoraenequipo.com.mx\/quiere-trump-que-corte-permita-despido-de-director-de-oficina-del-asesor-legal\/"},"wordCount":640,"commentCount":0,"publisher":{"@id":"https:\/\/www.sonoraenequipo.com.mx\/#organization"},"image":{"@id":"https:\/\/www.sonoraenequipo.com.mx\/quiere-trump-que-corte-permita-despido-de-director-de-oficina-del-asesor-legal\/#primaryimage"},"thumbnailUrl":"https:\/\/www.sonoraenequipo.com.mx\/storage\/2025\/02\/TRUMP.-AP-min.jpg","articleSection":["MUNDO"],"inLanguage":"es","potentialAction":[{"@type":"CommentAction","name":"Comment","target":["https:\/\/www.sonoraenequipo.com.mx\/quiere-trump-que-corte-permita-despido-de-director-de-oficina-del-asesor-legal\/#respond"]}]},{"@type":"WebPage","@id":"https:\/\/www.sonoraenequipo.com.mx\/quiere-trump-que-corte-permita-despido-de-director-de-oficina-del-asesor-legal\/","url":"https:\/\/www.sonoraenequipo.com.mx\/quiere-trump-que-corte-permita-despido-de-director-de-oficina-del-asesor-legal\/","name":"Sonora en Equipo. Quiere Trump que Corte permita despido de director de Oficina del Asesor Legal MUNDO","isPartOf":{"@id":"https:\/\/www.sonoraenequipo.com.mx\/#website"},"primaryImageOfPage":{"@id":"https:\/\/www.sonoraenequipo.com.mx\/quiere-trump-que-corte-permita-despido-de-director-de-oficina-del-asesor-legal\/#primaryimage"},"image":{"@id":"https:\/\/www.sonoraenequipo.com.mx\/quiere-trump-que-corte-permita-despido-de-director-de-oficina-del-asesor-legal\/#primaryimage"},"thumbnailUrl":"https:\/\/www.sonoraenequipo.com.mx\/storage\/2025\/02\/TRUMP.-AP-min.jpg","datePublished":"2025-02-17T00:34:48+00:00","description":"WASHINGTON, ESTADOS UNIDOS DEL NORTE DE AM\u00c9RICA. \u2014 El gobierno del presidente estadunidense Donald Trump quiere que la Corte Suprema permita el despido En Sonora en Equipo publicamos toda la informaci\u00f3n de Sonora, M\u00e9xico y el Mundo de manera oportuna y busca que la libertad de expresi\u00f3n sea real. Visita nuestro medio informativo publicado desde Hermosillo, Sonora. %","breadcrumb":{"@id":"https:\/\/www.sonoraenequipo.com.mx\/quiere-trump-que-corte-permita-despido-de-director-de-oficina-del-asesor-legal\/#breadcrumb"},"inLanguage":"es","potentialAction":[{"@type":"ReadAction","target":["https:\/\/www.sonoraenequipo.com.mx\/quiere-trump-que-corte-permita-despido-de-director-de-oficina-del-asesor-legal\/"]}]},{"@type":"ImageObject","inLanguage":"es","@id":"https:\/\/www.sonoraenequipo.com.mx\/quiere-trump-que-corte-permita-despido-de-director-de-oficina-del-asesor-legal\/#primaryimage","url":"https:\/\/www.sonoraenequipo.com.mx\/storage\/2025\/02\/TRUMP.-AP-min.jpg","contentUrl":"https:\/\/www.sonoraenequipo.com.mx\/storage\/2025\/02\/TRUMP.-AP-min.jpg","width":900,"height":542},{"@type":"BreadcrumbList","@id":"https:\/\/www.sonoraenequipo.com.mx\/quiere-trump-que-corte-permita-despido-de-director-de-oficina-del-asesor-legal\/#breadcrumb","itemListElement":[{"@type":"ListItem","position":1,"name":"Portada","item":"https:\/\/www.sonoraenequipo.com.mx\/"},{"@type":"ListItem","position":2,"name":"Quiere Trump que Corte permita despido de director de Oficina del Asesor Legal"}]},{"@type":"WebSite","@id":"https:\/\/www.sonoraenequipo.com.mx\/#website","url":"https:\/\/www.sonoraenequipo.com.mx\/","name":"Sonora en Equipo.","description":"Diario en l\u00ednea con Noticias desde Hermosillo, Sonora","publisher":{"@id":"https:\/\/www.sonoraenequipo.com.mx\/#organization"},"potentialAction":[{"@type":"SearchAction","target":{"@type":"EntryPoint","urlTemplate":"https:\/\/www.sonoraenequipo.com.mx\/?s={search_term_string}"},"query-input":{"@type":"PropertyValueSpecification","valueRequired":true,"valueName":"search_term_string"}}],"inLanguage":"es"},{"@type":"Organization","@id":"https:\/\/www.sonoraenequipo.com.mx\/#organization","name":"Sonoraenequipo.com.mx","url":"https:\/\/www.sonoraenequipo.com.mx\/","logo":{"@type":"ImageObject","inLanguage":"es","@id":"https:\/\/www.sonoraenequipo.com.mx\/#\/schema\/logo\/image\/","url":"https:\/\/www.sonoraenequipo.com.mx\/storage\/2019\/01\/sonoraenequipo_opt.png","contentUrl":"https:\/\/www.sonoraenequipo.com.mx\/storage\/2019\/01\/sonoraenequipo_opt.png","width":375,"height":125,"caption":"Sonoraenequipo.com.mx"},"image":{"@id":"https:\/\/www.sonoraenequipo.com.mx\/#\/schema\/logo\/image\/"},"sameAs":["https:\/\/www.facebook.com\/SonoraEE\/","https:\/\/x.com\/sonoraenequipo","https:\/\/www.youtube.com\/channel\/UC338nW-lPEYmJQs4ZABQ1SQ"]},{"@type":"Person","@id":"https:\/\/www.sonoraenequipo.com.mx\/#\/schema\/person\/50102df0fb23a8fa9e8effad8fa81386","name":"enequipo","image":{"@type":"ImageObject","inLanguage":"es","@id":"https:\/\/www.sonoraenequipo.com.mx\/#\/schema\/person\/image\/","url":"https:\/\/secure.gravatar.com\/avatar\/049821681b589dabc0bc20695993ccebb09f5b5d4d790cd9251b97faac7c652b?s=96&d=blank&r=g","contentUrl":"https:\/\/secure.gravatar.com\/avatar\/049821681b589dabc0bc20695993ccebb09f5b5d4d790cd9251b97faac7c652b?s=96&d=blank&r=g","caption":"enequipo"},"sameAs":["https:\/\/www.facebook.com\/SonoraEE"]}]}},"jetpack_featured_media_url":"https:\/\/www.sonoraenequipo.com.mx\/storage\/2025\/02\/TRUMP.-AP-min.jpg","_links":{"self":[{"href":"https:\/\/www.sonoraenequipo.com.mx\/api\/wp\/v2\/posts\/209706","targetHints":{"allow":["GET"]}}],"collection":[{"href":"https:\/\/www.sonoraenequipo.com.mx\/api\/wp\/v2\/posts"}],"about":[{"href":"https:\/\/www.sonoraenequipo.com.mx\/api\/wp\/v2\/types\/post"}],"author":[{"embeddable":true,"href":"https:\/\/www.sonoraenequipo.com.mx\/api\/wp\/v2\/users\/1"}],"replies":[{"embeddable":true,"href":"https:\/\/www.sonoraenequipo.com.mx\/api\/wp\/v2\/comments?post=209706"}],"version-history":[{"count":1,"href":"https:\/\/www.sonoraenequipo.com.mx\/api\/wp\/v2\/posts\/209706\/revisions"}],"predecessor-version":[{"id":209707,"href":"https:\/\/www.sonoraenequipo.com.mx\/api\/wp\/v2\/posts\/209706\/revisions\/209707"}],"wp:featuredmedia":[{"embeddable":true,"href":"https:\/\/www.sonoraenequipo.com.mx\/api\/wp\/v2\/media\/209696"}],"wp:attachment":[{"href":"https:\/\/www.sonoraenequipo.com.mx\/api\/wp\/v2\/media?parent=209706"}],"wp:term":[{"taxonomy":"category","embeddable":true,"href":"https:\/\/www.sonoraenequipo.com.mx\/api\/wp\/v2\/categories?post=209706"},{"taxonomy":"post_tag","embeddable":true,"href":"https:\/\/www.sonoraenequipo.com.mx\/api\/wp\/v2\/tags?post=209706"}],"curies":[{"name":"wp","href":"https:\/\/api.w.org\/{rel}","templated":true}]}}