{"id":209711,"date":"2025-02-16T10:08:30","date_gmt":"2025-02-16T17:08:30","guid":{"rendered":"https:\/\/www.sonoraenequipo.com.mx\/?p=209711"},"modified":"2025-02-16T17:56:50","modified_gmt":"2025-02-17T00:56:50","slug":"papa-francisco-pasa-segunda-noche-en-el-hospital-por-infeccion-respiratoria","status":"publish","type":"post","link":"https:\/\/www.sonoraenequipo.com.mx\/papa-francisco-pasa-segunda-noche-en-el-hospital-por-infeccion-respiratoria\/","title":{"rendered":"Papa Francisco pasa segunda noche en el hospital por infecci\u00f3n respiratoria"},"content":{"rendered":"<p><strong>ROMA, ITALIA. \u2014<\/strong> El papa Francisco ley\u00f3 los peri\u00f3dicos y desayun\u00f3 este domingo despu\u00e9s de una segunda noche durmiendo bien en el hospital donde el pont\u00edfice de 88 a\u00f1os es atendido por una infecci\u00f3n en las v\u00edas respiratorias, inform\u00f3 el Vaticano.<\/p>\n<p>&nbsp;<\/p>\n<p>&nbsp;<\/p>\n<p>&nbsp;<\/p>\n<p> <br \/>\nEl portavoz del Vaticano, Matteo Bruni, dijo que proporcionar\u00eda una actualizaci\u00f3n m\u00e1s adelante en el d\u00eda. Se\u00f1al\u00f3 que es posible que no se ofrezca informaci\u00f3n m\u00e9dica detallada y sustancialmente nueva, dado que es domingo.<\/p>\n<p>&nbsp;<\/p>\n<p>&nbsp;<\/p>\n<p>El papa argentino, conocido por su \u00e9tica de trabajo y que mantiene un ritmo agotador a pesar de sus m\u00faltiples dolencias, fue admitido en el hospital Gemelli de Roma el viernes despu\u00e9s de que una semana de bronquitis empeor\u00f3. Esta fue su cuarta hospitalizaci\u00f3n desde su elecci\u00f3n en 2013 y suscit\u00f3 preguntas sobre su salud cada vez m\u00e1s precaria.<\/p>\n<p>&nbsp;<\/p>\n<p>&nbsp;<\/p>\n<p>Los m\u00e9dicos confirmaron una infecci\u00f3n en las v\u00edas respiratorias y prescribieron <strong><em>\u201creposo absoluto\u201d<\/em><\/strong> junto con terapias farmacol\u00f3gicas no especificadas. Francisco omiti\u00f3 su tradicional bendici\u00f3n del domingo al mediod\u00eda, declinando incluso asomarse a la ventana de su hospital para saludar a una peque\u00f1a multitud que se hab\u00eda reunido abajo con la esperanza de animarlo.<\/p>\n<p>&nbsp;<\/p>\n<p>&nbsp;<\/p>\n<p>&nbsp;<\/p>\n<p>La cuenta de redes sociales @Pontifex, que no es escrita por el propio papa, agradeci\u00f3 a las personas por sus oraciones el domingo. \u201cGracias por el afecto, la oraci\u00f3n y la cercan\u00eda con la que me est\u00e1n acompa\u00f1ando en estos d\u00edas\u201d, dec\u00eda la publicaci\u00f3n.<\/p>\n<p>&nbsp;<\/p>\n<p>&nbsp;<\/p>\n<p>&nbsp;<\/p>\n<p>Francisco se someti\u00f3 a la extirpaci\u00f3n de parte de un pulm\u00f3n tras una infecci\u00f3n pulmonar cuando era joven y es propenso a infecciones respiratorias. En 2023, pas\u00f3 tres d\u00edas en Gemelli para ser tratado por lo que luego se revel\u00f3 que era un caso agudo de neumon\u00eda.<\/p>\n<p>&nbsp;<\/p>\n<p>&nbsp;<\/p>\n<p>&nbsp;<\/p>\n<p>A pesar de su diagn\u00f3stico de bronquitis el 6 de febrero, Francisco hab\u00eda mantenido un ritmo fren\u00e9tico \u00faltimamente, llenando sus d\u00edas con audiencias privadas y p\u00fablicas mientras asum\u00eda las obligaciones adicionales en el A\u00f1o Santo de la Iglesia Cat\u00f3lica.<\/p>\n<p>&nbsp;<\/p>\n<p>&nbsp;<\/p>\n<p>&nbsp;<\/p>\n<p>El Vaticano ha cancelado sus eventos al menos hasta el lunes. El domingo, una Misa del A\u00f1o Santo que se supon\u00eda que \u00e9l iba a presidir para artistas visitantes fue celebrada por el ministro de cultura del Vaticano.<\/p>\n<p>&nbsp;<\/p>\n<p>&nbsp;<\/p>\n<p>&nbsp;<\/p>\n<p>El Vaticano no ha especificado qu\u00e9 tipo de infecci\u00f3n en las v\u00edas respiratorias tiene el papa. A veces, la bronquitis puede llevar a neumon\u00eda, una infecci\u00f3n m\u00e1s profunda y mucho m\u00e1s grave de los sacos de aire de los pulmones. El tratamiento var\u00eda seg\u00fan la gravedad, pero puede incluir la administraci\u00f3n de ox\u00edgeno a trav\u00e9s de un tubo nasal o m\u00e1scara, l\u00edquidos intravenosos, y el tratamiento de la causa subyacente de la infecci\u00f3n.<\/p>\n<p>&nbsp;<\/p>\n<p>&nbsp;<\/p>\n<p>&nbsp;<\/p>\n<p>PUBLICADO EL 16 DE FEBRERO DE 2025 Con informaci\u00f3n de AP)<\/p>\n","protected":false},"excerpt":{"rendered":"<p>ROMA, ITALIA. \u2014 El papa Francisco ley\u00f3 los peri\u00f3dicos y desayun\u00f3 este domingo despu\u00e9s de&#8230;<\/p>\n","protected":false},"author":1,"featured_media":209712,"comment_status":"open","ping_status":"open","sticky":false,"template":"","format":"standard","meta":{"_monsterinsights_skip_tracking":false,"_monsterinsights_sitenote_active":false,"_monsterinsights_sitenote_note":"","_monsterinsights_sitenote_category":0,"footnotes":""},"categories":[3],"tags":[],"class_list":["post"],"yoast_head":" \n<title>Sonora en Equipo. Papa Francisco pasa segunda noche en el hospital por infecci\u00f3n respiratoria MUNDO<\/title>\n<meta name=\"description\" content=\"ROMA, ITALIA. \u2014 El papa Francisco ley\u00f3 los peri\u00f3dicos y desayun\u00f3 este domingo despu\u00e9s de una segunda noche durmiendo bien en el hospital donde el En Sonora en Equipo publicamos toda la informaci\u00f3n de Sonora, M\u00e9xico y el Mundo de manera oportuna y busca que la libertad de expresi\u00f3n sea real. Visita nuestro medio informativo publicado desde Hermosillo, Sonora. %\" \/>\n<meta name=\"robots\" content=\"index, follow, max-snippet:-1, max-image-preview:large, max-video-preview:-1\" \/>\n<link rel=\"canonical\" href=\"https:\/\/www.sonoraenequipo.com.mx\/papa-francisco-pasa-segunda-noche-en-el-hospital-por-infeccion-respiratoria\/\" \/>\n<meta property=\"og:locale\" content=\"es_ES\" \/>\n<meta property=\"og:type\" content=\"article\" \/>\n<meta property=\"og:title\" content=\"Sonora en Equipo. Papa Francisco pasa segunda noche en el hospital por infecci\u00f3n respiratoria MUNDO\" \/>\n<meta property=\"og:description\" content=\"ROMA, ITALIA. \u2014 El papa Francisco ley\u00f3 los peri\u00f3dicos y desayun\u00f3 este domingo despu\u00e9s de una segunda noche durmiendo bien en el hospital donde el En Sonora en Equipo publicamos toda la informaci\u00f3n de Sonora, M\u00e9xico y el Mundo de manera oportuna y busca que la libertad de expresi\u00f3n sea real. Visita nuestro medio informativo publicado desde Hermosillo, Sonora. %\" \/>\n<meta property=\"og:url\" content=\"https:\/\/www.sonoraenequipo.com.mx\/papa-francisco-pasa-segunda-noche-en-el-hospital-por-infeccion-respiratoria\/\" \/>\n<meta property=\"og:site_name\" content=\"Sonora en Equipo.\" \/>\n<meta property=\"article:publisher\" content=\"https:\/\/www.facebook.com\/SonoraEE\/\" \/>\n<meta property=\"article:author\" content=\"https:\/\/www.facebook.com\/SonoraEE\" \/>\n<meta property=\"article:published_time\" content=\"2025-02-16T17:08:30+00:00\" \/>\n<meta property=\"article:modified_time\" content=\"2025-02-17T00:56:50+00:00\" \/>\n<meta property=\"og:image\" content=\"https:\/\/www.sonoraenequipo.com.mx\/storage\/2025\/02\/Papa-Francisco.1-min.jpg\" \/>\n\t<meta property=\"og:image:width\" content=\"900\" \/>\n\t<meta property=\"og:image:height\" content=\"473\" \/>\n\t<meta property=\"og:image:type\" content=\"image\/jpeg\" \/>\n<meta name=\"author\" content=\"enequipo\" \/>\n<meta name=\"twitter:card\" content=\"summary_large_image\" \/>\n<meta name=\"twitter:creator\" content=\"@sonoraenequipo\" \/>\n<meta name=\"twitter:site\" content=\"@sonoraenequipo\" \/>\n<meta name=\"twitter:label1\" content=\"Escrito por\" \/>\n\t<meta name=\"twitter:data1\" content=\"enequipo\" \/>\n\t<meta name=\"twitter:label2\" content=\"Tiempo de lectura\" \/>\n\t<meta name=\"twitter:data2\" content=\"3 minutos\" \/>\n<script type=\"application\/ld+json\" class=\"yoast-schema-graph\">{\"@context\":\"https:\/\/schema.org\",\"@graph\":[{\"@type\":\"Article\",\"@id\":\"https:\/\/www.sonoraenequipo.com.mx\/papa-francisco-pasa-segunda-noche-en-el-hospital-por-infeccion-respiratoria\/#article\",\"isPartOf\":{\"@id\":\"https:\/\/www.sonoraenequipo.com.mx\/papa-francisco-pasa-segunda-noche-en-el-hospital-por-infeccion-respiratoria\/\"},\"author\":{\"name\":\"enequipo\",\"@id\":\"https:\/\/www.sonoraenequipo.com.mx\/#\/schema\/person\/50102df0fb23a8fa9e8effad8fa81386\"},\"headline\":\"Papa Francisco pasa segunda noche en el hospital por infecci\u00f3n respiratoria\",\"datePublished\":\"2025-02-16T17:08:30+00:00\",\"dateModified\":\"2025-02-17T00:56:50+00:00\",\"mainEntityOfPage\":{\"@id\":\"https:\/\/www.sonoraenequipo.com.mx\/papa-francisco-pasa-segunda-noche-en-el-hospital-por-infeccion-respiratoria\/\"},\"wordCount\":532,\"commentCount\":0,\"publisher\":{\"@id\":\"https:\/\/www.sonoraenequipo.com.mx\/#organization\"},\"image\":{\"@id\":\"https:\/\/www.sonoraenequipo.com.mx\/papa-francisco-pasa-segunda-noche-en-el-hospital-por-infeccion-respiratoria\/#primaryimage\"},\"thumbnailUrl\":\"https:\/\/www.sonoraenequipo.com.mx\/storage\/2025\/02\/Papa-Francisco.1-min.jpg\",\"articleSection\":[\"MUNDO\"],\"inLanguage\":\"es\",\"potentialAction\":[{\"@type\":\"CommentAction\",\"name\":\"Comment\",\"target\":[\"https:\/\/www.sonoraenequipo.com.mx\/papa-francisco-pasa-segunda-noche-en-el-hospital-por-infeccion-respiratoria\/#respond\"]}]},{\"@type\":\"WebPage\",\"@id\":\"https:\/\/www.sonoraenequipo.com.mx\/papa-francisco-pasa-segunda-noche-en-el-hospital-por-infeccion-respiratoria\/\",\"url\":\"https:\/\/www.sonoraenequipo.com.mx\/papa-francisco-pasa-segunda-noche-en-el-hospital-por-infeccion-respiratoria\/\",\"name\":\"Sonora en Equipo. Papa Francisco pasa segunda noche en el hospital por infecci\u00f3n respiratoria MUNDO\",\"isPartOf\":{\"@id\":\"https:\/\/www.sonoraenequipo.com.mx\/#website\"},\"primaryImageOfPage\":{\"@id\":\"https:\/\/www.sonoraenequipo.com.mx\/papa-francisco-pasa-segunda-noche-en-el-hospital-por-infeccion-respiratoria\/#primaryimage\"},\"image\":{\"@id\":\"https:\/\/www.sonoraenequipo.com.mx\/papa-francisco-pasa-segunda-noche-en-el-hospital-por-infeccion-respiratoria\/#primaryimage\"},\"thumbnailUrl\":\"https:\/\/www.sonoraenequipo.com.mx\/storage\/2025\/02\/Papa-Francisco.1-min.jpg\",\"datePublished\":\"2025-02-16T17:08:30+00:00\",\"dateModified\":\"2025-02-17T00:56:50+00:00\",\"description\":\"ROMA, ITALIA. \u2014 El papa Francisco ley\u00f3 los peri\u00f3dicos y desayun\u00f3 este domingo despu\u00e9s de una segunda noche durmiendo bien en el hospital donde el En Sonora en Equipo publicamos toda la informaci\u00f3n de Sonora, M\u00e9xico y el Mundo de manera oportuna y busca que la libertad de expresi\u00f3n sea real. Visita nuestro medio informativo publicado desde Hermosillo, Sonora. %\",\"breadcrumb\":{\"@id\":\"https:\/\/www.sonoraenequipo.com.mx\/papa-francisco-pasa-segunda-noche-en-el-hospital-por-infeccion-respiratoria\/#breadcrumb\"},\"inLanguage\":\"es\",\"potentialAction\":[{\"@type\":\"ReadAction\",\"target\":[\"https:\/\/www.sonoraenequipo.com.mx\/papa-francisco-pasa-segunda-noche-en-el-hospital-por-infeccion-respiratoria\/\"]}]},{\"@type\":\"ImageObject\",\"inLanguage\":\"es\",\"@id\":\"https:\/\/www.sonoraenequipo.com.mx\/papa-francisco-pasa-segunda-noche-en-el-hospital-por-infeccion-respiratoria\/#primaryimage\",\"url\":\"https:\/\/www.sonoraenequipo.com.mx\/storage\/2025\/02\/Papa-Francisco.1-min.jpg\",\"contentUrl\":\"https:\/\/www.sonoraenequipo.com.mx\/storage\/2025\/02\/Papa-Francisco.1-min.jpg\",\"width\":900,\"height\":473,\"caption\":\"Imagen de archivo\"},{\"@type\":\"BreadcrumbList\",\"@id\":\"https:\/\/www.sonoraenequipo.com.mx\/papa-francisco-pasa-segunda-noche-en-el-hospital-por-infeccion-respiratoria\/#breadcrumb\",\"itemListElement\":[{\"@type\":\"ListItem\",\"position\":1,\"name\":\"Portada\",\"item\":\"https:\/\/www.sonoraenequipo.com.mx\/\"},{\"@type\":\"ListItem\",\"position\":2,\"name\":\"Papa Francisco pasa segunda noche en el hospital por infecci\u00f3n respiratoria\"}]},{\"@type\":\"WebSite\",\"@id\":\"https:\/\/www.sonoraenequipo.com.mx\/#website\",\"url\":\"https:\/\/www.sonoraenequipo.com.mx\/\",\"name\":\"Sonora en Equipo.\",\"description\":\"Diario en l\u00ednea con Noticias desde Hermosillo, Sonora\",\"publisher\":{\"@id\":\"https:\/\/www.sonoraenequipo.com.mx\/#organization\"},\"potentialAction\":[{\"@type\":\"SearchAction\",\"target\":{\"@type\":\"EntryPoint\",\"urlTemplate\":\"https:\/\/www.sonoraenequipo.com.mx\/?s={search_term_string}\"},\"query-input\":{\"@type\":\"PropertyValueSpecification\",\"valueRequired\":true,\"valueName\":\"search_term_string\"}}],\"inLanguage\":\"es\"},{\"@type\":\"Organization\",\"@id\":\"https:\/\/www.sonoraenequipo.com.mx\/#organization\",\"name\":\"Sonoraenequipo.com.mx\",\"url\":\"https:\/\/www.sonoraenequipo.com.mx\/\",\"logo\":{\"@type\":\"ImageObject\",\"inLanguage\":\"es\",\"@id\":\"https:\/\/www.sonoraenequipo.com.mx\/#\/schema\/logo\/image\/\",\"url\":\"https:\/\/www.sonoraenequipo.com.mx\/storage\/2019\/01\/sonoraenequipo_opt.png\",\"contentUrl\":\"https:\/\/www.sonoraenequipo.com.mx\/storage\/2019\/01\/sonoraenequipo_opt.png\",\"width\":375,\"height\":125,\"caption\":\"Sonoraenequipo.com.mx\"},\"image\":{\"@id\":\"https:\/\/www.sonoraenequipo.com.mx\/#\/schema\/logo\/image\/\"},\"sameAs\":[\"https:\/\/www.facebook.com\/SonoraEE\/\",\"https:\/\/x.com\/sonoraenequipo\",\"https:\/\/www.youtube.com\/channel\/UC338nW-lPEYmJQs4ZABQ1SQ\"]},{\"@type\":\"Person\",\"@id\":\"https:\/\/www.sonoraenequipo.com.mx\/#\/schema\/person\/50102df0fb23a8fa9e8effad8fa81386\",\"name\":\"enequipo\",\"image\":{\"@type\":\"ImageObject\",\"inLanguage\":\"es\",\"@id\":\"https:\/\/www.sonoraenequipo.com.mx\/#\/schema\/person\/image\/\",\"url\":\"https:\/\/secure.gravatar.com\/avatar\/049821681b589dabc0bc20695993ccebb09f5b5d4d790cd9251b97faac7c652b?s=96&d=blank&r=g\",\"contentUrl\":\"https:\/\/secure.gravatar.com\/avatar\/049821681b589dabc0bc20695993ccebb09f5b5d4d790cd9251b97faac7c652b?s=96&d=blank&r=g\",\"caption\":\"enequipo\"},\"sameAs\":[\"https:\/\/www.facebook.com\/SonoraEE\"]}]}<\/script>\n ","yoast_head_json":{"title":"Sonora en Equipo. Papa Francisco pasa segunda noche en el hospital por infecci\u00f3n respiratoria MUNDO","description":"ROMA, ITALIA. \u2014 El papa Francisco ley\u00f3 los peri\u00f3dicos y desayun\u00f3 este domingo despu\u00e9s de una segunda noche durmiendo bien en el hospital donde el En Sonora en Equipo publicamos toda la informaci\u00f3n de Sonora, M\u00e9xico y el Mundo de manera oportuna y busca que la libertad de expresi\u00f3n sea real. Visita nuestro medio informativo publicado desde Hermosillo, Sonora. %","robots":{"index":"index","follow":"follow","max-snippet":"max-snippet:-1","max-image-preview":"max-image-preview:large","max-video-preview":"max-video-preview:-1"},"canonical":"https:\/\/www.sonoraenequipo.com.mx\/papa-francisco-pasa-segunda-noche-en-el-hospital-por-infeccion-respiratoria\/","og_locale":"es_ES","og_type":"article","og_title":"Sonora en Equipo. Papa Francisco pasa segunda noche en el hospital por infecci\u00f3n respiratoria MUNDO","og_description":"ROMA, ITALIA. \u2014 El papa Francisco ley\u00f3 los peri\u00f3dicos y desayun\u00f3 este domingo despu\u00e9s de una segunda noche durmiendo bien en el hospital donde el En Sonora en Equipo publicamos toda la informaci\u00f3n de Sonora, M\u00e9xico y el Mundo de manera oportuna y busca que la libertad de expresi\u00f3n sea real. Visita nuestro medio informativo publicado desde Hermosillo, Sonora. %","og_url":"https:\/\/www.sonoraenequipo.com.mx\/papa-francisco-pasa-segunda-noche-en-el-hospital-por-infeccion-respiratoria\/","og_site_name":"Sonora en Equipo.","article_publisher":"https:\/\/www.facebook.com\/SonoraEE\/","article_author":"https:\/\/www.facebook.com\/SonoraEE","article_published_time":"2025-02-16T17:08:30+00:00","article_modified_time":"2025-02-17T00:56:50+00:00","og_image":[{"width":900,"height":473,"url":"https:\/\/www.sonoraenequipo.com.mx\/storage\/2025\/02\/Papa-Francisco.1-min.jpg","type":"image\/jpeg"}],"author":"enequipo","twitter_card":"summary_large_image","twitter_creator":"@sonoraenequipo","twitter_site":"@sonoraenequipo","twitter_misc":{"Escrito por":"enequipo","Tiempo de lectura":"3 minutos"},"schema":{"@context":"https:\/\/schema.org","@graph":[{"@type":"Article","@id":"https:\/\/www.sonoraenequipo.com.mx\/papa-francisco-pasa-segunda-noche-en-el-hospital-por-infeccion-respiratoria\/#article","isPartOf":{"@id":"https:\/\/www.sonoraenequipo.com.mx\/papa-francisco-pasa-segunda-noche-en-el-hospital-por-infeccion-respiratoria\/"},"author":{"name":"enequipo","@id":"https:\/\/www.sonoraenequipo.com.mx\/#\/schema\/person\/50102df0fb23a8fa9e8effad8fa81386"},"headline":"Papa Francisco pasa segunda noche en el hospital por infecci\u00f3n respiratoria","datePublished":"2025-02-16T17:08:30+00:00","dateModified":"2025-02-17T00:56:50+00:00","mainEntityOfPage":{"@id":"https:\/\/www.sonoraenequipo.com.mx\/papa-francisco-pasa-segunda-noche-en-el-hospital-por-infeccion-respiratoria\/"},"wordCount":532,"commentCount":0,"publisher":{"@id":"https:\/\/www.sonoraenequipo.com.mx\/#organization"},"image":{"@id":"https:\/\/www.sonoraenequipo.com.mx\/papa-francisco-pasa-segunda-noche-en-el-hospital-por-infeccion-respiratoria\/#primaryimage"},"thumbnailUrl":"https:\/\/www.sonoraenequipo.com.mx\/storage\/2025\/02\/Papa-Francisco.1-min.jpg","articleSection":["MUNDO"],"inLanguage":"es","potentialAction":[{"@type":"CommentAction","name":"Comment","target":["https:\/\/www.sonoraenequipo.com.mx\/papa-francisco-pasa-segunda-noche-en-el-hospital-por-infeccion-respiratoria\/#respond"]}]},{"@type":"WebPage","@id":"https:\/\/www.sonoraenequipo.com.mx\/papa-francisco-pasa-segunda-noche-en-el-hospital-por-infeccion-respiratoria\/","url":"https:\/\/www.sonoraenequipo.com.mx\/papa-francisco-pasa-segunda-noche-en-el-hospital-por-infeccion-respiratoria\/","name":"Sonora en Equipo. Papa Francisco pasa segunda noche en el hospital por infecci\u00f3n respiratoria MUNDO","isPartOf":{"@id":"https:\/\/www.sonoraenequipo.com.mx\/#website"},"primaryImageOfPage":{"@id":"https:\/\/www.sonoraenequipo.com.mx\/papa-francisco-pasa-segunda-noche-en-el-hospital-por-infeccion-respiratoria\/#primaryimage"},"image":{"@id":"https:\/\/www.sonoraenequipo.com.mx\/papa-francisco-pasa-segunda-noche-en-el-hospital-por-infeccion-respiratoria\/#primaryimage"},"thumbnailUrl":"https:\/\/www.sonoraenequipo.com.mx\/storage\/2025\/02\/Papa-Francisco.1-min.jpg","datePublished":"2025-02-16T17:08:30+00:00","dateModified":"2025-02-17T00:56:50+00:00","description":"ROMA, ITALIA. \u2014 El papa Francisco ley\u00f3 los peri\u00f3dicos y desayun\u00f3 este domingo despu\u00e9s de una segunda noche durmiendo bien en el hospital donde el En Sonora en Equipo publicamos toda la informaci\u00f3n de Sonora, M\u00e9xico y el Mundo de manera oportuna y busca que la libertad de expresi\u00f3n sea real. Visita nuestro medio informativo publicado desde Hermosillo, Sonora. %","breadcrumb":{"@id":"https:\/\/www.sonoraenequipo.com.mx\/papa-francisco-pasa-segunda-noche-en-el-hospital-por-infeccion-respiratoria\/#breadcrumb"},"inLanguage":"es","potentialAction":[{"@type":"ReadAction","target":["https:\/\/www.sonoraenequipo.com.mx\/papa-francisco-pasa-segunda-noche-en-el-hospital-por-infeccion-respiratoria\/"]}]},{"@type":"ImageObject","inLanguage":"es","@id":"https:\/\/www.sonoraenequipo.com.mx\/papa-francisco-pasa-segunda-noche-en-el-hospital-por-infeccion-respiratoria\/#primaryimage","url":"https:\/\/www.sonoraenequipo.com.mx\/storage\/2025\/02\/Papa-Francisco.1-min.jpg","contentUrl":"https:\/\/www.sonoraenequipo.com.mx\/storage\/2025\/02\/Papa-Francisco.1-min.jpg","width":900,"height":473,"caption":"Imagen de archivo"},{"@type":"BreadcrumbList","@id":"https:\/\/www.sonoraenequipo.com.mx\/papa-francisco-pasa-segunda-noche-en-el-hospital-por-infeccion-respiratoria\/#breadcrumb","itemListElement":[{"@type":"ListItem","position":1,"name":"Portada","item":"https:\/\/www.sonoraenequipo.com.mx\/"},{"@type":"ListItem","position":2,"name":"Papa Francisco pasa segunda noche en el hospital por infecci\u00f3n respiratoria"}]},{"@type":"WebSite","@id":"https:\/\/www.sonoraenequipo.com.mx\/#website","url":"https:\/\/www.sonoraenequipo.com.mx\/","name":"Sonora en Equipo.","description":"Diario en l\u00ednea con Noticias desde Hermosillo, Sonora","publisher":{"@id":"https:\/\/www.sonoraenequipo.com.mx\/#organization"},"potentialAction":[{"@type":"SearchAction","target":{"@type":"EntryPoint","urlTemplate":"https:\/\/www.sonoraenequipo.com.mx\/?s={search_term_string}"},"query-input":{"@type":"PropertyValueSpecification","valueRequired":true,"valueName":"search_term_string"}}],"inLanguage":"es"},{"@type":"Organization","@id":"https:\/\/www.sonoraenequipo.com.mx\/#organization","name":"Sonoraenequipo.com.mx","url":"https:\/\/www.sonoraenequipo.com.mx\/","logo":{"@type":"ImageObject","inLanguage":"es","@id":"https:\/\/www.sonoraenequipo.com.mx\/#\/schema\/logo\/image\/","url":"https:\/\/www.sonoraenequipo.com.mx\/storage\/2019\/01\/sonoraenequipo_opt.png","contentUrl":"https:\/\/www.sonoraenequipo.com.mx\/storage\/2019\/01\/sonoraenequipo_opt.png","width":375,"height":125,"caption":"Sonoraenequipo.com.mx"},"image":{"@id":"https:\/\/www.sonoraenequipo.com.mx\/#\/schema\/logo\/image\/"},"sameAs":["https:\/\/www.facebook.com\/SonoraEE\/","https:\/\/x.com\/sonoraenequipo","https:\/\/www.youtube.com\/channel\/UC338nW-lPEYmJQs4ZABQ1SQ"]},{"@type":"Person","@id":"https:\/\/www.sonoraenequipo.com.mx\/#\/schema\/person\/50102df0fb23a8fa9e8effad8fa81386","name":"enequipo","image":{"@type":"ImageObject","inLanguage":"es","@id":"https:\/\/www.sonoraenequipo.com.mx\/#\/schema\/person\/image\/","url":"https:\/\/secure.gravatar.com\/avatar\/049821681b589dabc0bc20695993ccebb09f5b5d4d790cd9251b97faac7c652b?s=96&d=blank&r=g","contentUrl":"https:\/\/secure.gravatar.com\/avatar\/049821681b589dabc0bc20695993ccebb09f5b5d4d790cd9251b97faac7c652b?s=96&d=blank&r=g","caption":"enequipo"},"sameAs":["https:\/\/www.facebook.com\/SonoraEE"]}]}},"jetpack_featured_media_url":"https:\/\/www.sonoraenequipo.com.mx\/storage\/2025\/02\/Papa-Francisco.1-min.jpg","_links":{"self":[{"href":"https:\/\/www.sonoraenequipo.com.mx\/api\/wp\/v2\/posts\/209711","targetHints":{"allow":["GET"]}}],"collection":[{"href":"https:\/\/www.sonoraenequipo.com.mx\/api\/wp\/v2\/posts"}],"about":[{"href":"https:\/\/www.sonoraenequipo.com.mx\/api\/wp\/v2\/types\/post"}],"author":[{"embeddable":true,"href":"https:\/\/www.sonoraenequipo.com.mx\/api\/wp\/v2\/users\/1"}],"replies":[{"embeddable":true,"href":"https:\/\/www.sonoraenequipo.com.mx\/api\/wp\/v2\/comments?post=209711"}],"version-history":[{"count":1,"href":"https:\/\/www.sonoraenequipo.com.mx\/api\/wp\/v2\/posts\/209711\/revisions"}],"predecessor-version":[{"id":209713,"href":"https:\/\/www.sonoraenequipo.com.mx\/api\/wp\/v2\/posts\/209711\/revisions\/209713"}],"wp:featuredmedia":[{"embeddable":true,"href":"https:\/\/www.sonoraenequipo.com.mx\/api\/wp\/v2\/media\/209712"}],"wp:attachment":[{"href":"https:\/\/www.sonoraenequipo.com.mx\/api\/wp\/v2\/media?parent=209711"}],"wp:term":[{"taxonomy":"category","embeddable":true,"href":"https:\/\/www.sonoraenequipo.com.mx\/api\/wp\/v2\/categories?post=209711"},{"taxonomy":"post_tag","embeddable":true,"href":"https:\/\/www.sonoraenequipo.com.mx\/api\/wp\/v2\/tags?post=209711"}],"curies":[{"name":"wp","href":"https:\/\/api.w.org\/{rel}","templated":true}]}}