{"id":209715,"date":"2025-02-16T16:28:08","date_gmt":"2025-02-16T23:28:08","guid":{"rendered":"https:\/\/www.sonoraenequipo.com.mx\/?p=209715"},"modified":"2025-02-16T22:28:53","modified_gmt":"2025-02-17T05:28:53","slug":"tambien-cancelara-conciertos-en-mexico-hospitalizan-de-emergencia-a-shakira","status":"publish","type":"post","link":"https:\/\/www.sonoraenequipo.com.mx\/tambien-cancelara-conciertos-en-mexico-hospitalizan-de-emergencia-a-shakira\/","title":{"rendered":"Hospitalizan de emergencia a Shakira"},"content":{"rendered":"<p><strong>LIMA, PER\u00da. \u2014<\/strong> Shakira anunci\u00f3 este domingo que cancel\u00f3 un concierto en Lima tras ser hospitalizada de emergencia con un cuadro de afecci\u00f3n abdominal.<\/p>\n<p>&nbsp;<\/p>\n<p>&nbsp;<\/p>\n<p> <br \/>\n<em><strong>\u201cLamento informarles que anoche (s\u00e1bado) tuve que acudir a urgencias por un cuadro abdominal y me encuentro hospitalizada en este momento\u201d<\/strong><\/em>, se\u00f1al\u00f3 la popular cantante colombiana en un comunicado publicado en su cuenta oficial de X, antes Twitter.<\/p>\n<p>&nbsp;<\/p>\n<p>&nbsp;<\/p>\n<p>&nbsp;<\/p>\n<p>&nbsp;<\/p>\n<p>Agreg\u00f3 que los m\u00e9dicos le han comunicado que \u201cno me encuentro en condiciones de presentar un concierto esta noche\u201d, por lo que dijo estar triste de no poder subir al escenario.<\/p>\n<p>&nbsp;<\/p>\n<p>&nbsp;<\/p>\n<p>Estaba previsto que la estrella y reciente ganadora del Grammy al mejor \u00e1lbum pop latino por \u201cLas mujeres no lloran\u201d brindara un concierto el domingo 16 y lunes 17 en el Estadio Nacional en la capital peruana, luego de una ausencia de 14 a\u00f1os en la naci\u00f3n andina.<\/p>\n<p>&nbsp;<\/p>\n<p>&nbsp;<\/p>\n<p>&nbsp;<\/p>\n<p>Shakira agreg\u00f3 que espera mejorar y ser dada de alta el lunes, <strong><em>\u201cpara poder presentarles el espect\u00e1culo que he preparado para ustedes\u201d.<\/em><\/strong><\/p>\n<p>&nbsp;<\/p>\n<p>&nbsp;<\/p>\n<p>&nbsp;<\/p>\n<p>&nbsp;<\/p>\n<p>PUBLICADO EL 16 DE FEBRERO DE 2025 Con informaci\u00f3n de EE\/Medios impresos)<\/p>\n","protected":false},"excerpt":{"rendered":"<p>LIMA, PER\u00da. \u2014 Shakira anunci\u00f3 este domingo que cancel\u00f3 un concierto en Lima tras ser&#8230;<\/p>\n","protected":false},"author":1,"featured_media":209698,"comment_status":"open","ping_status":"open","sticky":false,"template":"","format":"standard","meta":{"_monsterinsights_skip_tracking":false,"_monsterinsights_sitenote_active":false,"_monsterinsights_sitenote_note":"","_monsterinsights_sitenote_category":0,"footnotes":""},"categories":[2987],"tags":[],"class_list":["post"],"yoast_head":" \n<title>Sonora en Equipo. Hospitalizan de emergencia a Shakira Showbiz<\/title>\n<meta name=\"description\" content=\"LIMA, PER\u00da. \u2014 Shakira anunci\u00f3 este domingo que cancel\u00f3 un concierto en Lima tras ser hospitalizada de emergencia con un cuadro de afecci\u00f3n abdominal. En Sonora en Equipo publicamos toda la informaci\u00f3n de Sonora, M\u00e9xico y el Mundo de manera oportuna y busca que la libertad de expresi\u00f3n sea real. Visita nuestro medio informativo publicado desde Hermosillo, Sonora. %\" \/>\n<meta name=\"robots\" content=\"index, follow, max-snippet:-1, max-image-preview:large, max-video-preview:-1\" \/>\n<link rel=\"canonical\" href=\"https:\/\/www.sonoraenequipo.com.mx\/tambien-cancelara-conciertos-en-mexico-hospitalizan-de-emergencia-a-shakira\/\" \/>\n<meta property=\"og:locale\" content=\"es_ES\" \/>\n<meta property=\"og:type\" content=\"article\" \/>\n<meta property=\"og:title\" content=\"Sonora en Equipo. Hospitalizan de emergencia a Shakira Showbiz\" \/>\n<meta property=\"og:description\" content=\"LIMA, PER\u00da. \u2014 Shakira anunci\u00f3 este domingo que cancel\u00f3 un concierto en Lima tras ser hospitalizada de emergencia con un cuadro de afecci\u00f3n abdominal. En Sonora en Equipo publicamos toda la informaci\u00f3n de Sonora, M\u00e9xico y el Mundo de manera oportuna y busca que la libertad de expresi\u00f3n sea real. Visita nuestro medio informativo publicado desde Hermosillo, Sonora. %\" \/>\n<meta property=\"og:url\" content=\"https:\/\/www.sonoraenequipo.com.mx\/tambien-cancelara-conciertos-en-mexico-hospitalizan-de-emergencia-a-shakira\/\" \/>\n<meta property=\"og:site_name\" content=\"Sonora en Equipo.\" \/>\n<meta property=\"article:publisher\" content=\"https:\/\/www.facebook.com\/SonoraEE\/\" \/>\n<meta property=\"article:author\" content=\"https:\/\/www.facebook.com\/SonoraEE\" \/>\n<meta property=\"article:published_time\" content=\"2025-02-16T23:28:08+00:00\" \/>\n<meta property=\"article:modified_time\" content=\"2025-02-17T05:28:53+00:00\" \/>\n<meta property=\"og:image\" content=\"https:\/\/www.sonoraenequipo.com.mx\/storage\/2025\/02\/shakira.-internada-min.jpg\" \/>\n\t<meta property=\"og:image:width\" content=\"900\" \/>\n\t<meta property=\"og:image:height\" content=\"599\" \/>\n\t<meta property=\"og:image:type\" content=\"image\/jpeg\" \/>\n<meta name=\"author\" content=\"enequipo\" \/>\n<meta name=\"twitter:card\" content=\"summary_large_image\" \/>\n<meta name=\"twitter:creator\" content=\"@sonoraenequipo\" \/>\n<meta name=\"twitter:site\" content=\"@sonoraenequipo\" \/>\n<meta name=\"twitter:label1\" content=\"Escrito por\" \/>\n\t<meta name=\"twitter:data1\" content=\"enequipo\" \/>\n\t<meta name=\"twitter:label2\" content=\"Tiempo de lectura\" \/>\n\t<meta name=\"twitter:data2\" content=\"1 minuto\" \/>\n<script type=\"application\/ld+json\" class=\"yoast-schema-graph\">{\"@context\":\"https:\/\/schema.org\",\"@graph\":[{\"@type\":\"Article\",\"@id\":\"https:\/\/www.sonoraenequipo.com.mx\/tambien-cancelara-conciertos-en-mexico-hospitalizan-de-emergencia-a-shakira\/#article\",\"isPartOf\":{\"@id\":\"https:\/\/www.sonoraenequipo.com.mx\/tambien-cancelara-conciertos-en-mexico-hospitalizan-de-emergencia-a-shakira\/\"},\"author\":{\"name\":\"enequipo\",\"@id\":\"https:\/\/www.sonoraenequipo.com.mx\/#\/schema\/person\/50102df0fb23a8fa9e8effad8fa81386\"},\"headline\":\"Hospitalizan de emergencia a Shakira\",\"datePublished\":\"2025-02-16T23:28:08+00:00\",\"dateModified\":\"2025-02-17T05:28:53+00:00\",\"mainEntityOfPage\":{\"@id\":\"https:\/\/www.sonoraenequipo.com.mx\/tambien-cancelara-conciertos-en-mexico-hospitalizan-de-emergencia-a-shakira\/\"},\"wordCount\":198,\"commentCount\":0,\"publisher\":{\"@id\":\"https:\/\/www.sonoraenequipo.com.mx\/#organization\"},\"image\":{\"@id\":\"https:\/\/www.sonoraenequipo.com.mx\/tambien-cancelara-conciertos-en-mexico-hospitalizan-de-emergencia-a-shakira\/#primaryimage\"},\"thumbnailUrl\":\"https:\/\/www.sonoraenequipo.com.mx\/storage\/2025\/02\/shakira.-internada-min.jpg\",\"articleSection\":[\"Showbiz\"],\"inLanguage\":\"es\",\"potentialAction\":[{\"@type\":\"CommentAction\",\"name\":\"Comment\",\"target\":[\"https:\/\/www.sonoraenequipo.com.mx\/tambien-cancelara-conciertos-en-mexico-hospitalizan-de-emergencia-a-shakira\/#respond\"]}]},{\"@type\":\"WebPage\",\"@id\":\"https:\/\/www.sonoraenequipo.com.mx\/tambien-cancelara-conciertos-en-mexico-hospitalizan-de-emergencia-a-shakira\/\",\"url\":\"https:\/\/www.sonoraenequipo.com.mx\/tambien-cancelara-conciertos-en-mexico-hospitalizan-de-emergencia-a-shakira\/\",\"name\":\"Sonora en Equipo. Hospitalizan de emergencia a Shakira Showbiz\",\"isPartOf\":{\"@id\":\"https:\/\/www.sonoraenequipo.com.mx\/#website\"},\"primaryImageOfPage\":{\"@id\":\"https:\/\/www.sonoraenequipo.com.mx\/tambien-cancelara-conciertos-en-mexico-hospitalizan-de-emergencia-a-shakira\/#primaryimage\"},\"image\":{\"@id\":\"https:\/\/www.sonoraenequipo.com.mx\/tambien-cancelara-conciertos-en-mexico-hospitalizan-de-emergencia-a-shakira\/#primaryimage\"},\"thumbnailUrl\":\"https:\/\/www.sonoraenequipo.com.mx\/storage\/2025\/02\/shakira.-internada-min.jpg\",\"datePublished\":\"2025-02-16T23:28:08+00:00\",\"dateModified\":\"2025-02-17T05:28:53+00:00\",\"description\":\"LIMA, PER\u00da. \u2014 Shakira anunci\u00f3 este domingo que cancel\u00f3 un concierto en Lima tras ser hospitalizada de emergencia con un cuadro de afecci\u00f3n abdominal. En Sonora en Equipo publicamos toda la informaci\u00f3n de Sonora, M\u00e9xico y el Mundo de manera oportuna y busca que la libertad de expresi\u00f3n sea real. Visita nuestro medio informativo publicado desde Hermosillo, Sonora. %\",\"breadcrumb\":{\"@id\":\"https:\/\/www.sonoraenequipo.com.mx\/tambien-cancelara-conciertos-en-mexico-hospitalizan-de-emergencia-a-shakira\/#breadcrumb\"},\"inLanguage\":\"es\",\"potentialAction\":[{\"@type\":\"ReadAction\",\"target\":[\"https:\/\/www.sonoraenequipo.com.mx\/tambien-cancelara-conciertos-en-mexico-hospitalizan-de-emergencia-a-shakira\/\"]}]},{\"@type\":\"ImageObject\",\"inLanguage\":\"es\",\"@id\":\"https:\/\/www.sonoraenequipo.com.mx\/tambien-cancelara-conciertos-en-mexico-hospitalizan-de-emergencia-a-shakira\/#primaryimage\",\"url\":\"https:\/\/www.sonoraenequipo.com.mx\/storage\/2025\/02\/shakira.-internada-min.jpg\",\"contentUrl\":\"https:\/\/www.sonoraenequipo.com.mx\/storage\/2025\/02\/shakira.-internada-min.jpg\",\"width\":900,\"height\":599,\"caption\":\"Imagen de archivo\"},{\"@type\":\"BreadcrumbList\",\"@id\":\"https:\/\/www.sonoraenequipo.com.mx\/tambien-cancelara-conciertos-en-mexico-hospitalizan-de-emergencia-a-shakira\/#breadcrumb\",\"itemListElement\":[{\"@type\":\"ListItem\",\"position\":1,\"name\":\"Portada\",\"item\":\"https:\/\/www.sonoraenequipo.com.mx\/\"},{\"@type\":\"ListItem\",\"position\":2,\"name\":\"Hospitalizan de emergencia a Shakira\"}]},{\"@type\":\"WebSite\",\"@id\":\"https:\/\/www.sonoraenequipo.com.mx\/#website\",\"url\":\"https:\/\/www.sonoraenequipo.com.mx\/\",\"name\":\"Sonora en Equipo.\",\"description\":\"Diario en l\u00ednea con Noticias desde Hermosillo, Sonora\",\"publisher\":{\"@id\":\"https:\/\/www.sonoraenequipo.com.mx\/#organization\"},\"potentialAction\":[{\"@type\":\"SearchAction\",\"target\":{\"@type\":\"EntryPoint\",\"urlTemplate\":\"https:\/\/www.sonoraenequipo.com.mx\/?s={search_term_string}\"},\"query-input\":{\"@type\":\"PropertyValueSpecification\",\"valueRequired\":true,\"valueName\":\"search_term_string\"}}],\"inLanguage\":\"es\"},{\"@type\":\"Organization\",\"@id\":\"https:\/\/www.sonoraenequipo.com.mx\/#organization\",\"name\":\"Sonoraenequipo.com.mx\",\"url\":\"https:\/\/www.sonoraenequipo.com.mx\/\",\"logo\":{\"@type\":\"ImageObject\",\"inLanguage\":\"es\",\"@id\":\"https:\/\/www.sonoraenequipo.com.mx\/#\/schema\/logo\/image\/\",\"url\":\"https:\/\/www.sonoraenequipo.com.mx\/storage\/2019\/01\/sonoraenequipo_opt.png\",\"contentUrl\":\"https:\/\/www.sonoraenequipo.com.mx\/storage\/2019\/01\/sonoraenequipo_opt.png\",\"width\":375,\"height\":125,\"caption\":\"Sonoraenequipo.com.mx\"},\"image\":{\"@id\":\"https:\/\/www.sonoraenequipo.com.mx\/#\/schema\/logo\/image\/\"},\"sameAs\":[\"https:\/\/www.facebook.com\/SonoraEE\/\",\"https:\/\/x.com\/sonoraenequipo\",\"https:\/\/www.youtube.com\/channel\/UC338nW-lPEYmJQs4ZABQ1SQ\"]},{\"@type\":\"Person\",\"@id\":\"https:\/\/www.sonoraenequipo.com.mx\/#\/schema\/person\/50102df0fb23a8fa9e8effad8fa81386\",\"name\":\"enequipo\",\"image\":{\"@type\":\"ImageObject\",\"inLanguage\":\"es\",\"@id\":\"https:\/\/www.sonoraenequipo.com.mx\/#\/schema\/person\/image\/\",\"url\":\"https:\/\/secure.gravatar.com\/avatar\/049821681b589dabc0bc20695993ccebb09f5b5d4d790cd9251b97faac7c652b?s=96&d=blank&r=g\",\"contentUrl\":\"https:\/\/secure.gravatar.com\/avatar\/049821681b589dabc0bc20695993ccebb09f5b5d4d790cd9251b97faac7c652b?s=96&d=blank&r=g\",\"caption\":\"enequipo\"},\"sameAs\":[\"https:\/\/www.facebook.com\/SonoraEE\"]}]}<\/script>\n ","yoast_head_json":{"title":"Sonora en Equipo. Hospitalizan de emergencia a Shakira Showbiz","description":"LIMA, PER\u00da. \u2014 Shakira anunci\u00f3 este domingo que cancel\u00f3 un concierto en Lima tras ser hospitalizada de emergencia con un cuadro de afecci\u00f3n abdominal. En Sonora en Equipo publicamos toda la informaci\u00f3n de Sonora, M\u00e9xico y el Mundo de manera oportuna y busca que la libertad de expresi\u00f3n sea real. Visita nuestro medio informativo publicado desde Hermosillo, Sonora. %","robots":{"index":"index","follow":"follow","max-snippet":"max-snippet:-1","max-image-preview":"max-image-preview:large","max-video-preview":"max-video-preview:-1"},"canonical":"https:\/\/www.sonoraenequipo.com.mx\/tambien-cancelara-conciertos-en-mexico-hospitalizan-de-emergencia-a-shakira\/","og_locale":"es_ES","og_type":"article","og_title":"Sonora en Equipo. Hospitalizan de emergencia a Shakira Showbiz","og_description":"LIMA, PER\u00da. \u2014 Shakira anunci\u00f3 este domingo que cancel\u00f3 un concierto en Lima tras ser hospitalizada de emergencia con un cuadro de afecci\u00f3n abdominal. En Sonora en Equipo publicamos toda la informaci\u00f3n de Sonora, M\u00e9xico y el Mundo de manera oportuna y busca que la libertad de expresi\u00f3n sea real. Visita nuestro medio informativo publicado desde Hermosillo, Sonora. %","og_url":"https:\/\/www.sonoraenequipo.com.mx\/tambien-cancelara-conciertos-en-mexico-hospitalizan-de-emergencia-a-shakira\/","og_site_name":"Sonora en Equipo.","article_publisher":"https:\/\/www.facebook.com\/SonoraEE\/","article_author":"https:\/\/www.facebook.com\/SonoraEE","article_published_time":"2025-02-16T23:28:08+00:00","article_modified_time":"2025-02-17T05:28:53+00:00","og_image":[{"width":900,"height":599,"url":"https:\/\/www.sonoraenequipo.com.mx\/storage\/2025\/02\/shakira.-internada-min.jpg","type":"image\/jpeg"}],"author":"enequipo","twitter_card":"summary_large_image","twitter_creator":"@sonoraenequipo","twitter_site":"@sonoraenequipo","twitter_misc":{"Escrito por":"enequipo","Tiempo de lectura":"1 minuto"},"schema":{"@context":"https:\/\/schema.org","@graph":[{"@type":"Article","@id":"https:\/\/www.sonoraenequipo.com.mx\/tambien-cancelara-conciertos-en-mexico-hospitalizan-de-emergencia-a-shakira\/#article","isPartOf":{"@id":"https:\/\/www.sonoraenequipo.com.mx\/tambien-cancelara-conciertos-en-mexico-hospitalizan-de-emergencia-a-shakira\/"},"author":{"name":"enequipo","@id":"https:\/\/www.sonoraenequipo.com.mx\/#\/schema\/person\/50102df0fb23a8fa9e8effad8fa81386"},"headline":"Hospitalizan de emergencia a Shakira","datePublished":"2025-02-16T23:28:08+00:00","dateModified":"2025-02-17T05:28:53+00:00","mainEntityOfPage":{"@id":"https:\/\/www.sonoraenequipo.com.mx\/tambien-cancelara-conciertos-en-mexico-hospitalizan-de-emergencia-a-shakira\/"},"wordCount":198,"commentCount":0,"publisher":{"@id":"https:\/\/www.sonoraenequipo.com.mx\/#organization"},"image":{"@id":"https:\/\/www.sonoraenequipo.com.mx\/tambien-cancelara-conciertos-en-mexico-hospitalizan-de-emergencia-a-shakira\/#primaryimage"},"thumbnailUrl":"https:\/\/www.sonoraenequipo.com.mx\/storage\/2025\/02\/shakira.-internada-min.jpg","articleSection":["Showbiz"],"inLanguage":"es","potentialAction":[{"@type":"CommentAction","name":"Comment","target":["https:\/\/www.sonoraenequipo.com.mx\/tambien-cancelara-conciertos-en-mexico-hospitalizan-de-emergencia-a-shakira\/#respond"]}]},{"@type":"WebPage","@id":"https:\/\/www.sonoraenequipo.com.mx\/tambien-cancelara-conciertos-en-mexico-hospitalizan-de-emergencia-a-shakira\/","url":"https:\/\/www.sonoraenequipo.com.mx\/tambien-cancelara-conciertos-en-mexico-hospitalizan-de-emergencia-a-shakira\/","name":"Sonora en Equipo. Hospitalizan de emergencia a Shakira Showbiz","isPartOf":{"@id":"https:\/\/www.sonoraenequipo.com.mx\/#website"},"primaryImageOfPage":{"@id":"https:\/\/www.sonoraenequipo.com.mx\/tambien-cancelara-conciertos-en-mexico-hospitalizan-de-emergencia-a-shakira\/#primaryimage"},"image":{"@id":"https:\/\/www.sonoraenequipo.com.mx\/tambien-cancelara-conciertos-en-mexico-hospitalizan-de-emergencia-a-shakira\/#primaryimage"},"thumbnailUrl":"https:\/\/www.sonoraenequipo.com.mx\/storage\/2025\/02\/shakira.-internada-min.jpg","datePublished":"2025-02-16T23:28:08+00:00","dateModified":"2025-02-17T05:28:53+00:00","description":"LIMA, PER\u00da. \u2014 Shakira anunci\u00f3 este domingo que cancel\u00f3 un concierto en Lima tras ser hospitalizada de emergencia con un cuadro de afecci\u00f3n abdominal. En Sonora en Equipo publicamos toda la informaci\u00f3n de Sonora, M\u00e9xico y el Mundo de manera oportuna y busca que la libertad de expresi\u00f3n sea real. Visita nuestro medio informativo publicado desde Hermosillo, Sonora. %","breadcrumb":{"@id":"https:\/\/www.sonoraenequipo.com.mx\/tambien-cancelara-conciertos-en-mexico-hospitalizan-de-emergencia-a-shakira\/#breadcrumb"},"inLanguage":"es","potentialAction":[{"@type":"ReadAction","target":["https:\/\/www.sonoraenequipo.com.mx\/tambien-cancelara-conciertos-en-mexico-hospitalizan-de-emergencia-a-shakira\/"]}]},{"@type":"ImageObject","inLanguage":"es","@id":"https:\/\/www.sonoraenequipo.com.mx\/tambien-cancelara-conciertos-en-mexico-hospitalizan-de-emergencia-a-shakira\/#primaryimage","url":"https:\/\/www.sonoraenequipo.com.mx\/storage\/2025\/02\/shakira.-internada-min.jpg","contentUrl":"https:\/\/www.sonoraenequipo.com.mx\/storage\/2025\/02\/shakira.-internada-min.jpg","width":900,"height":599,"caption":"Imagen de archivo"},{"@type":"BreadcrumbList","@id":"https:\/\/www.sonoraenequipo.com.mx\/tambien-cancelara-conciertos-en-mexico-hospitalizan-de-emergencia-a-shakira\/#breadcrumb","itemListElement":[{"@type":"ListItem","position":1,"name":"Portada","item":"https:\/\/www.sonoraenequipo.com.mx\/"},{"@type":"ListItem","position":2,"name":"Hospitalizan de emergencia a Shakira"}]},{"@type":"WebSite","@id":"https:\/\/www.sonoraenequipo.com.mx\/#website","url":"https:\/\/www.sonoraenequipo.com.mx\/","name":"Sonora en Equipo.","description":"Diario en l\u00ednea con Noticias desde Hermosillo, Sonora","publisher":{"@id":"https:\/\/www.sonoraenequipo.com.mx\/#organization"},"potentialAction":[{"@type":"SearchAction","target":{"@type":"EntryPoint","urlTemplate":"https:\/\/www.sonoraenequipo.com.mx\/?s={search_term_string}"},"query-input":{"@type":"PropertyValueSpecification","valueRequired":true,"valueName":"search_term_string"}}],"inLanguage":"es"},{"@type":"Organization","@id":"https:\/\/www.sonoraenequipo.com.mx\/#organization","name":"Sonoraenequipo.com.mx","url":"https:\/\/www.sonoraenequipo.com.mx\/","logo":{"@type":"ImageObject","inLanguage":"es","@id":"https:\/\/www.sonoraenequipo.com.mx\/#\/schema\/logo\/image\/","url":"https:\/\/www.sonoraenequipo.com.mx\/storage\/2019\/01\/sonoraenequipo_opt.png","contentUrl":"https:\/\/www.sonoraenequipo.com.mx\/storage\/2019\/01\/sonoraenequipo_opt.png","width":375,"height":125,"caption":"Sonoraenequipo.com.mx"},"image":{"@id":"https:\/\/www.sonoraenequipo.com.mx\/#\/schema\/logo\/image\/"},"sameAs":["https:\/\/www.facebook.com\/SonoraEE\/","https:\/\/x.com\/sonoraenequipo","https:\/\/www.youtube.com\/channel\/UC338nW-lPEYmJQs4ZABQ1SQ"]},{"@type":"Person","@id":"https:\/\/www.sonoraenequipo.com.mx\/#\/schema\/person\/50102df0fb23a8fa9e8effad8fa81386","name":"enequipo","image":{"@type":"ImageObject","inLanguage":"es","@id":"https:\/\/www.sonoraenequipo.com.mx\/#\/schema\/person\/image\/","url":"https:\/\/secure.gravatar.com\/avatar\/049821681b589dabc0bc20695993ccebb09f5b5d4d790cd9251b97faac7c652b?s=96&d=blank&r=g","contentUrl":"https:\/\/secure.gravatar.com\/avatar\/049821681b589dabc0bc20695993ccebb09f5b5d4d790cd9251b97faac7c652b?s=96&d=blank&r=g","caption":"enequipo"},"sameAs":["https:\/\/www.facebook.com\/SonoraEE"]}]}},"jetpack_featured_media_url":"https:\/\/www.sonoraenequipo.com.mx\/storage\/2025\/02\/shakira.-internada-min.jpg","_links":{"self":[{"href":"https:\/\/www.sonoraenequipo.com.mx\/api\/wp\/v2\/posts\/209715","targetHints":{"allow":["GET"]}}],"collection":[{"href":"https:\/\/www.sonoraenequipo.com.mx\/api\/wp\/v2\/posts"}],"about":[{"href":"https:\/\/www.sonoraenequipo.com.mx\/api\/wp\/v2\/types\/post"}],"author":[{"embeddable":true,"href":"https:\/\/www.sonoraenequipo.com.mx\/api\/wp\/v2\/users\/1"}],"replies":[{"embeddable":true,"href":"https:\/\/www.sonoraenequipo.com.mx\/api\/wp\/v2\/comments?post=209715"}],"version-history":[{"count":2,"href":"https:\/\/www.sonoraenequipo.com.mx\/api\/wp\/v2\/posts\/209715\/revisions"}],"predecessor-version":[{"id":209730,"href":"https:\/\/www.sonoraenequipo.com.mx\/api\/wp\/v2\/posts\/209715\/revisions\/209730"}],"wp:featuredmedia":[{"embeddable":true,"href":"https:\/\/www.sonoraenequipo.com.mx\/api\/wp\/v2\/media\/209698"}],"wp:attachment":[{"href":"https:\/\/www.sonoraenequipo.com.mx\/api\/wp\/v2\/media?parent=209715"}],"wp:term":[{"taxonomy":"category","embeddable":true,"href":"https:\/\/www.sonoraenequipo.com.mx\/api\/wp\/v2\/categories?post=209715"},{"taxonomy":"post_tag","embeddable":true,"href":"https:\/\/www.sonoraenequipo.com.mx\/api\/wp\/v2\/tags?post=209715"}],"curies":[{"name":"wp","href":"https:\/\/api.w.org\/{rel}","templated":true}]}}