{"id":210054,"date":"2025-02-20T18:37:38","date_gmt":"2025-02-21T01:37:38","guid":{"rendered":"https:\/\/www.sonoraenequipo.com.mx\/?p=210054"},"modified":"2025-02-20T18:37:38","modified_gmt":"2025-02-21T01:37:38","slug":"malcolm-el-de-en-medio-vuelve-con-un-reboot-en-disney","status":"publish","type":"post","link":"https:\/\/www.sonoraenequipo.com.mx\/malcolm-el-de-en-medio-vuelve-con-un-reboot-en-disney\/","title":{"rendered":"\u201cMalcolm el de en medio\u201d vuelve con un reboot en Disney+"},"content":{"rendered":"<p>La popular serie de \u2018Malcolm el de en Medio\u2019 pronto estar\u00e1 de regreso con su reboot en la plataforma de Disney+ y los fans est\u00e1n muy emocionados, pues ya han confirmado cuatro de los actores originales. Te contamos todos los detalles de uno de los regresos m\u00e1s esperados.<\/p>\n<p>\u00bfQui\u00e9nes han confirmado su regreso al reboot de \u2018Malcolm el de en medio\u2019?<\/p>\n<p>Hasta el momento se sabe que los siguientes actores volver\u00e1n a dar vida a sus personajes:<\/p>\n<p>&nbsp;<\/p>\n<p>Frankie Muniz, vuelve como el hijo prodigio de los Wilkerson, Malcolm.<\/p>\n<p>Bryan Cranston, el carism\u00e1tico actor, siempre estuvo dispuesto a volver a interpretar a Hal, el distra\u00eddo padre de familia en \u2018Malcolm el de en Medio\u2019.<\/p>\n<p>Jane Kaczmarek, la actriz, tambi\u00e9n anunci\u00f3 su regreso como Lois junto a Frankie Muniz y Bryan Cranston.<\/p>\n<p>Justin Berflied, a pesar de estar retirado de la actuaci\u00f3n, Reese, el hijo problem\u00e1tico de los Wilkerson, anunci\u00f3 su regreso en Instagram.<\/p>\n<p>Actores que a\u00fan no est\u00e1n confirmados para el reboot de \u2018Malcolm el de en Medio\u2019<\/p>\n<p>La informaci\u00f3n sobre el elenco ha ido saliendo a la luz a cuenta gotas. Todav\u00eda no se sabe si Christopher Masterson, quien interpretaba a Francis, el hermano rebelde de Malcolm, volver\u00e1 para este reboot. Tampoco se sabe si Erik Per Sullivan, recordado por ser el tierno hermano menor, Dewey, confirmar\u00e1 su participaci\u00f3n y es que es uno de los que m\u00e1s alejado ha permanecido de la atenci\u00f3n p\u00fablica.<\/p>\n<p>&nbsp;<\/p>\n<p>\u00bfDe qu\u00e9 tratar\u00e1 el reboot de \u2018Malcolm el de en Medio\u2019?<\/p>\n<p>La sinopsis oficial revela que seguiremos a Malcolm y su hija, quienes se ver\u00e1n envueltos en el caos familiar cuando visitan a Hal y Lois para celebrar su 40 aniversario. El creador de la serie original es parte del proyecto, una vez m\u00e1s. Todo esto asegura que el tono y la magia de la serie original estar\u00e1n de vuelta.<\/p>\n<p>&nbsp;<\/p>\n<p>Muchos esperan con ansias este reboot y cruzan los dedos para poder disfrutar una serie que conserve el estilo irreverente y humor \u00e1cido que caracteriz\u00f3 a la serie original. \u00bfQu\u00e9 es lo que m\u00e1s te emociona de este reboot?<\/p>\n<p>Un reboot de una serie es un reinicio de la historia, que puede incluir una nueva perspectiva o una reinterpretaci\u00f3n de la trama.<\/p>\n<p><strong>Fecha de publicaci\u00f3n jueves 20 de febrero de 2025 \/TV Azteca<\/strong><\/p>\n","protected":false},"excerpt":{"rendered":"<p>La popular serie de \u2018Malcolm el de en Medio\u2019 pronto estar\u00e1 de regreso con su&#8230;<\/p>\n","protected":false},"author":1,"featured_media":210055,"comment_status":"open","ping_status":"open","sticky":false,"template":"","format":"standard","meta":{"_monsterinsights_skip_tracking":false,"_monsterinsights_sitenote_active":false,"_monsterinsights_sitenote_note":"","_monsterinsights_sitenote_category":0,"footnotes":""},"categories":[2987],"tags":[3048,10894],"class_list":["post"],"yoast_head":" \n<title>Sonora en Equipo. \u201cMalcolm el de en medio\u201d vuelve con un reboot en Disney+ Showbiz<\/title>\n<meta name=\"description\" content=\"La popular serie de \u2018Malcolm el de en Medio\u2019 pronto estar\u00e1 de regreso con su reboot en la plataforma de Disney+ y los fans est\u00e1n muy emocionados, pues ya En Sonora en Equipo publicamos toda la informaci\u00f3n de Sonora, M\u00e9xico y el Mundo de manera oportuna y busca que la libertad de expresi\u00f3n sea real. Visita nuestro medio informativo publicado desde Hermosillo, Sonora. %\" \/>\n<meta name=\"robots\" content=\"index, follow, max-snippet:-1, max-image-preview:large, max-video-preview:-1\" \/>\n<link rel=\"canonical\" href=\"https:\/\/www.sonoraenequipo.com.mx\/malcolm-el-de-en-medio-vuelve-con-un-reboot-en-disney\/\" \/>\n<meta property=\"og:locale\" content=\"es_ES\" \/>\n<meta property=\"og:type\" content=\"article\" \/>\n<meta property=\"og:title\" content=\"Sonora en Equipo. \u201cMalcolm el de en medio\u201d vuelve con un reboot en Disney+ Showbiz\" \/>\n<meta property=\"og:description\" content=\"La popular serie de \u2018Malcolm el de en Medio\u2019 pronto estar\u00e1 de regreso con su reboot en la plataforma de Disney+ y los fans est\u00e1n muy emocionados, pues ya En Sonora en Equipo publicamos toda la informaci\u00f3n de Sonora, M\u00e9xico y el Mundo de manera oportuna y busca que la libertad de expresi\u00f3n sea real. Visita nuestro medio informativo publicado desde Hermosillo, Sonora. %\" \/>\n<meta property=\"og:url\" content=\"https:\/\/www.sonoraenequipo.com.mx\/malcolm-el-de-en-medio-vuelve-con-un-reboot-en-disney\/\" \/>\n<meta property=\"og:site_name\" content=\"Sonora en Equipo.\" \/>\n<meta property=\"article:publisher\" content=\"https:\/\/www.facebook.com\/SonoraEE\/\" \/>\n<meta property=\"article:author\" content=\"https:\/\/www.facebook.com\/SonoraEE\" \/>\n<meta property=\"article:published_time\" content=\"2025-02-21T01:37:38+00:00\" \/>\n<meta property=\"og:image\" content=\"https:\/\/www.sonoraenequipo.com.mx\/storage\/2025\/02\/malcolm.jpg\" \/>\n\t<meta property=\"og:image:width\" content=\"928\" \/>\n\t<meta property=\"og:image:height\" content=\"522\" \/>\n\t<meta property=\"og:image:type\" content=\"image\/jpeg\" \/>\n<meta name=\"author\" content=\"enequipo\" \/>\n<meta name=\"twitter:card\" content=\"summary_large_image\" \/>\n<meta name=\"twitter:creator\" content=\"@sonoraenequipo\" \/>\n<meta name=\"twitter:site\" content=\"@sonoraenequipo\" \/>\n<meta name=\"twitter:label1\" content=\"Escrito por\" \/>\n\t<meta name=\"twitter:data1\" content=\"enequipo\" \/>\n\t<meta name=\"twitter:label2\" content=\"Tiempo de lectura\" \/>\n\t<meta name=\"twitter:data2\" content=\"2 minutos\" \/>\n<script type=\"application\/ld+json\" class=\"yoast-schema-graph\">{\"@context\":\"https:\/\/schema.org\",\"@graph\":[{\"@type\":\"Article\",\"@id\":\"https:\/\/www.sonoraenequipo.com.mx\/malcolm-el-de-en-medio-vuelve-con-un-reboot-en-disney\/#article\",\"isPartOf\":{\"@id\":\"https:\/\/www.sonoraenequipo.com.mx\/malcolm-el-de-en-medio-vuelve-con-un-reboot-en-disney\/\"},\"author\":{\"name\":\"enequipo\",\"@id\":\"https:\/\/www.sonoraenequipo.com.mx\/#\/schema\/person\/50102df0fb23a8fa9e8effad8fa81386\"},\"headline\":\"\u201cMalcolm el de en medio\u201d vuelve con un reboot en Disney+\",\"datePublished\":\"2025-02-21T01:37:38+00:00\",\"mainEntityOfPage\":{\"@id\":\"https:\/\/www.sonoraenequipo.com.mx\/malcolm-el-de-en-medio-vuelve-con-un-reboot-en-disney\/\"},\"wordCount\":412,\"commentCount\":0,\"publisher\":{\"@id\":\"https:\/\/www.sonoraenequipo.com.mx\/#organization\"},\"image\":{\"@id\":\"https:\/\/www.sonoraenequipo.com.mx\/malcolm-el-de-en-medio-vuelve-con-un-reboot-en-disney\/#primaryimage\"},\"thumbnailUrl\":\"https:\/\/www.sonoraenequipo.com.mx\/storage\/2025\/02\/malcolm.jpg\",\"keywords\":[\"disney\",\"malcolm\"],\"articleSection\":[\"Showbiz\"],\"inLanguage\":\"es\",\"potentialAction\":[{\"@type\":\"CommentAction\",\"name\":\"Comment\",\"target\":[\"https:\/\/www.sonoraenequipo.com.mx\/malcolm-el-de-en-medio-vuelve-con-un-reboot-en-disney\/#respond\"]}]},{\"@type\":\"WebPage\",\"@id\":\"https:\/\/www.sonoraenequipo.com.mx\/malcolm-el-de-en-medio-vuelve-con-un-reboot-en-disney\/\",\"url\":\"https:\/\/www.sonoraenequipo.com.mx\/malcolm-el-de-en-medio-vuelve-con-un-reboot-en-disney\/\",\"name\":\"Sonora en Equipo. \u201cMalcolm el de en medio\u201d vuelve con un reboot en Disney+ Showbiz\",\"isPartOf\":{\"@id\":\"https:\/\/www.sonoraenequipo.com.mx\/#website\"},\"primaryImageOfPage\":{\"@id\":\"https:\/\/www.sonoraenequipo.com.mx\/malcolm-el-de-en-medio-vuelve-con-un-reboot-en-disney\/#primaryimage\"},\"image\":{\"@id\":\"https:\/\/www.sonoraenequipo.com.mx\/malcolm-el-de-en-medio-vuelve-con-un-reboot-en-disney\/#primaryimage\"},\"thumbnailUrl\":\"https:\/\/www.sonoraenequipo.com.mx\/storage\/2025\/02\/malcolm.jpg\",\"datePublished\":\"2025-02-21T01:37:38+00:00\",\"description\":\"La popular serie de \u2018Malcolm el de en Medio\u2019 pronto estar\u00e1 de regreso con su reboot en la plataforma de Disney+ y los fans est\u00e1n muy emocionados, pues ya En Sonora en Equipo publicamos toda la informaci\u00f3n de Sonora, M\u00e9xico y el Mundo de manera oportuna y busca que la libertad de expresi\u00f3n sea real. Visita nuestro medio informativo publicado desde Hermosillo, Sonora. %\",\"breadcrumb\":{\"@id\":\"https:\/\/www.sonoraenequipo.com.mx\/malcolm-el-de-en-medio-vuelve-con-un-reboot-en-disney\/#breadcrumb\"},\"inLanguage\":\"es\",\"potentialAction\":[{\"@type\":\"ReadAction\",\"target\":[\"https:\/\/www.sonoraenequipo.com.mx\/malcolm-el-de-en-medio-vuelve-con-un-reboot-en-disney\/\"]}]},{\"@type\":\"ImageObject\",\"inLanguage\":\"es\",\"@id\":\"https:\/\/www.sonoraenequipo.com.mx\/malcolm-el-de-en-medio-vuelve-con-un-reboot-en-disney\/#primaryimage\",\"url\":\"https:\/\/www.sonoraenequipo.com.mx\/storage\/2025\/02\/malcolm.jpg\",\"contentUrl\":\"https:\/\/www.sonoraenequipo.com.mx\/storage\/2025\/02\/malcolm.jpg\",\"width\":928,\"height\":522},{\"@type\":\"BreadcrumbList\",\"@id\":\"https:\/\/www.sonoraenequipo.com.mx\/malcolm-el-de-en-medio-vuelve-con-un-reboot-en-disney\/#breadcrumb\",\"itemListElement\":[{\"@type\":\"ListItem\",\"position\":1,\"name\":\"Portada\",\"item\":\"https:\/\/www.sonoraenequipo.com.mx\/\"},{\"@type\":\"ListItem\",\"position\":2,\"name\":\"\u201cMalcolm el de en medio\u201d vuelve con un reboot en Disney+\"}]},{\"@type\":\"WebSite\",\"@id\":\"https:\/\/www.sonoraenequipo.com.mx\/#website\",\"url\":\"https:\/\/www.sonoraenequipo.com.mx\/\",\"name\":\"Sonora en Equipo.\",\"description\":\"Diario en l\u00ednea con Noticias desde Hermosillo, Sonora\",\"publisher\":{\"@id\":\"https:\/\/www.sonoraenequipo.com.mx\/#organization\"},\"potentialAction\":[{\"@type\":\"SearchAction\",\"target\":{\"@type\":\"EntryPoint\",\"urlTemplate\":\"https:\/\/www.sonoraenequipo.com.mx\/?s={search_term_string}\"},\"query-input\":{\"@type\":\"PropertyValueSpecification\",\"valueRequired\":true,\"valueName\":\"search_term_string\"}}],\"inLanguage\":\"es\"},{\"@type\":\"Organization\",\"@id\":\"https:\/\/www.sonoraenequipo.com.mx\/#organization\",\"name\":\"Sonoraenequipo.com.mx\",\"url\":\"https:\/\/www.sonoraenequipo.com.mx\/\",\"logo\":{\"@type\":\"ImageObject\",\"inLanguage\":\"es\",\"@id\":\"https:\/\/www.sonoraenequipo.com.mx\/#\/schema\/logo\/image\/\",\"url\":\"https:\/\/www.sonoraenequipo.com.mx\/storage\/2019\/01\/sonoraenequipo_opt.png\",\"contentUrl\":\"https:\/\/www.sonoraenequipo.com.mx\/storage\/2019\/01\/sonoraenequipo_opt.png\",\"width\":375,\"height\":125,\"caption\":\"Sonoraenequipo.com.mx\"},\"image\":{\"@id\":\"https:\/\/www.sonoraenequipo.com.mx\/#\/schema\/logo\/image\/\"},\"sameAs\":[\"https:\/\/www.facebook.com\/SonoraEE\/\",\"https:\/\/x.com\/sonoraenequipo\",\"https:\/\/www.youtube.com\/channel\/UC338nW-lPEYmJQs4ZABQ1SQ\"]},{\"@type\":\"Person\",\"@id\":\"https:\/\/www.sonoraenequipo.com.mx\/#\/schema\/person\/50102df0fb23a8fa9e8effad8fa81386\",\"name\":\"enequipo\",\"image\":{\"@type\":\"ImageObject\",\"inLanguage\":\"es\",\"@id\":\"https:\/\/www.sonoraenequipo.com.mx\/#\/schema\/person\/image\/\",\"url\":\"https:\/\/secure.gravatar.com\/avatar\/049821681b589dabc0bc20695993ccebb09f5b5d4d790cd9251b97faac7c652b?s=96&d=blank&r=g\",\"contentUrl\":\"https:\/\/secure.gravatar.com\/avatar\/049821681b589dabc0bc20695993ccebb09f5b5d4d790cd9251b97faac7c652b?s=96&d=blank&r=g\",\"caption\":\"enequipo\"},\"sameAs\":[\"https:\/\/www.facebook.com\/SonoraEE\"]}]}<\/script>\n ","yoast_head_json":{"title":"Sonora en Equipo. \u201cMalcolm el de en medio\u201d vuelve con un reboot en Disney+ Showbiz","description":"La popular serie de \u2018Malcolm el de en Medio\u2019 pronto estar\u00e1 de regreso con su reboot en la plataforma de Disney+ y los fans est\u00e1n muy emocionados, pues ya En Sonora en Equipo publicamos toda la informaci\u00f3n de Sonora, M\u00e9xico y el Mundo de manera oportuna y busca que la libertad de expresi\u00f3n sea real. Visita nuestro medio informativo publicado desde Hermosillo, Sonora. %","robots":{"index":"index","follow":"follow","max-snippet":"max-snippet:-1","max-image-preview":"max-image-preview:large","max-video-preview":"max-video-preview:-1"},"canonical":"https:\/\/www.sonoraenequipo.com.mx\/malcolm-el-de-en-medio-vuelve-con-un-reboot-en-disney\/","og_locale":"es_ES","og_type":"article","og_title":"Sonora en Equipo. \u201cMalcolm el de en medio\u201d vuelve con un reboot en Disney+ Showbiz","og_description":"La popular serie de \u2018Malcolm el de en Medio\u2019 pronto estar\u00e1 de regreso con su reboot en la plataforma de Disney+ y los fans est\u00e1n muy emocionados, pues ya En Sonora en Equipo publicamos toda la informaci\u00f3n de Sonora, M\u00e9xico y el Mundo de manera oportuna y busca que la libertad de expresi\u00f3n sea real. Visita nuestro medio informativo publicado desde Hermosillo, Sonora. %","og_url":"https:\/\/www.sonoraenequipo.com.mx\/malcolm-el-de-en-medio-vuelve-con-un-reboot-en-disney\/","og_site_name":"Sonora en Equipo.","article_publisher":"https:\/\/www.facebook.com\/SonoraEE\/","article_author":"https:\/\/www.facebook.com\/SonoraEE","article_published_time":"2025-02-21T01:37:38+00:00","og_image":[{"width":928,"height":522,"url":"https:\/\/www.sonoraenequipo.com.mx\/storage\/2025\/02\/malcolm.jpg","type":"image\/jpeg"}],"author":"enequipo","twitter_card":"summary_large_image","twitter_creator":"@sonoraenequipo","twitter_site":"@sonoraenequipo","twitter_misc":{"Escrito por":"enequipo","Tiempo de lectura":"2 minutos"},"schema":{"@context":"https:\/\/schema.org","@graph":[{"@type":"Article","@id":"https:\/\/www.sonoraenequipo.com.mx\/malcolm-el-de-en-medio-vuelve-con-un-reboot-en-disney\/#article","isPartOf":{"@id":"https:\/\/www.sonoraenequipo.com.mx\/malcolm-el-de-en-medio-vuelve-con-un-reboot-en-disney\/"},"author":{"name":"enequipo","@id":"https:\/\/www.sonoraenequipo.com.mx\/#\/schema\/person\/50102df0fb23a8fa9e8effad8fa81386"},"headline":"\u201cMalcolm el de en medio\u201d vuelve con un reboot en Disney+","datePublished":"2025-02-21T01:37:38+00:00","mainEntityOfPage":{"@id":"https:\/\/www.sonoraenequipo.com.mx\/malcolm-el-de-en-medio-vuelve-con-un-reboot-en-disney\/"},"wordCount":412,"commentCount":0,"publisher":{"@id":"https:\/\/www.sonoraenequipo.com.mx\/#organization"},"image":{"@id":"https:\/\/www.sonoraenequipo.com.mx\/malcolm-el-de-en-medio-vuelve-con-un-reboot-en-disney\/#primaryimage"},"thumbnailUrl":"https:\/\/www.sonoraenequipo.com.mx\/storage\/2025\/02\/malcolm.jpg","keywords":["disney","malcolm"],"articleSection":["Showbiz"],"inLanguage":"es","potentialAction":[{"@type":"CommentAction","name":"Comment","target":["https:\/\/www.sonoraenequipo.com.mx\/malcolm-el-de-en-medio-vuelve-con-un-reboot-en-disney\/#respond"]}]},{"@type":"WebPage","@id":"https:\/\/www.sonoraenequipo.com.mx\/malcolm-el-de-en-medio-vuelve-con-un-reboot-en-disney\/","url":"https:\/\/www.sonoraenequipo.com.mx\/malcolm-el-de-en-medio-vuelve-con-un-reboot-en-disney\/","name":"Sonora en Equipo. \u201cMalcolm el de en medio\u201d vuelve con un reboot en Disney+ Showbiz","isPartOf":{"@id":"https:\/\/www.sonoraenequipo.com.mx\/#website"},"primaryImageOfPage":{"@id":"https:\/\/www.sonoraenequipo.com.mx\/malcolm-el-de-en-medio-vuelve-con-un-reboot-en-disney\/#primaryimage"},"image":{"@id":"https:\/\/www.sonoraenequipo.com.mx\/malcolm-el-de-en-medio-vuelve-con-un-reboot-en-disney\/#primaryimage"},"thumbnailUrl":"https:\/\/www.sonoraenequipo.com.mx\/storage\/2025\/02\/malcolm.jpg","datePublished":"2025-02-21T01:37:38+00:00","description":"La popular serie de \u2018Malcolm el de en Medio\u2019 pronto estar\u00e1 de regreso con su reboot en la plataforma de Disney+ y los fans est\u00e1n muy emocionados, pues ya En Sonora en Equipo publicamos toda la informaci\u00f3n de Sonora, M\u00e9xico y el Mundo de manera oportuna y busca que la libertad de expresi\u00f3n sea real. Visita nuestro medio informativo publicado desde Hermosillo, Sonora. %","breadcrumb":{"@id":"https:\/\/www.sonoraenequipo.com.mx\/malcolm-el-de-en-medio-vuelve-con-un-reboot-en-disney\/#breadcrumb"},"inLanguage":"es","potentialAction":[{"@type":"ReadAction","target":["https:\/\/www.sonoraenequipo.com.mx\/malcolm-el-de-en-medio-vuelve-con-un-reboot-en-disney\/"]}]},{"@type":"ImageObject","inLanguage":"es","@id":"https:\/\/www.sonoraenequipo.com.mx\/malcolm-el-de-en-medio-vuelve-con-un-reboot-en-disney\/#primaryimage","url":"https:\/\/www.sonoraenequipo.com.mx\/storage\/2025\/02\/malcolm.jpg","contentUrl":"https:\/\/www.sonoraenequipo.com.mx\/storage\/2025\/02\/malcolm.jpg","width":928,"height":522},{"@type":"BreadcrumbList","@id":"https:\/\/www.sonoraenequipo.com.mx\/malcolm-el-de-en-medio-vuelve-con-un-reboot-en-disney\/#breadcrumb","itemListElement":[{"@type":"ListItem","position":1,"name":"Portada","item":"https:\/\/www.sonoraenequipo.com.mx\/"},{"@type":"ListItem","position":2,"name":"\u201cMalcolm el de en medio\u201d vuelve con un reboot en Disney+"}]},{"@type":"WebSite","@id":"https:\/\/www.sonoraenequipo.com.mx\/#website","url":"https:\/\/www.sonoraenequipo.com.mx\/","name":"Sonora en Equipo.","description":"Diario en l\u00ednea con Noticias desde Hermosillo, Sonora","publisher":{"@id":"https:\/\/www.sonoraenequipo.com.mx\/#organization"},"potentialAction":[{"@type":"SearchAction","target":{"@type":"EntryPoint","urlTemplate":"https:\/\/www.sonoraenequipo.com.mx\/?s={search_term_string}"},"query-input":{"@type":"PropertyValueSpecification","valueRequired":true,"valueName":"search_term_string"}}],"inLanguage":"es"},{"@type":"Organization","@id":"https:\/\/www.sonoraenequipo.com.mx\/#organization","name":"Sonoraenequipo.com.mx","url":"https:\/\/www.sonoraenequipo.com.mx\/","logo":{"@type":"ImageObject","inLanguage":"es","@id":"https:\/\/www.sonoraenequipo.com.mx\/#\/schema\/logo\/image\/","url":"https:\/\/www.sonoraenequipo.com.mx\/storage\/2019\/01\/sonoraenequipo_opt.png","contentUrl":"https:\/\/www.sonoraenequipo.com.mx\/storage\/2019\/01\/sonoraenequipo_opt.png","width":375,"height":125,"caption":"Sonoraenequipo.com.mx"},"image":{"@id":"https:\/\/www.sonoraenequipo.com.mx\/#\/schema\/logo\/image\/"},"sameAs":["https:\/\/www.facebook.com\/SonoraEE\/","https:\/\/x.com\/sonoraenequipo","https:\/\/www.youtube.com\/channel\/UC338nW-lPEYmJQs4ZABQ1SQ"]},{"@type":"Person","@id":"https:\/\/www.sonoraenequipo.com.mx\/#\/schema\/person\/50102df0fb23a8fa9e8effad8fa81386","name":"enequipo","image":{"@type":"ImageObject","inLanguage":"es","@id":"https:\/\/www.sonoraenequipo.com.mx\/#\/schema\/person\/image\/","url":"https:\/\/secure.gravatar.com\/avatar\/049821681b589dabc0bc20695993ccebb09f5b5d4d790cd9251b97faac7c652b?s=96&d=blank&r=g","contentUrl":"https:\/\/secure.gravatar.com\/avatar\/049821681b589dabc0bc20695993ccebb09f5b5d4d790cd9251b97faac7c652b?s=96&d=blank&r=g","caption":"enequipo"},"sameAs":["https:\/\/www.facebook.com\/SonoraEE"]}]}},"jetpack_featured_media_url":"https:\/\/www.sonoraenequipo.com.mx\/storage\/2025\/02\/malcolm.jpg","_links":{"self":[{"href":"https:\/\/www.sonoraenequipo.com.mx\/api\/wp\/v2\/posts\/210054","targetHints":{"allow":["GET"]}}],"collection":[{"href":"https:\/\/www.sonoraenequipo.com.mx\/api\/wp\/v2\/posts"}],"about":[{"href":"https:\/\/www.sonoraenequipo.com.mx\/api\/wp\/v2\/types\/post"}],"author":[{"embeddable":true,"href":"https:\/\/www.sonoraenequipo.com.mx\/api\/wp\/v2\/users\/1"}],"replies":[{"embeddable":true,"href":"https:\/\/www.sonoraenequipo.com.mx\/api\/wp\/v2\/comments?post=210054"}],"version-history":[{"count":1,"href":"https:\/\/www.sonoraenequipo.com.mx\/api\/wp\/v2\/posts\/210054\/revisions"}],"predecessor-version":[{"id":210056,"href":"https:\/\/www.sonoraenequipo.com.mx\/api\/wp\/v2\/posts\/210054\/revisions\/210056"}],"wp:featuredmedia":[{"embeddable":true,"href":"https:\/\/www.sonoraenequipo.com.mx\/api\/wp\/v2\/media\/210055"}],"wp:attachment":[{"href":"https:\/\/www.sonoraenequipo.com.mx\/api\/wp\/v2\/media?parent=210054"}],"wp:term":[{"taxonomy":"category","embeddable":true,"href":"https:\/\/www.sonoraenequipo.com.mx\/api\/wp\/v2\/categories?post=210054"},{"taxonomy":"post_tag","embeddable":true,"href":"https:\/\/www.sonoraenequipo.com.mx\/api\/wp\/v2\/tags?post=210054"}],"curies":[{"name":"wp","href":"https:\/\/api.w.org\/{rel}","templated":true}]}}