{"id":2102,"date":"2016-01-07T13:17:23","date_gmt":"2016-01-07T13:17:23","guid":{"rendered":"http:\/\/www.sonoraenequipo.com.mx\/?p=2102"},"modified":"2016-01-08T13:22:46","modified_gmt":"2016-01-08T13:22:46","slug":"resuelve-la-diputacion-permanente-enviar-exhortos-al-gobierno-federal","status":"publish","type":"post","link":"https:\/\/www.sonoraenequipo.com.mx\/resuelve-la-diputacion-permanente-enviar-exhortos-al-gobierno-federal\/","title":{"rendered":"Resuelve la Diputaci\u00f3n Permanente enviar exhortos al Gobierno Federal"},"content":{"rendered":"<p>07012016.HERMOSILLO, SONORA.MX.\u2014 La Diputaci\u00f3n Permanente aprob\u00f3 enviar dos exhortos al titular del Poder Ejecutivo Federal, con relaci\u00f3n a las afectaciones en diversos sectores econ\u00f3micos de la entidad causadas por las bajas temperaturas, y para que se informe a la ciudadan\u00eda respecto de los trabajos de mantenimiento y modernizaci\u00f3n de las carreteras federales dentro del territorio estatal. <br \/>\nEn esta primera sesi\u00f3n del a\u00f1o de la mesa directiva del Congreso del Estado, sus integrantes votaron a favor de ambos acuerdos, el primero presentado por la Comisi\u00f3n de R\u00e9gimen Interno y Concertaci\u00f3n Pol\u00edtica, CRICP, y el segundo por el grupo parlamentario del Partido Acci\u00f3n Nacional.<\/p>\n<p>La sesi\u00f3n fue encabezada por el presidente de la Diputaci\u00f3n Permanente, Luis Gerardo Serrato Castell, y asimismo estuvieron presentes los diputados Teresa Mar\u00eda Olivares Ochoa, vicepresidenta; Rodrigo Acu\u00f1a Arredondo, secretario; Brenda Elizabeth Jaime Montoya; y Ang\u00e9lica Mar\u00eda Pay\u00e1n Garc\u00eda, suplentes.<\/p>\n<p>El diputado Acu\u00f1a Arredondo dio lectura a la iniciativa con punto de Acuerdo presentada por la CRICP, la que establece la urgencia de analizar el impacto que han generado las bajas temperaturas consideradas como heladas en el Sur del Estado, principalmente en los sectores productivos, de manera que la autoridad federal competente emita una declaratoria de emergencia y\/o desastre en dicha regi\u00f3n, as\u00ed como la implementaci\u00f3n de programas de empleo temporal que ayuden a sortear el impacto negativo generado por tal fen\u00f3meno meteorol\u00f3gico.<\/p>\n<p>Mediante el exhorto se busca que el Gobierno Federal destine los recursos provenientes del Fondo de Desastres Naturales, FONDEN, as\u00ed como para que establezca los mecanismos necesarios de apoyo que considere necesarios, a fin de que quienes dependen del sector comercial y de servicios, dentro de las peque\u00f1as y medianas empresas, puedan gozar de programas de emergencia que les permitan hacer frente a las graves afectaciones recientes.<\/p>\n<p><a href=\"http:\/\/www.sonoraenequipo.com.mx\/storage\/2016\/01\/Sesio\u0301n-diputacio\u0301n-permanente-LXI-LEG-AFCES-070116-9_opt.jpg\" rel=\"attachment \"><img loading=\"lazy\" decoding=\"async\" class=\"size-medium  x-left\" src=\"http:\/\/www.sonoraenequipo.com.mx\/storage\/2016\/01\/Sesio\u0301n-diputacio\u0301n-permanente-LXI-LEG-AFCES-070116-9_opt-300x200.jpg\" alt=\"Sesio\u0301n diputacio\u0301n permanente -  LXI LEG - AFCES 070116-9_opt\" width=\"300\" height=\"200\" \/><\/a>Tambi\u00e9n se exhorta al titular del Poder Ejecutivo Federal para que, en uso de sus atribuciones, gestione ante instituciones financieras el congelamiento de intereses o el otorgamiento de periodos de gracia para amortizar, en la medida de lo posible, el quebranto econ\u00f3mico generado por las bajas temperaturas.<\/p>\n<p>Adem\u00e1s para que establezca programas de apoyo necesarios para reactivar la econom\u00eda en el sector de comercio local, flexibilizando los requisitos para acceder a los programas de gobierno, entre los que se incluyen los de Empleo Temporal.<\/p>\n<p>Enseguida se aprob\u00f3 el Acuerdo que, con base a una iniciativa del grupo parlamentario del PAN, resuelve exhortar al Presidente de la Rep\u00fablica, al titular de la Secretar\u00eda de Comunicaciones y Transportes, al Director General de Caminos y Puentes Federales, y al Comisionado General de la Polic\u00eda Federal de Caminos, a efecto de que se informe a la ciudadan\u00eda respecto de los trabajos de mantenimiento y modernizaci\u00f3n de las carreteras federales dentro del territorio estatal.<\/p>\n<p>Tambi\u00e9n para que informen sobre las medidas de prevenci\u00f3n para transitar con seguridad dentro del sistema carretero de la entidad, ley\u00f3 el diputado Mois\u00e9s G\u00f3mez Reyna, coordinador del grupo parlamentario del Partido Acci\u00f3n Nacional, quien se refiri\u00f3 a los inconvenientes y retrasos que tuvieron paisanos y los propios sonorenses para transitar por la carretera de cuatro carriles Estaci\u00f3n Don-Nogales, en particular el tramo V\u00edcam-Ciudad Obreg\u00f3n.<\/p>\n<p>El exhorto tiene por objeto que las entidades del Gobierno Federal, en el \u00e1mbito de sus competencias, difundan ampliamente informaci\u00f3n detallada y orientaci\u00f3n necesaria de los tramos cerrados o en reparaci\u00f3n, as\u00ed como la dem\u00e1s informaci\u00f3n para quienes pretendan transitar por las carretas federales del Estado, a fin de que conozcan de antemano y tomen las decisiones correspondientes sobre su destino y tiempos, expuso.<\/p>\n<p>G\u00f3mez Reyna solicit\u00f3 que, con base en el Art\u00edculo 155 Bis de la Ley Org\u00e1nica del Poder Legislativo del Estado de Sonora, se informe sobre las acciones llevadas a cabo para el cumplimiento del Acuerdo primero del resolutivo, con el contenido que el mismo establece e igualmente se informe al Ejecutivo del Estado.<\/p>\n","protected":false},"excerpt":{"rendered":"<p>07012016.HERMOSILLO, SONORA.MX.\u2014 La Diputaci\u00f3n Permanente aprob\u00f3 enviar dos exhortos al titular del Poder Ejecutivo Federal,&#8230;<\/p>\n","protected":false},"author":1,"featured_media":0,"comment_status":"open","ping_status":"open","sticky":false,"template":"","format":"standard","meta":{"_monsterinsights_skip_tracking":false,"_monsterinsights_sitenote_active":false,"_monsterinsights_sitenote_note":"","_monsterinsights_sitenote_category":0,"footnotes":""},"categories":[1,22],"tags":[1225],"class_list":["post"],"yoast_head":" \n<title>Sonora en Equipo. Resuelve la Diputaci\u00f3n Permanente enviar exhortos al Gobierno Federal<\/title>\n<meta name=\"description\" content=\"07012016.HERMOSILLO, SONORA.MX.\u2014 La Diputaci\u00f3n Permanente aprob\u00f3 enviar dos exhortos al titular del Poder Ejecutivo Federal, con relaci\u00f3n a las En Sonora en Equipo publicamos toda la informaci\u00f3n de Sonora, M\u00e9xico y el Mundo de manera oportuna y busca que la libertad de expresi\u00f3n sea real. Visita nuestro medio informativo publicado desde Hermosillo, Sonora. %\" \/>\n<meta name=\"robots\" content=\"index, follow, max-snippet:-1, max-image-preview:large, max-video-preview:-1\" \/>\n<link rel=\"canonical\" href=\"https:\/\/www.sonoraenequipo.com.mx\/resuelve-la-diputacion-permanente-enviar-exhortos-al-gobierno-federal\/\" \/>\n<meta property=\"og:locale\" content=\"es_ES\" \/>\n<meta property=\"og:type\" content=\"article\" \/>\n<meta property=\"og:title\" content=\"Sonora en Equipo. Resuelve la Diputaci\u00f3n Permanente enviar exhortos al Gobierno Federal\" \/>\n<meta property=\"og:description\" content=\"07012016.HERMOSILLO, SONORA.MX.\u2014 La Diputaci\u00f3n Permanente aprob\u00f3 enviar dos exhortos al titular del Poder Ejecutivo Federal, con relaci\u00f3n a las En Sonora en Equipo publicamos toda la informaci\u00f3n de Sonora, M\u00e9xico y el Mundo de manera oportuna y busca que la libertad de expresi\u00f3n sea real. Visita nuestro medio informativo publicado desde Hermosillo, Sonora. %\" \/>\n<meta property=\"og:url\" content=\"https:\/\/www.sonoraenequipo.com.mx\/resuelve-la-diputacion-permanente-enviar-exhortos-al-gobierno-federal\/\" \/>\n<meta property=\"og:site_name\" content=\"Sonora en Equipo.\" \/>\n<meta property=\"article:publisher\" content=\"https:\/\/www.facebook.com\/SonoraEE\/\" \/>\n<meta property=\"article:author\" content=\"https:\/\/www.facebook.com\/SonoraEE\" \/>\n<meta property=\"article:published_time\" content=\"2016-01-07T13:17:23+00:00\" \/>\n<meta property=\"article:modified_time\" content=\"2016-01-08T13:22:46+00:00\" \/>\n<meta property=\"og:image\" content=\"http:\/\/www.sonoraenequipo.com.mx\/storage\/2016\/01\/Sesio\u0301n-diputacio\u0301n-permanente-LXI-LEG-AFCES-070116-9_opt-300x200.jpg\" \/>\n<meta name=\"author\" content=\"enequipo\" \/>\n<meta name=\"twitter:card\" content=\"summary_large_image\" \/>\n<meta name=\"twitter:creator\" content=\"@sonoraenequipo\" \/>\n<meta name=\"twitter:site\" content=\"@sonoraenequipo\" \/>\n<meta name=\"twitter:label1\" content=\"Escrito por\" \/>\n\t<meta name=\"twitter:data1\" content=\"enequipo\" \/>\n\t<meta name=\"twitter:label2\" content=\"Tiempo de lectura\" \/>\n\t<meta name=\"twitter:data2\" content=\"3 minutos\" \/>\n<script type=\"application\/ld+json\" class=\"yoast-schema-graph\">{\"@context\":\"https:\/\/schema.org\",\"@graph\":[{\"@type\":\"Article\",\"@id\":\"https:\/\/www.sonoraenequipo.com.mx\/resuelve-la-diputacion-permanente-enviar-exhortos-al-gobierno-federal\/#article\",\"isPartOf\":{\"@id\":\"https:\/\/www.sonoraenequipo.com.mx\/resuelve-la-diputacion-permanente-enviar-exhortos-al-gobierno-federal\/\"},\"author\":{\"name\":\"enequipo\",\"@id\":\"https:\/\/www.sonoraenequipo.com.mx\/#\/schema\/person\/50102df0fb23a8fa9e8effad8fa81386\"},\"headline\":\"Resuelve la Diputaci\u00f3n Permanente enviar exhortos al Gobierno Federal\",\"datePublished\":\"2016-01-07T13:17:23+00:00\",\"dateModified\":\"2016-01-08T13:22:46+00:00\",\"mainEntityOfPage\":{\"@id\":\"https:\/\/www.sonoraenequipo.com.mx\/resuelve-la-diputacion-permanente-enviar-exhortos-al-gobierno-federal\/\"},\"wordCount\":695,\"commentCount\":0,\"publisher\":{\"@id\":\"https:\/\/www.sonoraenequipo.com.mx\/#organization\"},\"keywords\":[\"Congreso del Estado de Sonora\"],\"articleSection\":[\"Sin categorizar\",\"Sonora\"],\"inLanguage\":\"es\",\"potentialAction\":[{\"@type\":\"CommentAction\",\"name\":\"Comment\",\"target\":[\"https:\/\/www.sonoraenequipo.com.mx\/resuelve-la-diputacion-permanente-enviar-exhortos-al-gobierno-federal\/#respond\"]}]},{\"@type\":\"WebPage\",\"@id\":\"https:\/\/www.sonoraenequipo.com.mx\/resuelve-la-diputacion-permanente-enviar-exhortos-al-gobierno-federal\/\",\"url\":\"https:\/\/www.sonoraenequipo.com.mx\/resuelve-la-diputacion-permanente-enviar-exhortos-al-gobierno-federal\/\",\"name\":\"Sonora en Equipo. Resuelve la Diputaci\u00f3n Permanente enviar exhortos al Gobierno Federal\",\"isPartOf\":{\"@id\":\"https:\/\/www.sonoraenequipo.com.mx\/#website\"},\"datePublished\":\"2016-01-07T13:17:23+00:00\",\"dateModified\":\"2016-01-08T13:22:46+00:00\",\"description\":\"07012016.HERMOSILLO, SONORA.MX.\u2014 La Diputaci\u00f3n Permanente aprob\u00f3 enviar dos exhortos al titular del Poder Ejecutivo Federal, con relaci\u00f3n a las En Sonora en Equipo publicamos toda la informaci\u00f3n de Sonora, M\u00e9xico y el Mundo de manera oportuna y busca que la libertad de expresi\u00f3n sea real. Visita nuestro medio informativo publicado desde Hermosillo, Sonora. %\",\"breadcrumb\":{\"@id\":\"https:\/\/www.sonoraenequipo.com.mx\/resuelve-la-diputacion-permanente-enviar-exhortos-al-gobierno-federal\/#breadcrumb\"},\"inLanguage\":\"es\",\"potentialAction\":[{\"@type\":\"ReadAction\",\"target\":[\"https:\/\/www.sonoraenequipo.com.mx\/resuelve-la-diputacion-permanente-enviar-exhortos-al-gobierno-federal\/\"]}]},{\"@type\":\"BreadcrumbList\",\"@id\":\"https:\/\/www.sonoraenequipo.com.mx\/resuelve-la-diputacion-permanente-enviar-exhortos-al-gobierno-federal\/#breadcrumb\",\"itemListElement\":[{\"@type\":\"ListItem\",\"position\":1,\"name\":\"Portada\",\"item\":\"https:\/\/www.sonoraenequipo.com.mx\/\"},{\"@type\":\"ListItem\",\"position\":2,\"name\":\"Resuelve la Diputaci\u00f3n Permanente enviar exhortos al Gobierno Federal\"}]},{\"@type\":\"WebSite\",\"@id\":\"https:\/\/www.sonoraenequipo.com.mx\/#website\",\"url\":\"https:\/\/www.sonoraenequipo.com.mx\/\",\"name\":\"Sonora en Equipo.\",\"description\":\"Diario en l\u00ednea con Noticias desde Hermosillo, Sonora\",\"publisher\":{\"@id\":\"https:\/\/www.sonoraenequipo.com.mx\/#organization\"},\"potentialAction\":[{\"@type\":\"SearchAction\",\"target\":{\"@type\":\"EntryPoint\",\"urlTemplate\":\"https:\/\/www.sonoraenequipo.com.mx\/?s={search_term_string}\"},\"query-input\":{\"@type\":\"PropertyValueSpecification\",\"valueRequired\":true,\"valueName\":\"search_term_string\"}}],\"inLanguage\":\"es\"},{\"@type\":\"Organization\",\"@id\":\"https:\/\/www.sonoraenequipo.com.mx\/#organization\",\"name\":\"Sonoraenequipo.com.mx\",\"url\":\"https:\/\/www.sonoraenequipo.com.mx\/\",\"logo\":{\"@type\":\"ImageObject\",\"inLanguage\":\"es\",\"@id\":\"https:\/\/www.sonoraenequipo.com.mx\/#\/schema\/logo\/image\/\",\"url\":\"https:\/\/www.sonoraenequipo.com.mx\/storage\/2019\/01\/sonoraenequipo_opt.png\",\"contentUrl\":\"https:\/\/www.sonoraenequipo.com.mx\/storage\/2019\/01\/sonoraenequipo_opt.png\",\"width\":375,\"height\":125,\"caption\":\"Sonoraenequipo.com.mx\"},\"image\":{\"@id\":\"https:\/\/www.sonoraenequipo.com.mx\/#\/schema\/logo\/image\/\"},\"sameAs\":[\"https:\/\/www.facebook.com\/SonoraEE\/\",\"https:\/\/x.com\/sonoraenequipo\",\"https:\/\/www.youtube.com\/channel\/UC338nW-lPEYmJQs4ZABQ1SQ\"]},{\"@type\":\"Person\",\"@id\":\"https:\/\/www.sonoraenequipo.com.mx\/#\/schema\/person\/50102df0fb23a8fa9e8effad8fa81386\",\"name\":\"enequipo\",\"image\":{\"@type\":\"ImageObject\",\"inLanguage\":\"es\",\"@id\":\"https:\/\/www.sonoraenequipo.com.mx\/#\/schema\/person\/image\/\",\"url\":\"https:\/\/secure.gravatar.com\/avatar\/049821681b589dabc0bc20695993ccebb09f5b5d4d790cd9251b97faac7c652b?s=96&d=blank&r=g\",\"contentUrl\":\"https:\/\/secure.gravatar.com\/avatar\/049821681b589dabc0bc20695993ccebb09f5b5d4d790cd9251b97faac7c652b?s=96&d=blank&r=g\",\"caption\":\"enequipo\"},\"sameAs\":[\"https:\/\/www.facebook.com\/SonoraEE\"]}]}<\/script>\n ","yoast_head_json":{"title":"Sonora en Equipo. Resuelve la Diputaci\u00f3n Permanente enviar exhortos al Gobierno Federal","description":"07012016.HERMOSILLO, SONORA.MX.\u2014 La Diputaci\u00f3n Permanente aprob\u00f3 enviar dos exhortos al titular del Poder Ejecutivo Federal, con relaci\u00f3n a las En Sonora en Equipo publicamos toda la informaci\u00f3n de Sonora, M\u00e9xico y el Mundo de manera oportuna y busca que la libertad de expresi\u00f3n sea real. Visita nuestro medio informativo publicado desde Hermosillo, Sonora. %","robots":{"index":"index","follow":"follow","max-snippet":"max-snippet:-1","max-image-preview":"max-image-preview:large","max-video-preview":"max-video-preview:-1"},"canonical":"https:\/\/www.sonoraenequipo.com.mx\/resuelve-la-diputacion-permanente-enviar-exhortos-al-gobierno-federal\/","og_locale":"es_ES","og_type":"article","og_title":"Sonora en Equipo. Resuelve la Diputaci\u00f3n Permanente enviar exhortos al Gobierno Federal","og_description":"07012016.HERMOSILLO, SONORA.MX.\u2014 La Diputaci\u00f3n Permanente aprob\u00f3 enviar dos exhortos al titular del Poder Ejecutivo Federal, con relaci\u00f3n a las En Sonora en Equipo publicamos toda la informaci\u00f3n de Sonora, M\u00e9xico y el Mundo de manera oportuna y busca que la libertad de expresi\u00f3n sea real. Visita nuestro medio informativo publicado desde Hermosillo, Sonora. %","og_url":"https:\/\/www.sonoraenequipo.com.mx\/resuelve-la-diputacion-permanente-enviar-exhortos-al-gobierno-federal\/","og_site_name":"Sonora en Equipo.","article_publisher":"https:\/\/www.facebook.com\/SonoraEE\/","article_author":"https:\/\/www.facebook.com\/SonoraEE","article_published_time":"2016-01-07T13:17:23+00:00","article_modified_time":"2016-01-08T13:22:46+00:00","og_image":[{"url":"http:\/\/www.sonoraenequipo.com.mx\/storage\/2016\/01\/Sesio\u0301n-diputacio\u0301n-permanente-LXI-LEG-AFCES-070116-9_opt-300x200.jpg","type":"","width":"","height":""}],"author":"enequipo","twitter_card":"summary_large_image","twitter_creator":"@sonoraenequipo","twitter_site":"@sonoraenequipo","twitter_misc":{"Escrito por":"enequipo","Tiempo de lectura":"3 minutos"},"schema":{"@context":"https:\/\/schema.org","@graph":[{"@type":"Article","@id":"https:\/\/www.sonoraenequipo.com.mx\/resuelve-la-diputacion-permanente-enviar-exhortos-al-gobierno-federal\/#article","isPartOf":{"@id":"https:\/\/www.sonoraenequipo.com.mx\/resuelve-la-diputacion-permanente-enviar-exhortos-al-gobierno-federal\/"},"author":{"name":"enequipo","@id":"https:\/\/www.sonoraenequipo.com.mx\/#\/schema\/person\/50102df0fb23a8fa9e8effad8fa81386"},"headline":"Resuelve la Diputaci\u00f3n Permanente enviar exhortos al Gobierno Federal","datePublished":"2016-01-07T13:17:23+00:00","dateModified":"2016-01-08T13:22:46+00:00","mainEntityOfPage":{"@id":"https:\/\/www.sonoraenequipo.com.mx\/resuelve-la-diputacion-permanente-enviar-exhortos-al-gobierno-federal\/"},"wordCount":695,"commentCount":0,"publisher":{"@id":"https:\/\/www.sonoraenequipo.com.mx\/#organization"},"keywords":["Congreso del Estado de Sonora"],"articleSection":["Sin categorizar","Sonora"],"inLanguage":"es","potentialAction":[{"@type":"CommentAction","name":"Comment","target":["https:\/\/www.sonoraenequipo.com.mx\/resuelve-la-diputacion-permanente-enviar-exhortos-al-gobierno-federal\/#respond"]}]},{"@type":"WebPage","@id":"https:\/\/www.sonoraenequipo.com.mx\/resuelve-la-diputacion-permanente-enviar-exhortos-al-gobierno-federal\/","url":"https:\/\/www.sonoraenequipo.com.mx\/resuelve-la-diputacion-permanente-enviar-exhortos-al-gobierno-federal\/","name":"Sonora en Equipo. Resuelve la Diputaci\u00f3n Permanente enviar exhortos al Gobierno Federal","isPartOf":{"@id":"https:\/\/www.sonoraenequipo.com.mx\/#website"},"datePublished":"2016-01-07T13:17:23+00:00","dateModified":"2016-01-08T13:22:46+00:00","description":"07012016.HERMOSILLO, SONORA.MX.\u2014 La Diputaci\u00f3n Permanente aprob\u00f3 enviar dos exhortos al titular del Poder Ejecutivo Federal, con relaci\u00f3n a las En Sonora en Equipo publicamos toda la informaci\u00f3n de Sonora, M\u00e9xico y el Mundo de manera oportuna y busca que la libertad de expresi\u00f3n sea real. Visita nuestro medio informativo publicado desde Hermosillo, Sonora. %","breadcrumb":{"@id":"https:\/\/www.sonoraenequipo.com.mx\/resuelve-la-diputacion-permanente-enviar-exhortos-al-gobierno-federal\/#breadcrumb"},"inLanguage":"es","potentialAction":[{"@type":"ReadAction","target":["https:\/\/www.sonoraenequipo.com.mx\/resuelve-la-diputacion-permanente-enviar-exhortos-al-gobierno-federal\/"]}]},{"@type":"BreadcrumbList","@id":"https:\/\/www.sonoraenequipo.com.mx\/resuelve-la-diputacion-permanente-enviar-exhortos-al-gobierno-federal\/#breadcrumb","itemListElement":[{"@type":"ListItem","position":1,"name":"Portada","item":"https:\/\/www.sonoraenequipo.com.mx\/"},{"@type":"ListItem","position":2,"name":"Resuelve la Diputaci\u00f3n Permanente enviar exhortos al Gobierno Federal"}]},{"@type":"WebSite","@id":"https:\/\/www.sonoraenequipo.com.mx\/#website","url":"https:\/\/www.sonoraenequipo.com.mx\/","name":"Sonora en Equipo.","description":"Diario en l\u00ednea con Noticias desde Hermosillo, Sonora","publisher":{"@id":"https:\/\/www.sonoraenequipo.com.mx\/#organization"},"potentialAction":[{"@type":"SearchAction","target":{"@type":"EntryPoint","urlTemplate":"https:\/\/www.sonoraenequipo.com.mx\/?s={search_term_string}"},"query-input":{"@type":"PropertyValueSpecification","valueRequired":true,"valueName":"search_term_string"}}],"inLanguage":"es"},{"@type":"Organization","@id":"https:\/\/www.sonoraenequipo.com.mx\/#organization","name":"Sonoraenequipo.com.mx","url":"https:\/\/www.sonoraenequipo.com.mx\/","logo":{"@type":"ImageObject","inLanguage":"es","@id":"https:\/\/www.sonoraenequipo.com.mx\/#\/schema\/logo\/image\/","url":"https:\/\/www.sonoraenequipo.com.mx\/storage\/2019\/01\/sonoraenequipo_opt.png","contentUrl":"https:\/\/www.sonoraenequipo.com.mx\/storage\/2019\/01\/sonoraenequipo_opt.png","width":375,"height":125,"caption":"Sonoraenequipo.com.mx"},"image":{"@id":"https:\/\/www.sonoraenequipo.com.mx\/#\/schema\/logo\/image\/"},"sameAs":["https:\/\/www.facebook.com\/SonoraEE\/","https:\/\/x.com\/sonoraenequipo","https:\/\/www.youtube.com\/channel\/UC338nW-lPEYmJQs4ZABQ1SQ"]},{"@type":"Person","@id":"https:\/\/www.sonoraenequipo.com.mx\/#\/schema\/person\/50102df0fb23a8fa9e8effad8fa81386","name":"enequipo","image":{"@type":"ImageObject","inLanguage":"es","@id":"https:\/\/www.sonoraenequipo.com.mx\/#\/schema\/person\/image\/","url":"https:\/\/secure.gravatar.com\/avatar\/049821681b589dabc0bc20695993ccebb09f5b5d4d790cd9251b97faac7c652b?s=96&d=blank&r=g","contentUrl":"https:\/\/secure.gravatar.com\/avatar\/049821681b589dabc0bc20695993ccebb09f5b5d4d790cd9251b97faac7c652b?s=96&d=blank&r=g","caption":"enequipo"},"sameAs":["https:\/\/www.facebook.com\/SonoraEE"]}]}},"jetpack_featured_media_url":"","_links":{"self":[{"href":"https:\/\/www.sonoraenequipo.com.mx\/api\/wp\/v2\/posts\/2102","targetHints":{"allow":["GET"]}}],"collection":[{"href":"https:\/\/www.sonoraenequipo.com.mx\/api\/wp\/v2\/posts"}],"about":[{"href":"https:\/\/www.sonoraenequipo.com.mx\/api\/wp\/v2\/types\/post"}],"author":[{"embeddable":true,"href":"https:\/\/www.sonoraenequipo.com.mx\/api\/wp\/v2\/users\/1"}],"replies":[{"embeddable":true,"href":"https:\/\/www.sonoraenequipo.com.mx\/api\/wp\/v2\/comments?post=2102"}],"version-history":[{"count":0,"href":"https:\/\/www.sonoraenequipo.com.mx\/api\/wp\/v2\/posts\/2102\/revisions"}],"wp:attachment":[{"href":"https:\/\/www.sonoraenequipo.com.mx\/api\/wp\/v2\/media?parent=2102"}],"wp:term":[{"taxonomy":"category","embeddable":true,"href":"https:\/\/www.sonoraenequipo.com.mx\/api\/wp\/v2\/categories?post=2102"},{"taxonomy":"post_tag","embeddable":true,"href":"https:\/\/www.sonoraenequipo.com.mx\/api\/wp\/v2\/tags?post=2102"}],"curies":[{"name":"wp","href":"https:\/\/api.w.org\/{rel}","templated":true}]}}