{"id":210374,"date":"2025-02-26T14:07:20","date_gmt":"2025-02-26T21:07:20","guid":{"rendered":"https:\/\/www.sonoraenequipo.com.mx\/?p=210374"},"modified":"2025-02-26T14:07:20","modified_gmt":"2025-02-26T21:07:20","slug":"que-es-el-consistorio-de-cardenales-que-ha-convocado-el-papa-francisco","status":"publish","type":"post","link":"https:\/\/www.sonoraenequipo.com.mx\/que-es-el-consistorio-de-cardenales-que-ha-convocado-el-papa-francisco\/","title":{"rendered":"\u00bfQu\u00e9 es el consistorio de cardenales que ha convocado el Papa Francisco?"},"content":{"rendered":"<p>Sin embargo, adem\u00e1s de autorizar los decretos de cinco Siervos de Dios y aprobar la canonizaci\u00f3n del Beato venezolano Jos\u00e9 Gregorio Hern\u00e1ndez y del italiano Bartolo Longo, el Santo Padre convoc\u00f3 un consistorio; es decir, una reuni\u00f3n de cardenales sin que el Vaticano ofreciera m\u00e1s detalles sobre la fecha en la que tendr\u00e1 lugar.<\/p>\n<p>&nbsp;<\/p>\n<p>Esto depender\u00e1 fundamentalmente de cu\u00e1ndo pueda salir del hospital.<\/p>\n<p>&nbsp;<\/p>\n<p>La convocatoria de un consistorio para tratar este tipo de asuntos no es algo excepcional. El 1 de julio de 2024, el Papa Francisco reuni\u00f3 a los cardenales residentes o presentes en Roma ese d\u00eda para tratar las causas de algunos futuros santos, entre ellas la del joven italiano Carlo Acutis y la de los once m\u00e1rtires de Damasco asesinados en 1860 en la capital siria.<\/p>\n<p>&nbsp;<\/p>\n<p>En aquella ocasi\u00f3n, el Pont\u00edfice tambi\u00e9n us\u00f3 esa reuni\u00f3n de alto nivel para elevar a tres cardenales di\u00e1cono al rango de \u00abcardenal-sacerdote\u00bb: James Michael Harvey, Lorenzo Baldisseri y Gerhard Ludwig M\u00fcller, antiguo prefecto de la Congregaci\u00f3n para la Doctrina de la Fe.<\/p>\n<p>Consistorios ordinarios y extraordinarios<\/p>\n<p>Las reuniones de cardenales, conocidas como consistorios p\u00fablicos ordinarios, tambi\u00e9n pueden ser convocadas por el Papa Francisco por otros motivos.<\/p>\n<p>&nbsp;<\/p>\n<p>Seg\u00fan se definen en el C\u00f3digo de Derecho Can\u00f3nico, el Papa Francisco puede tratar en ellos \u201cciertos asuntos graves, pero que ocurren con bastante frecuencia, o para realizar ciertos actos particularmente solemnes\u00bb.<\/p>\n<p>Entre los diferentes temas que pueden tratarse en este tipo de encuentros se incluyen, por ejemplo, la creaci\u00f3n de nuevos cardenales o la reflexi\u00f3n sobre un tema concreto.<\/p>\n<p>&nbsp;<\/p>\n<p>Desde el inicio del pontificado del Papa Francisco, que cumplir\u00e1 en marzo 12 a\u00f1os, los consistorios p\u00fablicos ordinarios se celebran una o dos veces al a\u00f1o.<\/p>\n<p>&nbsp;<\/p>\n<p>Sin embargo, estas asambleas pueden ser escenario de anuncios m\u00e1s importantes. De hecho, Benedicto XVI anunci\u00f3 su dimisi\u00f3n el 11 de febrero de 2013 en un consistorio p\u00fablico ordinario.<\/p>\n<p>Los consistorios ordinarios tambi\u00e9n pueden ser secretos, es decir, a puerta cerrada y sin que est\u00e9 prevista la presencia de periodistas.<\/p>\n<p>&nbsp;<\/p>\n<p>En este caso, el Pont\u00edfice puede reunir a los cardenales de la Curia Romana en un consistorio en el que el orden del d\u00eda no se revela, o s\u00f3lo se explica parcialmente, como fue el caso del primer consistorio convocado por el Papa Benedicto XVI en marzo de 2006.<\/p>\n<p>&nbsp;<\/p>\n<p>Por \u00faltimo, el Papa Francisco tambi\u00e9n puede convocar un consistorio extraordinario que \u201cse celebra cuando lo exigen las necesidades particulares de la Iglesia o el estudio de asuntos de gran importancia\u00bb.\u00a0 A \u00e9l que \u00abson convocados todos los cardenales\u00bb, seg\u00fan el canon 353 del C\u00f3digo de Derecho Can\u00f3nico.<\/p>\n<p>&nbsp;<\/p>\n<p>Si este fuera el caso, el encuentro tendr\u00eda lugar a puerta cerrada.<\/p>\n<p>San Juan Pablo II convoc\u00f3 seis consistorios extraordinarios durante su pontificado, pero el Papa Francisco s\u00f3lo ha utilizado esta modalidad una vez, en febrero de 2014, justo antes de convocar el S\u00ednodo sobre la familia.<\/p>\n<p><strong>Fecha de publicaci\u00f3n mi\u00e9rcoles 26 \u00a0de febrero de 2025 \/ ACI Prensa<\/strong><\/p>\n","protected":false},"excerpt":{"rendered":"<p>Sin embargo, adem\u00e1s de autorizar los decretos de cinco Siervos de Dios y aprobar la&#8230;<\/p>\n","protected":false},"author":1,"featured_media":210375,"comment_status":"open","ping_status":"open","sticky":false,"template":"","format":"standard","meta":{"_monsterinsights_skip_tracking":false,"_monsterinsights_sitenote_active":false,"_monsterinsights_sitenote_note":"","_monsterinsights_sitenote_category":0,"footnotes":""},"categories":[3],"tags":[3552,5872],"class_list":["post"],"yoast_head":" \n<title>Sonora en Equipo. \u00bfQu\u00e9 es el consistorio de cardenales que ha convocado el Papa Francisco? MUNDO<\/title>\n<meta name=\"description\" content=\"Sin embargo, adem\u00e1s de autorizar los decretos de cinco Siervos de Dios y aprobar la canonizaci\u00f3n del Beato venezolano Jos\u00e9 Gregorio Hern\u00e1ndez y del En Sonora en Equipo publicamos toda la informaci\u00f3n de Sonora, M\u00e9xico y el Mundo de manera oportuna y busca que la libertad de expresi\u00f3n sea real. Visita nuestro medio informativo publicado desde Hermosillo, Sonora. %\" \/>\n<meta name=\"robots\" content=\"index, follow, max-snippet:-1, max-image-preview:large, max-video-preview:-1\" \/>\n<link rel=\"canonical\" href=\"https:\/\/www.sonoraenequipo.com.mx\/que-es-el-consistorio-de-cardenales-que-ha-convocado-el-papa-francisco\/\" \/>\n<meta property=\"og:locale\" content=\"es_ES\" \/>\n<meta property=\"og:type\" content=\"article\" \/>\n<meta property=\"og:title\" content=\"Sonora en Equipo. \u00bfQu\u00e9 es el consistorio de cardenales que ha convocado el Papa Francisco? MUNDO\" \/>\n<meta property=\"og:description\" content=\"Sin embargo, adem\u00e1s de autorizar los decretos de cinco Siervos de Dios y aprobar la canonizaci\u00f3n del Beato venezolano Jos\u00e9 Gregorio Hern\u00e1ndez y del En Sonora en Equipo publicamos toda la informaci\u00f3n de Sonora, M\u00e9xico y el Mundo de manera oportuna y busca que la libertad de expresi\u00f3n sea real. Visita nuestro medio informativo publicado desde Hermosillo, Sonora. %\" \/>\n<meta property=\"og:url\" content=\"https:\/\/www.sonoraenequipo.com.mx\/que-es-el-consistorio-de-cardenales-que-ha-convocado-el-papa-francisco\/\" \/>\n<meta property=\"og:site_name\" content=\"Sonora en Equipo.\" \/>\n<meta property=\"article:publisher\" content=\"https:\/\/www.facebook.com\/SonoraEE\/\" \/>\n<meta property=\"article:author\" content=\"https:\/\/www.facebook.com\/SonoraEE\" \/>\n<meta property=\"article:published_time\" content=\"2025-02-26T21:07:20+00:00\" \/>\n<meta property=\"og:image\" content=\"https:\/\/www.sonoraenequipo.com.mx\/storage\/2025\/02\/catedral-de-san-pedro-y-san-pablo.jpg\" \/>\n\t<meta property=\"og:image:width\" content=\"672\" \/>\n\t<meta property=\"og:image:height\" content=\"448\" \/>\n\t<meta property=\"og:image:type\" content=\"image\/jpeg\" \/>\n<meta name=\"author\" content=\"enequipo\" \/>\n<meta name=\"twitter:card\" content=\"summary_large_image\" \/>\n<meta name=\"twitter:creator\" content=\"@sonoraenequipo\" \/>\n<meta name=\"twitter:site\" content=\"@sonoraenequipo\" \/>\n<meta name=\"twitter:label1\" content=\"Escrito por\" \/>\n\t<meta name=\"twitter:data1\" content=\"enequipo\" \/>\n\t<meta name=\"twitter:label2\" content=\"Tiempo de lectura\" \/>\n\t<meta name=\"twitter:data2\" content=\"3 minutos\" \/>\n<script type=\"application\/ld+json\" class=\"yoast-schema-graph\">{\"@context\":\"https:\/\/schema.org\",\"@graph\":[{\"@type\":\"Article\",\"@id\":\"https:\/\/www.sonoraenequipo.com.mx\/que-es-el-consistorio-de-cardenales-que-ha-convocado-el-papa-francisco\/#article\",\"isPartOf\":{\"@id\":\"https:\/\/www.sonoraenequipo.com.mx\/que-es-el-consistorio-de-cardenales-que-ha-convocado-el-papa-francisco\/\"},\"author\":{\"name\":\"enequipo\",\"@id\":\"https:\/\/www.sonoraenequipo.com.mx\/#\/schema\/person\/50102df0fb23a8fa9e8effad8fa81386\"},\"headline\":\"\u00bfQu\u00e9 es el consistorio de cardenales que ha convocado el Papa Francisco?\",\"datePublished\":\"2025-02-26T21:07:20+00:00\",\"mainEntityOfPage\":{\"@id\":\"https:\/\/www.sonoraenequipo.com.mx\/que-es-el-consistorio-de-cardenales-que-ha-convocado-el-papa-francisco\/\"},\"wordCount\":537,\"commentCount\":0,\"publisher\":{\"@id\":\"https:\/\/www.sonoraenequipo.com.mx\/#organization\"},\"image\":{\"@id\":\"https:\/\/www.sonoraenequipo.com.mx\/que-es-el-consistorio-de-cardenales-que-ha-convocado-el-papa-francisco\/#primaryimage\"},\"thumbnailUrl\":\"https:\/\/www.sonoraenequipo.com.mx\/storage\/2025\/02\/catedral-de-san-pedro-y-san-pablo.jpg\",\"keywords\":[\"FRANCISCO\",\"papa\"],\"articleSection\":[\"MUNDO\"],\"inLanguage\":\"es\",\"potentialAction\":[{\"@type\":\"CommentAction\",\"name\":\"Comment\",\"target\":[\"https:\/\/www.sonoraenequipo.com.mx\/que-es-el-consistorio-de-cardenales-que-ha-convocado-el-papa-francisco\/#respond\"]}]},{\"@type\":\"WebPage\",\"@id\":\"https:\/\/www.sonoraenequipo.com.mx\/que-es-el-consistorio-de-cardenales-que-ha-convocado-el-papa-francisco\/\",\"url\":\"https:\/\/www.sonoraenequipo.com.mx\/que-es-el-consistorio-de-cardenales-que-ha-convocado-el-papa-francisco\/\",\"name\":\"Sonora en Equipo. \u00bfQu\u00e9 es el consistorio de cardenales que ha convocado el Papa Francisco? MUNDO\",\"isPartOf\":{\"@id\":\"https:\/\/www.sonoraenequipo.com.mx\/#website\"},\"primaryImageOfPage\":{\"@id\":\"https:\/\/www.sonoraenequipo.com.mx\/que-es-el-consistorio-de-cardenales-que-ha-convocado-el-papa-francisco\/#primaryimage\"},\"image\":{\"@id\":\"https:\/\/www.sonoraenequipo.com.mx\/que-es-el-consistorio-de-cardenales-que-ha-convocado-el-papa-francisco\/#primaryimage\"},\"thumbnailUrl\":\"https:\/\/www.sonoraenequipo.com.mx\/storage\/2025\/02\/catedral-de-san-pedro-y-san-pablo.jpg\",\"datePublished\":\"2025-02-26T21:07:20+00:00\",\"description\":\"Sin embargo, adem\u00e1s de autorizar los decretos de cinco Siervos de Dios y aprobar la canonizaci\u00f3n del Beato venezolano Jos\u00e9 Gregorio Hern\u00e1ndez y del En Sonora en Equipo publicamos toda la informaci\u00f3n de Sonora, M\u00e9xico y el Mundo de manera oportuna y busca que la libertad de expresi\u00f3n sea real. Visita nuestro medio informativo publicado desde Hermosillo, Sonora. %\",\"breadcrumb\":{\"@id\":\"https:\/\/www.sonoraenequipo.com.mx\/que-es-el-consistorio-de-cardenales-que-ha-convocado-el-papa-francisco\/#breadcrumb\"},\"inLanguage\":\"es\",\"potentialAction\":[{\"@type\":\"ReadAction\",\"target\":[\"https:\/\/www.sonoraenequipo.com.mx\/que-es-el-consistorio-de-cardenales-que-ha-convocado-el-papa-francisco\/\"]}]},{\"@type\":\"ImageObject\",\"inLanguage\":\"es\",\"@id\":\"https:\/\/www.sonoraenequipo.com.mx\/que-es-el-consistorio-de-cardenales-que-ha-convocado-el-papa-francisco\/#primaryimage\",\"url\":\"https:\/\/www.sonoraenequipo.com.mx\/storage\/2025\/02\/catedral-de-san-pedro-y-san-pablo.jpg\",\"contentUrl\":\"https:\/\/www.sonoraenequipo.com.mx\/storage\/2025\/02\/catedral-de-san-pedro-y-san-pablo.jpg\",\"width\":672,\"height\":448},{\"@type\":\"BreadcrumbList\",\"@id\":\"https:\/\/www.sonoraenequipo.com.mx\/que-es-el-consistorio-de-cardenales-que-ha-convocado-el-papa-francisco\/#breadcrumb\",\"itemListElement\":[{\"@type\":\"ListItem\",\"position\":1,\"name\":\"Portada\",\"item\":\"https:\/\/www.sonoraenequipo.com.mx\/\"},{\"@type\":\"ListItem\",\"position\":2,\"name\":\"\u00bfQu\u00e9 es el consistorio de cardenales que ha convocado el Papa Francisco?\"}]},{\"@type\":\"WebSite\",\"@id\":\"https:\/\/www.sonoraenequipo.com.mx\/#website\",\"url\":\"https:\/\/www.sonoraenequipo.com.mx\/\",\"name\":\"Sonora en Equipo.\",\"description\":\"Diario en l\u00ednea con Noticias desde Hermosillo, Sonora\",\"publisher\":{\"@id\":\"https:\/\/www.sonoraenequipo.com.mx\/#organization\"},\"potentialAction\":[{\"@type\":\"SearchAction\",\"target\":{\"@type\":\"EntryPoint\",\"urlTemplate\":\"https:\/\/www.sonoraenequipo.com.mx\/?s={search_term_string}\"},\"query-input\":{\"@type\":\"PropertyValueSpecification\",\"valueRequired\":true,\"valueName\":\"search_term_string\"}}],\"inLanguage\":\"es\"},{\"@type\":\"Organization\",\"@id\":\"https:\/\/www.sonoraenequipo.com.mx\/#organization\",\"name\":\"Sonoraenequipo.com.mx\",\"url\":\"https:\/\/www.sonoraenequipo.com.mx\/\",\"logo\":{\"@type\":\"ImageObject\",\"inLanguage\":\"es\",\"@id\":\"https:\/\/www.sonoraenequipo.com.mx\/#\/schema\/logo\/image\/\",\"url\":\"https:\/\/www.sonoraenequipo.com.mx\/storage\/2019\/01\/sonoraenequipo_opt.png\",\"contentUrl\":\"https:\/\/www.sonoraenequipo.com.mx\/storage\/2019\/01\/sonoraenequipo_opt.png\",\"width\":375,\"height\":125,\"caption\":\"Sonoraenequipo.com.mx\"},\"image\":{\"@id\":\"https:\/\/www.sonoraenequipo.com.mx\/#\/schema\/logo\/image\/\"},\"sameAs\":[\"https:\/\/www.facebook.com\/SonoraEE\/\",\"https:\/\/x.com\/sonoraenequipo\",\"https:\/\/www.youtube.com\/channel\/UC338nW-lPEYmJQs4ZABQ1SQ\"]},{\"@type\":\"Person\",\"@id\":\"https:\/\/www.sonoraenequipo.com.mx\/#\/schema\/person\/50102df0fb23a8fa9e8effad8fa81386\",\"name\":\"enequipo\",\"image\":{\"@type\":\"ImageObject\",\"inLanguage\":\"es\",\"@id\":\"https:\/\/www.sonoraenequipo.com.mx\/#\/schema\/person\/image\/\",\"url\":\"https:\/\/secure.gravatar.com\/avatar\/049821681b589dabc0bc20695993ccebb09f5b5d4d790cd9251b97faac7c652b?s=96&d=blank&r=g\",\"contentUrl\":\"https:\/\/secure.gravatar.com\/avatar\/049821681b589dabc0bc20695993ccebb09f5b5d4d790cd9251b97faac7c652b?s=96&d=blank&r=g\",\"caption\":\"enequipo\"},\"sameAs\":[\"https:\/\/www.facebook.com\/SonoraEE\"]}]}<\/script>\n ","yoast_head_json":{"title":"Sonora en Equipo. \u00bfQu\u00e9 es el consistorio de cardenales que ha convocado el Papa Francisco? MUNDO","description":"Sin embargo, adem\u00e1s de autorizar los decretos de cinco Siervos de Dios y aprobar la canonizaci\u00f3n del Beato venezolano Jos\u00e9 Gregorio Hern\u00e1ndez y del En Sonora en Equipo publicamos toda la informaci\u00f3n de Sonora, M\u00e9xico y el Mundo de manera oportuna y busca que la libertad de expresi\u00f3n sea real. Visita nuestro medio informativo publicado desde Hermosillo, Sonora. %","robots":{"index":"index","follow":"follow","max-snippet":"max-snippet:-1","max-image-preview":"max-image-preview:large","max-video-preview":"max-video-preview:-1"},"canonical":"https:\/\/www.sonoraenequipo.com.mx\/que-es-el-consistorio-de-cardenales-que-ha-convocado-el-papa-francisco\/","og_locale":"es_ES","og_type":"article","og_title":"Sonora en Equipo. \u00bfQu\u00e9 es el consistorio de cardenales que ha convocado el Papa Francisco? MUNDO","og_description":"Sin embargo, adem\u00e1s de autorizar los decretos de cinco Siervos de Dios y aprobar la canonizaci\u00f3n del Beato venezolano Jos\u00e9 Gregorio Hern\u00e1ndez y del En Sonora en Equipo publicamos toda la informaci\u00f3n de Sonora, M\u00e9xico y el Mundo de manera oportuna y busca que la libertad de expresi\u00f3n sea real. Visita nuestro medio informativo publicado desde Hermosillo, Sonora. %","og_url":"https:\/\/www.sonoraenequipo.com.mx\/que-es-el-consistorio-de-cardenales-que-ha-convocado-el-papa-francisco\/","og_site_name":"Sonora en Equipo.","article_publisher":"https:\/\/www.facebook.com\/SonoraEE\/","article_author":"https:\/\/www.facebook.com\/SonoraEE","article_published_time":"2025-02-26T21:07:20+00:00","og_image":[{"width":672,"height":448,"url":"https:\/\/www.sonoraenequipo.com.mx\/storage\/2025\/02\/catedral-de-san-pedro-y-san-pablo.jpg","type":"image\/jpeg"}],"author":"enequipo","twitter_card":"summary_large_image","twitter_creator":"@sonoraenequipo","twitter_site":"@sonoraenequipo","twitter_misc":{"Escrito por":"enequipo","Tiempo de lectura":"3 minutos"},"schema":{"@context":"https:\/\/schema.org","@graph":[{"@type":"Article","@id":"https:\/\/www.sonoraenequipo.com.mx\/que-es-el-consistorio-de-cardenales-que-ha-convocado-el-papa-francisco\/#article","isPartOf":{"@id":"https:\/\/www.sonoraenequipo.com.mx\/que-es-el-consistorio-de-cardenales-que-ha-convocado-el-papa-francisco\/"},"author":{"name":"enequipo","@id":"https:\/\/www.sonoraenequipo.com.mx\/#\/schema\/person\/50102df0fb23a8fa9e8effad8fa81386"},"headline":"\u00bfQu\u00e9 es el consistorio de cardenales que ha convocado el Papa Francisco?","datePublished":"2025-02-26T21:07:20+00:00","mainEntityOfPage":{"@id":"https:\/\/www.sonoraenequipo.com.mx\/que-es-el-consistorio-de-cardenales-que-ha-convocado-el-papa-francisco\/"},"wordCount":537,"commentCount":0,"publisher":{"@id":"https:\/\/www.sonoraenequipo.com.mx\/#organization"},"image":{"@id":"https:\/\/www.sonoraenequipo.com.mx\/que-es-el-consistorio-de-cardenales-que-ha-convocado-el-papa-francisco\/#primaryimage"},"thumbnailUrl":"https:\/\/www.sonoraenequipo.com.mx\/storage\/2025\/02\/catedral-de-san-pedro-y-san-pablo.jpg","keywords":["FRANCISCO","papa"],"articleSection":["MUNDO"],"inLanguage":"es","potentialAction":[{"@type":"CommentAction","name":"Comment","target":["https:\/\/www.sonoraenequipo.com.mx\/que-es-el-consistorio-de-cardenales-que-ha-convocado-el-papa-francisco\/#respond"]}]},{"@type":"WebPage","@id":"https:\/\/www.sonoraenequipo.com.mx\/que-es-el-consistorio-de-cardenales-que-ha-convocado-el-papa-francisco\/","url":"https:\/\/www.sonoraenequipo.com.mx\/que-es-el-consistorio-de-cardenales-que-ha-convocado-el-papa-francisco\/","name":"Sonora en Equipo. \u00bfQu\u00e9 es el consistorio de cardenales que ha convocado el Papa Francisco? MUNDO","isPartOf":{"@id":"https:\/\/www.sonoraenequipo.com.mx\/#website"},"primaryImageOfPage":{"@id":"https:\/\/www.sonoraenequipo.com.mx\/que-es-el-consistorio-de-cardenales-que-ha-convocado-el-papa-francisco\/#primaryimage"},"image":{"@id":"https:\/\/www.sonoraenequipo.com.mx\/que-es-el-consistorio-de-cardenales-que-ha-convocado-el-papa-francisco\/#primaryimage"},"thumbnailUrl":"https:\/\/www.sonoraenequipo.com.mx\/storage\/2025\/02\/catedral-de-san-pedro-y-san-pablo.jpg","datePublished":"2025-02-26T21:07:20+00:00","description":"Sin embargo, adem\u00e1s de autorizar los decretos de cinco Siervos de Dios y aprobar la canonizaci\u00f3n del Beato venezolano Jos\u00e9 Gregorio Hern\u00e1ndez y del En Sonora en Equipo publicamos toda la informaci\u00f3n de Sonora, M\u00e9xico y el Mundo de manera oportuna y busca que la libertad de expresi\u00f3n sea real. Visita nuestro medio informativo publicado desde Hermosillo, Sonora. %","breadcrumb":{"@id":"https:\/\/www.sonoraenequipo.com.mx\/que-es-el-consistorio-de-cardenales-que-ha-convocado-el-papa-francisco\/#breadcrumb"},"inLanguage":"es","potentialAction":[{"@type":"ReadAction","target":["https:\/\/www.sonoraenequipo.com.mx\/que-es-el-consistorio-de-cardenales-que-ha-convocado-el-papa-francisco\/"]}]},{"@type":"ImageObject","inLanguage":"es","@id":"https:\/\/www.sonoraenequipo.com.mx\/que-es-el-consistorio-de-cardenales-que-ha-convocado-el-papa-francisco\/#primaryimage","url":"https:\/\/www.sonoraenequipo.com.mx\/storage\/2025\/02\/catedral-de-san-pedro-y-san-pablo.jpg","contentUrl":"https:\/\/www.sonoraenequipo.com.mx\/storage\/2025\/02\/catedral-de-san-pedro-y-san-pablo.jpg","width":672,"height":448},{"@type":"BreadcrumbList","@id":"https:\/\/www.sonoraenequipo.com.mx\/que-es-el-consistorio-de-cardenales-que-ha-convocado-el-papa-francisco\/#breadcrumb","itemListElement":[{"@type":"ListItem","position":1,"name":"Portada","item":"https:\/\/www.sonoraenequipo.com.mx\/"},{"@type":"ListItem","position":2,"name":"\u00bfQu\u00e9 es el consistorio de cardenales que ha convocado el Papa Francisco?"}]},{"@type":"WebSite","@id":"https:\/\/www.sonoraenequipo.com.mx\/#website","url":"https:\/\/www.sonoraenequipo.com.mx\/","name":"Sonora en Equipo.","description":"Diario en l\u00ednea con Noticias desde Hermosillo, Sonora","publisher":{"@id":"https:\/\/www.sonoraenequipo.com.mx\/#organization"},"potentialAction":[{"@type":"SearchAction","target":{"@type":"EntryPoint","urlTemplate":"https:\/\/www.sonoraenequipo.com.mx\/?s={search_term_string}"},"query-input":{"@type":"PropertyValueSpecification","valueRequired":true,"valueName":"search_term_string"}}],"inLanguage":"es"},{"@type":"Organization","@id":"https:\/\/www.sonoraenequipo.com.mx\/#organization","name":"Sonoraenequipo.com.mx","url":"https:\/\/www.sonoraenequipo.com.mx\/","logo":{"@type":"ImageObject","inLanguage":"es","@id":"https:\/\/www.sonoraenequipo.com.mx\/#\/schema\/logo\/image\/","url":"https:\/\/www.sonoraenequipo.com.mx\/storage\/2019\/01\/sonoraenequipo_opt.png","contentUrl":"https:\/\/www.sonoraenequipo.com.mx\/storage\/2019\/01\/sonoraenequipo_opt.png","width":375,"height":125,"caption":"Sonoraenequipo.com.mx"},"image":{"@id":"https:\/\/www.sonoraenequipo.com.mx\/#\/schema\/logo\/image\/"},"sameAs":["https:\/\/www.facebook.com\/SonoraEE\/","https:\/\/x.com\/sonoraenequipo","https:\/\/www.youtube.com\/channel\/UC338nW-lPEYmJQs4ZABQ1SQ"]},{"@type":"Person","@id":"https:\/\/www.sonoraenequipo.com.mx\/#\/schema\/person\/50102df0fb23a8fa9e8effad8fa81386","name":"enequipo","image":{"@type":"ImageObject","inLanguage":"es","@id":"https:\/\/www.sonoraenequipo.com.mx\/#\/schema\/person\/image\/","url":"https:\/\/secure.gravatar.com\/avatar\/049821681b589dabc0bc20695993ccebb09f5b5d4d790cd9251b97faac7c652b?s=96&d=blank&r=g","contentUrl":"https:\/\/secure.gravatar.com\/avatar\/049821681b589dabc0bc20695993ccebb09f5b5d4d790cd9251b97faac7c652b?s=96&d=blank&r=g","caption":"enequipo"},"sameAs":["https:\/\/www.facebook.com\/SonoraEE"]}]}},"jetpack_featured_media_url":"https:\/\/www.sonoraenequipo.com.mx\/storage\/2025\/02\/catedral-de-san-pedro-y-san-pablo.jpg","_links":{"self":[{"href":"https:\/\/www.sonoraenequipo.com.mx\/api\/wp\/v2\/posts\/210374","targetHints":{"allow":["GET"]}}],"collection":[{"href":"https:\/\/www.sonoraenequipo.com.mx\/api\/wp\/v2\/posts"}],"about":[{"href":"https:\/\/www.sonoraenequipo.com.mx\/api\/wp\/v2\/types\/post"}],"author":[{"embeddable":true,"href":"https:\/\/www.sonoraenequipo.com.mx\/api\/wp\/v2\/users\/1"}],"replies":[{"embeddable":true,"href":"https:\/\/www.sonoraenequipo.com.mx\/api\/wp\/v2\/comments?post=210374"}],"version-history":[{"count":1,"href":"https:\/\/www.sonoraenequipo.com.mx\/api\/wp\/v2\/posts\/210374\/revisions"}],"predecessor-version":[{"id":210376,"href":"https:\/\/www.sonoraenequipo.com.mx\/api\/wp\/v2\/posts\/210374\/revisions\/210376"}],"wp:featuredmedia":[{"embeddable":true,"href":"https:\/\/www.sonoraenequipo.com.mx\/api\/wp\/v2\/media\/210375"}],"wp:attachment":[{"href":"https:\/\/www.sonoraenequipo.com.mx\/api\/wp\/v2\/media?parent=210374"}],"wp:term":[{"taxonomy":"category","embeddable":true,"href":"https:\/\/www.sonoraenequipo.com.mx\/api\/wp\/v2\/categories?post=210374"},{"taxonomy":"post_tag","embeddable":true,"href":"https:\/\/www.sonoraenequipo.com.mx\/api\/wp\/v2\/tags?post=210374"}],"curies":[{"name":"wp","href":"https:\/\/api.w.org\/{rel}","templated":true}]}}