{"id":210380,"date":"2025-02-26T15:08:31","date_gmt":"2025-02-26T22:08:31","guid":{"rendered":"https:\/\/www.sonoraenequipo.com.mx\/?p=210380"},"modified":"2025-02-26T15:08:31","modified_gmt":"2025-02-26T22:08:31","slug":"gobierno-de-sonora-realizara-propuesta-para-anteproyecto-de-ley-general-de-educacion-media-superior-sec","status":"publish","type":"post","link":"https:\/\/www.sonoraenequipo.com.mx\/gobierno-de-sonora-realizara-propuesta-para-anteproyecto-de-ley-general-de-educacion-media-superior-sec\/","title":{"rendered":"Gobierno de Sonora realizar\u00e1 propuesta para anteproyecto de Ley General de Educaci\u00f3n Media Superior: SEC"},"content":{"rendered":"<p><b>HERMOSILLO, SONORA. MX. \u2014 <\/b>Con el objetivo de aportar ideas, desde lo local, que contribuyan al acceso, equidad y calidad en la educaci\u00f3n media superior, el Gobierno de Sonora, a trav\u00e9s de la Secretar\u00eda de Educaci\u00f3n y Cultura (SEC), realizar\u00e1 una propuesta para colaborar en la construcci\u00f3n del anteproyecto de la Ley General de Educaci\u00f3n Media Superior.<\/p>\n<p>&nbsp;<\/p>\n<p>&nbsp;<\/p>\n<p> <\/p>\n<p>Junto con Baja California, Baja California Sur, Chihuahua y Sinaloa, autoridades educativas estatales presentaron un panorama general de dicho nivel, como parte de los Foros Regionales organizados por la Secretar\u00eda de Educaci\u00f3n P\u00fablica (SEP) para la creaci\u00f3n de un nuevo marco normativo.<\/p>\n<p>&nbsp;<\/p>\n<p>Asimismo, los titulares de los subsistemas de bachillerato, tanto estatales como federales, as\u00ed como las dependencias que integran la Comisi\u00f3n Estatal para la Planeaci\u00f3n y Programaci\u00f3n de la Educaci\u00f3n Media Superior en Sonora (Ceppems), acordaron, en la Primera Asamblea General Ordinaria de la comisi\u00f3n, trabajar colegiadamente en la integraci\u00f3n de una propuesta.<\/p>\n<p>&nbsp;<\/p>\n<p>Algunas de las instituciones que colaboran son el Colegio de Bachilleres del Estado de Sonora (Cobach), el Colegio de Educaci\u00f3n Profesional T\u00e9cnica del Estado de Sonora (Conalep), el Instituto Sonorense de Educaci\u00f3n para los Adultos (ISEA), la Direcci\u00f3n General de Educaci\u00f3n Tecnol\u00f3gica Industrial y de Servicios (Dgeti) y la Direcci\u00f3n General de Educaci\u00f3n Tecnol\u00f3gica Agropecuaria y Ciencias del Mar (Dgetaycm), entre otros.<\/p>\n<p>&nbsp;<\/p>\n<p>&nbsp;<\/p>\n<p>&nbsp;<\/p>\n<p>PUBLICADO EL 26 DE FEBRERO DE 2025 Con informaci\u00f3n de GOBSON 0225\/167)<\/p>\n","protected":false},"excerpt":{"rendered":"<p>HERMOSILLO, SONORA. MX. \u2014 Con el objetivo de aportar ideas, desde lo local, que contribuyan&#8230;<\/p>\n","protected":false},"author":1,"featured_media":0,"comment_status":"open","ping_status":"open","sticky":false,"template":"","format":"standard","meta":{"_monsterinsights_skip_tracking":false,"_monsterinsights_sitenote_active":false,"_monsterinsights_sitenote_note":"","_monsterinsights_sitenote_category":0,"footnotes":""},"categories":[22],"tags":[],"class_list":["post"],"yoast_head":" \n<title>Sonora en Equipo. Gobierno de Sonora realizar\u00e1 propuesta para anteproyecto de Ley General de Educaci\u00f3n Media Superior: SEC Sonora<\/title>\n<meta name=\"description\" content=\"HERMOSILLO, SONORA. MX. \u2014 Con el objetivo de aportar ideas, desde lo local, que contribuyan al acceso, equidad y calidad en la educaci\u00f3n media superior, En Sonora en Equipo publicamos toda la informaci\u00f3n de Sonora, M\u00e9xico y el Mundo de manera oportuna y busca que la libertad de expresi\u00f3n sea real. Visita nuestro medio informativo publicado desde Hermosillo, Sonora. %\" \/>\n<meta name=\"robots\" content=\"index, follow, max-snippet:-1, max-image-preview:large, max-video-preview:-1\" \/>\n<link rel=\"canonical\" href=\"https:\/\/www.sonoraenequipo.com.mx\/gobierno-de-sonora-realizara-propuesta-para-anteproyecto-de-ley-general-de-educacion-media-superior-sec\/\" \/>\n<meta property=\"og:locale\" content=\"es_ES\" \/>\n<meta property=\"og:type\" content=\"article\" \/>\n<meta property=\"og:title\" content=\"Sonora en Equipo. Gobierno de Sonora realizar\u00e1 propuesta para anteproyecto de Ley General de Educaci\u00f3n Media Superior: SEC Sonora\" \/>\n<meta property=\"og:description\" content=\"HERMOSILLO, SONORA. MX. \u2014 Con el objetivo de aportar ideas, desde lo local, que contribuyan al acceso, equidad y calidad en la educaci\u00f3n media superior, En Sonora en Equipo publicamos toda la informaci\u00f3n de Sonora, M\u00e9xico y el Mundo de manera oportuna y busca que la libertad de expresi\u00f3n sea real. Visita nuestro medio informativo publicado desde Hermosillo, Sonora. %\" \/>\n<meta property=\"og:url\" content=\"https:\/\/www.sonoraenequipo.com.mx\/gobierno-de-sonora-realizara-propuesta-para-anteproyecto-de-ley-general-de-educacion-media-superior-sec\/\" \/>\n<meta property=\"og:site_name\" content=\"Sonora en Equipo.\" \/>\n<meta property=\"article:publisher\" content=\"https:\/\/www.facebook.com\/SonoraEE\/\" \/>\n<meta property=\"article:author\" content=\"https:\/\/www.facebook.com\/SonoraEE\" \/>\n<meta property=\"article:published_time\" content=\"2025-02-26T22:08:31+00:00\" \/>\n<meta name=\"author\" content=\"enequipo\" \/>\n<meta name=\"twitter:card\" content=\"summary_large_image\" \/>\n<meta name=\"twitter:creator\" content=\"@sonoraenequipo\" \/>\n<meta name=\"twitter:site\" content=\"@sonoraenequipo\" \/>\n<meta name=\"twitter:label1\" content=\"Escrito por\" \/>\n\t<meta name=\"twitter:data1\" content=\"enequipo\" \/>\n\t<meta name=\"twitter:label2\" content=\"Tiempo de lectura\" \/>\n\t<meta name=\"twitter:data2\" content=\"1 minuto\" \/>\n<script type=\"application\/ld+json\" class=\"yoast-schema-graph\">{\"@context\":\"https:\/\/schema.org\",\"@graph\":[{\"@type\":\"Article\",\"@id\":\"https:\/\/www.sonoraenequipo.com.mx\/gobierno-de-sonora-realizara-propuesta-para-anteproyecto-de-ley-general-de-educacion-media-superior-sec\/#article\",\"isPartOf\":{\"@id\":\"https:\/\/www.sonoraenequipo.com.mx\/gobierno-de-sonora-realizara-propuesta-para-anteproyecto-de-ley-general-de-educacion-media-superior-sec\/\"},\"author\":{\"name\":\"enequipo\",\"@id\":\"https:\/\/www.sonoraenequipo.com.mx\/#\/schema\/person\/50102df0fb23a8fa9e8effad8fa81386\"},\"headline\":\"Gobierno de Sonora realizar\u00e1 propuesta para anteproyecto de Ley General de Educaci\u00f3n Media Superior: SEC\",\"datePublished\":\"2025-02-26T22:08:31+00:00\",\"mainEntityOfPage\":{\"@id\":\"https:\/\/www.sonoraenequipo.com.mx\/gobierno-de-sonora-realizara-propuesta-para-anteproyecto-de-ley-general-de-educacion-media-superior-sec\/\"},\"wordCount\":270,\"commentCount\":0,\"publisher\":{\"@id\":\"https:\/\/www.sonoraenequipo.com.mx\/#organization\"},\"articleSection\":[\"Sonora\"],\"inLanguage\":\"es\",\"potentialAction\":[{\"@type\":\"CommentAction\",\"name\":\"Comment\",\"target\":[\"https:\/\/www.sonoraenequipo.com.mx\/gobierno-de-sonora-realizara-propuesta-para-anteproyecto-de-ley-general-de-educacion-media-superior-sec\/#respond\"]}]},{\"@type\":\"WebPage\",\"@id\":\"https:\/\/www.sonoraenequipo.com.mx\/gobierno-de-sonora-realizara-propuesta-para-anteproyecto-de-ley-general-de-educacion-media-superior-sec\/\",\"url\":\"https:\/\/www.sonoraenequipo.com.mx\/gobierno-de-sonora-realizara-propuesta-para-anteproyecto-de-ley-general-de-educacion-media-superior-sec\/\",\"name\":\"Sonora en Equipo. Gobierno de Sonora realizar\u00e1 propuesta para anteproyecto de Ley General de Educaci\u00f3n Media Superior: SEC Sonora\",\"isPartOf\":{\"@id\":\"https:\/\/www.sonoraenequipo.com.mx\/#website\"},\"datePublished\":\"2025-02-26T22:08:31+00:00\",\"description\":\"HERMOSILLO, SONORA. MX. \u2014 Con el objetivo de aportar ideas, desde lo local, que contribuyan al acceso, equidad y calidad en la educaci\u00f3n media superior, En Sonora en Equipo publicamos toda la informaci\u00f3n de Sonora, M\u00e9xico y el Mundo de manera oportuna y busca que la libertad de expresi\u00f3n sea real. Visita nuestro medio informativo publicado desde Hermosillo, Sonora. %\",\"breadcrumb\":{\"@id\":\"https:\/\/www.sonoraenequipo.com.mx\/gobierno-de-sonora-realizara-propuesta-para-anteproyecto-de-ley-general-de-educacion-media-superior-sec\/#breadcrumb\"},\"inLanguage\":\"es\",\"potentialAction\":[{\"@type\":\"ReadAction\",\"target\":[\"https:\/\/www.sonoraenequipo.com.mx\/gobierno-de-sonora-realizara-propuesta-para-anteproyecto-de-ley-general-de-educacion-media-superior-sec\/\"]}]},{\"@type\":\"BreadcrumbList\",\"@id\":\"https:\/\/www.sonoraenequipo.com.mx\/gobierno-de-sonora-realizara-propuesta-para-anteproyecto-de-ley-general-de-educacion-media-superior-sec\/#breadcrumb\",\"itemListElement\":[{\"@type\":\"ListItem\",\"position\":1,\"name\":\"Portada\",\"item\":\"https:\/\/www.sonoraenequipo.com.mx\/\"},{\"@type\":\"ListItem\",\"position\":2,\"name\":\"Gobierno de Sonora realizar\u00e1 propuesta para anteproyecto de Ley General de Educaci\u00f3n Media Superior: SEC\"}]},{\"@type\":\"WebSite\",\"@id\":\"https:\/\/www.sonoraenequipo.com.mx\/#website\",\"url\":\"https:\/\/www.sonoraenequipo.com.mx\/\",\"name\":\"Sonora en Equipo.\",\"description\":\"Diario en l\u00ednea con Noticias desde Hermosillo, Sonora\",\"publisher\":{\"@id\":\"https:\/\/www.sonoraenequipo.com.mx\/#organization\"},\"potentialAction\":[{\"@type\":\"SearchAction\",\"target\":{\"@type\":\"EntryPoint\",\"urlTemplate\":\"https:\/\/www.sonoraenequipo.com.mx\/?s={search_term_string}\"},\"query-input\":{\"@type\":\"PropertyValueSpecification\",\"valueRequired\":true,\"valueName\":\"search_term_string\"}}],\"inLanguage\":\"es\"},{\"@type\":\"Organization\",\"@id\":\"https:\/\/www.sonoraenequipo.com.mx\/#organization\",\"name\":\"Sonoraenequipo.com.mx\",\"url\":\"https:\/\/www.sonoraenequipo.com.mx\/\",\"logo\":{\"@type\":\"ImageObject\",\"inLanguage\":\"es\",\"@id\":\"https:\/\/www.sonoraenequipo.com.mx\/#\/schema\/logo\/image\/\",\"url\":\"https:\/\/www.sonoraenequipo.com.mx\/storage\/2019\/01\/sonoraenequipo_opt.png\",\"contentUrl\":\"https:\/\/www.sonoraenequipo.com.mx\/storage\/2019\/01\/sonoraenequipo_opt.png\",\"width\":375,\"height\":125,\"caption\":\"Sonoraenequipo.com.mx\"},\"image\":{\"@id\":\"https:\/\/www.sonoraenequipo.com.mx\/#\/schema\/logo\/image\/\"},\"sameAs\":[\"https:\/\/www.facebook.com\/SonoraEE\/\",\"https:\/\/x.com\/sonoraenequipo\",\"https:\/\/www.youtube.com\/channel\/UC338nW-lPEYmJQs4ZABQ1SQ\"]},{\"@type\":\"Person\",\"@id\":\"https:\/\/www.sonoraenequipo.com.mx\/#\/schema\/person\/50102df0fb23a8fa9e8effad8fa81386\",\"name\":\"enequipo\",\"image\":{\"@type\":\"ImageObject\",\"inLanguage\":\"es\",\"@id\":\"https:\/\/www.sonoraenequipo.com.mx\/#\/schema\/person\/image\/\",\"url\":\"https:\/\/secure.gravatar.com\/avatar\/049821681b589dabc0bc20695993ccebb09f5b5d4d790cd9251b97faac7c652b?s=96&d=blank&r=g\",\"contentUrl\":\"https:\/\/secure.gravatar.com\/avatar\/049821681b589dabc0bc20695993ccebb09f5b5d4d790cd9251b97faac7c652b?s=96&d=blank&r=g\",\"caption\":\"enequipo\"},\"sameAs\":[\"https:\/\/www.facebook.com\/SonoraEE\"]}]}<\/script>\n ","yoast_head_json":{"title":"Sonora en Equipo. Gobierno de Sonora realizar\u00e1 propuesta para anteproyecto de Ley General de Educaci\u00f3n Media Superior: SEC Sonora","description":"HERMOSILLO, SONORA. MX. \u2014 Con el objetivo de aportar ideas, desde lo local, que contribuyan al acceso, equidad y calidad en la educaci\u00f3n media superior, En Sonora en Equipo publicamos toda la informaci\u00f3n de Sonora, M\u00e9xico y el Mundo de manera oportuna y busca que la libertad de expresi\u00f3n sea real. Visita nuestro medio informativo publicado desde Hermosillo, Sonora. %","robots":{"index":"index","follow":"follow","max-snippet":"max-snippet:-1","max-image-preview":"max-image-preview:large","max-video-preview":"max-video-preview:-1"},"canonical":"https:\/\/www.sonoraenequipo.com.mx\/gobierno-de-sonora-realizara-propuesta-para-anteproyecto-de-ley-general-de-educacion-media-superior-sec\/","og_locale":"es_ES","og_type":"article","og_title":"Sonora en Equipo. Gobierno de Sonora realizar\u00e1 propuesta para anteproyecto de Ley General de Educaci\u00f3n Media Superior: SEC Sonora","og_description":"HERMOSILLO, SONORA. MX. \u2014 Con el objetivo de aportar ideas, desde lo local, que contribuyan al acceso, equidad y calidad en la educaci\u00f3n media superior, En Sonora en Equipo publicamos toda la informaci\u00f3n de Sonora, M\u00e9xico y el Mundo de manera oportuna y busca que la libertad de expresi\u00f3n sea real. Visita nuestro medio informativo publicado desde Hermosillo, Sonora. %","og_url":"https:\/\/www.sonoraenequipo.com.mx\/gobierno-de-sonora-realizara-propuesta-para-anteproyecto-de-ley-general-de-educacion-media-superior-sec\/","og_site_name":"Sonora en Equipo.","article_publisher":"https:\/\/www.facebook.com\/SonoraEE\/","article_author":"https:\/\/www.facebook.com\/SonoraEE","article_published_time":"2025-02-26T22:08:31+00:00","author":"enequipo","twitter_card":"summary_large_image","twitter_creator":"@sonoraenequipo","twitter_site":"@sonoraenequipo","twitter_misc":{"Escrito por":"enequipo","Tiempo de lectura":"1 minuto"},"schema":{"@context":"https:\/\/schema.org","@graph":[{"@type":"Article","@id":"https:\/\/www.sonoraenequipo.com.mx\/gobierno-de-sonora-realizara-propuesta-para-anteproyecto-de-ley-general-de-educacion-media-superior-sec\/#article","isPartOf":{"@id":"https:\/\/www.sonoraenequipo.com.mx\/gobierno-de-sonora-realizara-propuesta-para-anteproyecto-de-ley-general-de-educacion-media-superior-sec\/"},"author":{"name":"enequipo","@id":"https:\/\/www.sonoraenequipo.com.mx\/#\/schema\/person\/50102df0fb23a8fa9e8effad8fa81386"},"headline":"Gobierno de Sonora realizar\u00e1 propuesta para anteproyecto de Ley General de Educaci\u00f3n Media Superior: SEC","datePublished":"2025-02-26T22:08:31+00:00","mainEntityOfPage":{"@id":"https:\/\/www.sonoraenequipo.com.mx\/gobierno-de-sonora-realizara-propuesta-para-anteproyecto-de-ley-general-de-educacion-media-superior-sec\/"},"wordCount":270,"commentCount":0,"publisher":{"@id":"https:\/\/www.sonoraenequipo.com.mx\/#organization"},"articleSection":["Sonora"],"inLanguage":"es","potentialAction":[{"@type":"CommentAction","name":"Comment","target":["https:\/\/www.sonoraenequipo.com.mx\/gobierno-de-sonora-realizara-propuesta-para-anteproyecto-de-ley-general-de-educacion-media-superior-sec\/#respond"]}]},{"@type":"WebPage","@id":"https:\/\/www.sonoraenequipo.com.mx\/gobierno-de-sonora-realizara-propuesta-para-anteproyecto-de-ley-general-de-educacion-media-superior-sec\/","url":"https:\/\/www.sonoraenequipo.com.mx\/gobierno-de-sonora-realizara-propuesta-para-anteproyecto-de-ley-general-de-educacion-media-superior-sec\/","name":"Sonora en Equipo. Gobierno de Sonora realizar\u00e1 propuesta para anteproyecto de Ley General de Educaci\u00f3n Media Superior: SEC Sonora","isPartOf":{"@id":"https:\/\/www.sonoraenequipo.com.mx\/#website"},"datePublished":"2025-02-26T22:08:31+00:00","description":"HERMOSILLO, SONORA. MX. \u2014 Con el objetivo de aportar ideas, desde lo local, que contribuyan al acceso, equidad y calidad en la educaci\u00f3n media superior, En Sonora en Equipo publicamos toda la informaci\u00f3n de Sonora, M\u00e9xico y el Mundo de manera oportuna y busca que la libertad de expresi\u00f3n sea real. Visita nuestro medio informativo publicado desde Hermosillo, Sonora. %","breadcrumb":{"@id":"https:\/\/www.sonoraenequipo.com.mx\/gobierno-de-sonora-realizara-propuesta-para-anteproyecto-de-ley-general-de-educacion-media-superior-sec\/#breadcrumb"},"inLanguage":"es","potentialAction":[{"@type":"ReadAction","target":["https:\/\/www.sonoraenequipo.com.mx\/gobierno-de-sonora-realizara-propuesta-para-anteproyecto-de-ley-general-de-educacion-media-superior-sec\/"]}]},{"@type":"BreadcrumbList","@id":"https:\/\/www.sonoraenequipo.com.mx\/gobierno-de-sonora-realizara-propuesta-para-anteproyecto-de-ley-general-de-educacion-media-superior-sec\/#breadcrumb","itemListElement":[{"@type":"ListItem","position":1,"name":"Portada","item":"https:\/\/www.sonoraenequipo.com.mx\/"},{"@type":"ListItem","position":2,"name":"Gobierno de Sonora realizar\u00e1 propuesta para anteproyecto de Ley General de Educaci\u00f3n Media Superior: SEC"}]},{"@type":"WebSite","@id":"https:\/\/www.sonoraenequipo.com.mx\/#website","url":"https:\/\/www.sonoraenequipo.com.mx\/","name":"Sonora en Equipo.","description":"Diario en l\u00ednea con Noticias desde Hermosillo, Sonora","publisher":{"@id":"https:\/\/www.sonoraenequipo.com.mx\/#organization"},"potentialAction":[{"@type":"SearchAction","target":{"@type":"EntryPoint","urlTemplate":"https:\/\/www.sonoraenequipo.com.mx\/?s={search_term_string}"},"query-input":{"@type":"PropertyValueSpecification","valueRequired":true,"valueName":"search_term_string"}}],"inLanguage":"es"},{"@type":"Organization","@id":"https:\/\/www.sonoraenequipo.com.mx\/#organization","name":"Sonoraenequipo.com.mx","url":"https:\/\/www.sonoraenequipo.com.mx\/","logo":{"@type":"ImageObject","inLanguage":"es","@id":"https:\/\/www.sonoraenequipo.com.mx\/#\/schema\/logo\/image\/","url":"https:\/\/www.sonoraenequipo.com.mx\/storage\/2019\/01\/sonoraenequipo_opt.png","contentUrl":"https:\/\/www.sonoraenequipo.com.mx\/storage\/2019\/01\/sonoraenequipo_opt.png","width":375,"height":125,"caption":"Sonoraenequipo.com.mx"},"image":{"@id":"https:\/\/www.sonoraenequipo.com.mx\/#\/schema\/logo\/image\/"},"sameAs":["https:\/\/www.facebook.com\/SonoraEE\/","https:\/\/x.com\/sonoraenequipo","https:\/\/www.youtube.com\/channel\/UC338nW-lPEYmJQs4ZABQ1SQ"]},{"@type":"Person","@id":"https:\/\/www.sonoraenequipo.com.mx\/#\/schema\/person\/50102df0fb23a8fa9e8effad8fa81386","name":"enequipo","image":{"@type":"ImageObject","inLanguage":"es","@id":"https:\/\/www.sonoraenequipo.com.mx\/#\/schema\/person\/image\/","url":"https:\/\/secure.gravatar.com\/avatar\/049821681b589dabc0bc20695993ccebb09f5b5d4d790cd9251b97faac7c652b?s=96&d=blank&r=g","contentUrl":"https:\/\/secure.gravatar.com\/avatar\/049821681b589dabc0bc20695993ccebb09f5b5d4d790cd9251b97faac7c652b?s=96&d=blank&r=g","caption":"enequipo"},"sameAs":["https:\/\/www.facebook.com\/SonoraEE"]}]}},"jetpack_featured_media_url":"","_links":{"self":[{"href":"https:\/\/www.sonoraenequipo.com.mx\/api\/wp\/v2\/posts\/210380","targetHints":{"allow":["GET"]}}],"collection":[{"href":"https:\/\/www.sonoraenequipo.com.mx\/api\/wp\/v2\/posts"}],"about":[{"href":"https:\/\/www.sonoraenequipo.com.mx\/api\/wp\/v2\/types\/post"}],"author":[{"embeddable":true,"href":"https:\/\/www.sonoraenequipo.com.mx\/api\/wp\/v2\/users\/1"}],"replies":[{"embeddable":true,"href":"https:\/\/www.sonoraenequipo.com.mx\/api\/wp\/v2\/comments?post=210380"}],"version-history":[{"count":1,"href":"https:\/\/www.sonoraenequipo.com.mx\/api\/wp\/v2\/posts\/210380\/revisions"}],"predecessor-version":[{"id":210381,"href":"https:\/\/www.sonoraenequipo.com.mx\/api\/wp\/v2\/posts\/210380\/revisions\/210381"}],"wp:attachment":[{"href":"https:\/\/www.sonoraenequipo.com.mx\/api\/wp\/v2\/media?parent=210380"}],"wp:term":[{"taxonomy":"category","embeddable":true,"href":"https:\/\/www.sonoraenequipo.com.mx\/api\/wp\/v2\/categories?post=210380"},{"taxonomy":"post_tag","embeddable":true,"href":"https:\/\/www.sonoraenequipo.com.mx\/api\/wp\/v2\/tags?post=210380"}],"curies":[{"name":"wp","href":"https:\/\/api.w.org\/{rel}","templated":true}]}}