{"id":210382,"date":"2025-02-26T16:38:34","date_gmt":"2025-02-26T23:38:34","guid":{"rendered":"https:\/\/www.sonoraenequipo.com.mx\/?p=210382"},"modified":"2025-02-26T16:04:20","modified_gmt":"2025-02-26T23:04:20","slug":"respalda-gobernador-durazo-creacion-del-centro-nacional-de-diseno-de-semiconductores-kutsari-ues","status":"publish","type":"post","link":"https:\/\/www.sonoraenequipo.com.mx\/respalda-gobernador-durazo-creacion-del-centro-nacional-de-diseno-de-semiconductores-kutsari-ues\/","title":{"rendered":"Respalda Gobernador Durazo creaci\u00f3n del Centro Nacional de Dise\u00f1o de Semiconductores \u201cKutsari\u201d: UES"},"content":{"rendered":"<p><b>HERMOSILLO, SONORA. MX. \u2014 <\/b>Para coordinar esfuerzos en apoyo al proyecto nacional \u00abKutsari\u00bb, orientado al desarrollo de la industria de semiconductores en M\u00e9xico, acad\u00e9micos e investigadores sonorenses se reunieron con el coordinador nacional del proyecto, Edmundo Guti\u00e9rrez Dom\u00ednguez, inform\u00f3 la rectora de la Universidad Estatal de Sonora (UES), Martha Patricia Pati\u00f1o Fierro.<\/p>\n<p> <\/p>\n<p>Durante el encuentro, Guti\u00e9rrez Dom\u00ednguez present\u00f3 los alcances del proyecto impulsado por la presidenta Claudia Sheinbaum y destac\u00f3 la manera en que las universidades pueden contribuir a la formaci\u00f3n de personal altamente especializado y al avance de la investigaci\u00f3n en semiconductores y ciencia de materiales. Asimismo, subray\u00f3 la importancia de la cooperaci\u00f3n acad\u00e9mica y cient\u00edfica para fortalecer el sector.<\/p>\n<p>Pati\u00f1o Fierro resalt\u00f3 el acuerdo entre las universidades participantes para mantener un di\u00e1logo constante y constructivo, con el fin de integrarse al proyecto y contribuir a sus diferentes fases mediante un enfoque colaborativo que impulse el desarrollo de la industria de semiconductores en Sonora y a nivel nacional.<\/p>\n<p>La reuni\u00f3n, celebrada en la UES, tambi\u00e9n cont\u00f3 con la participaci\u00f3n del coordinador ejecutivo del Consejo para el Desarrollo Sostenible del Estado de Sonora (Codeso), Diego Alberto Avil\u00e9s Quintanar, quien expuso la relaci\u00f3n del Plan Sonora, impulsado por el gobernador Alfonso Durazo, con el proyecto \u00abKutsari\u00bb, ambas iniciativas estrat\u00e9gicas para el desarrollo del pa\u00eds y del estado.<\/p>\n<p>Asistieron acad\u00e9micos e investigadores de la UES, la Universidad de Sonora (Unison), el Instituto Tecnol\u00f3gico de Hermosillo (ITH) y el Instituto Tecnol\u00f3gico Superior de Cajeme (Itesca), con experiencia en la industria de semiconductores y circuitos integrados.<\/p>\n<p>PUBLICADO EL 26 DE FEBRERO DE 2025 Con informaci\u00f3n de GOBSON 0225\/169)<\/p>\n","protected":false},"excerpt":{"rendered":"<p>HERMOSILLO, SONORA. MX. \u2014 Para coordinar esfuerzos en apoyo al proyecto nacional \u00abKutsari\u00bb, orientado al&#8230;<\/p>\n","protected":false},"author":1,"featured_media":210383,"comment_status":"open","ping_status":"open","sticky":false,"template":"","format":"standard","meta":{"_monsterinsights_skip_tracking":false,"_monsterinsights_sitenote_active":false,"_monsterinsights_sitenote_note":"","_monsterinsights_sitenote_category":0,"footnotes":""},"categories":[22],"tags":[],"class_list":["post"],"yoast_head":" \n<title>Sonora en Equipo. Respalda Gobernador Durazo creaci\u00f3n del Centro Nacional de Dise\u00f1o de Semiconductores \u201cKutsari\u201d: UES Sonora<\/title>\n<meta name=\"description\" content=\"HERMOSILLO, SONORA. MX. \u2014 Para coordinar esfuerzos en apoyo al proyecto nacional &quot;Kutsari&quot;, orientado al desarrollo de la industria de semiconductores en En Sonora en Equipo publicamos toda la informaci\u00f3n de Sonora, M\u00e9xico y el Mundo de manera oportuna y busca que la libertad de expresi\u00f3n sea real. Visita nuestro medio informativo publicado desde Hermosillo, Sonora. %\" \/>\n<meta name=\"robots\" content=\"index, follow, max-snippet:-1, max-image-preview:large, max-video-preview:-1\" \/>\n<link rel=\"canonical\" href=\"https:\/\/www.sonoraenequipo.com.mx\/respalda-gobernador-durazo-creacion-del-centro-nacional-de-diseno-de-semiconductores-kutsari-ues\/\" \/>\n<meta property=\"og:locale\" content=\"es_ES\" \/>\n<meta property=\"og:type\" content=\"article\" \/>\n<meta property=\"og:title\" content=\"Sonora en Equipo. Respalda Gobernador Durazo creaci\u00f3n del Centro Nacional de Dise\u00f1o de Semiconductores \u201cKutsari\u201d: UES Sonora\" \/>\n<meta property=\"og:description\" content=\"HERMOSILLO, SONORA. MX. \u2014 Para coordinar esfuerzos en apoyo al proyecto nacional &quot;Kutsari&quot;, orientado al desarrollo de la industria de semiconductores en En Sonora en Equipo publicamos toda la informaci\u00f3n de Sonora, M\u00e9xico y el Mundo de manera oportuna y busca que la libertad de expresi\u00f3n sea real. Visita nuestro medio informativo publicado desde Hermosillo, Sonora. %\" \/>\n<meta property=\"og:url\" content=\"https:\/\/www.sonoraenequipo.com.mx\/respalda-gobernador-durazo-creacion-del-centro-nacional-de-diseno-de-semiconductores-kutsari-ues\/\" \/>\n<meta property=\"og:site_name\" content=\"Sonora en Equipo.\" \/>\n<meta property=\"article:publisher\" content=\"https:\/\/www.facebook.com\/SonoraEE\/\" \/>\n<meta property=\"article:author\" content=\"https:\/\/www.facebook.com\/SonoraEE\" \/>\n<meta property=\"article:published_time\" content=\"2025-02-26T23:38:34+00:00\" \/>\n<meta property=\"og:image\" content=\"https:\/\/www.sonoraenequipo.com.mx\/storage\/2025\/02\/UES-min.jpg\" \/>\n\t<meta property=\"og:image:width\" content=\"1000\" \/>\n\t<meta property=\"og:image:height\" content=\"666\" \/>\n\t<meta property=\"og:image:type\" content=\"image\/jpeg\" \/>\n<meta name=\"author\" content=\"enequipo\" \/>\n<meta name=\"twitter:card\" content=\"summary_large_image\" \/>\n<meta name=\"twitter:creator\" content=\"@sonoraenequipo\" \/>\n<meta name=\"twitter:site\" content=\"@sonoraenequipo\" \/>\n<meta name=\"twitter:label1\" content=\"Escrito por\" \/>\n\t<meta name=\"twitter:data1\" content=\"enequipo\" \/>\n\t<meta name=\"twitter:label2\" content=\"Tiempo de lectura\" \/>\n\t<meta name=\"twitter:data2\" content=\"1 minuto\" \/>\n<script type=\"application\/ld+json\" class=\"yoast-schema-graph\">{\"@context\":\"https:\/\/schema.org\",\"@graph\":[{\"@type\":\"Article\",\"@id\":\"https:\/\/www.sonoraenequipo.com.mx\/respalda-gobernador-durazo-creacion-del-centro-nacional-de-diseno-de-semiconductores-kutsari-ues\/#article\",\"isPartOf\":{\"@id\":\"https:\/\/www.sonoraenequipo.com.mx\/respalda-gobernador-durazo-creacion-del-centro-nacional-de-diseno-de-semiconductores-kutsari-ues\/\"},\"author\":{\"name\":\"enequipo\",\"@id\":\"https:\/\/www.sonoraenequipo.com.mx\/#\/schema\/person\/50102df0fb23a8fa9e8effad8fa81386\"},\"headline\":\"Respalda Gobernador Durazo creaci\u00f3n del Centro Nacional de Dise\u00f1o de Semiconductores \u201cKutsari\u201d: UES\",\"datePublished\":\"2025-02-26T23:38:34+00:00\",\"mainEntityOfPage\":{\"@id\":\"https:\/\/www.sonoraenequipo.com.mx\/respalda-gobernador-durazo-creacion-del-centro-nacional-de-diseno-de-semiconductores-kutsari-ues\/\"},\"wordCount\":300,\"commentCount\":0,\"publisher\":{\"@id\":\"https:\/\/www.sonoraenequipo.com.mx\/#organization\"},\"image\":{\"@id\":\"https:\/\/www.sonoraenequipo.com.mx\/respalda-gobernador-durazo-creacion-del-centro-nacional-de-diseno-de-semiconductores-kutsari-ues\/#primaryimage\"},\"thumbnailUrl\":\"https:\/\/www.sonoraenequipo.com.mx\/storage\/2025\/02\/UES-min.jpg\",\"articleSection\":[\"Sonora\"],\"inLanguage\":\"es\",\"potentialAction\":[{\"@type\":\"CommentAction\",\"name\":\"Comment\",\"target\":[\"https:\/\/www.sonoraenequipo.com.mx\/respalda-gobernador-durazo-creacion-del-centro-nacional-de-diseno-de-semiconductores-kutsari-ues\/#respond\"]}]},{\"@type\":\"WebPage\",\"@id\":\"https:\/\/www.sonoraenequipo.com.mx\/respalda-gobernador-durazo-creacion-del-centro-nacional-de-diseno-de-semiconductores-kutsari-ues\/\",\"url\":\"https:\/\/www.sonoraenequipo.com.mx\/respalda-gobernador-durazo-creacion-del-centro-nacional-de-diseno-de-semiconductores-kutsari-ues\/\",\"name\":\"Sonora en Equipo. Respalda Gobernador Durazo creaci\u00f3n del Centro Nacional de Dise\u00f1o de Semiconductores \u201cKutsari\u201d: UES Sonora\",\"isPartOf\":{\"@id\":\"https:\/\/www.sonoraenequipo.com.mx\/#website\"},\"primaryImageOfPage\":{\"@id\":\"https:\/\/www.sonoraenequipo.com.mx\/respalda-gobernador-durazo-creacion-del-centro-nacional-de-diseno-de-semiconductores-kutsari-ues\/#primaryimage\"},\"image\":{\"@id\":\"https:\/\/www.sonoraenequipo.com.mx\/respalda-gobernador-durazo-creacion-del-centro-nacional-de-diseno-de-semiconductores-kutsari-ues\/#primaryimage\"},\"thumbnailUrl\":\"https:\/\/www.sonoraenequipo.com.mx\/storage\/2025\/02\/UES-min.jpg\",\"datePublished\":\"2025-02-26T23:38:34+00:00\",\"description\":\"HERMOSILLO, SONORA. MX. \u2014 Para coordinar esfuerzos en apoyo al proyecto nacional \\\"Kutsari\\\", orientado al desarrollo de la industria de semiconductores en En Sonora en Equipo publicamos toda la informaci\u00f3n de Sonora, M\u00e9xico y el Mundo de manera oportuna y busca que la libertad de expresi\u00f3n sea real. Visita nuestro medio informativo publicado desde Hermosillo, Sonora. %\",\"breadcrumb\":{\"@id\":\"https:\/\/www.sonoraenequipo.com.mx\/respalda-gobernador-durazo-creacion-del-centro-nacional-de-diseno-de-semiconductores-kutsari-ues\/#breadcrumb\"},\"inLanguage\":\"es\",\"potentialAction\":[{\"@type\":\"ReadAction\",\"target\":[\"https:\/\/www.sonoraenequipo.com.mx\/respalda-gobernador-durazo-creacion-del-centro-nacional-de-diseno-de-semiconductores-kutsari-ues\/\"]}]},{\"@type\":\"ImageObject\",\"inLanguage\":\"es\",\"@id\":\"https:\/\/www.sonoraenequipo.com.mx\/respalda-gobernador-durazo-creacion-del-centro-nacional-de-diseno-de-semiconductores-kutsari-ues\/#primaryimage\",\"url\":\"https:\/\/www.sonoraenequipo.com.mx\/storage\/2025\/02\/UES-min.jpg\",\"contentUrl\":\"https:\/\/www.sonoraenequipo.com.mx\/storage\/2025\/02\/UES-min.jpg\",\"width\":1000,\"height\":666},{\"@type\":\"BreadcrumbList\",\"@id\":\"https:\/\/www.sonoraenequipo.com.mx\/respalda-gobernador-durazo-creacion-del-centro-nacional-de-diseno-de-semiconductores-kutsari-ues\/#breadcrumb\",\"itemListElement\":[{\"@type\":\"ListItem\",\"position\":1,\"name\":\"Portada\",\"item\":\"https:\/\/www.sonoraenequipo.com.mx\/\"},{\"@type\":\"ListItem\",\"position\":2,\"name\":\"Respalda Gobernador Durazo creaci\u00f3n del Centro Nacional de Dise\u00f1o de Semiconductores \u201cKutsari\u201d: UES\"}]},{\"@type\":\"WebSite\",\"@id\":\"https:\/\/www.sonoraenequipo.com.mx\/#website\",\"url\":\"https:\/\/www.sonoraenequipo.com.mx\/\",\"name\":\"Sonora en Equipo.\",\"description\":\"Diario en l\u00ednea con Noticias desde Hermosillo, Sonora\",\"publisher\":{\"@id\":\"https:\/\/www.sonoraenequipo.com.mx\/#organization\"},\"potentialAction\":[{\"@type\":\"SearchAction\",\"target\":{\"@type\":\"EntryPoint\",\"urlTemplate\":\"https:\/\/www.sonoraenequipo.com.mx\/?s={search_term_string}\"},\"query-input\":{\"@type\":\"PropertyValueSpecification\",\"valueRequired\":true,\"valueName\":\"search_term_string\"}}],\"inLanguage\":\"es\"},{\"@type\":\"Organization\",\"@id\":\"https:\/\/www.sonoraenequipo.com.mx\/#organization\",\"name\":\"Sonoraenequipo.com.mx\",\"url\":\"https:\/\/www.sonoraenequipo.com.mx\/\",\"logo\":{\"@type\":\"ImageObject\",\"inLanguage\":\"es\",\"@id\":\"https:\/\/www.sonoraenequipo.com.mx\/#\/schema\/logo\/image\/\",\"url\":\"https:\/\/www.sonoraenequipo.com.mx\/storage\/2019\/01\/sonoraenequipo_opt.png\",\"contentUrl\":\"https:\/\/www.sonoraenequipo.com.mx\/storage\/2019\/01\/sonoraenequipo_opt.png\",\"width\":375,\"height\":125,\"caption\":\"Sonoraenequipo.com.mx\"},\"image\":{\"@id\":\"https:\/\/www.sonoraenequipo.com.mx\/#\/schema\/logo\/image\/\"},\"sameAs\":[\"https:\/\/www.facebook.com\/SonoraEE\/\",\"https:\/\/x.com\/sonoraenequipo\",\"https:\/\/www.youtube.com\/channel\/UC338nW-lPEYmJQs4ZABQ1SQ\"]},{\"@type\":\"Person\",\"@id\":\"https:\/\/www.sonoraenequipo.com.mx\/#\/schema\/person\/50102df0fb23a8fa9e8effad8fa81386\",\"name\":\"enequipo\",\"image\":{\"@type\":\"ImageObject\",\"inLanguage\":\"es\",\"@id\":\"https:\/\/www.sonoraenequipo.com.mx\/#\/schema\/person\/image\/\",\"url\":\"https:\/\/secure.gravatar.com\/avatar\/049821681b589dabc0bc20695993ccebb09f5b5d4d790cd9251b97faac7c652b?s=96&d=blank&r=g\",\"contentUrl\":\"https:\/\/secure.gravatar.com\/avatar\/049821681b589dabc0bc20695993ccebb09f5b5d4d790cd9251b97faac7c652b?s=96&d=blank&r=g\",\"caption\":\"enequipo\"},\"sameAs\":[\"https:\/\/www.facebook.com\/SonoraEE\"]}]}<\/script>\n ","yoast_head_json":{"title":"Sonora en Equipo. Respalda Gobernador Durazo creaci\u00f3n del Centro Nacional de Dise\u00f1o de Semiconductores \u201cKutsari\u201d: UES Sonora","description":"HERMOSILLO, SONORA. MX. \u2014 Para coordinar esfuerzos en apoyo al proyecto nacional \"Kutsari\", orientado al desarrollo de la industria de semiconductores en En Sonora en Equipo publicamos toda la informaci\u00f3n de Sonora, M\u00e9xico y el Mundo de manera oportuna y busca que la libertad de expresi\u00f3n sea real. Visita nuestro medio informativo publicado desde Hermosillo, Sonora. %","robots":{"index":"index","follow":"follow","max-snippet":"max-snippet:-1","max-image-preview":"max-image-preview:large","max-video-preview":"max-video-preview:-1"},"canonical":"https:\/\/www.sonoraenequipo.com.mx\/respalda-gobernador-durazo-creacion-del-centro-nacional-de-diseno-de-semiconductores-kutsari-ues\/","og_locale":"es_ES","og_type":"article","og_title":"Sonora en Equipo. Respalda Gobernador Durazo creaci\u00f3n del Centro Nacional de Dise\u00f1o de Semiconductores \u201cKutsari\u201d: UES Sonora","og_description":"HERMOSILLO, SONORA. MX. \u2014 Para coordinar esfuerzos en apoyo al proyecto nacional \"Kutsari\", orientado al desarrollo de la industria de semiconductores en En Sonora en Equipo publicamos toda la informaci\u00f3n de Sonora, M\u00e9xico y el Mundo de manera oportuna y busca que la libertad de expresi\u00f3n sea real. Visita nuestro medio informativo publicado desde Hermosillo, Sonora. %","og_url":"https:\/\/www.sonoraenequipo.com.mx\/respalda-gobernador-durazo-creacion-del-centro-nacional-de-diseno-de-semiconductores-kutsari-ues\/","og_site_name":"Sonora en Equipo.","article_publisher":"https:\/\/www.facebook.com\/SonoraEE\/","article_author":"https:\/\/www.facebook.com\/SonoraEE","article_published_time":"2025-02-26T23:38:34+00:00","og_image":[{"width":1000,"height":666,"url":"https:\/\/www.sonoraenequipo.com.mx\/storage\/2025\/02\/UES-min.jpg","type":"image\/jpeg"}],"author":"enequipo","twitter_card":"summary_large_image","twitter_creator":"@sonoraenequipo","twitter_site":"@sonoraenequipo","twitter_misc":{"Escrito por":"enequipo","Tiempo de lectura":"1 minuto"},"schema":{"@context":"https:\/\/schema.org","@graph":[{"@type":"Article","@id":"https:\/\/www.sonoraenequipo.com.mx\/respalda-gobernador-durazo-creacion-del-centro-nacional-de-diseno-de-semiconductores-kutsari-ues\/#article","isPartOf":{"@id":"https:\/\/www.sonoraenequipo.com.mx\/respalda-gobernador-durazo-creacion-del-centro-nacional-de-diseno-de-semiconductores-kutsari-ues\/"},"author":{"name":"enequipo","@id":"https:\/\/www.sonoraenequipo.com.mx\/#\/schema\/person\/50102df0fb23a8fa9e8effad8fa81386"},"headline":"Respalda Gobernador Durazo creaci\u00f3n del Centro Nacional de Dise\u00f1o de Semiconductores \u201cKutsari\u201d: UES","datePublished":"2025-02-26T23:38:34+00:00","mainEntityOfPage":{"@id":"https:\/\/www.sonoraenequipo.com.mx\/respalda-gobernador-durazo-creacion-del-centro-nacional-de-diseno-de-semiconductores-kutsari-ues\/"},"wordCount":300,"commentCount":0,"publisher":{"@id":"https:\/\/www.sonoraenequipo.com.mx\/#organization"},"image":{"@id":"https:\/\/www.sonoraenequipo.com.mx\/respalda-gobernador-durazo-creacion-del-centro-nacional-de-diseno-de-semiconductores-kutsari-ues\/#primaryimage"},"thumbnailUrl":"https:\/\/www.sonoraenequipo.com.mx\/storage\/2025\/02\/UES-min.jpg","articleSection":["Sonora"],"inLanguage":"es","potentialAction":[{"@type":"CommentAction","name":"Comment","target":["https:\/\/www.sonoraenequipo.com.mx\/respalda-gobernador-durazo-creacion-del-centro-nacional-de-diseno-de-semiconductores-kutsari-ues\/#respond"]}]},{"@type":"WebPage","@id":"https:\/\/www.sonoraenequipo.com.mx\/respalda-gobernador-durazo-creacion-del-centro-nacional-de-diseno-de-semiconductores-kutsari-ues\/","url":"https:\/\/www.sonoraenequipo.com.mx\/respalda-gobernador-durazo-creacion-del-centro-nacional-de-diseno-de-semiconductores-kutsari-ues\/","name":"Sonora en Equipo. Respalda Gobernador Durazo creaci\u00f3n del Centro Nacional de Dise\u00f1o de Semiconductores \u201cKutsari\u201d: UES Sonora","isPartOf":{"@id":"https:\/\/www.sonoraenequipo.com.mx\/#website"},"primaryImageOfPage":{"@id":"https:\/\/www.sonoraenequipo.com.mx\/respalda-gobernador-durazo-creacion-del-centro-nacional-de-diseno-de-semiconductores-kutsari-ues\/#primaryimage"},"image":{"@id":"https:\/\/www.sonoraenequipo.com.mx\/respalda-gobernador-durazo-creacion-del-centro-nacional-de-diseno-de-semiconductores-kutsari-ues\/#primaryimage"},"thumbnailUrl":"https:\/\/www.sonoraenequipo.com.mx\/storage\/2025\/02\/UES-min.jpg","datePublished":"2025-02-26T23:38:34+00:00","description":"HERMOSILLO, SONORA. MX. \u2014 Para coordinar esfuerzos en apoyo al proyecto nacional \"Kutsari\", orientado al desarrollo de la industria de semiconductores en En Sonora en Equipo publicamos toda la informaci\u00f3n de Sonora, M\u00e9xico y el Mundo de manera oportuna y busca que la libertad de expresi\u00f3n sea real. Visita nuestro medio informativo publicado desde Hermosillo, Sonora. %","breadcrumb":{"@id":"https:\/\/www.sonoraenequipo.com.mx\/respalda-gobernador-durazo-creacion-del-centro-nacional-de-diseno-de-semiconductores-kutsari-ues\/#breadcrumb"},"inLanguage":"es","potentialAction":[{"@type":"ReadAction","target":["https:\/\/www.sonoraenequipo.com.mx\/respalda-gobernador-durazo-creacion-del-centro-nacional-de-diseno-de-semiconductores-kutsari-ues\/"]}]},{"@type":"ImageObject","inLanguage":"es","@id":"https:\/\/www.sonoraenequipo.com.mx\/respalda-gobernador-durazo-creacion-del-centro-nacional-de-diseno-de-semiconductores-kutsari-ues\/#primaryimage","url":"https:\/\/www.sonoraenequipo.com.mx\/storage\/2025\/02\/UES-min.jpg","contentUrl":"https:\/\/www.sonoraenequipo.com.mx\/storage\/2025\/02\/UES-min.jpg","width":1000,"height":666},{"@type":"BreadcrumbList","@id":"https:\/\/www.sonoraenequipo.com.mx\/respalda-gobernador-durazo-creacion-del-centro-nacional-de-diseno-de-semiconductores-kutsari-ues\/#breadcrumb","itemListElement":[{"@type":"ListItem","position":1,"name":"Portada","item":"https:\/\/www.sonoraenequipo.com.mx\/"},{"@type":"ListItem","position":2,"name":"Respalda Gobernador Durazo creaci\u00f3n del Centro Nacional de Dise\u00f1o de Semiconductores \u201cKutsari\u201d: UES"}]},{"@type":"WebSite","@id":"https:\/\/www.sonoraenequipo.com.mx\/#website","url":"https:\/\/www.sonoraenequipo.com.mx\/","name":"Sonora en Equipo.","description":"Diario en l\u00ednea con Noticias desde Hermosillo, Sonora","publisher":{"@id":"https:\/\/www.sonoraenequipo.com.mx\/#organization"},"potentialAction":[{"@type":"SearchAction","target":{"@type":"EntryPoint","urlTemplate":"https:\/\/www.sonoraenequipo.com.mx\/?s={search_term_string}"},"query-input":{"@type":"PropertyValueSpecification","valueRequired":true,"valueName":"search_term_string"}}],"inLanguage":"es"},{"@type":"Organization","@id":"https:\/\/www.sonoraenequipo.com.mx\/#organization","name":"Sonoraenequipo.com.mx","url":"https:\/\/www.sonoraenequipo.com.mx\/","logo":{"@type":"ImageObject","inLanguage":"es","@id":"https:\/\/www.sonoraenequipo.com.mx\/#\/schema\/logo\/image\/","url":"https:\/\/www.sonoraenequipo.com.mx\/storage\/2019\/01\/sonoraenequipo_opt.png","contentUrl":"https:\/\/www.sonoraenequipo.com.mx\/storage\/2019\/01\/sonoraenequipo_opt.png","width":375,"height":125,"caption":"Sonoraenequipo.com.mx"},"image":{"@id":"https:\/\/www.sonoraenequipo.com.mx\/#\/schema\/logo\/image\/"},"sameAs":["https:\/\/www.facebook.com\/SonoraEE\/","https:\/\/x.com\/sonoraenequipo","https:\/\/www.youtube.com\/channel\/UC338nW-lPEYmJQs4ZABQ1SQ"]},{"@type":"Person","@id":"https:\/\/www.sonoraenequipo.com.mx\/#\/schema\/person\/50102df0fb23a8fa9e8effad8fa81386","name":"enequipo","image":{"@type":"ImageObject","inLanguage":"es","@id":"https:\/\/www.sonoraenequipo.com.mx\/#\/schema\/person\/image\/","url":"https:\/\/secure.gravatar.com\/avatar\/049821681b589dabc0bc20695993ccebb09f5b5d4d790cd9251b97faac7c652b?s=96&d=blank&r=g","contentUrl":"https:\/\/secure.gravatar.com\/avatar\/049821681b589dabc0bc20695993ccebb09f5b5d4d790cd9251b97faac7c652b?s=96&d=blank&r=g","caption":"enequipo"},"sameAs":["https:\/\/www.facebook.com\/SonoraEE"]}]}},"jetpack_featured_media_url":"https:\/\/www.sonoraenequipo.com.mx\/storage\/2025\/02\/UES-min.jpg","_links":{"self":[{"href":"https:\/\/www.sonoraenequipo.com.mx\/api\/wp\/v2\/posts\/210382","targetHints":{"allow":["GET"]}}],"collection":[{"href":"https:\/\/www.sonoraenequipo.com.mx\/api\/wp\/v2\/posts"}],"about":[{"href":"https:\/\/www.sonoraenequipo.com.mx\/api\/wp\/v2\/types\/post"}],"author":[{"embeddable":true,"href":"https:\/\/www.sonoraenequipo.com.mx\/api\/wp\/v2\/users\/1"}],"replies":[{"embeddable":true,"href":"https:\/\/www.sonoraenequipo.com.mx\/api\/wp\/v2\/comments?post=210382"}],"version-history":[{"count":2,"href":"https:\/\/www.sonoraenequipo.com.mx\/api\/wp\/v2\/posts\/210382\/revisions"}],"predecessor-version":[{"id":210386,"href":"https:\/\/www.sonoraenequipo.com.mx\/api\/wp\/v2\/posts\/210382\/revisions\/210386"}],"wp:featuredmedia":[{"embeddable":true,"href":"https:\/\/www.sonoraenequipo.com.mx\/api\/wp\/v2\/media\/210383"}],"wp:attachment":[{"href":"https:\/\/www.sonoraenequipo.com.mx\/api\/wp\/v2\/media?parent=210382"}],"wp:term":[{"taxonomy":"category","embeddable":true,"href":"https:\/\/www.sonoraenequipo.com.mx\/api\/wp\/v2\/categories?post=210382"},{"taxonomy":"post_tag","embeddable":true,"href":"https:\/\/www.sonoraenequipo.com.mx\/api\/wp\/v2\/tags?post=210382"}],"curies":[{"name":"wp","href":"https:\/\/api.w.org\/{rel}","templated":true}]}}