{"id":210387,"date":"2025-02-26T18:54:32","date_gmt":"2025-02-27T01:54:32","guid":{"rendered":"https:\/\/www.sonoraenequipo.com.mx\/?p=210387"},"modified":"2025-02-26T21:24:50","modified_gmt":"2025-02-27T04:24:50","slug":"avanza-itesca-hacia-nuevo-modelo-educativo-mas-pertinente-a-los-desafios-de-sonora-y-mexico","status":"publish","type":"post","link":"https:\/\/www.sonoraenequipo.com.mx\/avanza-itesca-hacia-nuevo-modelo-educativo-mas-pertinente-a-los-desafios-de-sonora-y-mexico\/","title":{"rendered":"Avanza Itesca hacia nuevo modelo educativo m\u00e1s pertinente a los desaf\u00edos de Sonora y M\u00e9xico"},"content":{"rendered":"<p><strong>CAJEME, SONORA. MX. \u2014 A<\/strong> trav\u00e9s de una propuesta curricular innovadora que acent\u00fae el desarrollo de proyectos tecnol\u00f3gicos, de investigaci\u00f3n e innovaci\u00f3n para la democratizaci\u00f3n del conocimiento, el Instituto Tecnol\u00f3gico Superior de Cajeme (Itesca) avanza hacia el nuevo modelo educativo del Tecnol\u00f3gico Nacional de M\u00e9xico (TecNM), anunci\u00f3 Margarita V\u00e9lez de la Rocha.<\/p>\n<p> <\/p>\n<p>Durante la presentaci\u00f3n del modelo \u00abHumanismo para la Justicia Social\u00bb a la comunidad acad\u00e9mica, la directora general del Itesca destac\u00f3 la relevancia de este, ya que marca una ruptura con el enfoque neoliberal del pasado, poniendo a las personas y su bienestar en el centro de la educaci\u00f3n, en lugar de priorizar exclusivamente los intereses empresariales.<\/p>\n<p>Para tener una visi\u00f3n global del modelo, se ofreci\u00f3 la conferencia magistral \u201cImplicaciones del nuevo modelo educativo del TecNM, humanismo para la justicia social\u201d, a cargo del docente Alejandro Jacobo Castelo, ante la presencia de personal acad\u00e9mico y administrativo.<\/p>\n<p>El expositor manifest\u00f3 que el Instituto Tecnol\u00f3gico Superior de Cajeme, como parte del TecNM, reafirma su compromiso de contribuir al desarrollo de una educaci\u00f3n m\u00e1s equitativa, solidaria y orientada al bienestar de la sociedad, en concordancia con las necesidades del entorno regional y nacional.<\/p>\n<p>V\u00e9lez de la Rocha enfatiz\u00f3 que este enfoque refuerza el papel de Itesca como una instituci\u00f3n clave en la transformaci\u00f3n educativa de Sonora y M\u00e9xico. A\u00f1adi\u00f3 que el TecNM ha implementado perspectivas formativas pertinentes al contexto, contribuyendo de manera sostenida al desarrollo social, econ\u00f3mico, cient\u00edfico, t\u00e9cnico y tecnol\u00f3gico de M\u00e9xico.<\/p>\n<p>PUBLICADO EL 26 DE FEBRERO DE 2025 Con informaci\u00f3n de GOBSON 0225\/167)<\/p>\n","protected":false},"excerpt":{"rendered":"<p>CAJEME, SONORA. MX. \u2014 A trav\u00e9s de una propuesta curricular innovadora que acent\u00fae el desarrollo&#8230;<\/p>\n","protected":false},"author":1,"featured_media":210392,"comment_status":"open","ping_status":"open","sticky":false,"template":"","format":"standard","meta":{"_monsterinsights_skip_tracking":false,"_monsterinsights_sitenote_active":false,"_monsterinsights_sitenote_note":"","_monsterinsights_sitenote_category":0,"footnotes":""},"categories":[22],"tags":[],"class_list":["post"],"yoast_head":" \n<title>Sonora en Equipo. Avanza Itesca hacia nuevo modelo educativo m\u00e1s pertinente a los desaf\u00edos de Sonora y M\u00e9xico Sonora<\/title>\n<meta name=\"description\" content=\"CAJEME, SONORA. MX. \u2014 A trav\u00e9s de una propuesta curricular innovadora que acent\u00fae el desarrollo de proyectos tecnol\u00f3gicos, de investigaci\u00f3n e innovaci\u00f3n En Sonora en Equipo publicamos toda la informaci\u00f3n de Sonora, M\u00e9xico y el Mundo de manera oportuna y busca que la libertad de expresi\u00f3n sea real. Visita nuestro medio informativo publicado desde Hermosillo, Sonora. %\" \/>\n<meta name=\"robots\" content=\"index, follow, max-snippet:-1, max-image-preview:large, max-video-preview:-1\" \/>\n<link rel=\"canonical\" href=\"https:\/\/www.sonoraenequipo.com.mx\/avanza-itesca-hacia-nuevo-modelo-educativo-mas-pertinente-a-los-desafios-de-sonora-y-mexico\/\" \/>\n<meta property=\"og:locale\" content=\"es_ES\" \/>\n<meta property=\"og:type\" content=\"article\" \/>\n<meta property=\"og:title\" content=\"Sonora en Equipo. Avanza Itesca hacia nuevo modelo educativo m\u00e1s pertinente a los desaf\u00edos de Sonora y M\u00e9xico Sonora\" \/>\n<meta property=\"og:description\" content=\"CAJEME, SONORA. MX. \u2014 A trav\u00e9s de una propuesta curricular innovadora que acent\u00fae el desarrollo de proyectos tecnol\u00f3gicos, de investigaci\u00f3n e innovaci\u00f3n En Sonora en Equipo publicamos toda la informaci\u00f3n de Sonora, M\u00e9xico y el Mundo de manera oportuna y busca que la libertad de expresi\u00f3n sea real. Visita nuestro medio informativo publicado desde Hermosillo, Sonora. %\" \/>\n<meta property=\"og:url\" content=\"https:\/\/www.sonoraenequipo.com.mx\/avanza-itesca-hacia-nuevo-modelo-educativo-mas-pertinente-a-los-desafios-de-sonora-y-mexico\/\" \/>\n<meta property=\"og:site_name\" content=\"Sonora en Equipo.\" \/>\n<meta property=\"article:publisher\" content=\"https:\/\/www.facebook.com\/SonoraEE\/\" \/>\n<meta property=\"article:author\" content=\"https:\/\/www.facebook.com\/SonoraEE\" \/>\n<meta property=\"article:published_time\" content=\"2025-02-27T01:54:32+00:00\" \/>\n<meta property=\"article:modified_time\" content=\"2025-02-27T04:24:50+00:00\" \/>\n<meta property=\"og:image\" content=\"https:\/\/www.sonoraenequipo.com.mx\/storage\/2025\/02\/avanza-Itesca-min.jpg\" \/>\n\t<meta property=\"og:image:width\" content=\"893\" \/>\n\t<meta property=\"og:image:height\" content=\"550\" \/>\n\t<meta property=\"og:image:type\" content=\"image\/jpeg\" \/>\n<meta name=\"author\" content=\"enequipo\" \/>\n<meta name=\"twitter:card\" content=\"summary_large_image\" \/>\n<meta name=\"twitter:creator\" content=\"@sonoraenequipo\" \/>\n<meta name=\"twitter:site\" content=\"@sonoraenequipo\" \/>\n<meta name=\"twitter:label1\" content=\"Escrito por\" \/>\n\t<meta name=\"twitter:data1\" content=\"enequipo\" \/>\n\t<meta name=\"twitter:label2\" content=\"Tiempo de lectura\" \/>\n\t<meta name=\"twitter:data2\" content=\"1 minuto\" \/>\n<script type=\"application\/ld+json\" class=\"yoast-schema-graph\">{\"@context\":\"https:\/\/schema.org\",\"@graph\":[{\"@type\":\"Article\",\"@id\":\"https:\/\/www.sonoraenequipo.com.mx\/avanza-itesca-hacia-nuevo-modelo-educativo-mas-pertinente-a-los-desafios-de-sonora-y-mexico\/#article\",\"isPartOf\":{\"@id\":\"https:\/\/www.sonoraenequipo.com.mx\/avanza-itesca-hacia-nuevo-modelo-educativo-mas-pertinente-a-los-desafios-de-sonora-y-mexico\/\"},\"author\":{\"name\":\"enequipo\",\"@id\":\"https:\/\/www.sonoraenequipo.com.mx\/#\/schema\/person\/50102df0fb23a8fa9e8effad8fa81386\"},\"headline\":\"Avanza Itesca hacia nuevo modelo educativo m\u00e1s pertinente a los desaf\u00edos de Sonora y M\u00e9xico\",\"datePublished\":\"2025-02-27T01:54:32+00:00\",\"dateModified\":\"2025-02-27T04:24:50+00:00\",\"mainEntityOfPage\":{\"@id\":\"https:\/\/www.sonoraenequipo.com.mx\/avanza-itesca-hacia-nuevo-modelo-educativo-mas-pertinente-a-los-desafios-de-sonora-y-mexico\/\"},\"wordCount\":296,\"commentCount\":0,\"publisher\":{\"@id\":\"https:\/\/www.sonoraenequipo.com.mx\/#organization\"},\"image\":{\"@id\":\"https:\/\/www.sonoraenequipo.com.mx\/avanza-itesca-hacia-nuevo-modelo-educativo-mas-pertinente-a-los-desafios-de-sonora-y-mexico\/#primaryimage\"},\"thumbnailUrl\":\"https:\/\/www.sonoraenequipo.com.mx\/storage\/2025\/02\/avanza-Itesca-min.jpg\",\"articleSection\":[\"Sonora\"],\"inLanguage\":\"es\",\"potentialAction\":[{\"@type\":\"CommentAction\",\"name\":\"Comment\",\"target\":[\"https:\/\/www.sonoraenequipo.com.mx\/avanza-itesca-hacia-nuevo-modelo-educativo-mas-pertinente-a-los-desafios-de-sonora-y-mexico\/#respond\"]}]},{\"@type\":\"WebPage\",\"@id\":\"https:\/\/www.sonoraenequipo.com.mx\/avanza-itesca-hacia-nuevo-modelo-educativo-mas-pertinente-a-los-desafios-de-sonora-y-mexico\/\",\"url\":\"https:\/\/www.sonoraenequipo.com.mx\/avanza-itesca-hacia-nuevo-modelo-educativo-mas-pertinente-a-los-desafios-de-sonora-y-mexico\/\",\"name\":\"Sonora en Equipo. Avanza Itesca hacia nuevo modelo educativo m\u00e1s pertinente a los desaf\u00edos de Sonora y M\u00e9xico Sonora\",\"isPartOf\":{\"@id\":\"https:\/\/www.sonoraenequipo.com.mx\/#website\"},\"primaryImageOfPage\":{\"@id\":\"https:\/\/www.sonoraenequipo.com.mx\/avanza-itesca-hacia-nuevo-modelo-educativo-mas-pertinente-a-los-desafios-de-sonora-y-mexico\/#primaryimage\"},\"image\":{\"@id\":\"https:\/\/www.sonoraenequipo.com.mx\/avanza-itesca-hacia-nuevo-modelo-educativo-mas-pertinente-a-los-desafios-de-sonora-y-mexico\/#primaryimage\"},\"thumbnailUrl\":\"https:\/\/www.sonoraenequipo.com.mx\/storage\/2025\/02\/avanza-Itesca-min.jpg\",\"datePublished\":\"2025-02-27T01:54:32+00:00\",\"dateModified\":\"2025-02-27T04:24:50+00:00\",\"description\":\"CAJEME, SONORA. MX. \u2014 A trav\u00e9s de una propuesta curricular innovadora que acent\u00fae el desarrollo de proyectos tecnol\u00f3gicos, de investigaci\u00f3n e innovaci\u00f3n En Sonora en Equipo publicamos toda la informaci\u00f3n de Sonora, M\u00e9xico y el Mundo de manera oportuna y busca que la libertad de expresi\u00f3n sea real. Visita nuestro medio informativo publicado desde Hermosillo, Sonora. %\",\"breadcrumb\":{\"@id\":\"https:\/\/www.sonoraenequipo.com.mx\/avanza-itesca-hacia-nuevo-modelo-educativo-mas-pertinente-a-los-desafios-de-sonora-y-mexico\/#breadcrumb\"},\"inLanguage\":\"es\",\"potentialAction\":[{\"@type\":\"ReadAction\",\"target\":[\"https:\/\/www.sonoraenequipo.com.mx\/avanza-itesca-hacia-nuevo-modelo-educativo-mas-pertinente-a-los-desafios-de-sonora-y-mexico\/\"]}]},{\"@type\":\"ImageObject\",\"inLanguage\":\"es\",\"@id\":\"https:\/\/www.sonoraenequipo.com.mx\/avanza-itesca-hacia-nuevo-modelo-educativo-mas-pertinente-a-los-desafios-de-sonora-y-mexico\/#primaryimage\",\"url\":\"https:\/\/www.sonoraenequipo.com.mx\/storage\/2025\/02\/avanza-Itesca-min.jpg\",\"contentUrl\":\"https:\/\/www.sonoraenequipo.com.mx\/storage\/2025\/02\/avanza-Itesca-min.jpg\",\"width\":893,\"height\":550},{\"@type\":\"BreadcrumbList\",\"@id\":\"https:\/\/www.sonoraenequipo.com.mx\/avanza-itesca-hacia-nuevo-modelo-educativo-mas-pertinente-a-los-desafios-de-sonora-y-mexico\/#breadcrumb\",\"itemListElement\":[{\"@type\":\"ListItem\",\"position\":1,\"name\":\"Portada\",\"item\":\"https:\/\/www.sonoraenequipo.com.mx\/\"},{\"@type\":\"ListItem\",\"position\":2,\"name\":\"Avanza Itesca hacia nuevo modelo educativo m\u00e1s pertinente a los desaf\u00edos de Sonora y M\u00e9xico\"}]},{\"@type\":\"WebSite\",\"@id\":\"https:\/\/www.sonoraenequipo.com.mx\/#website\",\"url\":\"https:\/\/www.sonoraenequipo.com.mx\/\",\"name\":\"Sonora en Equipo.\",\"description\":\"Diario en l\u00ednea con Noticias desde Hermosillo, Sonora\",\"publisher\":{\"@id\":\"https:\/\/www.sonoraenequipo.com.mx\/#organization\"},\"potentialAction\":[{\"@type\":\"SearchAction\",\"target\":{\"@type\":\"EntryPoint\",\"urlTemplate\":\"https:\/\/www.sonoraenequipo.com.mx\/?s={search_term_string}\"},\"query-input\":{\"@type\":\"PropertyValueSpecification\",\"valueRequired\":true,\"valueName\":\"search_term_string\"}}],\"inLanguage\":\"es\"},{\"@type\":\"Organization\",\"@id\":\"https:\/\/www.sonoraenequipo.com.mx\/#organization\",\"name\":\"Sonoraenequipo.com.mx\",\"url\":\"https:\/\/www.sonoraenequipo.com.mx\/\",\"logo\":{\"@type\":\"ImageObject\",\"inLanguage\":\"es\",\"@id\":\"https:\/\/www.sonoraenequipo.com.mx\/#\/schema\/logo\/image\/\",\"url\":\"https:\/\/www.sonoraenequipo.com.mx\/storage\/2019\/01\/sonoraenequipo_opt.png\",\"contentUrl\":\"https:\/\/www.sonoraenequipo.com.mx\/storage\/2019\/01\/sonoraenequipo_opt.png\",\"width\":375,\"height\":125,\"caption\":\"Sonoraenequipo.com.mx\"},\"image\":{\"@id\":\"https:\/\/www.sonoraenequipo.com.mx\/#\/schema\/logo\/image\/\"},\"sameAs\":[\"https:\/\/www.facebook.com\/SonoraEE\/\",\"https:\/\/x.com\/sonoraenequipo\",\"https:\/\/www.youtube.com\/channel\/UC338nW-lPEYmJQs4ZABQ1SQ\"]},{\"@type\":\"Person\",\"@id\":\"https:\/\/www.sonoraenequipo.com.mx\/#\/schema\/person\/50102df0fb23a8fa9e8effad8fa81386\",\"name\":\"enequipo\",\"image\":{\"@type\":\"ImageObject\",\"inLanguage\":\"es\",\"@id\":\"https:\/\/www.sonoraenequipo.com.mx\/#\/schema\/person\/image\/\",\"url\":\"https:\/\/secure.gravatar.com\/avatar\/049821681b589dabc0bc20695993ccebb09f5b5d4d790cd9251b97faac7c652b?s=96&d=blank&r=g\",\"contentUrl\":\"https:\/\/secure.gravatar.com\/avatar\/049821681b589dabc0bc20695993ccebb09f5b5d4d790cd9251b97faac7c652b?s=96&d=blank&r=g\",\"caption\":\"enequipo\"},\"sameAs\":[\"https:\/\/www.facebook.com\/SonoraEE\"]}]}<\/script>\n ","yoast_head_json":{"title":"Sonora en Equipo. Avanza Itesca hacia nuevo modelo educativo m\u00e1s pertinente a los desaf\u00edos de Sonora y M\u00e9xico Sonora","description":"CAJEME, SONORA. MX. \u2014 A trav\u00e9s de una propuesta curricular innovadora que acent\u00fae el desarrollo de proyectos tecnol\u00f3gicos, de investigaci\u00f3n e innovaci\u00f3n En Sonora en Equipo publicamos toda la informaci\u00f3n de Sonora, M\u00e9xico y el Mundo de manera oportuna y busca que la libertad de expresi\u00f3n sea real. Visita nuestro medio informativo publicado desde Hermosillo, Sonora. %","robots":{"index":"index","follow":"follow","max-snippet":"max-snippet:-1","max-image-preview":"max-image-preview:large","max-video-preview":"max-video-preview:-1"},"canonical":"https:\/\/www.sonoraenequipo.com.mx\/avanza-itesca-hacia-nuevo-modelo-educativo-mas-pertinente-a-los-desafios-de-sonora-y-mexico\/","og_locale":"es_ES","og_type":"article","og_title":"Sonora en Equipo. Avanza Itesca hacia nuevo modelo educativo m\u00e1s pertinente a los desaf\u00edos de Sonora y M\u00e9xico Sonora","og_description":"CAJEME, SONORA. MX. \u2014 A trav\u00e9s de una propuesta curricular innovadora que acent\u00fae el desarrollo de proyectos tecnol\u00f3gicos, de investigaci\u00f3n e innovaci\u00f3n En Sonora en Equipo publicamos toda la informaci\u00f3n de Sonora, M\u00e9xico y el Mundo de manera oportuna y busca que la libertad de expresi\u00f3n sea real. Visita nuestro medio informativo publicado desde Hermosillo, Sonora. %","og_url":"https:\/\/www.sonoraenequipo.com.mx\/avanza-itesca-hacia-nuevo-modelo-educativo-mas-pertinente-a-los-desafios-de-sonora-y-mexico\/","og_site_name":"Sonora en Equipo.","article_publisher":"https:\/\/www.facebook.com\/SonoraEE\/","article_author":"https:\/\/www.facebook.com\/SonoraEE","article_published_time":"2025-02-27T01:54:32+00:00","article_modified_time":"2025-02-27T04:24:50+00:00","og_image":[{"width":893,"height":550,"url":"https:\/\/www.sonoraenequipo.com.mx\/storage\/2025\/02\/avanza-Itesca-min.jpg","type":"image\/jpeg"}],"author":"enequipo","twitter_card":"summary_large_image","twitter_creator":"@sonoraenequipo","twitter_site":"@sonoraenequipo","twitter_misc":{"Escrito por":"enequipo","Tiempo de lectura":"1 minuto"},"schema":{"@context":"https:\/\/schema.org","@graph":[{"@type":"Article","@id":"https:\/\/www.sonoraenequipo.com.mx\/avanza-itesca-hacia-nuevo-modelo-educativo-mas-pertinente-a-los-desafios-de-sonora-y-mexico\/#article","isPartOf":{"@id":"https:\/\/www.sonoraenequipo.com.mx\/avanza-itesca-hacia-nuevo-modelo-educativo-mas-pertinente-a-los-desafios-de-sonora-y-mexico\/"},"author":{"name":"enequipo","@id":"https:\/\/www.sonoraenequipo.com.mx\/#\/schema\/person\/50102df0fb23a8fa9e8effad8fa81386"},"headline":"Avanza Itesca hacia nuevo modelo educativo m\u00e1s pertinente a los desaf\u00edos de Sonora y M\u00e9xico","datePublished":"2025-02-27T01:54:32+00:00","dateModified":"2025-02-27T04:24:50+00:00","mainEntityOfPage":{"@id":"https:\/\/www.sonoraenequipo.com.mx\/avanza-itesca-hacia-nuevo-modelo-educativo-mas-pertinente-a-los-desafios-de-sonora-y-mexico\/"},"wordCount":296,"commentCount":0,"publisher":{"@id":"https:\/\/www.sonoraenequipo.com.mx\/#organization"},"image":{"@id":"https:\/\/www.sonoraenequipo.com.mx\/avanza-itesca-hacia-nuevo-modelo-educativo-mas-pertinente-a-los-desafios-de-sonora-y-mexico\/#primaryimage"},"thumbnailUrl":"https:\/\/www.sonoraenequipo.com.mx\/storage\/2025\/02\/avanza-Itesca-min.jpg","articleSection":["Sonora"],"inLanguage":"es","potentialAction":[{"@type":"CommentAction","name":"Comment","target":["https:\/\/www.sonoraenequipo.com.mx\/avanza-itesca-hacia-nuevo-modelo-educativo-mas-pertinente-a-los-desafios-de-sonora-y-mexico\/#respond"]}]},{"@type":"WebPage","@id":"https:\/\/www.sonoraenequipo.com.mx\/avanza-itesca-hacia-nuevo-modelo-educativo-mas-pertinente-a-los-desafios-de-sonora-y-mexico\/","url":"https:\/\/www.sonoraenequipo.com.mx\/avanza-itesca-hacia-nuevo-modelo-educativo-mas-pertinente-a-los-desafios-de-sonora-y-mexico\/","name":"Sonora en Equipo. Avanza Itesca hacia nuevo modelo educativo m\u00e1s pertinente a los desaf\u00edos de Sonora y M\u00e9xico Sonora","isPartOf":{"@id":"https:\/\/www.sonoraenequipo.com.mx\/#website"},"primaryImageOfPage":{"@id":"https:\/\/www.sonoraenequipo.com.mx\/avanza-itesca-hacia-nuevo-modelo-educativo-mas-pertinente-a-los-desafios-de-sonora-y-mexico\/#primaryimage"},"image":{"@id":"https:\/\/www.sonoraenequipo.com.mx\/avanza-itesca-hacia-nuevo-modelo-educativo-mas-pertinente-a-los-desafios-de-sonora-y-mexico\/#primaryimage"},"thumbnailUrl":"https:\/\/www.sonoraenequipo.com.mx\/storage\/2025\/02\/avanza-Itesca-min.jpg","datePublished":"2025-02-27T01:54:32+00:00","dateModified":"2025-02-27T04:24:50+00:00","description":"CAJEME, SONORA. MX. \u2014 A trav\u00e9s de una propuesta curricular innovadora que acent\u00fae el desarrollo de proyectos tecnol\u00f3gicos, de investigaci\u00f3n e innovaci\u00f3n En Sonora en Equipo publicamos toda la informaci\u00f3n de Sonora, M\u00e9xico y el Mundo de manera oportuna y busca que la libertad de expresi\u00f3n sea real. Visita nuestro medio informativo publicado desde Hermosillo, Sonora. %","breadcrumb":{"@id":"https:\/\/www.sonoraenequipo.com.mx\/avanza-itesca-hacia-nuevo-modelo-educativo-mas-pertinente-a-los-desafios-de-sonora-y-mexico\/#breadcrumb"},"inLanguage":"es","potentialAction":[{"@type":"ReadAction","target":["https:\/\/www.sonoraenequipo.com.mx\/avanza-itesca-hacia-nuevo-modelo-educativo-mas-pertinente-a-los-desafios-de-sonora-y-mexico\/"]}]},{"@type":"ImageObject","inLanguage":"es","@id":"https:\/\/www.sonoraenequipo.com.mx\/avanza-itesca-hacia-nuevo-modelo-educativo-mas-pertinente-a-los-desafios-de-sonora-y-mexico\/#primaryimage","url":"https:\/\/www.sonoraenequipo.com.mx\/storage\/2025\/02\/avanza-Itesca-min.jpg","contentUrl":"https:\/\/www.sonoraenequipo.com.mx\/storage\/2025\/02\/avanza-Itesca-min.jpg","width":893,"height":550},{"@type":"BreadcrumbList","@id":"https:\/\/www.sonoraenequipo.com.mx\/avanza-itesca-hacia-nuevo-modelo-educativo-mas-pertinente-a-los-desafios-de-sonora-y-mexico\/#breadcrumb","itemListElement":[{"@type":"ListItem","position":1,"name":"Portada","item":"https:\/\/www.sonoraenequipo.com.mx\/"},{"@type":"ListItem","position":2,"name":"Avanza Itesca hacia nuevo modelo educativo m\u00e1s pertinente a los desaf\u00edos de Sonora y M\u00e9xico"}]},{"@type":"WebSite","@id":"https:\/\/www.sonoraenequipo.com.mx\/#website","url":"https:\/\/www.sonoraenequipo.com.mx\/","name":"Sonora en Equipo.","description":"Diario en l\u00ednea con Noticias desde Hermosillo, Sonora","publisher":{"@id":"https:\/\/www.sonoraenequipo.com.mx\/#organization"},"potentialAction":[{"@type":"SearchAction","target":{"@type":"EntryPoint","urlTemplate":"https:\/\/www.sonoraenequipo.com.mx\/?s={search_term_string}"},"query-input":{"@type":"PropertyValueSpecification","valueRequired":true,"valueName":"search_term_string"}}],"inLanguage":"es"},{"@type":"Organization","@id":"https:\/\/www.sonoraenequipo.com.mx\/#organization","name":"Sonoraenequipo.com.mx","url":"https:\/\/www.sonoraenequipo.com.mx\/","logo":{"@type":"ImageObject","inLanguage":"es","@id":"https:\/\/www.sonoraenequipo.com.mx\/#\/schema\/logo\/image\/","url":"https:\/\/www.sonoraenequipo.com.mx\/storage\/2019\/01\/sonoraenequipo_opt.png","contentUrl":"https:\/\/www.sonoraenequipo.com.mx\/storage\/2019\/01\/sonoraenequipo_opt.png","width":375,"height":125,"caption":"Sonoraenequipo.com.mx"},"image":{"@id":"https:\/\/www.sonoraenequipo.com.mx\/#\/schema\/logo\/image\/"},"sameAs":["https:\/\/www.facebook.com\/SonoraEE\/","https:\/\/x.com\/sonoraenequipo","https:\/\/www.youtube.com\/channel\/UC338nW-lPEYmJQs4ZABQ1SQ"]},{"@type":"Person","@id":"https:\/\/www.sonoraenequipo.com.mx\/#\/schema\/person\/50102df0fb23a8fa9e8effad8fa81386","name":"enequipo","image":{"@type":"ImageObject","inLanguage":"es","@id":"https:\/\/www.sonoraenequipo.com.mx\/#\/schema\/person\/image\/","url":"https:\/\/secure.gravatar.com\/avatar\/049821681b589dabc0bc20695993ccebb09f5b5d4d790cd9251b97faac7c652b?s=96&d=blank&r=g","contentUrl":"https:\/\/secure.gravatar.com\/avatar\/049821681b589dabc0bc20695993ccebb09f5b5d4d790cd9251b97faac7c652b?s=96&d=blank&r=g","caption":"enequipo"},"sameAs":["https:\/\/www.facebook.com\/SonoraEE"]}]}},"jetpack_featured_media_url":"https:\/\/www.sonoraenequipo.com.mx\/storage\/2025\/02\/avanza-Itesca-min.jpg","_links":{"self":[{"href":"https:\/\/www.sonoraenequipo.com.mx\/api\/wp\/v2\/posts\/210387","targetHints":{"allow":["GET"]}}],"collection":[{"href":"https:\/\/www.sonoraenequipo.com.mx\/api\/wp\/v2\/posts"}],"about":[{"href":"https:\/\/www.sonoraenequipo.com.mx\/api\/wp\/v2\/types\/post"}],"author":[{"embeddable":true,"href":"https:\/\/www.sonoraenequipo.com.mx\/api\/wp\/v2\/users\/1"}],"replies":[{"embeddable":true,"href":"https:\/\/www.sonoraenequipo.com.mx\/api\/wp\/v2\/comments?post=210387"}],"version-history":[{"count":2,"href":"https:\/\/www.sonoraenequipo.com.mx\/api\/wp\/v2\/posts\/210387\/revisions"}],"predecessor-version":[{"id":210417,"href":"https:\/\/www.sonoraenequipo.com.mx\/api\/wp\/v2\/posts\/210387\/revisions\/210417"}],"wp:featuredmedia":[{"embeddable":true,"href":"https:\/\/www.sonoraenequipo.com.mx\/api\/wp\/v2\/media\/210392"}],"wp:attachment":[{"href":"https:\/\/www.sonoraenequipo.com.mx\/api\/wp\/v2\/media?parent=210387"}],"wp:term":[{"taxonomy":"category","embeddable":true,"href":"https:\/\/www.sonoraenequipo.com.mx\/api\/wp\/v2\/categories?post=210387"},{"taxonomy":"post_tag","embeddable":true,"href":"https:\/\/www.sonoraenequipo.com.mx\/api\/wp\/v2\/tags?post=210387"}],"curies":[{"name":"wp","href":"https:\/\/api.w.org\/{rel}","templated":true}]}}