{"id":210390,"date":"2025-02-26T16:15:10","date_gmt":"2025-02-26T23:15:10","guid":{"rendered":"https:\/\/www.sonoraenequipo.com.mx\/?p=210390"},"modified":"2025-02-27T08:00:24","modified_gmt":"2025-02-27T15:00:24","slug":"hermosillo-donaran-500-arboles-nativos-en-el-vivero-municipal","status":"publish","type":"post","link":"https:\/\/www.sonoraenequipo.com.mx\/hermosillo-donaran-500-arboles-nativos-en-el-vivero-municipal\/","title":{"rendered":"HERMOSILLO. Donar\u00e1n 500 \u00e1rboles nativos en el Vivero Municipal"},"content":{"rendered":"<p><strong>HERMOSILLO, SONORA, MX.<\/strong> \u2014 La Direcci\u00f3n de Parques y Jardines de Servicios P\u00fablicos Municipales llevar\u00e1 una campa\u00f1a de donaci\u00f3n de 500 \u00e1rboles nativos en el Vivero Municipal.<\/p>\n<p>Amparo Fontanot Ochoa, directora del \u00e1rea, inform\u00f3 que la actividad ser\u00e1 este viernes 28 de febrero de 9:00 a 15:00 horas, en la cual las personas interesadas en sembrar un \u00e1rbol se podr\u00e1n llevar especies como amapa, palo verde, palo fierro, mezquite, mimbre o tronadora.<\/p>\n<p>La funcionaria record\u00f3 que el vivero est\u00e1 ubicado en la esquina de las calles Morelia y de la Palma, en la colonia Casa Blanca.<\/p>\n<p>Se otorgar\u00e1 un \u00e1rbol por persona, hasta agotar existencias y para mayor agilidad se sugiere registrarse previamente <a href=\"https:\/\/vivero-municipal-hmo.idloom.events\/yo-planto-nativo-hmo-crece-verde\">https:\/\/vivero-municipal-hmo.idloom.events\/yo-planto-nativo-hmo-crece-verde<\/a>.<\/p>\n<p>PUBLICADO EL 26 DE FEBRERO DE 2025 Con informaci\u00f3n de HMO )<\/p>\n","protected":false},"excerpt":{"rendered":"<p>HERMOSILLO, SONORA, MX. \u2014 La Direcci\u00f3n de Parques y Jardines de Servicios P\u00fablicos Municipales llevar\u00e1&#8230;<\/p>\n","protected":false},"author":1,"featured_media":169005,"comment_status":"open","ping_status":"open","sticky":false,"template":"","format":"standard","meta":{"_monsterinsights_skip_tracking":false,"_monsterinsights_sitenote_active":false,"_monsterinsights_sitenote_note":"","_monsterinsights_sitenote_category":0,"footnotes":""},"categories":[4],"tags":[2139,4508,35,10321],"class_list":["post"],"yoast_head":" \n<title>Sonora en Equipo. HERMOSILLO. Donar\u00e1n 500 \u00e1rboles nativos en el Vivero Municipal Municipios<\/title>\n<meta name=\"description\" content=\"HERMOSILLO, SONORA, MX. \u2014 La Direcci\u00f3n de Parques y Jardines de Servicios P\u00fablicos Municipales llevar\u00e1 una campa\u00f1a de donaci\u00f3n de 500 \u00e1rboles nativos en En Sonora en Equipo publicamos toda la informaci\u00f3n de Sonora, M\u00e9xico y el Mundo de manera oportuna y busca que la libertad de expresi\u00f3n sea real. Visita nuestro medio informativo publicado desde Hermosillo, Sonora. %\" \/>\n<meta name=\"robots\" content=\"index, follow, max-snippet:-1, max-image-preview:large, max-video-preview:-1\" \/>\n<link rel=\"canonical\" href=\"https:\/\/www.sonoraenequipo.com.mx\/hermosillo-donaran-500-arboles-nativos-en-el-vivero-municipal\/\" \/>\n<meta property=\"og:locale\" content=\"es_ES\" \/>\n<meta property=\"og:type\" content=\"article\" \/>\n<meta property=\"og:title\" content=\"Sonora en Equipo. HERMOSILLO. Donar\u00e1n 500 \u00e1rboles nativos en el Vivero Municipal Municipios\" \/>\n<meta property=\"og:description\" content=\"HERMOSILLO, SONORA, MX. \u2014 La Direcci\u00f3n de Parques y Jardines de Servicios P\u00fablicos Municipales llevar\u00e1 una campa\u00f1a de donaci\u00f3n de 500 \u00e1rboles nativos en En Sonora en Equipo publicamos toda la informaci\u00f3n de Sonora, M\u00e9xico y el Mundo de manera oportuna y busca que la libertad de expresi\u00f3n sea real. Visita nuestro medio informativo publicado desde Hermosillo, Sonora. %\" \/>\n<meta property=\"og:url\" content=\"https:\/\/www.sonoraenequipo.com.mx\/hermosillo-donaran-500-arboles-nativos-en-el-vivero-municipal\/\" \/>\n<meta property=\"og:site_name\" content=\"Sonora en Equipo.\" \/>\n<meta property=\"article:publisher\" content=\"https:\/\/www.facebook.com\/SonoraEE\/\" \/>\n<meta property=\"article:author\" content=\"https:\/\/www.facebook.com\/SonoraEE\" \/>\n<meta property=\"article:published_time\" content=\"2025-02-26T23:15:10+00:00\" \/>\n<meta property=\"article:modified_time\" content=\"2025-02-27T15:00:24+00:00\" \/>\n<meta property=\"og:image\" content=\"https:\/\/www.sonoraenequipo.com.mx\/storage\/2023\/06\/Celebrara-Vivero-Municipal-la-Feria-del-Arbol-con-donacion-de-especies-vegetales-2-min.jpeg\" \/>\n\t<meta property=\"og:image:width\" content=\"1024\" \/>\n\t<meta property=\"og:image:height\" content=\"682\" \/>\n\t<meta property=\"og:image:type\" content=\"image\/jpeg\" \/>\n<meta name=\"author\" content=\"enequipo\" \/>\n<meta name=\"twitter:card\" content=\"summary_large_image\" \/>\n<meta name=\"twitter:creator\" content=\"@sonoraenequipo\" \/>\n<meta name=\"twitter:site\" content=\"@sonoraenequipo\" \/>\n<meta name=\"twitter:label1\" content=\"Escrito por\" \/>\n\t<meta name=\"twitter:data1\" content=\"enequipo\" \/>\n\t<meta name=\"twitter:label2\" content=\"Tiempo de lectura\" \/>\n\t<meta name=\"twitter:data2\" content=\"1 minuto\" \/>\n<script type=\"application\/ld+json\" class=\"yoast-schema-graph\">{\"@context\":\"https:\/\/schema.org\",\"@graph\":[{\"@type\":\"Article\",\"@id\":\"https:\/\/www.sonoraenequipo.com.mx\/hermosillo-donaran-500-arboles-nativos-en-el-vivero-municipal\/#article\",\"isPartOf\":{\"@id\":\"https:\/\/www.sonoraenequipo.com.mx\/hermosillo-donaran-500-arboles-nativos-en-el-vivero-municipal\/\"},\"author\":{\"name\":\"enequipo\",\"@id\":\"https:\/\/www.sonoraenequipo.com.mx\/#\/schema\/person\/50102df0fb23a8fa9e8effad8fa81386\"},\"headline\":\"HERMOSILLO. Donar\u00e1n 500 \u00e1rboles nativos en el Vivero Municipal\",\"datePublished\":\"2025-02-26T23:15:10+00:00\",\"dateModified\":\"2025-02-27T15:00:24+00:00\",\"mainEntityOfPage\":{\"@id\":\"https:\/\/www.sonoraenequipo.com.mx\/hermosillo-donaran-500-arboles-nativos-en-el-vivero-municipal\/\"},\"wordCount\":137,\"commentCount\":0,\"publisher\":{\"@id\":\"https:\/\/www.sonoraenequipo.com.mx\/#organization\"},\"image\":{\"@id\":\"https:\/\/www.sonoraenequipo.com.mx\/hermosillo-donaran-500-arboles-nativos-en-el-vivero-municipal\/#primaryimage\"},\"thumbnailUrl\":\"https:\/\/www.sonoraenequipo.com.mx\/storage\/2023\/06\/Celebrara-Vivero-Municipal-la-Feria-del-Arbol-con-donacion-de-especies-vegetales-2-min.jpeg\",\"keywords\":[\"arboles\",\"donaci\u00f3n\",\"hermosillo\",\"vivero\"],\"articleSection\":[\"Municipios\"],\"inLanguage\":\"es\",\"potentialAction\":[{\"@type\":\"CommentAction\",\"name\":\"Comment\",\"target\":[\"https:\/\/www.sonoraenequipo.com.mx\/hermosillo-donaran-500-arboles-nativos-en-el-vivero-municipal\/#respond\"]}]},{\"@type\":\"WebPage\",\"@id\":\"https:\/\/www.sonoraenequipo.com.mx\/hermosillo-donaran-500-arboles-nativos-en-el-vivero-municipal\/\",\"url\":\"https:\/\/www.sonoraenequipo.com.mx\/hermosillo-donaran-500-arboles-nativos-en-el-vivero-municipal\/\",\"name\":\"Sonora en Equipo. HERMOSILLO. Donar\u00e1n 500 \u00e1rboles nativos en el Vivero Municipal Municipios\",\"isPartOf\":{\"@id\":\"https:\/\/www.sonoraenequipo.com.mx\/#website\"},\"primaryImageOfPage\":{\"@id\":\"https:\/\/www.sonoraenequipo.com.mx\/hermosillo-donaran-500-arboles-nativos-en-el-vivero-municipal\/#primaryimage\"},\"image\":{\"@id\":\"https:\/\/www.sonoraenequipo.com.mx\/hermosillo-donaran-500-arboles-nativos-en-el-vivero-municipal\/#primaryimage\"},\"thumbnailUrl\":\"https:\/\/www.sonoraenequipo.com.mx\/storage\/2023\/06\/Celebrara-Vivero-Municipal-la-Feria-del-Arbol-con-donacion-de-especies-vegetales-2-min.jpeg\",\"datePublished\":\"2025-02-26T23:15:10+00:00\",\"dateModified\":\"2025-02-27T15:00:24+00:00\",\"description\":\"HERMOSILLO, SONORA, MX. \u2014 La Direcci\u00f3n de Parques y Jardines de Servicios P\u00fablicos Municipales llevar\u00e1 una campa\u00f1a de donaci\u00f3n de 500 \u00e1rboles nativos en En Sonora en Equipo publicamos toda la informaci\u00f3n de Sonora, M\u00e9xico y el Mundo de manera oportuna y busca que la libertad de expresi\u00f3n sea real. Visita nuestro medio informativo publicado desde Hermosillo, Sonora. %\",\"breadcrumb\":{\"@id\":\"https:\/\/www.sonoraenequipo.com.mx\/hermosillo-donaran-500-arboles-nativos-en-el-vivero-municipal\/#breadcrumb\"},\"inLanguage\":\"es\",\"potentialAction\":[{\"@type\":\"ReadAction\",\"target\":[\"https:\/\/www.sonoraenequipo.com.mx\/hermosillo-donaran-500-arboles-nativos-en-el-vivero-municipal\/\"]}]},{\"@type\":\"ImageObject\",\"inLanguage\":\"es\",\"@id\":\"https:\/\/www.sonoraenequipo.com.mx\/hermosillo-donaran-500-arboles-nativos-en-el-vivero-municipal\/#primaryimage\",\"url\":\"https:\/\/www.sonoraenequipo.com.mx\/storage\/2023\/06\/Celebrara-Vivero-Municipal-la-Feria-del-Arbol-con-donacion-de-especies-vegetales-2-min.jpeg\",\"contentUrl\":\"https:\/\/www.sonoraenequipo.com.mx\/storage\/2023\/06\/Celebrara-Vivero-Municipal-la-Feria-del-Arbol-con-donacion-de-especies-vegetales-2-min.jpeg\",\"width\":1024,\"height\":682},{\"@type\":\"BreadcrumbList\",\"@id\":\"https:\/\/www.sonoraenequipo.com.mx\/hermosillo-donaran-500-arboles-nativos-en-el-vivero-municipal\/#breadcrumb\",\"itemListElement\":[{\"@type\":\"ListItem\",\"position\":1,\"name\":\"Portada\",\"item\":\"https:\/\/www.sonoraenequipo.com.mx\/\"},{\"@type\":\"ListItem\",\"position\":2,\"name\":\"HERMOSILLO. Donar\u00e1n 500 \u00e1rboles nativos en el Vivero Municipal\"}]},{\"@type\":\"WebSite\",\"@id\":\"https:\/\/www.sonoraenequipo.com.mx\/#website\",\"url\":\"https:\/\/www.sonoraenequipo.com.mx\/\",\"name\":\"Sonora en Equipo.\",\"description\":\"Diario en l\u00ednea con Noticias desde Hermosillo, Sonora\",\"publisher\":{\"@id\":\"https:\/\/www.sonoraenequipo.com.mx\/#organization\"},\"potentialAction\":[{\"@type\":\"SearchAction\",\"target\":{\"@type\":\"EntryPoint\",\"urlTemplate\":\"https:\/\/www.sonoraenequipo.com.mx\/?s={search_term_string}\"},\"query-input\":{\"@type\":\"PropertyValueSpecification\",\"valueRequired\":true,\"valueName\":\"search_term_string\"}}],\"inLanguage\":\"es\"},{\"@type\":\"Organization\",\"@id\":\"https:\/\/www.sonoraenequipo.com.mx\/#organization\",\"name\":\"Sonoraenequipo.com.mx\",\"url\":\"https:\/\/www.sonoraenequipo.com.mx\/\",\"logo\":{\"@type\":\"ImageObject\",\"inLanguage\":\"es\",\"@id\":\"https:\/\/www.sonoraenequipo.com.mx\/#\/schema\/logo\/image\/\",\"url\":\"https:\/\/www.sonoraenequipo.com.mx\/storage\/2019\/01\/sonoraenequipo_opt.png\",\"contentUrl\":\"https:\/\/www.sonoraenequipo.com.mx\/storage\/2019\/01\/sonoraenequipo_opt.png\",\"width\":375,\"height\":125,\"caption\":\"Sonoraenequipo.com.mx\"},\"image\":{\"@id\":\"https:\/\/www.sonoraenequipo.com.mx\/#\/schema\/logo\/image\/\"},\"sameAs\":[\"https:\/\/www.facebook.com\/SonoraEE\/\",\"https:\/\/x.com\/sonoraenequipo\",\"https:\/\/www.youtube.com\/channel\/UC338nW-lPEYmJQs4ZABQ1SQ\"]},{\"@type\":\"Person\",\"@id\":\"https:\/\/www.sonoraenequipo.com.mx\/#\/schema\/person\/50102df0fb23a8fa9e8effad8fa81386\",\"name\":\"enequipo\",\"image\":{\"@type\":\"ImageObject\",\"inLanguage\":\"es\",\"@id\":\"https:\/\/www.sonoraenequipo.com.mx\/#\/schema\/person\/image\/\",\"url\":\"https:\/\/secure.gravatar.com\/avatar\/049821681b589dabc0bc20695993ccebb09f5b5d4d790cd9251b97faac7c652b?s=96&d=blank&r=g\",\"contentUrl\":\"https:\/\/secure.gravatar.com\/avatar\/049821681b589dabc0bc20695993ccebb09f5b5d4d790cd9251b97faac7c652b?s=96&d=blank&r=g\",\"caption\":\"enequipo\"},\"sameAs\":[\"https:\/\/www.facebook.com\/SonoraEE\"]}]}<\/script>\n ","yoast_head_json":{"title":"Sonora en Equipo. HERMOSILLO. Donar\u00e1n 500 \u00e1rboles nativos en el Vivero Municipal Municipios","description":"HERMOSILLO, SONORA, MX. \u2014 La Direcci\u00f3n de Parques y Jardines de Servicios P\u00fablicos Municipales llevar\u00e1 una campa\u00f1a de donaci\u00f3n de 500 \u00e1rboles nativos en En Sonora en Equipo publicamos toda la informaci\u00f3n de Sonora, M\u00e9xico y el Mundo de manera oportuna y busca que la libertad de expresi\u00f3n sea real. Visita nuestro medio informativo publicado desde Hermosillo, Sonora. %","robots":{"index":"index","follow":"follow","max-snippet":"max-snippet:-1","max-image-preview":"max-image-preview:large","max-video-preview":"max-video-preview:-1"},"canonical":"https:\/\/www.sonoraenequipo.com.mx\/hermosillo-donaran-500-arboles-nativos-en-el-vivero-municipal\/","og_locale":"es_ES","og_type":"article","og_title":"Sonora en Equipo. HERMOSILLO. Donar\u00e1n 500 \u00e1rboles nativos en el Vivero Municipal Municipios","og_description":"HERMOSILLO, SONORA, MX. \u2014 La Direcci\u00f3n de Parques y Jardines de Servicios P\u00fablicos Municipales llevar\u00e1 una campa\u00f1a de donaci\u00f3n de 500 \u00e1rboles nativos en En Sonora en Equipo publicamos toda la informaci\u00f3n de Sonora, M\u00e9xico y el Mundo de manera oportuna y busca que la libertad de expresi\u00f3n sea real. Visita nuestro medio informativo publicado desde Hermosillo, Sonora. %","og_url":"https:\/\/www.sonoraenequipo.com.mx\/hermosillo-donaran-500-arboles-nativos-en-el-vivero-municipal\/","og_site_name":"Sonora en Equipo.","article_publisher":"https:\/\/www.facebook.com\/SonoraEE\/","article_author":"https:\/\/www.facebook.com\/SonoraEE","article_published_time":"2025-02-26T23:15:10+00:00","article_modified_time":"2025-02-27T15:00:24+00:00","og_image":[{"width":1024,"height":682,"url":"https:\/\/www.sonoraenequipo.com.mx\/storage\/2023\/06\/Celebrara-Vivero-Municipal-la-Feria-del-Arbol-con-donacion-de-especies-vegetales-2-min.jpeg","type":"image\/jpeg"}],"author":"enequipo","twitter_card":"summary_large_image","twitter_creator":"@sonoraenequipo","twitter_site":"@sonoraenequipo","twitter_misc":{"Escrito por":"enequipo","Tiempo de lectura":"1 minuto"},"schema":{"@context":"https:\/\/schema.org","@graph":[{"@type":"Article","@id":"https:\/\/www.sonoraenequipo.com.mx\/hermosillo-donaran-500-arboles-nativos-en-el-vivero-municipal\/#article","isPartOf":{"@id":"https:\/\/www.sonoraenequipo.com.mx\/hermosillo-donaran-500-arboles-nativos-en-el-vivero-municipal\/"},"author":{"name":"enequipo","@id":"https:\/\/www.sonoraenequipo.com.mx\/#\/schema\/person\/50102df0fb23a8fa9e8effad8fa81386"},"headline":"HERMOSILLO. Donar\u00e1n 500 \u00e1rboles nativos en el Vivero Municipal","datePublished":"2025-02-26T23:15:10+00:00","dateModified":"2025-02-27T15:00:24+00:00","mainEntityOfPage":{"@id":"https:\/\/www.sonoraenequipo.com.mx\/hermosillo-donaran-500-arboles-nativos-en-el-vivero-municipal\/"},"wordCount":137,"commentCount":0,"publisher":{"@id":"https:\/\/www.sonoraenequipo.com.mx\/#organization"},"image":{"@id":"https:\/\/www.sonoraenequipo.com.mx\/hermosillo-donaran-500-arboles-nativos-en-el-vivero-municipal\/#primaryimage"},"thumbnailUrl":"https:\/\/www.sonoraenequipo.com.mx\/storage\/2023\/06\/Celebrara-Vivero-Municipal-la-Feria-del-Arbol-con-donacion-de-especies-vegetales-2-min.jpeg","keywords":["arboles","donaci\u00f3n","hermosillo","vivero"],"articleSection":["Municipios"],"inLanguage":"es","potentialAction":[{"@type":"CommentAction","name":"Comment","target":["https:\/\/www.sonoraenequipo.com.mx\/hermosillo-donaran-500-arboles-nativos-en-el-vivero-municipal\/#respond"]}]},{"@type":"WebPage","@id":"https:\/\/www.sonoraenequipo.com.mx\/hermosillo-donaran-500-arboles-nativos-en-el-vivero-municipal\/","url":"https:\/\/www.sonoraenequipo.com.mx\/hermosillo-donaran-500-arboles-nativos-en-el-vivero-municipal\/","name":"Sonora en Equipo. HERMOSILLO. Donar\u00e1n 500 \u00e1rboles nativos en el Vivero Municipal Municipios","isPartOf":{"@id":"https:\/\/www.sonoraenequipo.com.mx\/#website"},"primaryImageOfPage":{"@id":"https:\/\/www.sonoraenequipo.com.mx\/hermosillo-donaran-500-arboles-nativos-en-el-vivero-municipal\/#primaryimage"},"image":{"@id":"https:\/\/www.sonoraenequipo.com.mx\/hermosillo-donaran-500-arboles-nativos-en-el-vivero-municipal\/#primaryimage"},"thumbnailUrl":"https:\/\/www.sonoraenequipo.com.mx\/storage\/2023\/06\/Celebrara-Vivero-Municipal-la-Feria-del-Arbol-con-donacion-de-especies-vegetales-2-min.jpeg","datePublished":"2025-02-26T23:15:10+00:00","dateModified":"2025-02-27T15:00:24+00:00","description":"HERMOSILLO, SONORA, MX. \u2014 La Direcci\u00f3n de Parques y Jardines de Servicios P\u00fablicos Municipales llevar\u00e1 una campa\u00f1a de donaci\u00f3n de 500 \u00e1rboles nativos en En Sonora en Equipo publicamos toda la informaci\u00f3n de Sonora, M\u00e9xico y el Mundo de manera oportuna y busca que la libertad de expresi\u00f3n sea real. Visita nuestro medio informativo publicado desde Hermosillo, Sonora. %","breadcrumb":{"@id":"https:\/\/www.sonoraenequipo.com.mx\/hermosillo-donaran-500-arboles-nativos-en-el-vivero-municipal\/#breadcrumb"},"inLanguage":"es","potentialAction":[{"@type":"ReadAction","target":["https:\/\/www.sonoraenequipo.com.mx\/hermosillo-donaran-500-arboles-nativos-en-el-vivero-municipal\/"]}]},{"@type":"ImageObject","inLanguage":"es","@id":"https:\/\/www.sonoraenequipo.com.mx\/hermosillo-donaran-500-arboles-nativos-en-el-vivero-municipal\/#primaryimage","url":"https:\/\/www.sonoraenequipo.com.mx\/storage\/2023\/06\/Celebrara-Vivero-Municipal-la-Feria-del-Arbol-con-donacion-de-especies-vegetales-2-min.jpeg","contentUrl":"https:\/\/www.sonoraenequipo.com.mx\/storage\/2023\/06\/Celebrara-Vivero-Municipal-la-Feria-del-Arbol-con-donacion-de-especies-vegetales-2-min.jpeg","width":1024,"height":682},{"@type":"BreadcrumbList","@id":"https:\/\/www.sonoraenequipo.com.mx\/hermosillo-donaran-500-arboles-nativos-en-el-vivero-municipal\/#breadcrumb","itemListElement":[{"@type":"ListItem","position":1,"name":"Portada","item":"https:\/\/www.sonoraenequipo.com.mx\/"},{"@type":"ListItem","position":2,"name":"HERMOSILLO. Donar\u00e1n 500 \u00e1rboles nativos en el Vivero Municipal"}]},{"@type":"WebSite","@id":"https:\/\/www.sonoraenequipo.com.mx\/#website","url":"https:\/\/www.sonoraenequipo.com.mx\/","name":"Sonora en Equipo.","description":"Diario en l\u00ednea con Noticias desde Hermosillo, Sonora","publisher":{"@id":"https:\/\/www.sonoraenequipo.com.mx\/#organization"},"potentialAction":[{"@type":"SearchAction","target":{"@type":"EntryPoint","urlTemplate":"https:\/\/www.sonoraenequipo.com.mx\/?s={search_term_string}"},"query-input":{"@type":"PropertyValueSpecification","valueRequired":true,"valueName":"search_term_string"}}],"inLanguage":"es"},{"@type":"Organization","@id":"https:\/\/www.sonoraenequipo.com.mx\/#organization","name":"Sonoraenequipo.com.mx","url":"https:\/\/www.sonoraenequipo.com.mx\/","logo":{"@type":"ImageObject","inLanguage":"es","@id":"https:\/\/www.sonoraenequipo.com.mx\/#\/schema\/logo\/image\/","url":"https:\/\/www.sonoraenequipo.com.mx\/storage\/2019\/01\/sonoraenequipo_opt.png","contentUrl":"https:\/\/www.sonoraenequipo.com.mx\/storage\/2019\/01\/sonoraenequipo_opt.png","width":375,"height":125,"caption":"Sonoraenequipo.com.mx"},"image":{"@id":"https:\/\/www.sonoraenequipo.com.mx\/#\/schema\/logo\/image\/"},"sameAs":["https:\/\/www.facebook.com\/SonoraEE\/","https:\/\/x.com\/sonoraenequipo","https:\/\/www.youtube.com\/channel\/UC338nW-lPEYmJQs4ZABQ1SQ"]},{"@type":"Person","@id":"https:\/\/www.sonoraenequipo.com.mx\/#\/schema\/person\/50102df0fb23a8fa9e8effad8fa81386","name":"enequipo","image":{"@type":"ImageObject","inLanguage":"es","@id":"https:\/\/www.sonoraenequipo.com.mx\/#\/schema\/person\/image\/","url":"https:\/\/secure.gravatar.com\/avatar\/049821681b589dabc0bc20695993ccebb09f5b5d4d790cd9251b97faac7c652b?s=96&d=blank&r=g","contentUrl":"https:\/\/secure.gravatar.com\/avatar\/049821681b589dabc0bc20695993ccebb09f5b5d4d790cd9251b97faac7c652b?s=96&d=blank&r=g","caption":"enequipo"},"sameAs":["https:\/\/www.facebook.com\/SonoraEE"]}]}},"jetpack_featured_media_url":"https:\/\/www.sonoraenequipo.com.mx\/storage\/2023\/06\/Celebrara-Vivero-Municipal-la-Feria-del-Arbol-con-donacion-de-especies-vegetales-2-min.jpeg","_links":{"self":[{"href":"https:\/\/www.sonoraenequipo.com.mx\/api\/wp\/v2\/posts\/210390","targetHints":{"allow":["GET"]}}],"collection":[{"href":"https:\/\/www.sonoraenequipo.com.mx\/api\/wp\/v2\/posts"}],"about":[{"href":"https:\/\/www.sonoraenequipo.com.mx\/api\/wp\/v2\/types\/post"}],"author":[{"embeddable":true,"href":"https:\/\/www.sonoraenequipo.com.mx\/api\/wp\/v2\/users\/1"}],"replies":[{"embeddable":true,"href":"https:\/\/www.sonoraenequipo.com.mx\/api\/wp\/v2\/comments?post=210390"}],"version-history":[{"count":2,"href":"https:\/\/www.sonoraenequipo.com.mx\/api\/wp\/v2\/posts\/210390\/revisions"}],"predecessor-version":[{"id":210423,"href":"https:\/\/www.sonoraenequipo.com.mx\/api\/wp\/v2\/posts\/210390\/revisions\/210423"}],"wp:featuredmedia":[{"embeddable":true,"href":"https:\/\/www.sonoraenequipo.com.mx\/api\/wp\/v2\/media\/169005"}],"wp:attachment":[{"href":"https:\/\/www.sonoraenequipo.com.mx\/api\/wp\/v2\/media?parent=210390"}],"wp:term":[{"taxonomy":"category","embeddable":true,"href":"https:\/\/www.sonoraenequipo.com.mx\/api\/wp\/v2\/categories?post=210390"},{"taxonomy":"post_tag","embeddable":true,"href":"https:\/\/www.sonoraenequipo.com.mx\/api\/wp\/v2\/tags?post=210390"}],"curies":[{"name":"wp","href":"https:\/\/api.w.org\/{rel}","templated":true}]}}