{"id":210398,"date":"2025-02-26T20:35:00","date_gmt":"2025-02-27T03:35:00","guid":{"rendered":"https:\/\/www.sonoraenequipo.com.mx\/?p=210398"},"modified":"2025-02-27T08:06:51","modified_gmt":"2025-02-27T15:06:51","slug":"texas-registra-primeras-muertes-por-sarampion-en-una-decada","status":"publish","type":"post","link":"https:\/\/www.sonoraenequipo.com.mx\/texas-registra-primeras-muertes-por-sarampion-en-una-decada\/","title":{"rendered":"Texas registra primeras muertes por sarampi\u00f3n en una d\u00e9cada"},"content":{"rendered":"<p><strong>MACALEN, TEXAS, ESTADOS UNIDOS DEL NORTE DE M\u00c9XICO. \u2014<\/strong>\u00a0 El Departamento de Servicios de Salud del Estado de Texas (DSHS, en ingl\u00e9s) inform\u00f3 este mi\u00e9rcoles (26.02.2025) que un ni\u00f1o en edad escolar y no vacunado falleci\u00f3 por sarampi\u00f3n en las \u00faltimas horas, el primer caso en Estados Unidos en una d\u00e9cada, despu\u00e9s de que se registrara un brote con 124 afectados en las comunidades texanas de South Plains y Panhandle.<\/p>\n<p> <\/p>\n<p>El menor hab\u00eda sido hospitalizado en la ciudad de Lubbock (oeste rural de Texas) la semana pasada y hab\u00eda dado positivo en la prueba de sarampi\u00f3n, report\u00f3 el DSHS sobre la primera muerte registrada durante este brote, considerado ya \u00abel m\u00e1s grave en los \u00faltimos 30 a\u00f1os\u00bb en Texas, cuya extensi\u00f3n se da principalmente en una comunidad menonita con bajas tasas de vacunaci\u00f3n.<\/p>\n<p><em><strong>\u00abHasta el 25 de febrero, se han confirmado 124 casos de sarampi\u00f3n en el brote que empez\u00f3 a finales de enero. La mayor\u00eda de los casos son ni\u00f1os. Dieciocho personas han sido hospitalizadas durante el brote\u00bb,<\/strong><\/em> detall\u00f3 DSHS sobre esta infecci\u00f3n v\u00edrica altamente contagiosa que <strong><em>\u00abpuede causar una enfermedad potencialmente mortal a cualquier persona que no est\u00e9 vacunada\u00bb.<\/em><\/strong><\/p>\n<h3><strong>Muertes evitables<\/strong><\/h3>\n<p>A los 124 casos de Texas se suman nueve en el vecino estado de Nuevo M\u00e9xico, lo que ha incrementado la preocupaci\u00f3n por el resurgimiento de esta enfermedad. El brote coincide con el comienzo del mandato de Robert F. Kennedy Jr. como Secretario de Salud en la administraci\u00f3n de Donald Trump, un puesto que influye en la pol\u00edtica de inmunizaci\u00f3n del pa\u00eds. Kennedy es un antivacunas declarado.<\/p>\n<p>Poco m\u00e1s tarde, el mismo funcionario report\u00f3 que las muertes por el brote ya eran dos. \u00abLo estamos vigilando\u201d, dijo Kennedy durante una reuni\u00f3n del gabinete de Donald Trump transmitida por la televisi\u00f3n.<\/p>\n<p><em><strong>\u00abEl sarampi\u00f3n sigue matando a m\u00e1s de 100.000 personas cada a\u00f1o en todo el mundo\u201d entre personas no vacunadas, dijo a la agencia AFP el m\u00e9dico especialista en enfermedades infecciosas Amesh Adalja, de la Universidad Johns Hopkins. \u00abLa muerte deber\u00eda servir como recordatorio de que hubo una raz\u00f3n por la que se desarroll\u00f3 la vacuna y de que la vacuna es valiosa para las personas\u201d<\/strong><\/em>, agreg\u00f3.<\/p>\n<p>Antes de que se introdujera la vacuna contra el sarampi\u00f3n en 1963, se estima que entre tres y cuatro millones de estadounidenses contra\u00edan la enfermedad y varios cientos mor\u00edan anualmente.<\/p>\n<p><strong>Fecha de publicaci\u00f3n mi\u00e9rcoles 26 \u00a0de febrero de 2025 \/DW<\/strong><\/p>\n","protected":false},"excerpt":{"rendered":"<p>MACALEN, TEXAS, ESTADOS UNIDOS DEL NORTE DE M\u00c9XICO. \u2014\u00a0 El Departamento de Servicios de Salud&#8230;<\/p>\n","protected":false},"author":1,"featured_media":210399,"comment_status":"open","ping_status":"open","sticky":false,"template":"","format":"standard","meta":{"_monsterinsights_skip_tracking":false,"_monsterinsights_sitenote_active":false,"_monsterinsights_sitenote_note":"","_monsterinsights_sitenote_category":0,"footnotes":""},"categories":[3],"tags":[3032,1151],"class_list":["post"],"yoast_head":" \n<title>Sonora en Equipo. Texas registra primeras muertes por sarampi\u00f3n en una d\u00e9cada MUNDO<\/title>\n<meta name=\"description\" content=\"MACALEN, TEXAS, ESTADOS UNIDOS DEL NORTE DE M\u00c9XICO. \u2014\u00a0 El Departamento de Servicios de Salud del Estado de Texas (DSHS, en ingl\u00e9s) inform\u00f3 este mi\u00e9rcoles En Sonora en Equipo publicamos toda la informaci\u00f3n de Sonora, M\u00e9xico y el Mundo de manera oportuna y busca que la libertad de expresi\u00f3n sea real. Visita nuestro medio informativo publicado desde Hermosillo, Sonora. %\" \/>\n<meta name=\"robots\" content=\"index, follow, max-snippet:-1, max-image-preview:large, max-video-preview:-1\" \/>\n<link rel=\"canonical\" href=\"https:\/\/www.sonoraenequipo.com.mx\/texas-registra-primeras-muertes-por-sarampion-en-una-decada\/\" \/>\n<meta property=\"og:locale\" content=\"es_ES\" \/>\n<meta property=\"og:type\" content=\"article\" \/>\n<meta property=\"og:title\" content=\"Sonora en Equipo. Texas registra primeras muertes por sarampi\u00f3n en una d\u00e9cada MUNDO\" \/>\n<meta property=\"og:description\" content=\"MACALEN, TEXAS, ESTADOS UNIDOS DEL NORTE DE M\u00c9XICO. \u2014\u00a0 El Departamento de Servicios de Salud del Estado de Texas (DSHS, en ingl\u00e9s) inform\u00f3 este mi\u00e9rcoles En Sonora en Equipo publicamos toda la informaci\u00f3n de Sonora, M\u00e9xico y el Mundo de manera oportuna y busca que la libertad de expresi\u00f3n sea real. Visita nuestro medio informativo publicado desde Hermosillo, Sonora. %\" \/>\n<meta property=\"og:url\" content=\"https:\/\/www.sonoraenequipo.com.mx\/texas-registra-primeras-muertes-por-sarampion-en-una-decada\/\" \/>\n<meta property=\"og:site_name\" content=\"Sonora en Equipo.\" \/>\n<meta property=\"article:publisher\" content=\"https:\/\/www.facebook.com\/SonoraEE\/\" \/>\n<meta property=\"article:author\" content=\"https:\/\/www.facebook.com\/SonoraEE\" \/>\n<meta property=\"article:published_time\" content=\"2025-02-27T03:35:00+00:00\" \/>\n<meta property=\"article:modified_time\" content=\"2025-02-27T15:06:51+00:00\" \/>\n<meta property=\"og:image\" content=\"https:\/\/www.sonoraenequipo.com.mx\/storage\/2025\/02\/vacuna-sarampion.jpg\" \/>\n\t<meta property=\"og:image:width\" content=\"600\" \/>\n\t<meta property=\"og:image:height\" content=\"400\" \/>\n\t<meta property=\"og:image:type\" content=\"image\/jpeg\" \/>\n<meta name=\"author\" content=\"enequipo\" \/>\n<meta name=\"twitter:card\" content=\"summary_large_image\" \/>\n<meta name=\"twitter:creator\" content=\"@sonoraenequipo\" \/>\n<meta name=\"twitter:site\" content=\"@sonoraenequipo\" \/>\n<meta name=\"twitter:label1\" content=\"Escrito por\" \/>\n\t<meta name=\"twitter:data1\" content=\"enequipo\" \/>\n\t<meta name=\"twitter:label2\" content=\"Tiempo de lectura\" \/>\n\t<meta name=\"twitter:data2\" content=\"2 minutos\" \/>\n<script type=\"application\/ld+json\" class=\"yoast-schema-graph\">{\"@context\":\"https:\/\/schema.org\",\"@graph\":[{\"@type\":\"Article\",\"@id\":\"https:\/\/www.sonoraenequipo.com.mx\/texas-registra-primeras-muertes-por-sarampion-en-una-decada\/#article\",\"isPartOf\":{\"@id\":\"https:\/\/www.sonoraenequipo.com.mx\/texas-registra-primeras-muertes-por-sarampion-en-una-decada\/\"},\"author\":{\"name\":\"enequipo\",\"@id\":\"https:\/\/www.sonoraenequipo.com.mx\/#\/schema\/person\/50102df0fb23a8fa9e8effad8fa81386\"},\"headline\":\"Texas registra primeras muertes por sarampi\u00f3n en una d\u00e9cada\",\"datePublished\":\"2025-02-27T03:35:00+00:00\",\"dateModified\":\"2025-02-27T15:06:51+00:00\",\"mainEntityOfPage\":{\"@id\":\"https:\/\/www.sonoraenequipo.com.mx\/texas-registra-primeras-muertes-por-sarampion-en-una-decada\/\"},\"wordCount\":438,\"commentCount\":0,\"publisher\":{\"@id\":\"https:\/\/www.sonoraenequipo.com.mx\/#organization\"},\"image\":{\"@id\":\"https:\/\/www.sonoraenequipo.com.mx\/texas-registra-primeras-muertes-por-sarampion-en-una-decada\/#primaryimage\"},\"thumbnailUrl\":\"https:\/\/www.sonoraenequipo.com.mx\/storage\/2025\/02\/vacuna-sarampion.jpg\",\"keywords\":[\"sarampion\",\"Texas\"],\"articleSection\":[\"MUNDO\"],\"inLanguage\":\"es\",\"potentialAction\":[{\"@type\":\"CommentAction\",\"name\":\"Comment\",\"target\":[\"https:\/\/www.sonoraenequipo.com.mx\/texas-registra-primeras-muertes-por-sarampion-en-una-decada\/#respond\"]}]},{\"@type\":\"WebPage\",\"@id\":\"https:\/\/www.sonoraenequipo.com.mx\/texas-registra-primeras-muertes-por-sarampion-en-una-decada\/\",\"url\":\"https:\/\/www.sonoraenequipo.com.mx\/texas-registra-primeras-muertes-por-sarampion-en-una-decada\/\",\"name\":\"Sonora en Equipo. Texas registra primeras muertes por sarampi\u00f3n en una d\u00e9cada MUNDO\",\"isPartOf\":{\"@id\":\"https:\/\/www.sonoraenequipo.com.mx\/#website\"},\"primaryImageOfPage\":{\"@id\":\"https:\/\/www.sonoraenequipo.com.mx\/texas-registra-primeras-muertes-por-sarampion-en-una-decada\/#primaryimage\"},\"image\":{\"@id\":\"https:\/\/www.sonoraenequipo.com.mx\/texas-registra-primeras-muertes-por-sarampion-en-una-decada\/#primaryimage\"},\"thumbnailUrl\":\"https:\/\/www.sonoraenequipo.com.mx\/storage\/2025\/02\/vacuna-sarampion.jpg\",\"datePublished\":\"2025-02-27T03:35:00+00:00\",\"dateModified\":\"2025-02-27T15:06:51+00:00\",\"description\":\"MACALEN, TEXAS, ESTADOS UNIDOS DEL NORTE DE M\u00c9XICO. \u2014\u00a0 El Departamento de Servicios de Salud del Estado de Texas (DSHS, en ingl\u00e9s) inform\u00f3 este mi\u00e9rcoles En Sonora en Equipo publicamos toda la informaci\u00f3n de Sonora, M\u00e9xico y el Mundo de manera oportuna y busca que la libertad de expresi\u00f3n sea real. Visita nuestro medio informativo publicado desde Hermosillo, Sonora. %\",\"breadcrumb\":{\"@id\":\"https:\/\/www.sonoraenequipo.com.mx\/texas-registra-primeras-muertes-por-sarampion-en-una-decada\/#breadcrumb\"},\"inLanguage\":\"es\",\"potentialAction\":[{\"@type\":\"ReadAction\",\"target\":[\"https:\/\/www.sonoraenequipo.com.mx\/texas-registra-primeras-muertes-por-sarampion-en-una-decada\/\"]}]},{\"@type\":\"ImageObject\",\"inLanguage\":\"es\",\"@id\":\"https:\/\/www.sonoraenequipo.com.mx\/texas-registra-primeras-muertes-por-sarampion-en-una-decada\/#primaryimage\",\"url\":\"https:\/\/www.sonoraenequipo.com.mx\/storage\/2025\/02\/vacuna-sarampion.jpg\",\"contentUrl\":\"https:\/\/www.sonoraenequipo.com.mx\/storage\/2025\/02\/vacuna-sarampion.jpg\",\"width\":600,\"height\":400},{\"@type\":\"BreadcrumbList\",\"@id\":\"https:\/\/www.sonoraenequipo.com.mx\/texas-registra-primeras-muertes-por-sarampion-en-una-decada\/#breadcrumb\",\"itemListElement\":[{\"@type\":\"ListItem\",\"position\":1,\"name\":\"Portada\",\"item\":\"https:\/\/www.sonoraenequipo.com.mx\/\"},{\"@type\":\"ListItem\",\"position\":2,\"name\":\"Texas registra primeras muertes por sarampi\u00f3n en una d\u00e9cada\"}]},{\"@type\":\"WebSite\",\"@id\":\"https:\/\/www.sonoraenequipo.com.mx\/#website\",\"url\":\"https:\/\/www.sonoraenequipo.com.mx\/\",\"name\":\"Sonora en Equipo.\",\"description\":\"Diario en l\u00ednea con Noticias desde Hermosillo, Sonora\",\"publisher\":{\"@id\":\"https:\/\/www.sonoraenequipo.com.mx\/#organization\"},\"potentialAction\":[{\"@type\":\"SearchAction\",\"target\":{\"@type\":\"EntryPoint\",\"urlTemplate\":\"https:\/\/www.sonoraenequipo.com.mx\/?s={search_term_string}\"},\"query-input\":{\"@type\":\"PropertyValueSpecification\",\"valueRequired\":true,\"valueName\":\"search_term_string\"}}],\"inLanguage\":\"es\"},{\"@type\":\"Organization\",\"@id\":\"https:\/\/www.sonoraenequipo.com.mx\/#organization\",\"name\":\"Sonoraenequipo.com.mx\",\"url\":\"https:\/\/www.sonoraenequipo.com.mx\/\",\"logo\":{\"@type\":\"ImageObject\",\"inLanguage\":\"es\",\"@id\":\"https:\/\/www.sonoraenequipo.com.mx\/#\/schema\/logo\/image\/\",\"url\":\"https:\/\/www.sonoraenequipo.com.mx\/storage\/2019\/01\/sonoraenequipo_opt.png\",\"contentUrl\":\"https:\/\/www.sonoraenequipo.com.mx\/storage\/2019\/01\/sonoraenequipo_opt.png\",\"width\":375,\"height\":125,\"caption\":\"Sonoraenequipo.com.mx\"},\"image\":{\"@id\":\"https:\/\/www.sonoraenequipo.com.mx\/#\/schema\/logo\/image\/\"},\"sameAs\":[\"https:\/\/www.facebook.com\/SonoraEE\/\",\"https:\/\/x.com\/sonoraenequipo\",\"https:\/\/www.youtube.com\/channel\/UC338nW-lPEYmJQs4ZABQ1SQ\"]},{\"@type\":\"Person\",\"@id\":\"https:\/\/www.sonoraenequipo.com.mx\/#\/schema\/person\/50102df0fb23a8fa9e8effad8fa81386\",\"name\":\"enequipo\",\"image\":{\"@type\":\"ImageObject\",\"inLanguage\":\"es\",\"@id\":\"https:\/\/www.sonoraenequipo.com.mx\/#\/schema\/person\/image\/\",\"url\":\"https:\/\/secure.gravatar.com\/avatar\/049821681b589dabc0bc20695993ccebb09f5b5d4d790cd9251b97faac7c652b?s=96&d=blank&r=g\",\"contentUrl\":\"https:\/\/secure.gravatar.com\/avatar\/049821681b589dabc0bc20695993ccebb09f5b5d4d790cd9251b97faac7c652b?s=96&d=blank&r=g\",\"caption\":\"enequipo\"},\"sameAs\":[\"https:\/\/www.facebook.com\/SonoraEE\"]}]}<\/script>\n ","yoast_head_json":{"title":"Sonora en Equipo. Texas registra primeras muertes por sarampi\u00f3n en una d\u00e9cada MUNDO","description":"MACALEN, TEXAS, ESTADOS UNIDOS DEL NORTE DE M\u00c9XICO. \u2014\u00a0 El Departamento de Servicios de Salud del Estado de Texas (DSHS, en ingl\u00e9s) inform\u00f3 este mi\u00e9rcoles En Sonora en Equipo publicamos toda la informaci\u00f3n de Sonora, M\u00e9xico y el Mundo de manera oportuna y busca que la libertad de expresi\u00f3n sea real. Visita nuestro medio informativo publicado desde Hermosillo, Sonora. %","robots":{"index":"index","follow":"follow","max-snippet":"max-snippet:-1","max-image-preview":"max-image-preview:large","max-video-preview":"max-video-preview:-1"},"canonical":"https:\/\/www.sonoraenequipo.com.mx\/texas-registra-primeras-muertes-por-sarampion-en-una-decada\/","og_locale":"es_ES","og_type":"article","og_title":"Sonora en Equipo. Texas registra primeras muertes por sarampi\u00f3n en una d\u00e9cada MUNDO","og_description":"MACALEN, TEXAS, ESTADOS UNIDOS DEL NORTE DE M\u00c9XICO. \u2014\u00a0 El Departamento de Servicios de Salud del Estado de Texas (DSHS, en ingl\u00e9s) inform\u00f3 este mi\u00e9rcoles En Sonora en Equipo publicamos toda la informaci\u00f3n de Sonora, M\u00e9xico y el Mundo de manera oportuna y busca que la libertad de expresi\u00f3n sea real. Visita nuestro medio informativo publicado desde Hermosillo, Sonora. %","og_url":"https:\/\/www.sonoraenequipo.com.mx\/texas-registra-primeras-muertes-por-sarampion-en-una-decada\/","og_site_name":"Sonora en Equipo.","article_publisher":"https:\/\/www.facebook.com\/SonoraEE\/","article_author":"https:\/\/www.facebook.com\/SonoraEE","article_published_time":"2025-02-27T03:35:00+00:00","article_modified_time":"2025-02-27T15:06:51+00:00","og_image":[{"width":600,"height":400,"url":"https:\/\/www.sonoraenequipo.com.mx\/storage\/2025\/02\/vacuna-sarampion.jpg","type":"image\/jpeg"}],"author":"enequipo","twitter_card":"summary_large_image","twitter_creator":"@sonoraenequipo","twitter_site":"@sonoraenequipo","twitter_misc":{"Escrito por":"enequipo","Tiempo de lectura":"2 minutos"},"schema":{"@context":"https:\/\/schema.org","@graph":[{"@type":"Article","@id":"https:\/\/www.sonoraenequipo.com.mx\/texas-registra-primeras-muertes-por-sarampion-en-una-decada\/#article","isPartOf":{"@id":"https:\/\/www.sonoraenequipo.com.mx\/texas-registra-primeras-muertes-por-sarampion-en-una-decada\/"},"author":{"name":"enequipo","@id":"https:\/\/www.sonoraenequipo.com.mx\/#\/schema\/person\/50102df0fb23a8fa9e8effad8fa81386"},"headline":"Texas registra primeras muertes por sarampi\u00f3n en una d\u00e9cada","datePublished":"2025-02-27T03:35:00+00:00","dateModified":"2025-02-27T15:06:51+00:00","mainEntityOfPage":{"@id":"https:\/\/www.sonoraenequipo.com.mx\/texas-registra-primeras-muertes-por-sarampion-en-una-decada\/"},"wordCount":438,"commentCount":0,"publisher":{"@id":"https:\/\/www.sonoraenequipo.com.mx\/#organization"},"image":{"@id":"https:\/\/www.sonoraenequipo.com.mx\/texas-registra-primeras-muertes-por-sarampion-en-una-decada\/#primaryimage"},"thumbnailUrl":"https:\/\/www.sonoraenequipo.com.mx\/storage\/2025\/02\/vacuna-sarampion.jpg","keywords":["sarampion","Texas"],"articleSection":["MUNDO"],"inLanguage":"es","potentialAction":[{"@type":"CommentAction","name":"Comment","target":["https:\/\/www.sonoraenequipo.com.mx\/texas-registra-primeras-muertes-por-sarampion-en-una-decada\/#respond"]}]},{"@type":"WebPage","@id":"https:\/\/www.sonoraenequipo.com.mx\/texas-registra-primeras-muertes-por-sarampion-en-una-decada\/","url":"https:\/\/www.sonoraenequipo.com.mx\/texas-registra-primeras-muertes-por-sarampion-en-una-decada\/","name":"Sonora en Equipo. Texas registra primeras muertes por sarampi\u00f3n en una d\u00e9cada MUNDO","isPartOf":{"@id":"https:\/\/www.sonoraenequipo.com.mx\/#website"},"primaryImageOfPage":{"@id":"https:\/\/www.sonoraenequipo.com.mx\/texas-registra-primeras-muertes-por-sarampion-en-una-decada\/#primaryimage"},"image":{"@id":"https:\/\/www.sonoraenequipo.com.mx\/texas-registra-primeras-muertes-por-sarampion-en-una-decada\/#primaryimage"},"thumbnailUrl":"https:\/\/www.sonoraenequipo.com.mx\/storage\/2025\/02\/vacuna-sarampion.jpg","datePublished":"2025-02-27T03:35:00+00:00","dateModified":"2025-02-27T15:06:51+00:00","description":"MACALEN, TEXAS, ESTADOS UNIDOS DEL NORTE DE M\u00c9XICO. \u2014\u00a0 El Departamento de Servicios de Salud del Estado de Texas (DSHS, en ingl\u00e9s) inform\u00f3 este mi\u00e9rcoles En Sonora en Equipo publicamos toda la informaci\u00f3n de Sonora, M\u00e9xico y el Mundo de manera oportuna y busca que la libertad de expresi\u00f3n sea real. Visita nuestro medio informativo publicado desde Hermosillo, Sonora. %","breadcrumb":{"@id":"https:\/\/www.sonoraenequipo.com.mx\/texas-registra-primeras-muertes-por-sarampion-en-una-decada\/#breadcrumb"},"inLanguage":"es","potentialAction":[{"@type":"ReadAction","target":["https:\/\/www.sonoraenequipo.com.mx\/texas-registra-primeras-muertes-por-sarampion-en-una-decada\/"]}]},{"@type":"ImageObject","inLanguage":"es","@id":"https:\/\/www.sonoraenequipo.com.mx\/texas-registra-primeras-muertes-por-sarampion-en-una-decada\/#primaryimage","url":"https:\/\/www.sonoraenequipo.com.mx\/storage\/2025\/02\/vacuna-sarampion.jpg","contentUrl":"https:\/\/www.sonoraenequipo.com.mx\/storage\/2025\/02\/vacuna-sarampion.jpg","width":600,"height":400},{"@type":"BreadcrumbList","@id":"https:\/\/www.sonoraenequipo.com.mx\/texas-registra-primeras-muertes-por-sarampion-en-una-decada\/#breadcrumb","itemListElement":[{"@type":"ListItem","position":1,"name":"Portada","item":"https:\/\/www.sonoraenequipo.com.mx\/"},{"@type":"ListItem","position":2,"name":"Texas registra primeras muertes por sarampi\u00f3n en una d\u00e9cada"}]},{"@type":"WebSite","@id":"https:\/\/www.sonoraenequipo.com.mx\/#website","url":"https:\/\/www.sonoraenequipo.com.mx\/","name":"Sonora en Equipo.","description":"Diario en l\u00ednea con Noticias desde Hermosillo, Sonora","publisher":{"@id":"https:\/\/www.sonoraenequipo.com.mx\/#organization"},"potentialAction":[{"@type":"SearchAction","target":{"@type":"EntryPoint","urlTemplate":"https:\/\/www.sonoraenequipo.com.mx\/?s={search_term_string}"},"query-input":{"@type":"PropertyValueSpecification","valueRequired":true,"valueName":"search_term_string"}}],"inLanguage":"es"},{"@type":"Organization","@id":"https:\/\/www.sonoraenequipo.com.mx\/#organization","name":"Sonoraenequipo.com.mx","url":"https:\/\/www.sonoraenequipo.com.mx\/","logo":{"@type":"ImageObject","inLanguage":"es","@id":"https:\/\/www.sonoraenequipo.com.mx\/#\/schema\/logo\/image\/","url":"https:\/\/www.sonoraenequipo.com.mx\/storage\/2019\/01\/sonoraenequipo_opt.png","contentUrl":"https:\/\/www.sonoraenequipo.com.mx\/storage\/2019\/01\/sonoraenequipo_opt.png","width":375,"height":125,"caption":"Sonoraenequipo.com.mx"},"image":{"@id":"https:\/\/www.sonoraenequipo.com.mx\/#\/schema\/logo\/image\/"},"sameAs":["https:\/\/www.facebook.com\/SonoraEE\/","https:\/\/x.com\/sonoraenequipo","https:\/\/www.youtube.com\/channel\/UC338nW-lPEYmJQs4ZABQ1SQ"]},{"@type":"Person","@id":"https:\/\/www.sonoraenequipo.com.mx\/#\/schema\/person\/50102df0fb23a8fa9e8effad8fa81386","name":"enequipo","image":{"@type":"ImageObject","inLanguage":"es","@id":"https:\/\/www.sonoraenequipo.com.mx\/#\/schema\/person\/image\/","url":"https:\/\/secure.gravatar.com\/avatar\/049821681b589dabc0bc20695993ccebb09f5b5d4d790cd9251b97faac7c652b?s=96&d=blank&r=g","contentUrl":"https:\/\/secure.gravatar.com\/avatar\/049821681b589dabc0bc20695993ccebb09f5b5d4d790cd9251b97faac7c652b?s=96&d=blank&r=g","caption":"enequipo"},"sameAs":["https:\/\/www.facebook.com\/SonoraEE"]}]}},"jetpack_featured_media_url":"https:\/\/www.sonoraenequipo.com.mx\/storage\/2025\/02\/vacuna-sarampion.jpg","_links":{"self":[{"href":"https:\/\/www.sonoraenequipo.com.mx\/api\/wp\/v2\/posts\/210398","targetHints":{"allow":["GET"]}}],"collection":[{"href":"https:\/\/www.sonoraenequipo.com.mx\/api\/wp\/v2\/posts"}],"about":[{"href":"https:\/\/www.sonoraenequipo.com.mx\/api\/wp\/v2\/types\/post"}],"author":[{"embeddable":true,"href":"https:\/\/www.sonoraenequipo.com.mx\/api\/wp\/v2\/users\/1"}],"replies":[{"embeddable":true,"href":"https:\/\/www.sonoraenequipo.com.mx\/api\/wp\/v2\/comments?post=210398"}],"version-history":[{"count":2,"href":"https:\/\/www.sonoraenequipo.com.mx\/api\/wp\/v2\/posts\/210398\/revisions"}],"predecessor-version":[{"id":210425,"href":"https:\/\/www.sonoraenequipo.com.mx\/api\/wp\/v2\/posts\/210398\/revisions\/210425"}],"wp:featuredmedia":[{"embeddable":true,"href":"https:\/\/www.sonoraenequipo.com.mx\/api\/wp\/v2\/media\/210399"}],"wp:attachment":[{"href":"https:\/\/www.sonoraenequipo.com.mx\/api\/wp\/v2\/media?parent=210398"}],"wp:term":[{"taxonomy":"category","embeddable":true,"href":"https:\/\/www.sonoraenequipo.com.mx\/api\/wp\/v2\/categories?post=210398"},{"taxonomy":"post_tag","embeddable":true,"href":"https:\/\/www.sonoraenequipo.com.mx\/api\/wp\/v2\/tags?post=210398"}],"curies":[{"name":"wp","href":"https:\/\/api.w.org\/{rel}","templated":true}]}}