{"id":210407,"date":"2025-02-26T18:08:56","date_gmt":"2025-02-27T01:08:56","guid":{"rendered":"https:\/\/www.sonoraenequipo.com.mx\/?p=210407"},"modified":"2025-02-26T18:08:56","modified_gmt":"2025-02-27T01:08:56","slug":"trump-quien-no-este-de-acuerdo-con-musk-se-puede-marchar","status":"publish","type":"post","link":"https:\/\/www.sonoraenequipo.com.mx\/trump-quien-no-este-de-acuerdo-con-musk-se-puede-marchar\/","title":{"rendered":"Trump: quien no est\u00e9 de acuerdo con Musk \u00abse puede marchar\u00bb"},"content":{"rendered":"<p>Poco m\u00e1s de un mes despu\u00e9s de regresar al poder, el presidente estadounidense, Donald Trump, inici\u00f3 su primera reuni\u00f3n de gabinete de Gobierno este mi\u00e9rcoles (26.02.2025), cediendo parte del protagonismo al magnate Elon Musk. Este, que fue el primero en hablar pese a que no tiene un rol formalmente en el gabinete, recibi\u00f3 un sonoro aplauso de todos los jefes de los departamentos de Gobierno.<\/p>\n<p>&nbsp;<\/p>\n<p>Trump volvi\u00f3 a respaldar los esfuerzos de DOGE (el Departamento de Eficiencia Gubernamental que ide\u00f3 Musk) y consider\u00f3 que no hay resistencia entre los miembros de su equipo por las heterodoxas pr\u00e1cticas del magnate con respecto a los funcionarios.<\/p>\n<p>&nbsp;<\/p>\n<p>\u00ab\u00bfHay alguien que no est\u00e9 contento con Elon? Si es as\u00ed, se puede marchar\u00bb, brome\u00f3 Trump delante del vicepresidente y los secretarios de todos los departamentos que conforman el Gobierno Federal.<\/p>\n<p>&nbsp;<\/p>\n<p>La Oficina de Gesti\u00f3n de Personal (OPM) envi\u00f3 el viernes, instruido por Musk, un correo electr\u00f3nico a todos los funcionarios federales para que contestaran el lunes sobre qu\u00e9 cinco tareas hab\u00edan completado o ser\u00edan despedidos, pero varios departamentos avisaron a sus empleados que no estaban obligados a hacerlo.<\/p>\n<p>&nbsp;<\/p>\n<p>Seg\u00fan medios estadounidenses, varios miembros del equipo de Trump est\u00e1n empezando a ver como una incomodidad y una injerencia la presencia de Musk y su labor de recortes y despidos, algo que ha aumentado la tensi\u00f3n dentro del Ejecutivo.<\/p>\n<p><strong>Musk sacrifica \u00abmucho\u00bb<\/strong><\/p>\n<p>\u00ab(Musk) est\u00e1 sacrificando mucho. Y est\u00e1 recibiendo muchas alabanzas, pero tambi\u00e9n le est\u00e1n cayendo muchos golpes\u00bb, asegur\u00f3 Trump.<\/p>\n<p>&nbsp;<\/p>\n<p>Musk dijo que su labor es puramente de \u00abasistencia t\u00e9cnica\u00bb y que si DOGE deja de hacer su trabajo y no se abordan los recortes \u00abEstados Unidos caer\u00e1 en la bancarrota\u00bb.<\/p>\n<p>&nbsp;<\/p>\n<p>El magnate, cofundador de Tesla, dijo que su correo electr\u00f3nico a unos tres millones de funcionarios no quiere ser una revisi\u00f3n de desempe\u00f1o, sino una revisi\u00f3n de \u00abpulso\u00bb o prueba de que esos empleados federales verdaderamente existen, algo que repiti\u00f3 Trump.<\/p>\n<p>&nbsp;<\/p>\n<p>\u00abHay individuos ficticios que est\u00e1n recibiendo una n\u00f3mina\u00bb o que tienen otros trabajos y por ello \u00abesos millones (de empleados) que no han respondido est\u00e1n en riesgo. Tal vez, los vamos a echar\u00bb, reiter\u00f3 Trump.<\/p>\n<p>&nbsp;<\/p>\n<p>Seg\u00fan Musk, alrededor de la mitad de todos los empleados federales han contestado al correo electr\u00f3nico.<\/p>\n<p>&nbsp;<\/p>\n<p>Musk, el hombre m\u00e1s rico del planeta, asegur\u00f3 que \u00e9l hace lo que el presidente le ordena y rechaz\u00f3 que haya oposici\u00f3n a sus iniciativas dentro del Gobierno y consider\u00f3 que el gabinete actual es el m\u00e1s talentoso y mejor \u00abde toda la historia\u00bb.<\/p>\n<p>&nbsp;<\/p>\n<p>Durante la reuni\u00f3n de gabinete, Trump tambi\u00e9n dijo que es Europa, no EE.UU., quien debe dar garant\u00edas de seguridad a Ucrania, que la UE se cre\u00f3 \u00abpara estafar a Estados Unidos\u00bb, y que los aranceles sobre los productos de la Uni\u00f3n Europea ser\u00e1n del 25 por ciento en general.<\/p>\n<p><strong>Fecha de publicaci\u00f3n mi\u00e9rcoles 26 \u00a0de febrero de 2025 \/DW<\/strong><\/p>\n","protected":false},"excerpt":{"rendered":"<p>Poco m\u00e1s de un mes despu\u00e9s de regresar al poder, el presidente estadounidense, Donald Trump,&#8230;<\/p>\n","protected":false},"author":1,"featured_media":202508,"comment_status":"open","ping_status":"open","sticky":false,"template":"","format":"standard","meta":{"_monsterinsights_skip_tracking":false,"_monsterinsights_sitenote_active":false,"_monsterinsights_sitenote_note":"","_monsterinsights_sitenote_category":0,"footnotes":""},"categories":[3],"tags":[7710,1898],"class_list":["post"],"yoast_head":" \n<title>Sonora en Equipo. Trump: quien no est\u00e9 de acuerdo con Musk &quot;se puede marchar&quot; MUNDO<\/title>\n<meta name=\"description\" content=\"Poco m\u00e1s de un mes despu\u00e9s de regresar al poder, el presidente estadounidense, Donald Trump, inici\u00f3 su primera reuni\u00f3n de gabinete de Gobierno este En Sonora en Equipo publicamos toda la informaci\u00f3n de Sonora, M\u00e9xico y el Mundo de manera oportuna y busca que la libertad de expresi\u00f3n sea real. Visita nuestro medio informativo publicado desde Hermosillo, Sonora. %\" \/>\n<meta name=\"robots\" content=\"index, follow, max-snippet:-1, max-image-preview:large, max-video-preview:-1\" \/>\n<link rel=\"canonical\" href=\"https:\/\/www.sonoraenequipo.com.mx\/trump-quien-no-este-de-acuerdo-con-musk-se-puede-marchar\/\" \/>\n<meta property=\"og:locale\" content=\"es_ES\" \/>\n<meta property=\"og:type\" content=\"article\" \/>\n<meta property=\"og:title\" content=\"Sonora en Equipo. Trump: quien no est\u00e9 de acuerdo con Musk &quot;se puede marchar&quot; MUNDO\" \/>\n<meta property=\"og:description\" content=\"Poco m\u00e1s de un mes despu\u00e9s de regresar al poder, el presidente estadounidense, Donald Trump, inici\u00f3 su primera reuni\u00f3n de gabinete de Gobierno este En Sonora en Equipo publicamos toda la informaci\u00f3n de Sonora, M\u00e9xico y el Mundo de manera oportuna y busca que la libertad de expresi\u00f3n sea real. Visita nuestro medio informativo publicado desde Hermosillo, Sonora. %\" \/>\n<meta property=\"og:url\" content=\"https:\/\/www.sonoraenequipo.com.mx\/trump-quien-no-este-de-acuerdo-con-musk-se-puede-marchar\/\" \/>\n<meta property=\"og:site_name\" content=\"Sonora en Equipo.\" \/>\n<meta property=\"article:publisher\" content=\"https:\/\/www.facebook.com\/SonoraEE\/\" \/>\n<meta property=\"article:author\" content=\"https:\/\/www.facebook.com\/SonoraEE\" \/>\n<meta property=\"article:published_time\" content=\"2025-02-27T01:08:56+00:00\" \/>\n<meta property=\"og:image\" content=\"https:\/\/www.sonoraenequipo.com.mx\/storage\/2024\/10\/Elon-Musk-y-Donald-Trump-min-1.jpg\" \/>\n\t<meta property=\"og:image:width\" content=\"897\" \/>\n\t<meta property=\"og:image:height\" content=\"500\" \/>\n\t<meta property=\"og:image:type\" content=\"image\/jpeg\" \/>\n<meta name=\"author\" content=\"enequipo\" \/>\n<meta name=\"twitter:card\" content=\"summary_large_image\" \/>\n<meta name=\"twitter:creator\" content=\"@sonoraenequipo\" \/>\n<meta name=\"twitter:site\" content=\"@sonoraenequipo\" \/>\n<meta name=\"twitter:label1\" content=\"Escrito por\" \/>\n\t<meta name=\"twitter:data1\" content=\"enequipo\" \/>\n\t<meta name=\"twitter:label2\" content=\"Tiempo de lectura\" \/>\n\t<meta name=\"twitter:data2\" content=\"3 minutos\" \/>\n<script type=\"application\/ld+json\" class=\"yoast-schema-graph\">{\"@context\":\"https:\/\/schema.org\",\"@graph\":[{\"@type\":\"Article\",\"@id\":\"https:\/\/www.sonoraenequipo.com.mx\/trump-quien-no-este-de-acuerdo-con-musk-se-puede-marchar\/#article\",\"isPartOf\":{\"@id\":\"https:\/\/www.sonoraenequipo.com.mx\/trump-quien-no-este-de-acuerdo-con-musk-se-puede-marchar\/\"},\"author\":{\"name\":\"enequipo\",\"@id\":\"https:\/\/www.sonoraenequipo.com.mx\/#\/schema\/person\/50102df0fb23a8fa9e8effad8fa81386\"},\"headline\":\"Trump: quien no est\u00e9 de acuerdo con Musk \u00abse puede marchar\u00bb\",\"datePublished\":\"2025-02-27T01:08:56+00:00\",\"mainEntityOfPage\":{\"@id\":\"https:\/\/www.sonoraenequipo.com.mx\/trump-quien-no-este-de-acuerdo-con-musk-se-puede-marchar\/\"},\"wordCount\":521,\"commentCount\":0,\"publisher\":{\"@id\":\"https:\/\/www.sonoraenequipo.com.mx\/#organization\"},\"image\":{\"@id\":\"https:\/\/www.sonoraenequipo.com.mx\/trump-quien-no-este-de-acuerdo-con-musk-se-puede-marchar\/#primaryimage\"},\"thumbnailUrl\":\"https:\/\/www.sonoraenequipo.com.mx\/storage\/2024\/10\/Elon-Musk-y-Donald-Trump-min-1.jpg\",\"keywords\":[\"MUSK\",\"Trump\"],\"articleSection\":[\"MUNDO\"],\"inLanguage\":\"es\",\"potentialAction\":[{\"@type\":\"CommentAction\",\"name\":\"Comment\",\"target\":[\"https:\/\/www.sonoraenequipo.com.mx\/trump-quien-no-este-de-acuerdo-con-musk-se-puede-marchar\/#respond\"]}]},{\"@type\":\"WebPage\",\"@id\":\"https:\/\/www.sonoraenequipo.com.mx\/trump-quien-no-este-de-acuerdo-con-musk-se-puede-marchar\/\",\"url\":\"https:\/\/www.sonoraenequipo.com.mx\/trump-quien-no-este-de-acuerdo-con-musk-se-puede-marchar\/\",\"name\":\"Sonora en Equipo. Trump: quien no est\u00e9 de acuerdo con Musk \\\"se puede marchar\\\" MUNDO\",\"isPartOf\":{\"@id\":\"https:\/\/www.sonoraenequipo.com.mx\/#website\"},\"primaryImageOfPage\":{\"@id\":\"https:\/\/www.sonoraenequipo.com.mx\/trump-quien-no-este-de-acuerdo-con-musk-se-puede-marchar\/#primaryimage\"},\"image\":{\"@id\":\"https:\/\/www.sonoraenequipo.com.mx\/trump-quien-no-este-de-acuerdo-con-musk-se-puede-marchar\/#primaryimage\"},\"thumbnailUrl\":\"https:\/\/www.sonoraenequipo.com.mx\/storage\/2024\/10\/Elon-Musk-y-Donald-Trump-min-1.jpg\",\"datePublished\":\"2025-02-27T01:08:56+00:00\",\"description\":\"Poco m\u00e1s de un mes despu\u00e9s de regresar al poder, el presidente estadounidense, Donald Trump, inici\u00f3 su primera reuni\u00f3n de gabinete de Gobierno este En Sonora en Equipo publicamos toda la informaci\u00f3n de Sonora, M\u00e9xico y el Mundo de manera oportuna y busca que la libertad de expresi\u00f3n sea real. Visita nuestro medio informativo publicado desde Hermosillo, Sonora. %\",\"breadcrumb\":{\"@id\":\"https:\/\/www.sonoraenequipo.com.mx\/trump-quien-no-este-de-acuerdo-con-musk-se-puede-marchar\/#breadcrumb\"},\"inLanguage\":\"es\",\"potentialAction\":[{\"@type\":\"ReadAction\",\"target\":[\"https:\/\/www.sonoraenequipo.com.mx\/trump-quien-no-este-de-acuerdo-con-musk-se-puede-marchar\/\"]}]},{\"@type\":\"ImageObject\",\"inLanguage\":\"es\",\"@id\":\"https:\/\/www.sonoraenequipo.com.mx\/trump-quien-no-este-de-acuerdo-con-musk-se-puede-marchar\/#primaryimage\",\"url\":\"https:\/\/www.sonoraenequipo.com.mx\/storage\/2024\/10\/Elon-Musk-y-Donald-Trump-min-1.jpg\",\"contentUrl\":\"https:\/\/www.sonoraenequipo.com.mx\/storage\/2024\/10\/Elon-Musk-y-Donald-Trump-min-1.jpg\",\"width\":897,\"height\":500},{\"@type\":\"BreadcrumbList\",\"@id\":\"https:\/\/www.sonoraenequipo.com.mx\/trump-quien-no-este-de-acuerdo-con-musk-se-puede-marchar\/#breadcrumb\",\"itemListElement\":[{\"@type\":\"ListItem\",\"position\":1,\"name\":\"Portada\",\"item\":\"https:\/\/www.sonoraenequipo.com.mx\/\"},{\"@type\":\"ListItem\",\"position\":2,\"name\":\"Trump: quien no est\u00e9 de acuerdo con Musk \u00abse puede marchar\u00bb\"}]},{\"@type\":\"WebSite\",\"@id\":\"https:\/\/www.sonoraenequipo.com.mx\/#website\",\"url\":\"https:\/\/www.sonoraenequipo.com.mx\/\",\"name\":\"Sonora en Equipo.\",\"description\":\"Diario en l\u00ednea con Noticias desde Hermosillo, Sonora\",\"publisher\":{\"@id\":\"https:\/\/www.sonoraenequipo.com.mx\/#organization\"},\"potentialAction\":[{\"@type\":\"SearchAction\",\"target\":{\"@type\":\"EntryPoint\",\"urlTemplate\":\"https:\/\/www.sonoraenequipo.com.mx\/?s={search_term_string}\"},\"query-input\":{\"@type\":\"PropertyValueSpecification\",\"valueRequired\":true,\"valueName\":\"search_term_string\"}}],\"inLanguage\":\"es\"},{\"@type\":\"Organization\",\"@id\":\"https:\/\/www.sonoraenequipo.com.mx\/#organization\",\"name\":\"Sonoraenequipo.com.mx\",\"url\":\"https:\/\/www.sonoraenequipo.com.mx\/\",\"logo\":{\"@type\":\"ImageObject\",\"inLanguage\":\"es\",\"@id\":\"https:\/\/www.sonoraenequipo.com.mx\/#\/schema\/logo\/image\/\",\"url\":\"https:\/\/www.sonoraenequipo.com.mx\/storage\/2019\/01\/sonoraenequipo_opt.png\",\"contentUrl\":\"https:\/\/www.sonoraenequipo.com.mx\/storage\/2019\/01\/sonoraenequipo_opt.png\",\"width\":375,\"height\":125,\"caption\":\"Sonoraenequipo.com.mx\"},\"image\":{\"@id\":\"https:\/\/www.sonoraenequipo.com.mx\/#\/schema\/logo\/image\/\"},\"sameAs\":[\"https:\/\/www.facebook.com\/SonoraEE\/\",\"https:\/\/x.com\/sonoraenequipo\",\"https:\/\/www.youtube.com\/channel\/UC338nW-lPEYmJQs4ZABQ1SQ\"]},{\"@type\":\"Person\",\"@id\":\"https:\/\/www.sonoraenequipo.com.mx\/#\/schema\/person\/50102df0fb23a8fa9e8effad8fa81386\",\"name\":\"enequipo\",\"image\":{\"@type\":\"ImageObject\",\"inLanguage\":\"es\",\"@id\":\"https:\/\/www.sonoraenequipo.com.mx\/#\/schema\/person\/image\/\",\"url\":\"https:\/\/secure.gravatar.com\/avatar\/049821681b589dabc0bc20695993ccebb09f5b5d4d790cd9251b97faac7c652b?s=96&d=blank&r=g\",\"contentUrl\":\"https:\/\/secure.gravatar.com\/avatar\/049821681b589dabc0bc20695993ccebb09f5b5d4d790cd9251b97faac7c652b?s=96&d=blank&r=g\",\"caption\":\"enequipo\"},\"sameAs\":[\"https:\/\/www.facebook.com\/SonoraEE\"]}]}<\/script>\n ","yoast_head_json":{"title":"Sonora en Equipo. Trump: quien no est\u00e9 de acuerdo con Musk \"se puede marchar\" MUNDO","description":"Poco m\u00e1s de un mes despu\u00e9s de regresar al poder, el presidente estadounidense, Donald Trump, inici\u00f3 su primera reuni\u00f3n de gabinete de Gobierno este En Sonora en Equipo publicamos toda la informaci\u00f3n de Sonora, M\u00e9xico y el Mundo de manera oportuna y busca que la libertad de expresi\u00f3n sea real. Visita nuestro medio informativo publicado desde Hermosillo, Sonora. %","robots":{"index":"index","follow":"follow","max-snippet":"max-snippet:-1","max-image-preview":"max-image-preview:large","max-video-preview":"max-video-preview:-1"},"canonical":"https:\/\/www.sonoraenequipo.com.mx\/trump-quien-no-este-de-acuerdo-con-musk-se-puede-marchar\/","og_locale":"es_ES","og_type":"article","og_title":"Sonora en Equipo. Trump: quien no est\u00e9 de acuerdo con Musk \"se puede marchar\" MUNDO","og_description":"Poco m\u00e1s de un mes despu\u00e9s de regresar al poder, el presidente estadounidense, Donald Trump, inici\u00f3 su primera reuni\u00f3n de gabinete de Gobierno este En Sonora en Equipo publicamos toda la informaci\u00f3n de Sonora, M\u00e9xico y el Mundo de manera oportuna y busca que la libertad de expresi\u00f3n sea real. Visita nuestro medio informativo publicado desde Hermosillo, Sonora. %","og_url":"https:\/\/www.sonoraenequipo.com.mx\/trump-quien-no-este-de-acuerdo-con-musk-se-puede-marchar\/","og_site_name":"Sonora en Equipo.","article_publisher":"https:\/\/www.facebook.com\/SonoraEE\/","article_author":"https:\/\/www.facebook.com\/SonoraEE","article_published_time":"2025-02-27T01:08:56+00:00","og_image":[{"width":897,"height":500,"url":"https:\/\/www.sonoraenequipo.com.mx\/storage\/2024\/10\/Elon-Musk-y-Donald-Trump-min-1.jpg","type":"image\/jpeg"}],"author":"enequipo","twitter_card":"summary_large_image","twitter_creator":"@sonoraenequipo","twitter_site":"@sonoraenequipo","twitter_misc":{"Escrito por":"enequipo","Tiempo de lectura":"3 minutos"},"schema":{"@context":"https:\/\/schema.org","@graph":[{"@type":"Article","@id":"https:\/\/www.sonoraenequipo.com.mx\/trump-quien-no-este-de-acuerdo-con-musk-se-puede-marchar\/#article","isPartOf":{"@id":"https:\/\/www.sonoraenequipo.com.mx\/trump-quien-no-este-de-acuerdo-con-musk-se-puede-marchar\/"},"author":{"name":"enequipo","@id":"https:\/\/www.sonoraenequipo.com.mx\/#\/schema\/person\/50102df0fb23a8fa9e8effad8fa81386"},"headline":"Trump: quien no est\u00e9 de acuerdo con Musk \u00abse puede marchar\u00bb","datePublished":"2025-02-27T01:08:56+00:00","mainEntityOfPage":{"@id":"https:\/\/www.sonoraenequipo.com.mx\/trump-quien-no-este-de-acuerdo-con-musk-se-puede-marchar\/"},"wordCount":521,"commentCount":0,"publisher":{"@id":"https:\/\/www.sonoraenequipo.com.mx\/#organization"},"image":{"@id":"https:\/\/www.sonoraenequipo.com.mx\/trump-quien-no-este-de-acuerdo-con-musk-se-puede-marchar\/#primaryimage"},"thumbnailUrl":"https:\/\/www.sonoraenequipo.com.mx\/storage\/2024\/10\/Elon-Musk-y-Donald-Trump-min-1.jpg","keywords":["MUSK","Trump"],"articleSection":["MUNDO"],"inLanguage":"es","potentialAction":[{"@type":"CommentAction","name":"Comment","target":["https:\/\/www.sonoraenequipo.com.mx\/trump-quien-no-este-de-acuerdo-con-musk-se-puede-marchar\/#respond"]}]},{"@type":"WebPage","@id":"https:\/\/www.sonoraenequipo.com.mx\/trump-quien-no-este-de-acuerdo-con-musk-se-puede-marchar\/","url":"https:\/\/www.sonoraenequipo.com.mx\/trump-quien-no-este-de-acuerdo-con-musk-se-puede-marchar\/","name":"Sonora en Equipo. Trump: quien no est\u00e9 de acuerdo con Musk \"se puede marchar\" MUNDO","isPartOf":{"@id":"https:\/\/www.sonoraenequipo.com.mx\/#website"},"primaryImageOfPage":{"@id":"https:\/\/www.sonoraenequipo.com.mx\/trump-quien-no-este-de-acuerdo-con-musk-se-puede-marchar\/#primaryimage"},"image":{"@id":"https:\/\/www.sonoraenequipo.com.mx\/trump-quien-no-este-de-acuerdo-con-musk-se-puede-marchar\/#primaryimage"},"thumbnailUrl":"https:\/\/www.sonoraenequipo.com.mx\/storage\/2024\/10\/Elon-Musk-y-Donald-Trump-min-1.jpg","datePublished":"2025-02-27T01:08:56+00:00","description":"Poco m\u00e1s de un mes despu\u00e9s de regresar al poder, el presidente estadounidense, Donald Trump, inici\u00f3 su primera reuni\u00f3n de gabinete de Gobierno este En Sonora en Equipo publicamos toda la informaci\u00f3n de Sonora, M\u00e9xico y el Mundo de manera oportuna y busca que la libertad de expresi\u00f3n sea real. Visita nuestro medio informativo publicado desde Hermosillo, Sonora. %","breadcrumb":{"@id":"https:\/\/www.sonoraenequipo.com.mx\/trump-quien-no-este-de-acuerdo-con-musk-se-puede-marchar\/#breadcrumb"},"inLanguage":"es","potentialAction":[{"@type":"ReadAction","target":["https:\/\/www.sonoraenequipo.com.mx\/trump-quien-no-este-de-acuerdo-con-musk-se-puede-marchar\/"]}]},{"@type":"ImageObject","inLanguage":"es","@id":"https:\/\/www.sonoraenequipo.com.mx\/trump-quien-no-este-de-acuerdo-con-musk-se-puede-marchar\/#primaryimage","url":"https:\/\/www.sonoraenequipo.com.mx\/storage\/2024\/10\/Elon-Musk-y-Donald-Trump-min-1.jpg","contentUrl":"https:\/\/www.sonoraenequipo.com.mx\/storage\/2024\/10\/Elon-Musk-y-Donald-Trump-min-1.jpg","width":897,"height":500},{"@type":"BreadcrumbList","@id":"https:\/\/www.sonoraenequipo.com.mx\/trump-quien-no-este-de-acuerdo-con-musk-se-puede-marchar\/#breadcrumb","itemListElement":[{"@type":"ListItem","position":1,"name":"Portada","item":"https:\/\/www.sonoraenequipo.com.mx\/"},{"@type":"ListItem","position":2,"name":"Trump: quien no est\u00e9 de acuerdo con Musk \u00abse puede marchar\u00bb"}]},{"@type":"WebSite","@id":"https:\/\/www.sonoraenequipo.com.mx\/#website","url":"https:\/\/www.sonoraenequipo.com.mx\/","name":"Sonora en Equipo.","description":"Diario en l\u00ednea con Noticias desde Hermosillo, Sonora","publisher":{"@id":"https:\/\/www.sonoraenequipo.com.mx\/#organization"},"potentialAction":[{"@type":"SearchAction","target":{"@type":"EntryPoint","urlTemplate":"https:\/\/www.sonoraenequipo.com.mx\/?s={search_term_string}"},"query-input":{"@type":"PropertyValueSpecification","valueRequired":true,"valueName":"search_term_string"}}],"inLanguage":"es"},{"@type":"Organization","@id":"https:\/\/www.sonoraenequipo.com.mx\/#organization","name":"Sonoraenequipo.com.mx","url":"https:\/\/www.sonoraenequipo.com.mx\/","logo":{"@type":"ImageObject","inLanguage":"es","@id":"https:\/\/www.sonoraenequipo.com.mx\/#\/schema\/logo\/image\/","url":"https:\/\/www.sonoraenequipo.com.mx\/storage\/2019\/01\/sonoraenequipo_opt.png","contentUrl":"https:\/\/www.sonoraenequipo.com.mx\/storage\/2019\/01\/sonoraenequipo_opt.png","width":375,"height":125,"caption":"Sonoraenequipo.com.mx"},"image":{"@id":"https:\/\/www.sonoraenequipo.com.mx\/#\/schema\/logo\/image\/"},"sameAs":["https:\/\/www.facebook.com\/SonoraEE\/","https:\/\/x.com\/sonoraenequipo","https:\/\/www.youtube.com\/channel\/UC338nW-lPEYmJQs4ZABQ1SQ"]},{"@type":"Person","@id":"https:\/\/www.sonoraenequipo.com.mx\/#\/schema\/person\/50102df0fb23a8fa9e8effad8fa81386","name":"enequipo","image":{"@type":"ImageObject","inLanguage":"es","@id":"https:\/\/www.sonoraenequipo.com.mx\/#\/schema\/person\/image\/","url":"https:\/\/secure.gravatar.com\/avatar\/049821681b589dabc0bc20695993ccebb09f5b5d4d790cd9251b97faac7c652b?s=96&d=blank&r=g","contentUrl":"https:\/\/secure.gravatar.com\/avatar\/049821681b589dabc0bc20695993ccebb09f5b5d4d790cd9251b97faac7c652b?s=96&d=blank&r=g","caption":"enequipo"},"sameAs":["https:\/\/www.facebook.com\/SonoraEE"]}]}},"jetpack_featured_media_url":"https:\/\/www.sonoraenequipo.com.mx\/storage\/2024\/10\/Elon-Musk-y-Donald-Trump-min-1.jpg","_links":{"self":[{"href":"https:\/\/www.sonoraenequipo.com.mx\/api\/wp\/v2\/posts\/210407","targetHints":{"allow":["GET"]}}],"collection":[{"href":"https:\/\/www.sonoraenequipo.com.mx\/api\/wp\/v2\/posts"}],"about":[{"href":"https:\/\/www.sonoraenequipo.com.mx\/api\/wp\/v2\/types\/post"}],"author":[{"embeddable":true,"href":"https:\/\/www.sonoraenequipo.com.mx\/api\/wp\/v2\/users\/1"}],"replies":[{"embeddable":true,"href":"https:\/\/www.sonoraenequipo.com.mx\/api\/wp\/v2\/comments?post=210407"}],"version-history":[{"count":1,"href":"https:\/\/www.sonoraenequipo.com.mx\/api\/wp\/v2\/posts\/210407\/revisions"}],"predecessor-version":[{"id":210408,"href":"https:\/\/www.sonoraenequipo.com.mx\/api\/wp\/v2\/posts\/210407\/revisions\/210408"}],"wp:featuredmedia":[{"embeddable":true,"href":"https:\/\/www.sonoraenequipo.com.mx\/api\/wp\/v2\/media\/202508"}],"wp:attachment":[{"href":"https:\/\/www.sonoraenequipo.com.mx\/api\/wp\/v2\/media?parent=210407"}],"wp:term":[{"taxonomy":"category","embeddable":true,"href":"https:\/\/www.sonoraenequipo.com.mx\/api\/wp\/v2\/categories?post=210407"},{"taxonomy":"post_tag","embeddable":true,"href":"https:\/\/www.sonoraenequipo.com.mx\/api\/wp\/v2\/tags?post=210407"}],"curies":[{"name":"wp","href":"https:\/\/api.w.org\/{rel}","templated":true}]}}