{"id":210415,"date":"2025-02-26T21:12:00","date_gmt":"2025-02-27T04:12:00","guid":{"rendered":"https:\/\/www.sonoraenequipo.com.mx\/?p=210415"},"modified":"2025-02-26T21:12:00","modified_gmt":"2025-02-27T04:12:00","slug":"nos-equivocamos-sobre-el-origen-del-rojo-de-marte","status":"publish","type":"post","link":"https:\/\/www.sonoraenequipo.com.mx\/nos-equivocamos-sobre-el-origen-del-rojo-de-marte\/","title":{"rendered":"Nos equivocamos sobre el origen del rojo de Marte"},"content":{"rendered":"<p>El color rojo del planeta Marte ha fascinado a los cient\u00edficos desde siempre, pero ahora un nuevo hallazgo podr\u00eda cambiar la explicaci\u00f3n que hasta ahora se hab\u00eda manejado para explicar esa viva tonalidad: puede deberse al mineral de hierro ferrihidrita, en lugar de a la hematita como se pensaba.<\/p>\n<p>&nbsp;<\/p>\n<p>Los resultados de un estudio recogido en la revista Nature Communications y dirigido por investigadores de la Universidad estadounidense de Brown y la Universidad de Berna (Suiza) sugieren que la ferrihidrita, rica en agua, puede ser la causa del color rojizo del polvo que cubre Marte.<\/p>\n<p>&nbsp;<\/p>\n<p>La ferrihidrita es un mineral de \u00f3xido de hierro que se forma en ambientes ricos en agua. En la Tierra, suele asociarse a procesos como la meteorizaci\u00f3n de rocas volc\u00e1nicas y cenizas.<\/p>\n<p>&nbsp;<\/p>\n<p>Aunque hab\u00eda cient\u00edficos que sospechaban que la ferrihidrita era la raz\u00f3n del color rojo de Marte, la teor\u00eda no ha podido avanzar hasta que ahora que los investigadores han logrado fabricar polvo marciano en el laboratorio imitando los datos de observaci\u00f3n del Mars Reconnaissance Orbiter de la NASA, junto con las mediciones en tierra de los exploradores Curiosity, Pathfinder y Opportunity, de la misma agencia.<\/p>\n<p>&nbsp;<\/p>\n<p>La confirmaci\u00f3n final vendr\u00e1 del an\u00e1lisis de las muestras de Marte que est\u00e1 recogiendo en estos momentos la nave Perseverance, junto con los resultados de las pr\u00f3ximas misiones, como el rover Rosalind Franklin de la Agencia Espacial Europea (ESA en ingl\u00e9s) y el Mars Sample Return de la NASA y la ESA.<\/p>\n<p>Marte, m\u00e1s habitable de lo que se pensaba<\/p>\n<p>El hallazgo indicar\u00eda que Marte fue, en el pasado, m\u00e1s h\u00famedo y potencialmente m\u00e1s habitable de lo que se cre\u00eda, ya que, a diferencia de la hematites, que suele formarse en condiciones m\u00e1s c\u00e1lidas y secas, la ferrihidrita se forma en presencia de agua fr\u00eda.<\/p>\n<p>&nbsp;<\/p>\n<p>&nbsp;<\/p>\n<p>Los investigadores creen que Marte pudo haber tenido un entorno capaz de albergar agua l\u00edquida \u2013un ingrediente esencial para la vida\u2013 y, posteriormente, pas\u00f3 de un entorno h\u00famedo a uno seco hace miles de millones de a\u00f1os.<\/p>\n<p>&nbsp;<\/p>\n<p>A lo largo de miles de millones de a\u00f1os, este material oxidado \u2013el \u00f3xido de hierro\u2013 se habr\u00eda descompuesto en polvo y los vientos lo han esparcido por todo el planeta, un proceso que contin\u00faa en la actualidad.<\/p>\n<p>&nbsp;<\/p>\n<p>\u00abMarte sigue siendo el planeta rojo, pero nuestra comprensi\u00f3n de por qu\u00e9 es rojo se ha transformado. La principal implicaci\u00f3n es que, dado que la ferrihidrita solo pudo formarse cuando a\u00fan hab\u00eda agua en la superficie, Marte se oxid\u00f3 antes de lo que pens\u00e1bamos\u00bb, se\u00f1ala el autor principal, Adomas Valantinas, investigador de la Universidad de Brown, antes en la Universidad de Berna.<\/p>\n<p>&nbsp;<\/p>\n<p>FEW (EFE, ESA, Nature Communications, Universidad de Brown)<\/p>\n<p><strong>Fecha de publicaci\u00f3n mi\u00e9rcoles 26 \u00a0de febrero de 2025 \/DW<\/strong><\/p>\n","protected":false},"excerpt":{"rendered":"<p>El color rojo del planeta Marte ha fascinado a los cient\u00edficos desde siempre, pero ahora&#8230;<\/p>\n","protected":false},"author":1,"featured_media":164391,"comment_status":"open","ping_status":"open","sticky":false,"template":"","format":"standard","meta":{"_monsterinsights_skip_tracking":false,"_monsterinsights_sitenote_active":false,"_monsterinsights_sitenote_note":"","_monsterinsights_sitenote_category":0,"footnotes":""},"categories":[2216],"tags":[10913,5457,5756],"class_list":["post"],"yoast_head":" \n<title>Sonora en Equipo. Nos equivocamos sobre el origen del rojo de Marte Ciencia y Tecnolog\u00eda<\/title>\n<meta name=\"description\" content=\"El color rojo del planeta Marte ha fascinado a los cient\u00edficos desde siempre, pero ahora un nuevo hallazgo podr\u00eda cambiar la explicaci\u00f3n que hasta ahora En Sonora en Equipo publicamos toda la informaci\u00f3n de Sonora, M\u00e9xico y el Mundo de manera oportuna y busca que la libertad de expresi\u00f3n sea real. Visita nuestro medio informativo publicado desde Hermosillo, Sonora. %\" \/>\n<meta name=\"robots\" content=\"index, follow, max-snippet:-1, max-image-preview:large, max-video-preview:-1\" \/>\n<link rel=\"canonical\" href=\"https:\/\/www.sonoraenequipo.com.mx\/nos-equivocamos-sobre-el-origen-del-rojo-de-marte\/\" \/>\n<meta property=\"og:locale\" content=\"es_ES\" \/>\n<meta property=\"og:type\" content=\"article\" \/>\n<meta property=\"og:title\" content=\"Sonora en Equipo. Nos equivocamos sobre el origen del rojo de Marte Ciencia y Tecnolog\u00eda\" \/>\n<meta property=\"og:description\" content=\"El color rojo del planeta Marte ha fascinado a los cient\u00edficos desde siempre, pero ahora un nuevo hallazgo podr\u00eda cambiar la explicaci\u00f3n que hasta ahora En Sonora en Equipo publicamos toda la informaci\u00f3n de Sonora, M\u00e9xico y el Mundo de manera oportuna y busca que la libertad de expresi\u00f3n sea real. Visita nuestro medio informativo publicado desde Hermosillo, Sonora. %\" \/>\n<meta property=\"og:url\" content=\"https:\/\/www.sonoraenequipo.com.mx\/nos-equivocamos-sobre-el-origen-del-rojo-de-marte\/\" \/>\n<meta property=\"og:site_name\" content=\"Sonora en Equipo.\" \/>\n<meta property=\"article:publisher\" content=\"https:\/\/www.facebook.com\/SonoraEE\/\" \/>\n<meta property=\"article:author\" content=\"https:\/\/www.facebook.com\/SonoraEE\" \/>\n<meta property=\"article:published_time\" content=\"2025-02-27T04:12:00+00:00\" \/>\n<meta property=\"og:image\" content=\"https:\/\/www.sonoraenequipo.com.mx\/storage\/2023\/04\/marte-min.jpg\" \/>\n\t<meta property=\"og:image:width\" content=\"1200\" \/>\n\t<meta property=\"og:image:height\" content=\"674\" \/>\n\t<meta property=\"og:image:type\" content=\"image\/jpeg\" \/>\n<meta name=\"author\" content=\"enequipo\" \/>\n<meta name=\"twitter:card\" content=\"summary_large_image\" \/>\n<meta name=\"twitter:creator\" content=\"@sonoraenequipo\" \/>\n<meta name=\"twitter:site\" content=\"@sonoraenequipo\" \/>\n<meta name=\"twitter:label1\" content=\"Escrito por\" \/>\n\t<meta name=\"twitter:data1\" content=\"enequipo\" \/>\n\t<meta name=\"twitter:label2\" content=\"Tiempo de lectura\" \/>\n\t<meta name=\"twitter:data2\" content=\"2 minutos\" \/>\n<script type=\"application\/ld+json\" class=\"yoast-schema-graph\">{\"@context\":\"https:\/\/schema.org\",\"@graph\":[{\"@type\":\"Article\",\"@id\":\"https:\/\/www.sonoraenequipo.com.mx\/nos-equivocamos-sobre-el-origen-del-rojo-de-marte\/#article\",\"isPartOf\":{\"@id\":\"https:\/\/www.sonoraenequipo.com.mx\/nos-equivocamos-sobre-el-origen-del-rojo-de-marte\/\"},\"author\":{\"name\":\"enequipo\",\"@id\":\"https:\/\/www.sonoraenequipo.com.mx\/#\/schema\/person\/50102df0fb23a8fa9e8effad8fa81386\"},\"headline\":\"Nos equivocamos sobre el origen del rojo de Marte\",\"datePublished\":\"2025-02-27T04:12:00+00:00\",\"mainEntityOfPage\":{\"@id\":\"https:\/\/www.sonoraenequipo.com.mx\/nos-equivocamos-sobre-el-origen-del-rojo-de-marte\/\"},\"wordCount\":506,\"commentCount\":0,\"publisher\":{\"@id\":\"https:\/\/www.sonoraenequipo.com.mx\/#organization\"},\"image\":{\"@id\":\"https:\/\/www.sonoraenequipo.com.mx\/nos-equivocamos-sobre-el-origen-del-rojo-de-marte\/#primaryimage\"},\"thumbnailUrl\":\"https:\/\/www.sonoraenequipo.com.mx\/storage\/2023\/04\/marte-min.jpg\",\"keywords\":[\"color\",\"MARTE\",\"ROJO\"],\"articleSection\":[\"Ciencia y Tecnolog\u00eda\"],\"inLanguage\":\"es\",\"potentialAction\":[{\"@type\":\"CommentAction\",\"name\":\"Comment\",\"target\":[\"https:\/\/www.sonoraenequipo.com.mx\/nos-equivocamos-sobre-el-origen-del-rojo-de-marte\/#respond\"]}]},{\"@type\":\"WebPage\",\"@id\":\"https:\/\/www.sonoraenequipo.com.mx\/nos-equivocamos-sobre-el-origen-del-rojo-de-marte\/\",\"url\":\"https:\/\/www.sonoraenequipo.com.mx\/nos-equivocamos-sobre-el-origen-del-rojo-de-marte\/\",\"name\":\"Sonora en Equipo. Nos equivocamos sobre el origen del rojo de Marte Ciencia y Tecnolog\u00eda\",\"isPartOf\":{\"@id\":\"https:\/\/www.sonoraenequipo.com.mx\/#website\"},\"primaryImageOfPage\":{\"@id\":\"https:\/\/www.sonoraenequipo.com.mx\/nos-equivocamos-sobre-el-origen-del-rojo-de-marte\/#primaryimage\"},\"image\":{\"@id\":\"https:\/\/www.sonoraenequipo.com.mx\/nos-equivocamos-sobre-el-origen-del-rojo-de-marte\/#primaryimage\"},\"thumbnailUrl\":\"https:\/\/www.sonoraenequipo.com.mx\/storage\/2023\/04\/marte-min.jpg\",\"datePublished\":\"2025-02-27T04:12:00+00:00\",\"description\":\"El color rojo del planeta Marte ha fascinado a los cient\u00edficos desde siempre, pero ahora un nuevo hallazgo podr\u00eda cambiar la explicaci\u00f3n que hasta ahora En Sonora en Equipo publicamos toda la informaci\u00f3n de Sonora, M\u00e9xico y el Mundo de manera oportuna y busca que la libertad de expresi\u00f3n sea real. Visita nuestro medio informativo publicado desde Hermosillo, Sonora. %\",\"breadcrumb\":{\"@id\":\"https:\/\/www.sonoraenequipo.com.mx\/nos-equivocamos-sobre-el-origen-del-rojo-de-marte\/#breadcrumb\"},\"inLanguage\":\"es\",\"potentialAction\":[{\"@type\":\"ReadAction\",\"target\":[\"https:\/\/www.sonoraenequipo.com.mx\/nos-equivocamos-sobre-el-origen-del-rojo-de-marte\/\"]}]},{\"@type\":\"ImageObject\",\"inLanguage\":\"es\",\"@id\":\"https:\/\/www.sonoraenequipo.com.mx\/nos-equivocamos-sobre-el-origen-del-rojo-de-marte\/#primaryimage\",\"url\":\"https:\/\/www.sonoraenequipo.com.mx\/storage\/2023\/04\/marte-min.jpg\",\"contentUrl\":\"https:\/\/www.sonoraenequipo.com.mx\/storage\/2023\/04\/marte-min.jpg\",\"width\":1200,\"height\":674},{\"@type\":\"BreadcrumbList\",\"@id\":\"https:\/\/www.sonoraenequipo.com.mx\/nos-equivocamos-sobre-el-origen-del-rojo-de-marte\/#breadcrumb\",\"itemListElement\":[{\"@type\":\"ListItem\",\"position\":1,\"name\":\"Portada\",\"item\":\"https:\/\/www.sonoraenequipo.com.mx\/\"},{\"@type\":\"ListItem\",\"position\":2,\"name\":\"Nos equivocamos sobre el origen del rojo de Marte\"}]},{\"@type\":\"WebSite\",\"@id\":\"https:\/\/www.sonoraenequipo.com.mx\/#website\",\"url\":\"https:\/\/www.sonoraenequipo.com.mx\/\",\"name\":\"Sonora en Equipo.\",\"description\":\"Diario en l\u00ednea con Noticias desde Hermosillo, Sonora\",\"publisher\":{\"@id\":\"https:\/\/www.sonoraenequipo.com.mx\/#organization\"},\"potentialAction\":[{\"@type\":\"SearchAction\",\"target\":{\"@type\":\"EntryPoint\",\"urlTemplate\":\"https:\/\/www.sonoraenequipo.com.mx\/?s={search_term_string}\"},\"query-input\":{\"@type\":\"PropertyValueSpecification\",\"valueRequired\":true,\"valueName\":\"search_term_string\"}}],\"inLanguage\":\"es\"},{\"@type\":\"Organization\",\"@id\":\"https:\/\/www.sonoraenequipo.com.mx\/#organization\",\"name\":\"Sonoraenequipo.com.mx\",\"url\":\"https:\/\/www.sonoraenequipo.com.mx\/\",\"logo\":{\"@type\":\"ImageObject\",\"inLanguage\":\"es\",\"@id\":\"https:\/\/www.sonoraenequipo.com.mx\/#\/schema\/logo\/image\/\",\"url\":\"https:\/\/www.sonoraenequipo.com.mx\/storage\/2019\/01\/sonoraenequipo_opt.png\",\"contentUrl\":\"https:\/\/www.sonoraenequipo.com.mx\/storage\/2019\/01\/sonoraenequipo_opt.png\",\"width\":375,\"height\":125,\"caption\":\"Sonoraenequipo.com.mx\"},\"image\":{\"@id\":\"https:\/\/www.sonoraenequipo.com.mx\/#\/schema\/logo\/image\/\"},\"sameAs\":[\"https:\/\/www.facebook.com\/SonoraEE\/\",\"https:\/\/x.com\/sonoraenequipo\",\"https:\/\/www.youtube.com\/channel\/UC338nW-lPEYmJQs4ZABQ1SQ\"]},{\"@type\":\"Person\",\"@id\":\"https:\/\/www.sonoraenequipo.com.mx\/#\/schema\/person\/50102df0fb23a8fa9e8effad8fa81386\",\"name\":\"enequipo\",\"image\":{\"@type\":\"ImageObject\",\"inLanguage\":\"es\",\"@id\":\"https:\/\/www.sonoraenequipo.com.mx\/#\/schema\/person\/image\/\",\"url\":\"https:\/\/secure.gravatar.com\/avatar\/049821681b589dabc0bc20695993ccebb09f5b5d4d790cd9251b97faac7c652b?s=96&d=blank&r=g\",\"contentUrl\":\"https:\/\/secure.gravatar.com\/avatar\/049821681b589dabc0bc20695993ccebb09f5b5d4d790cd9251b97faac7c652b?s=96&d=blank&r=g\",\"caption\":\"enequipo\"},\"sameAs\":[\"https:\/\/www.facebook.com\/SonoraEE\"]}]}<\/script>\n ","yoast_head_json":{"title":"Sonora en Equipo. Nos equivocamos sobre el origen del rojo de Marte Ciencia y Tecnolog\u00eda","description":"El color rojo del planeta Marte ha fascinado a los cient\u00edficos desde siempre, pero ahora un nuevo hallazgo podr\u00eda cambiar la explicaci\u00f3n que hasta ahora En Sonora en Equipo publicamos toda la informaci\u00f3n de Sonora, M\u00e9xico y el Mundo de manera oportuna y busca que la libertad de expresi\u00f3n sea real. Visita nuestro medio informativo publicado desde Hermosillo, Sonora. %","robots":{"index":"index","follow":"follow","max-snippet":"max-snippet:-1","max-image-preview":"max-image-preview:large","max-video-preview":"max-video-preview:-1"},"canonical":"https:\/\/www.sonoraenequipo.com.mx\/nos-equivocamos-sobre-el-origen-del-rojo-de-marte\/","og_locale":"es_ES","og_type":"article","og_title":"Sonora en Equipo. Nos equivocamos sobre el origen del rojo de Marte Ciencia y Tecnolog\u00eda","og_description":"El color rojo del planeta Marte ha fascinado a los cient\u00edficos desde siempre, pero ahora un nuevo hallazgo podr\u00eda cambiar la explicaci\u00f3n que hasta ahora En Sonora en Equipo publicamos toda la informaci\u00f3n de Sonora, M\u00e9xico y el Mundo de manera oportuna y busca que la libertad de expresi\u00f3n sea real. Visita nuestro medio informativo publicado desde Hermosillo, Sonora. %","og_url":"https:\/\/www.sonoraenequipo.com.mx\/nos-equivocamos-sobre-el-origen-del-rojo-de-marte\/","og_site_name":"Sonora en Equipo.","article_publisher":"https:\/\/www.facebook.com\/SonoraEE\/","article_author":"https:\/\/www.facebook.com\/SonoraEE","article_published_time":"2025-02-27T04:12:00+00:00","og_image":[{"width":1200,"height":674,"url":"https:\/\/www.sonoraenequipo.com.mx\/storage\/2023\/04\/marte-min.jpg","type":"image\/jpeg"}],"author":"enequipo","twitter_card":"summary_large_image","twitter_creator":"@sonoraenequipo","twitter_site":"@sonoraenequipo","twitter_misc":{"Escrito por":"enequipo","Tiempo de lectura":"2 minutos"},"schema":{"@context":"https:\/\/schema.org","@graph":[{"@type":"Article","@id":"https:\/\/www.sonoraenequipo.com.mx\/nos-equivocamos-sobre-el-origen-del-rojo-de-marte\/#article","isPartOf":{"@id":"https:\/\/www.sonoraenequipo.com.mx\/nos-equivocamos-sobre-el-origen-del-rojo-de-marte\/"},"author":{"name":"enequipo","@id":"https:\/\/www.sonoraenequipo.com.mx\/#\/schema\/person\/50102df0fb23a8fa9e8effad8fa81386"},"headline":"Nos equivocamos sobre el origen del rojo de Marte","datePublished":"2025-02-27T04:12:00+00:00","mainEntityOfPage":{"@id":"https:\/\/www.sonoraenequipo.com.mx\/nos-equivocamos-sobre-el-origen-del-rojo-de-marte\/"},"wordCount":506,"commentCount":0,"publisher":{"@id":"https:\/\/www.sonoraenequipo.com.mx\/#organization"},"image":{"@id":"https:\/\/www.sonoraenequipo.com.mx\/nos-equivocamos-sobre-el-origen-del-rojo-de-marte\/#primaryimage"},"thumbnailUrl":"https:\/\/www.sonoraenequipo.com.mx\/storage\/2023\/04\/marte-min.jpg","keywords":["color","MARTE","ROJO"],"articleSection":["Ciencia y Tecnolog\u00eda"],"inLanguage":"es","potentialAction":[{"@type":"CommentAction","name":"Comment","target":["https:\/\/www.sonoraenequipo.com.mx\/nos-equivocamos-sobre-el-origen-del-rojo-de-marte\/#respond"]}]},{"@type":"WebPage","@id":"https:\/\/www.sonoraenequipo.com.mx\/nos-equivocamos-sobre-el-origen-del-rojo-de-marte\/","url":"https:\/\/www.sonoraenequipo.com.mx\/nos-equivocamos-sobre-el-origen-del-rojo-de-marte\/","name":"Sonora en Equipo. Nos equivocamos sobre el origen del rojo de Marte Ciencia y Tecnolog\u00eda","isPartOf":{"@id":"https:\/\/www.sonoraenequipo.com.mx\/#website"},"primaryImageOfPage":{"@id":"https:\/\/www.sonoraenequipo.com.mx\/nos-equivocamos-sobre-el-origen-del-rojo-de-marte\/#primaryimage"},"image":{"@id":"https:\/\/www.sonoraenequipo.com.mx\/nos-equivocamos-sobre-el-origen-del-rojo-de-marte\/#primaryimage"},"thumbnailUrl":"https:\/\/www.sonoraenequipo.com.mx\/storage\/2023\/04\/marte-min.jpg","datePublished":"2025-02-27T04:12:00+00:00","description":"El color rojo del planeta Marte ha fascinado a los cient\u00edficos desde siempre, pero ahora un nuevo hallazgo podr\u00eda cambiar la explicaci\u00f3n que hasta ahora En Sonora en Equipo publicamos toda la informaci\u00f3n de Sonora, M\u00e9xico y el Mundo de manera oportuna y busca que la libertad de expresi\u00f3n sea real. Visita nuestro medio informativo publicado desde Hermosillo, Sonora. %","breadcrumb":{"@id":"https:\/\/www.sonoraenequipo.com.mx\/nos-equivocamos-sobre-el-origen-del-rojo-de-marte\/#breadcrumb"},"inLanguage":"es","potentialAction":[{"@type":"ReadAction","target":["https:\/\/www.sonoraenequipo.com.mx\/nos-equivocamos-sobre-el-origen-del-rojo-de-marte\/"]}]},{"@type":"ImageObject","inLanguage":"es","@id":"https:\/\/www.sonoraenequipo.com.mx\/nos-equivocamos-sobre-el-origen-del-rojo-de-marte\/#primaryimage","url":"https:\/\/www.sonoraenequipo.com.mx\/storage\/2023\/04\/marte-min.jpg","contentUrl":"https:\/\/www.sonoraenequipo.com.mx\/storage\/2023\/04\/marte-min.jpg","width":1200,"height":674},{"@type":"BreadcrumbList","@id":"https:\/\/www.sonoraenequipo.com.mx\/nos-equivocamos-sobre-el-origen-del-rojo-de-marte\/#breadcrumb","itemListElement":[{"@type":"ListItem","position":1,"name":"Portada","item":"https:\/\/www.sonoraenequipo.com.mx\/"},{"@type":"ListItem","position":2,"name":"Nos equivocamos sobre el origen del rojo de Marte"}]},{"@type":"WebSite","@id":"https:\/\/www.sonoraenequipo.com.mx\/#website","url":"https:\/\/www.sonoraenequipo.com.mx\/","name":"Sonora en Equipo.","description":"Diario en l\u00ednea con Noticias desde Hermosillo, Sonora","publisher":{"@id":"https:\/\/www.sonoraenequipo.com.mx\/#organization"},"potentialAction":[{"@type":"SearchAction","target":{"@type":"EntryPoint","urlTemplate":"https:\/\/www.sonoraenequipo.com.mx\/?s={search_term_string}"},"query-input":{"@type":"PropertyValueSpecification","valueRequired":true,"valueName":"search_term_string"}}],"inLanguage":"es"},{"@type":"Organization","@id":"https:\/\/www.sonoraenequipo.com.mx\/#organization","name":"Sonoraenequipo.com.mx","url":"https:\/\/www.sonoraenequipo.com.mx\/","logo":{"@type":"ImageObject","inLanguage":"es","@id":"https:\/\/www.sonoraenequipo.com.mx\/#\/schema\/logo\/image\/","url":"https:\/\/www.sonoraenequipo.com.mx\/storage\/2019\/01\/sonoraenequipo_opt.png","contentUrl":"https:\/\/www.sonoraenequipo.com.mx\/storage\/2019\/01\/sonoraenequipo_opt.png","width":375,"height":125,"caption":"Sonoraenequipo.com.mx"},"image":{"@id":"https:\/\/www.sonoraenequipo.com.mx\/#\/schema\/logo\/image\/"},"sameAs":["https:\/\/www.facebook.com\/SonoraEE\/","https:\/\/x.com\/sonoraenequipo","https:\/\/www.youtube.com\/channel\/UC338nW-lPEYmJQs4ZABQ1SQ"]},{"@type":"Person","@id":"https:\/\/www.sonoraenequipo.com.mx\/#\/schema\/person\/50102df0fb23a8fa9e8effad8fa81386","name":"enequipo","image":{"@type":"ImageObject","inLanguage":"es","@id":"https:\/\/www.sonoraenequipo.com.mx\/#\/schema\/person\/image\/","url":"https:\/\/secure.gravatar.com\/avatar\/049821681b589dabc0bc20695993ccebb09f5b5d4d790cd9251b97faac7c652b?s=96&d=blank&r=g","contentUrl":"https:\/\/secure.gravatar.com\/avatar\/049821681b589dabc0bc20695993ccebb09f5b5d4d790cd9251b97faac7c652b?s=96&d=blank&r=g","caption":"enequipo"},"sameAs":["https:\/\/www.facebook.com\/SonoraEE"]}]}},"jetpack_featured_media_url":"https:\/\/www.sonoraenequipo.com.mx\/storage\/2023\/04\/marte-min.jpg","_links":{"self":[{"href":"https:\/\/www.sonoraenequipo.com.mx\/api\/wp\/v2\/posts\/210415","targetHints":{"allow":["GET"]}}],"collection":[{"href":"https:\/\/www.sonoraenequipo.com.mx\/api\/wp\/v2\/posts"}],"about":[{"href":"https:\/\/www.sonoraenequipo.com.mx\/api\/wp\/v2\/types\/post"}],"author":[{"embeddable":true,"href":"https:\/\/www.sonoraenequipo.com.mx\/api\/wp\/v2\/users\/1"}],"replies":[{"embeddable":true,"href":"https:\/\/www.sonoraenequipo.com.mx\/api\/wp\/v2\/comments?post=210415"}],"version-history":[{"count":1,"href":"https:\/\/www.sonoraenequipo.com.mx\/api\/wp\/v2\/posts\/210415\/revisions"}],"predecessor-version":[{"id":210416,"href":"https:\/\/www.sonoraenequipo.com.mx\/api\/wp\/v2\/posts\/210415\/revisions\/210416"}],"wp:featuredmedia":[{"embeddable":true,"href":"https:\/\/www.sonoraenequipo.com.mx\/api\/wp\/v2\/media\/164391"}],"wp:attachment":[{"href":"https:\/\/www.sonoraenequipo.com.mx\/api\/wp\/v2\/media?parent=210415"}],"wp:term":[{"taxonomy":"category","embeddable":true,"href":"https:\/\/www.sonoraenequipo.com.mx\/api\/wp\/v2\/categories?post=210415"},{"taxonomy":"post_tag","embeddable":true,"href":"https:\/\/www.sonoraenequipo.com.mx\/api\/wp\/v2\/tags?post=210415"}],"curies":[{"name":"wp","href":"https:\/\/api.w.org\/{rel}","templated":true}]}}