{"id":210432,"date":"2025-02-27T07:25:46","date_gmt":"2025-02-27T14:25:46","guid":{"rendered":"https:\/\/www.sonoraenequipo.com.mx\/?p=210432"},"modified":"2025-02-27T11:48:49","modified_gmt":"2025-02-27T18:48:49","slug":"secretaria-de-salud-emite-aviso-epidemiologico-por-tos-ferina","status":"publish","type":"post","link":"https:\/\/www.sonoraenequipo.com.mx\/secretaria-de-salud-emite-aviso-epidemiologico-por-tos-ferina\/","title":{"rendered":"Secretaria de Salud emite aviso epidemiol\u00f3gico por tosferina."},"content":{"rendered":"<p><strong>CIUDAD DE M\u00c9XICO. MX.\u2014<\/strong> La Secretar\u00eda de Salud del Gobierno federal emiti\u00f3 un aviso epidemiol\u00f3gico ante el incremento de casos de tos ferina en el pa\u00eds.<\/p>\n<p>&nbsp;<\/p>\n<p>&nbsp;<\/p>\n<p> <\/p>\n<p>En las primeras siete semanas del a\u00f1o, se han registrado 120 casos en 21 entidades, un aumento significativo en comparaci\u00f3n con el mismo periodo de 2024, cuando solo se reportaron 15 casos.<\/p>\n<p>&nbsp;<\/p>\n<p>&nbsp;<\/p>\n<p><strong>Nuevo Le\u00f3n, Ciudad de M\u00e9xico y Oaxaca son los estados que concentran el mayor n\u00famero de pacientes.<\/strong><\/p>\n<p>&nbsp;<\/p>\n<p>&nbsp;<\/p>\n<p>La tos ferina, tambi\u00e9n conocida como pertussis, es una enfermedad altamente contagiosa que puede ser especialmente grave en beb\u00e9s y ni\u00f1os peque\u00f1os.<\/p>\n<p>&nbsp;<\/p>\n<p>&nbsp;<\/p>\n<h3>\nS\u00edntomas y riesgos de la tos ferina<\/h3>\n<p>&nbsp;<\/p>\n<p>La enfermedad se caracteriza inicialmente por s\u00edntomas leves como goteo o congesti\u00f3n nasal, estornudos y tos ligera. Sin embargo, en etapas avanzadas, puede presentar s\u00edntomas de alarma como:<\/p>\n<p>&nbsp;<\/p>\n<p>&nbsp;<\/p>\n<p><strong>Pausas en la respiraci\u00f3n de los beb\u00e9s.<\/strong><\/p>\n<p>&nbsp;<\/p>\n<p><strong>Tos severa e incontrolable despu\u00e9s de una o dos semanas.<\/strong><\/p>\n<p>&nbsp;<\/p>\n<p><strong>Fiebre y dificultad para respirar.<\/strong><\/p>\n<p>&nbsp;<\/p>\n<p>En casos graves, la tos ferina puede provocar discapacidad o incluso la muerte, especialmente en menores de edad no vacunados.<\/p>\n<p>&nbsp;<\/p>\n<p>&nbsp;<\/p>\n<h3>Importancia de la vacunaci\u00f3n<\/h3>\n<p>&nbsp;<\/p>\n<p>&nbsp;<\/p>\n<p>La Secretar\u00eda de Salud destac\u00f3 la importancia de la vacuna hexavalente, que protege contra la tos ferina y otras enfermedades, para prevenir complicaciones graves en ni\u00f1os.<\/p>\n<p>&nbsp;<\/p>\n<h3>Adem\u00e1s, exhort\u00f3 a intensificar las campa\u00f1as de vacunaci\u00f3n en:<\/h3>\n<p>&nbsp;<\/p>\n<p><strong>El peridomicilio de cada caso confirmado.<\/strong><\/p>\n<p><strong>Municipios de alto riesgo.<\/strong><\/p>\n<p><strong>Zonas con alta afluencia de turistas extranjeros.<\/strong><\/p>\n<p><strong>Corredores de poblaci\u00f3n migrante.<\/strong><\/p>\n<p><strong>Municipios fronterizos.<\/strong><\/p>\n<p>&nbsp;<\/p>\n<h3>\nLlamado a la acci\u00f3n<\/h3>\n<p>&nbsp;<\/p>\n<p>Ante este aumento de casos, las autoridades sanitarias hicieron un llamado a la poblaci\u00f3n para que acuda a los centros de salud a vacunar a los menores de edad y a estar atentos a los s\u00edntomas de la enfermedad.<\/p>\n<p>&nbsp;<\/p>\n<p>&nbsp;<\/p>\n<p>Tambi\u00e9n recomendaron mantener medidas de higiene, como el lavado frecuente de manos y el uso de cubrebocas en caso de tos o estornudos, para evitar la propagaci\u00f3n del virus.<\/p>\n<p>&nbsp;<\/p>\n<p>&nbsp;<\/p>\n<p>El aviso epidemiol\u00f3gico busca prevenir un brote mayor y proteger a los grupos m\u00e1s vulnerables, como beb\u00e9s y ni\u00f1os, quienes son los m\u00e1s afectados por esta enfermedad.<\/p>\n<p>&nbsp;<\/p>\n<p>&nbsp;<\/p>\n<p>La Secretar\u00eda de Salud reiter\u00f3 su compromiso de monitorear la situaci\u00f3n y garantizar el acceso a la vacunaci\u00f3n en todo el pa\u00eds.<\/p>\n<p>&nbsp;<\/p>\n<p>&nbsp;<\/p>\n<p>&nbsp;<\/p>\n<p>PUBLICADO EL 27DE FEBRERO DE 2025 Con informaci\u00f3n de secretaria de Salud)<\/p>\n","protected":false},"excerpt":{"rendered":"<p>CIUDAD DE M\u00c9XICO. MX.\u2014 La Secretar\u00eda de Salud del Gobierno federal emiti\u00f3 un aviso epidemiol\u00f3gico&#8230;<\/p>\n","protected":false},"author":1,"featured_media":210433,"comment_status":"open","ping_status":"open","sticky":false,"template":"","format":"standard","meta":{"_monsterinsights_skip_tracking":false,"_monsterinsights_sitenote_active":false,"_monsterinsights_sitenote_note":"","_monsterinsights_sitenote_category":0,"footnotes":""},"categories":[5],"tags":[],"class_list":["post"],"yoast_head":" \n<title>Sonora en Equipo. Secretaria de Salud emite aviso epidemiol\u00f3gico por tosferina. Rep\u00fablica<\/title>\n<meta name=\"description\" content=\"CIUDAD DE M\u00c9XICO. MX.\u2014 La Secretar\u00eda de Salud del Gobierno federal emiti\u00f3 un aviso epidemiol\u00f3gico ante el incremento de casos de tos ferina en el En Sonora en Equipo publicamos toda la informaci\u00f3n de Sonora, M\u00e9xico y el Mundo de manera oportuna y busca que la libertad de expresi\u00f3n sea real. Visita nuestro medio informativo publicado desde Hermosillo, Sonora. %\" \/>\n<meta name=\"robots\" content=\"index, follow, max-snippet:-1, max-image-preview:large, max-video-preview:-1\" \/>\n<link rel=\"canonical\" href=\"https:\/\/www.sonoraenequipo.com.mx\/secretaria-de-salud-emite-aviso-epidemiologico-por-tos-ferina\/\" \/>\n<meta property=\"og:locale\" content=\"es_ES\" \/>\n<meta property=\"og:type\" content=\"article\" \/>\n<meta property=\"og:title\" content=\"Sonora en Equipo. Secretaria de Salud emite aviso epidemiol\u00f3gico por tosferina. Rep\u00fablica\" \/>\n<meta property=\"og:description\" content=\"CIUDAD DE M\u00c9XICO. MX.\u2014 La Secretar\u00eda de Salud del Gobierno federal emiti\u00f3 un aviso epidemiol\u00f3gico ante el incremento de casos de tos ferina en el En Sonora en Equipo publicamos toda la informaci\u00f3n de Sonora, M\u00e9xico y el Mundo de manera oportuna y busca que la libertad de expresi\u00f3n sea real. Visita nuestro medio informativo publicado desde Hermosillo, Sonora. %\" \/>\n<meta property=\"og:url\" content=\"https:\/\/www.sonoraenequipo.com.mx\/secretaria-de-salud-emite-aviso-epidemiologico-por-tos-ferina\/\" \/>\n<meta property=\"og:site_name\" content=\"Sonora en Equipo.\" \/>\n<meta property=\"article:publisher\" content=\"https:\/\/www.facebook.com\/SonoraEE\/\" \/>\n<meta property=\"article:author\" content=\"https:\/\/www.facebook.com\/SonoraEE\" \/>\n<meta property=\"article:published_time\" content=\"2025-02-27T14:25:46+00:00\" \/>\n<meta property=\"article:modified_time\" content=\"2025-02-27T18:48:49+00:00\" \/>\n<meta property=\"og:image\" content=\"https:\/\/www.sonoraenequipo.com.mx\/storage\/2025\/02\/tos-ferina-min.jpg\" \/>\n\t<meta property=\"og:image:width\" content=\"1030\" \/>\n\t<meta property=\"og:image:height\" content=\"580\" \/>\n\t<meta property=\"og:image:type\" content=\"image\/jpeg\" \/>\n<meta name=\"author\" content=\"enequipo\" \/>\n<meta name=\"twitter:card\" content=\"summary_large_image\" \/>\n<meta name=\"twitter:creator\" content=\"@sonoraenequipo\" \/>\n<meta name=\"twitter:site\" content=\"@sonoraenequipo\" \/>\n<meta name=\"twitter:label1\" content=\"Escrito por\" \/>\n\t<meta name=\"twitter:data1\" content=\"enequipo\" \/>\n\t<meta name=\"twitter:label2\" content=\"Tiempo de lectura\" \/>\n\t<meta name=\"twitter:data2\" content=\"2 minutos\" \/>\n<script type=\"application\/ld+json\" class=\"yoast-schema-graph\">{\"@context\":\"https:\/\/schema.org\",\"@graph\":[{\"@type\":\"Article\",\"@id\":\"https:\/\/www.sonoraenequipo.com.mx\/secretaria-de-salud-emite-aviso-epidemiologico-por-tos-ferina\/#article\",\"isPartOf\":{\"@id\":\"https:\/\/www.sonoraenequipo.com.mx\/secretaria-de-salud-emite-aviso-epidemiologico-por-tos-ferina\/\"},\"author\":{\"name\":\"enequipo\",\"@id\":\"https:\/\/www.sonoraenequipo.com.mx\/#\/schema\/person\/50102df0fb23a8fa9e8effad8fa81386\"},\"headline\":\"Secretaria de Salud emite aviso epidemiol\u00f3gico por tosferina.\",\"datePublished\":\"2025-02-27T14:25:46+00:00\",\"dateModified\":\"2025-02-27T18:48:49+00:00\",\"mainEntityOfPage\":{\"@id\":\"https:\/\/www.sonoraenequipo.com.mx\/secretaria-de-salud-emite-aviso-epidemiologico-por-tos-ferina\/\"},\"wordCount\":446,\"commentCount\":0,\"publisher\":{\"@id\":\"https:\/\/www.sonoraenequipo.com.mx\/#organization\"},\"image\":{\"@id\":\"https:\/\/www.sonoraenequipo.com.mx\/secretaria-de-salud-emite-aviso-epidemiologico-por-tos-ferina\/#primaryimage\"},\"thumbnailUrl\":\"https:\/\/www.sonoraenequipo.com.mx\/storage\/2025\/02\/tos-ferina-min.jpg\",\"articleSection\":[\"Rep\u00fablica\"],\"inLanguage\":\"es\",\"potentialAction\":[{\"@type\":\"CommentAction\",\"name\":\"Comment\",\"target\":[\"https:\/\/www.sonoraenequipo.com.mx\/secretaria-de-salud-emite-aviso-epidemiologico-por-tos-ferina\/#respond\"]}]},{\"@type\":\"WebPage\",\"@id\":\"https:\/\/www.sonoraenequipo.com.mx\/secretaria-de-salud-emite-aviso-epidemiologico-por-tos-ferina\/\",\"url\":\"https:\/\/www.sonoraenequipo.com.mx\/secretaria-de-salud-emite-aviso-epidemiologico-por-tos-ferina\/\",\"name\":\"Sonora en Equipo. Secretaria de Salud emite aviso epidemiol\u00f3gico por tosferina. Rep\u00fablica\",\"isPartOf\":{\"@id\":\"https:\/\/www.sonoraenequipo.com.mx\/#website\"},\"primaryImageOfPage\":{\"@id\":\"https:\/\/www.sonoraenequipo.com.mx\/secretaria-de-salud-emite-aviso-epidemiologico-por-tos-ferina\/#primaryimage\"},\"image\":{\"@id\":\"https:\/\/www.sonoraenequipo.com.mx\/secretaria-de-salud-emite-aviso-epidemiologico-por-tos-ferina\/#primaryimage\"},\"thumbnailUrl\":\"https:\/\/www.sonoraenequipo.com.mx\/storage\/2025\/02\/tos-ferina-min.jpg\",\"datePublished\":\"2025-02-27T14:25:46+00:00\",\"dateModified\":\"2025-02-27T18:48:49+00:00\",\"description\":\"CIUDAD DE M\u00c9XICO. MX.\u2014 La Secretar\u00eda de Salud del Gobierno federal emiti\u00f3 un aviso epidemiol\u00f3gico ante el incremento de casos de tos ferina en el En Sonora en Equipo publicamos toda la informaci\u00f3n de Sonora, M\u00e9xico y el Mundo de manera oportuna y busca que la libertad de expresi\u00f3n sea real. Visita nuestro medio informativo publicado desde Hermosillo, Sonora. %\",\"breadcrumb\":{\"@id\":\"https:\/\/www.sonoraenequipo.com.mx\/secretaria-de-salud-emite-aviso-epidemiologico-por-tos-ferina\/#breadcrumb\"},\"inLanguage\":\"es\",\"potentialAction\":[{\"@type\":\"ReadAction\",\"target\":[\"https:\/\/www.sonoraenequipo.com.mx\/secretaria-de-salud-emite-aviso-epidemiologico-por-tos-ferina\/\"]}]},{\"@type\":\"ImageObject\",\"inLanguage\":\"es\",\"@id\":\"https:\/\/www.sonoraenequipo.com.mx\/secretaria-de-salud-emite-aviso-epidemiologico-por-tos-ferina\/#primaryimage\",\"url\":\"https:\/\/www.sonoraenequipo.com.mx\/storage\/2025\/02\/tos-ferina-min.jpg\",\"contentUrl\":\"https:\/\/www.sonoraenequipo.com.mx\/storage\/2025\/02\/tos-ferina-min.jpg\",\"width\":1030,\"height\":580},{\"@type\":\"BreadcrumbList\",\"@id\":\"https:\/\/www.sonoraenequipo.com.mx\/secretaria-de-salud-emite-aviso-epidemiologico-por-tos-ferina\/#breadcrumb\",\"itemListElement\":[{\"@type\":\"ListItem\",\"position\":1,\"name\":\"Portada\",\"item\":\"https:\/\/www.sonoraenequipo.com.mx\/\"},{\"@type\":\"ListItem\",\"position\":2,\"name\":\"Secretaria de Salud emite aviso epidemiol\u00f3gico por tosferina.\"}]},{\"@type\":\"WebSite\",\"@id\":\"https:\/\/www.sonoraenequipo.com.mx\/#website\",\"url\":\"https:\/\/www.sonoraenequipo.com.mx\/\",\"name\":\"Sonora en Equipo.\",\"description\":\"Diario en l\u00ednea con Noticias desde Hermosillo, Sonora\",\"publisher\":{\"@id\":\"https:\/\/www.sonoraenequipo.com.mx\/#organization\"},\"potentialAction\":[{\"@type\":\"SearchAction\",\"target\":{\"@type\":\"EntryPoint\",\"urlTemplate\":\"https:\/\/www.sonoraenequipo.com.mx\/?s={search_term_string}\"},\"query-input\":{\"@type\":\"PropertyValueSpecification\",\"valueRequired\":true,\"valueName\":\"search_term_string\"}}],\"inLanguage\":\"es\"},{\"@type\":\"Organization\",\"@id\":\"https:\/\/www.sonoraenequipo.com.mx\/#organization\",\"name\":\"Sonoraenequipo.com.mx\",\"url\":\"https:\/\/www.sonoraenequipo.com.mx\/\",\"logo\":{\"@type\":\"ImageObject\",\"inLanguage\":\"es\",\"@id\":\"https:\/\/www.sonoraenequipo.com.mx\/#\/schema\/logo\/image\/\",\"url\":\"https:\/\/www.sonoraenequipo.com.mx\/storage\/2019\/01\/sonoraenequipo_opt.png\",\"contentUrl\":\"https:\/\/www.sonoraenequipo.com.mx\/storage\/2019\/01\/sonoraenequipo_opt.png\",\"width\":375,\"height\":125,\"caption\":\"Sonoraenequipo.com.mx\"},\"image\":{\"@id\":\"https:\/\/www.sonoraenequipo.com.mx\/#\/schema\/logo\/image\/\"},\"sameAs\":[\"https:\/\/www.facebook.com\/SonoraEE\/\",\"https:\/\/x.com\/sonoraenequipo\",\"https:\/\/www.youtube.com\/channel\/UC338nW-lPEYmJQs4ZABQ1SQ\"]},{\"@type\":\"Person\",\"@id\":\"https:\/\/www.sonoraenequipo.com.mx\/#\/schema\/person\/50102df0fb23a8fa9e8effad8fa81386\",\"name\":\"enequipo\",\"image\":{\"@type\":\"ImageObject\",\"inLanguage\":\"es\",\"@id\":\"https:\/\/www.sonoraenequipo.com.mx\/#\/schema\/person\/image\/\",\"url\":\"https:\/\/secure.gravatar.com\/avatar\/049821681b589dabc0bc20695993ccebb09f5b5d4d790cd9251b97faac7c652b?s=96&d=blank&r=g\",\"contentUrl\":\"https:\/\/secure.gravatar.com\/avatar\/049821681b589dabc0bc20695993ccebb09f5b5d4d790cd9251b97faac7c652b?s=96&d=blank&r=g\",\"caption\":\"enequipo\"},\"sameAs\":[\"https:\/\/www.facebook.com\/SonoraEE\"]}]}<\/script>\n ","yoast_head_json":{"title":"Sonora en Equipo. Secretaria de Salud emite aviso epidemiol\u00f3gico por tosferina. Rep\u00fablica","description":"CIUDAD DE M\u00c9XICO. MX.\u2014 La Secretar\u00eda de Salud del Gobierno federal emiti\u00f3 un aviso epidemiol\u00f3gico ante el incremento de casos de tos ferina en el En Sonora en Equipo publicamos toda la informaci\u00f3n de Sonora, M\u00e9xico y el Mundo de manera oportuna y busca que la libertad de expresi\u00f3n sea real. Visita nuestro medio informativo publicado desde Hermosillo, Sonora. %","robots":{"index":"index","follow":"follow","max-snippet":"max-snippet:-1","max-image-preview":"max-image-preview:large","max-video-preview":"max-video-preview:-1"},"canonical":"https:\/\/www.sonoraenequipo.com.mx\/secretaria-de-salud-emite-aviso-epidemiologico-por-tos-ferina\/","og_locale":"es_ES","og_type":"article","og_title":"Sonora en Equipo. Secretaria de Salud emite aviso epidemiol\u00f3gico por tosferina. Rep\u00fablica","og_description":"CIUDAD DE M\u00c9XICO. MX.\u2014 La Secretar\u00eda de Salud del Gobierno federal emiti\u00f3 un aviso epidemiol\u00f3gico ante el incremento de casos de tos ferina en el En Sonora en Equipo publicamos toda la informaci\u00f3n de Sonora, M\u00e9xico y el Mundo de manera oportuna y busca que la libertad de expresi\u00f3n sea real. Visita nuestro medio informativo publicado desde Hermosillo, Sonora. %","og_url":"https:\/\/www.sonoraenequipo.com.mx\/secretaria-de-salud-emite-aviso-epidemiologico-por-tos-ferina\/","og_site_name":"Sonora en Equipo.","article_publisher":"https:\/\/www.facebook.com\/SonoraEE\/","article_author":"https:\/\/www.facebook.com\/SonoraEE","article_published_time":"2025-02-27T14:25:46+00:00","article_modified_time":"2025-02-27T18:48:49+00:00","og_image":[{"width":1030,"height":580,"url":"https:\/\/www.sonoraenequipo.com.mx\/storage\/2025\/02\/tos-ferina-min.jpg","type":"image\/jpeg"}],"author":"enequipo","twitter_card":"summary_large_image","twitter_creator":"@sonoraenequipo","twitter_site":"@sonoraenequipo","twitter_misc":{"Escrito por":"enequipo","Tiempo de lectura":"2 minutos"},"schema":{"@context":"https:\/\/schema.org","@graph":[{"@type":"Article","@id":"https:\/\/www.sonoraenequipo.com.mx\/secretaria-de-salud-emite-aviso-epidemiologico-por-tos-ferina\/#article","isPartOf":{"@id":"https:\/\/www.sonoraenequipo.com.mx\/secretaria-de-salud-emite-aviso-epidemiologico-por-tos-ferina\/"},"author":{"name":"enequipo","@id":"https:\/\/www.sonoraenequipo.com.mx\/#\/schema\/person\/50102df0fb23a8fa9e8effad8fa81386"},"headline":"Secretaria de Salud emite aviso epidemiol\u00f3gico por tosferina.","datePublished":"2025-02-27T14:25:46+00:00","dateModified":"2025-02-27T18:48:49+00:00","mainEntityOfPage":{"@id":"https:\/\/www.sonoraenequipo.com.mx\/secretaria-de-salud-emite-aviso-epidemiologico-por-tos-ferina\/"},"wordCount":446,"commentCount":0,"publisher":{"@id":"https:\/\/www.sonoraenequipo.com.mx\/#organization"},"image":{"@id":"https:\/\/www.sonoraenequipo.com.mx\/secretaria-de-salud-emite-aviso-epidemiologico-por-tos-ferina\/#primaryimage"},"thumbnailUrl":"https:\/\/www.sonoraenequipo.com.mx\/storage\/2025\/02\/tos-ferina-min.jpg","articleSection":["Rep\u00fablica"],"inLanguage":"es","potentialAction":[{"@type":"CommentAction","name":"Comment","target":["https:\/\/www.sonoraenequipo.com.mx\/secretaria-de-salud-emite-aviso-epidemiologico-por-tos-ferina\/#respond"]}]},{"@type":"WebPage","@id":"https:\/\/www.sonoraenequipo.com.mx\/secretaria-de-salud-emite-aviso-epidemiologico-por-tos-ferina\/","url":"https:\/\/www.sonoraenequipo.com.mx\/secretaria-de-salud-emite-aviso-epidemiologico-por-tos-ferina\/","name":"Sonora en Equipo. Secretaria de Salud emite aviso epidemiol\u00f3gico por tosferina. Rep\u00fablica","isPartOf":{"@id":"https:\/\/www.sonoraenequipo.com.mx\/#website"},"primaryImageOfPage":{"@id":"https:\/\/www.sonoraenequipo.com.mx\/secretaria-de-salud-emite-aviso-epidemiologico-por-tos-ferina\/#primaryimage"},"image":{"@id":"https:\/\/www.sonoraenequipo.com.mx\/secretaria-de-salud-emite-aviso-epidemiologico-por-tos-ferina\/#primaryimage"},"thumbnailUrl":"https:\/\/www.sonoraenequipo.com.mx\/storage\/2025\/02\/tos-ferina-min.jpg","datePublished":"2025-02-27T14:25:46+00:00","dateModified":"2025-02-27T18:48:49+00:00","description":"CIUDAD DE M\u00c9XICO. MX.\u2014 La Secretar\u00eda de Salud del Gobierno federal emiti\u00f3 un aviso epidemiol\u00f3gico ante el incremento de casos de tos ferina en el En Sonora en Equipo publicamos toda la informaci\u00f3n de Sonora, M\u00e9xico y el Mundo de manera oportuna y busca que la libertad de expresi\u00f3n sea real. Visita nuestro medio informativo publicado desde Hermosillo, Sonora. %","breadcrumb":{"@id":"https:\/\/www.sonoraenequipo.com.mx\/secretaria-de-salud-emite-aviso-epidemiologico-por-tos-ferina\/#breadcrumb"},"inLanguage":"es","potentialAction":[{"@type":"ReadAction","target":["https:\/\/www.sonoraenequipo.com.mx\/secretaria-de-salud-emite-aviso-epidemiologico-por-tos-ferina\/"]}]},{"@type":"ImageObject","inLanguage":"es","@id":"https:\/\/www.sonoraenequipo.com.mx\/secretaria-de-salud-emite-aviso-epidemiologico-por-tos-ferina\/#primaryimage","url":"https:\/\/www.sonoraenequipo.com.mx\/storage\/2025\/02\/tos-ferina-min.jpg","contentUrl":"https:\/\/www.sonoraenequipo.com.mx\/storage\/2025\/02\/tos-ferina-min.jpg","width":1030,"height":580},{"@type":"BreadcrumbList","@id":"https:\/\/www.sonoraenequipo.com.mx\/secretaria-de-salud-emite-aviso-epidemiologico-por-tos-ferina\/#breadcrumb","itemListElement":[{"@type":"ListItem","position":1,"name":"Portada","item":"https:\/\/www.sonoraenequipo.com.mx\/"},{"@type":"ListItem","position":2,"name":"Secretaria de Salud emite aviso epidemiol\u00f3gico por tosferina."}]},{"@type":"WebSite","@id":"https:\/\/www.sonoraenequipo.com.mx\/#website","url":"https:\/\/www.sonoraenequipo.com.mx\/","name":"Sonora en Equipo.","description":"Diario en l\u00ednea con Noticias desde Hermosillo, Sonora","publisher":{"@id":"https:\/\/www.sonoraenequipo.com.mx\/#organization"},"potentialAction":[{"@type":"SearchAction","target":{"@type":"EntryPoint","urlTemplate":"https:\/\/www.sonoraenequipo.com.mx\/?s={search_term_string}"},"query-input":{"@type":"PropertyValueSpecification","valueRequired":true,"valueName":"search_term_string"}}],"inLanguage":"es"},{"@type":"Organization","@id":"https:\/\/www.sonoraenequipo.com.mx\/#organization","name":"Sonoraenequipo.com.mx","url":"https:\/\/www.sonoraenequipo.com.mx\/","logo":{"@type":"ImageObject","inLanguage":"es","@id":"https:\/\/www.sonoraenequipo.com.mx\/#\/schema\/logo\/image\/","url":"https:\/\/www.sonoraenequipo.com.mx\/storage\/2019\/01\/sonoraenequipo_opt.png","contentUrl":"https:\/\/www.sonoraenequipo.com.mx\/storage\/2019\/01\/sonoraenequipo_opt.png","width":375,"height":125,"caption":"Sonoraenequipo.com.mx"},"image":{"@id":"https:\/\/www.sonoraenequipo.com.mx\/#\/schema\/logo\/image\/"},"sameAs":["https:\/\/www.facebook.com\/SonoraEE\/","https:\/\/x.com\/sonoraenequipo","https:\/\/www.youtube.com\/channel\/UC338nW-lPEYmJQs4ZABQ1SQ"]},{"@type":"Person","@id":"https:\/\/www.sonoraenequipo.com.mx\/#\/schema\/person\/50102df0fb23a8fa9e8effad8fa81386","name":"enequipo","image":{"@type":"ImageObject","inLanguage":"es","@id":"https:\/\/www.sonoraenequipo.com.mx\/#\/schema\/person\/image\/","url":"https:\/\/secure.gravatar.com\/avatar\/049821681b589dabc0bc20695993ccebb09f5b5d4d790cd9251b97faac7c652b?s=96&d=blank&r=g","contentUrl":"https:\/\/secure.gravatar.com\/avatar\/049821681b589dabc0bc20695993ccebb09f5b5d4d790cd9251b97faac7c652b?s=96&d=blank&r=g","caption":"enequipo"},"sameAs":["https:\/\/www.facebook.com\/SonoraEE"]}]}},"jetpack_featured_media_url":"https:\/\/www.sonoraenequipo.com.mx\/storage\/2025\/02\/tos-ferina-min.jpg","_links":{"self":[{"href":"https:\/\/www.sonoraenequipo.com.mx\/api\/wp\/v2\/posts\/210432","targetHints":{"allow":["GET"]}}],"collection":[{"href":"https:\/\/www.sonoraenequipo.com.mx\/api\/wp\/v2\/posts"}],"about":[{"href":"https:\/\/www.sonoraenequipo.com.mx\/api\/wp\/v2\/types\/post"}],"author":[{"embeddable":true,"href":"https:\/\/www.sonoraenequipo.com.mx\/api\/wp\/v2\/users\/1"}],"replies":[{"embeddable":true,"href":"https:\/\/www.sonoraenequipo.com.mx\/api\/wp\/v2\/comments?post=210432"}],"version-history":[{"count":3,"href":"https:\/\/www.sonoraenequipo.com.mx\/api\/wp\/v2\/posts\/210432\/revisions"}],"predecessor-version":[{"id":210455,"href":"https:\/\/www.sonoraenequipo.com.mx\/api\/wp\/v2\/posts\/210432\/revisions\/210455"}],"wp:featuredmedia":[{"embeddable":true,"href":"https:\/\/www.sonoraenequipo.com.mx\/api\/wp\/v2\/media\/210433"}],"wp:attachment":[{"href":"https:\/\/www.sonoraenequipo.com.mx\/api\/wp\/v2\/media?parent=210432"}],"wp:term":[{"taxonomy":"category","embeddable":true,"href":"https:\/\/www.sonoraenequipo.com.mx\/api\/wp\/v2\/categories?post=210432"},{"taxonomy":"post_tag","embeddable":true,"href":"https:\/\/www.sonoraenequipo.com.mx\/api\/wp\/v2\/tags?post=210432"}],"curies":[{"name":"wp","href":"https:\/\/api.w.org\/{rel}","templated":true}]}}