{"id":210445,"date":"2025-02-27T08:54:09","date_gmt":"2025-02-27T15:54:09","guid":{"rendered":"https:\/\/www.sonoraenequipo.com.mx\/?p=210445"},"modified":"2025-02-27T10:34:44","modified_gmt":"2025-02-27T17:34:44","slug":"trump-confirma-aranceles-a-mexico-y-canada-desde-el-4-de-marzo","status":"publish","type":"post","link":"https:\/\/www.sonoraenequipo.com.mx\/trump-confirma-aranceles-a-mexico-y-canada-desde-el-4-de-marzo\/","title":{"rendered":"Trump confirma aranceles a M\u00e9xico y Canad\u00e1 desde el 4 de marzo."},"content":{"rendered":"<p><strong>WASHINGTON, ESTADOS UNIDOS. \u2014<\/strong> El presidente de Estados Unidos, Donald Trump, reafirm\u00f3 que los aranceles del 25 por ciento para M\u00e9xico y Canad\u00e1 entrar\u00e1n en vigor el 4 de marzo, corrigiendo la fecha que \u00e9l mismo hab\u00eda mencionado previamente. Adem\u00e1s, se aplicar\u00e1 un 10 por ciento adicional a China.<\/p>\n<p>&nbsp;<\/p>\n<p> <\/p>\n<p>&nbsp;<\/p>\n<h3>Ajuste en la fecha de aranceles<\/h3>\n<p>&nbsp;<\/p>\n<p>El mandatario aclar\u00f3 en su red social Truth Social que la imposici\u00f3n de tarifas punitivas ser\u00e1 conforme a lo previsto.<\/p>\n<p>&nbsp;<\/p>\n<p>&nbsp;<\/p>\n<p><em><strong>\u201cLos aranceles propuestos que estaban programados para entrar en vigor el 4 de marzo entrar\u00e1n en vigor, de hecho, seg\u00fan lo programado\u201d.<\/strong><\/em><\/p>\n<p>&nbsp;<\/p>\n<p>&nbsp;<\/p>\n<p>Esto ocurre un d\u00eda despu\u00e9s de que el propio Trump indicara err\u00f3neamente que las tarifas comenzar\u00edan a aplicarse el 2 de abril.<\/p>\n<p>&nbsp;<\/p>\n<p>&nbsp;<\/p>\n<p>El presidente tambi\u00e9n precis\u00f3 que la fecha de arancel rec\u00edproco del 2 de abril \u201cseguir\u00e1 en vigor y efecto\u201d, sin dar mayores detalles sobre esta segunda fase.<\/p>\n<p>&nbsp;<\/p>\n<p>&nbsp;<\/p>\n<h3>Justificaci\u00f3n: combate al fentanilo<\/h3>\n<p>&nbsp;<\/p>\n<p>Trump reiter\u00f3 que la decisi\u00f3n obedece al combate contra el tr\u00e1fico de fentanilo.<\/p>\n<p>&nbsp;<\/p>\n<p>&nbsp;<\/p>\n<p><em><strong>\u201cNo podemos permitir que este flagelo de las drogas siga da\u00f1ando a los EUA y, por lo tanto, hasta que se detenga o se limite seriamente, los aranceles programados entrar\u00e1n en vigor el 4 de marzo\u201d<\/strong><\/em>, afirm\u00f3.<\/p>\n<p>&nbsp;<\/p>\n<p>&nbsp;<\/p>\n<p>&nbsp;<\/p>\n<p>Se\u00f1al\u00f3 que m\u00e1s de 100 mil personas murieron en Estados Unidos el \u00faltimo a\u00f1o debido a la distribuci\u00f3n de esta sustancia, lo que ha afectado a miles de familias.<\/p>\n<p>&nbsp;<\/p>\n<p>&nbsp;<\/p>\n<p>El anuncio de Trump se produjo horas antes de la reuni\u00f3n entre el secretario de Econom\u00eda de M\u00e9xico, Marcelo Ebrard, y el representante de comercio de EUA, Jamieson Greer, lo que podr\u00eda generar nuevas tensiones en la relaci\u00f3n comercial entre los tres pa\u00edses del T-MEC.<\/p>\n<p>&nbsp;<\/p>\n<p>&nbsp;<\/p>\n<p>&nbsp;<\/p>\n<p>PUBLICADO EL 27 FEBRERO 2025 Con informaci\u00f3n de AFP)<\/p>\n","protected":false},"excerpt":{"rendered":"<p>WASHINGTON, ESTADOS UNIDOS. \u2014 El presidente de Estados Unidos, Donald Trump, reafirm\u00f3 que los aranceles&#8230;<\/p>\n","protected":false},"author":1,"featured_media":210446,"comment_status":"open","ping_status":"open","sticky":false,"template":"","format":"standard","meta":{"_monsterinsights_skip_tracking":false,"_monsterinsights_sitenote_active":false,"_monsterinsights_sitenote_note":"","_monsterinsights_sitenote_category":0,"footnotes":""},"categories":[3],"tags":[],"class_list":["post"],"yoast_head":" \n<title>Sonora en Equipo. Trump confirma aranceles a M\u00e9xico y Canad\u00e1 desde el 4 de marzo. MUNDO<\/title>\n<meta name=\"description\" content=\"WASHINGTON, ESTADOS UNIDOS. \u2014 El presidente de Estados Unidos, Donald Trump, reafirm\u00f3 que los aranceles del 25 por ciento para M\u00e9xico y Canad\u00e1 entrar\u00e1n en En Sonora en Equipo publicamos toda la informaci\u00f3n de Sonora, M\u00e9xico y el Mundo de manera oportuna y busca que la libertad de expresi\u00f3n sea real. Visita nuestro medio informativo publicado desde Hermosillo, Sonora. %\" \/>\n<meta name=\"robots\" content=\"index, follow, max-snippet:-1, max-image-preview:large, max-video-preview:-1\" \/>\n<link rel=\"canonical\" href=\"https:\/\/www.sonoraenequipo.com.mx\/trump-confirma-aranceles-a-mexico-y-canada-desde-el-4-de-marzo\/\" \/>\n<meta property=\"og:locale\" content=\"es_ES\" \/>\n<meta property=\"og:type\" content=\"article\" \/>\n<meta property=\"og:title\" content=\"Sonora en Equipo. Trump confirma aranceles a M\u00e9xico y Canad\u00e1 desde el 4 de marzo. MUNDO\" \/>\n<meta property=\"og:description\" content=\"WASHINGTON, ESTADOS UNIDOS. \u2014 El presidente de Estados Unidos, Donald Trump, reafirm\u00f3 que los aranceles del 25 por ciento para M\u00e9xico y Canad\u00e1 entrar\u00e1n en En Sonora en Equipo publicamos toda la informaci\u00f3n de Sonora, M\u00e9xico y el Mundo de manera oportuna y busca que la libertad de expresi\u00f3n sea real. Visita nuestro medio informativo publicado desde Hermosillo, Sonora. %\" \/>\n<meta property=\"og:url\" content=\"https:\/\/www.sonoraenequipo.com.mx\/trump-confirma-aranceles-a-mexico-y-canada-desde-el-4-de-marzo\/\" \/>\n<meta property=\"og:site_name\" content=\"Sonora en Equipo.\" \/>\n<meta property=\"article:publisher\" content=\"https:\/\/www.facebook.com\/SonoraEE\/\" \/>\n<meta property=\"article:author\" content=\"https:\/\/www.facebook.com\/SonoraEE\" \/>\n<meta property=\"article:published_time\" content=\"2025-02-27T15:54:09+00:00\" \/>\n<meta property=\"article:modified_time\" content=\"2025-02-27T17:34:44+00:00\" \/>\n<meta property=\"og:image\" content=\"https:\/\/www.sonoraenequipo.com.mx\/storage\/2025\/02\/Donald-Trump-y-la-tarjeta-Dorada-min-min.jpg\" \/>\n\t<meta property=\"og:image:width\" content=\"992\" \/>\n\t<meta property=\"og:image:height\" content=\"700\" \/>\n\t<meta property=\"og:image:type\" content=\"image\/jpeg\" \/>\n<meta name=\"author\" content=\"enequipo\" \/>\n<meta name=\"twitter:card\" content=\"summary_large_image\" \/>\n<meta name=\"twitter:creator\" content=\"@sonoraenequipo\" \/>\n<meta name=\"twitter:site\" content=\"@sonoraenequipo\" \/>\n<meta name=\"twitter:label1\" content=\"Escrito por\" \/>\n\t<meta name=\"twitter:data1\" content=\"enequipo\" \/>\n\t<meta name=\"twitter:label2\" content=\"Tiempo de lectura\" \/>\n\t<meta name=\"twitter:data2\" content=\"2 minutos\" \/>\n<script type=\"application\/ld+json\" class=\"yoast-schema-graph\">{\"@context\":\"https:\/\/schema.org\",\"@graph\":[{\"@type\":\"Article\",\"@id\":\"https:\/\/www.sonoraenequipo.com.mx\/trump-confirma-aranceles-a-mexico-y-canada-desde-el-4-de-marzo\/#article\",\"isPartOf\":{\"@id\":\"https:\/\/www.sonoraenequipo.com.mx\/trump-confirma-aranceles-a-mexico-y-canada-desde-el-4-de-marzo\/\"},\"author\":{\"name\":\"enequipo\",\"@id\":\"https:\/\/www.sonoraenequipo.com.mx\/#\/schema\/person\/50102df0fb23a8fa9e8effad8fa81386\"},\"headline\":\"Trump confirma aranceles a M\u00e9xico y Canad\u00e1 desde el 4 de marzo.\",\"datePublished\":\"2025-02-27T15:54:09+00:00\",\"dateModified\":\"2025-02-27T17:34:44+00:00\",\"mainEntityOfPage\":{\"@id\":\"https:\/\/www.sonoraenequipo.com.mx\/trump-confirma-aranceles-a-mexico-y-canada-desde-el-4-de-marzo\/\"},\"wordCount\":335,\"commentCount\":0,\"publisher\":{\"@id\":\"https:\/\/www.sonoraenequipo.com.mx\/#organization\"},\"image\":{\"@id\":\"https:\/\/www.sonoraenequipo.com.mx\/trump-confirma-aranceles-a-mexico-y-canada-desde-el-4-de-marzo\/#primaryimage\"},\"thumbnailUrl\":\"https:\/\/www.sonoraenequipo.com.mx\/storage\/2025\/02\/Donald-Trump-y-la-tarjeta-Dorada-min-min.jpg\",\"articleSection\":[\"MUNDO\"],\"inLanguage\":\"es\",\"potentialAction\":[{\"@type\":\"CommentAction\",\"name\":\"Comment\",\"target\":[\"https:\/\/www.sonoraenequipo.com.mx\/trump-confirma-aranceles-a-mexico-y-canada-desde-el-4-de-marzo\/#respond\"]}]},{\"@type\":\"WebPage\",\"@id\":\"https:\/\/www.sonoraenequipo.com.mx\/trump-confirma-aranceles-a-mexico-y-canada-desde-el-4-de-marzo\/\",\"url\":\"https:\/\/www.sonoraenequipo.com.mx\/trump-confirma-aranceles-a-mexico-y-canada-desde-el-4-de-marzo\/\",\"name\":\"Sonora en Equipo. Trump confirma aranceles a M\u00e9xico y Canad\u00e1 desde el 4 de marzo. MUNDO\",\"isPartOf\":{\"@id\":\"https:\/\/www.sonoraenequipo.com.mx\/#website\"},\"primaryImageOfPage\":{\"@id\":\"https:\/\/www.sonoraenequipo.com.mx\/trump-confirma-aranceles-a-mexico-y-canada-desde-el-4-de-marzo\/#primaryimage\"},\"image\":{\"@id\":\"https:\/\/www.sonoraenequipo.com.mx\/trump-confirma-aranceles-a-mexico-y-canada-desde-el-4-de-marzo\/#primaryimage\"},\"thumbnailUrl\":\"https:\/\/www.sonoraenequipo.com.mx\/storage\/2025\/02\/Donald-Trump-y-la-tarjeta-Dorada-min-min.jpg\",\"datePublished\":\"2025-02-27T15:54:09+00:00\",\"dateModified\":\"2025-02-27T17:34:44+00:00\",\"description\":\"WASHINGTON, ESTADOS UNIDOS. \u2014 El presidente de Estados Unidos, Donald Trump, reafirm\u00f3 que los aranceles del 25 por ciento para M\u00e9xico y Canad\u00e1 entrar\u00e1n en En Sonora en Equipo publicamos toda la informaci\u00f3n de Sonora, M\u00e9xico y el Mundo de manera oportuna y busca que la libertad de expresi\u00f3n sea real. Visita nuestro medio informativo publicado desde Hermosillo, Sonora. %\",\"breadcrumb\":{\"@id\":\"https:\/\/www.sonoraenequipo.com.mx\/trump-confirma-aranceles-a-mexico-y-canada-desde-el-4-de-marzo\/#breadcrumb\"},\"inLanguage\":\"es\",\"potentialAction\":[{\"@type\":\"ReadAction\",\"target\":[\"https:\/\/www.sonoraenequipo.com.mx\/trump-confirma-aranceles-a-mexico-y-canada-desde-el-4-de-marzo\/\"]}]},{\"@type\":\"ImageObject\",\"inLanguage\":\"es\",\"@id\":\"https:\/\/www.sonoraenequipo.com.mx\/trump-confirma-aranceles-a-mexico-y-canada-desde-el-4-de-marzo\/#primaryimage\",\"url\":\"https:\/\/www.sonoraenequipo.com.mx\/storage\/2025\/02\/Donald-Trump-y-la-tarjeta-Dorada-min-min.jpg\",\"contentUrl\":\"https:\/\/www.sonoraenequipo.com.mx\/storage\/2025\/02\/Donald-Trump-y-la-tarjeta-Dorada-min-min.jpg\",\"width\":992,\"height\":700},{\"@type\":\"BreadcrumbList\",\"@id\":\"https:\/\/www.sonoraenequipo.com.mx\/trump-confirma-aranceles-a-mexico-y-canada-desde-el-4-de-marzo\/#breadcrumb\",\"itemListElement\":[{\"@type\":\"ListItem\",\"position\":1,\"name\":\"Portada\",\"item\":\"https:\/\/www.sonoraenequipo.com.mx\/\"},{\"@type\":\"ListItem\",\"position\":2,\"name\":\"Trump confirma aranceles a M\u00e9xico y Canad\u00e1 desde el 4 de marzo.\"}]},{\"@type\":\"WebSite\",\"@id\":\"https:\/\/www.sonoraenequipo.com.mx\/#website\",\"url\":\"https:\/\/www.sonoraenequipo.com.mx\/\",\"name\":\"Sonora en Equipo.\",\"description\":\"Diario en l\u00ednea con Noticias desde Hermosillo, Sonora\",\"publisher\":{\"@id\":\"https:\/\/www.sonoraenequipo.com.mx\/#organization\"},\"potentialAction\":[{\"@type\":\"SearchAction\",\"target\":{\"@type\":\"EntryPoint\",\"urlTemplate\":\"https:\/\/www.sonoraenequipo.com.mx\/?s={search_term_string}\"},\"query-input\":{\"@type\":\"PropertyValueSpecification\",\"valueRequired\":true,\"valueName\":\"search_term_string\"}}],\"inLanguage\":\"es\"},{\"@type\":\"Organization\",\"@id\":\"https:\/\/www.sonoraenequipo.com.mx\/#organization\",\"name\":\"Sonoraenequipo.com.mx\",\"url\":\"https:\/\/www.sonoraenequipo.com.mx\/\",\"logo\":{\"@type\":\"ImageObject\",\"inLanguage\":\"es\",\"@id\":\"https:\/\/www.sonoraenequipo.com.mx\/#\/schema\/logo\/image\/\",\"url\":\"https:\/\/www.sonoraenequipo.com.mx\/storage\/2019\/01\/sonoraenequipo_opt.png\",\"contentUrl\":\"https:\/\/www.sonoraenequipo.com.mx\/storage\/2019\/01\/sonoraenequipo_opt.png\",\"width\":375,\"height\":125,\"caption\":\"Sonoraenequipo.com.mx\"},\"image\":{\"@id\":\"https:\/\/www.sonoraenequipo.com.mx\/#\/schema\/logo\/image\/\"},\"sameAs\":[\"https:\/\/www.facebook.com\/SonoraEE\/\",\"https:\/\/x.com\/sonoraenequipo\",\"https:\/\/www.youtube.com\/channel\/UC338nW-lPEYmJQs4ZABQ1SQ\"]},{\"@type\":\"Person\",\"@id\":\"https:\/\/www.sonoraenequipo.com.mx\/#\/schema\/person\/50102df0fb23a8fa9e8effad8fa81386\",\"name\":\"enequipo\",\"image\":{\"@type\":\"ImageObject\",\"inLanguage\":\"es\",\"@id\":\"https:\/\/www.sonoraenequipo.com.mx\/#\/schema\/person\/image\/\",\"url\":\"https:\/\/secure.gravatar.com\/avatar\/049821681b589dabc0bc20695993ccebb09f5b5d4d790cd9251b97faac7c652b?s=96&d=blank&r=g\",\"contentUrl\":\"https:\/\/secure.gravatar.com\/avatar\/049821681b589dabc0bc20695993ccebb09f5b5d4d790cd9251b97faac7c652b?s=96&d=blank&r=g\",\"caption\":\"enequipo\"},\"sameAs\":[\"https:\/\/www.facebook.com\/SonoraEE\"]}]}<\/script>\n ","yoast_head_json":{"title":"Sonora en Equipo. Trump confirma aranceles a M\u00e9xico y Canad\u00e1 desde el 4 de marzo. MUNDO","description":"WASHINGTON, ESTADOS UNIDOS. \u2014 El presidente de Estados Unidos, Donald Trump, reafirm\u00f3 que los aranceles del 25 por ciento para M\u00e9xico y Canad\u00e1 entrar\u00e1n en En Sonora en Equipo publicamos toda la informaci\u00f3n de Sonora, M\u00e9xico y el Mundo de manera oportuna y busca que la libertad de expresi\u00f3n sea real. Visita nuestro medio informativo publicado desde Hermosillo, Sonora. %","robots":{"index":"index","follow":"follow","max-snippet":"max-snippet:-1","max-image-preview":"max-image-preview:large","max-video-preview":"max-video-preview:-1"},"canonical":"https:\/\/www.sonoraenequipo.com.mx\/trump-confirma-aranceles-a-mexico-y-canada-desde-el-4-de-marzo\/","og_locale":"es_ES","og_type":"article","og_title":"Sonora en Equipo. Trump confirma aranceles a M\u00e9xico y Canad\u00e1 desde el 4 de marzo. MUNDO","og_description":"WASHINGTON, ESTADOS UNIDOS. \u2014 El presidente de Estados Unidos, Donald Trump, reafirm\u00f3 que los aranceles del 25 por ciento para M\u00e9xico y Canad\u00e1 entrar\u00e1n en En Sonora en Equipo publicamos toda la informaci\u00f3n de Sonora, M\u00e9xico y el Mundo de manera oportuna y busca que la libertad de expresi\u00f3n sea real. Visita nuestro medio informativo publicado desde Hermosillo, Sonora. %","og_url":"https:\/\/www.sonoraenequipo.com.mx\/trump-confirma-aranceles-a-mexico-y-canada-desde-el-4-de-marzo\/","og_site_name":"Sonora en Equipo.","article_publisher":"https:\/\/www.facebook.com\/SonoraEE\/","article_author":"https:\/\/www.facebook.com\/SonoraEE","article_published_time":"2025-02-27T15:54:09+00:00","article_modified_time":"2025-02-27T17:34:44+00:00","og_image":[{"width":992,"height":700,"url":"https:\/\/www.sonoraenequipo.com.mx\/storage\/2025\/02\/Donald-Trump-y-la-tarjeta-Dorada-min-min.jpg","type":"image\/jpeg"}],"author":"enequipo","twitter_card":"summary_large_image","twitter_creator":"@sonoraenequipo","twitter_site":"@sonoraenequipo","twitter_misc":{"Escrito por":"enequipo","Tiempo de lectura":"2 minutos"},"schema":{"@context":"https:\/\/schema.org","@graph":[{"@type":"Article","@id":"https:\/\/www.sonoraenequipo.com.mx\/trump-confirma-aranceles-a-mexico-y-canada-desde-el-4-de-marzo\/#article","isPartOf":{"@id":"https:\/\/www.sonoraenequipo.com.mx\/trump-confirma-aranceles-a-mexico-y-canada-desde-el-4-de-marzo\/"},"author":{"name":"enequipo","@id":"https:\/\/www.sonoraenequipo.com.mx\/#\/schema\/person\/50102df0fb23a8fa9e8effad8fa81386"},"headline":"Trump confirma aranceles a M\u00e9xico y Canad\u00e1 desde el 4 de marzo.","datePublished":"2025-02-27T15:54:09+00:00","dateModified":"2025-02-27T17:34:44+00:00","mainEntityOfPage":{"@id":"https:\/\/www.sonoraenequipo.com.mx\/trump-confirma-aranceles-a-mexico-y-canada-desde-el-4-de-marzo\/"},"wordCount":335,"commentCount":0,"publisher":{"@id":"https:\/\/www.sonoraenequipo.com.mx\/#organization"},"image":{"@id":"https:\/\/www.sonoraenequipo.com.mx\/trump-confirma-aranceles-a-mexico-y-canada-desde-el-4-de-marzo\/#primaryimage"},"thumbnailUrl":"https:\/\/www.sonoraenequipo.com.mx\/storage\/2025\/02\/Donald-Trump-y-la-tarjeta-Dorada-min-min.jpg","articleSection":["MUNDO"],"inLanguage":"es","potentialAction":[{"@type":"CommentAction","name":"Comment","target":["https:\/\/www.sonoraenequipo.com.mx\/trump-confirma-aranceles-a-mexico-y-canada-desde-el-4-de-marzo\/#respond"]}]},{"@type":"WebPage","@id":"https:\/\/www.sonoraenequipo.com.mx\/trump-confirma-aranceles-a-mexico-y-canada-desde-el-4-de-marzo\/","url":"https:\/\/www.sonoraenequipo.com.mx\/trump-confirma-aranceles-a-mexico-y-canada-desde-el-4-de-marzo\/","name":"Sonora en Equipo. Trump confirma aranceles a M\u00e9xico y Canad\u00e1 desde el 4 de marzo. MUNDO","isPartOf":{"@id":"https:\/\/www.sonoraenequipo.com.mx\/#website"},"primaryImageOfPage":{"@id":"https:\/\/www.sonoraenequipo.com.mx\/trump-confirma-aranceles-a-mexico-y-canada-desde-el-4-de-marzo\/#primaryimage"},"image":{"@id":"https:\/\/www.sonoraenequipo.com.mx\/trump-confirma-aranceles-a-mexico-y-canada-desde-el-4-de-marzo\/#primaryimage"},"thumbnailUrl":"https:\/\/www.sonoraenequipo.com.mx\/storage\/2025\/02\/Donald-Trump-y-la-tarjeta-Dorada-min-min.jpg","datePublished":"2025-02-27T15:54:09+00:00","dateModified":"2025-02-27T17:34:44+00:00","description":"WASHINGTON, ESTADOS UNIDOS. \u2014 El presidente de Estados Unidos, Donald Trump, reafirm\u00f3 que los aranceles del 25 por ciento para M\u00e9xico y Canad\u00e1 entrar\u00e1n en En Sonora en Equipo publicamos toda la informaci\u00f3n de Sonora, M\u00e9xico y el Mundo de manera oportuna y busca que la libertad de expresi\u00f3n sea real. Visita nuestro medio informativo publicado desde Hermosillo, Sonora. %","breadcrumb":{"@id":"https:\/\/www.sonoraenequipo.com.mx\/trump-confirma-aranceles-a-mexico-y-canada-desde-el-4-de-marzo\/#breadcrumb"},"inLanguage":"es","potentialAction":[{"@type":"ReadAction","target":["https:\/\/www.sonoraenequipo.com.mx\/trump-confirma-aranceles-a-mexico-y-canada-desde-el-4-de-marzo\/"]}]},{"@type":"ImageObject","inLanguage":"es","@id":"https:\/\/www.sonoraenequipo.com.mx\/trump-confirma-aranceles-a-mexico-y-canada-desde-el-4-de-marzo\/#primaryimage","url":"https:\/\/www.sonoraenequipo.com.mx\/storage\/2025\/02\/Donald-Trump-y-la-tarjeta-Dorada-min-min.jpg","contentUrl":"https:\/\/www.sonoraenequipo.com.mx\/storage\/2025\/02\/Donald-Trump-y-la-tarjeta-Dorada-min-min.jpg","width":992,"height":700},{"@type":"BreadcrumbList","@id":"https:\/\/www.sonoraenequipo.com.mx\/trump-confirma-aranceles-a-mexico-y-canada-desde-el-4-de-marzo\/#breadcrumb","itemListElement":[{"@type":"ListItem","position":1,"name":"Portada","item":"https:\/\/www.sonoraenequipo.com.mx\/"},{"@type":"ListItem","position":2,"name":"Trump confirma aranceles a M\u00e9xico y Canad\u00e1 desde el 4 de marzo."}]},{"@type":"WebSite","@id":"https:\/\/www.sonoraenequipo.com.mx\/#website","url":"https:\/\/www.sonoraenequipo.com.mx\/","name":"Sonora en Equipo.","description":"Diario en l\u00ednea con Noticias desde Hermosillo, Sonora","publisher":{"@id":"https:\/\/www.sonoraenequipo.com.mx\/#organization"},"potentialAction":[{"@type":"SearchAction","target":{"@type":"EntryPoint","urlTemplate":"https:\/\/www.sonoraenequipo.com.mx\/?s={search_term_string}"},"query-input":{"@type":"PropertyValueSpecification","valueRequired":true,"valueName":"search_term_string"}}],"inLanguage":"es"},{"@type":"Organization","@id":"https:\/\/www.sonoraenequipo.com.mx\/#organization","name":"Sonoraenequipo.com.mx","url":"https:\/\/www.sonoraenequipo.com.mx\/","logo":{"@type":"ImageObject","inLanguage":"es","@id":"https:\/\/www.sonoraenequipo.com.mx\/#\/schema\/logo\/image\/","url":"https:\/\/www.sonoraenequipo.com.mx\/storage\/2019\/01\/sonoraenequipo_opt.png","contentUrl":"https:\/\/www.sonoraenequipo.com.mx\/storage\/2019\/01\/sonoraenequipo_opt.png","width":375,"height":125,"caption":"Sonoraenequipo.com.mx"},"image":{"@id":"https:\/\/www.sonoraenequipo.com.mx\/#\/schema\/logo\/image\/"},"sameAs":["https:\/\/www.facebook.com\/SonoraEE\/","https:\/\/x.com\/sonoraenequipo","https:\/\/www.youtube.com\/channel\/UC338nW-lPEYmJQs4ZABQ1SQ"]},{"@type":"Person","@id":"https:\/\/www.sonoraenequipo.com.mx\/#\/schema\/person\/50102df0fb23a8fa9e8effad8fa81386","name":"enequipo","image":{"@type":"ImageObject","inLanguage":"es","@id":"https:\/\/www.sonoraenequipo.com.mx\/#\/schema\/person\/image\/","url":"https:\/\/secure.gravatar.com\/avatar\/049821681b589dabc0bc20695993ccebb09f5b5d4d790cd9251b97faac7c652b?s=96&d=blank&r=g","contentUrl":"https:\/\/secure.gravatar.com\/avatar\/049821681b589dabc0bc20695993ccebb09f5b5d4d790cd9251b97faac7c652b?s=96&d=blank&r=g","caption":"enequipo"},"sameAs":["https:\/\/www.facebook.com\/SonoraEE"]}]}},"jetpack_featured_media_url":"https:\/\/www.sonoraenequipo.com.mx\/storage\/2025\/02\/Donald-Trump-y-la-tarjeta-Dorada-min-min.jpg","_links":{"self":[{"href":"https:\/\/www.sonoraenequipo.com.mx\/api\/wp\/v2\/posts\/210445","targetHints":{"allow":["GET"]}}],"collection":[{"href":"https:\/\/www.sonoraenequipo.com.mx\/api\/wp\/v2\/posts"}],"about":[{"href":"https:\/\/www.sonoraenequipo.com.mx\/api\/wp\/v2\/types\/post"}],"author":[{"embeddable":true,"href":"https:\/\/www.sonoraenequipo.com.mx\/api\/wp\/v2\/users\/1"}],"replies":[{"embeddable":true,"href":"https:\/\/www.sonoraenequipo.com.mx\/api\/wp\/v2\/comments?post=210445"}],"version-history":[{"count":1,"href":"https:\/\/www.sonoraenequipo.com.mx\/api\/wp\/v2\/posts\/210445\/revisions"}],"predecessor-version":[{"id":210447,"href":"https:\/\/www.sonoraenequipo.com.mx\/api\/wp\/v2\/posts\/210445\/revisions\/210447"}],"wp:featuredmedia":[{"embeddable":true,"href":"https:\/\/www.sonoraenequipo.com.mx\/api\/wp\/v2\/media\/210446"}],"wp:attachment":[{"href":"https:\/\/www.sonoraenequipo.com.mx\/api\/wp\/v2\/media?parent=210445"}],"wp:term":[{"taxonomy":"category","embeddable":true,"href":"https:\/\/www.sonoraenequipo.com.mx\/api\/wp\/v2\/categories?post=210445"},{"taxonomy":"post_tag","embeddable":true,"href":"https:\/\/www.sonoraenequipo.com.mx\/api\/wp\/v2\/tags?post=210445"}],"curies":[{"name":"wp","href":"https:\/\/api.w.org\/{rel}","templated":true}]}}