{"id":210449,"date":"2025-02-27T09:00:56","date_gmt":"2025-02-27T16:00:56","guid":{"rendered":"https:\/\/www.sonoraenequipo.com.mx\/?p=210449"},"modified":"2025-02-27T11:44:10","modified_gmt":"2025-02-27T18:44:10","slug":"universidad-de-sonora-publicara-candidatos-que-cumplieron-con-la-documentacion-para-aspirar-la-rectoria","status":"publish","type":"post","link":"https:\/\/www.sonoraenequipo.com.mx\/universidad-de-sonora-publicara-candidatos-que-cumplieron-con-la-documentacion-para-aspirar-la-rectoria\/","title":{"rendered":"Universidad de Sonora publicar\u00e1 candidatos que cumplieron con la documentaci\u00f3n para aspirar la rector\u00eda."},"content":{"rendered":"<p>HERMOSILLO, SONORA. MX. \u2014 Hoy 27 de febrero se publicar\u00e1 la lista de los que ser\u00e1n las candidatas y candidatos a la rector\u00eda de la Universidad de Sonora por parte de la Comisi\u00f3n Electoral.<\/p>\n<p>&nbsp;<\/p>\n<p>&nbsp;<\/p>\n<p> <\/p>\n<p>La rectora de la Universidad de Sonora, Rita Plancarte, se\u00f1al\u00f3 que en la lista se publicar\u00e1n los aspirantes que cumplieron con la documentaci\u00f3n de registro y a partir del 28 de febrero iniciar\u00e1n las campa\u00f1as ante la comunidad universitaria en todos sus campus.<\/p>\n<p>&nbsp;<\/p>\n<p>&nbsp;<\/p>\n<p>Cada uno de los aspirantes debi\u00f3 presentar su carta de intenci\u00f3n, as\u00ed como acreditar contar con posgrado, tener una antig\u00fcedad de por lo menos cinco a\u00f1os de investigaci\u00f3n y docencia en la universidad, ser trabajador activo, ser reconocido por su trayectoria y aportaci\u00f3n.<\/p>\n<p>&nbsp;<\/p>\n<p>&nbsp;<\/p>\n<p><em><strong>\u00abLa ley estipula que ahora sean 5 a\u00f1os, entonces para llevar a cabo esta tarea, la propia ley a trav\u00e9s del colegiado de asuntos electorales nombra una comisi\u00f3n electoral\u00bb.<\/strong><\/em><\/p>\n<p>&nbsp;<\/p>\n<p>&nbsp;<\/p>\n<p>En total se registraron como aspirantes a la titularidad de la rector\u00eda 6 personas, es decir 3 hombres y tres mujeres.<\/p>\n<p>&nbsp;<\/p>\n<p>Los registrados son:<\/p>\n<p>&nbsp;<\/p>\n<h3><strong>-Cuauht\u00e9moc Gonzalez<\/strong><\/h3>\n<h3><strong>&#8211; Judith Tanori<\/strong><\/h3>\n<h3><strong>-Aar\u00f3n Grajeda<\/strong><\/h3>\n<h3><strong>-Dena Camarena<\/strong><\/h3>\n<h3><strong>&#8211; Ezequiel Rodr\u00edguez<\/strong><\/h3>\n<h3><strong>-Mar\u00eda Elena Robles.<\/strong><\/h3>\n<p>&nbsp;<\/p>\n<p>&nbsp;<\/p>\n<p>Una vez publicada la lista de los aspirantes que ser\u00e1n candidatos, las campa\u00f1as iniciair\u00e1n el 28 de febrero al 24 de marzo, para continuar con consulta con la comunidad universitaria el 26 de marzo, publicaci\u00f3n de la terna 28 de marzo y el nombramiento del nuevo titular de rector\u00eda el 08 de abril.<\/p>\n<p>&nbsp;<\/p>\n<p>&nbsp;<\/p>\n<p>En las campa\u00f1as quedan prohibidos los eventos art\u00edsticos y culturales dentro o fuera de la universidad, la entrega de obsequios o souvenirs y la propaganda impresa en papeles, lonas u otros, la promoci\u00f3n en redes sociales est\u00e1 permitida, pero no as\u00ed la publicidad pagada.<\/p>\n<p>&nbsp;<\/p>\n<p>&nbsp;<\/p>\n<p>&nbsp;<\/p>\n<p>La consulta a la comunidad universitaria tendr\u00e1 lugar el d\u00eda 26 de marzo, ser\u00e1 un proceso de elecci\u00f3n electr\u00f3nico.<\/p>\n<p>&nbsp;<\/p>\n<p>PUBLICADO EL 27 FEBRERO 2025 Con informaci\u00f3n de unison)<\/p>\n","protected":false},"excerpt":{"rendered":"<p>HERMOSILLO, SONORA. MX. \u2014 Hoy 27 de febrero se publicar\u00e1 la lista de los que&#8230;<\/p>\n","protected":false},"author":1,"featured_media":210450,"comment_status":"open","ping_status":"open","sticky":false,"template":"","format":"standard","meta":{"_monsterinsights_skip_tracking":false,"_monsterinsights_sitenote_active":false,"_monsterinsights_sitenote_note":"","_monsterinsights_sitenote_category":0,"footnotes":""},"categories":[22],"tags":[],"class_list":["post"],"yoast_head":" \n<title>Sonora en Equipo. Universidad de Sonora publicar\u00e1 candidatos que cumplieron con la documentaci\u00f3n para aspirar la rector\u00eda. Sonora<\/title>\n<meta name=\"description\" content=\"HERMOSILLO, SONORA. MX. \u2014 Hoy 27 de febrero se publicar\u00e1 la lista de los que ser\u00e1n las candidatas y candidatos a la rector\u00eda de la Universidad de Sonora En Sonora en Equipo publicamos toda la informaci\u00f3n de Sonora, M\u00e9xico y el Mundo de manera oportuna y busca que la libertad de expresi\u00f3n sea real. Visita nuestro medio informativo publicado desde Hermosillo, Sonora. %\" \/>\n<meta name=\"robots\" content=\"index, follow, max-snippet:-1, max-image-preview:large, max-video-preview:-1\" \/>\n<link rel=\"canonical\" href=\"https:\/\/www.sonoraenequipo.com.mx\/universidad-de-sonora-publicara-candidatos-que-cumplieron-con-la-documentacion-para-aspirar-la-rectoria\/\" \/>\n<meta property=\"og:locale\" content=\"es_ES\" \/>\n<meta property=\"og:type\" content=\"article\" \/>\n<meta property=\"og:title\" content=\"Sonora en Equipo. Universidad de Sonora publicar\u00e1 candidatos que cumplieron con la documentaci\u00f3n para aspirar la rector\u00eda. Sonora\" \/>\n<meta property=\"og:description\" content=\"HERMOSILLO, SONORA. MX. \u2014 Hoy 27 de febrero se publicar\u00e1 la lista de los que ser\u00e1n las candidatas y candidatos a la rector\u00eda de la Universidad de Sonora En Sonora en Equipo publicamos toda la informaci\u00f3n de Sonora, M\u00e9xico y el Mundo de manera oportuna y busca que la libertad de expresi\u00f3n sea real. Visita nuestro medio informativo publicado desde Hermosillo, Sonora. %\" \/>\n<meta property=\"og:url\" content=\"https:\/\/www.sonoraenequipo.com.mx\/universidad-de-sonora-publicara-candidatos-que-cumplieron-con-la-documentacion-para-aspirar-la-rectoria\/\" \/>\n<meta property=\"og:site_name\" content=\"Sonora en Equipo.\" \/>\n<meta property=\"article:publisher\" content=\"https:\/\/www.facebook.com\/SonoraEE\/\" \/>\n<meta property=\"article:author\" content=\"https:\/\/www.facebook.com\/SonoraEE\" \/>\n<meta property=\"article:published_time\" content=\"2025-02-27T16:00:56+00:00\" \/>\n<meta property=\"article:modified_time\" content=\"2025-02-27T18:44:10+00:00\" \/>\n<meta property=\"og:image\" content=\"https:\/\/www.sonoraenequipo.com.mx\/storage\/2025\/02\/Rectori\u0301a-unison-min.jpg\" \/>\n\t<meta property=\"og:image:width\" content=\"900\" \/>\n\t<meta property=\"og:image:height\" content=\"506\" \/>\n\t<meta property=\"og:image:type\" content=\"image\/jpeg\" \/>\n<meta name=\"author\" content=\"enequipo\" \/>\n<meta name=\"twitter:card\" content=\"summary_large_image\" \/>\n<meta name=\"twitter:creator\" content=\"@sonoraenequipo\" \/>\n<meta name=\"twitter:site\" content=\"@sonoraenequipo\" \/>\n<meta name=\"twitter:label1\" content=\"Escrito por\" \/>\n\t<meta name=\"twitter:data1\" content=\"enequipo\" \/>\n\t<meta name=\"twitter:label2\" content=\"Tiempo de lectura\" \/>\n\t<meta name=\"twitter:data2\" content=\"2 minutos\" \/>\n<script type=\"application\/ld+json\" class=\"yoast-schema-graph\">{\"@context\":\"https:\/\/schema.org\",\"@graph\":[{\"@type\":\"Article\",\"@id\":\"https:\/\/www.sonoraenequipo.com.mx\/universidad-de-sonora-publicara-candidatos-que-cumplieron-con-la-documentacion-para-aspirar-la-rectoria\/#article\",\"isPartOf\":{\"@id\":\"https:\/\/www.sonoraenequipo.com.mx\/universidad-de-sonora-publicara-candidatos-que-cumplieron-con-la-documentacion-para-aspirar-la-rectoria\/\"},\"author\":{\"name\":\"enequipo\",\"@id\":\"https:\/\/www.sonoraenequipo.com.mx\/#\/schema\/person\/50102df0fb23a8fa9e8effad8fa81386\"},\"headline\":\"Universidad de Sonora publicar\u00e1 candidatos que cumplieron con la documentaci\u00f3n para aspirar la rector\u00eda.\",\"datePublished\":\"2025-02-27T16:00:56+00:00\",\"dateModified\":\"2025-02-27T18:44:10+00:00\",\"mainEntityOfPage\":{\"@id\":\"https:\/\/www.sonoraenequipo.com.mx\/universidad-de-sonora-publicara-candidatos-que-cumplieron-con-la-documentacion-para-aspirar-la-rectoria\/\"},\"wordCount\":366,\"commentCount\":0,\"publisher\":{\"@id\":\"https:\/\/www.sonoraenequipo.com.mx\/#organization\"},\"image\":{\"@id\":\"https:\/\/www.sonoraenequipo.com.mx\/universidad-de-sonora-publicara-candidatos-que-cumplieron-con-la-documentacion-para-aspirar-la-rectoria\/#primaryimage\"},\"thumbnailUrl\":\"https:\/\/www.sonoraenequipo.com.mx\/storage\/2025\/02\/Rectori\u0301a-unison-min.jpg\",\"articleSection\":[\"Sonora\"],\"inLanguage\":\"es\",\"potentialAction\":[{\"@type\":\"CommentAction\",\"name\":\"Comment\",\"target\":[\"https:\/\/www.sonoraenequipo.com.mx\/universidad-de-sonora-publicara-candidatos-que-cumplieron-con-la-documentacion-para-aspirar-la-rectoria\/#respond\"]}]},{\"@type\":\"WebPage\",\"@id\":\"https:\/\/www.sonoraenequipo.com.mx\/universidad-de-sonora-publicara-candidatos-que-cumplieron-con-la-documentacion-para-aspirar-la-rectoria\/\",\"url\":\"https:\/\/www.sonoraenequipo.com.mx\/universidad-de-sonora-publicara-candidatos-que-cumplieron-con-la-documentacion-para-aspirar-la-rectoria\/\",\"name\":\"Sonora en Equipo. Universidad de Sonora publicar\u00e1 candidatos que cumplieron con la documentaci\u00f3n para aspirar la rector\u00eda. Sonora\",\"isPartOf\":{\"@id\":\"https:\/\/www.sonoraenequipo.com.mx\/#website\"},\"primaryImageOfPage\":{\"@id\":\"https:\/\/www.sonoraenequipo.com.mx\/universidad-de-sonora-publicara-candidatos-que-cumplieron-con-la-documentacion-para-aspirar-la-rectoria\/#primaryimage\"},\"image\":{\"@id\":\"https:\/\/www.sonoraenequipo.com.mx\/universidad-de-sonora-publicara-candidatos-que-cumplieron-con-la-documentacion-para-aspirar-la-rectoria\/#primaryimage\"},\"thumbnailUrl\":\"https:\/\/www.sonoraenequipo.com.mx\/storage\/2025\/02\/Rectori\u0301a-unison-min.jpg\",\"datePublished\":\"2025-02-27T16:00:56+00:00\",\"dateModified\":\"2025-02-27T18:44:10+00:00\",\"description\":\"HERMOSILLO, SONORA. MX. \u2014 Hoy 27 de febrero se publicar\u00e1 la lista de los que ser\u00e1n las candidatas y candidatos a la rector\u00eda de la Universidad de Sonora En Sonora en Equipo publicamos toda la informaci\u00f3n de Sonora, M\u00e9xico y el Mundo de manera oportuna y busca que la libertad de expresi\u00f3n sea real. Visita nuestro medio informativo publicado desde Hermosillo, Sonora. %\",\"breadcrumb\":{\"@id\":\"https:\/\/www.sonoraenequipo.com.mx\/universidad-de-sonora-publicara-candidatos-que-cumplieron-con-la-documentacion-para-aspirar-la-rectoria\/#breadcrumb\"},\"inLanguage\":\"es\",\"potentialAction\":[{\"@type\":\"ReadAction\",\"target\":[\"https:\/\/www.sonoraenequipo.com.mx\/universidad-de-sonora-publicara-candidatos-que-cumplieron-con-la-documentacion-para-aspirar-la-rectoria\/\"]}]},{\"@type\":\"ImageObject\",\"inLanguage\":\"es\",\"@id\":\"https:\/\/www.sonoraenequipo.com.mx\/universidad-de-sonora-publicara-candidatos-que-cumplieron-con-la-documentacion-para-aspirar-la-rectoria\/#primaryimage\",\"url\":\"https:\/\/www.sonoraenequipo.com.mx\/storage\/2025\/02\/Rectori\u0301a-unison-min.jpg\",\"contentUrl\":\"https:\/\/www.sonoraenequipo.com.mx\/storage\/2025\/02\/Rectori\u0301a-unison-min.jpg\",\"width\":900,\"height\":506},{\"@type\":\"BreadcrumbList\",\"@id\":\"https:\/\/www.sonoraenequipo.com.mx\/universidad-de-sonora-publicara-candidatos-que-cumplieron-con-la-documentacion-para-aspirar-la-rectoria\/#breadcrumb\",\"itemListElement\":[{\"@type\":\"ListItem\",\"position\":1,\"name\":\"Portada\",\"item\":\"https:\/\/www.sonoraenequipo.com.mx\/\"},{\"@type\":\"ListItem\",\"position\":2,\"name\":\"Universidad de Sonora publicar\u00e1 candidatos que cumplieron con la documentaci\u00f3n para aspirar la rector\u00eda.\"}]},{\"@type\":\"WebSite\",\"@id\":\"https:\/\/www.sonoraenequipo.com.mx\/#website\",\"url\":\"https:\/\/www.sonoraenequipo.com.mx\/\",\"name\":\"Sonora en Equipo.\",\"description\":\"Diario en l\u00ednea con Noticias desde Hermosillo, Sonora\",\"publisher\":{\"@id\":\"https:\/\/www.sonoraenequipo.com.mx\/#organization\"},\"potentialAction\":[{\"@type\":\"SearchAction\",\"target\":{\"@type\":\"EntryPoint\",\"urlTemplate\":\"https:\/\/www.sonoraenequipo.com.mx\/?s={search_term_string}\"},\"query-input\":{\"@type\":\"PropertyValueSpecification\",\"valueRequired\":true,\"valueName\":\"search_term_string\"}}],\"inLanguage\":\"es\"},{\"@type\":\"Organization\",\"@id\":\"https:\/\/www.sonoraenequipo.com.mx\/#organization\",\"name\":\"Sonoraenequipo.com.mx\",\"url\":\"https:\/\/www.sonoraenequipo.com.mx\/\",\"logo\":{\"@type\":\"ImageObject\",\"inLanguage\":\"es\",\"@id\":\"https:\/\/www.sonoraenequipo.com.mx\/#\/schema\/logo\/image\/\",\"url\":\"https:\/\/www.sonoraenequipo.com.mx\/storage\/2019\/01\/sonoraenequipo_opt.png\",\"contentUrl\":\"https:\/\/www.sonoraenequipo.com.mx\/storage\/2019\/01\/sonoraenequipo_opt.png\",\"width\":375,\"height\":125,\"caption\":\"Sonoraenequipo.com.mx\"},\"image\":{\"@id\":\"https:\/\/www.sonoraenequipo.com.mx\/#\/schema\/logo\/image\/\"},\"sameAs\":[\"https:\/\/www.facebook.com\/SonoraEE\/\",\"https:\/\/x.com\/sonoraenequipo\",\"https:\/\/www.youtube.com\/channel\/UC338nW-lPEYmJQs4ZABQ1SQ\"]},{\"@type\":\"Person\",\"@id\":\"https:\/\/www.sonoraenequipo.com.mx\/#\/schema\/person\/50102df0fb23a8fa9e8effad8fa81386\",\"name\":\"enequipo\",\"image\":{\"@type\":\"ImageObject\",\"inLanguage\":\"es\",\"@id\":\"https:\/\/www.sonoraenequipo.com.mx\/#\/schema\/person\/image\/\",\"url\":\"https:\/\/secure.gravatar.com\/avatar\/049821681b589dabc0bc20695993ccebb09f5b5d4d790cd9251b97faac7c652b?s=96&d=blank&r=g\",\"contentUrl\":\"https:\/\/secure.gravatar.com\/avatar\/049821681b589dabc0bc20695993ccebb09f5b5d4d790cd9251b97faac7c652b?s=96&d=blank&r=g\",\"caption\":\"enequipo\"},\"sameAs\":[\"https:\/\/www.facebook.com\/SonoraEE\"]}]}<\/script>\n ","yoast_head_json":{"title":"Sonora en Equipo. Universidad de Sonora publicar\u00e1 candidatos que cumplieron con la documentaci\u00f3n para aspirar la rector\u00eda. Sonora","description":"HERMOSILLO, SONORA. MX. \u2014 Hoy 27 de febrero se publicar\u00e1 la lista de los que ser\u00e1n las candidatas y candidatos a la rector\u00eda de la Universidad de Sonora En Sonora en Equipo publicamos toda la informaci\u00f3n de Sonora, M\u00e9xico y el Mundo de manera oportuna y busca que la libertad de expresi\u00f3n sea real. Visita nuestro medio informativo publicado desde Hermosillo, Sonora. %","robots":{"index":"index","follow":"follow","max-snippet":"max-snippet:-1","max-image-preview":"max-image-preview:large","max-video-preview":"max-video-preview:-1"},"canonical":"https:\/\/www.sonoraenequipo.com.mx\/universidad-de-sonora-publicara-candidatos-que-cumplieron-con-la-documentacion-para-aspirar-la-rectoria\/","og_locale":"es_ES","og_type":"article","og_title":"Sonora en Equipo. Universidad de Sonora publicar\u00e1 candidatos que cumplieron con la documentaci\u00f3n para aspirar la rector\u00eda. Sonora","og_description":"HERMOSILLO, SONORA. MX. \u2014 Hoy 27 de febrero se publicar\u00e1 la lista de los que ser\u00e1n las candidatas y candidatos a la rector\u00eda de la Universidad de Sonora En Sonora en Equipo publicamos toda la informaci\u00f3n de Sonora, M\u00e9xico y el Mundo de manera oportuna y busca que la libertad de expresi\u00f3n sea real. Visita nuestro medio informativo publicado desde Hermosillo, Sonora. %","og_url":"https:\/\/www.sonoraenequipo.com.mx\/universidad-de-sonora-publicara-candidatos-que-cumplieron-con-la-documentacion-para-aspirar-la-rectoria\/","og_site_name":"Sonora en Equipo.","article_publisher":"https:\/\/www.facebook.com\/SonoraEE\/","article_author":"https:\/\/www.facebook.com\/SonoraEE","article_published_time":"2025-02-27T16:00:56+00:00","article_modified_time":"2025-02-27T18:44:10+00:00","og_image":[{"width":900,"height":506,"url":"https:\/\/www.sonoraenequipo.com.mx\/storage\/2025\/02\/Rectori\u0301a-unison-min.jpg","type":"image\/jpeg"}],"author":"enequipo","twitter_card":"summary_large_image","twitter_creator":"@sonoraenequipo","twitter_site":"@sonoraenequipo","twitter_misc":{"Escrito por":"enequipo","Tiempo de lectura":"2 minutos"},"schema":{"@context":"https:\/\/schema.org","@graph":[{"@type":"Article","@id":"https:\/\/www.sonoraenequipo.com.mx\/universidad-de-sonora-publicara-candidatos-que-cumplieron-con-la-documentacion-para-aspirar-la-rectoria\/#article","isPartOf":{"@id":"https:\/\/www.sonoraenequipo.com.mx\/universidad-de-sonora-publicara-candidatos-que-cumplieron-con-la-documentacion-para-aspirar-la-rectoria\/"},"author":{"name":"enequipo","@id":"https:\/\/www.sonoraenequipo.com.mx\/#\/schema\/person\/50102df0fb23a8fa9e8effad8fa81386"},"headline":"Universidad de Sonora publicar\u00e1 candidatos que cumplieron con la documentaci\u00f3n para aspirar la rector\u00eda.","datePublished":"2025-02-27T16:00:56+00:00","dateModified":"2025-02-27T18:44:10+00:00","mainEntityOfPage":{"@id":"https:\/\/www.sonoraenequipo.com.mx\/universidad-de-sonora-publicara-candidatos-que-cumplieron-con-la-documentacion-para-aspirar-la-rectoria\/"},"wordCount":366,"commentCount":0,"publisher":{"@id":"https:\/\/www.sonoraenequipo.com.mx\/#organization"},"image":{"@id":"https:\/\/www.sonoraenequipo.com.mx\/universidad-de-sonora-publicara-candidatos-que-cumplieron-con-la-documentacion-para-aspirar-la-rectoria\/#primaryimage"},"thumbnailUrl":"https:\/\/www.sonoraenequipo.com.mx\/storage\/2025\/02\/Rectori\u0301a-unison-min.jpg","articleSection":["Sonora"],"inLanguage":"es","potentialAction":[{"@type":"CommentAction","name":"Comment","target":["https:\/\/www.sonoraenequipo.com.mx\/universidad-de-sonora-publicara-candidatos-que-cumplieron-con-la-documentacion-para-aspirar-la-rectoria\/#respond"]}]},{"@type":"WebPage","@id":"https:\/\/www.sonoraenequipo.com.mx\/universidad-de-sonora-publicara-candidatos-que-cumplieron-con-la-documentacion-para-aspirar-la-rectoria\/","url":"https:\/\/www.sonoraenequipo.com.mx\/universidad-de-sonora-publicara-candidatos-que-cumplieron-con-la-documentacion-para-aspirar-la-rectoria\/","name":"Sonora en Equipo. Universidad de Sonora publicar\u00e1 candidatos que cumplieron con la documentaci\u00f3n para aspirar la rector\u00eda. Sonora","isPartOf":{"@id":"https:\/\/www.sonoraenequipo.com.mx\/#website"},"primaryImageOfPage":{"@id":"https:\/\/www.sonoraenequipo.com.mx\/universidad-de-sonora-publicara-candidatos-que-cumplieron-con-la-documentacion-para-aspirar-la-rectoria\/#primaryimage"},"image":{"@id":"https:\/\/www.sonoraenequipo.com.mx\/universidad-de-sonora-publicara-candidatos-que-cumplieron-con-la-documentacion-para-aspirar-la-rectoria\/#primaryimage"},"thumbnailUrl":"https:\/\/www.sonoraenequipo.com.mx\/storage\/2025\/02\/Rectori\u0301a-unison-min.jpg","datePublished":"2025-02-27T16:00:56+00:00","dateModified":"2025-02-27T18:44:10+00:00","description":"HERMOSILLO, SONORA. MX. \u2014 Hoy 27 de febrero se publicar\u00e1 la lista de los que ser\u00e1n las candidatas y candidatos a la rector\u00eda de la Universidad de Sonora En Sonora en Equipo publicamos toda la informaci\u00f3n de Sonora, M\u00e9xico y el Mundo de manera oportuna y busca que la libertad de expresi\u00f3n sea real. Visita nuestro medio informativo publicado desde Hermosillo, Sonora. %","breadcrumb":{"@id":"https:\/\/www.sonoraenequipo.com.mx\/universidad-de-sonora-publicara-candidatos-que-cumplieron-con-la-documentacion-para-aspirar-la-rectoria\/#breadcrumb"},"inLanguage":"es","potentialAction":[{"@type":"ReadAction","target":["https:\/\/www.sonoraenequipo.com.mx\/universidad-de-sonora-publicara-candidatos-que-cumplieron-con-la-documentacion-para-aspirar-la-rectoria\/"]}]},{"@type":"ImageObject","inLanguage":"es","@id":"https:\/\/www.sonoraenequipo.com.mx\/universidad-de-sonora-publicara-candidatos-que-cumplieron-con-la-documentacion-para-aspirar-la-rectoria\/#primaryimage","url":"https:\/\/www.sonoraenequipo.com.mx\/storage\/2025\/02\/Rectori\u0301a-unison-min.jpg","contentUrl":"https:\/\/www.sonoraenequipo.com.mx\/storage\/2025\/02\/Rectori\u0301a-unison-min.jpg","width":900,"height":506},{"@type":"BreadcrumbList","@id":"https:\/\/www.sonoraenequipo.com.mx\/universidad-de-sonora-publicara-candidatos-que-cumplieron-con-la-documentacion-para-aspirar-la-rectoria\/#breadcrumb","itemListElement":[{"@type":"ListItem","position":1,"name":"Portada","item":"https:\/\/www.sonoraenequipo.com.mx\/"},{"@type":"ListItem","position":2,"name":"Universidad de Sonora publicar\u00e1 candidatos que cumplieron con la documentaci\u00f3n para aspirar la rector\u00eda."}]},{"@type":"WebSite","@id":"https:\/\/www.sonoraenequipo.com.mx\/#website","url":"https:\/\/www.sonoraenequipo.com.mx\/","name":"Sonora en Equipo.","description":"Diario en l\u00ednea con Noticias desde Hermosillo, Sonora","publisher":{"@id":"https:\/\/www.sonoraenequipo.com.mx\/#organization"},"potentialAction":[{"@type":"SearchAction","target":{"@type":"EntryPoint","urlTemplate":"https:\/\/www.sonoraenequipo.com.mx\/?s={search_term_string}"},"query-input":{"@type":"PropertyValueSpecification","valueRequired":true,"valueName":"search_term_string"}}],"inLanguage":"es"},{"@type":"Organization","@id":"https:\/\/www.sonoraenequipo.com.mx\/#organization","name":"Sonoraenequipo.com.mx","url":"https:\/\/www.sonoraenequipo.com.mx\/","logo":{"@type":"ImageObject","inLanguage":"es","@id":"https:\/\/www.sonoraenequipo.com.mx\/#\/schema\/logo\/image\/","url":"https:\/\/www.sonoraenequipo.com.mx\/storage\/2019\/01\/sonoraenequipo_opt.png","contentUrl":"https:\/\/www.sonoraenequipo.com.mx\/storage\/2019\/01\/sonoraenequipo_opt.png","width":375,"height":125,"caption":"Sonoraenequipo.com.mx"},"image":{"@id":"https:\/\/www.sonoraenequipo.com.mx\/#\/schema\/logo\/image\/"},"sameAs":["https:\/\/www.facebook.com\/SonoraEE\/","https:\/\/x.com\/sonoraenequipo","https:\/\/www.youtube.com\/channel\/UC338nW-lPEYmJQs4ZABQ1SQ"]},{"@type":"Person","@id":"https:\/\/www.sonoraenequipo.com.mx\/#\/schema\/person\/50102df0fb23a8fa9e8effad8fa81386","name":"enequipo","image":{"@type":"ImageObject","inLanguage":"es","@id":"https:\/\/www.sonoraenequipo.com.mx\/#\/schema\/person\/image\/","url":"https:\/\/secure.gravatar.com\/avatar\/049821681b589dabc0bc20695993ccebb09f5b5d4d790cd9251b97faac7c652b?s=96&d=blank&r=g","contentUrl":"https:\/\/secure.gravatar.com\/avatar\/049821681b589dabc0bc20695993ccebb09f5b5d4d790cd9251b97faac7c652b?s=96&d=blank&r=g","caption":"enequipo"},"sameAs":["https:\/\/www.facebook.com\/SonoraEE"]}]}},"jetpack_featured_media_url":"https:\/\/www.sonoraenequipo.com.mx\/storage\/2025\/02\/Rectori\u0301a-unison-min.jpg","_links":{"self":[{"href":"https:\/\/www.sonoraenequipo.com.mx\/api\/wp\/v2\/posts\/210449","targetHints":{"allow":["GET"]}}],"collection":[{"href":"https:\/\/www.sonoraenequipo.com.mx\/api\/wp\/v2\/posts"}],"about":[{"href":"https:\/\/www.sonoraenequipo.com.mx\/api\/wp\/v2\/types\/post"}],"author":[{"embeddable":true,"href":"https:\/\/www.sonoraenequipo.com.mx\/api\/wp\/v2\/users\/1"}],"replies":[{"embeddable":true,"href":"https:\/\/www.sonoraenequipo.com.mx\/api\/wp\/v2\/comments?post=210449"}],"version-history":[{"count":2,"href":"https:\/\/www.sonoraenequipo.com.mx\/api\/wp\/v2\/posts\/210449\/revisions"}],"predecessor-version":[{"id":210453,"href":"https:\/\/www.sonoraenequipo.com.mx\/api\/wp\/v2\/posts\/210449\/revisions\/210453"}],"wp:featuredmedia":[{"embeddable":true,"href":"https:\/\/www.sonoraenequipo.com.mx\/api\/wp\/v2\/media\/210450"}],"wp:attachment":[{"href":"https:\/\/www.sonoraenequipo.com.mx\/api\/wp\/v2\/media?parent=210449"}],"wp:term":[{"taxonomy":"category","embeddable":true,"href":"https:\/\/www.sonoraenequipo.com.mx\/api\/wp\/v2\/categories?post=210449"},{"taxonomy":"post_tag","embeddable":true,"href":"https:\/\/www.sonoraenequipo.com.mx\/api\/wp\/v2\/tags?post=210449"}],"curies":[{"name":"wp","href":"https:\/\/api.w.org\/{rel}","templated":true}]}}