{"id":210502,"date":"2025-02-28T12:30:04","date_gmt":"2025-02-28T19:30:04","guid":{"rendered":"https:\/\/www.sonoraenequipo.com.mx\/?p=210502"},"modified":"2025-02-28T12:30:04","modified_gmt":"2025-02-28T19:30:04","slug":"durazo-y-sheinbaum-reafirman-compromiso-con-el-programa-nacional-de-vivienda-en-sonora","status":"publish","type":"post","link":"https:\/\/www.sonoraenequipo.com.mx\/durazo-y-sheinbaum-reafirman-compromiso-con-el-programa-nacional-de-vivienda-en-sonora\/","title":{"rendered":"Durazo y Sheinbaum reafirman compromiso con el Programa Nacional de Vivienda en Sonora"},"content":{"rendered":"<p><strong>HERMOSILLO, SONORA, MX.<\/strong> \u2014 Para dar seguimiento a los acuerdos del Programa Nacional de Vivienda para el Bienestar, que inici\u00f3 el pasado domingo 23 de febrero en Cajeme, Sonora, el gobernador Alfonso Durazo Monta\u00f1o y la presidenta Claudia Sheinbaum Pardo realizaron un enlace virtual durante la conferencia matutina en Palacio Nacional.<\/p>\n<p>&nbsp;<\/p>\n<p>&nbsp;<\/p>\n<p>&nbsp;<\/p>\n<p>Ambos mandatarios reafirmaron su compromiso con la construcci\u00f3n de 33 mil 800 viviendas en el estado, con el objetivo de facilitar el acceso a un patrimonio seguro para las familias de menores ingresos, j\u00f3venes y mujeres trabajadoras.<\/p>\n<p>&nbsp;<\/p>\n<p>&nbsp;<\/p>\n<p>&nbsp;<\/p>\n<p>El gobernador Durazo destac\u00f3 que, en los primeros seis meses, se construir\u00e1n cuatro mil 587 viviendas en Sonora, comenzando con 328 en Cajeme. Adem\u00e1s, record\u00f3 que el plan contempla la entrega de 30 mil escrituras y la generaci\u00f3n de m\u00e1s de 380 mil empleos directos e indirectos, impulsando as\u00ed la econom\u00eda regional.<\/p>\n<p>&nbsp;<\/p>\n<p>&nbsp;<\/p>\n<p>&nbsp;<\/p>\n<p>\u201cEste programa de vivienda no solo es hist\u00f3rico, sino que lo veo, dir\u00edan en palabras de mi pueblo, como el horc\u00f3n del centro de la pol\u00edtica social de la Cuarta Transformaci\u00f3n. Celebro, presidenta, su visi\u00f3n y su compromiso social, y quiero decirle que, no obstante que aqu\u00ed en Sonora la meta es muy ambiciosa, estamos listos para cumplirla. Gracias por su respaldo\u201d, expres\u00f3.<\/p>\n<p>&nbsp;<\/p>\n<p>&nbsp;<\/p>\n<p>&nbsp;<\/p>\n<p>Durante el enlace, la presidenta Sheinbaum reiter\u00f3 su apoyo a los programas sociales y proyectos en Sonora que forman parte de la agenda prioritaria del Gobierno de M\u00e9xico para el desarrollo y la prosperidad de las familias sonorenses.<\/p>\n<p>&nbsp;<\/p>\n<p>&nbsp;<\/p>\n<p>&nbsp;<\/p>\n<p>\u201cGracias, Alfonso Durazo, por todo tu trabajo. Muchas gracias y felicidades por todo tu esfuerzo, Alfonso, siempre\u201d, resalt\u00f3 la presidenta Claudia Sheinbaum Pardo.<\/p>\n<p>&nbsp;<\/p>\n<p><strong>Fecha de publicaci\u00f3n viernes 28 \u00a0de febrero de 2025 \/<\/strong><\/p>\n","protected":false},"excerpt":{"rendered":"<p>HERMOSILLO, SONORA, MX. \u2014 Para dar seguimiento a los acuerdos del Programa Nacional de Vivienda&#8230;<\/p>\n","protected":false},"author":1,"featured_media":202114,"comment_status":"open","ping_status":"open","sticky":false,"template":"","format":"standard","meta":{"_monsterinsights_skip_tracking":false,"_monsterinsights_sitenote_active":false,"_monsterinsights_sitenote_note":"","_monsterinsights_sitenote_category":0,"footnotes":""},"categories":[22],"tags":[3094,2304],"class_list":["post"],"yoast_head":" \n<title>Sonora en Equipo. Durazo y Sheinbaum reafirman compromiso con el Programa Nacional de Vivienda en Sonora Sonora<\/title>\n<meta name=\"description\" content=\"HERMOSILLO, SONORA, MX. \u2014 Para dar seguimiento a los acuerdos del Programa Nacional de Vivienda para el Bienestar, que inici\u00f3 el pasado domingo 23 de En Sonora en Equipo publicamos toda la informaci\u00f3n de Sonora, M\u00e9xico y el Mundo de manera oportuna y busca que la libertad de expresi\u00f3n sea real. Visita nuestro medio informativo publicado desde Hermosillo, Sonora. %\" \/>\n<meta name=\"robots\" content=\"index, follow, max-snippet:-1, max-image-preview:large, max-video-preview:-1\" \/>\n<link rel=\"canonical\" href=\"https:\/\/www.sonoraenequipo.com.mx\/durazo-y-sheinbaum-reafirman-compromiso-con-el-programa-nacional-de-vivienda-en-sonora\/\" \/>\n<meta property=\"og:locale\" content=\"es_ES\" \/>\n<meta property=\"og:type\" content=\"article\" \/>\n<meta property=\"og:title\" content=\"Sonora en Equipo. Durazo y Sheinbaum reafirman compromiso con el Programa Nacional de Vivienda en Sonora Sonora\" \/>\n<meta property=\"og:description\" content=\"HERMOSILLO, SONORA, MX. \u2014 Para dar seguimiento a los acuerdos del Programa Nacional de Vivienda para el Bienestar, que inici\u00f3 el pasado domingo 23 de En Sonora en Equipo publicamos toda la informaci\u00f3n de Sonora, M\u00e9xico y el Mundo de manera oportuna y busca que la libertad de expresi\u00f3n sea real. Visita nuestro medio informativo publicado desde Hermosillo, Sonora. %\" \/>\n<meta property=\"og:url\" content=\"https:\/\/www.sonoraenequipo.com.mx\/durazo-y-sheinbaum-reafirman-compromiso-con-el-programa-nacional-de-vivienda-en-sonora\/\" \/>\n<meta property=\"og:site_name\" content=\"Sonora en Equipo.\" \/>\n<meta property=\"article:publisher\" content=\"https:\/\/www.facebook.com\/SonoraEE\/\" \/>\n<meta property=\"article:author\" content=\"https:\/\/www.facebook.com\/SonoraEE\" \/>\n<meta property=\"article:published_time\" content=\"2025-02-28T19:30:04+00:00\" \/>\n<meta property=\"og:image\" content=\"https:\/\/www.sonoraenequipo.com.mx\/storage\/2024\/10\/durazo-sheinbaum.jpg\" \/>\n\t<meta property=\"og:image:width\" content=\"600\" \/>\n\t<meta property=\"og:image:height\" content=\"376\" \/>\n\t<meta property=\"og:image:type\" content=\"image\/jpeg\" \/>\n<meta name=\"author\" content=\"enequipo\" \/>\n<meta name=\"twitter:card\" content=\"summary_large_image\" \/>\n<meta name=\"twitter:creator\" content=\"@sonoraenequipo\" \/>\n<meta name=\"twitter:site\" content=\"@sonoraenequipo\" \/>\n<meta name=\"twitter:label1\" content=\"Escrito por\" \/>\n\t<meta name=\"twitter:data1\" content=\"enequipo\" \/>\n\t<meta name=\"twitter:label2\" content=\"Tiempo de lectura\" \/>\n\t<meta name=\"twitter:data2\" content=\"1 minuto\" \/>\n<script type=\"application\/ld+json\" class=\"yoast-schema-graph\">{\"@context\":\"https:\/\/schema.org\",\"@graph\":[{\"@type\":\"Article\",\"@id\":\"https:\/\/www.sonoraenequipo.com.mx\/durazo-y-sheinbaum-reafirman-compromiso-con-el-programa-nacional-de-vivienda-en-sonora\/#article\",\"isPartOf\":{\"@id\":\"https:\/\/www.sonoraenequipo.com.mx\/durazo-y-sheinbaum-reafirman-compromiso-con-el-programa-nacional-de-vivienda-en-sonora\/\"},\"author\":{\"name\":\"enequipo\",\"@id\":\"https:\/\/www.sonoraenequipo.com.mx\/#\/schema\/person\/50102df0fb23a8fa9e8effad8fa81386\"},\"headline\":\"Durazo y Sheinbaum reafirman compromiso con el Programa Nacional de Vivienda en Sonora\",\"datePublished\":\"2025-02-28T19:30:04+00:00\",\"mainEntityOfPage\":{\"@id\":\"https:\/\/www.sonoraenequipo.com.mx\/durazo-y-sheinbaum-reafirman-compromiso-con-el-programa-nacional-de-vivienda-en-sonora\/\"},\"wordCount\":308,\"commentCount\":0,\"publisher\":{\"@id\":\"https:\/\/www.sonoraenequipo.com.mx\/#organization\"},\"image\":{\"@id\":\"https:\/\/www.sonoraenequipo.com.mx\/durazo-y-sheinbaum-reafirman-compromiso-con-el-programa-nacional-de-vivienda-en-sonora\/#primaryimage\"},\"thumbnailUrl\":\"https:\/\/www.sonoraenequipo.com.mx\/storage\/2024\/10\/durazo-sheinbaum.jpg\",\"keywords\":[\"bienestar\",\"vivienda\"],\"articleSection\":[\"Sonora\"],\"inLanguage\":\"es\",\"potentialAction\":[{\"@type\":\"CommentAction\",\"name\":\"Comment\",\"target\":[\"https:\/\/www.sonoraenequipo.com.mx\/durazo-y-sheinbaum-reafirman-compromiso-con-el-programa-nacional-de-vivienda-en-sonora\/#respond\"]}]},{\"@type\":\"WebPage\",\"@id\":\"https:\/\/www.sonoraenequipo.com.mx\/durazo-y-sheinbaum-reafirman-compromiso-con-el-programa-nacional-de-vivienda-en-sonora\/\",\"url\":\"https:\/\/www.sonoraenequipo.com.mx\/durazo-y-sheinbaum-reafirman-compromiso-con-el-programa-nacional-de-vivienda-en-sonora\/\",\"name\":\"Sonora en Equipo. Durazo y Sheinbaum reafirman compromiso con el Programa Nacional de Vivienda en Sonora Sonora\",\"isPartOf\":{\"@id\":\"https:\/\/www.sonoraenequipo.com.mx\/#website\"},\"primaryImageOfPage\":{\"@id\":\"https:\/\/www.sonoraenequipo.com.mx\/durazo-y-sheinbaum-reafirman-compromiso-con-el-programa-nacional-de-vivienda-en-sonora\/#primaryimage\"},\"image\":{\"@id\":\"https:\/\/www.sonoraenequipo.com.mx\/durazo-y-sheinbaum-reafirman-compromiso-con-el-programa-nacional-de-vivienda-en-sonora\/#primaryimage\"},\"thumbnailUrl\":\"https:\/\/www.sonoraenequipo.com.mx\/storage\/2024\/10\/durazo-sheinbaum.jpg\",\"datePublished\":\"2025-02-28T19:30:04+00:00\",\"description\":\"HERMOSILLO, SONORA, MX. \u2014 Para dar seguimiento a los acuerdos del Programa Nacional de Vivienda para el Bienestar, que inici\u00f3 el pasado domingo 23 de En Sonora en Equipo publicamos toda la informaci\u00f3n de Sonora, M\u00e9xico y el Mundo de manera oportuna y busca que la libertad de expresi\u00f3n sea real. Visita nuestro medio informativo publicado desde Hermosillo, Sonora. %\",\"breadcrumb\":{\"@id\":\"https:\/\/www.sonoraenequipo.com.mx\/durazo-y-sheinbaum-reafirman-compromiso-con-el-programa-nacional-de-vivienda-en-sonora\/#breadcrumb\"},\"inLanguage\":\"es\",\"potentialAction\":[{\"@type\":\"ReadAction\",\"target\":[\"https:\/\/www.sonoraenequipo.com.mx\/durazo-y-sheinbaum-reafirman-compromiso-con-el-programa-nacional-de-vivienda-en-sonora\/\"]}]},{\"@type\":\"ImageObject\",\"inLanguage\":\"es\",\"@id\":\"https:\/\/www.sonoraenequipo.com.mx\/durazo-y-sheinbaum-reafirman-compromiso-con-el-programa-nacional-de-vivienda-en-sonora\/#primaryimage\",\"url\":\"https:\/\/www.sonoraenequipo.com.mx\/storage\/2024\/10\/durazo-sheinbaum.jpg\",\"contentUrl\":\"https:\/\/www.sonoraenequipo.com.mx\/storage\/2024\/10\/durazo-sheinbaum.jpg\",\"width\":600,\"height\":376,\"caption\":\"Imagen de archivo\"},{\"@type\":\"BreadcrumbList\",\"@id\":\"https:\/\/www.sonoraenequipo.com.mx\/durazo-y-sheinbaum-reafirman-compromiso-con-el-programa-nacional-de-vivienda-en-sonora\/#breadcrumb\",\"itemListElement\":[{\"@type\":\"ListItem\",\"position\":1,\"name\":\"Portada\",\"item\":\"https:\/\/www.sonoraenequipo.com.mx\/\"},{\"@type\":\"ListItem\",\"position\":2,\"name\":\"Durazo y Sheinbaum reafirman compromiso con el Programa Nacional de Vivienda en Sonora\"}]},{\"@type\":\"WebSite\",\"@id\":\"https:\/\/www.sonoraenequipo.com.mx\/#website\",\"url\":\"https:\/\/www.sonoraenequipo.com.mx\/\",\"name\":\"Sonora en Equipo.\",\"description\":\"Diario en l\u00ednea con Noticias desde Hermosillo, Sonora\",\"publisher\":{\"@id\":\"https:\/\/www.sonoraenequipo.com.mx\/#organization\"},\"potentialAction\":[{\"@type\":\"SearchAction\",\"target\":{\"@type\":\"EntryPoint\",\"urlTemplate\":\"https:\/\/www.sonoraenequipo.com.mx\/?s={search_term_string}\"},\"query-input\":{\"@type\":\"PropertyValueSpecification\",\"valueRequired\":true,\"valueName\":\"search_term_string\"}}],\"inLanguage\":\"es\"},{\"@type\":\"Organization\",\"@id\":\"https:\/\/www.sonoraenequipo.com.mx\/#organization\",\"name\":\"Sonoraenequipo.com.mx\",\"url\":\"https:\/\/www.sonoraenequipo.com.mx\/\",\"logo\":{\"@type\":\"ImageObject\",\"inLanguage\":\"es\",\"@id\":\"https:\/\/www.sonoraenequipo.com.mx\/#\/schema\/logo\/image\/\",\"url\":\"https:\/\/www.sonoraenequipo.com.mx\/storage\/2019\/01\/sonoraenequipo_opt.png\",\"contentUrl\":\"https:\/\/www.sonoraenequipo.com.mx\/storage\/2019\/01\/sonoraenequipo_opt.png\",\"width\":375,\"height\":125,\"caption\":\"Sonoraenequipo.com.mx\"},\"image\":{\"@id\":\"https:\/\/www.sonoraenequipo.com.mx\/#\/schema\/logo\/image\/\"},\"sameAs\":[\"https:\/\/www.facebook.com\/SonoraEE\/\",\"https:\/\/x.com\/sonoraenequipo\",\"https:\/\/www.youtube.com\/channel\/UC338nW-lPEYmJQs4ZABQ1SQ\"]},{\"@type\":\"Person\",\"@id\":\"https:\/\/www.sonoraenequipo.com.mx\/#\/schema\/person\/50102df0fb23a8fa9e8effad8fa81386\",\"name\":\"enequipo\",\"image\":{\"@type\":\"ImageObject\",\"inLanguage\":\"es\",\"@id\":\"https:\/\/www.sonoraenequipo.com.mx\/#\/schema\/person\/image\/\",\"url\":\"https:\/\/secure.gravatar.com\/avatar\/049821681b589dabc0bc20695993ccebb09f5b5d4d790cd9251b97faac7c652b?s=96&d=blank&r=g\",\"contentUrl\":\"https:\/\/secure.gravatar.com\/avatar\/049821681b589dabc0bc20695993ccebb09f5b5d4d790cd9251b97faac7c652b?s=96&d=blank&r=g\",\"caption\":\"enequipo\"},\"sameAs\":[\"https:\/\/www.facebook.com\/SonoraEE\"]}]}<\/script>\n ","yoast_head_json":{"title":"Sonora en Equipo. Durazo y Sheinbaum reafirman compromiso con el Programa Nacional de Vivienda en Sonora Sonora","description":"HERMOSILLO, SONORA, MX. \u2014 Para dar seguimiento a los acuerdos del Programa Nacional de Vivienda para el Bienestar, que inici\u00f3 el pasado domingo 23 de En Sonora en Equipo publicamos toda la informaci\u00f3n de Sonora, M\u00e9xico y el Mundo de manera oportuna y busca que la libertad de expresi\u00f3n sea real. Visita nuestro medio informativo publicado desde Hermosillo, Sonora. %","robots":{"index":"index","follow":"follow","max-snippet":"max-snippet:-1","max-image-preview":"max-image-preview:large","max-video-preview":"max-video-preview:-1"},"canonical":"https:\/\/www.sonoraenequipo.com.mx\/durazo-y-sheinbaum-reafirman-compromiso-con-el-programa-nacional-de-vivienda-en-sonora\/","og_locale":"es_ES","og_type":"article","og_title":"Sonora en Equipo. Durazo y Sheinbaum reafirman compromiso con el Programa Nacional de Vivienda en Sonora Sonora","og_description":"HERMOSILLO, SONORA, MX. \u2014 Para dar seguimiento a los acuerdos del Programa Nacional de Vivienda para el Bienestar, que inici\u00f3 el pasado domingo 23 de En Sonora en Equipo publicamos toda la informaci\u00f3n de Sonora, M\u00e9xico y el Mundo de manera oportuna y busca que la libertad de expresi\u00f3n sea real. Visita nuestro medio informativo publicado desde Hermosillo, Sonora. %","og_url":"https:\/\/www.sonoraenequipo.com.mx\/durazo-y-sheinbaum-reafirman-compromiso-con-el-programa-nacional-de-vivienda-en-sonora\/","og_site_name":"Sonora en Equipo.","article_publisher":"https:\/\/www.facebook.com\/SonoraEE\/","article_author":"https:\/\/www.facebook.com\/SonoraEE","article_published_time":"2025-02-28T19:30:04+00:00","og_image":[{"width":600,"height":376,"url":"https:\/\/www.sonoraenequipo.com.mx\/storage\/2024\/10\/durazo-sheinbaum.jpg","type":"image\/jpeg"}],"author":"enequipo","twitter_card":"summary_large_image","twitter_creator":"@sonoraenequipo","twitter_site":"@sonoraenequipo","twitter_misc":{"Escrito por":"enequipo","Tiempo de lectura":"1 minuto"},"schema":{"@context":"https:\/\/schema.org","@graph":[{"@type":"Article","@id":"https:\/\/www.sonoraenequipo.com.mx\/durazo-y-sheinbaum-reafirman-compromiso-con-el-programa-nacional-de-vivienda-en-sonora\/#article","isPartOf":{"@id":"https:\/\/www.sonoraenequipo.com.mx\/durazo-y-sheinbaum-reafirman-compromiso-con-el-programa-nacional-de-vivienda-en-sonora\/"},"author":{"name":"enequipo","@id":"https:\/\/www.sonoraenequipo.com.mx\/#\/schema\/person\/50102df0fb23a8fa9e8effad8fa81386"},"headline":"Durazo y Sheinbaum reafirman compromiso con el Programa Nacional de Vivienda en Sonora","datePublished":"2025-02-28T19:30:04+00:00","mainEntityOfPage":{"@id":"https:\/\/www.sonoraenequipo.com.mx\/durazo-y-sheinbaum-reafirman-compromiso-con-el-programa-nacional-de-vivienda-en-sonora\/"},"wordCount":308,"commentCount":0,"publisher":{"@id":"https:\/\/www.sonoraenequipo.com.mx\/#organization"},"image":{"@id":"https:\/\/www.sonoraenequipo.com.mx\/durazo-y-sheinbaum-reafirman-compromiso-con-el-programa-nacional-de-vivienda-en-sonora\/#primaryimage"},"thumbnailUrl":"https:\/\/www.sonoraenequipo.com.mx\/storage\/2024\/10\/durazo-sheinbaum.jpg","keywords":["bienestar","vivienda"],"articleSection":["Sonora"],"inLanguage":"es","potentialAction":[{"@type":"CommentAction","name":"Comment","target":["https:\/\/www.sonoraenequipo.com.mx\/durazo-y-sheinbaum-reafirman-compromiso-con-el-programa-nacional-de-vivienda-en-sonora\/#respond"]}]},{"@type":"WebPage","@id":"https:\/\/www.sonoraenequipo.com.mx\/durazo-y-sheinbaum-reafirman-compromiso-con-el-programa-nacional-de-vivienda-en-sonora\/","url":"https:\/\/www.sonoraenequipo.com.mx\/durazo-y-sheinbaum-reafirman-compromiso-con-el-programa-nacional-de-vivienda-en-sonora\/","name":"Sonora en Equipo. Durazo y Sheinbaum reafirman compromiso con el Programa Nacional de Vivienda en Sonora Sonora","isPartOf":{"@id":"https:\/\/www.sonoraenequipo.com.mx\/#website"},"primaryImageOfPage":{"@id":"https:\/\/www.sonoraenequipo.com.mx\/durazo-y-sheinbaum-reafirman-compromiso-con-el-programa-nacional-de-vivienda-en-sonora\/#primaryimage"},"image":{"@id":"https:\/\/www.sonoraenequipo.com.mx\/durazo-y-sheinbaum-reafirman-compromiso-con-el-programa-nacional-de-vivienda-en-sonora\/#primaryimage"},"thumbnailUrl":"https:\/\/www.sonoraenequipo.com.mx\/storage\/2024\/10\/durazo-sheinbaum.jpg","datePublished":"2025-02-28T19:30:04+00:00","description":"HERMOSILLO, SONORA, MX. \u2014 Para dar seguimiento a los acuerdos del Programa Nacional de Vivienda para el Bienestar, que inici\u00f3 el pasado domingo 23 de En Sonora en Equipo publicamos toda la informaci\u00f3n de Sonora, M\u00e9xico y el Mundo de manera oportuna y busca que la libertad de expresi\u00f3n sea real. Visita nuestro medio informativo publicado desde Hermosillo, Sonora. %","breadcrumb":{"@id":"https:\/\/www.sonoraenequipo.com.mx\/durazo-y-sheinbaum-reafirman-compromiso-con-el-programa-nacional-de-vivienda-en-sonora\/#breadcrumb"},"inLanguage":"es","potentialAction":[{"@type":"ReadAction","target":["https:\/\/www.sonoraenequipo.com.mx\/durazo-y-sheinbaum-reafirman-compromiso-con-el-programa-nacional-de-vivienda-en-sonora\/"]}]},{"@type":"ImageObject","inLanguage":"es","@id":"https:\/\/www.sonoraenequipo.com.mx\/durazo-y-sheinbaum-reafirman-compromiso-con-el-programa-nacional-de-vivienda-en-sonora\/#primaryimage","url":"https:\/\/www.sonoraenequipo.com.mx\/storage\/2024\/10\/durazo-sheinbaum.jpg","contentUrl":"https:\/\/www.sonoraenequipo.com.mx\/storage\/2024\/10\/durazo-sheinbaum.jpg","width":600,"height":376,"caption":"Imagen de archivo"},{"@type":"BreadcrumbList","@id":"https:\/\/www.sonoraenequipo.com.mx\/durazo-y-sheinbaum-reafirman-compromiso-con-el-programa-nacional-de-vivienda-en-sonora\/#breadcrumb","itemListElement":[{"@type":"ListItem","position":1,"name":"Portada","item":"https:\/\/www.sonoraenequipo.com.mx\/"},{"@type":"ListItem","position":2,"name":"Durazo y Sheinbaum reafirman compromiso con el Programa Nacional de Vivienda en Sonora"}]},{"@type":"WebSite","@id":"https:\/\/www.sonoraenequipo.com.mx\/#website","url":"https:\/\/www.sonoraenequipo.com.mx\/","name":"Sonora en Equipo.","description":"Diario en l\u00ednea con Noticias desde Hermosillo, Sonora","publisher":{"@id":"https:\/\/www.sonoraenequipo.com.mx\/#organization"},"potentialAction":[{"@type":"SearchAction","target":{"@type":"EntryPoint","urlTemplate":"https:\/\/www.sonoraenequipo.com.mx\/?s={search_term_string}"},"query-input":{"@type":"PropertyValueSpecification","valueRequired":true,"valueName":"search_term_string"}}],"inLanguage":"es"},{"@type":"Organization","@id":"https:\/\/www.sonoraenequipo.com.mx\/#organization","name":"Sonoraenequipo.com.mx","url":"https:\/\/www.sonoraenequipo.com.mx\/","logo":{"@type":"ImageObject","inLanguage":"es","@id":"https:\/\/www.sonoraenequipo.com.mx\/#\/schema\/logo\/image\/","url":"https:\/\/www.sonoraenequipo.com.mx\/storage\/2019\/01\/sonoraenequipo_opt.png","contentUrl":"https:\/\/www.sonoraenequipo.com.mx\/storage\/2019\/01\/sonoraenequipo_opt.png","width":375,"height":125,"caption":"Sonoraenequipo.com.mx"},"image":{"@id":"https:\/\/www.sonoraenequipo.com.mx\/#\/schema\/logo\/image\/"},"sameAs":["https:\/\/www.facebook.com\/SonoraEE\/","https:\/\/x.com\/sonoraenequipo","https:\/\/www.youtube.com\/channel\/UC338nW-lPEYmJQs4ZABQ1SQ"]},{"@type":"Person","@id":"https:\/\/www.sonoraenequipo.com.mx\/#\/schema\/person\/50102df0fb23a8fa9e8effad8fa81386","name":"enequipo","image":{"@type":"ImageObject","inLanguage":"es","@id":"https:\/\/www.sonoraenequipo.com.mx\/#\/schema\/person\/image\/","url":"https:\/\/secure.gravatar.com\/avatar\/049821681b589dabc0bc20695993ccebb09f5b5d4d790cd9251b97faac7c652b?s=96&d=blank&r=g","contentUrl":"https:\/\/secure.gravatar.com\/avatar\/049821681b589dabc0bc20695993ccebb09f5b5d4d790cd9251b97faac7c652b?s=96&d=blank&r=g","caption":"enequipo"},"sameAs":["https:\/\/www.facebook.com\/SonoraEE"]}]}},"jetpack_featured_media_url":"https:\/\/www.sonoraenequipo.com.mx\/storage\/2024\/10\/durazo-sheinbaum.jpg","_links":{"self":[{"href":"https:\/\/www.sonoraenequipo.com.mx\/api\/wp\/v2\/posts\/210502","targetHints":{"allow":["GET"]}}],"collection":[{"href":"https:\/\/www.sonoraenequipo.com.mx\/api\/wp\/v2\/posts"}],"about":[{"href":"https:\/\/www.sonoraenequipo.com.mx\/api\/wp\/v2\/types\/post"}],"author":[{"embeddable":true,"href":"https:\/\/www.sonoraenequipo.com.mx\/api\/wp\/v2\/users\/1"}],"replies":[{"embeddable":true,"href":"https:\/\/www.sonoraenequipo.com.mx\/api\/wp\/v2\/comments?post=210502"}],"version-history":[{"count":1,"href":"https:\/\/www.sonoraenequipo.com.mx\/api\/wp\/v2\/posts\/210502\/revisions"}],"predecessor-version":[{"id":210503,"href":"https:\/\/www.sonoraenequipo.com.mx\/api\/wp\/v2\/posts\/210502\/revisions\/210503"}],"wp:featuredmedia":[{"embeddable":true,"href":"https:\/\/www.sonoraenequipo.com.mx\/api\/wp\/v2\/media\/202114"}],"wp:attachment":[{"href":"https:\/\/www.sonoraenequipo.com.mx\/api\/wp\/v2\/media?parent=210502"}],"wp:term":[{"taxonomy":"category","embeddable":true,"href":"https:\/\/www.sonoraenequipo.com.mx\/api\/wp\/v2\/categories?post=210502"},{"taxonomy":"post_tag","embeddable":true,"href":"https:\/\/www.sonoraenequipo.com.mx\/api\/wp\/v2\/tags?post=210502"}],"curies":[{"name":"wp","href":"https:\/\/api.w.org\/{rel}","templated":true}]}}