{"id":210504,"date":"2025-02-28T12:49:54","date_gmt":"2025-02-28T19:49:54","guid":{"rendered":"https:\/\/www.sonoraenequipo.com.mx\/?p=210504"},"modified":"2025-02-28T12:49:54","modified_gmt":"2025-02-28T19:49:54","slug":"el-cancer-de-mama-aumentara-un-38-en-los-proximos-25-anos","status":"publish","type":"post","link":"https:\/\/www.sonoraenequipo.com.mx\/el-cancer-de-mama-aumentara-un-38-en-los-proximos-25-anos\/","title":{"rendered":"El c\u00e1ncer de mama aumentar\u00e1 un 38 % en los pr\u00f3ximos 25 a\u00f1os"},"content":{"rendered":"<p>Un estudio publicado en Nature Medicine advierte que la incidencia del tumor mamario tendr\u00e1 un gran aumento para 2050, mientras que la mortalidad podr\u00eda incrementarse hasta un 68 %, especialmente en pa\u00edses de menor desarrollo. Los investigadores urgen a reforzar el diagn\u00f3stico precoz y la mejorar el acceso a tratamientos para reducir las desigualdades en la supervivencia.<\/p>\n<p>El de mama es el tipo de tumor m\u00e1s diagnosticado en el mundo y la principal causa de muerte por c\u00e1ncer en mujeres. En 2022, se registraron 2,3 millones de nuevos casos y 670.000 muertes a escala global, seg\u00fan un estudio liderado por Miranda Fidler-Benaoudia, de Alberta Health Services en Canad\u00e1.<\/p>\n<p>&nbsp;<\/p>\n<p>Los resultados, publicados en Nature Medicine, revelan que la carga de la enfermedad est\u00e1 desigualmente distribuida: en pa\u00edses con \u00edndice de desarrollo humano (IDH) m\u00e1s bajo, la mortalidad es significativamente mayor.<\/p>\n<p>&nbsp;<\/p>\n<p>En 2022, se detectaron 2,3 millones de casos de c\u00e1ncer de mama<\/p>\n<p>&nbsp;<\/p>\n<p>&nbsp;<\/p>\n<p>Desigualdad<\/p>\n<p>Los investigadores analizaron datos de incidencia y mortalidad de 185 pa\u00edses y encontraron que el riesgo de diagn\u00f3stico de c\u00e1ncer de mama es m\u00e1s alto en Francia (1 de cada 9 mujeres) y Am\u00e9rica del Norte (1 de cada 10), mientras que el riesgo de morir por la enfermedad es m\u00e1s elevado en Fiyi (1 de cada 24) y \u00c1frica (1 de cada 47).<\/p>\n<p>&nbsp;<\/p>\n<p>Solo 7 pa\u00edses cumplen la meta de la OMS de reducir la mortalidad por c\u00e1ncer de mama un 2,5 % anual<\/p>\n<p>&nbsp;<\/p>\n<p>&nbsp;<\/p>\n<p>Adem\u00e1s, estudiaron la evoluci\u00f3n de la mortalidad en 46 pa\u00edses durante 10 a\u00f1os y concluyeron que, aunque ha disminuido en 30 de ellos, solo 7 cumplen el objetivo de la OMS de reducir la mortalidad un 2,5% anual. Entre estos pa\u00edses destacan Malta, Dinamarca y B\u00e9lgica.<\/p>\n<p>&nbsp;<\/p>\n<p>De mantenerse la tendencia actual, en 2050 se registrar\u00e1n 3,2 millones de nuevos casos y 1,1 millones de muertes por c\u00e1ncer de mama, con un impacto desproporcionado en pa\u00edses con menor desarrollo.<\/p>\n<p>&nbsp;<\/p>\n<p>Necesidad de inversiones sostenidas<\/p>\n<p>Los autores advierten que sus estimaciones est\u00e1n limitadas por la calidad y disponibilidad de los datos, especialmente en pa\u00edses con IDH m\u00e1s bajo, donde los registros de c\u00e1ncer pueden ser incompletos.<\/p>\n<p>&nbsp;<\/p>\n<p>A pesar de ello, subrayan la necesidad de inversiones sostenidas en prevenci\u00f3n, detecci\u00f3n precoz y acceso equitativo a tratamientos efectivos para frenar el impacto del c\u00e1ncer de mama a nivel global.<\/p>\n<p>&nbsp;<\/p>\n<p>Referencia:<\/p>\n<p>&nbsp;<\/p>\n<p>Miranda Fidler-Benaoudia\u00a0 et al.\u201cGlobal patterns and trends in breast cancer incidence and mortality across 185 countries\u201d. Nature Medicine (2025)<\/p>\n<p><strong>Fecha de publicaci\u00f3n viernes 28 \u00a0de febrero de 2025 \/Agencia Sinc<\/strong><\/p>\n","protected":false},"excerpt":{"rendered":"<p>Un estudio publicado en Nature Medicine advierte que la incidencia del tumor mamario tendr\u00e1 un&#8230;<\/p>\n","protected":false},"author":1,"featured_media":28058,"comment_status":"open","ping_status":"open","sticky":false,"template":"","format":"standard","meta":{"_monsterinsights_skip_tracking":false,"_monsterinsights_sitenote_active":false,"_monsterinsights_sitenote_note":"","_monsterinsights_sitenote_category":0,"footnotes":""},"categories":[2216],"tags":[312],"class_list":["post"],"yoast_head":" \n<title>Sonora en Equipo. El c\u00e1ncer de mama aumentar\u00e1 un 38 % en los pr\u00f3ximos 25 a\u00f1os Ciencia y Tecnolog\u00eda<\/title>\n<meta name=\"description\" content=\"Un estudio publicado en Nature Medicine advierte que la incidencia del tumor mamario tendr\u00e1 un gran aumento para 2050, mientras que la mortalidad podr\u00eda En Sonora en Equipo publicamos toda la informaci\u00f3n de Sonora, M\u00e9xico y el Mundo de manera oportuna y busca que la libertad de expresi\u00f3n sea real. Visita nuestro medio informativo publicado desde Hermosillo, Sonora. %\" \/>\n<meta name=\"robots\" content=\"index, follow, max-snippet:-1, max-image-preview:large, max-video-preview:-1\" \/>\n<link rel=\"canonical\" href=\"https:\/\/www.sonoraenequipo.com.mx\/el-cancer-de-mama-aumentara-un-38-en-los-proximos-25-anos\/\" \/>\n<meta property=\"og:locale\" content=\"es_ES\" \/>\n<meta property=\"og:type\" content=\"article\" \/>\n<meta property=\"og:title\" content=\"Sonora en Equipo. El c\u00e1ncer de mama aumentar\u00e1 un 38 % en los pr\u00f3ximos 25 a\u00f1os Ciencia y Tecnolog\u00eda\" \/>\n<meta property=\"og:description\" content=\"Un estudio publicado en Nature Medicine advierte que la incidencia del tumor mamario tendr\u00e1 un gran aumento para 2050, mientras que la mortalidad podr\u00eda En Sonora en Equipo publicamos toda la informaci\u00f3n de Sonora, M\u00e9xico y el Mundo de manera oportuna y busca que la libertad de expresi\u00f3n sea real. Visita nuestro medio informativo publicado desde Hermosillo, Sonora. %\" \/>\n<meta property=\"og:url\" content=\"https:\/\/www.sonoraenequipo.com.mx\/el-cancer-de-mama-aumentara-un-38-en-los-proximos-25-anos\/\" \/>\n<meta property=\"og:site_name\" content=\"Sonora en Equipo.\" \/>\n<meta property=\"article:publisher\" content=\"https:\/\/www.facebook.com\/SonoraEE\/\" \/>\n<meta property=\"article:author\" content=\"https:\/\/www.facebook.com\/SonoraEE\" \/>\n<meta property=\"article:published_time\" content=\"2025-02-28T19:49:54+00:00\" \/>\n<meta property=\"og:image\" content=\"https:\/\/www.sonoraenequipo.com.mx\/storage\/2017\/10\/cancermama_opt.jpg\" \/>\n\t<meta property=\"og:image:width\" content=\"750\" \/>\n\t<meta property=\"og:image:height\" content=\"500\" \/>\n\t<meta property=\"og:image:type\" content=\"image\/jpeg\" \/>\n<meta name=\"author\" content=\"enequipo\" \/>\n<meta name=\"twitter:card\" content=\"summary_large_image\" \/>\n<meta name=\"twitter:creator\" content=\"@sonoraenequipo\" \/>\n<meta name=\"twitter:site\" content=\"@sonoraenequipo\" \/>\n<meta name=\"twitter:label1\" content=\"Escrito por\" \/>\n\t<meta name=\"twitter:data1\" content=\"enequipo\" \/>\n\t<meta name=\"twitter:label2\" content=\"Tiempo de lectura\" \/>\n\t<meta name=\"twitter:data2\" content=\"2 minutos\" \/>\n<script type=\"application\/ld+json\" class=\"yoast-schema-graph\">{\"@context\":\"https:\/\/schema.org\",\"@graph\":[{\"@type\":\"Article\",\"@id\":\"https:\/\/www.sonoraenequipo.com.mx\/el-cancer-de-mama-aumentara-un-38-en-los-proximos-25-anos\/#article\",\"isPartOf\":{\"@id\":\"https:\/\/www.sonoraenequipo.com.mx\/el-cancer-de-mama-aumentara-un-38-en-los-proximos-25-anos\/\"},\"author\":{\"name\":\"enequipo\",\"@id\":\"https:\/\/www.sonoraenequipo.com.mx\/#\/schema\/person\/50102df0fb23a8fa9e8effad8fa81386\"},\"headline\":\"El c\u00e1ncer de mama aumentar\u00e1 un 38 % en los pr\u00f3ximos 25 a\u00f1os\",\"datePublished\":\"2025-02-28T19:49:54+00:00\",\"mainEntityOfPage\":{\"@id\":\"https:\/\/www.sonoraenequipo.com.mx\/el-cancer-de-mama-aumentara-un-38-en-los-proximos-25-anos\/\"},\"wordCount\":440,\"commentCount\":0,\"publisher\":{\"@id\":\"https:\/\/www.sonoraenequipo.com.mx\/#organization\"},\"image\":{\"@id\":\"https:\/\/www.sonoraenequipo.com.mx\/el-cancer-de-mama-aumentara-un-38-en-los-proximos-25-anos\/#primaryimage\"},\"thumbnailUrl\":\"https:\/\/www.sonoraenequipo.com.mx\/storage\/2017\/10\/cancermama_opt.jpg\",\"keywords\":[\"C\u00e1ncer mama\"],\"articleSection\":[\"Ciencia y Tecnolog\u00eda\"],\"inLanguage\":\"es\",\"potentialAction\":[{\"@type\":\"CommentAction\",\"name\":\"Comment\",\"target\":[\"https:\/\/www.sonoraenequipo.com.mx\/el-cancer-de-mama-aumentara-un-38-en-los-proximos-25-anos\/#respond\"]}]},{\"@type\":\"WebPage\",\"@id\":\"https:\/\/www.sonoraenequipo.com.mx\/el-cancer-de-mama-aumentara-un-38-en-los-proximos-25-anos\/\",\"url\":\"https:\/\/www.sonoraenequipo.com.mx\/el-cancer-de-mama-aumentara-un-38-en-los-proximos-25-anos\/\",\"name\":\"Sonora en Equipo. El c\u00e1ncer de mama aumentar\u00e1 un 38 % en los pr\u00f3ximos 25 a\u00f1os Ciencia y Tecnolog\u00eda\",\"isPartOf\":{\"@id\":\"https:\/\/www.sonoraenequipo.com.mx\/#website\"},\"primaryImageOfPage\":{\"@id\":\"https:\/\/www.sonoraenequipo.com.mx\/el-cancer-de-mama-aumentara-un-38-en-los-proximos-25-anos\/#primaryimage\"},\"image\":{\"@id\":\"https:\/\/www.sonoraenequipo.com.mx\/el-cancer-de-mama-aumentara-un-38-en-los-proximos-25-anos\/#primaryimage\"},\"thumbnailUrl\":\"https:\/\/www.sonoraenequipo.com.mx\/storage\/2017\/10\/cancermama_opt.jpg\",\"datePublished\":\"2025-02-28T19:49:54+00:00\",\"description\":\"Un estudio publicado en Nature Medicine advierte que la incidencia del tumor mamario tendr\u00e1 un gran aumento para 2050, mientras que la mortalidad podr\u00eda En Sonora en Equipo publicamos toda la informaci\u00f3n de Sonora, M\u00e9xico y el Mundo de manera oportuna y busca que la libertad de expresi\u00f3n sea real. Visita nuestro medio informativo publicado desde Hermosillo, Sonora. %\",\"breadcrumb\":{\"@id\":\"https:\/\/www.sonoraenequipo.com.mx\/el-cancer-de-mama-aumentara-un-38-en-los-proximos-25-anos\/#breadcrumb\"},\"inLanguage\":\"es\",\"potentialAction\":[{\"@type\":\"ReadAction\",\"target\":[\"https:\/\/www.sonoraenequipo.com.mx\/el-cancer-de-mama-aumentara-un-38-en-los-proximos-25-anos\/\"]}]},{\"@type\":\"ImageObject\",\"inLanguage\":\"es\",\"@id\":\"https:\/\/www.sonoraenequipo.com.mx\/el-cancer-de-mama-aumentara-un-38-en-los-proximos-25-anos\/#primaryimage\",\"url\":\"https:\/\/www.sonoraenequipo.com.mx\/storage\/2017\/10\/cancermama_opt.jpg\",\"contentUrl\":\"https:\/\/www.sonoraenequipo.com.mx\/storage\/2017\/10\/cancermama_opt.jpg\",\"width\":750,\"height\":500},{\"@type\":\"BreadcrumbList\",\"@id\":\"https:\/\/www.sonoraenequipo.com.mx\/el-cancer-de-mama-aumentara-un-38-en-los-proximos-25-anos\/#breadcrumb\",\"itemListElement\":[{\"@type\":\"ListItem\",\"position\":1,\"name\":\"Portada\",\"item\":\"https:\/\/www.sonoraenequipo.com.mx\/\"},{\"@type\":\"ListItem\",\"position\":2,\"name\":\"El c\u00e1ncer de mama aumentar\u00e1 un 38 % en los pr\u00f3ximos 25 a\u00f1os\"}]},{\"@type\":\"WebSite\",\"@id\":\"https:\/\/www.sonoraenequipo.com.mx\/#website\",\"url\":\"https:\/\/www.sonoraenequipo.com.mx\/\",\"name\":\"Sonora en Equipo.\",\"description\":\"Diario en l\u00ednea con Noticias desde Hermosillo, Sonora\",\"publisher\":{\"@id\":\"https:\/\/www.sonoraenequipo.com.mx\/#organization\"},\"potentialAction\":[{\"@type\":\"SearchAction\",\"target\":{\"@type\":\"EntryPoint\",\"urlTemplate\":\"https:\/\/www.sonoraenequipo.com.mx\/?s={search_term_string}\"},\"query-input\":{\"@type\":\"PropertyValueSpecification\",\"valueRequired\":true,\"valueName\":\"search_term_string\"}}],\"inLanguage\":\"es\"},{\"@type\":\"Organization\",\"@id\":\"https:\/\/www.sonoraenequipo.com.mx\/#organization\",\"name\":\"Sonoraenequipo.com.mx\",\"url\":\"https:\/\/www.sonoraenequipo.com.mx\/\",\"logo\":{\"@type\":\"ImageObject\",\"inLanguage\":\"es\",\"@id\":\"https:\/\/www.sonoraenequipo.com.mx\/#\/schema\/logo\/image\/\",\"url\":\"https:\/\/www.sonoraenequipo.com.mx\/storage\/2019\/01\/sonoraenequipo_opt.png\",\"contentUrl\":\"https:\/\/www.sonoraenequipo.com.mx\/storage\/2019\/01\/sonoraenequipo_opt.png\",\"width\":375,\"height\":125,\"caption\":\"Sonoraenequipo.com.mx\"},\"image\":{\"@id\":\"https:\/\/www.sonoraenequipo.com.mx\/#\/schema\/logo\/image\/\"},\"sameAs\":[\"https:\/\/www.facebook.com\/SonoraEE\/\",\"https:\/\/x.com\/sonoraenequipo\",\"https:\/\/www.youtube.com\/channel\/UC338nW-lPEYmJQs4ZABQ1SQ\"]},{\"@type\":\"Person\",\"@id\":\"https:\/\/www.sonoraenequipo.com.mx\/#\/schema\/person\/50102df0fb23a8fa9e8effad8fa81386\",\"name\":\"enequipo\",\"image\":{\"@type\":\"ImageObject\",\"inLanguage\":\"es\",\"@id\":\"https:\/\/www.sonoraenequipo.com.mx\/#\/schema\/person\/image\/\",\"url\":\"https:\/\/secure.gravatar.com\/avatar\/049821681b589dabc0bc20695993ccebb09f5b5d4d790cd9251b97faac7c652b?s=96&d=blank&r=g\",\"contentUrl\":\"https:\/\/secure.gravatar.com\/avatar\/049821681b589dabc0bc20695993ccebb09f5b5d4d790cd9251b97faac7c652b?s=96&d=blank&r=g\",\"caption\":\"enequipo\"},\"sameAs\":[\"https:\/\/www.facebook.com\/SonoraEE\"]}]}<\/script>\n ","yoast_head_json":{"title":"Sonora en Equipo. El c\u00e1ncer de mama aumentar\u00e1 un 38 % en los pr\u00f3ximos 25 a\u00f1os Ciencia y Tecnolog\u00eda","description":"Un estudio publicado en Nature Medicine advierte que la incidencia del tumor mamario tendr\u00e1 un gran aumento para 2050, mientras que la mortalidad podr\u00eda En Sonora en Equipo publicamos toda la informaci\u00f3n de Sonora, M\u00e9xico y el Mundo de manera oportuna y busca que la libertad de expresi\u00f3n sea real. Visita nuestro medio informativo publicado desde Hermosillo, Sonora. %","robots":{"index":"index","follow":"follow","max-snippet":"max-snippet:-1","max-image-preview":"max-image-preview:large","max-video-preview":"max-video-preview:-1"},"canonical":"https:\/\/www.sonoraenequipo.com.mx\/el-cancer-de-mama-aumentara-un-38-en-los-proximos-25-anos\/","og_locale":"es_ES","og_type":"article","og_title":"Sonora en Equipo. El c\u00e1ncer de mama aumentar\u00e1 un 38 % en los pr\u00f3ximos 25 a\u00f1os Ciencia y Tecnolog\u00eda","og_description":"Un estudio publicado en Nature Medicine advierte que la incidencia del tumor mamario tendr\u00e1 un gran aumento para 2050, mientras que la mortalidad podr\u00eda En Sonora en Equipo publicamos toda la informaci\u00f3n de Sonora, M\u00e9xico y el Mundo de manera oportuna y busca que la libertad de expresi\u00f3n sea real. Visita nuestro medio informativo publicado desde Hermosillo, Sonora. %","og_url":"https:\/\/www.sonoraenequipo.com.mx\/el-cancer-de-mama-aumentara-un-38-en-los-proximos-25-anos\/","og_site_name":"Sonora en Equipo.","article_publisher":"https:\/\/www.facebook.com\/SonoraEE\/","article_author":"https:\/\/www.facebook.com\/SonoraEE","article_published_time":"2025-02-28T19:49:54+00:00","og_image":[{"width":750,"height":500,"url":"https:\/\/www.sonoraenequipo.com.mx\/storage\/2017\/10\/cancermama_opt.jpg","type":"image\/jpeg"}],"author":"enequipo","twitter_card":"summary_large_image","twitter_creator":"@sonoraenequipo","twitter_site":"@sonoraenequipo","twitter_misc":{"Escrito por":"enequipo","Tiempo de lectura":"2 minutos"},"schema":{"@context":"https:\/\/schema.org","@graph":[{"@type":"Article","@id":"https:\/\/www.sonoraenequipo.com.mx\/el-cancer-de-mama-aumentara-un-38-en-los-proximos-25-anos\/#article","isPartOf":{"@id":"https:\/\/www.sonoraenequipo.com.mx\/el-cancer-de-mama-aumentara-un-38-en-los-proximos-25-anos\/"},"author":{"name":"enequipo","@id":"https:\/\/www.sonoraenequipo.com.mx\/#\/schema\/person\/50102df0fb23a8fa9e8effad8fa81386"},"headline":"El c\u00e1ncer de mama aumentar\u00e1 un 38 % en los pr\u00f3ximos 25 a\u00f1os","datePublished":"2025-02-28T19:49:54+00:00","mainEntityOfPage":{"@id":"https:\/\/www.sonoraenequipo.com.mx\/el-cancer-de-mama-aumentara-un-38-en-los-proximos-25-anos\/"},"wordCount":440,"commentCount":0,"publisher":{"@id":"https:\/\/www.sonoraenequipo.com.mx\/#organization"},"image":{"@id":"https:\/\/www.sonoraenequipo.com.mx\/el-cancer-de-mama-aumentara-un-38-en-los-proximos-25-anos\/#primaryimage"},"thumbnailUrl":"https:\/\/www.sonoraenequipo.com.mx\/storage\/2017\/10\/cancermama_opt.jpg","keywords":["C\u00e1ncer mama"],"articleSection":["Ciencia y Tecnolog\u00eda"],"inLanguage":"es","potentialAction":[{"@type":"CommentAction","name":"Comment","target":["https:\/\/www.sonoraenequipo.com.mx\/el-cancer-de-mama-aumentara-un-38-en-los-proximos-25-anos\/#respond"]}]},{"@type":"WebPage","@id":"https:\/\/www.sonoraenequipo.com.mx\/el-cancer-de-mama-aumentara-un-38-en-los-proximos-25-anos\/","url":"https:\/\/www.sonoraenequipo.com.mx\/el-cancer-de-mama-aumentara-un-38-en-los-proximos-25-anos\/","name":"Sonora en Equipo. El c\u00e1ncer de mama aumentar\u00e1 un 38 % en los pr\u00f3ximos 25 a\u00f1os Ciencia y Tecnolog\u00eda","isPartOf":{"@id":"https:\/\/www.sonoraenequipo.com.mx\/#website"},"primaryImageOfPage":{"@id":"https:\/\/www.sonoraenequipo.com.mx\/el-cancer-de-mama-aumentara-un-38-en-los-proximos-25-anos\/#primaryimage"},"image":{"@id":"https:\/\/www.sonoraenequipo.com.mx\/el-cancer-de-mama-aumentara-un-38-en-los-proximos-25-anos\/#primaryimage"},"thumbnailUrl":"https:\/\/www.sonoraenequipo.com.mx\/storage\/2017\/10\/cancermama_opt.jpg","datePublished":"2025-02-28T19:49:54+00:00","description":"Un estudio publicado en Nature Medicine advierte que la incidencia del tumor mamario tendr\u00e1 un gran aumento para 2050, mientras que la mortalidad podr\u00eda En Sonora en Equipo publicamos toda la informaci\u00f3n de Sonora, M\u00e9xico y el Mundo de manera oportuna y busca que la libertad de expresi\u00f3n sea real. Visita nuestro medio informativo publicado desde Hermosillo, Sonora. %","breadcrumb":{"@id":"https:\/\/www.sonoraenequipo.com.mx\/el-cancer-de-mama-aumentara-un-38-en-los-proximos-25-anos\/#breadcrumb"},"inLanguage":"es","potentialAction":[{"@type":"ReadAction","target":["https:\/\/www.sonoraenequipo.com.mx\/el-cancer-de-mama-aumentara-un-38-en-los-proximos-25-anos\/"]}]},{"@type":"ImageObject","inLanguage":"es","@id":"https:\/\/www.sonoraenequipo.com.mx\/el-cancer-de-mama-aumentara-un-38-en-los-proximos-25-anos\/#primaryimage","url":"https:\/\/www.sonoraenequipo.com.mx\/storage\/2017\/10\/cancermama_opt.jpg","contentUrl":"https:\/\/www.sonoraenequipo.com.mx\/storage\/2017\/10\/cancermama_opt.jpg","width":750,"height":500},{"@type":"BreadcrumbList","@id":"https:\/\/www.sonoraenequipo.com.mx\/el-cancer-de-mama-aumentara-un-38-en-los-proximos-25-anos\/#breadcrumb","itemListElement":[{"@type":"ListItem","position":1,"name":"Portada","item":"https:\/\/www.sonoraenequipo.com.mx\/"},{"@type":"ListItem","position":2,"name":"El c\u00e1ncer de mama aumentar\u00e1 un 38 % en los pr\u00f3ximos 25 a\u00f1os"}]},{"@type":"WebSite","@id":"https:\/\/www.sonoraenequipo.com.mx\/#website","url":"https:\/\/www.sonoraenequipo.com.mx\/","name":"Sonora en Equipo.","description":"Diario en l\u00ednea con Noticias desde Hermosillo, Sonora","publisher":{"@id":"https:\/\/www.sonoraenequipo.com.mx\/#organization"},"potentialAction":[{"@type":"SearchAction","target":{"@type":"EntryPoint","urlTemplate":"https:\/\/www.sonoraenequipo.com.mx\/?s={search_term_string}"},"query-input":{"@type":"PropertyValueSpecification","valueRequired":true,"valueName":"search_term_string"}}],"inLanguage":"es"},{"@type":"Organization","@id":"https:\/\/www.sonoraenequipo.com.mx\/#organization","name":"Sonoraenequipo.com.mx","url":"https:\/\/www.sonoraenequipo.com.mx\/","logo":{"@type":"ImageObject","inLanguage":"es","@id":"https:\/\/www.sonoraenequipo.com.mx\/#\/schema\/logo\/image\/","url":"https:\/\/www.sonoraenequipo.com.mx\/storage\/2019\/01\/sonoraenequipo_opt.png","contentUrl":"https:\/\/www.sonoraenequipo.com.mx\/storage\/2019\/01\/sonoraenequipo_opt.png","width":375,"height":125,"caption":"Sonoraenequipo.com.mx"},"image":{"@id":"https:\/\/www.sonoraenequipo.com.mx\/#\/schema\/logo\/image\/"},"sameAs":["https:\/\/www.facebook.com\/SonoraEE\/","https:\/\/x.com\/sonoraenequipo","https:\/\/www.youtube.com\/channel\/UC338nW-lPEYmJQs4ZABQ1SQ"]},{"@type":"Person","@id":"https:\/\/www.sonoraenequipo.com.mx\/#\/schema\/person\/50102df0fb23a8fa9e8effad8fa81386","name":"enequipo","image":{"@type":"ImageObject","inLanguage":"es","@id":"https:\/\/www.sonoraenequipo.com.mx\/#\/schema\/person\/image\/","url":"https:\/\/secure.gravatar.com\/avatar\/049821681b589dabc0bc20695993ccebb09f5b5d4d790cd9251b97faac7c652b?s=96&d=blank&r=g","contentUrl":"https:\/\/secure.gravatar.com\/avatar\/049821681b589dabc0bc20695993ccebb09f5b5d4d790cd9251b97faac7c652b?s=96&d=blank&r=g","caption":"enequipo"},"sameAs":["https:\/\/www.facebook.com\/SonoraEE"]}]}},"jetpack_featured_media_url":"https:\/\/www.sonoraenequipo.com.mx\/storage\/2017\/10\/cancermama_opt.jpg","_links":{"self":[{"href":"https:\/\/www.sonoraenequipo.com.mx\/api\/wp\/v2\/posts\/210504","targetHints":{"allow":["GET"]}}],"collection":[{"href":"https:\/\/www.sonoraenequipo.com.mx\/api\/wp\/v2\/posts"}],"about":[{"href":"https:\/\/www.sonoraenequipo.com.mx\/api\/wp\/v2\/types\/post"}],"author":[{"embeddable":true,"href":"https:\/\/www.sonoraenequipo.com.mx\/api\/wp\/v2\/users\/1"}],"replies":[{"embeddable":true,"href":"https:\/\/www.sonoraenequipo.com.mx\/api\/wp\/v2\/comments?post=210504"}],"version-history":[{"count":1,"href":"https:\/\/www.sonoraenequipo.com.mx\/api\/wp\/v2\/posts\/210504\/revisions"}],"predecessor-version":[{"id":210505,"href":"https:\/\/www.sonoraenequipo.com.mx\/api\/wp\/v2\/posts\/210504\/revisions\/210505"}],"wp:featuredmedia":[{"embeddable":true,"href":"https:\/\/www.sonoraenequipo.com.mx\/api\/wp\/v2\/media\/28058"}],"wp:attachment":[{"href":"https:\/\/www.sonoraenequipo.com.mx\/api\/wp\/v2\/media?parent=210504"}],"wp:term":[{"taxonomy":"category","embeddable":true,"href":"https:\/\/www.sonoraenequipo.com.mx\/api\/wp\/v2\/categories?post=210504"},{"taxonomy":"post_tag","embeddable":true,"href":"https:\/\/www.sonoraenequipo.com.mx\/api\/wp\/v2\/tags?post=210504"}],"curies":[{"name":"wp","href":"https:\/\/api.w.org\/{rel}","templated":true}]}}