{"id":210516,"date":"2025-02-28T14:46:39","date_gmt":"2025-02-28T21:46:39","guid":{"rendered":"https:\/\/www.sonoraenequipo.com.mx\/?p=210516"},"modified":"2025-02-28T14:46:39","modified_gmt":"2025-02-28T21:46:39","slug":"maraton-lala-2025-impulsa-al-turismo-y-la-economia-regional-de-la-laguna","status":"publish","type":"post","link":"https:\/\/www.sonoraenequipo.com.mx\/maraton-lala-2025-impulsa-al-turismo-y-la-economia-regional-de-la-laguna\/","title":{"rendered":"Marat\u00f3n Lala 2025, impulsa al turismo y la econom\u00eda regional de La Laguna"},"content":{"rendered":"<p><strong>HERMOSILLO, SONORA, MX.<\/strong> \u2014 La 36\u00aa edici\u00f3n del Marat\u00f3n Internacional Lala, programada para el 2 de marzo de 2025, se perfila como un evento de gran relevancia econ\u00f3mica y tur\u00edstica para la regi\u00f3n de La Laguna. Con la participaci\u00f3n de 4,500 corredores, se estima una derrama econ\u00f3mica de al menos 17 millones de pesos en el sector de hospedaje, con un impacto total que podr\u00eda superar los 35 millones de pesos durante el fin de semana de su celebraci\u00f3n, contribuyendo as\u00ed en la generaci\u00f3n de empleo y activaci\u00f3n econ\u00f3mica de la regi\u00f3n de La Laguna.<\/p>\n<p>&nbsp;<\/p>\n<p>&nbsp;<\/p>\n<p>&nbsp;<\/p>\n<p>Preparativos y Participaci\u00f3n<\/p>\n<p>&nbsp;<\/p>\n<p>Se han habilitado 3,000 habitaciones para recibir a los visitantes, y 100 j\u00f3venes han sido capacitados como anfitriones para brindar informaci\u00f3n y mejorar la experiencia de los participantes. Adem\u00e1s, se han establecido 50 mesas de hospitalidad en hoteles, el aeropuerto y sitios tur\u00edsticos.<\/p>\n<p>&nbsp;<\/p>\n<p>&nbsp;<\/p>\n<p>&nbsp;<\/p>\n<p>A lo largo de su trayectoria, el Marat\u00f3n Lala se ha posicionado entre los 3 eventos m\u00e1s importantes en su tipo en el pa\u00eds y dado que anualmente corredores de diversas nacionalidades como M\u00e9xico, Estados Unidos, Colombia, Venezuela, Espa\u00f1a Reino Unido, Etiop\u00eda y Kenia, entre otros, se dan cita en la justa deportiva.<\/p>\n<p>&nbsp;<\/p>\n<p>&nbsp;<\/p>\n<p>&nbsp;<\/p>\n<p>Es una competencia con relevancia mundial al ser reconocido internacionalmente por la World Athletics, la Asociaci\u00f3n Internacional de Maratones y Carreras de Distancia (AIMS) y la Federaci\u00f3n Mexicana de Asociaciones de Atletismo (FMAA), lo que lo certifica como una competencia oficial.<\/p>\n<p>&nbsp;<\/p>\n<p>&nbsp;<\/p>\n<p>&nbsp;<\/p>\n<p>Esta certificaci\u00f3n permite que los tiempos registrados en este marat\u00f3n sean considerados para clasificaciones y rankings de diversos maratones internacionales como el de Boston. Datos de ediciones previas revelan que entre el 10 y 12 de los tiempos registrados logran clasificarse a dicha competencia. A la vez de contribuir en la generaci\u00f3n de empleo y activaci\u00f3n econ\u00f3mica de la regi\u00f3n de La Laguna.<\/p>\n<p>&nbsp;<\/p>\n<p>Actividades Tur\u00edsticas y Culturales<\/p>\n<p>&nbsp;<\/p>\n<p>Durante el evento, se ofrecer\u00e1n descuentos en el acceso al Telef\u00e9rico de Torre\u00f3n y al Museo Arocena. El Santuario de Cristo Rey tambi\u00e9n abrir\u00e1 nuevos espacios para los corredores y sus familias.<\/p>\n<p>&nbsp;<\/p>\n<p>&nbsp;<\/p>\n<p>&nbsp;<\/p>\n<p>Recomendaciones de Beatriz Boullosa, nutri\u00f3loga de Marat\u00f3n Lala para los Corredores de Marat\u00f3n, \u00a1Lo que Debes Hacer el D\u00eda Previo a la Carrera!<\/p>\n<p>&nbsp;<\/p>\n<p>&nbsp;<\/p>\n<p>&nbsp;<\/p>\n<ol>\n<li>Alimentaci\u00f3n: \u00abLo primero que debes saber es que los carbohidratos son tus mejores amigos. El d\u00eda antes de la carrera, llena tu plato con fuentes de carbohidratos complejos como pastas integrales, arroz, avena y papas. Esto va a llenar tus reservas de gluc\u00f3geno, que son tu combustible durante toda la carrera. No te olvides de las frutas y verduras; son esenciales para mantenerte bien nutrido y para que tu cuerpo funcione de manera \u00f3ptima.\u00bb<\/li>\n<\/ol>\n<p>&nbsp;<\/p>\n<p>&nbsp;<\/p>\n<p>&nbsp;<\/p>\n<p>\u00abEn cuanto a las prote\u00ednas, tambi\u00e9n son importantes, pero no te excedas. Puedes incluir prote\u00ednas magras como pollo, pescado o claras de huevo. Recuerda que es para ayudar a la recuperaci\u00f3n muscular, no para generar m\u00e1s carga en tu sistema.\u00bb<\/p>\n<p>&nbsp;<\/p>\n<p>&nbsp;<\/p>\n<p>&nbsp;<\/p>\n<ol start=\"2\">\n<li>Ingesta cal\u00f3rica: \u00abEl d\u00eda antes del marat\u00f3n, debes comer lo suficiente, sin excederte. Tienes que llenar tus reservas de energ\u00eda, pero sin sentirte pesado o inc\u00f3modo. No te olvides de mantener un equilibrio entre tus alimentos, y aseg\u00farate de consumir lo necesario para sentirte ligero y lleno de energ\u00eda.\u00bb<\/li>\n<\/ol>\n<p>&nbsp;<\/p>\n<p>&nbsp;<\/p>\n<p>&nbsp;<\/p>\n<ol start=\"3\">\n<li>Hidrataci\u00f3n: \u00abUna de las claves es mantenerte bien hidratado. Empieza a hidratarte bien desde el d\u00eda anterior. No se trata solo de tomar agua, sino tambi\u00e9n de mantener el equilibrio de electrolitos. Si prefieres algo m\u00e1s que agua, una bebida isot\u00f3nica o suero te ayudar\u00e1 a mantener tus sales equilibradas. Evita el alcohol y las bebidas con mucha cafe\u00edna, ya que pueden deshidratarte.\u00bb<\/li>\n<\/ol>\n<p>&nbsp;<\/p>\n<p>&nbsp;<\/p>\n<p>&nbsp;<\/p>\n<ol start=\"4\">\n<li>Descanso: \u00abEl descanso es fundamental. La noche antes de la carrera, aseg\u00farate de dormir bien. No hagas entrenamientos intensos en las \u00faltimas 24 horas, lo que te ayudar\u00e1 a estar descansado y listo para correr. No te preocupes si no puedes dormir 8 horas exactas, lo importante es que te sientas relajado.\u00bb<\/li>\n<\/ol>\n<p>&nbsp;<\/p>\n<p>&nbsp;<\/p>\n<p>&nbsp;<\/p>\n<ol start=\"5\">\n<li>Suplementaci\u00f3n: \u00abSi tomas suplementos habitualmente, como vitaminas o amino\u00e1cidos, sigue con tu rutina, pero sin exagerar. No es momento de probar algo nuevo. Si necesitas algo adicional, consulta con tu m\u00e9dico o nutri\u00f3logo para saber qu\u00e9 es lo mejor para ti.\u00bb<\/li>\n<\/ol>\n<p>&nbsp;<\/p>\n<p>&nbsp;<\/p>\n<p>&nbsp;<\/p>\n<p>\u00abRecuerda que el d\u00eda previo es para prepararte tanto mental como f\u00edsicamente. Cuida tu cuerpo, alim\u00e9ntalo bien, hidr\u00e1talo correctamente, y aseg\u00farate de estar descansado. As\u00ed estar\u00e1s listo para enfrentar ese marat\u00f3n como un campe\u00f3n.\u00bb<\/p>\n<p>&nbsp;<\/p>\n<p><strong>Fecha de publicaci\u00f3n viernes 28 \u00a0de febrero de 2025 \/<\/strong><\/p>\n","protected":false},"excerpt":{"rendered":"<p>HERMOSILLO, SONORA, MX. \u2014 La 36\u00aa edici\u00f3n del Marat\u00f3n Internacional Lala, programada para el 2&#8230;<\/p>\n","protected":false},"author":1,"featured_media":128613,"comment_status":"open","ping_status":"open","sticky":false,"template":"","format":"standard","meta":{"_monsterinsights_skip_tracking":false,"_monsterinsights_sitenote_active":false,"_monsterinsights_sitenote_note":"","_monsterinsights_sitenote_category":0,"footnotes":""},"categories":[10],"tags":[],"class_list":["post"],"yoast_head":" \n<title>Sonora en Equipo. Marat\u00f3n Lala 2025, impulsa al turismo y la econom\u00eda regional de La Laguna Deportes<\/title>\n<meta name=\"description\" content=\"HERMOSILLO, SONORA, MX. \u2014 La 36\u00aa edici\u00f3n del Marat\u00f3n Internacional Lala, programada para el 2 de marzo de 2025, se perfila como un evento de gran En Sonora en Equipo publicamos toda la informaci\u00f3n de Sonora, M\u00e9xico y el Mundo de manera oportuna y busca que la libertad de expresi\u00f3n sea real. Visita nuestro medio informativo publicado desde Hermosillo, Sonora. %\" \/>\n<meta name=\"robots\" content=\"index, follow, max-snippet:-1, max-image-preview:large, max-video-preview:-1\" \/>\n<link rel=\"canonical\" href=\"https:\/\/www.sonoraenequipo.com.mx\/maraton-lala-2025-impulsa-al-turismo-y-la-economia-regional-de-la-laguna\/\" \/>\n<meta property=\"og:locale\" content=\"es_ES\" \/>\n<meta property=\"og:type\" content=\"article\" \/>\n<meta property=\"og:title\" content=\"Sonora en Equipo. Marat\u00f3n Lala 2025, impulsa al turismo y la econom\u00eda regional de La Laguna Deportes\" \/>\n<meta property=\"og:description\" content=\"HERMOSILLO, SONORA, MX. \u2014 La 36\u00aa edici\u00f3n del Marat\u00f3n Internacional Lala, programada para el 2 de marzo de 2025, se perfila como un evento de gran En Sonora en Equipo publicamos toda la informaci\u00f3n de Sonora, M\u00e9xico y el Mundo de manera oportuna y busca que la libertad de expresi\u00f3n sea real. Visita nuestro medio informativo publicado desde Hermosillo, Sonora. %\" \/>\n<meta property=\"og:url\" content=\"https:\/\/www.sonoraenequipo.com.mx\/maraton-lala-2025-impulsa-al-turismo-y-la-economia-regional-de-la-laguna\/\" \/>\n<meta property=\"og:site_name\" content=\"Sonora en Equipo.\" \/>\n<meta property=\"article:publisher\" content=\"https:\/\/www.facebook.com\/SonoraEE\/\" \/>\n<meta property=\"article:author\" content=\"https:\/\/www.facebook.com\/SonoraEE\" \/>\n<meta property=\"article:published_time\" content=\"2025-02-28T21:46:39+00:00\" \/>\n<meta property=\"og:image\" content=\"https:\/\/www.sonoraenequipo.com.mx\/storage\/2021\/11\/mexicanos_maraton_opt.jpg\" \/>\n\t<meta property=\"og:image:width\" content=\"700\" \/>\n\t<meta property=\"og:image:height\" content=\"431\" \/>\n\t<meta property=\"og:image:type\" content=\"image\/jpeg\" \/>\n<meta name=\"author\" content=\"enequipo\" \/>\n<meta name=\"twitter:card\" content=\"summary_large_image\" \/>\n<meta name=\"twitter:creator\" content=\"@sonoraenequipo\" \/>\n<meta name=\"twitter:site\" content=\"@sonoraenequipo\" \/>\n<meta name=\"twitter:label1\" content=\"Escrito por\" \/>\n\t<meta name=\"twitter:data1\" content=\"enequipo\" \/>\n\t<meta name=\"twitter:label2\" content=\"Tiempo de lectura\" \/>\n\t<meta name=\"twitter:data2\" content=\"4 minutos\" \/>\n<script type=\"application\/ld+json\" class=\"yoast-schema-graph\">{\"@context\":\"https:\/\/schema.org\",\"@graph\":[{\"@type\":\"Article\",\"@id\":\"https:\/\/www.sonoraenequipo.com.mx\/maraton-lala-2025-impulsa-al-turismo-y-la-economia-regional-de-la-laguna\/#article\",\"isPartOf\":{\"@id\":\"https:\/\/www.sonoraenequipo.com.mx\/maraton-lala-2025-impulsa-al-turismo-y-la-economia-regional-de-la-laguna\/\"},\"author\":{\"name\":\"enequipo\",\"@id\":\"https:\/\/www.sonoraenequipo.com.mx\/#\/schema\/person\/50102df0fb23a8fa9e8effad8fa81386\"},\"headline\":\"Marat\u00f3n Lala 2025, impulsa al turismo y la econom\u00eda regional de La Laguna\",\"datePublished\":\"2025-02-28T21:46:39+00:00\",\"mainEntityOfPage\":{\"@id\":\"https:\/\/www.sonoraenequipo.com.mx\/maraton-lala-2025-impulsa-al-turismo-y-la-economia-regional-de-la-laguna\/\"},\"wordCount\":832,\"commentCount\":0,\"publisher\":{\"@id\":\"https:\/\/www.sonoraenequipo.com.mx\/#organization\"},\"image\":{\"@id\":\"https:\/\/www.sonoraenequipo.com.mx\/maraton-lala-2025-impulsa-al-turismo-y-la-economia-regional-de-la-laguna\/#primaryimage\"},\"thumbnailUrl\":\"https:\/\/www.sonoraenequipo.com.mx\/storage\/2021\/11\/mexicanos_maraton_opt.jpg\",\"articleSection\":[\"Deportes\"],\"inLanguage\":\"es\",\"potentialAction\":[{\"@type\":\"CommentAction\",\"name\":\"Comment\",\"target\":[\"https:\/\/www.sonoraenequipo.com.mx\/maraton-lala-2025-impulsa-al-turismo-y-la-economia-regional-de-la-laguna\/#respond\"]}]},{\"@type\":\"WebPage\",\"@id\":\"https:\/\/www.sonoraenequipo.com.mx\/maraton-lala-2025-impulsa-al-turismo-y-la-economia-regional-de-la-laguna\/\",\"url\":\"https:\/\/www.sonoraenequipo.com.mx\/maraton-lala-2025-impulsa-al-turismo-y-la-economia-regional-de-la-laguna\/\",\"name\":\"Sonora en Equipo. Marat\u00f3n Lala 2025, impulsa al turismo y la econom\u00eda regional de La Laguna Deportes\",\"isPartOf\":{\"@id\":\"https:\/\/www.sonoraenequipo.com.mx\/#website\"},\"primaryImageOfPage\":{\"@id\":\"https:\/\/www.sonoraenequipo.com.mx\/maraton-lala-2025-impulsa-al-turismo-y-la-economia-regional-de-la-laguna\/#primaryimage\"},\"image\":{\"@id\":\"https:\/\/www.sonoraenequipo.com.mx\/maraton-lala-2025-impulsa-al-turismo-y-la-economia-regional-de-la-laguna\/#primaryimage\"},\"thumbnailUrl\":\"https:\/\/www.sonoraenequipo.com.mx\/storage\/2021\/11\/mexicanos_maraton_opt.jpg\",\"datePublished\":\"2025-02-28T21:46:39+00:00\",\"description\":\"HERMOSILLO, SONORA, MX. \u2014 La 36\u00aa edici\u00f3n del Marat\u00f3n Internacional Lala, programada para el 2 de marzo de 2025, se perfila como un evento de gran En Sonora en Equipo publicamos toda la informaci\u00f3n de Sonora, M\u00e9xico y el Mundo de manera oportuna y busca que la libertad de expresi\u00f3n sea real. Visita nuestro medio informativo publicado desde Hermosillo, Sonora. %\",\"breadcrumb\":{\"@id\":\"https:\/\/www.sonoraenequipo.com.mx\/maraton-lala-2025-impulsa-al-turismo-y-la-economia-regional-de-la-laguna\/#breadcrumb\"},\"inLanguage\":\"es\",\"potentialAction\":[{\"@type\":\"ReadAction\",\"target\":[\"https:\/\/www.sonoraenequipo.com.mx\/maraton-lala-2025-impulsa-al-turismo-y-la-economia-regional-de-la-laguna\/\"]}]},{\"@type\":\"ImageObject\",\"inLanguage\":\"es\",\"@id\":\"https:\/\/www.sonoraenequipo.com.mx\/maraton-lala-2025-impulsa-al-turismo-y-la-economia-regional-de-la-laguna\/#primaryimage\",\"url\":\"https:\/\/www.sonoraenequipo.com.mx\/storage\/2021\/11\/mexicanos_maraton_opt.jpg\",\"contentUrl\":\"https:\/\/www.sonoraenequipo.com.mx\/storage\/2021\/11\/mexicanos_maraton_opt.jpg\",\"width\":700,\"height\":431,\"caption\":\"Imagen ilustrativa\"},{\"@type\":\"BreadcrumbList\",\"@id\":\"https:\/\/www.sonoraenequipo.com.mx\/maraton-lala-2025-impulsa-al-turismo-y-la-economia-regional-de-la-laguna\/#breadcrumb\",\"itemListElement\":[{\"@type\":\"ListItem\",\"position\":1,\"name\":\"Portada\",\"item\":\"https:\/\/www.sonoraenequipo.com.mx\/\"},{\"@type\":\"ListItem\",\"position\":2,\"name\":\"Marat\u00f3n Lala 2025, impulsa al turismo y la econom\u00eda regional de La Laguna\"}]},{\"@type\":\"WebSite\",\"@id\":\"https:\/\/www.sonoraenequipo.com.mx\/#website\",\"url\":\"https:\/\/www.sonoraenequipo.com.mx\/\",\"name\":\"Sonora en Equipo.\",\"description\":\"Diario en l\u00ednea con Noticias desde Hermosillo, Sonora\",\"publisher\":{\"@id\":\"https:\/\/www.sonoraenequipo.com.mx\/#organization\"},\"potentialAction\":[{\"@type\":\"SearchAction\",\"target\":{\"@type\":\"EntryPoint\",\"urlTemplate\":\"https:\/\/www.sonoraenequipo.com.mx\/?s={search_term_string}\"},\"query-input\":{\"@type\":\"PropertyValueSpecification\",\"valueRequired\":true,\"valueName\":\"search_term_string\"}}],\"inLanguage\":\"es\"},{\"@type\":\"Organization\",\"@id\":\"https:\/\/www.sonoraenequipo.com.mx\/#organization\",\"name\":\"Sonoraenequipo.com.mx\",\"url\":\"https:\/\/www.sonoraenequipo.com.mx\/\",\"logo\":{\"@type\":\"ImageObject\",\"inLanguage\":\"es\",\"@id\":\"https:\/\/www.sonoraenequipo.com.mx\/#\/schema\/logo\/image\/\",\"url\":\"https:\/\/www.sonoraenequipo.com.mx\/storage\/2019\/01\/sonoraenequipo_opt.png\",\"contentUrl\":\"https:\/\/www.sonoraenequipo.com.mx\/storage\/2019\/01\/sonoraenequipo_opt.png\",\"width\":375,\"height\":125,\"caption\":\"Sonoraenequipo.com.mx\"},\"image\":{\"@id\":\"https:\/\/www.sonoraenequipo.com.mx\/#\/schema\/logo\/image\/\"},\"sameAs\":[\"https:\/\/www.facebook.com\/SonoraEE\/\",\"https:\/\/x.com\/sonoraenequipo\",\"https:\/\/www.youtube.com\/channel\/UC338nW-lPEYmJQs4ZABQ1SQ\"]},{\"@type\":\"Person\",\"@id\":\"https:\/\/www.sonoraenequipo.com.mx\/#\/schema\/person\/50102df0fb23a8fa9e8effad8fa81386\",\"name\":\"enequipo\",\"image\":{\"@type\":\"ImageObject\",\"inLanguage\":\"es\",\"@id\":\"https:\/\/www.sonoraenequipo.com.mx\/#\/schema\/person\/image\/\",\"url\":\"https:\/\/secure.gravatar.com\/avatar\/049821681b589dabc0bc20695993ccebb09f5b5d4d790cd9251b97faac7c652b?s=96&d=blank&r=g\",\"contentUrl\":\"https:\/\/secure.gravatar.com\/avatar\/049821681b589dabc0bc20695993ccebb09f5b5d4d790cd9251b97faac7c652b?s=96&d=blank&r=g\",\"caption\":\"enequipo\"},\"sameAs\":[\"https:\/\/www.facebook.com\/SonoraEE\"]}]}<\/script>\n ","yoast_head_json":{"title":"Sonora en Equipo. Marat\u00f3n Lala 2025, impulsa al turismo y la econom\u00eda regional de La Laguna Deportes","description":"HERMOSILLO, SONORA, MX. \u2014 La 36\u00aa edici\u00f3n del Marat\u00f3n Internacional Lala, programada para el 2 de marzo de 2025, se perfila como un evento de gran En Sonora en Equipo publicamos toda la informaci\u00f3n de Sonora, M\u00e9xico y el Mundo de manera oportuna y busca que la libertad de expresi\u00f3n sea real. Visita nuestro medio informativo publicado desde Hermosillo, Sonora. %","robots":{"index":"index","follow":"follow","max-snippet":"max-snippet:-1","max-image-preview":"max-image-preview:large","max-video-preview":"max-video-preview:-1"},"canonical":"https:\/\/www.sonoraenequipo.com.mx\/maraton-lala-2025-impulsa-al-turismo-y-la-economia-regional-de-la-laguna\/","og_locale":"es_ES","og_type":"article","og_title":"Sonora en Equipo. Marat\u00f3n Lala 2025, impulsa al turismo y la econom\u00eda regional de La Laguna Deportes","og_description":"HERMOSILLO, SONORA, MX. \u2014 La 36\u00aa edici\u00f3n del Marat\u00f3n Internacional Lala, programada para el 2 de marzo de 2025, se perfila como un evento de gran En Sonora en Equipo publicamos toda la informaci\u00f3n de Sonora, M\u00e9xico y el Mundo de manera oportuna y busca que la libertad de expresi\u00f3n sea real. Visita nuestro medio informativo publicado desde Hermosillo, Sonora. %","og_url":"https:\/\/www.sonoraenequipo.com.mx\/maraton-lala-2025-impulsa-al-turismo-y-la-economia-regional-de-la-laguna\/","og_site_name":"Sonora en Equipo.","article_publisher":"https:\/\/www.facebook.com\/SonoraEE\/","article_author":"https:\/\/www.facebook.com\/SonoraEE","article_published_time":"2025-02-28T21:46:39+00:00","og_image":[{"width":700,"height":431,"url":"https:\/\/www.sonoraenequipo.com.mx\/storage\/2021\/11\/mexicanos_maraton_opt.jpg","type":"image\/jpeg"}],"author":"enequipo","twitter_card":"summary_large_image","twitter_creator":"@sonoraenequipo","twitter_site":"@sonoraenequipo","twitter_misc":{"Escrito por":"enequipo","Tiempo de lectura":"4 minutos"},"schema":{"@context":"https:\/\/schema.org","@graph":[{"@type":"Article","@id":"https:\/\/www.sonoraenequipo.com.mx\/maraton-lala-2025-impulsa-al-turismo-y-la-economia-regional-de-la-laguna\/#article","isPartOf":{"@id":"https:\/\/www.sonoraenequipo.com.mx\/maraton-lala-2025-impulsa-al-turismo-y-la-economia-regional-de-la-laguna\/"},"author":{"name":"enequipo","@id":"https:\/\/www.sonoraenequipo.com.mx\/#\/schema\/person\/50102df0fb23a8fa9e8effad8fa81386"},"headline":"Marat\u00f3n Lala 2025, impulsa al turismo y la econom\u00eda regional de La Laguna","datePublished":"2025-02-28T21:46:39+00:00","mainEntityOfPage":{"@id":"https:\/\/www.sonoraenequipo.com.mx\/maraton-lala-2025-impulsa-al-turismo-y-la-economia-regional-de-la-laguna\/"},"wordCount":832,"commentCount":0,"publisher":{"@id":"https:\/\/www.sonoraenequipo.com.mx\/#organization"},"image":{"@id":"https:\/\/www.sonoraenequipo.com.mx\/maraton-lala-2025-impulsa-al-turismo-y-la-economia-regional-de-la-laguna\/#primaryimage"},"thumbnailUrl":"https:\/\/www.sonoraenequipo.com.mx\/storage\/2021\/11\/mexicanos_maraton_opt.jpg","articleSection":["Deportes"],"inLanguage":"es","potentialAction":[{"@type":"CommentAction","name":"Comment","target":["https:\/\/www.sonoraenequipo.com.mx\/maraton-lala-2025-impulsa-al-turismo-y-la-economia-regional-de-la-laguna\/#respond"]}]},{"@type":"WebPage","@id":"https:\/\/www.sonoraenequipo.com.mx\/maraton-lala-2025-impulsa-al-turismo-y-la-economia-regional-de-la-laguna\/","url":"https:\/\/www.sonoraenequipo.com.mx\/maraton-lala-2025-impulsa-al-turismo-y-la-economia-regional-de-la-laguna\/","name":"Sonora en Equipo. Marat\u00f3n Lala 2025, impulsa al turismo y la econom\u00eda regional de La Laguna Deportes","isPartOf":{"@id":"https:\/\/www.sonoraenequipo.com.mx\/#website"},"primaryImageOfPage":{"@id":"https:\/\/www.sonoraenequipo.com.mx\/maraton-lala-2025-impulsa-al-turismo-y-la-economia-regional-de-la-laguna\/#primaryimage"},"image":{"@id":"https:\/\/www.sonoraenequipo.com.mx\/maraton-lala-2025-impulsa-al-turismo-y-la-economia-regional-de-la-laguna\/#primaryimage"},"thumbnailUrl":"https:\/\/www.sonoraenequipo.com.mx\/storage\/2021\/11\/mexicanos_maraton_opt.jpg","datePublished":"2025-02-28T21:46:39+00:00","description":"HERMOSILLO, SONORA, MX. \u2014 La 36\u00aa edici\u00f3n del Marat\u00f3n Internacional Lala, programada para el 2 de marzo de 2025, se perfila como un evento de gran En Sonora en Equipo publicamos toda la informaci\u00f3n de Sonora, M\u00e9xico y el Mundo de manera oportuna y busca que la libertad de expresi\u00f3n sea real. Visita nuestro medio informativo publicado desde Hermosillo, Sonora. %","breadcrumb":{"@id":"https:\/\/www.sonoraenequipo.com.mx\/maraton-lala-2025-impulsa-al-turismo-y-la-economia-regional-de-la-laguna\/#breadcrumb"},"inLanguage":"es","potentialAction":[{"@type":"ReadAction","target":["https:\/\/www.sonoraenequipo.com.mx\/maraton-lala-2025-impulsa-al-turismo-y-la-economia-regional-de-la-laguna\/"]}]},{"@type":"ImageObject","inLanguage":"es","@id":"https:\/\/www.sonoraenequipo.com.mx\/maraton-lala-2025-impulsa-al-turismo-y-la-economia-regional-de-la-laguna\/#primaryimage","url":"https:\/\/www.sonoraenequipo.com.mx\/storage\/2021\/11\/mexicanos_maraton_opt.jpg","contentUrl":"https:\/\/www.sonoraenequipo.com.mx\/storage\/2021\/11\/mexicanos_maraton_opt.jpg","width":700,"height":431,"caption":"Imagen ilustrativa"},{"@type":"BreadcrumbList","@id":"https:\/\/www.sonoraenequipo.com.mx\/maraton-lala-2025-impulsa-al-turismo-y-la-economia-regional-de-la-laguna\/#breadcrumb","itemListElement":[{"@type":"ListItem","position":1,"name":"Portada","item":"https:\/\/www.sonoraenequipo.com.mx\/"},{"@type":"ListItem","position":2,"name":"Marat\u00f3n Lala 2025, impulsa al turismo y la econom\u00eda regional de La Laguna"}]},{"@type":"WebSite","@id":"https:\/\/www.sonoraenequipo.com.mx\/#website","url":"https:\/\/www.sonoraenequipo.com.mx\/","name":"Sonora en Equipo.","description":"Diario en l\u00ednea con Noticias desde Hermosillo, Sonora","publisher":{"@id":"https:\/\/www.sonoraenequipo.com.mx\/#organization"},"potentialAction":[{"@type":"SearchAction","target":{"@type":"EntryPoint","urlTemplate":"https:\/\/www.sonoraenequipo.com.mx\/?s={search_term_string}"},"query-input":{"@type":"PropertyValueSpecification","valueRequired":true,"valueName":"search_term_string"}}],"inLanguage":"es"},{"@type":"Organization","@id":"https:\/\/www.sonoraenequipo.com.mx\/#organization","name":"Sonoraenequipo.com.mx","url":"https:\/\/www.sonoraenequipo.com.mx\/","logo":{"@type":"ImageObject","inLanguage":"es","@id":"https:\/\/www.sonoraenequipo.com.mx\/#\/schema\/logo\/image\/","url":"https:\/\/www.sonoraenequipo.com.mx\/storage\/2019\/01\/sonoraenequipo_opt.png","contentUrl":"https:\/\/www.sonoraenequipo.com.mx\/storage\/2019\/01\/sonoraenequipo_opt.png","width":375,"height":125,"caption":"Sonoraenequipo.com.mx"},"image":{"@id":"https:\/\/www.sonoraenequipo.com.mx\/#\/schema\/logo\/image\/"},"sameAs":["https:\/\/www.facebook.com\/SonoraEE\/","https:\/\/x.com\/sonoraenequipo","https:\/\/www.youtube.com\/channel\/UC338nW-lPEYmJQs4ZABQ1SQ"]},{"@type":"Person","@id":"https:\/\/www.sonoraenequipo.com.mx\/#\/schema\/person\/50102df0fb23a8fa9e8effad8fa81386","name":"enequipo","image":{"@type":"ImageObject","inLanguage":"es","@id":"https:\/\/www.sonoraenequipo.com.mx\/#\/schema\/person\/image\/","url":"https:\/\/secure.gravatar.com\/avatar\/049821681b589dabc0bc20695993ccebb09f5b5d4d790cd9251b97faac7c652b?s=96&d=blank&r=g","contentUrl":"https:\/\/secure.gravatar.com\/avatar\/049821681b589dabc0bc20695993ccebb09f5b5d4d790cd9251b97faac7c652b?s=96&d=blank&r=g","caption":"enequipo"},"sameAs":["https:\/\/www.facebook.com\/SonoraEE"]}]}},"jetpack_featured_media_url":"https:\/\/www.sonoraenequipo.com.mx\/storage\/2021\/11\/mexicanos_maraton_opt.jpg","_links":{"self":[{"href":"https:\/\/www.sonoraenequipo.com.mx\/api\/wp\/v2\/posts\/210516","targetHints":{"allow":["GET"]}}],"collection":[{"href":"https:\/\/www.sonoraenequipo.com.mx\/api\/wp\/v2\/posts"}],"about":[{"href":"https:\/\/www.sonoraenequipo.com.mx\/api\/wp\/v2\/types\/post"}],"author":[{"embeddable":true,"href":"https:\/\/www.sonoraenequipo.com.mx\/api\/wp\/v2\/users\/1"}],"replies":[{"embeddable":true,"href":"https:\/\/www.sonoraenequipo.com.mx\/api\/wp\/v2\/comments?post=210516"}],"version-history":[{"count":1,"href":"https:\/\/www.sonoraenequipo.com.mx\/api\/wp\/v2\/posts\/210516\/revisions"}],"predecessor-version":[{"id":210517,"href":"https:\/\/www.sonoraenequipo.com.mx\/api\/wp\/v2\/posts\/210516\/revisions\/210517"}],"wp:featuredmedia":[{"embeddable":true,"href":"https:\/\/www.sonoraenequipo.com.mx\/api\/wp\/v2\/media\/128613"}],"wp:attachment":[{"href":"https:\/\/www.sonoraenequipo.com.mx\/api\/wp\/v2\/media?parent=210516"}],"wp:term":[{"taxonomy":"category","embeddable":true,"href":"https:\/\/www.sonoraenequipo.com.mx\/api\/wp\/v2\/categories?post=210516"},{"taxonomy":"post_tag","embeddable":true,"href":"https:\/\/www.sonoraenequipo.com.mx\/api\/wp\/v2\/tags?post=210516"}],"curies":[{"name":"wp","href":"https:\/\/api.w.org\/{rel}","templated":true}]}}