{"id":210524,"date":"2025-02-28T16:12:01","date_gmt":"2025-02-28T23:12:01","guid":{"rendered":"https:\/\/www.sonoraenequipo.com.mx\/?p=210524"},"modified":"2025-02-28T18:08:40","modified_gmt":"2025-03-01T01:08:40","slug":"gobierno-del-estado-refuerza-coordinacion-con-sistemas-municipales-a-favor-de-la-asistencia-social-dif-sonora","status":"publish","type":"post","link":"https:\/\/www.sonoraenequipo.com.mx\/gobierno-del-estado-refuerza-coordinacion-con-sistemas-municipales-a-favor-de-la-asistencia-social-dif-sonora\/","title":{"rendered":"Gobierno del Estado refuerza coordinaci\u00f3n con sistemas municipales a favor de la asistencia social: DIF Sonora"},"content":{"rendered":"<p><strong>HERMOSILLO, SONORA, MX.<\/strong> \u2014 Con el firme compromiso de fortalecer la asistencia social en el estado, se llev\u00f3 a cabo la Quinta Reuni\u00f3n de Fortalecimiento de los Sistemas DIF Municipales 2025, un espacio de di\u00e1logo y coordinaci\u00f3n intergubernamental encabezado por la presidenta honoraria, Roc\u00edo Ch\u00e1vez Murillo y la directora general del Sistema DIF Sonora, Lizeth V\u00e1squez.<\/p>\n<p>&nbsp;<\/p>\n<p>&nbsp;<\/p>\n<p>&nbsp;<\/p>\n<p>La presidenta honoraria del sistema DIF Sonora, Roc\u00edo Ch\u00e1vez Murillo, dio la bienvenida a quienes presiden y dirigen los DIF de los 72 municipios de Sonora, agradeci\u00f3 el esfuerzo que realizan para que se genere este tipo de espacios de di\u00e1logo y retroalimentaci\u00f3n.<\/p>\n<p>&nbsp;<\/p>\n<p>&nbsp;<\/p>\n<p>&nbsp;<\/p>\n<p>Durante su intervenci\u00f3n, la directora general del Sistema DIF Sonora, Lizeth V\u00e1squez Ochoa destac\u00f3 que, bajo el liderazgo del gobernador Alfonso Durazo Monta\u00f1o, se ha impulsado una nueva visi\u00f3n de la asistencia social basada en la dignidad humana y el reconocimiento de los derechos de todas las personas, especialmente de aquellas en situaci\u00f3n de vulnerabilidad.<\/p>\n<p>&nbsp;<\/p>\n<p>&nbsp;<\/p>\n<p>&nbsp;<\/p>\n<p>En el evento, dirigido a titulares de los sistemas DIF municipales y subprocuradur\u00edas, se abordaron los principales programas y estrategias que han permitido mejorar la calidad de vida de ni\u00f1as, ni\u00f1os, adolescentes, personas mayores, personas con discapacidad, migrantes y comunidades en condiciones de vulnerabilidad, pobreza o marginaci\u00f3n.<\/p>\n<p>&nbsp;<\/p>\n<p>&nbsp;<\/p>\n<p>&nbsp;<\/p>\n<p>Entre las acciones prioritarias mencionadas, se destac\u00f3 la estrategia alimentaria \u201cHambre Cero\u201d, con la que se ha reducido la pobreza alimentaria en el estado, garantizando el acceso a alimentos nutritivos a la poblaci\u00f3n desde la gestaci\u00f3n hasta la vejez. Adem\u00e1s, se resalt\u00f3 la importancia del programa \u201cPrimeros 1000 D\u00edas de Vida\u201d, que forma parte de los 100 compromisos del gobierno federal liderado por la presidenta Claudia Sheinbaum.<\/p>\n<p>&nbsp;<\/p>\n<p>&nbsp;<\/p>\n<p>&nbsp;<\/p>\n<p>En materia de inclusi\u00f3n, Lizeth V\u00e1squez subray\u00f3 el trabajo de la Procuradur\u00eda de la Defensa de los Derechos de las Personas con Discapacidad, as\u00ed como los programas de rehabilitaci\u00f3n, apoyo con medicamentos, aparatos ortop\u00e9dicos, traslados y gastos funerarios para quienes enfrentan emergencias econ\u00f3micas.<\/p>\n<p>&nbsp;<\/p>\n<p>&nbsp;<\/p>\n<p>&nbsp;<\/p>\n<p>Asimismo, se reconoci\u00f3 la labor de las procuradur\u00edas de Protecci\u00f3n de Ni\u00f1as, Ni\u00f1os y Adolescentes, as\u00ed como de Defensa del Adulto Mayor, en coordinaci\u00f3n con los municipios, para garantizar la protecci\u00f3n de los sectores m\u00e1s vulnerables.<\/p>\n<p>&nbsp;<\/p>\n<p>&nbsp;<\/p>\n<p>&nbsp;<\/p>\n<p>De igual forma, se destac\u00f3 el esfuerzo de los centros de asistencia social Unacari y Jineseki, que atienden a ni\u00f1as, ni\u00f1os y adolescentes sin cuidados parentales, y la implementaci\u00f3n del \u201cProyecto Horizonte\u201d, que fomenta la autonom\u00eda e independencia de j\u00f3venes egresados de estos espacios. Tambi\u00e9n se mencion\u00f3 la operaci\u00f3n de los centros Tin Otoch y Yoemia, as\u00ed como los m\u00f3dulos Camino a Casa en Nogales y San Luis R\u00edo Colorado, dirigidos a la atenci\u00f3n de menores en situaci\u00f3n de movilidad humana.<\/p>\n<p>&nbsp;<\/p>\n<p>&nbsp;<\/p>\n<p>&nbsp;<\/p>\n<p>Finalmente, Lizeth V\u00e1squez reconoci\u00f3 el trabajo de los voluntariados y reafirm\u00f3 la importancia de la coordinaci\u00f3n con los 72 sistemas DIF municipales para que los programas y servicios lleguen a cada rinc\u00f3n del estado.<\/p>\n<p>&nbsp;<\/p>\n<p>&nbsp;<\/p>\n<p>&nbsp;<\/p>\n<p>\u201cPara el Gobierno de Sonora, es fundamental fortalecer esta sinergia con las autoridades municipales, pues solo as\u00ed podemos implementar pol\u00edticas p\u00fablicas que respondan a las realidades de cada comunidad. La visi\u00f3n municipalista del gobernador Alfonso Durazo es clara: que Sonora sea una verdadera tierra de oportunidades para todas y todos\u201d, concluy\u00f3.<\/p>\n<p>&nbsp;<\/p>\n<p><strong>Fecha de publicaci\u00f3n viernes 28 &nbsp;de febrero de 2025 \/<\/strong><\/p>\n","protected":false},"excerpt":{"rendered":"<p>HERMOSILLO, SONORA, MX. \u2014 Con el firme compromiso de fortalecer la asistencia social en el&#8230;<\/p>\n","protected":false},"author":1,"featured_media":210531,"comment_status":"open","ping_status":"open","sticky":false,"template":"","format":"standard","meta":{"_monsterinsights_skip_tracking":false,"_monsterinsights_sitenote_active":false,"_monsterinsights_sitenote_note":"","_monsterinsights_sitenote_category":0,"footnotes":""},"categories":[22],"tags":[10919,3579,6839,15],"class_list":["post"],"yoast_head":" \n<title>Sonora en Equipo. Gobierno del Estado refuerza coordinaci\u00f3n con sistemas municipales a favor de la asistencia social: DIF Sonora Sonora<\/title>\n<meta name=\"description\" content=\"HERMOSILLO, SONORA, MX. \u2014 Con el firme compromiso de fortalecer la asistencia social en el estado, se llev\u00f3 a cabo la Quinta Reuni\u00f3n de Fortalecimiento de En Sonora en Equipo publicamos toda la informaci\u00f3n de Sonora, M\u00e9xico y el Mundo de manera oportuna y busca que la libertad de expresi\u00f3n sea real. Visita nuestro medio informativo publicado desde Hermosillo, Sonora. %\" \/>\n<meta name=\"robots\" content=\"index, follow, max-snippet:-1, max-image-preview:large, max-video-preview:-1\" \/>\n<link rel=\"canonical\" href=\"https:\/\/www.sonoraenequipo.com.mx\/gobierno-del-estado-refuerza-coordinacion-con-sistemas-municipales-a-favor-de-la-asistencia-social-dif-sonora\/\" \/>\n<meta property=\"og:locale\" content=\"es_ES\" \/>\n<meta property=\"og:type\" content=\"article\" \/>\n<meta property=\"og:title\" content=\"Sonora en Equipo. Gobierno del Estado refuerza coordinaci\u00f3n con sistemas municipales a favor de la asistencia social: DIF Sonora Sonora\" \/>\n<meta property=\"og:description\" content=\"HERMOSILLO, SONORA, MX. \u2014 Con el firme compromiso de fortalecer la asistencia social en el estado, se llev\u00f3 a cabo la Quinta Reuni\u00f3n de Fortalecimiento de En Sonora en Equipo publicamos toda la informaci\u00f3n de Sonora, M\u00e9xico y el Mundo de manera oportuna y busca que la libertad de expresi\u00f3n sea real. Visita nuestro medio informativo publicado desde Hermosillo, Sonora. %\" \/>\n<meta property=\"og:url\" content=\"https:\/\/www.sonoraenequipo.com.mx\/gobierno-del-estado-refuerza-coordinacion-con-sistemas-municipales-a-favor-de-la-asistencia-social-dif-sonora\/\" \/>\n<meta property=\"og:site_name\" content=\"Sonora en Equipo.\" \/>\n<meta property=\"article:publisher\" content=\"https:\/\/www.facebook.com\/SonoraEE\/\" \/>\n<meta property=\"article:author\" content=\"https:\/\/www.facebook.com\/SonoraEE\" \/>\n<meta property=\"article:published_time\" content=\"2025-02-28T23:12:01+00:00\" \/>\n<meta property=\"article:modified_time\" content=\"2025-03-01T01:08:40+00:00\" \/>\n<meta property=\"og:image\" content=\"https:\/\/www.sonoraenequipo.com.mx\/storage\/2025\/02\/dif-sonora.jpg\" \/>\n\t<meta property=\"og:image:width\" content=\"600\" \/>\n\t<meta property=\"og:image:height\" content=\"400\" \/>\n\t<meta property=\"og:image:type\" content=\"image\/jpeg\" \/>\n<meta name=\"author\" content=\"enequipo\" \/>\n<meta name=\"twitter:card\" content=\"summary_large_image\" \/>\n<meta name=\"twitter:creator\" content=\"@sonoraenequipo\" \/>\n<meta name=\"twitter:site\" content=\"@sonoraenequipo\" \/>\n<meta name=\"twitter:label1\" content=\"Escrito por\" \/>\n\t<meta name=\"twitter:data1\" content=\"enequipo\" \/>\n\t<meta name=\"twitter:label2\" content=\"Tiempo de lectura\" \/>\n\t<meta name=\"twitter:data2\" content=\"3 minutos\" \/>\n<script type=\"application\/ld+json\" class=\"yoast-schema-graph\">{\"@context\":\"https:\/\/schema.org\",\"@graph\":[{\"@type\":\"Article\",\"@id\":\"https:\/\/www.sonoraenequipo.com.mx\/gobierno-del-estado-refuerza-coordinacion-con-sistemas-municipales-a-favor-de-la-asistencia-social-dif-sonora\/#article\",\"isPartOf\":{\"@id\":\"https:\/\/www.sonoraenequipo.com.mx\/gobierno-del-estado-refuerza-coordinacion-con-sistemas-municipales-a-favor-de-la-asistencia-social-dif-sonora\/\"},\"author\":{\"name\":\"enequipo\",\"@id\":\"https:\/\/www.sonoraenequipo.com.mx\/#\/schema\/person\/50102df0fb23a8fa9e8effad8fa81386\"},\"headline\":\"Gobierno del Estado refuerza coordinaci\u00f3n con sistemas municipales a favor de la asistencia social: DIF Sonora\",\"datePublished\":\"2025-02-28T23:12:01+00:00\",\"dateModified\":\"2025-03-01T01:08:40+00:00\",\"mainEntityOfPage\":{\"@id\":\"https:\/\/www.sonoraenequipo.com.mx\/gobierno-del-estado-refuerza-coordinacion-con-sistemas-municipales-a-favor-de-la-asistencia-social-dif-sonora\/\"},\"wordCount\":614,\"commentCount\":0,\"publisher\":{\"@id\":\"https:\/\/www.sonoraenequipo.com.mx\/#organization\"},\"image\":{\"@id\":\"https:\/\/www.sonoraenequipo.com.mx\/gobierno-del-estado-refuerza-coordinacion-con-sistemas-municipales-a-favor-de-la-asistencia-social-dif-sonora\/#primaryimage\"},\"thumbnailUrl\":\"https:\/\/www.sonoraenequipo.com.mx\/storage\/2025\/02\/dif-sonora.jpg\",\"keywords\":[\"asistencia\",\"dif\",\"social\",\"Sonora\"],\"articleSection\":[\"Sonora\"],\"inLanguage\":\"es\",\"potentialAction\":[{\"@type\":\"CommentAction\",\"name\":\"Comment\",\"target\":[\"https:\/\/www.sonoraenequipo.com.mx\/gobierno-del-estado-refuerza-coordinacion-con-sistemas-municipales-a-favor-de-la-asistencia-social-dif-sonora\/#respond\"]}]},{\"@type\":\"WebPage\",\"@id\":\"https:\/\/www.sonoraenequipo.com.mx\/gobierno-del-estado-refuerza-coordinacion-con-sistemas-municipales-a-favor-de-la-asistencia-social-dif-sonora\/\",\"url\":\"https:\/\/www.sonoraenequipo.com.mx\/gobierno-del-estado-refuerza-coordinacion-con-sistemas-municipales-a-favor-de-la-asistencia-social-dif-sonora\/\",\"name\":\"Sonora en Equipo. Gobierno del Estado refuerza coordinaci\u00f3n con sistemas municipales a favor de la asistencia social: DIF Sonora Sonora\",\"isPartOf\":{\"@id\":\"https:\/\/www.sonoraenequipo.com.mx\/#website\"},\"primaryImageOfPage\":{\"@id\":\"https:\/\/www.sonoraenequipo.com.mx\/gobierno-del-estado-refuerza-coordinacion-con-sistemas-municipales-a-favor-de-la-asistencia-social-dif-sonora\/#primaryimage\"},\"image\":{\"@id\":\"https:\/\/www.sonoraenequipo.com.mx\/gobierno-del-estado-refuerza-coordinacion-con-sistemas-municipales-a-favor-de-la-asistencia-social-dif-sonora\/#primaryimage\"},\"thumbnailUrl\":\"https:\/\/www.sonoraenequipo.com.mx\/storage\/2025\/02\/dif-sonora.jpg\",\"datePublished\":\"2025-02-28T23:12:01+00:00\",\"dateModified\":\"2025-03-01T01:08:40+00:00\",\"description\":\"HERMOSILLO, SONORA, MX. \u2014 Con el firme compromiso de fortalecer la asistencia social en el estado, se llev\u00f3 a cabo la Quinta Reuni\u00f3n de Fortalecimiento de En Sonora en Equipo publicamos toda la informaci\u00f3n de Sonora, M\u00e9xico y el Mundo de manera oportuna y busca que la libertad de expresi\u00f3n sea real. Visita nuestro medio informativo publicado desde Hermosillo, Sonora. %\",\"breadcrumb\":{\"@id\":\"https:\/\/www.sonoraenequipo.com.mx\/gobierno-del-estado-refuerza-coordinacion-con-sistemas-municipales-a-favor-de-la-asistencia-social-dif-sonora\/#breadcrumb\"},\"inLanguage\":\"es\",\"potentialAction\":[{\"@type\":\"ReadAction\",\"target\":[\"https:\/\/www.sonoraenequipo.com.mx\/gobierno-del-estado-refuerza-coordinacion-con-sistemas-municipales-a-favor-de-la-asistencia-social-dif-sonora\/\"]}]},{\"@type\":\"ImageObject\",\"inLanguage\":\"es\",\"@id\":\"https:\/\/www.sonoraenequipo.com.mx\/gobierno-del-estado-refuerza-coordinacion-con-sistemas-municipales-a-favor-de-la-asistencia-social-dif-sonora\/#primaryimage\",\"url\":\"https:\/\/www.sonoraenequipo.com.mx\/storage\/2025\/02\/dif-sonora.jpg\",\"contentUrl\":\"https:\/\/www.sonoraenequipo.com.mx\/storage\/2025\/02\/dif-sonora.jpg\",\"width\":600,\"height\":400},{\"@type\":\"BreadcrumbList\",\"@id\":\"https:\/\/www.sonoraenequipo.com.mx\/gobierno-del-estado-refuerza-coordinacion-con-sistemas-municipales-a-favor-de-la-asistencia-social-dif-sonora\/#breadcrumb\",\"itemListElement\":[{\"@type\":\"ListItem\",\"position\":1,\"name\":\"Portada\",\"item\":\"https:\/\/www.sonoraenequipo.com.mx\/\"},{\"@type\":\"ListItem\",\"position\":2,\"name\":\"Gobierno del Estado refuerza coordinaci\u00f3n con sistemas municipales a favor de la asistencia social: DIF Sonora\"}]},{\"@type\":\"WebSite\",\"@id\":\"https:\/\/www.sonoraenequipo.com.mx\/#website\",\"url\":\"https:\/\/www.sonoraenequipo.com.mx\/\",\"name\":\"Sonora en Equipo.\",\"description\":\"Diario en l\u00ednea con Noticias desde Hermosillo, Sonora\",\"publisher\":{\"@id\":\"https:\/\/www.sonoraenequipo.com.mx\/#organization\"},\"potentialAction\":[{\"@type\":\"SearchAction\",\"target\":{\"@type\":\"EntryPoint\",\"urlTemplate\":\"https:\/\/www.sonoraenequipo.com.mx\/?s={search_term_string}\"},\"query-input\":{\"@type\":\"PropertyValueSpecification\",\"valueRequired\":true,\"valueName\":\"search_term_string\"}}],\"inLanguage\":\"es\"},{\"@type\":\"Organization\",\"@id\":\"https:\/\/www.sonoraenequipo.com.mx\/#organization\",\"name\":\"Sonoraenequipo.com.mx\",\"url\":\"https:\/\/www.sonoraenequipo.com.mx\/\",\"logo\":{\"@type\":\"ImageObject\",\"inLanguage\":\"es\",\"@id\":\"https:\/\/www.sonoraenequipo.com.mx\/#\/schema\/logo\/image\/\",\"url\":\"https:\/\/www.sonoraenequipo.com.mx\/storage\/2019\/01\/sonoraenequipo_opt.png\",\"contentUrl\":\"https:\/\/www.sonoraenequipo.com.mx\/storage\/2019\/01\/sonoraenequipo_opt.png\",\"width\":375,\"height\":125,\"caption\":\"Sonoraenequipo.com.mx\"},\"image\":{\"@id\":\"https:\/\/www.sonoraenequipo.com.mx\/#\/schema\/logo\/image\/\"},\"sameAs\":[\"https:\/\/www.facebook.com\/SonoraEE\/\",\"https:\/\/x.com\/sonoraenequipo\",\"https:\/\/www.youtube.com\/channel\/UC338nW-lPEYmJQs4ZABQ1SQ\"]},{\"@type\":\"Person\",\"@id\":\"https:\/\/www.sonoraenequipo.com.mx\/#\/schema\/person\/50102df0fb23a8fa9e8effad8fa81386\",\"name\":\"enequipo\",\"image\":{\"@type\":\"ImageObject\",\"inLanguage\":\"es\",\"@id\":\"https:\/\/www.sonoraenequipo.com.mx\/#\/schema\/person\/image\/\",\"url\":\"https:\/\/secure.gravatar.com\/avatar\/049821681b589dabc0bc20695993ccebb09f5b5d4d790cd9251b97faac7c652b?s=96&d=blank&r=g\",\"contentUrl\":\"https:\/\/secure.gravatar.com\/avatar\/049821681b589dabc0bc20695993ccebb09f5b5d4d790cd9251b97faac7c652b?s=96&d=blank&r=g\",\"caption\":\"enequipo\"},\"sameAs\":[\"https:\/\/www.facebook.com\/SonoraEE\"]}]}<\/script>\n ","yoast_head_json":{"title":"Sonora en Equipo. Gobierno del Estado refuerza coordinaci\u00f3n con sistemas municipales a favor de la asistencia social: DIF Sonora Sonora","description":"HERMOSILLO, SONORA, MX. \u2014 Con el firme compromiso de fortalecer la asistencia social en el estado, se llev\u00f3 a cabo la Quinta Reuni\u00f3n de Fortalecimiento de En Sonora en Equipo publicamos toda la informaci\u00f3n de Sonora, M\u00e9xico y el Mundo de manera oportuna y busca que la libertad de expresi\u00f3n sea real. Visita nuestro medio informativo publicado desde Hermosillo, Sonora. %","robots":{"index":"index","follow":"follow","max-snippet":"max-snippet:-1","max-image-preview":"max-image-preview:large","max-video-preview":"max-video-preview:-1"},"canonical":"https:\/\/www.sonoraenequipo.com.mx\/gobierno-del-estado-refuerza-coordinacion-con-sistemas-municipales-a-favor-de-la-asistencia-social-dif-sonora\/","og_locale":"es_ES","og_type":"article","og_title":"Sonora en Equipo. Gobierno del Estado refuerza coordinaci\u00f3n con sistemas municipales a favor de la asistencia social: DIF Sonora Sonora","og_description":"HERMOSILLO, SONORA, MX. \u2014 Con el firme compromiso de fortalecer la asistencia social en el estado, se llev\u00f3 a cabo la Quinta Reuni\u00f3n de Fortalecimiento de En Sonora en Equipo publicamos toda la informaci\u00f3n de Sonora, M\u00e9xico y el Mundo de manera oportuna y busca que la libertad de expresi\u00f3n sea real. Visita nuestro medio informativo publicado desde Hermosillo, Sonora. %","og_url":"https:\/\/www.sonoraenequipo.com.mx\/gobierno-del-estado-refuerza-coordinacion-con-sistemas-municipales-a-favor-de-la-asistencia-social-dif-sonora\/","og_site_name":"Sonora en Equipo.","article_publisher":"https:\/\/www.facebook.com\/SonoraEE\/","article_author":"https:\/\/www.facebook.com\/SonoraEE","article_published_time":"2025-02-28T23:12:01+00:00","article_modified_time":"2025-03-01T01:08:40+00:00","og_image":[{"width":600,"height":400,"url":"https:\/\/www.sonoraenequipo.com.mx\/storage\/2025\/02\/dif-sonora.jpg","type":"image\/jpeg"}],"author":"enequipo","twitter_card":"summary_large_image","twitter_creator":"@sonoraenequipo","twitter_site":"@sonoraenequipo","twitter_misc":{"Escrito por":"enequipo","Tiempo de lectura":"3 minutos"},"schema":{"@context":"https:\/\/schema.org","@graph":[{"@type":"Article","@id":"https:\/\/www.sonoraenequipo.com.mx\/gobierno-del-estado-refuerza-coordinacion-con-sistemas-municipales-a-favor-de-la-asistencia-social-dif-sonora\/#article","isPartOf":{"@id":"https:\/\/www.sonoraenequipo.com.mx\/gobierno-del-estado-refuerza-coordinacion-con-sistemas-municipales-a-favor-de-la-asistencia-social-dif-sonora\/"},"author":{"name":"enequipo","@id":"https:\/\/www.sonoraenequipo.com.mx\/#\/schema\/person\/50102df0fb23a8fa9e8effad8fa81386"},"headline":"Gobierno del Estado refuerza coordinaci\u00f3n con sistemas municipales a favor de la asistencia social: DIF Sonora","datePublished":"2025-02-28T23:12:01+00:00","dateModified":"2025-03-01T01:08:40+00:00","mainEntityOfPage":{"@id":"https:\/\/www.sonoraenequipo.com.mx\/gobierno-del-estado-refuerza-coordinacion-con-sistemas-municipales-a-favor-de-la-asistencia-social-dif-sonora\/"},"wordCount":614,"commentCount":0,"publisher":{"@id":"https:\/\/www.sonoraenequipo.com.mx\/#organization"},"image":{"@id":"https:\/\/www.sonoraenequipo.com.mx\/gobierno-del-estado-refuerza-coordinacion-con-sistemas-municipales-a-favor-de-la-asistencia-social-dif-sonora\/#primaryimage"},"thumbnailUrl":"https:\/\/www.sonoraenequipo.com.mx\/storage\/2025\/02\/dif-sonora.jpg","keywords":["asistencia","dif","social","Sonora"],"articleSection":["Sonora"],"inLanguage":"es","potentialAction":[{"@type":"CommentAction","name":"Comment","target":["https:\/\/www.sonoraenequipo.com.mx\/gobierno-del-estado-refuerza-coordinacion-con-sistemas-municipales-a-favor-de-la-asistencia-social-dif-sonora\/#respond"]}]},{"@type":"WebPage","@id":"https:\/\/www.sonoraenequipo.com.mx\/gobierno-del-estado-refuerza-coordinacion-con-sistemas-municipales-a-favor-de-la-asistencia-social-dif-sonora\/","url":"https:\/\/www.sonoraenequipo.com.mx\/gobierno-del-estado-refuerza-coordinacion-con-sistemas-municipales-a-favor-de-la-asistencia-social-dif-sonora\/","name":"Sonora en Equipo. Gobierno del Estado refuerza coordinaci\u00f3n con sistemas municipales a favor de la asistencia social: DIF Sonora Sonora","isPartOf":{"@id":"https:\/\/www.sonoraenequipo.com.mx\/#website"},"primaryImageOfPage":{"@id":"https:\/\/www.sonoraenequipo.com.mx\/gobierno-del-estado-refuerza-coordinacion-con-sistemas-municipales-a-favor-de-la-asistencia-social-dif-sonora\/#primaryimage"},"image":{"@id":"https:\/\/www.sonoraenequipo.com.mx\/gobierno-del-estado-refuerza-coordinacion-con-sistemas-municipales-a-favor-de-la-asistencia-social-dif-sonora\/#primaryimage"},"thumbnailUrl":"https:\/\/www.sonoraenequipo.com.mx\/storage\/2025\/02\/dif-sonora.jpg","datePublished":"2025-02-28T23:12:01+00:00","dateModified":"2025-03-01T01:08:40+00:00","description":"HERMOSILLO, SONORA, MX. \u2014 Con el firme compromiso de fortalecer la asistencia social en el estado, se llev\u00f3 a cabo la Quinta Reuni\u00f3n de Fortalecimiento de En Sonora en Equipo publicamos toda la informaci\u00f3n de Sonora, M\u00e9xico y el Mundo de manera oportuna y busca que la libertad de expresi\u00f3n sea real. Visita nuestro medio informativo publicado desde Hermosillo, Sonora. %","breadcrumb":{"@id":"https:\/\/www.sonoraenequipo.com.mx\/gobierno-del-estado-refuerza-coordinacion-con-sistemas-municipales-a-favor-de-la-asistencia-social-dif-sonora\/#breadcrumb"},"inLanguage":"es","potentialAction":[{"@type":"ReadAction","target":["https:\/\/www.sonoraenequipo.com.mx\/gobierno-del-estado-refuerza-coordinacion-con-sistemas-municipales-a-favor-de-la-asistencia-social-dif-sonora\/"]}]},{"@type":"ImageObject","inLanguage":"es","@id":"https:\/\/www.sonoraenequipo.com.mx\/gobierno-del-estado-refuerza-coordinacion-con-sistemas-municipales-a-favor-de-la-asistencia-social-dif-sonora\/#primaryimage","url":"https:\/\/www.sonoraenequipo.com.mx\/storage\/2025\/02\/dif-sonora.jpg","contentUrl":"https:\/\/www.sonoraenequipo.com.mx\/storage\/2025\/02\/dif-sonora.jpg","width":600,"height":400},{"@type":"BreadcrumbList","@id":"https:\/\/www.sonoraenequipo.com.mx\/gobierno-del-estado-refuerza-coordinacion-con-sistemas-municipales-a-favor-de-la-asistencia-social-dif-sonora\/#breadcrumb","itemListElement":[{"@type":"ListItem","position":1,"name":"Portada","item":"https:\/\/www.sonoraenequipo.com.mx\/"},{"@type":"ListItem","position":2,"name":"Gobierno del Estado refuerza coordinaci\u00f3n con sistemas municipales a favor de la asistencia social: DIF Sonora"}]},{"@type":"WebSite","@id":"https:\/\/www.sonoraenequipo.com.mx\/#website","url":"https:\/\/www.sonoraenequipo.com.mx\/","name":"Sonora en Equipo.","description":"Diario en l\u00ednea con Noticias desde Hermosillo, Sonora","publisher":{"@id":"https:\/\/www.sonoraenequipo.com.mx\/#organization"},"potentialAction":[{"@type":"SearchAction","target":{"@type":"EntryPoint","urlTemplate":"https:\/\/www.sonoraenequipo.com.mx\/?s={search_term_string}"},"query-input":{"@type":"PropertyValueSpecification","valueRequired":true,"valueName":"search_term_string"}}],"inLanguage":"es"},{"@type":"Organization","@id":"https:\/\/www.sonoraenequipo.com.mx\/#organization","name":"Sonoraenequipo.com.mx","url":"https:\/\/www.sonoraenequipo.com.mx\/","logo":{"@type":"ImageObject","inLanguage":"es","@id":"https:\/\/www.sonoraenequipo.com.mx\/#\/schema\/logo\/image\/","url":"https:\/\/www.sonoraenequipo.com.mx\/storage\/2019\/01\/sonoraenequipo_opt.png","contentUrl":"https:\/\/www.sonoraenequipo.com.mx\/storage\/2019\/01\/sonoraenequipo_opt.png","width":375,"height":125,"caption":"Sonoraenequipo.com.mx"},"image":{"@id":"https:\/\/www.sonoraenequipo.com.mx\/#\/schema\/logo\/image\/"},"sameAs":["https:\/\/www.facebook.com\/SonoraEE\/","https:\/\/x.com\/sonoraenequipo","https:\/\/www.youtube.com\/channel\/UC338nW-lPEYmJQs4ZABQ1SQ"]},{"@type":"Person","@id":"https:\/\/www.sonoraenequipo.com.mx\/#\/schema\/person\/50102df0fb23a8fa9e8effad8fa81386","name":"enequipo","image":{"@type":"ImageObject","inLanguage":"es","@id":"https:\/\/www.sonoraenequipo.com.mx\/#\/schema\/person\/image\/","url":"https:\/\/secure.gravatar.com\/avatar\/049821681b589dabc0bc20695993ccebb09f5b5d4d790cd9251b97faac7c652b?s=96&d=blank&r=g","contentUrl":"https:\/\/secure.gravatar.com\/avatar\/049821681b589dabc0bc20695993ccebb09f5b5d4d790cd9251b97faac7c652b?s=96&d=blank&r=g","caption":"enequipo"},"sameAs":["https:\/\/www.facebook.com\/SonoraEE"]}]}},"jetpack_featured_media_url":"https:\/\/www.sonoraenequipo.com.mx\/storage\/2025\/02\/dif-sonora.jpg","_links":{"self":[{"href":"https:\/\/www.sonoraenequipo.com.mx\/api\/wp\/v2\/posts\/210524","targetHints":{"allow":["GET"]}}],"collection":[{"href":"https:\/\/www.sonoraenequipo.com.mx\/api\/wp\/v2\/posts"}],"about":[{"href":"https:\/\/www.sonoraenequipo.com.mx\/api\/wp\/v2\/types\/post"}],"author":[{"embeddable":true,"href":"https:\/\/www.sonoraenequipo.com.mx\/api\/wp\/v2\/users\/1"}],"replies":[{"embeddable":true,"href":"https:\/\/www.sonoraenequipo.com.mx\/api\/wp\/v2\/comments?post=210524"}],"version-history":[{"count":2,"href":"https:\/\/www.sonoraenequipo.com.mx\/api\/wp\/v2\/posts\/210524\/revisions"}],"predecessor-version":[{"id":210545,"href":"https:\/\/www.sonoraenequipo.com.mx\/api\/wp\/v2\/posts\/210524\/revisions\/210545"}],"wp:featuredmedia":[{"embeddable":true,"href":"https:\/\/www.sonoraenequipo.com.mx\/api\/wp\/v2\/media\/210531"}],"wp:attachment":[{"href":"https:\/\/www.sonoraenequipo.com.mx\/api\/wp\/v2\/media?parent=210524"}],"wp:term":[{"taxonomy":"category","embeddable":true,"href":"https:\/\/www.sonoraenequipo.com.mx\/api\/wp\/v2\/categories?post=210524"},{"taxonomy":"post_tag","embeddable":true,"href":"https:\/\/www.sonoraenequipo.com.mx\/api\/wp\/v2\/tags?post=210524"}],"curies":[{"name":"wp","href":"https:\/\/api.w.org\/{rel}","templated":true}]}}