{"id":210538,"date":"2025-02-28T16:31:45","date_gmt":"2025-02-28T23:31:45","guid":{"rendered":"https:\/\/www.sonoraenequipo.com.mx\/?p=210538"},"modified":"2025-02-28T16:31:45","modified_gmt":"2025-02-28T23:31:45","slug":"llama-gobierno-de-sonora-a-la-poblacion-a-protegerse-y-cuidar-de-su-salud","status":"publish","type":"post","link":"https:\/\/www.sonoraenequipo.com.mx\/llama-gobierno-de-sonora-a-la-poblacion-a-protegerse-y-cuidar-de-su-salud\/","title":{"rendered":"Llama Gobierno de Sonora a la poblaci\u00f3n a protegerse y cuidar de su salud"},"content":{"rendered":"<p><strong>HERMOSILLO, SONORA, MX.<\/strong> \u2014 La Secretar\u00eda de Salud (SSP) hizo un llamado a la poblaci\u00f3n a cuidar de su salud para prevenir enfermedades respiratorias, as\u00ed como realizar acciones de limpieza y evitar padecimientos transmitidos por vectores.<\/p>\n<p>&nbsp;<\/p>\n<p>&nbsp;<\/p>\n<p>&nbsp;<\/p>\n<p>Hasta la semana epidemiol\u00f3gica (SE) 8 del a\u00f1o, se han confirmado 46 casos de covid-19, de estas nueve defunciones. Cabe destacar que las personas que perdieron la vida a causa de esta enfermedad no ten\u00edan antecedente de vacunaci\u00f3n, por ello el llamado a acudir a su unidad de salud y solicitar los biol\u00f3gicos de la actual temporada invernal.<\/p>\n<p>&nbsp;<\/p>\n<p>&nbsp;<\/p>\n<p>&nbsp;<\/p>\n<p>En cuanto a la confirmaci\u00f3n de casos por otros virus respiratorios, hasta la SE 8, se presentaron 116 sin ninguna defunci\u00f3n. En influenza se confirmaron 223 casos y 22 defunciones.<\/p>\n<p>&nbsp;<\/p>\n<p>&nbsp;<\/p>\n<p>&nbsp;<\/p>\n<p>Es importante destacar que una forma de protegersees utilizando el outfit de cebolla, es decir, llevar varias capas de ropa antes de salir de casa, como t\u00e9rmicas, su\u00e9ter, chamarra, guantes, gorro y bufanda, m\u00e1s los pobladores de las zonas serranas, lugares donde las temperaturas bajan m\u00e1s.<\/p>\n<p>&nbsp;<\/p>\n<p>&nbsp;<\/p>\n<p>&nbsp;<\/p>\n<p>Otra medida preventiva es vacunarse contra el covid-19 y la influenza, ya que el biol\u00f3gico protege de la forma grave de estos dos padecimientos. Aunado a llevar una buena alimentaci\u00f3n y consumir frutas y verduras ricas en vitaminas que ayudan a mantener un sistema inmunol\u00f3gico protegido.<\/p>\n<p>&nbsp;<\/p>\n<p>&nbsp;<\/p>\n<p>&nbsp;<\/p>\n<p>En cuanto a dengue, 27 entidades federativas han reportado casos en las primeras siete semanas de 2025, de ellas Sonora se encuentra en la posici\u00f3n 26.<\/p>\n<p>&nbsp;<\/p>\n<p>&nbsp;<\/p>\n<p>&nbsp;<\/p>\n<p>Hasta la SE 8 del a\u00f1o, en Sonora se han acumulado nueve casos y cero defunciones por dengue, mientras que de rickettsia se han confirmado ochos casos, de ellos seis defunciones.<\/p>\n<p>&nbsp;<\/p>\n<p>&nbsp;<\/p>\n<p>&nbsp;<\/p>\n<p>Y para prevenir lo anterior, se invit\u00f3 a la poblaci\u00f3n a tomar acciones de prevenci\u00f3n, tales como cortar la maleza y tirar todos los cacharros, muebles o art\u00edculos que ya no se usen y que ocupen un espacio en casa. Tambi\u00e9n hay que aplicar la regla de: lavar todos los recipientes; tapar los recipientes con agua; voltear los recipientes que no se usen; tirar aquello que pueda acumular agua como las llantas.<\/p>\n<p>&nbsp;<\/p>\n<p>&nbsp;<\/p>\n<p>&nbsp;<\/p>\n<p>Las acciones anteriores tambi\u00e9n funcionan para mantener limpio el hogar y libre de garrapatas, especialmente en temporada de calor que es cuando se reproducen con mayor facilidad, por eso la importancia de cortar el c\u00e9sped, la maleza, fumigar y, sobre todo, revisar a las mascotas del hogar para cerciorarse de que no tengan garrapatas.<\/p>\n<p>&nbsp;<\/p>\n<p><strong>Fecha de publicaci\u00f3n viernes 28 \u00a0de febrero de 2025 \/<\/strong><\/p>\n<p>&nbsp;<\/p>\n","protected":false},"excerpt":{"rendered":"<p>HERMOSILLO, SONORA, MX. \u2014 La Secretar\u00eda de Salud (SSP) hizo un llamado a la poblaci\u00f3n&#8230;<\/p>\n","protected":false},"author":1,"featured_media":205287,"comment_status":"open","ping_status":"open","sticky":false,"template":"","format":"standard","meta":{"_monsterinsights_skip_tracking":false,"_monsterinsights_sitenote_active":false,"_monsterinsights_sitenote_note":"","_monsterinsights_sitenote_category":0,"footnotes":""},"categories":[22],"tags":[4249],"class_list":["post"],"yoast_head":" \n<title>Sonora en Equipo. Llama Gobierno de Sonora a la poblaci\u00f3n a protegerse y cuidar de su salud Sonora<\/title>\n<meta name=\"description\" content=\"HERMOSILLO, SONORA, MX. \u2014 La Secretar\u00eda de Salud (SSP) hizo un llamado a la poblaci\u00f3n a cuidar de su salud para prevenir enfermedades respiratorias, as\u00ed En Sonora en Equipo publicamos toda la informaci\u00f3n de Sonora, M\u00e9xico y el Mundo de manera oportuna y busca que la libertad de expresi\u00f3n sea real. Visita nuestro medio informativo publicado desde Hermosillo, Sonora. %\" \/>\n<meta name=\"robots\" content=\"index, follow, max-snippet:-1, max-image-preview:large, max-video-preview:-1\" \/>\n<link rel=\"canonical\" href=\"https:\/\/www.sonoraenequipo.com.mx\/llama-gobierno-de-sonora-a-la-poblacion-a-protegerse-y-cuidar-de-su-salud\/\" \/>\n<meta property=\"og:locale\" content=\"es_ES\" \/>\n<meta property=\"og:type\" content=\"article\" \/>\n<meta property=\"og:title\" content=\"Sonora en Equipo. Llama Gobierno de Sonora a la poblaci\u00f3n a protegerse y cuidar de su salud Sonora\" \/>\n<meta property=\"og:description\" content=\"HERMOSILLO, SONORA, MX. \u2014 La Secretar\u00eda de Salud (SSP) hizo un llamado a la poblaci\u00f3n a cuidar de su salud para prevenir enfermedades respiratorias, as\u00ed En Sonora en Equipo publicamos toda la informaci\u00f3n de Sonora, M\u00e9xico y el Mundo de manera oportuna y busca que la libertad de expresi\u00f3n sea real. Visita nuestro medio informativo publicado desde Hermosillo, Sonora. %\" \/>\n<meta property=\"og:url\" content=\"https:\/\/www.sonoraenequipo.com.mx\/llama-gobierno-de-sonora-a-la-poblacion-a-protegerse-y-cuidar-de-su-salud\/\" \/>\n<meta property=\"og:site_name\" content=\"Sonora en Equipo.\" \/>\n<meta property=\"article:publisher\" content=\"https:\/\/www.facebook.com\/SonoraEE\/\" \/>\n<meta property=\"article:author\" content=\"https:\/\/www.facebook.com\/SonoraEE\" \/>\n<meta property=\"article:published_time\" content=\"2025-02-28T23:31:45+00:00\" \/>\n<meta property=\"og:image\" content=\"https:\/\/www.sonoraenequipo.com.mx\/storage\/2024\/12\/Comienzan-a-disminuir-casos-de-dengue-por-temporada-de-frio-min.jpg\" \/>\n\t<meta property=\"og:image:width\" content=\"900\" \/>\n\t<meta property=\"og:image:height\" content=\"519\" \/>\n\t<meta property=\"og:image:type\" content=\"image\/jpeg\" \/>\n<meta name=\"author\" content=\"enequipo\" \/>\n<meta name=\"twitter:card\" content=\"summary_large_image\" \/>\n<meta name=\"twitter:creator\" content=\"@sonoraenequipo\" \/>\n<meta name=\"twitter:site\" content=\"@sonoraenequipo\" \/>\n<meta name=\"twitter:label1\" content=\"Escrito por\" \/>\n\t<meta name=\"twitter:data1\" content=\"enequipo\" \/>\n\t<meta name=\"twitter:label2\" content=\"Tiempo de lectura\" \/>\n\t<meta name=\"twitter:data2\" content=\"2 minutos\" \/>\n<script type=\"application\/ld+json\" class=\"yoast-schema-graph\">{\"@context\":\"https:\/\/schema.org\",\"@graph\":[{\"@type\":\"Article\",\"@id\":\"https:\/\/www.sonoraenequipo.com.mx\/llama-gobierno-de-sonora-a-la-poblacion-a-protegerse-y-cuidar-de-su-salud\/#article\",\"isPartOf\":{\"@id\":\"https:\/\/www.sonoraenequipo.com.mx\/llama-gobierno-de-sonora-a-la-poblacion-a-protegerse-y-cuidar-de-su-salud\/\"},\"author\":{\"name\":\"enequipo\",\"@id\":\"https:\/\/www.sonoraenequipo.com.mx\/#\/schema\/person\/50102df0fb23a8fa9e8effad8fa81386\"},\"headline\":\"Llama Gobierno de Sonora a la poblaci\u00f3n a protegerse y cuidar de su salud\",\"datePublished\":\"2025-02-28T23:31:45+00:00\",\"mainEntityOfPage\":{\"@id\":\"https:\/\/www.sonoraenequipo.com.mx\/llama-gobierno-de-sonora-a-la-poblacion-a-protegerse-y-cuidar-de-su-salud\/\"},\"wordCount\":461,\"commentCount\":0,\"publisher\":{\"@id\":\"https:\/\/www.sonoraenequipo.com.mx\/#organization\"},\"image\":{\"@id\":\"https:\/\/www.sonoraenequipo.com.mx\/llama-gobierno-de-sonora-a-la-poblacion-a-protegerse-y-cuidar-de-su-salud\/#primaryimage\"},\"thumbnailUrl\":\"https:\/\/www.sonoraenequipo.com.mx\/storage\/2024\/12\/Comienzan-a-disminuir-casos-de-dengue-por-temporada-de-frio-min.jpg\",\"keywords\":[\"covid\"],\"articleSection\":[\"Sonora\"],\"inLanguage\":\"es\",\"potentialAction\":[{\"@type\":\"CommentAction\",\"name\":\"Comment\",\"target\":[\"https:\/\/www.sonoraenequipo.com.mx\/llama-gobierno-de-sonora-a-la-poblacion-a-protegerse-y-cuidar-de-su-salud\/#respond\"]}]},{\"@type\":\"WebPage\",\"@id\":\"https:\/\/www.sonoraenequipo.com.mx\/llama-gobierno-de-sonora-a-la-poblacion-a-protegerse-y-cuidar-de-su-salud\/\",\"url\":\"https:\/\/www.sonoraenequipo.com.mx\/llama-gobierno-de-sonora-a-la-poblacion-a-protegerse-y-cuidar-de-su-salud\/\",\"name\":\"Sonora en Equipo. Llama Gobierno de Sonora a la poblaci\u00f3n a protegerse y cuidar de su salud Sonora\",\"isPartOf\":{\"@id\":\"https:\/\/www.sonoraenequipo.com.mx\/#website\"},\"primaryImageOfPage\":{\"@id\":\"https:\/\/www.sonoraenequipo.com.mx\/llama-gobierno-de-sonora-a-la-poblacion-a-protegerse-y-cuidar-de-su-salud\/#primaryimage\"},\"image\":{\"@id\":\"https:\/\/www.sonoraenequipo.com.mx\/llama-gobierno-de-sonora-a-la-poblacion-a-protegerse-y-cuidar-de-su-salud\/#primaryimage\"},\"thumbnailUrl\":\"https:\/\/www.sonoraenequipo.com.mx\/storage\/2024\/12\/Comienzan-a-disminuir-casos-de-dengue-por-temporada-de-frio-min.jpg\",\"datePublished\":\"2025-02-28T23:31:45+00:00\",\"description\":\"HERMOSILLO, SONORA, MX. \u2014 La Secretar\u00eda de Salud (SSP) hizo un llamado a la poblaci\u00f3n a cuidar de su salud para prevenir enfermedades respiratorias, as\u00ed En Sonora en Equipo publicamos toda la informaci\u00f3n de Sonora, M\u00e9xico y el Mundo de manera oportuna y busca que la libertad de expresi\u00f3n sea real. Visita nuestro medio informativo publicado desde Hermosillo, Sonora. %\",\"breadcrumb\":{\"@id\":\"https:\/\/www.sonoraenequipo.com.mx\/llama-gobierno-de-sonora-a-la-poblacion-a-protegerse-y-cuidar-de-su-salud\/#breadcrumb\"},\"inLanguage\":\"es\",\"potentialAction\":[{\"@type\":\"ReadAction\",\"target\":[\"https:\/\/www.sonoraenequipo.com.mx\/llama-gobierno-de-sonora-a-la-poblacion-a-protegerse-y-cuidar-de-su-salud\/\"]}]},{\"@type\":\"ImageObject\",\"inLanguage\":\"es\",\"@id\":\"https:\/\/www.sonoraenequipo.com.mx\/llama-gobierno-de-sonora-a-la-poblacion-a-protegerse-y-cuidar-de-su-salud\/#primaryimage\",\"url\":\"https:\/\/www.sonoraenequipo.com.mx\/storage\/2024\/12\/Comienzan-a-disminuir-casos-de-dengue-por-temporada-de-frio-min.jpg\",\"contentUrl\":\"https:\/\/www.sonoraenequipo.com.mx\/storage\/2024\/12\/Comienzan-a-disminuir-casos-de-dengue-por-temporada-de-frio-min.jpg\",\"width\":900,\"height\":519},{\"@type\":\"BreadcrumbList\",\"@id\":\"https:\/\/www.sonoraenequipo.com.mx\/llama-gobierno-de-sonora-a-la-poblacion-a-protegerse-y-cuidar-de-su-salud\/#breadcrumb\",\"itemListElement\":[{\"@type\":\"ListItem\",\"position\":1,\"name\":\"Portada\",\"item\":\"https:\/\/www.sonoraenequipo.com.mx\/\"},{\"@type\":\"ListItem\",\"position\":2,\"name\":\"Llama Gobierno de Sonora a la poblaci\u00f3n a protegerse y cuidar de su salud\"}]},{\"@type\":\"WebSite\",\"@id\":\"https:\/\/www.sonoraenequipo.com.mx\/#website\",\"url\":\"https:\/\/www.sonoraenequipo.com.mx\/\",\"name\":\"Sonora en Equipo.\",\"description\":\"Diario en l\u00ednea con Noticias desde Hermosillo, Sonora\",\"publisher\":{\"@id\":\"https:\/\/www.sonoraenequipo.com.mx\/#organization\"},\"potentialAction\":[{\"@type\":\"SearchAction\",\"target\":{\"@type\":\"EntryPoint\",\"urlTemplate\":\"https:\/\/www.sonoraenequipo.com.mx\/?s={search_term_string}\"},\"query-input\":{\"@type\":\"PropertyValueSpecification\",\"valueRequired\":true,\"valueName\":\"search_term_string\"}}],\"inLanguage\":\"es\"},{\"@type\":\"Organization\",\"@id\":\"https:\/\/www.sonoraenequipo.com.mx\/#organization\",\"name\":\"Sonoraenequipo.com.mx\",\"url\":\"https:\/\/www.sonoraenequipo.com.mx\/\",\"logo\":{\"@type\":\"ImageObject\",\"inLanguage\":\"es\",\"@id\":\"https:\/\/www.sonoraenequipo.com.mx\/#\/schema\/logo\/image\/\",\"url\":\"https:\/\/www.sonoraenequipo.com.mx\/storage\/2019\/01\/sonoraenequipo_opt.png\",\"contentUrl\":\"https:\/\/www.sonoraenequipo.com.mx\/storage\/2019\/01\/sonoraenequipo_opt.png\",\"width\":375,\"height\":125,\"caption\":\"Sonoraenequipo.com.mx\"},\"image\":{\"@id\":\"https:\/\/www.sonoraenequipo.com.mx\/#\/schema\/logo\/image\/\"},\"sameAs\":[\"https:\/\/www.facebook.com\/SonoraEE\/\",\"https:\/\/x.com\/sonoraenequipo\",\"https:\/\/www.youtube.com\/channel\/UC338nW-lPEYmJQs4ZABQ1SQ\"]},{\"@type\":\"Person\",\"@id\":\"https:\/\/www.sonoraenequipo.com.mx\/#\/schema\/person\/50102df0fb23a8fa9e8effad8fa81386\",\"name\":\"enequipo\",\"image\":{\"@type\":\"ImageObject\",\"inLanguage\":\"es\",\"@id\":\"https:\/\/www.sonoraenequipo.com.mx\/#\/schema\/person\/image\/\",\"url\":\"https:\/\/secure.gravatar.com\/avatar\/049821681b589dabc0bc20695993ccebb09f5b5d4d790cd9251b97faac7c652b?s=96&d=blank&r=g\",\"contentUrl\":\"https:\/\/secure.gravatar.com\/avatar\/049821681b589dabc0bc20695993ccebb09f5b5d4d790cd9251b97faac7c652b?s=96&d=blank&r=g\",\"caption\":\"enequipo\"},\"sameAs\":[\"https:\/\/www.facebook.com\/SonoraEE\"]}]}<\/script>\n ","yoast_head_json":{"title":"Sonora en Equipo. Llama Gobierno de Sonora a la poblaci\u00f3n a protegerse y cuidar de su salud Sonora","description":"HERMOSILLO, SONORA, MX. \u2014 La Secretar\u00eda de Salud (SSP) hizo un llamado a la poblaci\u00f3n a cuidar de su salud para prevenir enfermedades respiratorias, as\u00ed En Sonora en Equipo publicamos toda la informaci\u00f3n de Sonora, M\u00e9xico y el Mundo de manera oportuna y busca que la libertad de expresi\u00f3n sea real. Visita nuestro medio informativo publicado desde Hermosillo, Sonora. %","robots":{"index":"index","follow":"follow","max-snippet":"max-snippet:-1","max-image-preview":"max-image-preview:large","max-video-preview":"max-video-preview:-1"},"canonical":"https:\/\/www.sonoraenequipo.com.mx\/llama-gobierno-de-sonora-a-la-poblacion-a-protegerse-y-cuidar-de-su-salud\/","og_locale":"es_ES","og_type":"article","og_title":"Sonora en Equipo. Llama Gobierno de Sonora a la poblaci\u00f3n a protegerse y cuidar de su salud Sonora","og_description":"HERMOSILLO, SONORA, MX. \u2014 La Secretar\u00eda de Salud (SSP) hizo un llamado a la poblaci\u00f3n a cuidar de su salud para prevenir enfermedades respiratorias, as\u00ed En Sonora en Equipo publicamos toda la informaci\u00f3n de Sonora, M\u00e9xico y el Mundo de manera oportuna y busca que la libertad de expresi\u00f3n sea real. Visita nuestro medio informativo publicado desde Hermosillo, Sonora. %","og_url":"https:\/\/www.sonoraenequipo.com.mx\/llama-gobierno-de-sonora-a-la-poblacion-a-protegerse-y-cuidar-de-su-salud\/","og_site_name":"Sonora en Equipo.","article_publisher":"https:\/\/www.facebook.com\/SonoraEE\/","article_author":"https:\/\/www.facebook.com\/SonoraEE","article_published_time":"2025-02-28T23:31:45+00:00","og_image":[{"width":900,"height":519,"url":"https:\/\/www.sonoraenequipo.com.mx\/storage\/2024\/12\/Comienzan-a-disminuir-casos-de-dengue-por-temporada-de-frio-min.jpg","type":"image\/jpeg"}],"author":"enequipo","twitter_card":"summary_large_image","twitter_creator":"@sonoraenequipo","twitter_site":"@sonoraenequipo","twitter_misc":{"Escrito por":"enequipo","Tiempo de lectura":"2 minutos"},"schema":{"@context":"https:\/\/schema.org","@graph":[{"@type":"Article","@id":"https:\/\/www.sonoraenequipo.com.mx\/llama-gobierno-de-sonora-a-la-poblacion-a-protegerse-y-cuidar-de-su-salud\/#article","isPartOf":{"@id":"https:\/\/www.sonoraenequipo.com.mx\/llama-gobierno-de-sonora-a-la-poblacion-a-protegerse-y-cuidar-de-su-salud\/"},"author":{"name":"enequipo","@id":"https:\/\/www.sonoraenequipo.com.mx\/#\/schema\/person\/50102df0fb23a8fa9e8effad8fa81386"},"headline":"Llama Gobierno de Sonora a la poblaci\u00f3n a protegerse y cuidar de su salud","datePublished":"2025-02-28T23:31:45+00:00","mainEntityOfPage":{"@id":"https:\/\/www.sonoraenequipo.com.mx\/llama-gobierno-de-sonora-a-la-poblacion-a-protegerse-y-cuidar-de-su-salud\/"},"wordCount":461,"commentCount":0,"publisher":{"@id":"https:\/\/www.sonoraenequipo.com.mx\/#organization"},"image":{"@id":"https:\/\/www.sonoraenequipo.com.mx\/llama-gobierno-de-sonora-a-la-poblacion-a-protegerse-y-cuidar-de-su-salud\/#primaryimage"},"thumbnailUrl":"https:\/\/www.sonoraenequipo.com.mx\/storage\/2024\/12\/Comienzan-a-disminuir-casos-de-dengue-por-temporada-de-frio-min.jpg","keywords":["covid"],"articleSection":["Sonora"],"inLanguage":"es","potentialAction":[{"@type":"CommentAction","name":"Comment","target":["https:\/\/www.sonoraenequipo.com.mx\/llama-gobierno-de-sonora-a-la-poblacion-a-protegerse-y-cuidar-de-su-salud\/#respond"]}]},{"@type":"WebPage","@id":"https:\/\/www.sonoraenequipo.com.mx\/llama-gobierno-de-sonora-a-la-poblacion-a-protegerse-y-cuidar-de-su-salud\/","url":"https:\/\/www.sonoraenequipo.com.mx\/llama-gobierno-de-sonora-a-la-poblacion-a-protegerse-y-cuidar-de-su-salud\/","name":"Sonora en Equipo. Llama Gobierno de Sonora a la poblaci\u00f3n a protegerse y cuidar de su salud Sonora","isPartOf":{"@id":"https:\/\/www.sonoraenequipo.com.mx\/#website"},"primaryImageOfPage":{"@id":"https:\/\/www.sonoraenequipo.com.mx\/llama-gobierno-de-sonora-a-la-poblacion-a-protegerse-y-cuidar-de-su-salud\/#primaryimage"},"image":{"@id":"https:\/\/www.sonoraenequipo.com.mx\/llama-gobierno-de-sonora-a-la-poblacion-a-protegerse-y-cuidar-de-su-salud\/#primaryimage"},"thumbnailUrl":"https:\/\/www.sonoraenequipo.com.mx\/storage\/2024\/12\/Comienzan-a-disminuir-casos-de-dengue-por-temporada-de-frio-min.jpg","datePublished":"2025-02-28T23:31:45+00:00","description":"HERMOSILLO, SONORA, MX. \u2014 La Secretar\u00eda de Salud (SSP) hizo un llamado a la poblaci\u00f3n a cuidar de su salud para prevenir enfermedades respiratorias, as\u00ed En Sonora en Equipo publicamos toda la informaci\u00f3n de Sonora, M\u00e9xico y el Mundo de manera oportuna y busca que la libertad de expresi\u00f3n sea real. Visita nuestro medio informativo publicado desde Hermosillo, Sonora. %","breadcrumb":{"@id":"https:\/\/www.sonoraenequipo.com.mx\/llama-gobierno-de-sonora-a-la-poblacion-a-protegerse-y-cuidar-de-su-salud\/#breadcrumb"},"inLanguage":"es","potentialAction":[{"@type":"ReadAction","target":["https:\/\/www.sonoraenequipo.com.mx\/llama-gobierno-de-sonora-a-la-poblacion-a-protegerse-y-cuidar-de-su-salud\/"]}]},{"@type":"ImageObject","inLanguage":"es","@id":"https:\/\/www.sonoraenequipo.com.mx\/llama-gobierno-de-sonora-a-la-poblacion-a-protegerse-y-cuidar-de-su-salud\/#primaryimage","url":"https:\/\/www.sonoraenequipo.com.mx\/storage\/2024\/12\/Comienzan-a-disminuir-casos-de-dengue-por-temporada-de-frio-min.jpg","contentUrl":"https:\/\/www.sonoraenequipo.com.mx\/storage\/2024\/12\/Comienzan-a-disminuir-casos-de-dengue-por-temporada-de-frio-min.jpg","width":900,"height":519},{"@type":"BreadcrumbList","@id":"https:\/\/www.sonoraenequipo.com.mx\/llama-gobierno-de-sonora-a-la-poblacion-a-protegerse-y-cuidar-de-su-salud\/#breadcrumb","itemListElement":[{"@type":"ListItem","position":1,"name":"Portada","item":"https:\/\/www.sonoraenequipo.com.mx\/"},{"@type":"ListItem","position":2,"name":"Llama Gobierno de Sonora a la poblaci\u00f3n a protegerse y cuidar de su salud"}]},{"@type":"WebSite","@id":"https:\/\/www.sonoraenequipo.com.mx\/#website","url":"https:\/\/www.sonoraenequipo.com.mx\/","name":"Sonora en Equipo.","description":"Diario en l\u00ednea con Noticias desde Hermosillo, Sonora","publisher":{"@id":"https:\/\/www.sonoraenequipo.com.mx\/#organization"},"potentialAction":[{"@type":"SearchAction","target":{"@type":"EntryPoint","urlTemplate":"https:\/\/www.sonoraenequipo.com.mx\/?s={search_term_string}"},"query-input":{"@type":"PropertyValueSpecification","valueRequired":true,"valueName":"search_term_string"}}],"inLanguage":"es"},{"@type":"Organization","@id":"https:\/\/www.sonoraenequipo.com.mx\/#organization","name":"Sonoraenequipo.com.mx","url":"https:\/\/www.sonoraenequipo.com.mx\/","logo":{"@type":"ImageObject","inLanguage":"es","@id":"https:\/\/www.sonoraenequipo.com.mx\/#\/schema\/logo\/image\/","url":"https:\/\/www.sonoraenequipo.com.mx\/storage\/2019\/01\/sonoraenequipo_opt.png","contentUrl":"https:\/\/www.sonoraenequipo.com.mx\/storage\/2019\/01\/sonoraenequipo_opt.png","width":375,"height":125,"caption":"Sonoraenequipo.com.mx"},"image":{"@id":"https:\/\/www.sonoraenequipo.com.mx\/#\/schema\/logo\/image\/"},"sameAs":["https:\/\/www.facebook.com\/SonoraEE\/","https:\/\/x.com\/sonoraenequipo","https:\/\/www.youtube.com\/channel\/UC338nW-lPEYmJQs4ZABQ1SQ"]},{"@type":"Person","@id":"https:\/\/www.sonoraenequipo.com.mx\/#\/schema\/person\/50102df0fb23a8fa9e8effad8fa81386","name":"enequipo","image":{"@type":"ImageObject","inLanguage":"es","@id":"https:\/\/www.sonoraenequipo.com.mx\/#\/schema\/person\/image\/","url":"https:\/\/secure.gravatar.com\/avatar\/049821681b589dabc0bc20695993ccebb09f5b5d4d790cd9251b97faac7c652b?s=96&d=blank&r=g","contentUrl":"https:\/\/secure.gravatar.com\/avatar\/049821681b589dabc0bc20695993ccebb09f5b5d4d790cd9251b97faac7c652b?s=96&d=blank&r=g","caption":"enequipo"},"sameAs":["https:\/\/www.facebook.com\/SonoraEE"]}]}},"jetpack_featured_media_url":"https:\/\/www.sonoraenequipo.com.mx\/storage\/2024\/12\/Comienzan-a-disminuir-casos-de-dengue-por-temporada-de-frio-min.jpg","_links":{"self":[{"href":"https:\/\/www.sonoraenequipo.com.mx\/api\/wp\/v2\/posts\/210538","targetHints":{"allow":["GET"]}}],"collection":[{"href":"https:\/\/www.sonoraenequipo.com.mx\/api\/wp\/v2\/posts"}],"about":[{"href":"https:\/\/www.sonoraenequipo.com.mx\/api\/wp\/v2\/types\/post"}],"author":[{"embeddable":true,"href":"https:\/\/www.sonoraenequipo.com.mx\/api\/wp\/v2\/users\/1"}],"replies":[{"embeddable":true,"href":"https:\/\/www.sonoraenequipo.com.mx\/api\/wp\/v2\/comments?post=210538"}],"version-history":[{"count":1,"href":"https:\/\/www.sonoraenequipo.com.mx\/api\/wp\/v2\/posts\/210538\/revisions"}],"predecessor-version":[{"id":210539,"href":"https:\/\/www.sonoraenequipo.com.mx\/api\/wp\/v2\/posts\/210538\/revisions\/210539"}],"wp:featuredmedia":[{"embeddable":true,"href":"https:\/\/www.sonoraenequipo.com.mx\/api\/wp\/v2\/media\/205287"}],"wp:attachment":[{"href":"https:\/\/www.sonoraenequipo.com.mx\/api\/wp\/v2\/media?parent=210538"}],"wp:term":[{"taxonomy":"category","embeddable":true,"href":"https:\/\/www.sonoraenequipo.com.mx\/api\/wp\/v2\/categories?post=210538"},{"taxonomy":"post_tag","embeddable":true,"href":"https:\/\/www.sonoraenequipo.com.mx\/api\/wp\/v2\/tags?post=210538"}],"curies":[{"name":"wp","href":"https:\/\/api.w.org\/{rel}","templated":true}]}}