{"id":210540,"date":"2025-02-28T17:31:55","date_gmt":"2025-03-01T00:31:55","guid":{"rendered":"https:\/\/www.sonoraenequipo.com.mx\/?p=210540"},"modified":"2025-02-28T17:31:55","modified_gmt":"2025-03-01T00:31:55","slug":"calendario-de-pagos-pension-bienestar-marzo-2025-dos-estados-recibiran-doble-por-elecciones","status":"publish","type":"post","link":"https:\/\/www.sonoraenequipo.com.mx\/calendario-de-pagos-pension-bienestar-marzo-2025-dos-estados-recibiran-doble-por-elecciones\/","title":{"rendered":"Calendario de pagos Pensi\u00f3n Bienestar marzo 2025, dos estados recibir\u00e1n doble por elecciones"},"content":{"rendered":"<p><strong>CIUDAD DE M\u00c9XICO. \u0336 \u0336\u00a0 <\/strong>A continuaci\u00f3n el que ser\u00eda el calendario de pagos de la Pensi\u00f3n Bienestar en marzo 2025. El siguiente esquema no es el oficial, sino una simulaci\u00f3n probable siguiendo los formatos previos.<\/p>\n<p>&nbsp;<\/p>\n<p>Se toma en cuenta la inicial del primer apellido de los beneficiarios para repartir el pago a lo largo de los d\u00edas.<\/p>\n<p>&nbsp;<\/p>\n<p>Lunes 3 de marzo. A<\/p>\n<p>Martes 4 de marzo. B<\/p>\n<p>Mi\u00e9rcoles 5 y jueves 6 de marzo. C<\/p>\n<p>Viernes 7 de marzo. D, E y F<\/p>\n<p>S\u00e1bado 8 y lunes 10 de marzo. G<\/p>\n<p>Martes 11 de marzo. H, I, J y K<\/p>\n<p>Mi\u00e9rcoles 12 de marzo. L<\/p>\n<p>Jueves 13 y viernes 14 de marzo. M<\/p>\n<p>S\u00e1bado 15 de marzo. N, \u00d1 y O<\/p>\n<p>Martes 18 de marzo. P y Q<\/p>\n<p>Mi\u00e9rcoles 19 y jueves 20 de marzo. R<\/p>\n<p>Viernes 21 de marzo. S<\/p>\n<p>S\u00e1bado 22 de marzo. T, U y V<\/p>\n<p>Lunes 24 de marzo. W, X, Y y Z<\/p>\n<p>El calendario refleja as\u00ed que los primeros que recibir\u00e1n su dep\u00f3sito son los adultos mayores con inicial de primer apellido &#8216;A&#8217;.<\/p>\n<p>&nbsp;<\/p>\n<p>Dep\u00f3sito Pensi\u00f3n Bienestar Adultos Mayores. \u00bfQu\u00e9 estados recibir\u00e1n doble pago?<\/p>\n<p>&nbsp;<\/p>\n<p>Veracruz y Durango<\/p>\n<p>En el mes de marzo de 2025 habr\u00e1 doble pago de Pensi\u00f3n para el Bienestar de los Adultos Mayores en Veracruz y Durango.<\/p>\n<p>&nbsp;<\/p>\n<p>El doble pago de la Pensi\u00f3n del Bienestar para Adultos Mayores en Veracruz y Durango se debe a que habr\u00e1 elecciones municipales el 1 de junio de 2025.<\/p>\n<p><strong>Fecha de publicaci\u00f3n viernes 28 \u00a0de febrero de 2025 \/<\/strong><\/p>\n","protected":false},"excerpt":{"rendered":"<p>CIUDAD DE M\u00c9XICO. \u0336 \u0336\u00a0 A continuaci\u00f3n el que ser\u00eda el calendario de pagos de&#8230;<\/p>\n","protected":false},"author":1,"featured_media":200706,"comment_status":"open","ping_status":"open","sticky":false,"template":"","format":"standard","meta":{"_monsterinsights_skip_tracking":false,"_monsterinsights_sitenote_active":false,"_monsterinsights_sitenote_note":"","_monsterinsights_sitenote_category":0,"footnotes":""},"categories":[5],"tags":[3094,536],"class_list":["post"],"yoast_head":" \n<title>Sonora en Equipo. Calendario de pagos Pensi\u00f3n Bienestar marzo 2025, dos estados recibir\u00e1n doble por elecciones Rep\u00fablica<\/title>\n<meta name=\"description\" content=\"CIUDAD DE M\u00c9XICO. \u0336 \u0336\u00a0 A continuaci\u00f3n el que ser\u00eda el calendario de pagos de la Pensi\u00f3n Bienestar en marzo 2025. El siguiente esquema no es el oficial, En Sonora en Equipo publicamos toda la informaci\u00f3n de Sonora, M\u00e9xico y el Mundo de manera oportuna y busca que la libertad de expresi\u00f3n sea real. Visita nuestro medio informativo publicado desde Hermosillo, Sonora. %\" \/>\n<meta name=\"robots\" content=\"index, follow, max-snippet:-1, max-image-preview:large, max-video-preview:-1\" \/>\n<link rel=\"canonical\" href=\"https:\/\/www.sonoraenequipo.com.mx\/calendario-de-pagos-pension-bienestar-marzo-2025-dos-estados-recibiran-doble-por-elecciones\/\" \/>\n<meta property=\"og:locale\" content=\"es_ES\" \/>\n<meta property=\"og:type\" content=\"article\" \/>\n<meta property=\"og:title\" content=\"Sonora en Equipo. Calendario de pagos Pensi\u00f3n Bienestar marzo 2025, dos estados recibir\u00e1n doble por elecciones Rep\u00fablica\" \/>\n<meta property=\"og:description\" content=\"CIUDAD DE M\u00c9XICO. \u0336 \u0336\u00a0 A continuaci\u00f3n el que ser\u00eda el calendario de pagos de la Pensi\u00f3n Bienestar en marzo 2025. El siguiente esquema no es el oficial, En Sonora en Equipo publicamos toda la informaci\u00f3n de Sonora, M\u00e9xico y el Mundo de manera oportuna y busca que la libertad de expresi\u00f3n sea real. Visita nuestro medio informativo publicado desde Hermosillo, Sonora. %\" \/>\n<meta property=\"og:url\" content=\"https:\/\/www.sonoraenequipo.com.mx\/calendario-de-pagos-pension-bienestar-marzo-2025-dos-estados-recibiran-doble-por-elecciones\/\" \/>\n<meta property=\"og:site_name\" content=\"Sonora en Equipo.\" \/>\n<meta property=\"article:publisher\" content=\"https:\/\/www.facebook.com\/SonoraEE\/\" \/>\n<meta property=\"article:author\" content=\"https:\/\/www.facebook.com\/SonoraEE\" \/>\n<meta property=\"article:published_time\" content=\"2025-03-01T00:31:55+00:00\" \/>\n<meta property=\"og:image\" content=\"https:\/\/www.sonoraenequipo.com.mx\/storage\/2024\/10\/pensiones_bienestar-min.jpg\" \/>\n\t<meta property=\"og:image:width\" content=\"1280\" \/>\n\t<meta property=\"og:image:height\" content=\"740\" \/>\n\t<meta property=\"og:image:type\" content=\"image\/jpeg\" \/>\n<meta name=\"author\" content=\"enequipo\" \/>\n<meta name=\"twitter:card\" content=\"summary_large_image\" \/>\n<meta name=\"twitter:creator\" content=\"@sonoraenequipo\" \/>\n<meta name=\"twitter:site\" content=\"@sonoraenequipo\" \/>\n<meta name=\"twitter:label1\" content=\"Escrito por\" \/>\n\t<meta name=\"twitter:data1\" content=\"enequipo\" \/>\n\t<meta name=\"twitter:label2\" content=\"Tiempo de lectura\" \/>\n\t<meta name=\"twitter:data2\" content=\"1 minuto\" \/>\n<script type=\"application\/ld+json\" class=\"yoast-schema-graph\">{\"@context\":\"https:\/\/schema.org\",\"@graph\":[{\"@type\":\"Article\",\"@id\":\"https:\/\/www.sonoraenequipo.com.mx\/calendario-de-pagos-pension-bienestar-marzo-2025-dos-estados-recibiran-doble-por-elecciones\/#article\",\"isPartOf\":{\"@id\":\"https:\/\/www.sonoraenequipo.com.mx\/calendario-de-pagos-pension-bienestar-marzo-2025-dos-estados-recibiran-doble-por-elecciones\/\"},\"author\":{\"name\":\"enequipo\",\"@id\":\"https:\/\/www.sonoraenequipo.com.mx\/#\/schema\/person\/50102df0fb23a8fa9e8effad8fa81386\"},\"headline\":\"Calendario de pagos Pensi\u00f3n Bienestar marzo 2025, dos estados recibir\u00e1n doble por elecciones\",\"datePublished\":\"2025-03-01T00:31:55+00:00\",\"mainEntityOfPage\":{\"@id\":\"https:\/\/www.sonoraenequipo.com.mx\/calendario-de-pagos-pension-bienestar-marzo-2025-dos-estados-recibiran-doble-por-elecciones\/\"},\"wordCount\":265,\"commentCount\":0,\"publisher\":{\"@id\":\"https:\/\/www.sonoraenequipo.com.mx\/#organization\"},\"image\":{\"@id\":\"https:\/\/www.sonoraenequipo.com.mx\/calendario-de-pagos-pension-bienestar-marzo-2025-dos-estados-recibiran-doble-por-elecciones\/#primaryimage\"},\"thumbnailUrl\":\"https:\/\/www.sonoraenequipo.com.mx\/storage\/2024\/10\/pensiones_bienestar-min.jpg\",\"keywords\":[\"bienestar\",\"Pensiones\"],\"articleSection\":[\"Rep\u00fablica\"],\"inLanguage\":\"es\",\"potentialAction\":[{\"@type\":\"CommentAction\",\"name\":\"Comment\",\"target\":[\"https:\/\/www.sonoraenequipo.com.mx\/calendario-de-pagos-pension-bienestar-marzo-2025-dos-estados-recibiran-doble-por-elecciones\/#respond\"]}]},{\"@type\":\"WebPage\",\"@id\":\"https:\/\/www.sonoraenequipo.com.mx\/calendario-de-pagos-pension-bienestar-marzo-2025-dos-estados-recibiran-doble-por-elecciones\/\",\"url\":\"https:\/\/www.sonoraenequipo.com.mx\/calendario-de-pagos-pension-bienestar-marzo-2025-dos-estados-recibiran-doble-por-elecciones\/\",\"name\":\"Sonora en Equipo. Calendario de pagos Pensi\u00f3n Bienestar marzo 2025, dos estados recibir\u00e1n doble por elecciones Rep\u00fablica\",\"isPartOf\":{\"@id\":\"https:\/\/www.sonoraenequipo.com.mx\/#website\"},\"primaryImageOfPage\":{\"@id\":\"https:\/\/www.sonoraenequipo.com.mx\/calendario-de-pagos-pension-bienestar-marzo-2025-dos-estados-recibiran-doble-por-elecciones\/#primaryimage\"},\"image\":{\"@id\":\"https:\/\/www.sonoraenequipo.com.mx\/calendario-de-pagos-pension-bienestar-marzo-2025-dos-estados-recibiran-doble-por-elecciones\/#primaryimage\"},\"thumbnailUrl\":\"https:\/\/www.sonoraenequipo.com.mx\/storage\/2024\/10\/pensiones_bienestar-min.jpg\",\"datePublished\":\"2025-03-01T00:31:55+00:00\",\"description\":\"CIUDAD DE M\u00c9XICO. \u0336 \u0336\u00a0 A continuaci\u00f3n el que ser\u00eda el calendario de pagos de la Pensi\u00f3n Bienestar en marzo 2025. El siguiente esquema no es el oficial, En Sonora en Equipo publicamos toda la informaci\u00f3n de Sonora, M\u00e9xico y el Mundo de manera oportuna y busca que la libertad de expresi\u00f3n sea real. Visita nuestro medio informativo publicado desde Hermosillo, Sonora. %\",\"breadcrumb\":{\"@id\":\"https:\/\/www.sonoraenequipo.com.mx\/calendario-de-pagos-pension-bienestar-marzo-2025-dos-estados-recibiran-doble-por-elecciones\/#breadcrumb\"},\"inLanguage\":\"es\",\"potentialAction\":[{\"@type\":\"ReadAction\",\"target\":[\"https:\/\/www.sonoraenequipo.com.mx\/calendario-de-pagos-pension-bienestar-marzo-2025-dos-estados-recibiran-doble-por-elecciones\/\"]}]},{\"@type\":\"ImageObject\",\"inLanguage\":\"es\",\"@id\":\"https:\/\/www.sonoraenequipo.com.mx\/calendario-de-pagos-pension-bienestar-marzo-2025-dos-estados-recibiran-doble-por-elecciones\/#primaryimage\",\"url\":\"https:\/\/www.sonoraenequipo.com.mx\/storage\/2024\/10\/pensiones_bienestar-min.jpg\",\"contentUrl\":\"https:\/\/www.sonoraenequipo.com.mx\/storage\/2024\/10\/pensiones_bienestar-min.jpg\",\"width\":1280,\"height\":740},{\"@type\":\"BreadcrumbList\",\"@id\":\"https:\/\/www.sonoraenequipo.com.mx\/calendario-de-pagos-pension-bienestar-marzo-2025-dos-estados-recibiran-doble-por-elecciones\/#breadcrumb\",\"itemListElement\":[{\"@type\":\"ListItem\",\"position\":1,\"name\":\"Portada\",\"item\":\"https:\/\/www.sonoraenequipo.com.mx\/\"},{\"@type\":\"ListItem\",\"position\":2,\"name\":\"Calendario de pagos Pensi\u00f3n Bienestar marzo 2025, dos estados recibir\u00e1n doble por elecciones\"}]},{\"@type\":\"WebSite\",\"@id\":\"https:\/\/www.sonoraenequipo.com.mx\/#website\",\"url\":\"https:\/\/www.sonoraenequipo.com.mx\/\",\"name\":\"Sonora en Equipo.\",\"description\":\"Diario en l\u00ednea con Noticias desde Hermosillo, Sonora\",\"publisher\":{\"@id\":\"https:\/\/www.sonoraenequipo.com.mx\/#organization\"},\"potentialAction\":[{\"@type\":\"SearchAction\",\"target\":{\"@type\":\"EntryPoint\",\"urlTemplate\":\"https:\/\/www.sonoraenequipo.com.mx\/?s={search_term_string}\"},\"query-input\":{\"@type\":\"PropertyValueSpecification\",\"valueRequired\":true,\"valueName\":\"search_term_string\"}}],\"inLanguage\":\"es\"},{\"@type\":\"Organization\",\"@id\":\"https:\/\/www.sonoraenequipo.com.mx\/#organization\",\"name\":\"Sonoraenequipo.com.mx\",\"url\":\"https:\/\/www.sonoraenequipo.com.mx\/\",\"logo\":{\"@type\":\"ImageObject\",\"inLanguage\":\"es\",\"@id\":\"https:\/\/www.sonoraenequipo.com.mx\/#\/schema\/logo\/image\/\",\"url\":\"https:\/\/www.sonoraenequipo.com.mx\/storage\/2019\/01\/sonoraenequipo_opt.png\",\"contentUrl\":\"https:\/\/www.sonoraenequipo.com.mx\/storage\/2019\/01\/sonoraenequipo_opt.png\",\"width\":375,\"height\":125,\"caption\":\"Sonoraenequipo.com.mx\"},\"image\":{\"@id\":\"https:\/\/www.sonoraenequipo.com.mx\/#\/schema\/logo\/image\/\"},\"sameAs\":[\"https:\/\/www.facebook.com\/SonoraEE\/\",\"https:\/\/x.com\/sonoraenequipo\",\"https:\/\/www.youtube.com\/channel\/UC338nW-lPEYmJQs4ZABQ1SQ\"]},{\"@type\":\"Person\",\"@id\":\"https:\/\/www.sonoraenequipo.com.mx\/#\/schema\/person\/50102df0fb23a8fa9e8effad8fa81386\",\"name\":\"enequipo\",\"image\":{\"@type\":\"ImageObject\",\"inLanguage\":\"es\",\"@id\":\"https:\/\/www.sonoraenequipo.com.mx\/#\/schema\/person\/image\/\",\"url\":\"https:\/\/secure.gravatar.com\/avatar\/049821681b589dabc0bc20695993ccebb09f5b5d4d790cd9251b97faac7c652b?s=96&d=blank&r=g\",\"contentUrl\":\"https:\/\/secure.gravatar.com\/avatar\/049821681b589dabc0bc20695993ccebb09f5b5d4d790cd9251b97faac7c652b?s=96&d=blank&r=g\",\"caption\":\"enequipo\"},\"sameAs\":[\"https:\/\/www.facebook.com\/SonoraEE\"]}]}<\/script>\n ","yoast_head_json":{"title":"Sonora en Equipo. Calendario de pagos Pensi\u00f3n Bienestar marzo 2025, dos estados recibir\u00e1n doble por elecciones Rep\u00fablica","description":"CIUDAD DE M\u00c9XICO. \u0336 \u0336\u00a0 A continuaci\u00f3n el que ser\u00eda el calendario de pagos de la Pensi\u00f3n Bienestar en marzo 2025. El siguiente esquema no es el oficial, En Sonora en Equipo publicamos toda la informaci\u00f3n de Sonora, M\u00e9xico y el Mundo de manera oportuna y busca que la libertad de expresi\u00f3n sea real. Visita nuestro medio informativo publicado desde Hermosillo, Sonora. %","robots":{"index":"index","follow":"follow","max-snippet":"max-snippet:-1","max-image-preview":"max-image-preview:large","max-video-preview":"max-video-preview:-1"},"canonical":"https:\/\/www.sonoraenequipo.com.mx\/calendario-de-pagos-pension-bienestar-marzo-2025-dos-estados-recibiran-doble-por-elecciones\/","og_locale":"es_ES","og_type":"article","og_title":"Sonora en Equipo. Calendario de pagos Pensi\u00f3n Bienestar marzo 2025, dos estados recibir\u00e1n doble por elecciones Rep\u00fablica","og_description":"CIUDAD DE M\u00c9XICO. \u0336 \u0336\u00a0 A continuaci\u00f3n el que ser\u00eda el calendario de pagos de la Pensi\u00f3n Bienestar en marzo 2025. El siguiente esquema no es el oficial, En Sonora en Equipo publicamos toda la informaci\u00f3n de Sonora, M\u00e9xico y el Mundo de manera oportuna y busca que la libertad de expresi\u00f3n sea real. Visita nuestro medio informativo publicado desde Hermosillo, Sonora. %","og_url":"https:\/\/www.sonoraenequipo.com.mx\/calendario-de-pagos-pension-bienestar-marzo-2025-dos-estados-recibiran-doble-por-elecciones\/","og_site_name":"Sonora en Equipo.","article_publisher":"https:\/\/www.facebook.com\/SonoraEE\/","article_author":"https:\/\/www.facebook.com\/SonoraEE","article_published_time":"2025-03-01T00:31:55+00:00","og_image":[{"width":1280,"height":740,"url":"https:\/\/www.sonoraenequipo.com.mx\/storage\/2024\/10\/pensiones_bienestar-min.jpg","type":"image\/jpeg"}],"author":"enequipo","twitter_card":"summary_large_image","twitter_creator":"@sonoraenequipo","twitter_site":"@sonoraenequipo","twitter_misc":{"Escrito por":"enequipo","Tiempo de lectura":"1 minuto"},"schema":{"@context":"https:\/\/schema.org","@graph":[{"@type":"Article","@id":"https:\/\/www.sonoraenequipo.com.mx\/calendario-de-pagos-pension-bienestar-marzo-2025-dos-estados-recibiran-doble-por-elecciones\/#article","isPartOf":{"@id":"https:\/\/www.sonoraenequipo.com.mx\/calendario-de-pagos-pension-bienestar-marzo-2025-dos-estados-recibiran-doble-por-elecciones\/"},"author":{"name":"enequipo","@id":"https:\/\/www.sonoraenequipo.com.mx\/#\/schema\/person\/50102df0fb23a8fa9e8effad8fa81386"},"headline":"Calendario de pagos Pensi\u00f3n Bienestar marzo 2025, dos estados recibir\u00e1n doble por elecciones","datePublished":"2025-03-01T00:31:55+00:00","mainEntityOfPage":{"@id":"https:\/\/www.sonoraenequipo.com.mx\/calendario-de-pagos-pension-bienestar-marzo-2025-dos-estados-recibiran-doble-por-elecciones\/"},"wordCount":265,"commentCount":0,"publisher":{"@id":"https:\/\/www.sonoraenequipo.com.mx\/#organization"},"image":{"@id":"https:\/\/www.sonoraenequipo.com.mx\/calendario-de-pagos-pension-bienestar-marzo-2025-dos-estados-recibiran-doble-por-elecciones\/#primaryimage"},"thumbnailUrl":"https:\/\/www.sonoraenequipo.com.mx\/storage\/2024\/10\/pensiones_bienestar-min.jpg","keywords":["bienestar","Pensiones"],"articleSection":["Rep\u00fablica"],"inLanguage":"es","potentialAction":[{"@type":"CommentAction","name":"Comment","target":["https:\/\/www.sonoraenequipo.com.mx\/calendario-de-pagos-pension-bienestar-marzo-2025-dos-estados-recibiran-doble-por-elecciones\/#respond"]}]},{"@type":"WebPage","@id":"https:\/\/www.sonoraenequipo.com.mx\/calendario-de-pagos-pension-bienestar-marzo-2025-dos-estados-recibiran-doble-por-elecciones\/","url":"https:\/\/www.sonoraenequipo.com.mx\/calendario-de-pagos-pension-bienestar-marzo-2025-dos-estados-recibiran-doble-por-elecciones\/","name":"Sonora en Equipo. Calendario de pagos Pensi\u00f3n Bienestar marzo 2025, dos estados recibir\u00e1n doble por elecciones Rep\u00fablica","isPartOf":{"@id":"https:\/\/www.sonoraenequipo.com.mx\/#website"},"primaryImageOfPage":{"@id":"https:\/\/www.sonoraenequipo.com.mx\/calendario-de-pagos-pension-bienestar-marzo-2025-dos-estados-recibiran-doble-por-elecciones\/#primaryimage"},"image":{"@id":"https:\/\/www.sonoraenequipo.com.mx\/calendario-de-pagos-pension-bienestar-marzo-2025-dos-estados-recibiran-doble-por-elecciones\/#primaryimage"},"thumbnailUrl":"https:\/\/www.sonoraenequipo.com.mx\/storage\/2024\/10\/pensiones_bienestar-min.jpg","datePublished":"2025-03-01T00:31:55+00:00","description":"CIUDAD DE M\u00c9XICO. \u0336 \u0336\u00a0 A continuaci\u00f3n el que ser\u00eda el calendario de pagos de la Pensi\u00f3n Bienestar en marzo 2025. El siguiente esquema no es el oficial, En Sonora en Equipo publicamos toda la informaci\u00f3n de Sonora, M\u00e9xico y el Mundo de manera oportuna y busca que la libertad de expresi\u00f3n sea real. Visita nuestro medio informativo publicado desde Hermosillo, Sonora. %","breadcrumb":{"@id":"https:\/\/www.sonoraenequipo.com.mx\/calendario-de-pagos-pension-bienestar-marzo-2025-dos-estados-recibiran-doble-por-elecciones\/#breadcrumb"},"inLanguage":"es","potentialAction":[{"@type":"ReadAction","target":["https:\/\/www.sonoraenequipo.com.mx\/calendario-de-pagos-pension-bienestar-marzo-2025-dos-estados-recibiran-doble-por-elecciones\/"]}]},{"@type":"ImageObject","inLanguage":"es","@id":"https:\/\/www.sonoraenequipo.com.mx\/calendario-de-pagos-pension-bienestar-marzo-2025-dos-estados-recibiran-doble-por-elecciones\/#primaryimage","url":"https:\/\/www.sonoraenequipo.com.mx\/storage\/2024\/10\/pensiones_bienestar-min.jpg","contentUrl":"https:\/\/www.sonoraenequipo.com.mx\/storage\/2024\/10\/pensiones_bienestar-min.jpg","width":1280,"height":740},{"@type":"BreadcrumbList","@id":"https:\/\/www.sonoraenequipo.com.mx\/calendario-de-pagos-pension-bienestar-marzo-2025-dos-estados-recibiran-doble-por-elecciones\/#breadcrumb","itemListElement":[{"@type":"ListItem","position":1,"name":"Portada","item":"https:\/\/www.sonoraenequipo.com.mx\/"},{"@type":"ListItem","position":2,"name":"Calendario de pagos Pensi\u00f3n Bienestar marzo 2025, dos estados recibir\u00e1n doble por elecciones"}]},{"@type":"WebSite","@id":"https:\/\/www.sonoraenequipo.com.mx\/#website","url":"https:\/\/www.sonoraenequipo.com.mx\/","name":"Sonora en Equipo.","description":"Diario en l\u00ednea con Noticias desde Hermosillo, Sonora","publisher":{"@id":"https:\/\/www.sonoraenequipo.com.mx\/#organization"},"potentialAction":[{"@type":"SearchAction","target":{"@type":"EntryPoint","urlTemplate":"https:\/\/www.sonoraenequipo.com.mx\/?s={search_term_string}"},"query-input":{"@type":"PropertyValueSpecification","valueRequired":true,"valueName":"search_term_string"}}],"inLanguage":"es"},{"@type":"Organization","@id":"https:\/\/www.sonoraenequipo.com.mx\/#organization","name":"Sonoraenequipo.com.mx","url":"https:\/\/www.sonoraenequipo.com.mx\/","logo":{"@type":"ImageObject","inLanguage":"es","@id":"https:\/\/www.sonoraenequipo.com.mx\/#\/schema\/logo\/image\/","url":"https:\/\/www.sonoraenequipo.com.mx\/storage\/2019\/01\/sonoraenequipo_opt.png","contentUrl":"https:\/\/www.sonoraenequipo.com.mx\/storage\/2019\/01\/sonoraenequipo_opt.png","width":375,"height":125,"caption":"Sonoraenequipo.com.mx"},"image":{"@id":"https:\/\/www.sonoraenequipo.com.mx\/#\/schema\/logo\/image\/"},"sameAs":["https:\/\/www.facebook.com\/SonoraEE\/","https:\/\/x.com\/sonoraenequipo","https:\/\/www.youtube.com\/channel\/UC338nW-lPEYmJQs4ZABQ1SQ"]},{"@type":"Person","@id":"https:\/\/www.sonoraenequipo.com.mx\/#\/schema\/person\/50102df0fb23a8fa9e8effad8fa81386","name":"enequipo","image":{"@type":"ImageObject","inLanguage":"es","@id":"https:\/\/www.sonoraenequipo.com.mx\/#\/schema\/person\/image\/","url":"https:\/\/secure.gravatar.com\/avatar\/049821681b589dabc0bc20695993ccebb09f5b5d4d790cd9251b97faac7c652b?s=96&d=blank&r=g","contentUrl":"https:\/\/secure.gravatar.com\/avatar\/049821681b589dabc0bc20695993ccebb09f5b5d4d790cd9251b97faac7c652b?s=96&d=blank&r=g","caption":"enequipo"},"sameAs":["https:\/\/www.facebook.com\/SonoraEE"]}]}},"jetpack_featured_media_url":"https:\/\/www.sonoraenequipo.com.mx\/storage\/2024\/10\/pensiones_bienestar-min.jpg","_links":{"self":[{"href":"https:\/\/www.sonoraenequipo.com.mx\/api\/wp\/v2\/posts\/210540","targetHints":{"allow":["GET"]}}],"collection":[{"href":"https:\/\/www.sonoraenequipo.com.mx\/api\/wp\/v2\/posts"}],"about":[{"href":"https:\/\/www.sonoraenequipo.com.mx\/api\/wp\/v2\/types\/post"}],"author":[{"embeddable":true,"href":"https:\/\/www.sonoraenequipo.com.mx\/api\/wp\/v2\/users\/1"}],"replies":[{"embeddable":true,"href":"https:\/\/www.sonoraenequipo.com.mx\/api\/wp\/v2\/comments?post=210540"}],"version-history":[{"count":1,"href":"https:\/\/www.sonoraenequipo.com.mx\/api\/wp\/v2\/posts\/210540\/revisions"}],"predecessor-version":[{"id":210541,"href":"https:\/\/www.sonoraenequipo.com.mx\/api\/wp\/v2\/posts\/210540\/revisions\/210541"}],"wp:featuredmedia":[{"embeddable":true,"href":"https:\/\/www.sonoraenequipo.com.mx\/api\/wp\/v2\/media\/200706"}],"wp:attachment":[{"href":"https:\/\/www.sonoraenequipo.com.mx\/api\/wp\/v2\/media?parent=210540"}],"wp:term":[{"taxonomy":"category","embeddable":true,"href":"https:\/\/www.sonoraenequipo.com.mx\/api\/wp\/v2\/categories?post=210540"},{"taxonomy":"post_tag","embeddable":true,"href":"https:\/\/www.sonoraenequipo.com.mx\/api\/wp\/v2\/tags?post=210540"}],"curies":[{"name":"wp","href":"https:\/\/api.w.org\/{rel}","templated":true}]}}