{"id":210547,"date":"2025-02-28T13:54:18","date_gmt":"2025-02-28T20:54:18","guid":{"rendered":"https:\/\/www.sonoraenequipo.com.mx\/?p=210547"},"modified":"2025-02-28T19:03:47","modified_gmt":"2025-03-01T02:03:47","slug":"cae-implicado-en-la-desaparicion-de-43-normalistas-de-ayotzinapa","status":"publish","type":"post","link":"https:\/\/www.sonoraenequipo.com.mx\/cae-implicado-en-la-desaparicion-de-43-normalistas-de-ayotzinapa\/","title":{"rendered":"Cae implicado en la desaparici\u00f3n de 43 normalistas de Ayotzinapa"},"content":{"rendered":"<p><strong>CIUDAD DE M\u00c9XICO. MX. \u2014\u00a0<\/strong> La Secretar\u00eda de Seguridad y Protecci\u00f3n Ciudadana (SSPC) dio a conocer sobre la captura de Mart\u00edn Alejandro \u00abN\u00bb, presunto implicado en la desaparici\u00f3n de los 43 normalistas de Ayotzinapa, ocurrida en septiembre de 2014.<\/p>\n<p> <\/p>\n<p>El hombre era buscado por los delitos de delincuencia organizada y desaparici\u00f3n forzada.<\/p>\n<p>El arresto se consum\u00f3 en la alcald\u00eda Iztapalapa de la Ciudad de M\u00e9xico, donde participaron elementos de la elementos de la SSPC, Fiscal\u00eda General de la Rep\u00fablica (FGR), Secretar\u00eda de la Defensa Nacional (Defensa), Secretar\u00eda de Marina (Semar) y Guardia Nacional.<\/p>\n<p><strong><em>\u00abDerivado de las l\u00edneas de investigaci\u00f3n e inteligencia, los agentes de seguridad ubicaron en la alcald\u00eda Iztapalapa la zona de movilidad de un sujeto que contaba con una orden de aprehensi\u00f3n, por delincuencia organizada y desaparici\u00f3n forzada vinculado a los hechos ocurridos en Ayotzinapa, Guerrero\u00bb,<\/em><\/strong> se lee en el informe.<\/p>\n<p>Se realiz\u00f3 un despliegue coordinado y en la colonia Cerro de la Estrella, en la avenida Tl\u00e1huac, se le marc\u00f3 el alto a Martin Alejandro \u00abN\u00bb, se corrobor\u00f3 su identidad y se cumpliment\u00f3 la orden de aprehensi\u00f3n en su contra.<\/p>\n<p>Al hombre se le inform\u00f3 el motivo de su detenci\u00f3n, se le dio lectura a sus derechos de ley y fue puesto a disposici\u00f3n del agente del Ministerio P\u00fablico correspondiente, quien definir\u00e1 su situaci\u00f3n legal<\/p>\n<p>PUBLICADO EL 28 FEBRERO 2025 Con informaci\u00f3n de SSPC)<\/p>\n","protected":false},"excerpt":{"rendered":"<p>CIUDAD DE M\u00c9XICO. MX. \u2014\u00a0 La Secretar\u00eda de Seguridad y Protecci\u00f3n Ciudadana (SSPC) dio a&#8230;<\/p>\n","protected":false},"author":1,"featured_media":210551,"comment_status":"open","ping_status":"open","sticky":false,"template":"","format":"standard","meta":{"_monsterinsights_skip_tracking":false,"_monsterinsights_sitenote_active":false,"_monsterinsights_sitenote_note":"","_monsterinsights_sitenote_category":0,"footnotes":""},"categories":[5],"tags":[],"class_list":["post"],"yoast_head":" \n<title>Sonora en Equipo. Cae implicado en la desaparici\u00f3n de 43 normalistas de Ayotzinapa Rep\u00fablica<\/title>\n<meta name=\"description\" content=\"CIUDAD DE M\u00c9XICO. MX. \u2014\u00a0 La Secretar\u00eda de Seguridad y Protecci\u00f3n Ciudadana (SSPC) dio a conocer sobre la captura de Mart\u00edn Alejandro &quot;N&quot;, presunto En Sonora en Equipo publicamos toda la informaci\u00f3n de Sonora, M\u00e9xico y el Mundo de manera oportuna y busca que la libertad de expresi\u00f3n sea real. Visita nuestro medio informativo publicado desde Hermosillo, Sonora. %\" \/>\n<meta name=\"robots\" content=\"index, follow, max-snippet:-1, max-image-preview:large, max-video-preview:-1\" \/>\n<link rel=\"canonical\" href=\"https:\/\/www.sonoraenequipo.com.mx\/cae-implicado-en-la-desaparicion-de-43-normalistas-de-ayotzinapa\/\" \/>\n<meta property=\"og:locale\" content=\"es_ES\" \/>\n<meta property=\"og:type\" content=\"article\" \/>\n<meta property=\"og:title\" content=\"Sonora en Equipo. Cae implicado en la desaparici\u00f3n de 43 normalistas de Ayotzinapa Rep\u00fablica\" \/>\n<meta property=\"og:description\" content=\"CIUDAD DE M\u00c9XICO. MX. \u2014\u00a0 La Secretar\u00eda de Seguridad y Protecci\u00f3n Ciudadana (SSPC) dio a conocer sobre la captura de Mart\u00edn Alejandro &quot;N&quot;, presunto En Sonora en Equipo publicamos toda la informaci\u00f3n de Sonora, M\u00e9xico y el Mundo de manera oportuna y busca que la libertad de expresi\u00f3n sea real. Visita nuestro medio informativo publicado desde Hermosillo, Sonora. %\" \/>\n<meta property=\"og:url\" content=\"https:\/\/www.sonoraenequipo.com.mx\/cae-implicado-en-la-desaparicion-de-43-normalistas-de-ayotzinapa\/\" \/>\n<meta property=\"og:site_name\" content=\"Sonora en Equipo.\" \/>\n<meta property=\"article:publisher\" content=\"https:\/\/www.facebook.com\/SonoraEE\/\" \/>\n<meta property=\"article:author\" content=\"https:\/\/www.facebook.com\/SonoraEE\" \/>\n<meta property=\"article:published_time\" content=\"2025-02-28T20:54:18+00:00\" \/>\n<meta property=\"article:modified_time\" content=\"2025-03-01T02:03:47+00:00\" \/>\n<meta property=\"og:image\" content=\"https:\/\/www.sonoraenequipo.com.mx\/storage\/2025\/02\/Cae-implicado-en-la-desaparicion-de-43-normalistas-de-Ayotzinapa-min-1.jpg\" \/>\n\t<meta property=\"og:image:width\" content=\"1000\" \/>\n\t<meta property=\"og:image:height\" content=\"634\" \/>\n\t<meta property=\"og:image:type\" content=\"image\/jpeg\" \/>\n<meta name=\"author\" content=\"enequipo\" \/>\n<meta name=\"twitter:card\" content=\"summary_large_image\" \/>\n<meta name=\"twitter:creator\" content=\"@sonoraenequipo\" \/>\n<meta name=\"twitter:site\" content=\"@sonoraenequipo\" \/>\n<meta name=\"twitter:label1\" content=\"Escrito por\" \/>\n\t<meta name=\"twitter:data1\" content=\"enequipo\" \/>\n\t<meta name=\"twitter:label2\" content=\"Tiempo de lectura\" \/>\n\t<meta name=\"twitter:data2\" content=\"1 minuto\" \/>\n<script type=\"application\/ld+json\" class=\"yoast-schema-graph\">{\"@context\":\"https:\/\/schema.org\",\"@graph\":[{\"@type\":\"Article\",\"@id\":\"https:\/\/www.sonoraenequipo.com.mx\/cae-implicado-en-la-desaparicion-de-43-normalistas-de-ayotzinapa\/#article\",\"isPartOf\":{\"@id\":\"https:\/\/www.sonoraenequipo.com.mx\/cae-implicado-en-la-desaparicion-de-43-normalistas-de-ayotzinapa\/\"},\"author\":{\"name\":\"enequipo\",\"@id\":\"https:\/\/www.sonoraenequipo.com.mx\/#\/schema\/person\/50102df0fb23a8fa9e8effad8fa81386\"},\"headline\":\"Cae implicado en la desaparici\u00f3n de 43 normalistas de Ayotzinapa\",\"datePublished\":\"2025-02-28T20:54:18+00:00\",\"dateModified\":\"2025-03-01T02:03:47+00:00\",\"mainEntityOfPage\":{\"@id\":\"https:\/\/www.sonoraenequipo.com.mx\/cae-implicado-en-la-desaparicion-de-43-normalistas-de-ayotzinapa\/\"},\"wordCount\":256,\"commentCount\":0,\"publisher\":{\"@id\":\"https:\/\/www.sonoraenequipo.com.mx\/#organization\"},\"image\":{\"@id\":\"https:\/\/www.sonoraenequipo.com.mx\/cae-implicado-en-la-desaparicion-de-43-normalistas-de-ayotzinapa\/#primaryimage\"},\"thumbnailUrl\":\"https:\/\/www.sonoraenequipo.com.mx\/storage\/2025\/02\/Cae-implicado-en-la-desaparicion-de-43-normalistas-de-Ayotzinapa-min-1.jpg\",\"articleSection\":[\"Rep\u00fablica\"],\"inLanguage\":\"es\",\"potentialAction\":[{\"@type\":\"CommentAction\",\"name\":\"Comment\",\"target\":[\"https:\/\/www.sonoraenequipo.com.mx\/cae-implicado-en-la-desaparicion-de-43-normalistas-de-ayotzinapa\/#respond\"]}]},{\"@type\":\"WebPage\",\"@id\":\"https:\/\/www.sonoraenequipo.com.mx\/cae-implicado-en-la-desaparicion-de-43-normalistas-de-ayotzinapa\/\",\"url\":\"https:\/\/www.sonoraenequipo.com.mx\/cae-implicado-en-la-desaparicion-de-43-normalistas-de-ayotzinapa\/\",\"name\":\"Sonora en Equipo. Cae implicado en la desaparici\u00f3n de 43 normalistas de Ayotzinapa Rep\u00fablica\",\"isPartOf\":{\"@id\":\"https:\/\/www.sonoraenequipo.com.mx\/#website\"},\"primaryImageOfPage\":{\"@id\":\"https:\/\/www.sonoraenequipo.com.mx\/cae-implicado-en-la-desaparicion-de-43-normalistas-de-ayotzinapa\/#primaryimage\"},\"image\":{\"@id\":\"https:\/\/www.sonoraenequipo.com.mx\/cae-implicado-en-la-desaparicion-de-43-normalistas-de-ayotzinapa\/#primaryimage\"},\"thumbnailUrl\":\"https:\/\/www.sonoraenequipo.com.mx\/storage\/2025\/02\/Cae-implicado-en-la-desaparicion-de-43-normalistas-de-Ayotzinapa-min-1.jpg\",\"datePublished\":\"2025-02-28T20:54:18+00:00\",\"dateModified\":\"2025-03-01T02:03:47+00:00\",\"description\":\"CIUDAD DE M\u00c9XICO. MX. \u2014\u00a0 La Secretar\u00eda de Seguridad y Protecci\u00f3n Ciudadana (SSPC) dio a conocer sobre la captura de Mart\u00edn Alejandro \\\"N\\\", presunto En Sonora en Equipo publicamos toda la informaci\u00f3n de Sonora, M\u00e9xico y el Mundo de manera oportuna y busca que la libertad de expresi\u00f3n sea real. Visita nuestro medio informativo publicado desde Hermosillo, Sonora. %\",\"breadcrumb\":{\"@id\":\"https:\/\/www.sonoraenequipo.com.mx\/cae-implicado-en-la-desaparicion-de-43-normalistas-de-ayotzinapa\/#breadcrumb\"},\"inLanguage\":\"es\",\"potentialAction\":[{\"@type\":\"ReadAction\",\"target\":[\"https:\/\/www.sonoraenequipo.com.mx\/cae-implicado-en-la-desaparicion-de-43-normalistas-de-ayotzinapa\/\"]}]},{\"@type\":\"ImageObject\",\"inLanguage\":\"es\",\"@id\":\"https:\/\/www.sonoraenequipo.com.mx\/cae-implicado-en-la-desaparicion-de-43-normalistas-de-ayotzinapa\/#primaryimage\",\"url\":\"https:\/\/www.sonoraenequipo.com.mx\/storage\/2025\/02\/Cae-implicado-en-la-desaparicion-de-43-normalistas-de-Ayotzinapa-min-1.jpg\",\"contentUrl\":\"https:\/\/www.sonoraenequipo.com.mx\/storage\/2025\/02\/Cae-implicado-en-la-desaparicion-de-43-normalistas-de-Ayotzinapa-min-1.jpg\",\"width\":1000,\"height\":634},{\"@type\":\"BreadcrumbList\",\"@id\":\"https:\/\/www.sonoraenequipo.com.mx\/cae-implicado-en-la-desaparicion-de-43-normalistas-de-ayotzinapa\/#breadcrumb\",\"itemListElement\":[{\"@type\":\"ListItem\",\"position\":1,\"name\":\"Portada\",\"item\":\"https:\/\/www.sonoraenequipo.com.mx\/\"},{\"@type\":\"ListItem\",\"position\":2,\"name\":\"Cae implicado en la desaparici\u00f3n de 43 normalistas de Ayotzinapa\"}]},{\"@type\":\"WebSite\",\"@id\":\"https:\/\/www.sonoraenequipo.com.mx\/#website\",\"url\":\"https:\/\/www.sonoraenequipo.com.mx\/\",\"name\":\"Sonora en Equipo.\",\"description\":\"Diario en l\u00ednea con Noticias desde Hermosillo, Sonora\",\"publisher\":{\"@id\":\"https:\/\/www.sonoraenequipo.com.mx\/#organization\"},\"potentialAction\":[{\"@type\":\"SearchAction\",\"target\":{\"@type\":\"EntryPoint\",\"urlTemplate\":\"https:\/\/www.sonoraenequipo.com.mx\/?s={search_term_string}\"},\"query-input\":{\"@type\":\"PropertyValueSpecification\",\"valueRequired\":true,\"valueName\":\"search_term_string\"}}],\"inLanguage\":\"es\"},{\"@type\":\"Organization\",\"@id\":\"https:\/\/www.sonoraenequipo.com.mx\/#organization\",\"name\":\"Sonoraenequipo.com.mx\",\"url\":\"https:\/\/www.sonoraenequipo.com.mx\/\",\"logo\":{\"@type\":\"ImageObject\",\"inLanguage\":\"es\",\"@id\":\"https:\/\/www.sonoraenequipo.com.mx\/#\/schema\/logo\/image\/\",\"url\":\"https:\/\/www.sonoraenequipo.com.mx\/storage\/2019\/01\/sonoraenequipo_opt.png\",\"contentUrl\":\"https:\/\/www.sonoraenequipo.com.mx\/storage\/2019\/01\/sonoraenequipo_opt.png\",\"width\":375,\"height\":125,\"caption\":\"Sonoraenequipo.com.mx\"},\"image\":{\"@id\":\"https:\/\/www.sonoraenequipo.com.mx\/#\/schema\/logo\/image\/\"},\"sameAs\":[\"https:\/\/www.facebook.com\/SonoraEE\/\",\"https:\/\/x.com\/sonoraenequipo\",\"https:\/\/www.youtube.com\/channel\/UC338nW-lPEYmJQs4ZABQ1SQ\"]},{\"@type\":\"Person\",\"@id\":\"https:\/\/www.sonoraenequipo.com.mx\/#\/schema\/person\/50102df0fb23a8fa9e8effad8fa81386\",\"name\":\"enequipo\",\"image\":{\"@type\":\"ImageObject\",\"inLanguage\":\"es\",\"@id\":\"https:\/\/www.sonoraenequipo.com.mx\/#\/schema\/person\/image\/\",\"url\":\"https:\/\/secure.gravatar.com\/avatar\/049821681b589dabc0bc20695993ccebb09f5b5d4d790cd9251b97faac7c652b?s=96&d=blank&r=g\",\"contentUrl\":\"https:\/\/secure.gravatar.com\/avatar\/049821681b589dabc0bc20695993ccebb09f5b5d4d790cd9251b97faac7c652b?s=96&d=blank&r=g\",\"caption\":\"enequipo\"},\"sameAs\":[\"https:\/\/www.facebook.com\/SonoraEE\"]}]}<\/script>\n ","yoast_head_json":{"title":"Sonora en Equipo. Cae implicado en la desaparici\u00f3n de 43 normalistas de Ayotzinapa Rep\u00fablica","description":"CIUDAD DE M\u00c9XICO. MX. \u2014\u00a0 La Secretar\u00eda de Seguridad y Protecci\u00f3n Ciudadana (SSPC) dio a conocer sobre la captura de Mart\u00edn Alejandro \"N\", presunto En Sonora en Equipo publicamos toda la informaci\u00f3n de Sonora, M\u00e9xico y el Mundo de manera oportuna y busca que la libertad de expresi\u00f3n sea real. Visita nuestro medio informativo publicado desde Hermosillo, Sonora. %","robots":{"index":"index","follow":"follow","max-snippet":"max-snippet:-1","max-image-preview":"max-image-preview:large","max-video-preview":"max-video-preview:-1"},"canonical":"https:\/\/www.sonoraenequipo.com.mx\/cae-implicado-en-la-desaparicion-de-43-normalistas-de-ayotzinapa\/","og_locale":"es_ES","og_type":"article","og_title":"Sonora en Equipo. Cae implicado en la desaparici\u00f3n de 43 normalistas de Ayotzinapa Rep\u00fablica","og_description":"CIUDAD DE M\u00c9XICO. MX. \u2014\u00a0 La Secretar\u00eda de Seguridad y Protecci\u00f3n Ciudadana (SSPC) dio a conocer sobre la captura de Mart\u00edn Alejandro \"N\", presunto En Sonora en Equipo publicamos toda la informaci\u00f3n de Sonora, M\u00e9xico y el Mundo de manera oportuna y busca que la libertad de expresi\u00f3n sea real. Visita nuestro medio informativo publicado desde Hermosillo, Sonora. %","og_url":"https:\/\/www.sonoraenequipo.com.mx\/cae-implicado-en-la-desaparicion-de-43-normalistas-de-ayotzinapa\/","og_site_name":"Sonora en Equipo.","article_publisher":"https:\/\/www.facebook.com\/SonoraEE\/","article_author":"https:\/\/www.facebook.com\/SonoraEE","article_published_time":"2025-02-28T20:54:18+00:00","article_modified_time":"2025-03-01T02:03:47+00:00","og_image":[{"width":1000,"height":634,"url":"https:\/\/www.sonoraenequipo.com.mx\/storage\/2025\/02\/Cae-implicado-en-la-desaparicion-de-43-normalistas-de-Ayotzinapa-min-1.jpg","type":"image\/jpeg"}],"author":"enequipo","twitter_card":"summary_large_image","twitter_creator":"@sonoraenequipo","twitter_site":"@sonoraenequipo","twitter_misc":{"Escrito por":"enequipo","Tiempo de lectura":"1 minuto"},"schema":{"@context":"https:\/\/schema.org","@graph":[{"@type":"Article","@id":"https:\/\/www.sonoraenequipo.com.mx\/cae-implicado-en-la-desaparicion-de-43-normalistas-de-ayotzinapa\/#article","isPartOf":{"@id":"https:\/\/www.sonoraenequipo.com.mx\/cae-implicado-en-la-desaparicion-de-43-normalistas-de-ayotzinapa\/"},"author":{"name":"enequipo","@id":"https:\/\/www.sonoraenequipo.com.mx\/#\/schema\/person\/50102df0fb23a8fa9e8effad8fa81386"},"headline":"Cae implicado en la desaparici\u00f3n de 43 normalistas de Ayotzinapa","datePublished":"2025-02-28T20:54:18+00:00","dateModified":"2025-03-01T02:03:47+00:00","mainEntityOfPage":{"@id":"https:\/\/www.sonoraenequipo.com.mx\/cae-implicado-en-la-desaparicion-de-43-normalistas-de-ayotzinapa\/"},"wordCount":256,"commentCount":0,"publisher":{"@id":"https:\/\/www.sonoraenequipo.com.mx\/#organization"},"image":{"@id":"https:\/\/www.sonoraenequipo.com.mx\/cae-implicado-en-la-desaparicion-de-43-normalistas-de-ayotzinapa\/#primaryimage"},"thumbnailUrl":"https:\/\/www.sonoraenequipo.com.mx\/storage\/2025\/02\/Cae-implicado-en-la-desaparicion-de-43-normalistas-de-Ayotzinapa-min-1.jpg","articleSection":["Rep\u00fablica"],"inLanguage":"es","potentialAction":[{"@type":"CommentAction","name":"Comment","target":["https:\/\/www.sonoraenequipo.com.mx\/cae-implicado-en-la-desaparicion-de-43-normalistas-de-ayotzinapa\/#respond"]}]},{"@type":"WebPage","@id":"https:\/\/www.sonoraenequipo.com.mx\/cae-implicado-en-la-desaparicion-de-43-normalistas-de-ayotzinapa\/","url":"https:\/\/www.sonoraenequipo.com.mx\/cae-implicado-en-la-desaparicion-de-43-normalistas-de-ayotzinapa\/","name":"Sonora en Equipo. Cae implicado en la desaparici\u00f3n de 43 normalistas de Ayotzinapa Rep\u00fablica","isPartOf":{"@id":"https:\/\/www.sonoraenequipo.com.mx\/#website"},"primaryImageOfPage":{"@id":"https:\/\/www.sonoraenequipo.com.mx\/cae-implicado-en-la-desaparicion-de-43-normalistas-de-ayotzinapa\/#primaryimage"},"image":{"@id":"https:\/\/www.sonoraenequipo.com.mx\/cae-implicado-en-la-desaparicion-de-43-normalistas-de-ayotzinapa\/#primaryimage"},"thumbnailUrl":"https:\/\/www.sonoraenequipo.com.mx\/storage\/2025\/02\/Cae-implicado-en-la-desaparicion-de-43-normalistas-de-Ayotzinapa-min-1.jpg","datePublished":"2025-02-28T20:54:18+00:00","dateModified":"2025-03-01T02:03:47+00:00","description":"CIUDAD DE M\u00c9XICO. MX. \u2014\u00a0 La Secretar\u00eda de Seguridad y Protecci\u00f3n Ciudadana (SSPC) dio a conocer sobre la captura de Mart\u00edn Alejandro \"N\", presunto En Sonora en Equipo publicamos toda la informaci\u00f3n de Sonora, M\u00e9xico y el Mundo de manera oportuna y busca que la libertad de expresi\u00f3n sea real. Visita nuestro medio informativo publicado desde Hermosillo, Sonora. %","breadcrumb":{"@id":"https:\/\/www.sonoraenequipo.com.mx\/cae-implicado-en-la-desaparicion-de-43-normalistas-de-ayotzinapa\/#breadcrumb"},"inLanguage":"es","potentialAction":[{"@type":"ReadAction","target":["https:\/\/www.sonoraenequipo.com.mx\/cae-implicado-en-la-desaparicion-de-43-normalistas-de-ayotzinapa\/"]}]},{"@type":"ImageObject","inLanguage":"es","@id":"https:\/\/www.sonoraenequipo.com.mx\/cae-implicado-en-la-desaparicion-de-43-normalistas-de-ayotzinapa\/#primaryimage","url":"https:\/\/www.sonoraenequipo.com.mx\/storage\/2025\/02\/Cae-implicado-en-la-desaparicion-de-43-normalistas-de-Ayotzinapa-min-1.jpg","contentUrl":"https:\/\/www.sonoraenequipo.com.mx\/storage\/2025\/02\/Cae-implicado-en-la-desaparicion-de-43-normalistas-de-Ayotzinapa-min-1.jpg","width":1000,"height":634},{"@type":"BreadcrumbList","@id":"https:\/\/www.sonoraenequipo.com.mx\/cae-implicado-en-la-desaparicion-de-43-normalistas-de-ayotzinapa\/#breadcrumb","itemListElement":[{"@type":"ListItem","position":1,"name":"Portada","item":"https:\/\/www.sonoraenequipo.com.mx\/"},{"@type":"ListItem","position":2,"name":"Cae implicado en la desaparici\u00f3n de 43 normalistas de Ayotzinapa"}]},{"@type":"WebSite","@id":"https:\/\/www.sonoraenequipo.com.mx\/#website","url":"https:\/\/www.sonoraenequipo.com.mx\/","name":"Sonora en Equipo.","description":"Diario en l\u00ednea con Noticias desde Hermosillo, Sonora","publisher":{"@id":"https:\/\/www.sonoraenequipo.com.mx\/#organization"},"potentialAction":[{"@type":"SearchAction","target":{"@type":"EntryPoint","urlTemplate":"https:\/\/www.sonoraenequipo.com.mx\/?s={search_term_string}"},"query-input":{"@type":"PropertyValueSpecification","valueRequired":true,"valueName":"search_term_string"}}],"inLanguage":"es"},{"@type":"Organization","@id":"https:\/\/www.sonoraenequipo.com.mx\/#organization","name":"Sonoraenequipo.com.mx","url":"https:\/\/www.sonoraenequipo.com.mx\/","logo":{"@type":"ImageObject","inLanguage":"es","@id":"https:\/\/www.sonoraenequipo.com.mx\/#\/schema\/logo\/image\/","url":"https:\/\/www.sonoraenequipo.com.mx\/storage\/2019\/01\/sonoraenequipo_opt.png","contentUrl":"https:\/\/www.sonoraenequipo.com.mx\/storage\/2019\/01\/sonoraenequipo_opt.png","width":375,"height":125,"caption":"Sonoraenequipo.com.mx"},"image":{"@id":"https:\/\/www.sonoraenequipo.com.mx\/#\/schema\/logo\/image\/"},"sameAs":["https:\/\/www.facebook.com\/SonoraEE\/","https:\/\/x.com\/sonoraenequipo","https:\/\/www.youtube.com\/channel\/UC338nW-lPEYmJQs4ZABQ1SQ"]},{"@type":"Person","@id":"https:\/\/www.sonoraenequipo.com.mx\/#\/schema\/person\/50102df0fb23a8fa9e8effad8fa81386","name":"enequipo","image":{"@type":"ImageObject","inLanguage":"es","@id":"https:\/\/www.sonoraenequipo.com.mx\/#\/schema\/person\/image\/","url":"https:\/\/secure.gravatar.com\/avatar\/049821681b589dabc0bc20695993ccebb09f5b5d4d790cd9251b97faac7c652b?s=96&d=blank&r=g","contentUrl":"https:\/\/secure.gravatar.com\/avatar\/049821681b589dabc0bc20695993ccebb09f5b5d4d790cd9251b97faac7c652b?s=96&d=blank&r=g","caption":"enequipo"},"sameAs":["https:\/\/www.facebook.com\/SonoraEE"]}]}},"jetpack_featured_media_url":"https:\/\/www.sonoraenequipo.com.mx\/storage\/2025\/02\/Cae-implicado-en-la-desaparicion-de-43-normalistas-de-Ayotzinapa-min-1.jpg","_links":{"self":[{"href":"https:\/\/www.sonoraenequipo.com.mx\/api\/wp\/v2\/posts\/210547","targetHints":{"allow":["GET"]}}],"collection":[{"href":"https:\/\/www.sonoraenequipo.com.mx\/api\/wp\/v2\/posts"}],"about":[{"href":"https:\/\/www.sonoraenequipo.com.mx\/api\/wp\/v2\/types\/post"}],"author":[{"embeddable":true,"href":"https:\/\/www.sonoraenequipo.com.mx\/api\/wp\/v2\/users\/1"}],"replies":[{"embeddable":true,"href":"https:\/\/www.sonoraenequipo.com.mx\/api\/wp\/v2\/comments?post=210547"}],"version-history":[{"count":2,"href":"https:\/\/www.sonoraenequipo.com.mx\/api\/wp\/v2\/posts\/210547\/revisions"}],"predecessor-version":[{"id":210558,"href":"https:\/\/www.sonoraenequipo.com.mx\/api\/wp\/v2\/posts\/210547\/revisions\/210558"}],"wp:featuredmedia":[{"embeddable":true,"href":"https:\/\/www.sonoraenequipo.com.mx\/api\/wp\/v2\/media\/210551"}],"wp:attachment":[{"href":"https:\/\/www.sonoraenequipo.com.mx\/api\/wp\/v2\/media?parent=210547"}],"wp:term":[{"taxonomy":"category","embeddable":true,"href":"https:\/\/www.sonoraenequipo.com.mx\/api\/wp\/v2\/categories?post=210547"},{"taxonomy":"post_tag","embeddable":true,"href":"https:\/\/www.sonoraenequipo.com.mx\/api\/wp\/v2\/tags?post=210547"}],"curies":[{"name":"wp","href":"https:\/\/api.w.org\/{rel}","templated":true}]}}