{"id":210579,"date":"2025-03-01T16:48:42","date_gmt":"2025-03-01T23:48:42","guid":{"rendered":"https:\/\/www.sonoraenequipo.com.mx\/?p=210579"},"modified":"2025-03-01T16:48:42","modified_gmt":"2025-03-01T23:48:42","slug":"fortalece-gobernador-durazo-inclusion-tecnologica-y-disminucion-de-la-brecha-digital","status":"publish","type":"post","link":"https:\/\/www.sonoraenequipo.com.mx\/fortalece-gobernador-durazo-inclusion-tecnologica-y-disminucion-de-la-brecha-digital\/","title":{"rendered":"Fortalece Gobernador Durazo inclusi\u00f3n tecnol\u00f3gica y disminuci\u00f3n de la brecha digital"},"content":{"rendered":"<p><strong>HERMOSILLO, SONORA, MX.<\/strong> \u2014 Con la entrega de m\u00e1s de 19 mil tarjetas SIM con internet para j\u00f3venes universitarios de instituciones p\u00fablicas, el gobernador Alfonso Durazo fortalece la inclusi\u00f3n tecnol\u00f3gica y contribuye a la disminuci\u00f3n de la brecha digital en Sonora, destac\u00f3 Froyl\u00e1n G\u00e1mez Gamboa.<\/p>\n<p>&nbsp;<\/p>\n<p>&nbsp;<\/p>\n<p>&nbsp;<\/p>\n<p>El titular de la Secretar\u00eda de Educaci\u00f3n y Cultura (SEC) exhort\u00f3 a los estudiantes beneficiados con becas del programa Sonora de Oportunidades a aprovechar todas las herramientas digitales disponibles en las tarjetas que recibieron de forma gratuita para que contin\u00faen sus estudios profesionales.<\/p>\n<p>&nbsp;<\/p>\n<p>&nbsp;<\/p>\n<p>&nbsp;<\/p>\n<p>Detall\u00f3 que a trav\u00e9s de la aplicaci\u00f3n Sonora Digital (<a href=\"https:\/\/www.sonora.gob.mx\/digital\">https:\/\/www.sonora.gob.mx\/digital<\/a> ) los beneficiarios pueden configurar la portabilidad de sus tel\u00e9fonos y conocer todos los beneficios del programa, el cual forma parte de la estrategia implementada por el Gobierno de M\u00e9xico a trav\u00e9s Internet para el Bienestar.<\/p>\n<p>&nbsp;<\/p>\n<p>&nbsp;<\/p>\n<p>&nbsp;<\/p>\n<p>G\u00e1mez Gamboa a\u00f1adi\u00f3 que cada tarjeta SIM para celular incluye servicio gratis durante seis meses, llamadas y mensajes de texto sin l\u00edmite, redes sociales nacionales ilimitadas y 7Gb mensuales para navegar en internet sin costo.<\/p>\n<p>&nbsp;<\/p>\n<p>&nbsp;<\/p>\n<p>&nbsp;<\/p>\n<p>Coment\u00f3 que los j\u00f3venes que realicen la portabilidad en sus dispositivos m\u00f3viles podr\u00e1n obtener el doble de datos (14Gb) y refrend\u00f3 el compromiso del Gobierno de Sonora de llevar conectividad y oportunidades a quienes m\u00e1s lo necesitan.<\/p>\n<p><strong>Fecha de publicaci\u00f3n s\u00e1bado 1 de marzo de 2025 \/<\/strong><\/p>\n","protected":false},"excerpt":{"rendered":"<p>HERMOSILLO, SONORA, MX. \u2014 Con la entrega de m\u00e1s de 19 mil tarjetas SIM con&#8230;<\/p>\n","protected":false},"author":1,"featured_media":210581,"comment_status":"open","ping_status":"open","sticky":false,"template":"","format":"standard","meta":{"_monsterinsights_skip_tracking":false,"_monsterinsights_sitenote_active":false,"_monsterinsights_sitenote_note":"","_monsterinsights_sitenote_category":0,"footnotes":""},"categories":[1],"tags":[10923,6473],"class_list":["post"],"yoast_head":" \n<title>Sonora en Equipo. Fortalece Gobernador Durazo inclusi\u00f3n tecnol\u00f3gica y disminuci\u00f3n de la brecha digital<\/title>\n<meta name=\"description\" content=\"HERMOSILLO, SONORA, MX. \u2014 Con la entrega de m\u00e1s de 19 mil tarjetas SIM con internet para j\u00f3venes universitarios de instituciones p\u00fablicas, el gobernador En Sonora en Equipo publicamos toda la informaci\u00f3n de Sonora, M\u00e9xico y el Mundo de manera oportuna y busca que la libertad de expresi\u00f3n sea real. Visita nuestro medio informativo publicado desde Hermosillo, Sonora. %\" \/>\n<meta name=\"robots\" content=\"index, follow, max-snippet:-1, max-image-preview:large, max-video-preview:-1\" \/>\n<link rel=\"canonical\" href=\"https:\/\/www.sonoraenequipo.com.mx\/fortalece-gobernador-durazo-inclusion-tecnologica-y-disminucion-de-la-brecha-digital\/\" \/>\n<meta property=\"og:locale\" content=\"es_ES\" \/>\n<meta property=\"og:type\" content=\"article\" \/>\n<meta property=\"og:title\" content=\"Sonora en Equipo. Fortalece Gobernador Durazo inclusi\u00f3n tecnol\u00f3gica y disminuci\u00f3n de la brecha digital\" \/>\n<meta property=\"og:description\" content=\"HERMOSILLO, SONORA, MX. \u2014 Con la entrega de m\u00e1s de 19 mil tarjetas SIM con internet para j\u00f3venes universitarios de instituciones p\u00fablicas, el gobernador En Sonora en Equipo publicamos toda la informaci\u00f3n de Sonora, M\u00e9xico y el Mundo de manera oportuna y busca que la libertad de expresi\u00f3n sea real. Visita nuestro medio informativo publicado desde Hermosillo, Sonora. %\" \/>\n<meta property=\"og:url\" content=\"https:\/\/www.sonoraenequipo.com.mx\/fortalece-gobernador-durazo-inclusion-tecnologica-y-disminucion-de-la-brecha-digital\/\" \/>\n<meta property=\"og:site_name\" content=\"Sonora en Equipo.\" \/>\n<meta property=\"article:publisher\" content=\"https:\/\/www.facebook.com\/SonoraEE\/\" \/>\n<meta property=\"article:author\" content=\"https:\/\/www.facebook.com\/SonoraEE\" \/>\n<meta property=\"article:published_time\" content=\"2025-03-01T23:48:42+00:00\" \/>\n<meta property=\"og:image\" content=\"https:\/\/www.sonoraenequipo.com.mx\/storage\/2025\/03\/tarjetas-sim.jpg\" \/>\n\t<meta property=\"og:image:width\" content=\"600\" \/>\n\t<meta property=\"og:image:height\" content=\"400\" \/>\n\t<meta property=\"og:image:type\" content=\"image\/jpeg\" \/>\n<meta name=\"author\" content=\"enequipo\" \/>\n<meta name=\"twitter:card\" content=\"summary_large_image\" \/>\n<meta name=\"twitter:creator\" content=\"@sonoraenequipo\" \/>\n<meta name=\"twitter:site\" content=\"@sonoraenequipo\" \/>\n<meta name=\"twitter:label1\" content=\"Escrito por\" \/>\n\t<meta name=\"twitter:data1\" content=\"enequipo\" \/>\n\t<meta name=\"twitter:label2\" content=\"Tiempo de lectura\" \/>\n\t<meta name=\"twitter:data2\" content=\"1 minuto\" \/>\n<script type=\"application\/ld+json\" class=\"yoast-schema-graph\">{\"@context\":\"https:\/\/schema.org\",\"@graph\":[{\"@type\":\"Article\",\"@id\":\"https:\/\/www.sonoraenequipo.com.mx\/fortalece-gobernador-durazo-inclusion-tecnologica-y-disminucion-de-la-brecha-digital\/#article\",\"isPartOf\":{\"@id\":\"https:\/\/www.sonoraenequipo.com.mx\/fortalece-gobernador-durazo-inclusion-tecnologica-y-disminucion-de-la-brecha-digital\/\"},\"author\":{\"name\":\"enequipo\",\"@id\":\"https:\/\/www.sonoraenequipo.com.mx\/#\/schema\/person\/50102df0fb23a8fa9e8effad8fa81386\"},\"headline\":\"Fortalece Gobernador Durazo inclusi\u00f3n tecnol\u00f3gica y disminuci\u00f3n de la brecha digital\",\"datePublished\":\"2025-03-01T23:48:42+00:00\",\"mainEntityOfPage\":{\"@id\":\"https:\/\/www.sonoraenequipo.com.mx\/fortalece-gobernador-durazo-inclusion-tecnologica-y-disminucion-de-la-brecha-digital\/\"},\"wordCount\":266,\"commentCount\":0,\"publisher\":{\"@id\":\"https:\/\/www.sonoraenequipo.com.mx\/#organization\"},\"image\":{\"@id\":\"https:\/\/www.sonoraenequipo.com.mx\/fortalece-gobernador-durazo-inclusion-tecnologica-y-disminucion-de-la-brecha-digital\/#primaryimage\"},\"thumbnailUrl\":\"https:\/\/www.sonoraenequipo.com.mx\/storage\/2025\/03\/tarjetas-sim.jpg\",\"keywords\":[\"sim\",\"tarjetas\"],\"articleSection\":[\"Sin categorizar\"],\"inLanguage\":\"es\",\"potentialAction\":[{\"@type\":\"CommentAction\",\"name\":\"Comment\",\"target\":[\"https:\/\/www.sonoraenequipo.com.mx\/fortalece-gobernador-durazo-inclusion-tecnologica-y-disminucion-de-la-brecha-digital\/#respond\"]}]},{\"@type\":\"WebPage\",\"@id\":\"https:\/\/www.sonoraenequipo.com.mx\/fortalece-gobernador-durazo-inclusion-tecnologica-y-disminucion-de-la-brecha-digital\/\",\"url\":\"https:\/\/www.sonoraenequipo.com.mx\/fortalece-gobernador-durazo-inclusion-tecnologica-y-disminucion-de-la-brecha-digital\/\",\"name\":\"Sonora en Equipo. Fortalece Gobernador Durazo inclusi\u00f3n tecnol\u00f3gica y disminuci\u00f3n de la brecha digital\",\"isPartOf\":{\"@id\":\"https:\/\/www.sonoraenequipo.com.mx\/#website\"},\"primaryImageOfPage\":{\"@id\":\"https:\/\/www.sonoraenequipo.com.mx\/fortalece-gobernador-durazo-inclusion-tecnologica-y-disminucion-de-la-brecha-digital\/#primaryimage\"},\"image\":{\"@id\":\"https:\/\/www.sonoraenequipo.com.mx\/fortalece-gobernador-durazo-inclusion-tecnologica-y-disminucion-de-la-brecha-digital\/#primaryimage\"},\"thumbnailUrl\":\"https:\/\/www.sonoraenequipo.com.mx\/storage\/2025\/03\/tarjetas-sim.jpg\",\"datePublished\":\"2025-03-01T23:48:42+00:00\",\"description\":\"HERMOSILLO, SONORA, MX. \u2014 Con la entrega de m\u00e1s de 19 mil tarjetas SIM con internet para j\u00f3venes universitarios de instituciones p\u00fablicas, el gobernador En Sonora en Equipo publicamos toda la informaci\u00f3n de Sonora, M\u00e9xico y el Mundo de manera oportuna y busca que la libertad de expresi\u00f3n sea real. Visita nuestro medio informativo publicado desde Hermosillo, Sonora. %\",\"breadcrumb\":{\"@id\":\"https:\/\/www.sonoraenequipo.com.mx\/fortalece-gobernador-durazo-inclusion-tecnologica-y-disminucion-de-la-brecha-digital\/#breadcrumb\"},\"inLanguage\":\"es\",\"potentialAction\":[{\"@type\":\"ReadAction\",\"target\":[\"https:\/\/www.sonoraenequipo.com.mx\/fortalece-gobernador-durazo-inclusion-tecnologica-y-disminucion-de-la-brecha-digital\/\"]}]},{\"@type\":\"ImageObject\",\"inLanguage\":\"es\",\"@id\":\"https:\/\/www.sonoraenequipo.com.mx\/fortalece-gobernador-durazo-inclusion-tecnologica-y-disminucion-de-la-brecha-digital\/#primaryimage\",\"url\":\"https:\/\/www.sonoraenequipo.com.mx\/storage\/2025\/03\/tarjetas-sim.jpg\",\"contentUrl\":\"https:\/\/www.sonoraenequipo.com.mx\/storage\/2025\/03\/tarjetas-sim.jpg\",\"width\":600,\"height\":400,\"caption\":\"Gobernador Durazo(der.)\"},{\"@type\":\"BreadcrumbList\",\"@id\":\"https:\/\/www.sonoraenequipo.com.mx\/fortalece-gobernador-durazo-inclusion-tecnologica-y-disminucion-de-la-brecha-digital\/#breadcrumb\",\"itemListElement\":[{\"@type\":\"ListItem\",\"position\":1,\"name\":\"Portada\",\"item\":\"https:\/\/www.sonoraenequipo.com.mx\/\"},{\"@type\":\"ListItem\",\"position\":2,\"name\":\"Fortalece Gobernador Durazo inclusi\u00f3n tecnol\u00f3gica y disminuci\u00f3n de la brecha digital\"}]},{\"@type\":\"WebSite\",\"@id\":\"https:\/\/www.sonoraenequipo.com.mx\/#website\",\"url\":\"https:\/\/www.sonoraenequipo.com.mx\/\",\"name\":\"Sonora en Equipo.\",\"description\":\"Diario en l\u00ednea con Noticias desde Hermosillo, Sonora\",\"publisher\":{\"@id\":\"https:\/\/www.sonoraenequipo.com.mx\/#organization\"},\"potentialAction\":[{\"@type\":\"SearchAction\",\"target\":{\"@type\":\"EntryPoint\",\"urlTemplate\":\"https:\/\/www.sonoraenequipo.com.mx\/?s={search_term_string}\"},\"query-input\":{\"@type\":\"PropertyValueSpecification\",\"valueRequired\":true,\"valueName\":\"search_term_string\"}}],\"inLanguage\":\"es\"},{\"@type\":\"Organization\",\"@id\":\"https:\/\/www.sonoraenequipo.com.mx\/#organization\",\"name\":\"Sonoraenequipo.com.mx\",\"url\":\"https:\/\/www.sonoraenequipo.com.mx\/\",\"logo\":{\"@type\":\"ImageObject\",\"inLanguage\":\"es\",\"@id\":\"https:\/\/www.sonoraenequipo.com.mx\/#\/schema\/logo\/image\/\",\"url\":\"https:\/\/www.sonoraenequipo.com.mx\/storage\/2019\/01\/sonoraenequipo_opt.png\",\"contentUrl\":\"https:\/\/www.sonoraenequipo.com.mx\/storage\/2019\/01\/sonoraenequipo_opt.png\",\"width\":375,\"height\":125,\"caption\":\"Sonoraenequipo.com.mx\"},\"image\":{\"@id\":\"https:\/\/www.sonoraenequipo.com.mx\/#\/schema\/logo\/image\/\"},\"sameAs\":[\"https:\/\/www.facebook.com\/SonoraEE\/\",\"https:\/\/x.com\/sonoraenequipo\",\"https:\/\/www.youtube.com\/channel\/UC338nW-lPEYmJQs4ZABQ1SQ\"]},{\"@type\":\"Person\",\"@id\":\"https:\/\/www.sonoraenequipo.com.mx\/#\/schema\/person\/50102df0fb23a8fa9e8effad8fa81386\",\"name\":\"enequipo\",\"image\":{\"@type\":\"ImageObject\",\"inLanguage\":\"es\",\"@id\":\"https:\/\/www.sonoraenequipo.com.mx\/#\/schema\/person\/image\/\",\"url\":\"https:\/\/secure.gravatar.com\/avatar\/049821681b589dabc0bc20695993ccebb09f5b5d4d790cd9251b97faac7c652b?s=96&d=blank&r=g\",\"contentUrl\":\"https:\/\/secure.gravatar.com\/avatar\/049821681b589dabc0bc20695993ccebb09f5b5d4d790cd9251b97faac7c652b?s=96&d=blank&r=g\",\"caption\":\"enequipo\"},\"sameAs\":[\"https:\/\/www.facebook.com\/SonoraEE\"]}]}<\/script>\n ","yoast_head_json":{"title":"Sonora en Equipo. Fortalece Gobernador Durazo inclusi\u00f3n tecnol\u00f3gica y disminuci\u00f3n de la brecha digital","description":"HERMOSILLO, SONORA, MX. \u2014 Con la entrega de m\u00e1s de 19 mil tarjetas SIM con internet para j\u00f3venes universitarios de instituciones p\u00fablicas, el gobernador En Sonora en Equipo publicamos toda la informaci\u00f3n de Sonora, M\u00e9xico y el Mundo de manera oportuna y busca que la libertad de expresi\u00f3n sea real. Visita nuestro medio informativo publicado desde Hermosillo, Sonora. %","robots":{"index":"index","follow":"follow","max-snippet":"max-snippet:-1","max-image-preview":"max-image-preview:large","max-video-preview":"max-video-preview:-1"},"canonical":"https:\/\/www.sonoraenequipo.com.mx\/fortalece-gobernador-durazo-inclusion-tecnologica-y-disminucion-de-la-brecha-digital\/","og_locale":"es_ES","og_type":"article","og_title":"Sonora en Equipo. Fortalece Gobernador Durazo inclusi\u00f3n tecnol\u00f3gica y disminuci\u00f3n de la brecha digital","og_description":"HERMOSILLO, SONORA, MX. \u2014 Con la entrega de m\u00e1s de 19 mil tarjetas SIM con internet para j\u00f3venes universitarios de instituciones p\u00fablicas, el gobernador En Sonora en Equipo publicamos toda la informaci\u00f3n de Sonora, M\u00e9xico y el Mundo de manera oportuna y busca que la libertad de expresi\u00f3n sea real. Visita nuestro medio informativo publicado desde Hermosillo, Sonora. %","og_url":"https:\/\/www.sonoraenequipo.com.mx\/fortalece-gobernador-durazo-inclusion-tecnologica-y-disminucion-de-la-brecha-digital\/","og_site_name":"Sonora en Equipo.","article_publisher":"https:\/\/www.facebook.com\/SonoraEE\/","article_author":"https:\/\/www.facebook.com\/SonoraEE","article_published_time":"2025-03-01T23:48:42+00:00","og_image":[{"width":600,"height":400,"url":"https:\/\/www.sonoraenequipo.com.mx\/storage\/2025\/03\/tarjetas-sim.jpg","type":"image\/jpeg"}],"author":"enequipo","twitter_card":"summary_large_image","twitter_creator":"@sonoraenequipo","twitter_site":"@sonoraenequipo","twitter_misc":{"Escrito por":"enequipo","Tiempo de lectura":"1 minuto"},"schema":{"@context":"https:\/\/schema.org","@graph":[{"@type":"Article","@id":"https:\/\/www.sonoraenequipo.com.mx\/fortalece-gobernador-durazo-inclusion-tecnologica-y-disminucion-de-la-brecha-digital\/#article","isPartOf":{"@id":"https:\/\/www.sonoraenequipo.com.mx\/fortalece-gobernador-durazo-inclusion-tecnologica-y-disminucion-de-la-brecha-digital\/"},"author":{"name":"enequipo","@id":"https:\/\/www.sonoraenequipo.com.mx\/#\/schema\/person\/50102df0fb23a8fa9e8effad8fa81386"},"headline":"Fortalece Gobernador Durazo inclusi\u00f3n tecnol\u00f3gica y disminuci\u00f3n de la brecha digital","datePublished":"2025-03-01T23:48:42+00:00","mainEntityOfPage":{"@id":"https:\/\/www.sonoraenequipo.com.mx\/fortalece-gobernador-durazo-inclusion-tecnologica-y-disminucion-de-la-brecha-digital\/"},"wordCount":266,"commentCount":0,"publisher":{"@id":"https:\/\/www.sonoraenequipo.com.mx\/#organization"},"image":{"@id":"https:\/\/www.sonoraenequipo.com.mx\/fortalece-gobernador-durazo-inclusion-tecnologica-y-disminucion-de-la-brecha-digital\/#primaryimage"},"thumbnailUrl":"https:\/\/www.sonoraenequipo.com.mx\/storage\/2025\/03\/tarjetas-sim.jpg","keywords":["sim","tarjetas"],"articleSection":["Sin categorizar"],"inLanguage":"es","potentialAction":[{"@type":"CommentAction","name":"Comment","target":["https:\/\/www.sonoraenequipo.com.mx\/fortalece-gobernador-durazo-inclusion-tecnologica-y-disminucion-de-la-brecha-digital\/#respond"]}]},{"@type":"WebPage","@id":"https:\/\/www.sonoraenequipo.com.mx\/fortalece-gobernador-durazo-inclusion-tecnologica-y-disminucion-de-la-brecha-digital\/","url":"https:\/\/www.sonoraenequipo.com.mx\/fortalece-gobernador-durazo-inclusion-tecnologica-y-disminucion-de-la-brecha-digital\/","name":"Sonora en Equipo. Fortalece Gobernador Durazo inclusi\u00f3n tecnol\u00f3gica y disminuci\u00f3n de la brecha digital","isPartOf":{"@id":"https:\/\/www.sonoraenequipo.com.mx\/#website"},"primaryImageOfPage":{"@id":"https:\/\/www.sonoraenequipo.com.mx\/fortalece-gobernador-durazo-inclusion-tecnologica-y-disminucion-de-la-brecha-digital\/#primaryimage"},"image":{"@id":"https:\/\/www.sonoraenequipo.com.mx\/fortalece-gobernador-durazo-inclusion-tecnologica-y-disminucion-de-la-brecha-digital\/#primaryimage"},"thumbnailUrl":"https:\/\/www.sonoraenequipo.com.mx\/storage\/2025\/03\/tarjetas-sim.jpg","datePublished":"2025-03-01T23:48:42+00:00","description":"HERMOSILLO, SONORA, MX. \u2014 Con la entrega de m\u00e1s de 19 mil tarjetas SIM con internet para j\u00f3venes universitarios de instituciones p\u00fablicas, el gobernador En Sonora en Equipo publicamos toda la informaci\u00f3n de Sonora, M\u00e9xico y el Mundo de manera oportuna y busca que la libertad de expresi\u00f3n sea real. Visita nuestro medio informativo publicado desde Hermosillo, Sonora. %","breadcrumb":{"@id":"https:\/\/www.sonoraenequipo.com.mx\/fortalece-gobernador-durazo-inclusion-tecnologica-y-disminucion-de-la-brecha-digital\/#breadcrumb"},"inLanguage":"es","potentialAction":[{"@type":"ReadAction","target":["https:\/\/www.sonoraenequipo.com.mx\/fortalece-gobernador-durazo-inclusion-tecnologica-y-disminucion-de-la-brecha-digital\/"]}]},{"@type":"ImageObject","inLanguage":"es","@id":"https:\/\/www.sonoraenequipo.com.mx\/fortalece-gobernador-durazo-inclusion-tecnologica-y-disminucion-de-la-brecha-digital\/#primaryimage","url":"https:\/\/www.sonoraenequipo.com.mx\/storage\/2025\/03\/tarjetas-sim.jpg","contentUrl":"https:\/\/www.sonoraenequipo.com.mx\/storage\/2025\/03\/tarjetas-sim.jpg","width":600,"height":400,"caption":"Gobernador Durazo(der.)"},{"@type":"BreadcrumbList","@id":"https:\/\/www.sonoraenequipo.com.mx\/fortalece-gobernador-durazo-inclusion-tecnologica-y-disminucion-de-la-brecha-digital\/#breadcrumb","itemListElement":[{"@type":"ListItem","position":1,"name":"Portada","item":"https:\/\/www.sonoraenequipo.com.mx\/"},{"@type":"ListItem","position":2,"name":"Fortalece Gobernador Durazo inclusi\u00f3n tecnol\u00f3gica y disminuci\u00f3n de la brecha digital"}]},{"@type":"WebSite","@id":"https:\/\/www.sonoraenequipo.com.mx\/#website","url":"https:\/\/www.sonoraenequipo.com.mx\/","name":"Sonora en Equipo.","description":"Diario en l\u00ednea con Noticias desde Hermosillo, Sonora","publisher":{"@id":"https:\/\/www.sonoraenequipo.com.mx\/#organization"},"potentialAction":[{"@type":"SearchAction","target":{"@type":"EntryPoint","urlTemplate":"https:\/\/www.sonoraenequipo.com.mx\/?s={search_term_string}"},"query-input":{"@type":"PropertyValueSpecification","valueRequired":true,"valueName":"search_term_string"}}],"inLanguage":"es"},{"@type":"Organization","@id":"https:\/\/www.sonoraenequipo.com.mx\/#organization","name":"Sonoraenequipo.com.mx","url":"https:\/\/www.sonoraenequipo.com.mx\/","logo":{"@type":"ImageObject","inLanguage":"es","@id":"https:\/\/www.sonoraenequipo.com.mx\/#\/schema\/logo\/image\/","url":"https:\/\/www.sonoraenequipo.com.mx\/storage\/2019\/01\/sonoraenequipo_opt.png","contentUrl":"https:\/\/www.sonoraenequipo.com.mx\/storage\/2019\/01\/sonoraenequipo_opt.png","width":375,"height":125,"caption":"Sonoraenequipo.com.mx"},"image":{"@id":"https:\/\/www.sonoraenequipo.com.mx\/#\/schema\/logo\/image\/"},"sameAs":["https:\/\/www.facebook.com\/SonoraEE\/","https:\/\/x.com\/sonoraenequipo","https:\/\/www.youtube.com\/channel\/UC338nW-lPEYmJQs4ZABQ1SQ"]},{"@type":"Person","@id":"https:\/\/www.sonoraenequipo.com.mx\/#\/schema\/person\/50102df0fb23a8fa9e8effad8fa81386","name":"enequipo","image":{"@type":"ImageObject","inLanguage":"es","@id":"https:\/\/www.sonoraenequipo.com.mx\/#\/schema\/person\/image\/","url":"https:\/\/secure.gravatar.com\/avatar\/049821681b589dabc0bc20695993ccebb09f5b5d4d790cd9251b97faac7c652b?s=96&d=blank&r=g","contentUrl":"https:\/\/secure.gravatar.com\/avatar\/049821681b589dabc0bc20695993ccebb09f5b5d4d790cd9251b97faac7c652b?s=96&d=blank&r=g","caption":"enequipo"},"sameAs":["https:\/\/www.facebook.com\/SonoraEE"]}]}},"jetpack_featured_media_url":"https:\/\/www.sonoraenequipo.com.mx\/storage\/2025\/03\/tarjetas-sim.jpg","_links":{"self":[{"href":"https:\/\/www.sonoraenequipo.com.mx\/api\/wp\/v2\/posts\/210579","targetHints":{"allow":["GET"]}}],"collection":[{"href":"https:\/\/www.sonoraenequipo.com.mx\/api\/wp\/v2\/posts"}],"about":[{"href":"https:\/\/www.sonoraenequipo.com.mx\/api\/wp\/v2\/types\/post"}],"author":[{"embeddable":true,"href":"https:\/\/www.sonoraenequipo.com.mx\/api\/wp\/v2\/users\/1"}],"replies":[{"embeddable":true,"href":"https:\/\/www.sonoraenequipo.com.mx\/api\/wp\/v2\/comments?post=210579"}],"version-history":[{"count":1,"href":"https:\/\/www.sonoraenequipo.com.mx\/api\/wp\/v2\/posts\/210579\/revisions"}],"predecessor-version":[{"id":210583,"href":"https:\/\/www.sonoraenequipo.com.mx\/api\/wp\/v2\/posts\/210579\/revisions\/210583"}],"wp:featuredmedia":[{"embeddable":true,"href":"https:\/\/www.sonoraenequipo.com.mx\/api\/wp\/v2\/media\/210581"}],"wp:attachment":[{"href":"https:\/\/www.sonoraenequipo.com.mx\/api\/wp\/v2\/media?parent=210579"}],"wp:term":[{"taxonomy":"category","embeddable":true,"href":"https:\/\/www.sonoraenequipo.com.mx\/api\/wp\/v2\/categories?post=210579"},{"taxonomy":"post_tag","embeddable":true,"href":"https:\/\/www.sonoraenequipo.com.mx\/api\/wp\/v2\/tags?post=210579"}],"curies":[{"name":"wp","href":"https:\/\/api.w.org\/{rel}","templated":true}]}}