{"id":210590,"date":"2025-03-01T19:14:00","date_gmt":"2025-03-02T02:14:00","guid":{"rendered":"https:\/\/www.sonoraenequipo.com.mx\/?p=210590"},"modified":"2025-03-02T21:27:23","modified_gmt":"2025-03-03T04:27:23","slug":"impulsa-gobierno-de-sonora-autonomia-economica-de-victimas","status":"publish","type":"post","link":"https:\/\/www.sonoraenequipo.com.mx\/impulsa-gobierno-de-sonora-autonomia-economica-de-victimas\/","title":{"rendered":"Impulsa Gobierno de Sonora autonom\u00eda econ\u00f3mica de v\u00edctimas"},"content":{"rendered":"<p><strong>HERMOSILLO, SONORA, MX.<\/strong> \u2014 En un paso significativo hacia la reparaci\u00f3n integral de las v\u00edctimas en el estado, la Comisi\u00f3n Ejecutiva Estatal de Atenci\u00f3n a V\u00edctimas (CEEAV) y Financiera del Bienestar firmaron un convenio de colaboraci\u00f3n que permitir\u00e1 a las personas en situaci\u00f3n de v\u00edctima acceder al Cr\u00e9dito a la Palabra de Bienestar, una herramienta clave para fortalecer sus negocios y consolidar su independencia econ\u00f3mica.<\/p>\n<p>Gracias al firme compromiso del gobernador del Estado, Alfonso Durazo Monta\u00f1o, y de su esposa, Roc\u00edo Ch\u00e1vez Murillo, el Gobierno de Sonora contin\u00faa implementando acciones concretas para resarcir la deuda hist\u00f3rica en materia de atenci\u00f3n a v\u00edctimas, asegurando que reciban apoyo integral para su recuperaci\u00f3n.<\/p>\n<p>A trav\u00e9s del Fondo Estatal de Ayuda, Asistencia y Reparaci\u00f3n Integral, la CEEAV ha otorgado proyectos productivos en una primera fase a v\u00edctimas que han demostrado un compromiso con su proceso de recuperaci\u00f3n. Estos proyectos incluyen capacitaci\u00f3n para el trabajo y desarrollo econ\u00f3mico, permitiendo a las personas afectadas recuperar su estabilidad y autonom\u00eda financiera.<\/p>\n<p>Adem\u00e1s, en alianza con Icatson, se han ofrecido capacitaciones en habilidades para el trabajo, mientras que, a trav\u00e9s del programa \u201cDream Builder\u201d de la Universidad de Arizona, las v\u00edctimas han recibido formaci\u00f3n en la elaboraci\u00f3n de planes de negocio y administraci\u00f3n de emprendimientos.<\/p>\n<p>Con la firma de este convenio con Financiera del Bienestar, las v\u00edctimas tendr\u00e1n acceso a financiamiento que les permitir\u00e1 consolidar y hacer crecer sus negocios, asegurando la sostenibilidad de sus proyectos y la generaci\u00f3n de nuevas oportunidades econ\u00f3micas. La Comisi\u00f3n Ejecutiva Estatal de Atenci\u00f3n a V\u00edctimas reafirma su compromiso de trabajar en conjunto con instituciones estrat\u00e9gicas para garantizar una atenci\u00f3n integral a quienes han sido afectados por hechos victimizantes.<\/p>\n<p>Este convenio representa un paso crucial en la construcci\u00f3n de un futuro m\u00e1s justo, inclusivo y humano, donde cada persona en situaci\u00f3n de v\u00edctima pueda reconstruir su vida con dignidad y esperanza.<\/p>\n<p>Mar\u00eda del Roc\u00edo Mej\u00eda Flores, directora general de Financiera para el Bienestar, expres\u00f3 su honor de estar presente en Sonora, destacando que, por instrucciones de nuestra presidenta, Claudia Sheinbaum Pardo, se est\u00e1 fomentando la colaboraci\u00f3n entre el gobierno federal y el gobierno estatal.<\/p>\n<p>En este contexto, se celebra la firma de un convenio de colaboraci\u00f3n entre Financiera para el Bienestar y la Comisi\u00f3n Ejecutiva Estatal de Atenci\u00f3n a V\u00edctimas. Este acuerdo representa un paso fundamental hacia la construcci\u00f3n de un M\u00e9xico m\u00e1s justo, equitativo y solidario, donde nuestro compromiso es brindar el apoyo necesario a quienes m\u00e1s lo requieren.<\/p>\n<p>En este sentido, celebramos este acto con el firme prop\u00f3sito de trabajar de manera conjunta con las v\u00edctimas, asegurando que reciban el acompa\u00f1amiento que merecen y las oportunidades necesarias para reconstruir sus vidas. A trav\u00e9s de este convenio, nos comprometemos a acompa\u00f1ar a las v\u00edctimas en su proceso de resiliencia, proporcion\u00e1ndoles las herramientas necesarias para acceder a servicios financieros que les permitan avanzar en su recuperaci\u00f3n y alcanzar un bienestar integral.<\/p>\n<p><strong>Fecha de publicaci\u00f3n s\u00e1bado 1 de marzo de 2025 \/<\/strong><\/p>\n","protected":false},"excerpt":{"rendered":"<p>HERMOSILLO, SONORA, MX. \u2014 En un paso significativo hacia la reparaci\u00f3n integral de las v\u00edctimas&#8230;<\/p>\n","protected":false},"author":1,"featured_media":210591,"comment_status":"open","ping_status":"open","sticky":false,"template":"","format":"standard","meta":{"_monsterinsights_skip_tracking":false,"_monsterinsights_sitenote_active":false,"_monsterinsights_sitenote_note":"","_monsterinsights_sitenote_category":0,"footnotes":""},"categories":[22],"tags":[4669,3391],"class_list":["post"],"yoast_head":" \n<title>Sonora en Equipo. Impulsa Gobierno de Sonora autonom\u00eda econ\u00f3mica de v\u00edctimas Sonora<\/title>\n<meta name=\"description\" content=\"HERMOSILLO, SONORA, MX. \u2014 En un paso significativo hacia la reparaci\u00f3n integral de las v\u00edctimas en el estado, la Comisi\u00f3n Ejecutiva Estatal de Atenci\u00f3n a En Sonora en Equipo publicamos toda la informaci\u00f3n de Sonora, M\u00e9xico y el Mundo de manera oportuna y busca que la libertad de expresi\u00f3n sea real. Visita nuestro medio informativo publicado desde Hermosillo, Sonora. %\" \/>\n<meta name=\"robots\" content=\"index, follow, max-snippet:-1, max-image-preview:large, max-video-preview:-1\" \/>\n<link rel=\"canonical\" href=\"https:\/\/www.sonoraenequipo.com.mx\/impulsa-gobierno-de-sonora-autonomia-economica-de-victimas\/\" \/>\n<meta property=\"og:locale\" content=\"es_ES\" \/>\n<meta property=\"og:type\" content=\"article\" \/>\n<meta property=\"og:title\" content=\"Sonora en Equipo. Impulsa Gobierno de Sonora autonom\u00eda econ\u00f3mica de v\u00edctimas Sonora\" \/>\n<meta property=\"og:description\" content=\"HERMOSILLO, SONORA, MX. \u2014 En un paso significativo hacia la reparaci\u00f3n integral de las v\u00edctimas en el estado, la Comisi\u00f3n Ejecutiva Estatal de Atenci\u00f3n a En Sonora en Equipo publicamos toda la informaci\u00f3n de Sonora, M\u00e9xico y el Mundo de manera oportuna y busca que la libertad de expresi\u00f3n sea real. Visita nuestro medio informativo publicado desde Hermosillo, Sonora. %\" \/>\n<meta property=\"og:url\" content=\"https:\/\/www.sonoraenequipo.com.mx\/impulsa-gobierno-de-sonora-autonomia-economica-de-victimas\/\" \/>\n<meta property=\"og:site_name\" content=\"Sonora en Equipo.\" \/>\n<meta property=\"article:publisher\" content=\"https:\/\/www.facebook.com\/SonoraEE\/\" \/>\n<meta property=\"article:author\" content=\"https:\/\/www.facebook.com\/SonoraEE\" \/>\n<meta property=\"article:published_time\" content=\"2025-03-02T02:14:00+00:00\" \/>\n<meta property=\"article:modified_time\" content=\"2025-03-03T04:27:23+00:00\" \/>\n<meta property=\"og:image\" content=\"https:\/\/www.sonoraenequipo.com.mx\/storage\/2025\/03\/ceeav.jpg\" \/>\n\t<meta property=\"og:image:width\" content=\"600\" \/>\n\t<meta property=\"og:image:height\" content=\"400\" \/>\n\t<meta property=\"og:image:type\" content=\"image\/jpeg\" \/>\n<meta name=\"author\" content=\"enequipo\" \/>\n<meta name=\"twitter:card\" content=\"summary_large_image\" \/>\n<meta name=\"twitter:creator\" content=\"@sonoraenequipo\" \/>\n<meta name=\"twitter:site\" content=\"@sonoraenequipo\" \/>\n<meta name=\"twitter:label1\" content=\"Escrito por\" \/>\n\t<meta name=\"twitter:data1\" content=\"enequipo\" \/>\n\t<meta name=\"twitter:label2\" content=\"Tiempo de lectura\" \/>\n\t<meta name=\"twitter:data2\" content=\"3 minutos\" \/>\n<script type=\"application\/ld+json\" class=\"yoast-schema-graph\">{\"@context\":\"https:\/\/schema.org\",\"@graph\":[{\"@type\":\"Article\",\"@id\":\"https:\/\/www.sonoraenequipo.com.mx\/impulsa-gobierno-de-sonora-autonomia-economica-de-victimas\/#article\",\"isPartOf\":{\"@id\":\"https:\/\/www.sonoraenequipo.com.mx\/impulsa-gobierno-de-sonora-autonomia-economica-de-victimas\/\"},\"author\":{\"name\":\"enequipo\",\"@id\":\"https:\/\/www.sonoraenequipo.com.mx\/#\/schema\/person\/50102df0fb23a8fa9e8effad8fa81386\"},\"headline\":\"Impulsa Gobierno de Sonora autonom\u00eda econ\u00f3mica de v\u00edctimas\",\"datePublished\":\"2025-03-02T02:14:00+00:00\",\"dateModified\":\"2025-03-03T04:27:23+00:00\",\"mainEntityOfPage\":{\"@id\":\"https:\/\/www.sonoraenequipo.com.mx\/impulsa-gobierno-de-sonora-autonomia-economica-de-victimas\/\"},\"wordCount\":561,\"commentCount\":0,\"publisher\":{\"@id\":\"https:\/\/www.sonoraenequipo.com.mx\/#organization\"},\"image\":{\"@id\":\"https:\/\/www.sonoraenequipo.com.mx\/impulsa-gobierno-de-sonora-autonomia-economica-de-victimas\/#primaryimage\"},\"thumbnailUrl\":\"https:\/\/www.sonoraenequipo.com.mx\/storage\/2025\/03\/ceeav.jpg\",\"keywords\":[\"creditos\",\"v\u00edctimas de violencia\"],\"articleSection\":[\"Sonora\"],\"inLanguage\":\"es\",\"potentialAction\":[{\"@type\":\"CommentAction\",\"name\":\"Comment\",\"target\":[\"https:\/\/www.sonoraenequipo.com.mx\/impulsa-gobierno-de-sonora-autonomia-economica-de-victimas\/#respond\"]}]},{\"@type\":\"WebPage\",\"@id\":\"https:\/\/www.sonoraenequipo.com.mx\/impulsa-gobierno-de-sonora-autonomia-economica-de-victimas\/\",\"url\":\"https:\/\/www.sonoraenequipo.com.mx\/impulsa-gobierno-de-sonora-autonomia-economica-de-victimas\/\",\"name\":\"Sonora en Equipo. Impulsa Gobierno de Sonora autonom\u00eda econ\u00f3mica de v\u00edctimas Sonora\",\"isPartOf\":{\"@id\":\"https:\/\/www.sonoraenequipo.com.mx\/#website\"},\"primaryImageOfPage\":{\"@id\":\"https:\/\/www.sonoraenequipo.com.mx\/impulsa-gobierno-de-sonora-autonomia-economica-de-victimas\/#primaryimage\"},\"image\":{\"@id\":\"https:\/\/www.sonoraenequipo.com.mx\/impulsa-gobierno-de-sonora-autonomia-economica-de-victimas\/#primaryimage\"},\"thumbnailUrl\":\"https:\/\/www.sonoraenequipo.com.mx\/storage\/2025\/03\/ceeav.jpg\",\"datePublished\":\"2025-03-02T02:14:00+00:00\",\"dateModified\":\"2025-03-03T04:27:23+00:00\",\"description\":\"HERMOSILLO, SONORA, MX. \u2014 En un paso significativo hacia la reparaci\u00f3n integral de las v\u00edctimas en el estado, la Comisi\u00f3n Ejecutiva Estatal de Atenci\u00f3n a En Sonora en Equipo publicamos toda la informaci\u00f3n de Sonora, M\u00e9xico y el Mundo de manera oportuna y busca que la libertad de expresi\u00f3n sea real. Visita nuestro medio informativo publicado desde Hermosillo, Sonora. %\",\"breadcrumb\":{\"@id\":\"https:\/\/www.sonoraenequipo.com.mx\/impulsa-gobierno-de-sonora-autonomia-economica-de-victimas\/#breadcrumb\"},\"inLanguage\":\"es\",\"potentialAction\":[{\"@type\":\"ReadAction\",\"target\":[\"https:\/\/www.sonoraenequipo.com.mx\/impulsa-gobierno-de-sonora-autonomia-economica-de-victimas\/\"]}]},{\"@type\":\"ImageObject\",\"inLanguage\":\"es\",\"@id\":\"https:\/\/www.sonoraenequipo.com.mx\/impulsa-gobierno-de-sonora-autonomia-economica-de-victimas\/#primaryimage\",\"url\":\"https:\/\/www.sonoraenequipo.com.mx\/storage\/2025\/03\/ceeav.jpg\",\"contentUrl\":\"https:\/\/www.sonoraenequipo.com.mx\/storage\/2025\/03\/ceeav.jpg\",\"width\":600,\"height\":400},{\"@type\":\"BreadcrumbList\",\"@id\":\"https:\/\/www.sonoraenequipo.com.mx\/impulsa-gobierno-de-sonora-autonomia-economica-de-victimas\/#breadcrumb\",\"itemListElement\":[{\"@type\":\"ListItem\",\"position\":1,\"name\":\"Portada\",\"item\":\"https:\/\/www.sonoraenequipo.com.mx\/\"},{\"@type\":\"ListItem\",\"position\":2,\"name\":\"Impulsa Gobierno de Sonora autonom\u00eda econ\u00f3mica de v\u00edctimas\"}]},{\"@type\":\"WebSite\",\"@id\":\"https:\/\/www.sonoraenequipo.com.mx\/#website\",\"url\":\"https:\/\/www.sonoraenequipo.com.mx\/\",\"name\":\"Sonora en Equipo.\",\"description\":\"Diario en l\u00ednea con Noticias desde Hermosillo, Sonora\",\"publisher\":{\"@id\":\"https:\/\/www.sonoraenequipo.com.mx\/#organization\"},\"potentialAction\":[{\"@type\":\"SearchAction\",\"target\":{\"@type\":\"EntryPoint\",\"urlTemplate\":\"https:\/\/www.sonoraenequipo.com.mx\/?s={search_term_string}\"},\"query-input\":{\"@type\":\"PropertyValueSpecification\",\"valueRequired\":true,\"valueName\":\"search_term_string\"}}],\"inLanguage\":\"es\"},{\"@type\":\"Organization\",\"@id\":\"https:\/\/www.sonoraenequipo.com.mx\/#organization\",\"name\":\"Sonoraenequipo.com.mx\",\"url\":\"https:\/\/www.sonoraenequipo.com.mx\/\",\"logo\":{\"@type\":\"ImageObject\",\"inLanguage\":\"es\",\"@id\":\"https:\/\/www.sonoraenequipo.com.mx\/#\/schema\/logo\/image\/\",\"url\":\"https:\/\/www.sonoraenequipo.com.mx\/storage\/2019\/01\/sonoraenequipo_opt.png\",\"contentUrl\":\"https:\/\/www.sonoraenequipo.com.mx\/storage\/2019\/01\/sonoraenequipo_opt.png\",\"width\":375,\"height\":125,\"caption\":\"Sonoraenequipo.com.mx\"},\"image\":{\"@id\":\"https:\/\/www.sonoraenequipo.com.mx\/#\/schema\/logo\/image\/\"},\"sameAs\":[\"https:\/\/www.facebook.com\/SonoraEE\/\",\"https:\/\/x.com\/sonoraenequipo\",\"https:\/\/www.youtube.com\/channel\/UC338nW-lPEYmJQs4ZABQ1SQ\"]},{\"@type\":\"Person\",\"@id\":\"https:\/\/www.sonoraenequipo.com.mx\/#\/schema\/person\/50102df0fb23a8fa9e8effad8fa81386\",\"name\":\"enequipo\",\"image\":{\"@type\":\"ImageObject\",\"inLanguage\":\"es\",\"@id\":\"https:\/\/www.sonoraenequipo.com.mx\/#\/schema\/person\/image\/\",\"url\":\"https:\/\/secure.gravatar.com\/avatar\/049821681b589dabc0bc20695993ccebb09f5b5d4d790cd9251b97faac7c652b?s=96&d=blank&r=g\",\"contentUrl\":\"https:\/\/secure.gravatar.com\/avatar\/049821681b589dabc0bc20695993ccebb09f5b5d4d790cd9251b97faac7c652b?s=96&d=blank&r=g\",\"caption\":\"enequipo\"},\"sameAs\":[\"https:\/\/www.facebook.com\/SonoraEE\"]}]}<\/script>\n ","yoast_head_json":{"title":"Sonora en Equipo. Impulsa Gobierno de Sonora autonom\u00eda econ\u00f3mica de v\u00edctimas Sonora","description":"HERMOSILLO, SONORA, MX. \u2014 En un paso significativo hacia la reparaci\u00f3n integral de las v\u00edctimas en el estado, la Comisi\u00f3n Ejecutiva Estatal de Atenci\u00f3n a En Sonora en Equipo publicamos toda la informaci\u00f3n de Sonora, M\u00e9xico y el Mundo de manera oportuna y busca que la libertad de expresi\u00f3n sea real. Visita nuestro medio informativo publicado desde Hermosillo, Sonora. %","robots":{"index":"index","follow":"follow","max-snippet":"max-snippet:-1","max-image-preview":"max-image-preview:large","max-video-preview":"max-video-preview:-1"},"canonical":"https:\/\/www.sonoraenequipo.com.mx\/impulsa-gobierno-de-sonora-autonomia-economica-de-victimas\/","og_locale":"es_ES","og_type":"article","og_title":"Sonora en Equipo. Impulsa Gobierno de Sonora autonom\u00eda econ\u00f3mica de v\u00edctimas Sonora","og_description":"HERMOSILLO, SONORA, MX. \u2014 En un paso significativo hacia la reparaci\u00f3n integral de las v\u00edctimas en el estado, la Comisi\u00f3n Ejecutiva Estatal de Atenci\u00f3n a En Sonora en Equipo publicamos toda la informaci\u00f3n de Sonora, M\u00e9xico y el Mundo de manera oportuna y busca que la libertad de expresi\u00f3n sea real. Visita nuestro medio informativo publicado desde Hermosillo, Sonora. %","og_url":"https:\/\/www.sonoraenequipo.com.mx\/impulsa-gobierno-de-sonora-autonomia-economica-de-victimas\/","og_site_name":"Sonora en Equipo.","article_publisher":"https:\/\/www.facebook.com\/SonoraEE\/","article_author":"https:\/\/www.facebook.com\/SonoraEE","article_published_time":"2025-03-02T02:14:00+00:00","article_modified_time":"2025-03-03T04:27:23+00:00","og_image":[{"width":600,"height":400,"url":"https:\/\/www.sonoraenequipo.com.mx\/storage\/2025\/03\/ceeav.jpg","type":"image\/jpeg"}],"author":"enequipo","twitter_card":"summary_large_image","twitter_creator":"@sonoraenequipo","twitter_site":"@sonoraenequipo","twitter_misc":{"Escrito por":"enequipo","Tiempo de lectura":"3 minutos"},"schema":{"@context":"https:\/\/schema.org","@graph":[{"@type":"Article","@id":"https:\/\/www.sonoraenequipo.com.mx\/impulsa-gobierno-de-sonora-autonomia-economica-de-victimas\/#article","isPartOf":{"@id":"https:\/\/www.sonoraenequipo.com.mx\/impulsa-gobierno-de-sonora-autonomia-economica-de-victimas\/"},"author":{"name":"enequipo","@id":"https:\/\/www.sonoraenequipo.com.mx\/#\/schema\/person\/50102df0fb23a8fa9e8effad8fa81386"},"headline":"Impulsa Gobierno de Sonora autonom\u00eda econ\u00f3mica de v\u00edctimas","datePublished":"2025-03-02T02:14:00+00:00","dateModified":"2025-03-03T04:27:23+00:00","mainEntityOfPage":{"@id":"https:\/\/www.sonoraenequipo.com.mx\/impulsa-gobierno-de-sonora-autonomia-economica-de-victimas\/"},"wordCount":561,"commentCount":0,"publisher":{"@id":"https:\/\/www.sonoraenequipo.com.mx\/#organization"},"image":{"@id":"https:\/\/www.sonoraenequipo.com.mx\/impulsa-gobierno-de-sonora-autonomia-economica-de-victimas\/#primaryimage"},"thumbnailUrl":"https:\/\/www.sonoraenequipo.com.mx\/storage\/2025\/03\/ceeav.jpg","keywords":["creditos","v\u00edctimas de violencia"],"articleSection":["Sonora"],"inLanguage":"es","potentialAction":[{"@type":"CommentAction","name":"Comment","target":["https:\/\/www.sonoraenequipo.com.mx\/impulsa-gobierno-de-sonora-autonomia-economica-de-victimas\/#respond"]}]},{"@type":"WebPage","@id":"https:\/\/www.sonoraenequipo.com.mx\/impulsa-gobierno-de-sonora-autonomia-economica-de-victimas\/","url":"https:\/\/www.sonoraenequipo.com.mx\/impulsa-gobierno-de-sonora-autonomia-economica-de-victimas\/","name":"Sonora en Equipo. Impulsa Gobierno de Sonora autonom\u00eda econ\u00f3mica de v\u00edctimas Sonora","isPartOf":{"@id":"https:\/\/www.sonoraenequipo.com.mx\/#website"},"primaryImageOfPage":{"@id":"https:\/\/www.sonoraenequipo.com.mx\/impulsa-gobierno-de-sonora-autonomia-economica-de-victimas\/#primaryimage"},"image":{"@id":"https:\/\/www.sonoraenequipo.com.mx\/impulsa-gobierno-de-sonora-autonomia-economica-de-victimas\/#primaryimage"},"thumbnailUrl":"https:\/\/www.sonoraenequipo.com.mx\/storage\/2025\/03\/ceeav.jpg","datePublished":"2025-03-02T02:14:00+00:00","dateModified":"2025-03-03T04:27:23+00:00","description":"HERMOSILLO, SONORA, MX. \u2014 En un paso significativo hacia la reparaci\u00f3n integral de las v\u00edctimas en el estado, la Comisi\u00f3n Ejecutiva Estatal de Atenci\u00f3n a En Sonora en Equipo publicamos toda la informaci\u00f3n de Sonora, M\u00e9xico y el Mundo de manera oportuna y busca que la libertad de expresi\u00f3n sea real. Visita nuestro medio informativo publicado desde Hermosillo, Sonora. %","breadcrumb":{"@id":"https:\/\/www.sonoraenequipo.com.mx\/impulsa-gobierno-de-sonora-autonomia-economica-de-victimas\/#breadcrumb"},"inLanguage":"es","potentialAction":[{"@type":"ReadAction","target":["https:\/\/www.sonoraenequipo.com.mx\/impulsa-gobierno-de-sonora-autonomia-economica-de-victimas\/"]}]},{"@type":"ImageObject","inLanguage":"es","@id":"https:\/\/www.sonoraenequipo.com.mx\/impulsa-gobierno-de-sonora-autonomia-economica-de-victimas\/#primaryimage","url":"https:\/\/www.sonoraenequipo.com.mx\/storage\/2025\/03\/ceeav.jpg","contentUrl":"https:\/\/www.sonoraenequipo.com.mx\/storage\/2025\/03\/ceeav.jpg","width":600,"height":400},{"@type":"BreadcrumbList","@id":"https:\/\/www.sonoraenequipo.com.mx\/impulsa-gobierno-de-sonora-autonomia-economica-de-victimas\/#breadcrumb","itemListElement":[{"@type":"ListItem","position":1,"name":"Portada","item":"https:\/\/www.sonoraenequipo.com.mx\/"},{"@type":"ListItem","position":2,"name":"Impulsa Gobierno de Sonora autonom\u00eda econ\u00f3mica de v\u00edctimas"}]},{"@type":"WebSite","@id":"https:\/\/www.sonoraenequipo.com.mx\/#website","url":"https:\/\/www.sonoraenequipo.com.mx\/","name":"Sonora en Equipo.","description":"Diario en l\u00ednea con Noticias desde Hermosillo, Sonora","publisher":{"@id":"https:\/\/www.sonoraenequipo.com.mx\/#organization"},"potentialAction":[{"@type":"SearchAction","target":{"@type":"EntryPoint","urlTemplate":"https:\/\/www.sonoraenequipo.com.mx\/?s={search_term_string}"},"query-input":{"@type":"PropertyValueSpecification","valueRequired":true,"valueName":"search_term_string"}}],"inLanguage":"es"},{"@type":"Organization","@id":"https:\/\/www.sonoraenequipo.com.mx\/#organization","name":"Sonoraenequipo.com.mx","url":"https:\/\/www.sonoraenequipo.com.mx\/","logo":{"@type":"ImageObject","inLanguage":"es","@id":"https:\/\/www.sonoraenequipo.com.mx\/#\/schema\/logo\/image\/","url":"https:\/\/www.sonoraenequipo.com.mx\/storage\/2019\/01\/sonoraenequipo_opt.png","contentUrl":"https:\/\/www.sonoraenequipo.com.mx\/storage\/2019\/01\/sonoraenequipo_opt.png","width":375,"height":125,"caption":"Sonoraenequipo.com.mx"},"image":{"@id":"https:\/\/www.sonoraenequipo.com.mx\/#\/schema\/logo\/image\/"},"sameAs":["https:\/\/www.facebook.com\/SonoraEE\/","https:\/\/x.com\/sonoraenequipo","https:\/\/www.youtube.com\/channel\/UC338nW-lPEYmJQs4ZABQ1SQ"]},{"@type":"Person","@id":"https:\/\/www.sonoraenequipo.com.mx\/#\/schema\/person\/50102df0fb23a8fa9e8effad8fa81386","name":"enequipo","image":{"@type":"ImageObject","inLanguage":"es","@id":"https:\/\/www.sonoraenequipo.com.mx\/#\/schema\/person\/image\/","url":"https:\/\/secure.gravatar.com\/avatar\/049821681b589dabc0bc20695993ccebb09f5b5d4d790cd9251b97faac7c652b?s=96&d=blank&r=g","contentUrl":"https:\/\/secure.gravatar.com\/avatar\/049821681b589dabc0bc20695993ccebb09f5b5d4d790cd9251b97faac7c652b?s=96&d=blank&r=g","caption":"enequipo"},"sameAs":["https:\/\/www.facebook.com\/SonoraEE"]}]}},"jetpack_featured_media_url":"https:\/\/www.sonoraenequipo.com.mx\/storage\/2025\/03\/ceeav.jpg","_links":{"self":[{"href":"https:\/\/www.sonoraenequipo.com.mx\/api\/wp\/v2\/posts\/210590","targetHints":{"allow":["GET"]}}],"collection":[{"href":"https:\/\/www.sonoraenequipo.com.mx\/api\/wp\/v2\/posts"}],"about":[{"href":"https:\/\/www.sonoraenequipo.com.mx\/api\/wp\/v2\/types\/post"}],"author":[{"embeddable":true,"href":"https:\/\/www.sonoraenequipo.com.mx\/api\/wp\/v2\/users\/1"}],"replies":[{"embeddable":true,"href":"https:\/\/www.sonoraenequipo.com.mx\/api\/wp\/v2\/comments?post=210590"}],"version-history":[{"count":2,"href":"https:\/\/www.sonoraenequipo.com.mx\/api\/wp\/v2\/posts\/210590\/revisions"}],"predecessor-version":[{"id":210603,"href":"https:\/\/www.sonoraenequipo.com.mx\/api\/wp\/v2\/posts\/210590\/revisions\/210603"}],"wp:featuredmedia":[{"embeddable":true,"href":"https:\/\/www.sonoraenequipo.com.mx\/api\/wp\/v2\/media\/210591"}],"wp:attachment":[{"href":"https:\/\/www.sonoraenequipo.com.mx\/api\/wp\/v2\/media?parent=210590"}],"wp:term":[{"taxonomy":"category","embeddable":true,"href":"https:\/\/www.sonoraenequipo.com.mx\/api\/wp\/v2\/categories?post=210590"},{"taxonomy":"post_tag","embeddable":true,"href":"https:\/\/www.sonoraenequipo.com.mx\/api\/wp\/v2\/tags?post=210590"}],"curies":[{"name":"wp","href":"https:\/\/api.w.org\/{rel}","templated":true}]}}