{"id":210593,"date":"2025-03-01T17:50:51","date_gmt":"2025-03-02T00:50:51","guid":{"rendered":"https:\/\/www.sonoraenequipo.com.mx\/?p=210593"},"modified":"2025-03-02T21:29:28","modified_gmt":"2025-03-03T04:29:28","slug":"sonora-estado-invitado-de-honor-en-la-fil-del-palacio-de-mineria-2026","status":"publish","type":"post","link":"https:\/\/www.sonoraenequipo.com.mx\/sonora-estado-invitado-de-honor-en-la-fil-del-palacio-de-mineria-2026\/","title":{"rendered":"Sonora, Estado Invitado de Honor en la FIL del Palacio de Miner\u00eda 2026"},"content":{"rendered":"<p><strong>CIUDAD DE M\u00c9XICO.<\/strong><strong> MX.\u2014 <\/strong>\u00a0El Gobierno del Estado de Sonora, bajo el liderazgo del Gobernador Alfonso Durazo Monta\u00f1o, a trav\u00e9s de la Secretar\u00eda de Educaci\u00f3n y Cultura (SEC) y el Instituto Sonorense de Cultura (ISC), anuncia con orgullo que Sonora ser\u00e1 el Estado Invitado de Honor en la 47\u00aa Feria Internacional del Libro del Palacio de Miner\u00eda (FILPM), a celebrarse del 20 de febrero al 1 de marzo de 2026 en la Ciudad de M\u00e9xico.<\/p>\n<p>En la tarde del s\u00e1bado, la directora general del ISC, Guadalupe Beatriz Aldaco Encinas, formaliz\u00f3 el anuncio durante la conferencia de clausura de la edici\u00f3n 2025 de la feria.<\/p>\n<p>La FILPM se caracteriza por ofrecer m\u00e1s de mil actividades para m\u00e1s de 100 mil visitantes en cada edici\u00f3n, consolid\u00e1ndose como uno de los eventos culturales m\u00e1s importantes en Am\u00e9rica Latina, donde Sonora tendr\u00e1 una presencia destacada.<\/p>\n<p>Este evento marca la octava ocasi\u00f3n en la que Sonora ser\u00e1 estado invitado de honor, reflejando el creciente reconocimiento a su cultura. En los \u00faltimos dos a\u00f1os, Sonora ha recibido esta distinci\u00f3n en eventos dentro y fuera del pa\u00eds, tales como el Festival Internacional Cervantino en Guanajuato, la Feria Internacional de Antropolog\u00eda e Historia en la Ciudad de M\u00e9xico, y las festividades por los 100 a\u00f1os de la fundaci\u00f3n de Quetzaltenango en Guatemala, por mencionar algunos.<\/p>\n<p>El potencial cultural de Sonora se ha fortalecido gracias al trabajo del Departamento de Literatura y Bibliotecas del ISC, fundado en 1988, cuyo compromiso con el fomento a la lectura y la promoci\u00f3n literaria se alinea con los planes nacionales de lectura de la federaci\u00f3n. Sus programas incluyen el Concurso del Libro Sonorense, la Feria del Libro Sonora (Felison) y la Escuela de Escritoras y Escritores, entre otros, que contribuyen al desarrollo de la literatura en el estado.<\/p>\n<p>Para enriquecer la oferta literaria en la FILPM 2026, el ISC invitar\u00e1 a sumarse a diversas instituciones y organismos, como la Universidad de Sonora, El Colegio de Sonora, el Instituto Tecnol\u00f3gico de Sonora, el Centro de Investigaci\u00f3n en Alimentaci\u00f3n y Desarrollo, el Centro INAH Sonora y otras instituciones, as\u00ed como a colectivos independientes, con el fin de fortalecer la presencia del estado en este importante evento cultural.<\/p>\n<p>Sonora ha sido cuna de grandes escritores que han dejado huella en la literatura mexicana, como Abigael Boh\u00f3rquez, enorme poeta y pionero de la literatura LGBT+ en M\u00e9xico; Gerardo Cornejo Murrieta, autor de La sierra y el viento, y Carlos Moncada Ochoa, destacado historiador cultural y autor de obras de ficci\u00f3n.<\/p>\n<p>Con esta participaci\u00f3n en la FILPM 2026, el Gobierno del Estado, encabezado por el Gobernador Alfonso Durazo Monta\u00f1o, reafirma su compromiso con la promoci\u00f3n de su riqueza literaria y art\u00edstica, consolidando a Sonora como un referente en las letras nacionales. Para m\u00e1s informaci\u00f3n, visita isc.sonora.edu.mx \u00a0o s\u00edguenos en redes sociales como @iscsonora.<\/p>\n<p><strong>Fecha de publicaci\u00f3n s\u00e1bado 1 de marzo de 2025 \/<\/strong><\/p>\n","protected":false},"excerpt":{"rendered":"<p>CIUDAD DE M\u00c9XICO. MX.\u2014 \u00a0El Gobierno del Estado de Sonora, bajo el liderazgo del Gobernador&#8230;<\/p>\n","protected":false},"author":1,"featured_media":210594,"comment_status":"open","ping_status":"open","sticky":false,"template":"","format":"standard","meta":{"_monsterinsights_skip_tracking":false,"_monsterinsights_sitenote_active":false,"_monsterinsights_sitenote_note":"","_monsterinsights_sitenote_category":0,"footnotes":""},"categories":[22],"tags":[],"class_list":["post"],"yoast_head":" \n<title>Sonora en Equipo. Sonora, Estado Invitado de Honor en la FIL del Palacio de Miner\u00eda 2026 Sonora<\/title>\n<meta name=\"description\" content=\"CIUDAD DE M\u00c9XICO. MX.\u2014 \u00a0El Gobierno del Estado de Sonora, bajo el liderazgo del Gobernador Alfonso Durazo Monta\u00f1o, a trav\u00e9s de la Secretar\u00eda de Educaci\u00f3n En Sonora en Equipo publicamos toda la informaci\u00f3n de Sonora, M\u00e9xico y el Mundo de manera oportuna y busca que la libertad de expresi\u00f3n sea real. Visita nuestro medio informativo publicado desde Hermosillo, Sonora. %\" \/>\n<meta name=\"robots\" content=\"index, follow, max-snippet:-1, max-image-preview:large, max-video-preview:-1\" \/>\n<link rel=\"canonical\" href=\"https:\/\/www.sonoraenequipo.com.mx\/sonora-estado-invitado-de-honor-en-la-fil-del-palacio-de-mineria-2026\/\" \/>\n<meta property=\"og:locale\" content=\"es_ES\" \/>\n<meta property=\"og:type\" content=\"article\" \/>\n<meta property=\"og:title\" content=\"Sonora en Equipo. Sonora, Estado Invitado de Honor en la FIL del Palacio de Miner\u00eda 2026 Sonora\" \/>\n<meta property=\"og:description\" content=\"CIUDAD DE M\u00c9XICO. MX.\u2014 \u00a0El Gobierno del Estado de Sonora, bajo el liderazgo del Gobernador Alfonso Durazo Monta\u00f1o, a trav\u00e9s de la Secretar\u00eda de Educaci\u00f3n En Sonora en Equipo publicamos toda la informaci\u00f3n de Sonora, M\u00e9xico y el Mundo de manera oportuna y busca que la libertad de expresi\u00f3n sea real. Visita nuestro medio informativo publicado desde Hermosillo, Sonora. %\" \/>\n<meta property=\"og:url\" content=\"https:\/\/www.sonoraenequipo.com.mx\/sonora-estado-invitado-de-honor-en-la-fil-del-palacio-de-mineria-2026\/\" \/>\n<meta property=\"og:site_name\" content=\"Sonora en Equipo.\" \/>\n<meta property=\"article:publisher\" content=\"https:\/\/www.facebook.com\/SonoraEE\/\" \/>\n<meta property=\"article:author\" content=\"https:\/\/www.facebook.com\/SonoraEE\" \/>\n<meta property=\"article:published_time\" content=\"2025-03-02T00:50:51+00:00\" \/>\n<meta property=\"article:modified_time\" content=\"2025-03-03T04:29:28+00:00\" \/>\n<meta property=\"og:image\" content=\"https:\/\/www.sonoraenequipo.com.mx\/storage\/2025\/03\/fil-mineria.jpg\" \/>\n\t<meta property=\"og:image:width\" content=\"600\" \/>\n\t<meta property=\"og:image:height\" content=\"400\" \/>\n\t<meta property=\"og:image:type\" content=\"image\/jpeg\" \/>\n<meta name=\"author\" content=\"enequipo\" \/>\n<meta name=\"twitter:card\" content=\"summary_large_image\" \/>\n<meta name=\"twitter:creator\" content=\"@sonoraenequipo\" \/>\n<meta name=\"twitter:site\" content=\"@sonoraenequipo\" \/>\n<meta name=\"twitter:label1\" content=\"Escrito por\" \/>\n\t<meta name=\"twitter:data1\" content=\"enequipo\" \/>\n\t<meta name=\"twitter:label2\" content=\"Tiempo de lectura\" \/>\n\t<meta name=\"twitter:data2\" content=\"3 minutos\" \/>\n<script type=\"application\/ld+json\" class=\"yoast-schema-graph\">{\"@context\":\"https:\/\/schema.org\",\"@graph\":[{\"@type\":\"Article\",\"@id\":\"https:\/\/www.sonoraenequipo.com.mx\/sonora-estado-invitado-de-honor-en-la-fil-del-palacio-de-mineria-2026\/#article\",\"isPartOf\":{\"@id\":\"https:\/\/www.sonoraenequipo.com.mx\/sonora-estado-invitado-de-honor-en-la-fil-del-palacio-de-mineria-2026\/\"},\"author\":{\"name\":\"enequipo\",\"@id\":\"https:\/\/www.sonoraenequipo.com.mx\/#\/schema\/person\/50102df0fb23a8fa9e8effad8fa81386\"},\"headline\":\"Sonora, Estado Invitado de Honor en la FIL del Palacio de Miner\u00eda 2026\",\"datePublished\":\"2025-03-02T00:50:51+00:00\",\"dateModified\":\"2025-03-03T04:29:28+00:00\",\"mainEntityOfPage\":{\"@id\":\"https:\/\/www.sonoraenequipo.com.mx\/sonora-estado-invitado-de-honor-en-la-fil-del-palacio-de-mineria-2026\/\"},\"wordCount\":518,\"commentCount\":0,\"publisher\":{\"@id\":\"https:\/\/www.sonoraenequipo.com.mx\/#organization\"},\"image\":{\"@id\":\"https:\/\/www.sonoraenequipo.com.mx\/sonora-estado-invitado-de-honor-en-la-fil-del-palacio-de-mineria-2026\/#primaryimage\"},\"thumbnailUrl\":\"https:\/\/www.sonoraenequipo.com.mx\/storage\/2025\/03\/fil-mineria.jpg\",\"articleSection\":[\"Sonora\"],\"inLanguage\":\"es\",\"potentialAction\":[{\"@type\":\"CommentAction\",\"name\":\"Comment\",\"target\":[\"https:\/\/www.sonoraenequipo.com.mx\/sonora-estado-invitado-de-honor-en-la-fil-del-palacio-de-mineria-2026\/#respond\"]}]},{\"@type\":\"WebPage\",\"@id\":\"https:\/\/www.sonoraenequipo.com.mx\/sonora-estado-invitado-de-honor-en-la-fil-del-palacio-de-mineria-2026\/\",\"url\":\"https:\/\/www.sonoraenequipo.com.mx\/sonora-estado-invitado-de-honor-en-la-fil-del-palacio-de-mineria-2026\/\",\"name\":\"Sonora en Equipo. Sonora, Estado Invitado de Honor en la FIL del Palacio de Miner\u00eda 2026 Sonora\",\"isPartOf\":{\"@id\":\"https:\/\/www.sonoraenequipo.com.mx\/#website\"},\"primaryImageOfPage\":{\"@id\":\"https:\/\/www.sonoraenequipo.com.mx\/sonora-estado-invitado-de-honor-en-la-fil-del-palacio-de-mineria-2026\/#primaryimage\"},\"image\":{\"@id\":\"https:\/\/www.sonoraenequipo.com.mx\/sonora-estado-invitado-de-honor-en-la-fil-del-palacio-de-mineria-2026\/#primaryimage\"},\"thumbnailUrl\":\"https:\/\/www.sonoraenequipo.com.mx\/storage\/2025\/03\/fil-mineria.jpg\",\"datePublished\":\"2025-03-02T00:50:51+00:00\",\"dateModified\":\"2025-03-03T04:29:28+00:00\",\"description\":\"CIUDAD DE M\u00c9XICO. MX.\u2014 \u00a0El Gobierno del Estado de Sonora, bajo el liderazgo del Gobernador Alfonso Durazo Monta\u00f1o, a trav\u00e9s de la Secretar\u00eda de Educaci\u00f3n En Sonora en Equipo publicamos toda la informaci\u00f3n de Sonora, M\u00e9xico y el Mundo de manera oportuna y busca que la libertad de expresi\u00f3n sea real. Visita nuestro medio informativo publicado desde Hermosillo, Sonora. %\",\"breadcrumb\":{\"@id\":\"https:\/\/www.sonoraenequipo.com.mx\/sonora-estado-invitado-de-honor-en-la-fil-del-palacio-de-mineria-2026\/#breadcrumb\"},\"inLanguage\":\"es\",\"potentialAction\":[{\"@type\":\"ReadAction\",\"target\":[\"https:\/\/www.sonoraenequipo.com.mx\/sonora-estado-invitado-de-honor-en-la-fil-del-palacio-de-mineria-2026\/\"]}]},{\"@type\":\"ImageObject\",\"inLanguage\":\"es\",\"@id\":\"https:\/\/www.sonoraenequipo.com.mx\/sonora-estado-invitado-de-honor-en-la-fil-del-palacio-de-mineria-2026\/#primaryimage\",\"url\":\"https:\/\/www.sonoraenequipo.com.mx\/storage\/2025\/03\/fil-mineria.jpg\",\"contentUrl\":\"https:\/\/www.sonoraenequipo.com.mx\/storage\/2025\/03\/fil-mineria.jpg\",\"width\":600,\"height\":400},{\"@type\":\"BreadcrumbList\",\"@id\":\"https:\/\/www.sonoraenequipo.com.mx\/sonora-estado-invitado-de-honor-en-la-fil-del-palacio-de-mineria-2026\/#breadcrumb\",\"itemListElement\":[{\"@type\":\"ListItem\",\"position\":1,\"name\":\"Portada\",\"item\":\"https:\/\/www.sonoraenequipo.com.mx\/\"},{\"@type\":\"ListItem\",\"position\":2,\"name\":\"Sonora, Estado Invitado de Honor en la FIL del Palacio de Miner\u00eda 2026\"}]},{\"@type\":\"WebSite\",\"@id\":\"https:\/\/www.sonoraenequipo.com.mx\/#website\",\"url\":\"https:\/\/www.sonoraenequipo.com.mx\/\",\"name\":\"Sonora en Equipo.\",\"description\":\"Diario en l\u00ednea con Noticias desde Hermosillo, Sonora\",\"publisher\":{\"@id\":\"https:\/\/www.sonoraenequipo.com.mx\/#organization\"},\"potentialAction\":[{\"@type\":\"SearchAction\",\"target\":{\"@type\":\"EntryPoint\",\"urlTemplate\":\"https:\/\/www.sonoraenequipo.com.mx\/?s={search_term_string}\"},\"query-input\":{\"@type\":\"PropertyValueSpecification\",\"valueRequired\":true,\"valueName\":\"search_term_string\"}}],\"inLanguage\":\"es\"},{\"@type\":\"Organization\",\"@id\":\"https:\/\/www.sonoraenequipo.com.mx\/#organization\",\"name\":\"Sonoraenequipo.com.mx\",\"url\":\"https:\/\/www.sonoraenequipo.com.mx\/\",\"logo\":{\"@type\":\"ImageObject\",\"inLanguage\":\"es\",\"@id\":\"https:\/\/www.sonoraenequipo.com.mx\/#\/schema\/logo\/image\/\",\"url\":\"https:\/\/www.sonoraenequipo.com.mx\/storage\/2019\/01\/sonoraenequipo_opt.png\",\"contentUrl\":\"https:\/\/www.sonoraenequipo.com.mx\/storage\/2019\/01\/sonoraenequipo_opt.png\",\"width\":375,\"height\":125,\"caption\":\"Sonoraenequipo.com.mx\"},\"image\":{\"@id\":\"https:\/\/www.sonoraenequipo.com.mx\/#\/schema\/logo\/image\/\"},\"sameAs\":[\"https:\/\/www.facebook.com\/SonoraEE\/\",\"https:\/\/x.com\/sonoraenequipo\",\"https:\/\/www.youtube.com\/channel\/UC338nW-lPEYmJQs4ZABQ1SQ\"]},{\"@type\":\"Person\",\"@id\":\"https:\/\/www.sonoraenequipo.com.mx\/#\/schema\/person\/50102df0fb23a8fa9e8effad8fa81386\",\"name\":\"enequipo\",\"image\":{\"@type\":\"ImageObject\",\"inLanguage\":\"es\",\"@id\":\"https:\/\/www.sonoraenequipo.com.mx\/#\/schema\/person\/image\/\",\"url\":\"https:\/\/secure.gravatar.com\/avatar\/049821681b589dabc0bc20695993ccebb09f5b5d4d790cd9251b97faac7c652b?s=96&d=blank&r=g\",\"contentUrl\":\"https:\/\/secure.gravatar.com\/avatar\/049821681b589dabc0bc20695993ccebb09f5b5d4d790cd9251b97faac7c652b?s=96&d=blank&r=g\",\"caption\":\"enequipo\"},\"sameAs\":[\"https:\/\/www.facebook.com\/SonoraEE\"]}]}<\/script>\n ","yoast_head_json":{"title":"Sonora en Equipo. Sonora, Estado Invitado de Honor en la FIL del Palacio de Miner\u00eda 2026 Sonora","description":"CIUDAD DE M\u00c9XICO. MX.\u2014 \u00a0El Gobierno del Estado de Sonora, bajo el liderazgo del Gobernador Alfonso Durazo Monta\u00f1o, a trav\u00e9s de la Secretar\u00eda de Educaci\u00f3n En Sonora en Equipo publicamos toda la informaci\u00f3n de Sonora, M\u00e9xico y el Mundo de manera oportuna y busca que la libertad de expresi\u00f3n sea real. Visita nuestro medio informativo publicado desde Hermosillo, Sonora. %","robots":{"index":"index","follow":"follow","max-snippet":"max-snippet:-1","max-image-preview":"max-image-preview:large","max-video-preview":"max-video-preview:-1"},"canonical":"https:\/\/www.sonoraenequipo.com.mx\/sonora-estado-invitado-de-honor-en-la-fil-del-palacio-de-mineria-2026\/","og_locale":"es_ES","og_type":"article","og_title":"Sonora en Equipo. Sonora, Estado Invitado de Honor en la FIL del Palacio de Miner\u00eda 2026 Sonora","og_description":"CIUDAD DE M\u00c9XICO. MX.\u2014 \u00a0El Gobierno del Estado de Sonora, bajo el liderazgo del Gobernador Alfonso Durazo Monta\u00f1o, a trav\u00e9s de la Secretar\u00eda de Educaci\u00f3n En Sonora en Equipo publicamos toda la informaci\u00f3n de Sonora, M\u00e9xico y el Mundo de manera oportuna y busca que la libertad de expresi\u00f3n sea real. Visita nuestro medio informativo publicado desde Hermosillo, Sonora. %","og_url":"https:\/\/www.sonoraenequipo.com.mx\/sonora-estado-invitado-de-honor-en-la-fil-del-palacio-de-mineria-2026\/","og_site_name":"Sonora en Equipo.","article_publisher":"https:\/\/www.facebook.com\/SonoraEE\/","article_author":"https:\/\/www.facebook.com\/SonoraEE","article_published_time":"2025-03-02T00:50:51+00:00","article_modified_time":"2025-03-03T04:29:28+00:00","og_image":[{"width":600,"height":400,"url":"https:\/\/www.sonoraenequipo.com.mx\/storage\/2025\/03\/fil-mineria.jpg","type":"image\/jpeg"}],"author":"enequipo","twitter_card":"summary_large_image","twitter_creator":"@sonoraenequipo","twitter_site":"@sonoraenequipo","twitter_misc":{"Escrito por":"enequipo","Tiempo de lectura":"3 minutos"},"schema":{"@context":"https:\/\/schema.org","@graph":[{"@type":"Article","@id":"https:\/\/www.sonoraenequipo.com.mx\/sonora-estado-invitado-de-honor-en-la-fil-del-palacio-de-mineria-2026\/#article","isPartOf":{"@id":"https:\/\/www.sonoraenequipo.com.mx\/sonora-estado-invitado-de-honor-en-la-fil-del-palacio-de-mineria-2026\/"},"author":{"name":"enequipo","@id":"https:\/\/www.sonoraenequipo.com.mx\/#\/schema\/person\/50102df0fb23a8fa9e8effad8fa81386"},"headline":"Sonora, Estado Invitado de Honor en la FIL del Palacio de Miner\u00eda 2026","datePublished":"2025-03-02T00:50:51+00:00","dateModified":"2025-03-03T04:29:28+00:00","mainEntityOfPage":{"@id":"https:\/\/www.sonoraenequipo.com.mx\/sonora-estado-invitado-de-honor-en-la-fil-del-palacio-de-mineria-2026\/"},"wordCount":518,"commentCount":0,"publisher":{"@id":"https:\/\/www.sonoraenequipo.com.mx\/#organization"},"image":{"@id":"https:\/\/www.sonoraenequipo.com.mx\/sonora-estado-invitado-de-honor-en-la-fil-del-palacio-de-mineria-2026\/#primaryimage"},"thumbnailUrl":"https:\/\/www.sonoraenequipo.com.mx\/storage\/2025\/03\/fil-mineria.jpg","articleSection":["Sonora"],"inLanguage":"es","potentialAction":[{"@type":"CommentAction","name":"Comment","target":["https:\/\/www.sonoraenequipo.com.mx\/sonora-estado-invitado-de-honor-en-la-fil-del-palacio-de-mineria-2026\/#respond"]}]},{"@type":"WebPage","@id":"https:\/\/www.sonoraenequipo.com.mx\/sonora-estado-invitado-de-honor-en-la-fil-del-palacio-de-mineria-2026\/","url":"https:\/\/www.sonoraenequipo.com.mx\/sonora-estado-invitado-de-honor-en-la-fil-del-palacio-de-mineria-2026\/","name":"Sonora en Equipo. Sonora, Estado Invitado de Honor en la FIL del Palacio de Miner\u00eda 2026 Sonora","isPartOf":{"@id":"https:\/\/www.sonoraenequipo.com.mx\/#website"},"primaryImageOfPage":{"@id":"https:\/\/www.sonoraenequipo.com.mx\/sonora-estado-invitado-de-honor-en-la-fil-del-palacio-de-mineria-2026\/#primaryimage"},"image":{"@id":"https:\/\/www.sonoraenequipo.com.mx\/sonora-estado-invitado-de-honor-en-la-fil-del-palacio-de-mineria-2026\/#primaryimage"},"thumbnailUrl":"https:\/\/www.sonoraenequipo.com.mx\/storage\/2025\/03\/fil-mineria.jpg","datePublished":"2025-03-02T00:50:51+00:00","dateModified":"2025-03-03T04:29:28+00:00","description":"CIUDAD DE M\u00c9XICO. MX.\u2014 \u00a0El Gobierno del Estado de Sonora, bajo el liderazgo del Gobernador Alfonso Durazo Monta\u00f1o, a trav\u00e9s de la Secretar\u00eda de Educaci\u00f3n En Sonora en Equipo publicamos toda la informaci\u00f3n de Sonora, M\u00e9xico y el Mundo de manera oportuna y busca que la libertad de expresi\u00f3n sea real. Visita nuestro medio informativo publicado desde Hermosillo, Sonora. %","breadcrumb":{"@id":"https:\/\/www.sonoraenequipo.com.mx\/sonora-estado-invitado-de-honor-en-la-fil-del-palacio-de-mineria-2026\/#breadcrumb"},"inLanguage":"es","potentialAction":[{"@type":"ReadAction","target":["https:\/\/www.sonoraenequipo.com.mx\/sonora-estado-invitado-de-honor-en-la-fil-del-palacio-de-mineria-2026\/"]}]},{"@type":"ImageObject","inLanguage":"es","@id":"https:\/\/www.sonoraenequipo.com.mx\/sonora-estado-invitado-de-honor-en-la-fil-del-palacio-de-mineria-2026\/#primaryimage","url":"https:\/\/www.sonoraenequipo.com.mx\/storage\/2025\/03\/fil-mineria.jpg","contentUrl":"https:\/\/www.sonoraenequipo.com.mx\/storage\/2025\/03\/fil-mineria.jpg","width":600,"height":400},{"@type":"BreadcrumbList","@id":"https:\/\/www.sonoraenequipo.com.mx\/sonora-estado-invitado-de-honor-en-la-fil-del-palacio-de-mineria-2026\/#breadcrumb","itemListElement":[{"@type":"ListItem","position":1,"name":"Portada","item":"https:\/\/www.sonoraenequipo.com.mx\/"},{"@type":"ListItem","position":2,"name":"Sonora, Estado Invitado de Honor en la FIL del Palacio de Miner\u00eda 2026"}]},{"@type":"WebSite","@id":"https:\/\/www.sonoraenequipo.com.mx\/#website","url":"https:\/\/www.sonoraenequipo.com.mx\/","name":"Sonora en Equipo.","description":"Diario en l\u00ednea con Noticias desde Hermosillo, Sonora","publisher":{"@id":"https:\/\/www.sonoraenequipo.com.mx\/#organization"},"potentialAction":[{"@type":"SearchAction","target":{"@type":"EntryPoint","urlTemplate":"https:\/\/www.sonoraenequipo.com.mx\/?s={search_term_string}"},"query-input":{"@type":"PropertyValueSpecification","valueRequired":true,"valueName":"search_term_string"}}],"inLanguage":"es"},{"@type":"Organization","@id":"https:\/\/www.sonoraenequipo.com.mx\/#organization","name":"Sonoraenequipo.com.mx","url":"https:\/\/www.sonoraenequipo.com.mx\/","logo":{"@type":"ImageObject","inLanguage":"es","@id":"https:\/\/www.sonoraenequipo.com.mx\/#\/schema\/logo\/image\/","url":"https:\/\/www.sonoraenequipo.com.mx\/storage\/2019\/01\/sonoraenequipo_opt.png","contentUrl":"https:\/\/www.sonoraenequipo.com.mx\/storage\/2019\/01\/sonoraenequipo_opt.png","width":375,"height":125,"caption":"Sonoraenequipo.com.mx"},"image":{"@id":"https:\/\/www.sonoraenequipo.com.mx\/#\/schema\/logo\/image\/"},"sameAs":["https:\/\/www.facebook.com\/SonoraEE\/","https:\/\/x.com\/sonoraenequipo","https:\/\/www.youtube.com\/channel\/UC338nW-lPEYmJQs4ZABQ1SQ"]},{"@type":"Person","@id":"https:\/\/www.sonoraenequipo.com.mx\/#\/schema\/person\/50102df0fb23a8fa9e8effad8fa81386","name":"enequipo","image":{"@type":"ImageObject","inLanguage":"es","@id":"https:\/\/www.sonoraenequipo.com.mx\/#\/schema\/person\/image\/","url":"https:\/\/secure.gravatar.com\/avatar\/049821681b589dabc0bc20695993ccebb09f5b5d4d790cd9251b97faac7c652b?s=96&d=blank&r=g","contentUrl":"https:\/\/secure.gravatar.com\/avatar\/049821681b589dabc0bc20695993ccebb09f5b5d4d790cd9251b97faac7c652b?s=96&d=blank&r=g","caption":"enequipo"},"sameAs":["https:\/\/www.facebook.com\/SonoraEE"]}]}},"jetpack_featured_media_url":"https:\/\/www.sonoraenequipo.com.mx\/storage\/2025\/03\/fil-mineria.jpg","_links":{"self":[{"href":"https:\/\/www.sonoraenequipo.com.mx\/api\/wp\/v2\/posts\/210593","targetHints":{"allow":["GET"]}}],"collection":[{"href":"https:\/\/www.sonoraenequipo.com.mx\/api\/wp\/v2\/posts"}],"about":[{"href":"https:\/\/www.sonoraenequipo.com.mx\/api\/wp\/v2\/types\/post"}],"author":[{"embeddable":true,"href":"https:\/\/www.sonoraenequipo.com.mx\/api\/wp\/v2\/users\/1"}],"replies":[{"embeddable":true,"href":"https:\/\/www.sonoraenequipo.com.mx\/api\/wp\/v2\/comments?post=210593"}],"version-history":[{"count":2,"href":"https:\/\/www.sonoraenequipo.com.mx\/api\/wp\/v2\/posts\/210593\/revisions"}],"predecessor-version":[{"id":210604,"href":"https:\/\/www.sonoraenequipo.com.mx\/api\/wp\/v2\/posts\/210593\/revisions\/210604"}],"wp:featuredmedia":[{"embeddable":true,"href":"https:\/\/www.sonoraenequipo.com.mx\/api\/wp\/v2\/media\/210594"}],"wp:attachment":[{"href":"https:\/\/www.sonoraenequipo.com.mx\/api\/wp\/v2\/media?parent=210593"}],"wp:term":[{"taxonomy":"category","embeddable":true,"href":"https:\/\/www.sonoraenequipo.com.mx\/api\/wp\/v2\/categories?post=210593"},{"taxonomy":"post_tag","embeddable":true,"href":"https:\/\/www.sonoraenequipo.com.mx\/api\/wp\/v2\/tags?post=210593"}],"curies":[{"name":"wp","href":"https:\/\/api.w.org\/{rel}","templated":true}]}}