{"id":210596,"date":"2025-03-01T18:13:16","date_gmt":"2025-03-02T01:13:16","guid":{"rendered":"https:\/\/www.sonoraenequipo.com.mx\/?p=210596"},"modified":"2025-03-01T19:13:22","modified_gmt":"2025-03-02T02:13:22","slug":"israel-acepta-tregua-temporal-en-gaza-por-ramadan-y-pascua-judia","status":"publish","type":"post","link":"https:\/\/www.sonoraenequipo.com.mx\/israel-acepta-tregua-temporal-en-gaza-por-ramadan-y-pascua-judia\/","title":{"rendered":"Israel acepta tregua temporal en Gaza por Ramad\u00e1n y Pascua jud\u00eda"},"content":{"rendered":"<p>Israel aprob\u00f3 una propuesta estadounidense para prolongar la tregua en Gaza durante el Ramad\u00e1n y la Pascua jud\u00eda que se celebrar\u00e1 en abril, periodo durante el cual todos los rehenes podr\u00edan ser liberados, anunci\u00f3 el s\u00e1bado (01.03.2025) la oficina del primer ministro, Benjamin Netanyahu.<\/p>\n<p>&nbsp;<\/p>\n<p>\u00abIsrael adopta el plan del enviado del presidente estadounidense, Steve Witkoff, para un alto el fuego temporal durante los periodos del Ramad\u00e1n\u00bb, que terminar\u00e1 a finales de marzo, \u00aby de P\u00e9saj\u00bb, la Pascua jud\u00eda que se celebrar\u00e1 a mediados de abril, indic\u00f3 la dependencia al expirar, sin un acuerdo sobre las siguientes etapas, la primera fase de la tregua con el grupo islamista palestino Ham\u00e1s, considerado terrorista por varios pa\u00edses.<\/p>\n<p>&nbsp;<\/p>\n<p>Bajo los t\u00e9rminos de este plan, \u00abla mitad de los rehenes, vivos y muertos\u00bb, ser\u00edan liberados el primer d\u00eda de su entrada en vigor y el resto de los cautivos (vivos o muertos) ser\u00edan puestos en libertad \u00abal final, si se llega a un acuerdo sobre un alto el fuego permanente\u00bb, a\u00f1adi\u00f3 el texto.<\/p>\n<p>&nbsp;<\/p>\n<p>Seg\u00fan la oficina de Netanyahu, Witkoff hizo la propuesta tras concluir que las posiciones de Ham\u00e1s e Israel eran imposibles de acercar de inmediato, y que ser\u00eda necesario un aplazamiento adicional para organizar las negociaciones de un cese el fuego permanente.<\/p>\n<p>&nbsp;<\/p>\n<p>El comunicado se\u00f1ala que Israel est\u00e1 listo para iniciar \u00abinmediatamente\u00bb las negociaciones \u00absobre todos los detalles del plan Witkoff\u00bb si \u00abHam\u00e1s cambia de posici\u00f3n\u00bb y lo acepta tambi\u00e9n.<\/p>\n<p><strong>Fecha de publicaci\u00f3n s\u00e1bado 1 de marzo de 2025 \/DW<\/strong><\/p>\n","protected":false},"excerpt":{"rendered":"<p>Israel aprob\u00f3 una propuesta estadounidense para prolongar la tregua en Gaza durante el Ramad\u00e1n y&#8230;<\/p>\n","protected":false},"author":1,"featured_media":0,"comment_status":"open","ping_status":"open","sticky":false,"template":"","format":"standard","meta":{"_monsterinsights_skip_tracking":false,"_monsterinsights_sitenote_active":false,"_monsterinsights_sitenote_note":"","_monsterinsights_sitenote_category":0,"footnotes":""},"categories":[3],"tags":[9035,144,9036,911,1102],"class_list":["post"],"yoast_head":" \n<title>Sonora en Equipo. Israel acepta tregua temporal en Gaza por Ramad\u00e1n y Pascua jud\u00eda MUNDO<\/title>\n<meta name=\"description\" content=\"Israel aprob\u00f3 una propuesta estadounidense para prolongar la tregua en Gaza durante el Ramad\u00e1n y la Pascua jud\u00eda que se celebrar\u00e1 en abril, periodo En Sonora en Equipo publicamos toda la informaci\u00f3n de Sonora, M\u00e9xico y el Mundo de manera oportuna y busca que la libertad de expresi\u00f3n sea real. Visita nuestro medio informativo publicado desde Hermosillo, Sonora. %\" \/>\n<meta name=\"robots\" content=\"index, follow, max-snippet:-1, max-image-preview:large, max-video-preview:-1\" \/>\n<link rel=\"canonical\" href=\"https:\/\/www.sonoraenequipo.com.mx\/israel-acepta-tregua-temporal-en-gaza-por-ramadan-y-pascua-judia\/\" \/>\n<meta property=\"og:locale\" content=\"es_ES\" \/>\n<meta property=\"og:type\" content=\"article\" \/>\n<meta property=\"og:title\" content=\"Sonora en Equipo. Israel acepta tregua temporal en Gaza por Ramad\u00e1n y Pascua jud\u00eda MUNDO\" \/>\n<meta property=\"og:description\" content=\"Israel aprob\u00f3 una propuesta estadounidense para prolongar la tregua en Gaza durante el Ramad\u00e1n y la Pascua jud\u00eda que se celebrar\u00e1 en abril, periodo En Sonora en Equipo publicamos toda la informaci\u00f3n de Sonora, M\u00e9xico y el Mundo de manera oportuna y busca que la libertad de expresi\u00f3n sea real. Visita nuestro medio informativo publicado desde Hermosillo, Sonora. %\" \/>\n<meta property=\"og:url\" content=\"https:\/\/www.sonoraenequipo.com.mx\/israel-acepta-tregua-temporal-en-gaza-por-ramadan-y-pascua-judia\/\" \/>\n<meta property=\"og:site_name\" content=\"Sonora en Equipo.\" \/>\n<meta property=\"article:publisher\" content=\"https:\/\/www.facebook.com\/SonoraEE\/\" \/>\n<meta property=\"article:author\" content=\"https:\/\/www.facebook.com\/SonoraEE\" \/>\n<meta property=\"article:published_time\" content=\"2025-03-02T01:13:16+00:00\" \/>\n<meta property=\"article:modified_time\" content=\"2025-03-02T02:13:22+00:00\" \/>\n<meta property=\"og:image\" content=\"https:\/\/www.sonoraenequipo.com.mx\/storage\/2025\/03\/palestina-1.jpg\" \/>\n\t<meta property=\"og:image:width\" content=\"600\" \/>\n\t<meta property=\"og:image:height\" content=\"400\" \/>\n\t<meta property=\"og:image:type\" content=\"image\/jpeg\" \/>\n<meta name=\"author\" content=\"enequipo\" \/>\n<meta name=\"twitter:card\" content=\"summary_large_image\" \/>\n<meta name=\"twitter:creator\" content=\"@sonoraenequipo\" \/>\n<meta name=\"twitter:site\" content=\"@sonoraenequipo\" \/>\n<meta name=\"twitter:label1\" content=\"Escrito por\" \/>\n\t<meta name=\"twitter:data1\" content=\"enequipo\" \/>\n\t<meta name=\"twitter:label2\" content=\"Tiempo de lectura\" \/>\n\t<meta name=\"twitter:data2\" content=\"1 minuto\" \/>\n<script type=\"application\/ld+json\" class=\"yoast-schema-graph\">{\"@context\":\"https:\/\/schema.org\",\"@graph\":[{\"@type\":\"Article\",\"@id\":\"https:\/\/www.sonoraenequipo.com.mx\/israel-acepta-tregua-temporal-en-gaza-por-ramadan-y-pascua-judia\/#article\",\"isPartOf\":{\"@id\":\"https:\/\/www.sonoraenequipo.com.mx\/israel-acepta-tregua-temporal-en-gaza-por-ramadan-y-pascua-judia\/\"},\"author\":{\"name\":\"enequipo\",\"@id\":\"https:\/\/www.sonoraenequipo.com.mx\/#\/schema\/person\/50102df0fb23a8fa9e8effad8fa81386\"},\"headline\":\"Israel acepta tregua temporal en Gaza por Ramad\u00e1n y Pascua jud\u00eda\",\"datePublished\":\"2025-03-02T01:13:16+00:00\",\"dateModified\":\"2025-03-02T02:13:22+00:00\",\"mainEntityOfPage\":{\"@id\":\"https:\/\/www.sonoraenequipo.com.mx\/israel-acepta-tregua-temporal-en-gaza-por-ramadan-y-pascua-judia\/\"},\"wordCount\":284,\"commentCount\":0,\"publisher\":{\"@id\":\"https:\/\/www.sonoraenequipo.com.mx\/#organization\"},\"keywords\":[\"gaza\",\"guerra\",\"ham\u00e0s\",\"ISRAEL\",\"Palestina\"],\"articleSection\":[\"MUNDO\"],\"inLanguage\":\"es\",\"potentialAction\":[{\"@type\":\"CommentAction\",\"name\":\"Comment\",\"target\":[\"https:\/\/www.sonoraenequipo.com.mx\/israel-acepta-tregua-temporal-en-gaza-por-ramadan-y-pascua-judia\/#respond\"]}]},{\"@type\":\"WebPage\",\"@id\":\"https:\/\/www.sonoraenequipo.com.mx\/israel-acepta-tregua-temporal-en-gaza-por-ramadan-y-pascua-judia\/\",\"url\":\"https:\/\/www.sonoraenequipo.com.mx\/israel-acepta-tregua-temporal-en-gaza-por-ramadan-y-pascua-judia\/\",\"name\":\"Sonora en Equipo. Israel acepta tregua temporal en Gaza por Ramad\u00e1n y Pascua jud\u00eda MUNDO\",\"isPartOf\":{\"@id\":\"https:\/\/www.sonoraenequipo.com.mx\/#website\"},\"datePublished\":\"2025-03-02T01:13:16+00:00\",\"dateModified\":\"2025-03-02T02:13:22+00:00\",\"description\":\"Israel aprob\u00f3 una propuesta estadounidense para prolongar la tregua en Gaza durante el Ramad\u00e1n y la Pascua jud\u00eda que se celebrar\u00e1 en abril, periodo En Sonora en Equipo publicamos toda la informaci\u00f3n de Sonora, M\u00e9xico y el Mundo de manera oportuna y busca que la libertad de expresi\u00f3n sea real. Visita nuestro medio informativo publicado desde Hermosillo, Sonora. %\",\"breadcrumb\":{\"@id\":\"https:\/\/www.sonoraenequipo.com.mx\/israel-acepta-tregua-temporal-en-gaza-por-ramadan-y-pascua-judia\/#breadcrumb\"},\"inLanguage\":\"es\",\"potentialAction\":[{\"@type\":\"ReadAction\",\"target\":[\"https:\/\/www.sonoraenequipo.com.mx\/israel-acepta-tregua-temporal-en-gaza-por-ramadan-y-pascua-judia\/\"]}]},{\"@type\":\"BreadcrumbList\",\"@id\":\"https:\/\/www.sonoraenequipo.com.mx\/israel-acepta-tregua-temporal-en-gaza-por-ramadan-y-pascua-judia\/#breadcrumb\",\"itemListElement\":[{\"@type\":\"ListItem\",\"position\":1,\"name\":\"Portada\",\"item\":\"https:\/\/www.sonoraenequipo.com.mx\/\"},{\"@type\":\"ListItem\",\"position\":2,\"name\":\"Israel acepta tregua temporal en Gaza por Ramad\u00e1n y Pascua jud\u00eda\"}]},{\"@type\":\"WebSite\",\"@id\":\"https:\/\/www.sonoraenequipo.com.mx\/#website\",\"url\":\"https:\/\/www.sonoraenequipo.com.mx\/\",\"name\":\"Sonora en Equipo.\",\"description\":\"Diario en l\u00ednea con Noticias desde Hermosillo, Sonora\",\"publisher\":{\"@id\":\"https:\/\/www.sonoraenequipo.com.mx\/#organization\"},\"potentialAction\":[{\"@type\":\"SearchAction\",\"target\":{\"@type\":\"EntryPoint\",\"urlTemplate\":\"https:\/\/www.sonoraenequipo.com.mx\/?s={search_term_string}\"},\"query-input\":{\"@type\":\"PropertyValueSpecification\",\"valueRequired\":true,\"valueName\":\"search_term_string\"}}],\"inLanguage\":\"es\"},{\"@type\":\"Organization\",\"@id\":\"https:\/\/www.sonoraenequipo.com.mx\/#organization\",\"name\":\"Sonoraenequipo.com.mx\",\"url\":\"https:\/\/www.sonoraenequipo.com.mx\/\",\"logo\":{\"@type\":\"ImageObject\",\"inLanguage\":\"es\",\"@id\":\"https:\/\/www.sonoraenequipo.com.mx\/#\/schema\/logo\/image\/\",\"url\":\"https:\/\/www.sonoraenequipo.com.mx\/storage\/2019\/01\/sonoraenequipo_opt.png\",\"contentUrl\":\"https:\/\/www.sonoraenequipo.com.mx\/storage\/2019\/01\/sonoraenequipo_opt.png\",\"width\":375,\"height\":125,\"caption\":\"Sonoraenequipo.com.mx\"},\"image\":{\"@id\":\"https:\/\/www.sonoraenequipo.com.mx\/#\/schema\/logo\/image\/\"},\"sameAs\":[\"https:\/\/www.facebook.com\/SonoraEE\/\",\"https:\/\/x.com\/sonoraenequipo\",\"https:\/\/www.youtube.com\/channel\/UC338nW-lPEYmJQs4ZABQ1SQ\"]},{\"@type\":\"Person\",\"@id\":\"https:\/\/www.sonoraenequipo.com.mx\/#\/schema\/person\/50102df0fb23a8fa9e8effad8fa81386\",\"name\":\"enequipo\",\"image\":{\"@type\":\"ImageObject\",\"inLanguage\":\"es\",\"@id\":\"https:\/\/www.sonoraenequipo.com.mx\/#\/schema\/person\/image\/\",\"url\":\"https:\/\/secure.gravatar.com\/avatar\/049821681b589dabc0bc20695993ccebb09f5b5d4d790cd9251b97faac7c652b?s=96&d=blank&r=g\",\"contentUrl\":\"https:\/\/secure.gravatar.com\/avatar\/049821681b589dabc0bc20695993ccebb09f5b5d4d790cd9251b97faac7c652b?s=96&d=blank&r=g\",\"caption\":\"enequipo\"},\"sameAs\":[\"https:\/\/www.facebook.com\/SonoraEE\"]}]}<\/script>\n ","yoast_head_json":{"title":"Sonora en Equipo. Israel acepta tregua temporal en Gaza por Ramad\u00e1n y Pascua jud\u00eda MUNDO","description":"Israel aprob\u00f3 una propuesta estadounidense para prolongar la tregua en Gaza durante el Ramad\u00e1n y la Pascua jud\u00eda que se celebrar\u00e1 en abril, periodo En Sonora en Equipo publicamos toda la informaci\u00f3n de Sonora, M\u00e9xico y el Mundo de manera oportuna y busca que la libertad de expresi\u00f3n sea real. Visita nuestro medio informativo publicado desde Hermosillo, Sonora. %","robots":{"index":"index","follow":"follow","max-snippet":"max-snippet:-1","max-image-preview":"max-image-preview:large","max-video-preview":"max-video-preview:-1"},"canonical":"https:\/\/www.sonoraenequipo.com.mx\/israel-acepta-tregua-temporal-en-gaza-por-ramadan-y-pascua-judia\/","og_locale":"es_ES","og_type":"article","og_title":"Sonora en Equipo. Israel acepta tregua temporal en Gaza por Ramad\u00e1n y Pascua jud\u00eda MUNDO","og_description":"Israel aprob\u00f3 una propuesta estadounidense para prolongar la tregua en Gaza durante el Ramad\u00e1n y la Pascua jud\u00eda que se celebrar\u00e1 en abril, periodo En Sonora en Equipo publicamos toda la informaci\u00f3n de Sonora, M\u00e9xico y el Mundo de manera oportuna y busca que la libertad de expresi\u00f3n sea real. Visita nuestro medio informativo publicado desde Hermosillo, Sonora. %","og_url":"https:\/\/www.sonoraenequipo.com.mx\/israel-acepta-tregua-temporal-en-gaza-por-ramadan-y-pascua-judia\/","og_site_name":"Sonora en Equipo.","article_publisher":"https:\/\/www.facebook.com\/SonoraEE\/","article_author":"https:\/\/www.facebook.com\/SonoraEE","article_published_time":"2025-03-02T01:13:16+00:00","article_modified_time":"2025-03-02T02:13:22+00:00","og_image":[{"width":600,"height":400,"url":"https:\/\/www.sonoraenequipo.com.mx\/storage\/2025\/03\/palestina-1.jpg","type":"image\/jpeg"}],"author":"enequipo","twitter_card":"summary_large_image","twitter_creator":"@sonoraenequipo","twitter_site":"@sonoraenequipo","twitter_misc":{"Escrito por":"enequipo","Tiempo de lectura":"1 minuto"},"schema":{"@context":"https:\/\/schema.org","@graph":[{"@type":"Article","@id":"https:\/\/www.sonoraenequipo.com.mx\/israel-acepta-tregua-temporal-en-gaza-por-ramadan-y-pascua-judia\/#article","isPartOf":{"@id":"https:\/\/www.sonoraenequipo.com.mx\/israel-acepta-tregua-temporal-en-gaza-por-ramadan-y-pascua-judia\/"},"author":{"name":"enequipo","@id":"https:\/\/www.sonoraenequipo.com.mx\/#\/schema\/person\/50102df0fb23a8fa9e8effad8fa81386"},"headline":"Israel acepta tregua temporal en Gaza por Ramad\u00e1n y Pascua jud\u00eda","datePublished":"2025-03-02T01:13:16+00:00","dateModified":"2025-03-02T02:13:22+00:00","mainEntityOfPage":{"@id":"https:\/\/www.sonoraenequipo.com.mx\/israel-acepta-tregua-temporal-en-gaza-por-ramadan-y-pascua-judia\/"},"wordCount":284,"commentCount":0,"publisher":{"@id":"https:\/\/www.sonoraenequipo.com.mx\/#organization"},"keywords":["gaza","guerra","ham\u00e0s","ISRAEL","Palestina"],"articleSection":["MUNDO"],"inLanguage":"es","potentialAction":[{"@type":"CommentAction","name":"Comment","target":["https:\/\/www.sonoraenequipo.com.mx\/israel-acepta-tregua-temporal-en-gaza-por-ramadan-y-pascua-judia\/#respond"]}]},{"@type":"WebPage","@id":"https:\/\/www.sonoraenequipo.com.mx\/israel-acepta-tregua-temporal-en-gaza-por-ramadan-y-pascua-judia\/","url":"https:\/\/www.sonoraenequipo.com.mx\/israel-acepta-tregua-temporal-en-gaza-por-ramadan-y-pascua-judia\/","name":"Sonora en Equipo. Israel acepta tregua temporal en Gaza por Ramad\u00e1n y Pascua jud\u00eda MUNDO","isPartOf":{"@id":"https:\/\/www.sonoraenequipo.com.mx\/#website"},"datePublished":"2025-03-02T01:13:16+00:00","dateModified":"2025-03-02T02:13:22+00:00","description":"Israel aprob\u00f3 una propuesta estadounidense para prolongar la tregua en Gaza durante el Ramad\u00e1n y la Pascua jud\u00eda que se celebrar\u00e1 en abril, periodo En Sonora en Equipo publicamos toda la informaci\u00f3n de Sonora, M\u00e9xico y el Mundo de manera oportuna y busca que la libertad de expresi\u00f3n sea real. Visita nuestro medio informativo publicado desde Hermosillo, Sonora. %","breadcrumb":{"@id":"https:\/\/www.sonoraenequipo.com.mx\/israel-acepta-tregua-temporal-en-gaza-por-ramadan-y-pascua-judia\/#breadcrumb"},"inLanguage":"es","potentialAction":[{"@type":"ReadAction","target":["https:\/\/www.sonoraenequipo.com.mx\/israel-acepta-tregua-temporal-en-gaza-por-ramadan-y-pascua-judia\/"]}]},{"@type":"BreadcrumbList","@id":"https:\/\/www.sonoraenequipo.com.mx\/israel-acepta-tregua-temporal-en-gaza-por-ramadan-y-pascua-judia\/#breadcrumb","itemListElement":[{"@type":"ListItem","position":1,"name":"Portada","item":"https:\/\/www.sonoraenequipo.com.mx\/"},{"@type":"ListItem","position":2,"name":"Israel acepta tregua temporal en Gaza por Ramad\u00e1n y Pascua jud\u00eda"}]},{"@type":"WebSite","@id":"https:\/\/www.sonoraenequipo.com.mx\/#website","url":"https:\/\/www.sonoraenequipo.com.mx\/","name":"Sonora en Equipo.","description":"Diario en l\u00ednea con Noticias desde Hermosillo, Sonora","publisher":{"@id":"https:\/\/www.sonoraenequipo.com.mx\/#organization"},"potentialAction":[{"@type":"SearchAction","target":{"@type":"EntryPoint","urlTemplate":"https:\/\/www.sonoraenequipo.com.mx\/?s={search_term_string}"},"query-input":{"@type":"PropertyValueSpecification","valueRequired":true,"valueName":"search_term_string"}}],"inLanguage":"es"},{"@type":"Organization","@id":"https:\/\/www.sonoraenequipo.com.mx\/#organization","name":"Sonoraenequipo.com.mx","url":"https:\/\/www.sonoraenequipo.com.mx\/","logo":{"@type":"ImageObject","inLanguage":"es","@id":"https:\/\/www.sonoraenequipo.com.mx\/#\/schema\/logo\/image\/","url":"https:\/\/www.sonoraenequipo.com.mx\/storage\/2019\/01\/sonoraenequipo_opt.png","contentUrl":"https:\/\/www.sonoraenequipo.com.mx\/storage\/2019\/01\/sonoraenequipo_opt.png","width":375,"height":125,"caption":"Sonoraenequipo.com.mx"},"image":{"@id":"https:\/\/www.sonoraenequipo.com.mx\/#\/schema\/logo\/image\/"},"sameAs":["https:\/\/www.facebook.com\/SonoraEE\/","https:\/\/x.com\/sonoraenequipo","https:\/\/www.youtube.com\/channel\/UC338nW-lPEYmJQs4ZABQ1SQ"]},{"@type":"Person","@id":"https:\/\/www.sonoraenequipo.com.mx\/#\/schema\/person\/50102df0fb23a8fa9e8effad8fa81386","name":"enequipo","image":{"@type":"ImageObject","inLanguage":"es","@id":"https:\/\/www.sonoraenequipo.com.mx\/#\/schema\/person\/image\/","url":"https:\/\/secure.gravatar.com\/avatar\/049821681b589dabc0bc20695993ccebb09f5b5d4d790cd9251b97faac7c652b?s=96&d=blank&r=g","contentUrl":"https:\/\/secure.gravatar.com\/avatar\/049821681b589dabc0bc20695993ccebb09f5b5d4d790cd9251b97faac7c652b?s=96&d=blank&r=g","caption":"enequipo"},"sameAs":["https:\/\/www.facebook.com\/SonoraEE"]}]}},"jetpack_featured_media_url":"","_links":{"self":[{"href":"https:\/\/www.sonoraenequipo.com.mx\/api\/wp\/v2\/posts\/210596","targetHints":{"allow":["GET"]}}],"collection":[{"href":"https:\/\/www.sonoraenequipo.com.mx\/api\/wp\/v2\/posts"}],"about":[{"href":"https:\/\/www.sonoraenequipo.com.mx\/api\/wp\/v2\/types\/post"}],"author":[{"embeddable":true,"href":"https:\/\/www.sonoraenequipo.com.mx\/api\/wp\/v2\/users\/1"}],"replies":[{"embeddable":true,"href":"https:\/\/www.sonoraenequipo.com.mx\/api\/wp\/v2\/comments?post=210596"}],"version-history":[{"count":1,"href":"https:\/\/www.sonoraenequipo.com.mx\/api\/wp\/v2\/posts\/210596\/revisions"}],"predecessor-version":[{"id":210598,"href":"https:\/\/www.sonoraenequipo.com.mx\/api\/wp\/v2\/posts\/210596\/revisions\/210598"}],"wp:attachment":[{"href":"https:\/\/www.sonoraenequipo.com.mx\/api\/wp\/v2\/media?parent=210596"}],"wp:term":[{"taxonomy":"category","embeddable":true,"href":"https:\/\/www.sonoraenequipo.com.mx\/api\/wp\/v2\/categories?post=210596"},{"taxonomy":"post_tag","embeddable":true,"href":"https:\/\/www.sonoraenequipo.com.mx\/api\/wp\/v2\/tags?post=210596"}],"curies":[{"name":"wp","href":"https:\/\/api.w.org\/{rel}","templated":true}]}}