{"id":210605,"date":"2025-03-02T15:30:26","date_gmt":"2025-03-02T22:30:26","guid":{"rendered":"https:\/\/www.sonoraenequipo.com.mx\/?p=210605"},"modified":"2025-03-02T22:42:42","modified_gmt":"2025-03-03T05:42:42","slug":"gobernador-durazo-y-foxconn-consolidan-inversiones-de-electromovilidad-con-el-plan-sonora","status":"publish","type":"post","link":"https:\/\/www.sonoraenequipo.com.mx\/gobernador-durazo-y-foxconn-consolidan-inversiones-de-electromovilidad-con-el-plan-sonora\/","title":{"rendered":"Gobernador Durazo y Foxconn consolidan inversiones de electromovilidad con el Plan Sonora"},"content":{"rendered":"<p><strong>HERMOSILLO, SONORA.MX. \u2014<\/strong> En el marco de las acciones para fortalecer la atracci\u00f3n de inversi\u00f3n en Sonora y consolidar a la entidad como un referente en desarrollo sustentable, el gobernador Alfonso Durazo Monta\u00f1o sostuvo un encuentro con representantes de Foxconn, empresa l\u00edder en manufactura electr\u00f3nica, para concretar proyectos de impacto global en el estado.<\/p>\n<p> <\/p>\n<p>Durante la reuni\u00f3n, el mandatario estatal destac\u00f3 la importancia de impulsar el desarrollo de ciudades inteligentes y nuevas industrias relacionadas con la electromovilidad y la tecnolog\u00eda sustentable. Asimismo, refrend\u00f3 el compromiso de su administraci\u00f3n para posicionar a Sonora como un polo de innovaci\u00f3n y manufactura avanzada en el sector tecnol\u00f3gico.<\/p>\n<p><em><strong>\u201cEstamos avanzando en proyectos realmente estrat\u00e9gicos. Este es un segundo acercamiento para concretar inversiones que pronto dar\u00e1n frutos en nuestro estado. Ha sido una reuni\u00f3n extraordinaria, sumamente productiva, con un gran entendimiento y el firme compromiso de aterrizar inversiones que fortalecer\u00e1n la econom\u00eda de Sonora\u201d<\/strong><\/em>, se\u00f1al\u00f3 el gobernador Durazo.<\/p>\n<p>Por su parte, Allen Blue, representante de Foxconn en M\u00e9xico, reconoci\u00f3 el liderazgo del gobernador en la promoci\u00f3n del estado como un destino clave para el desarrollo sustentable, subrayando que este impulso permitir\u00e1 que Sonora y el pa\u00eds se posicionen a la vanguardia en tecnolog\u00eda y nuevas industrias.<\/p>\n<p>Como parte de esta agenda de trabajo, el gobernador Durazo Monta\u00f1o tambi\u00e9n sostuvo un encuentro con Roberto Capuano, responsable del proyecto Olinia, el primer autom\u00f3vil el\u00e9ctrico mexicano. Durante la reuni\u00f3n, Capuano destac\u00f3 que el Plan Sonora representa un impulso clave para la consolidaci\u00f3n de esta iniciativa dentro del eje de la electromovilidad.<\/p>\n<p>PUBLICADO EL 02 DE MARZO DE 2025 Con informaci\u00f3n de GOBSON 0325006)<\/p>\n","protected":false},"excerpt":{"rendered":"<p>HERMOSILLO, SONORA.MX. \u2014 En el marco de las acciones para fortalecer la atracci\u00f3n de inversi\u00f3n&#8230;<\/p>\n","protected":false},"author":1,"featured_media":210613,"comment_status":"open","ping_status":"open","sticky":false,"template":"","format":"standard","meta":{"_monsterinsights_skip_tracking":false,"_monsterinsights_sitenote_active":false,"_monsterinsights_sitenote_note":"","_monsterinsights_sitenote_category":0,"footnotes":""},"categories":[22],"tags":[],"class_list":["post"],"yoast_head":" \n<title>Sonora en Equipo. Gobernador Durazo y Foxconn consolidan inversiones de electromovilidad con el Plan Sonora Sonora<\/title>\n<meta name=\"description\" content=\"HERMOSILLO, SONORA.MX. \u2014 En el marco de las acciones para fortalecer la atracci\u00f3n de inversi\u00f3n en Sonora y consolidar a la entidad como un referente en En Sonora en Equipo publicamos toda la informaci\u00f3n de Sonora, M\u00e9xico y el Mundo de manera oportuna y busca que la libertad de expresi\u00f3n sea real. Visita nuestro medio informativo publicado desde Hermosillo, Sonora. %\" \/>\n<meta name=\"robots\" content=\"index, follow, max-snippet:-1, max-image-preview:large, max-video-preview:-1\" \/>\n<link rel=\"canonical\" href=\"https:\/\/www.sonoraenequipo.com.mx\/gobernador-durazo-y-foxconn-consolidan-inversiones-de-electromovilidad-con-el-plan-sonora\/\" \/>\n<meta property=\"og:locale\" content=\"es_ES\" \/>\n<meta property=\"og:type\" content=\"article\" \/>\n<meta property=\"og:title\" content=\"Sonora en Equipo. Gobernador Durazo y Foxconn consolidan inversiones de electromovilidad con el Plan Sonora Sonora\" \/>\n<meta property=\"og:description\" content=\"HERMOSILLO, SONORA.MX. \u2014 En el marco de las acciones para fortalecer la atracci\u00f3n de inversi\u00f3n en Sonora y consolidar a la entidad como un referente en En Sonora en Equipo publicamos toda la informaci\u00f3n de Sonora, M\u00e9xico y el Mundo de manera oportuna y busca que la libertad de expresi\u00f3n sea real. Visita nuestro medio informativo publicado desde Hermosillo, Sonora. %\" \/>\n<meta property=\"og:url\" content=\"https:\/\/www.sonoraenequipo.com.mx\/gobernador-durazo-y-foxconn-consolidan-inversiones-de-electromovilidad-con-el-plan-sonora\/\" \/>\n<meta property=\"og:site_name\" content=\"Sonora en Equipo.\" \/>\n<meta property=\"article:publisher\" content=\"https:\/\/www.facebook.com\/SonoraEE\/\" \/>\n<meta property=\"article:author\" content=\"https:\/\/www.facebook.com\/SonoraEE\" \/>\n<meta property=\"article:published_time\" content=\"2025-03-02T22:30:26+00:00\" \/>\n<meta property=\"article:modified_time\" content=\"2025-03-03T05:42:42+00:00\" \/>\n<meta property=\"og:image\" content=\"https:\/\/www.sonoraenequipo.com.mx\/storage\/2025\/03\/electromovilidad-con-el-Plan-Sonora-min.jpg\" \/>\n\t<meta property=\"og:image:width\" content=\"1000\" \/>\n\t<meta property=\"og:image:height\" content=\"608\" \/>\n\t<meta property=\"og:image:type\" content=\"image\/jpeg\" \/>\n<meta name=\"author\" content=\"enequipo\" \/>\n<meta name=\"twitter:card\" content=\"summary_large_image\" \/>\n<meta name=\"twitter:creator\" content=\"@sonoraenequipo\" \/>\n<meta name=\"twitter:site\" content=\"@sonoraenequipo\" \/>\n<meta name=\"twitter:label1\" content=\"Escrito por\" \/>\n\t<meta name=\"twitter:data1\" content=\"enequipo\" \/>\n\t<meta name=\"twitter:label2\" content=\"Tiempo de lectura\" \/>\n\t<meta name=\"twitter:data2\" content=\"1 minuto\" \/>\n<script type=\"application\/ld+json\" class=\"yoast-schema-graph\">{\"@context\":\"https:\/\/schema.org\",\"@graph\":[{\"@type\":\"Article\",\"@id\":\"https:\/\/www.sonoraenequipo.com.mx\/gobernador-durazo-y-foxconn-consolidan-inversiones-de-electromovilidad-con-el-plan-sonora\/#article\",\"isPartOf\":{\"@id\":\"https:\/\/www.sonoraenequipo.com.mx\/gobernador-durazo-y-foxconn-consolidan-inversiones-de-electromovilidad-con-el-plan-sonora\/\"},\"author\":{\"name\":\"enequipo\",\"@id\":\"https:\/\/www.sonoraenequipo.com.mx\/#\/schema\/person\/50102df0fb23a8fa9e8effad8fa81386\"},\"headline\":\"Gobernador Durazo y Foxconn consolidan inversiones de electromovilidad con el Plan Sonora\",\"datePublished\":\"2025-03-02T22:30:26+00:00\",\"dateModified\":\"2025-03-03T05:42:42+00:00\",\"mainEntityOfPage\":{\"@id\":\"https:\/\/www.sonoraenequipo.com.mx\/gobernador-durazo-y-foxconn-consolidan-inversiones-de-electromovilidad-con-el-plan-sonora\/\"},\"wordCount\":301,\"commentCount\":0,\"publisher\":{\"@id\":\"https:\/\/www.sonoraenequipo.com.mx\/#organization\"},\"image\":{\"@id\":\"https:\/\/www.sonoraenequipo.com.mx\/gobernador-durazo-y-foxconn-consolidan-inversiones-de-electromovilidad-con-el-plan-sonora\/#primaryimage\"},\"thumbnailUrl\":\"https:\/\/www.sonoraenequipo.com.mx\/storage\/2025\/03\/electromovilidad-con-el-Plan-Sonora-min.jpg\",\"articleSection\":[\"Sonora\"],\"inLanguage\":\"es\",\"potentialAction\":[{\"@type\":\"CommentAction\",\"name\":\"Comment\",\"target\":[\"https:\/\/www.sonoraenequipo.com.mx\/gobernador-durazo-y-foxconn-consolidan-inversiones-de-electromovilidad-con-el-plan-sonora\/#respond\"]}]},{\"@type\":\"WebPage\",\"@id\":\"https:\/\/www.sonoraenequipo.com.mx\/gobernador-durazo-y-foxconn-consolidan-inversiones-de-electromovilidad-con-el-plan-sonora\/\",\"url\":\"https:\/\/www.sonoraenequipo.com.mx\/gobernador-durazo-y-foxconn-consolidan-inversiones-de-electromovilidad-con-el-plan-sonora\/\",\"name\":\"Sonora en Equipo. Gobernador Durazo y Foxconn consolidan inversiones de electromovilidad con el Plan Sonora Sonora\",\"isPartOf\":{\"@id\":\"https:\/\/www.sonoraenequipo.com.mx\/#website\"},\"primaryImageOfPage\":{\"@id\":\"https:\/\/www.sonoraenequipo.com.mx\/gobernador-durazo-y-foxconn-consolidan-inversiones-de-electromovilidad-con-el-plan-sonora\/#primaryimage\"},\"image\":{\"@id\":\"https:\/\/www.sonoraenequipo.com.mx\/gobernador-durazo-y-foxconn-consolidan-inversiones-de-electromovilidad-con-el-plan-sonora\/#primaryimage\"},\"thumbnailUrl\":\"https:\/\/www.sonoraenequipo.com.mx\/storage\/2025\/03\/electromovilidad-con-el-Plan-Sonora-min.jpg\",\"datePublished\":\"2025-03-02T22:30:26+00:00\",\"dateModified\":\"2025-03-03T05:42:42+00:00\",\"description\":\"HERMOSILLO, SONORA.MX. \u2014 En el marco de las acciones para fortalecer la atracci\u00f3n de inversi\u00f3n en Sonora y consolidar a la entidad como un referente en En Sonora en Equipo publicamos toda la informaci\u00f3n de Sonora, M\u00e9xico y el Mundo de manera oportuna y busca que la libertad de expresi\u00f3n sea real. Visita nuestro medio informativo publicado desde Hermosillo, Sonora. %\",\"breadcrumb\":{\"@id\":\"https:\/\/www.sonoraenequipo.com.mx\/gobernador-durazo-y-foxconn-consolidan-inversiones-de-electromovilidad-con-el-plan-sonora\/#breadcrumb\"},\"inLanguage\":\"es\",\"potentialAction\":[{\"@type\":\"ReadAction\",\"target\":[\"https:\/\/www.sonoraenequipo.com.mx\/gobernador-durazo-y-foxconn-consolidan-inversiones-de-electromovilidad-con-el-plan-sonora\/\"]}]},{\"@type\":\"ImageObject\",\"inLanguage\":\"es\",\"@id\":\"https:\/\/www.sonoraenequipo.com.mx\/gobernador-durazo-y-foxconn-consolidan-inversiones-de-electromovilidad-con-el-plan-sonora\/#primaryimage\",\"url\":\"https:\/\/www.sonoraenequipo.com.mx\/storage\/2025\/03\/electromovilidad-con-el-Plan-Sonora-min.jpg\",\"contentUrl\":\"https:\/\/www.sonoraenequipo.com.mx\/storage\/2025\/03\/electromovilidad-con-el-Plan-Sonora-min.jpg\",\"width\":1000,\"height\":608},{\"@type\":\"BreadcrumbList\",\"@id\":\"https:\/\/www.sonoraenequipo.com.mx\/gobernador-durazo-y-foxconn-consolidan-inversiones-de-electromovilidad-con-el-plan-sonora\/#breadcrumb\",\"itemListElement\":[{\"@type\":\"ListItem\",\"position\":1,\"name\":\"Portada\",\"item\":\"https:\/\/www.sonoraenequipo.com.mx\/\"},{\"@type\":\"ListItem\",\"position\":2,\"name\":\"Gobernador Durazo y Foxconn consolidan inversiones de electromovilidad con el Plan Sonora\"}]},{\"@type\":\"WebSite\",\"@id\":\"https:\/\/www.sonoraenequipo.com.mx\/#website\",\"url\":\"https:\/\/www.sonoraenequipo.com.mx\/\",\"name\":\"Sonora en Equipo.\",\"description\":\"Diario en l\u00ednea con Noticias desde Hermosillo, Sonora\",\"publisher\":{\"@id\":\"https:\/\/www.sonoraenequipo.com.mx\/#organization\"},\"potentialAction\":[{\"@type\":\"SearchAction\",\"target\":{\"@type\":\"EntryPoint\",\"urlTemplate\":\"https:\/\/www.sonoraenequipo.com.mx\/?s={search_term_string}\"},\"query-input\":{\"@type\":\"PropertyValueSpecification\",\"valueRequired\":true,\"valueName\":\"search_term_string\"}}],\"inLanguage\":\"es\"},{\"@type\":\"Organization\",\"@id\":\"https:\/\/www.sonoraenequipo.com.mx\/#organization\",\"name\":\"Sonoraenequipo.com.mx\",\"url\":\"https:\/\/www.sonoraenequipo.com.mx\/\",\"logo\":{\"@type\":\"ImageObject\",\"inLanguage\":\"es\",\"@id\":\"https:\/\/www.sonoraenequipo.com.mx\/#\/schema\/logo\/image\/\",\"url\":\"https:\/\/www.sonoraenequipo.com.mx\/storage\/2019\/01\/sonoraenequipo_opt.png\",\"contentUrl\":\"https:\/\/www.sonoraenequipo.com.mx\/storage\/2019\/01\/sonoraenequipo_opt.png\",\"width\":375,\"height\":125,\"caption\":\"Sonoraenequipo.com.mx\"},\"image\":{\"@id\":\"https:\/\/www.sonoraenequipo.com.mx\/#\/schema\/logo\/image\/\"},\"sameAs\":[\"https:\/\/www.facebook.com\/SonoraEE\/\",\"https:\/\/x.com\/sonoraenequipo\",\"https:\/\/www.youtube.com\/channel\/UC338nW-lPEYmJQs4ZABQ1SQ\"]},{\"@type\":\"Person\",\"@id\":\"https:\/\/www.sonoraenequipo.com.mx\/#\/schema\/person\/50102df0fb23a8fa9e8effad8fa81386\",\"name\":\"enequipo\",\"image\":{\"@type\":\"ImageObject\",\"inLanguage\":\"es\",\"@id\":\"https:\/\/www.sonoraenequipo.com.mx\/#\/schema\/person\/image\/\",\"url\":\"https:\/\/secure.gravatar.com\/avatar\/049821681b589dabc0bc20695993ccebb09f5b5d4d790cd9251b97faac7c652b?s=96&d=blank&r=g\",\"contentUrl\":\"https:\/\/secure.gravatar.com\/avatar\/049821681b589dabc0bc20695993ccebb09f5b5d4d790cd9251b97faac7c652b?s=96&d=blank&r=g\",\"caption\":\"enequipo\"},\"sameAs\":[\"https:\/\/www.facebook.com\/SonoraEE\"]}]}<\/script>\n ","yoast_head_json":{"title":"Sonora en Equipo. Gobernador Durazo y Foxconn consolidan inversiones de electromovilidad con el Plan Sonora Sonora","description":"HERMOSILLO, SONORA.MX. \u2014 En el marco de las acciones para fortalecer la atracci\u00f3n de inversi\u00f3n en Sonora y consolidar a la entidad como un referente en En Sonora en Equipo publicamos toda la informaci\u00f3n de Sonora, M\u00e9xico y el Mundo de manera oportuna y busca que la libertad de expresi\u00f3n sea real. Visita nuestro medio informativo publicado desde Hermosillo, Sonora. %","robots":{"index":"index","follow":"follow","max-snippet":"max-snippet:-1","max-image-preview":"max-image-preview:large","max-video-preview":"max-video-preview:-1"},"canonical":"https:\/\/www.sonoraenequipo.com.mx\/gobernador-durazo-y-foxconn-consolidan-inversiones-de-electromovilidad-con-el-plan-sonora\/","og_locale":"es_ES","og_type":"article","og_title":"Sonora en Equipo. Gobernador Durazo y Foxconn consolidan inversiones de electromovilidad con el Plan Sonora Sonora","og_description":"HERMOSILLO, SONORA.MX. \u2014 En el marco de las acciones para fortalecer la atracci\u00f3n de inversi\u00f3n en Sonora y consolidar a la entidad como un referente en En Sonora en Equipo publicamos toda la informaci\u00f3n de Sonora, M\u00e9xico y el Mundo de manera oportuna y busca que la libertad de expresi\u00f3n sea real. Visita nuestro medio informativo publicado desde Hermosillo, Sonora. %","og_url":"https:\/\/www.sonoraenequipo.com.mx\/gobernador-durazo-y-foxconn-consolidan-inversiones-de-electromovilidad-con-el-plan-sonora\/","og_site_name":"Sonora en Equipo.","article_publisher":"https:\/\/www.facebook.com\/SonoraEE\/","article_author":"https:\/\/www.facebook.com\/SonoraEE","article_published_time":"2025-03-02T22:30:26+00:00","article_modified_time":"2025-03-03T05:42:42+00:00","og_image":[{"width":1000,"height":608,"url":"https:\/\/www.sonoraenequipo.com.mx\/storage\/2025\/03\/electromovilidad-con-el-Plan-Sonora-min.jpg","type":"image\/jpeg"}],"author":"enequipo","twitter_card":"summary_large_image","twitter_creator":"@sonoraenequipo","twitter_site":"@sonoraenequipo","twitter_misc":{"Escrito por":"enequipo","Tiempo de lectura":"1 minuto"},"schema":{"@context":"https:\/\/schema.org","@graph":[{"@type":"Article","@id":"https:\/\/www.sonoraenequipo.com.mx\/gobernador-durazo-y-foxconn-consolidan-inversiones-de-electromovilidad-con-el-plan-sonora\/#article","isPartOf":{"@id":"https:\/\/www.sonoraenequipo.com.mx\/gobernador-durazo-y-foxconn-consolidan-inversiones-de-electromovilidad-con-el-plan-sonora\/"},"author":{"name":"enequipo","@id":"https:\/\/www.sonoraenequipo.com.mx\/#\/schema\/person\/50102df0fb23a8fa9e8effad8fa81386"},"headline":"Gobernador Durazo y Foxconn consolidan inversiones de electromovilidad con el Plan Sonora","datePublished":"2025-03-02T22:30:26+00:00","dateModified":"2025-03-03T05:42:42+00:00","mainEntityOfPage":{"@id":"https:\/\/www.sonoraenequipo.com.mx\/gobernador-durazo-y-foxconn-consolidan-inversiones-de-electromovilidad-con-el-plan-sonora\/"},"wordCount":301,"commentCount":0,"publisher":{"@id":"https:\/\/www.sonoraenequipo.com.mx\/#organization"},"image":{"@id":"https:\/\/www.sonoraenequipo.com.mx\/gobernador-durazo-y-foxconn-consolidan-inversiones-de-electromovilidad-con-el-plan-sonora\/#primaryimage"},"thumbnailUrl":"https:\/\/www.sonoraenequipo.com.mx\/storage\/2025\/03\/electromovilidad-con-el-Plan-Sonora-min.jpg","articleSection":["Sonora"],"inLanguage":"es","potentialAction":[{"@type":"CommentAction","name":"Comment","target":["https:\/\/www.sonoraenequipo.com.mx\/gobernador-durazo-y-foxconn-consolidan-inversiones-de-electromovilidad-con-el-plan-sonora\/#respond"]}]},{"@type":"WebPage","@id":"https:\/\/www.sonoraenequipo.com.mx\/gobernador-durazo-y-foxconn-consolidan-inversiones-de-electromovilidad-con-el-plan-sonora\/","url":"https:\/\/www.sonoraenequipo.com.mx\/gobernador-durazo-y-foxconn-consolidan-inversiones-de-electromovilidad-con-el-plan-sonora\/","name":"Sonora en Equipo. Gobernador Durazo y Foxconn consolidan inversiones de electromovilidad con el Plan Sonora Sonora","isPartOf":{"@id":"https:\/\/www.sonoraenequipo.com.mx\/#website"},"primaryImageOfPage":{"@id":"https:\/\/www.sonoraenequipo.com.mx\/gobernador-durazo-y-foxconn-consolidan-inversiones-de-electromovilidad-con-el-plan-sonora\/#primaryimage"},"image":{"@id":"https:\/\/www.sonoraenequipo.com.mx\/gobernador-durazo-y-foxconn-consolidan-inversiones-de-electromovilidad-con-el-plan-sonora\/#primaryimage"},"thumbnailUrl":"https:\/\/www.sonoraenequipo.com.mx\/storage\/2025\/03\/electromovilidad-con-el-Plan-Sonora-min.jpg","datePublished":"2025-03-02T22:30:26+00:00","dateModified":"2025-03-03T05:42:42+00:00","description":"HERMOSILLO, SONORA.MX. \u2014 En el marco de las acciones para fortalecer la atracci\u00f3n de inversi\u00f3n en Sonora y consolidar a la entidad como un referente en En Sonora en Equipo publicamos toda la informaci\u00f3n de Sonora, M\u00e9xico y el Mundo de manera oportuna y busca que la libertad de expresi\u00f3n sea real. Visita nuestro medio informativo publicado desde Hermosillo, Sonora. %","breadcrumb":{"@id":"https:\/\/www.sonoraenequipo.com.mx\/gobernador-durazo-y-foxconn-consolidan-inversiones-de-electromovilidad-con-el-plan-sonora\/#breadcrumb"},"inLanguage":"es","potentialAction":[{"@type":"ReadAction","target":["https:\/\/www.sonoraenequipo.com.mx\/gobernador-durazo-y-foxconn-consolidan-inversiones-de-electromovilidad-con-el-plan-sonora\/"]}]},{"@type":"ImageObject","inLanguage":"es","@id":"https:\/\/www.sonoraenequipo.com.mx\/gobernador-durazo-y-foxconn-consolidan-inversiones-de-electromovilidad-con-el-plan-sonora\/#primaryimage","url":"https:\/\/www.sonoraenequipo.com.mx\/storage\/2025\/03\/electromovilidad-con-el-Plan-Sonora-min.jpg","contentUrl":"https:\/\/www.sonoraenequipo.com.mx\/storage\/2025\/03\/electromovilidad-con-el-Plan-Sonora-min.jpg","width":1000,"height":608},{"@type":"BreadcrumbList","@id":"https:\/\/www.sonoraenequipo.com.mx\/gobernador-durazo-y-foxconn-consolidan-inversiones-de-electromovilidad-con-el-plan-sonora\/#breadcrumb","itemListElement":[{"@type":"ListItem","position":1,"name":"Portada","item":"https:\/\/www.sonoraenequipo.com.mx\/"},{"@type":"ListItem","position":2,"name":"Gobernador Durazo y Foxconn consolidan inversiones de electromovilidad con el Plan Sonora"}]},{"@type":"WebSite","@id":"https:\/\/www.sonoraenequipo.com.mx\/#website","url":"https:\/\/www.sonoraenequipo.com.mx\/","name":"Sonora en Equipo.","description":"Diario en l\u00ednea con Noticias desde Hermosillo, Sonora","publisher":{"@id":"https:\/\/www.sonoraenequipo.com.mx\/#organization"},"potentialAction":[{"@type":"SearchAction","target":{"@type":"EntryPoint","urlTemplate":"https:\/\/www.sonoraenequipo.com.mx\/?s={search_term_string}"},"query-input":{"@type":"PropertyValueSpecification","valueRequired":true,"valueName":"search_term_string"}}],"inLanguage":"es"},{"@type":"Organization","@id":"https:\/\/www.sonoraenequipo.com.mx\/#organization","name":"Sonoraenequipo.com.mx","url":"https:\/\/www.sonoraenequipo.com.mx\/","logo":{"@type":"ImageObject","inLanguage":"es","@id":"https:\/\/www.sonoraenequipo.com.mx\/#\/schema\/logo\/image\/","url":"https:\/\/www.sonoraenequipo.com.mx\/storage\/2019\/01\/sonoraenequipo_opt.png","contentUrl":"https:\/\/www.sonoraenequipo.com.mx\/storage\/2019\/01\/sonoraenequipo_opt.png","width":375,"height":125,"caption":"Sonoraenequipo.com.mx"},"image":{"@id":"https:\/\/www.sonoraenequipo.com.mx\/#\/schema\/logo\/image\/"},"sameAs":["https:\/\/www.facebook.com\/SonoraEE\/","https:\/\/x.com\/sonoraenequipo","https:\/\/www.youtube.com\/channel\/UC338nW-lPEYmJQs4ZABQ1SQ"]},{"@type":"Person","@id":"https:\/\/www.sonoraenequipo.com.mx\/#\/schema\/person\/50102df0fb23a8fa9e8effad8fa81386","name":"enequipo","image":{"@type":"ImageObject","inLanguage":"es","@id":"https:\/\/www.sonoraenequipo.com.mx\/#\/schema\/person\/image\/","url":"https:\/\/secure.gravatar.com\/avatar\/049821681b589dabc0bc20695993ccebb09f5b5d4d790cd9251b97faac7c652b?s=96&d=blank&r=g","contentUrl":"https:\/\/secure.gravatar.com\/avatar\/049821681b589dabc0bc20695993ccebb09f5b5d4d790cd9251b97faac7c652b?s=96&d=blank&r=g","caption":"enequipo"},"sameAs":["https:\/\/www.facebook.com\/SonoraEE"]}]}},"jetpack_featured_media_url":"https:\/\/www.sonoraenequipo.com.mx\/storage\/2025\/03\/electromovilidad-con-el-Plan-Sonora-min.jpg","_links":{"self":[{"href":"https:\/\/www.sonoraenequipo.com.mx\/api\/wp\/v2\/posts\/210605","targetHints":{"allow":["GET"]}}],"collection":[{"href":"https:\/\/www.sonoraenequipo.com.mx\/api\/wp\/v2\/posts"}],"about":[{"href":"https:\/\/www.sonoraenequipo.com.mx\/api\/wp\/v2\/types\/post"}],"author":[{"embeddable":true,"href":"https:\/\/www.sonoraenequipo.com.mx\/api\/wp\/v2\/users\/1"}],"replies":[{"embeddable":true,"href":"https:\/\/www.sonoraenequipo.com.mx\/api\/wp\/v2\/comments?post=210605"}],"version-history":[{"count":3,"href":"https:\/\/www.sonoraenequipo.com.mx\/api\/wp\/v2\/posts\/210605\/revisions"}],"predecessor-version":[{"id":210618,"href":"https:\/\/www.sonoraenequipo.com.mx\/api\/wp\/v2\/posts\/210605\/revisions\/210618"}],"wp:featuredmedia":[{"embeddable":true,"href":"https:\/\/www.sonoraenequipo.com.mx\/api\/wp\/v2\/media\/210613"}],"wp:attachment":[{"href":"https:\/\/www.sonoraenequipo.com.mx\/api\/wp\/v2\/media?parent=210605"}],"wp:term":[{"taxonomy":"category","embeddable":true,"href":"https:\/\/www.sonoraenequipo.com.mx\/api\/wp\/v2\/categories?post=210605"},{"taxonomy":"post_tag","embeddable":true,"href":"https:\/\/www.sonoraenequipo.com.mx\/api\/wp\/v2\/tags?post=210605"}],"curies":[{"name":"wp","href":"https:\/\/api.w.org\/{rel}","templated":true}]}}