{"id":210611,"date":"2025-03-02T16:23:20","date_gmt":"2025-03-02T23:23:20","guid":{"rendered":"https:\/\/www.sonoraenequipo.com.mx\/?p=210611"},"modified":"2025-03-02T22:40:10","modified_gmt":"2025-03-03T05:40:10","slug":"organiza-sec-foro-estatal-para-la-construccion-del-nuevo-sistema-para-las-maestras-y-los-maestros","status":"publish","type":"post","link":"https:\/\/www.sonoraenequipo.com.mx\/organiza-sec-foro-estatal-para-la-construccion-del-nuevo-sistema-para-las-maestras-y-los-maestros\/","title":{"rendered":"Organiza SEC Foro Estatal para la Construcci\u00f3n del Nuevo Sistema para las Maestras y los Maestros"},"content":{"rendered":"<p><strong>HERMOSILLO, SONORA. MX. \u2014&nbsp;<\/strong> En cumplimiento al compromiso de la presidenta Claudia Sheinbaum, de eliminar la Unidad del Sistema para la Carrera de Maestras y Maestros (Usicamm), el Gobierno de Sonora, a trav\u00e9s de la Secretar\u00eda de Educaci\u00f3n y Cultura (SEC), organiz\u00f3 el Foro Estatal para la Construcci\u00f3n del Nuevo Sistema para las Maestras y los Maestros.<\/p>\n<p>&nbsp;<\/p>\n<p>&nbsp;<\/p>\n<p>&nbsp;<\/p>\n<p> <\/p>\n<p>El titular de la SEC, Froyl\u00e1n G\u00e1mez Gamboa, acompa\u00f1ado de Manuel Rodr\u00edguez Gonz\u00e1lez, director general de Admisi\u00f3n de la Usicamm, encabez\u00f3 el evento en el que reiter\u00f3 el inter\u00e9s del gobernador Alfonso Durazo de respaldar los esfuerzos del Gobierno de M\u00e9xico para crear un sistema transparente, justo y equitativo, libre de cualquier irregularidad que afecte la labor docente.<\/p>\n<p>&nbsp;<\/p>\n<p>&nbsp;<\/p>\n<p>&nbsp;<\/p>\n<p>G\u00e1mez Gamboa a\u00f1adi\u00f3 que no habr\u00e1 cabida para la corrupci\u00f3n ni para los favoritismos y refrend\u00f3 que como autoridad educativa local se garantizar\u00e1 un trabajo con transparencia y apego a los principios de la equidad y la justicia.<\/p>\n<p>&nbsp;<\/p>\n<p>&nbsp;<\/p>\n<p>&nbsp;<\/p>\n<p>Para el desarrollo del Foro se establecieron cinco mesas de di\u00e1logos donde se abordaron temas como transparencia y responsabilidades; elementos de valoraci\u00f3n; mejoras en los procesos, participaci\u00f3n de maestras y maestros, as\u00ed como pueblos y comunidades ind\u00edgenas y afroamericanas, personas con discapacidad.<\/p>\n<p>&nbsp;<\/p>\n<p>&nbsp;<\/p>\n<p>&nbsp;<\/p>\n<p>Al evento fueron convocados personal docente y con funciones de direcci\u00f3n, subdirecci\u00f3n o supervisi\u00f3n, as\u00ed como de representantes de instituciones acad\u00e9micas de nivel medio superior y superior, estudiantes normalistas, organizaciones de la sociedad civil, madres y padres de familia, adem\u00e1s de representantes sindicales.<\/p>\n<p>&nbsp;<\/p>\n<p>&nbsp;<\/p>\n<p>&nbsp;<\/p>\n<p>Destac\u00f3 la colaboraci\u00f3n de la representaci\u00f3n del Sindicato Nacional de Trabajadores de la Educaci\u00f3n (SNTE), as\u00ed como del Frente Nacional de Sindicatos de Educaci\u00f3n Media Superior (Fnsems).<\/p>\n<p>&nbsp;<\/p>\n<p>&nbsp;<\/p>\n<p>PUBLICADO EL 02 DE MARZO DE Con informaci\u00f3n de GOBSON 0325005)<\/p>\n","protected":false},"excerpt":{"rendered":"<p>HERMOSILLO, SONORA. MX. \u2014&nbsp; En cumplimiento al compromiso de la presidenta Claudia Sheinbaum, de eliminar&#8230;<\/p>\n","protected":false},"author":1,"featured_media":210612,"comment_status":"open","ping_status":"open","sticky":false,"template":"","format":"standard","meta":{"_monsterinsights_skip_tracking":false,"_monsterinsights_sitenote_active":false,"_monsterinsights_sitenote_note":"","_monsterinsights_sitenote_category":0,"footnotes":""},"categories":[22],"tags":[],"class_list":["post"],"yoast_head":" \n<title>Sonora en Equipo. Organiza SEC Foro Estatal para la Construcci\u00f3n del Nuevo Sistema para las Maestras y los Maestros Sonora<\/title>\n<meta name=\"description\" content=\"HERMOSILLO, SONORA. MX. \u2014&nbsp; En cumplimiento al compromiso de la presidenta Claudia Sheinbaum, de eliminar la Unidad del Sistema para la Carrera de En Sonora en Equipo publicamos toda la informaci\u00f3n de Sonora, M\u00e9xico y el Mundo de manera oportuna y busca que la libertad de expresi\u00f3n sea real. Visita nuestro medio informativo publicado desde Hermosillo, Sonora. %\" \/>\n<meta name=\"robots\" content=\"index, follow, max-snippet:-1, max-image-preview:large, max-video-preview:-1\" \/>\n<link rel=\"canonical\" href=\"https:\/\/www.sonoraenequipo.com.mx\/organiza-sec-foro-estatal-para-la-construccion-del-nuevo-sistema-para-las-maestras-y-los-maestros\/\" \/>\n<meta property=\"og:locale\" content=\"es_ES\" \/>\n<meta property=\"og:type\" content=\"article\" \/>\n<meta property=\"og:title\" content=\"Sonora en Equipo. Organiza SEC Foro Estatal para la Construcci\u00f3n del Nuevo Sistema para las Maestras y los Maestros Sonora\" \/>\n<meta property=\"og:description\" content=\"HERMOSILLO, SONORA. MX. \u2014&nbsp; En cumplimiento al compromiso de la presidenta Claudia Sheinbaum, de eliminar la Unidad del Sistema para la Carrera de En Sonora en Equipo publicamos toda la informaci\u00f3n de Sonora, M\u00e9xico y el Mundo de manera oportuna y busca que la libertad de expresi\u00f3n sea real. Visita nuestro medio informativo publicado desde Hermosillo, Sonora. %\" \/>\n<meta property=\"og:url\" content=\"https:\/\/www.sonoraenequipo.com.mx\/organiza-sec-foro-estatal-para-la-construccion-del-nuevo-sistema-para-las-maestras-y-los-maestros\/\" \/>\n<meta property=\"og:site_name\" content=\"Sonora en Equipo.\" \/>\n<meta property=\"article:publisher\" content=\"https:\/\/www.facebook.com\/SonoraEE\/\" \/>\n<meta property=\"article:author\" content=\"https:\/\/www.facebook.com\/SonoraEE\" \/>\n<meta property=\"article:published_time\" content=\"2025-03-02T23:23:20+00:00\" \/>\n<meta property=\"article:modified_time\" content=\"2025-03-03T05:40:10+00:00\" \/>\n<meta property=\"og:image\" content=\"https:\/\/www.sonoraenequipo.com.mx\/storage\/2025\/03\/Nuevo-Sistema-para-Maestras-y-Maestros-min.jpg\" \/>\n\t<meta property=\"og:image:width\" content=\"1000\" \/>\n\t<meta property=\"og:image:height\" content=\"666\" \/>\n\t<meta property=\"og:image:type\" content=\"image\/jpeg\" \/>\n<meta name=\"author\" content=\"enequipo\" \/>\n<meta name=\"twitter:card\" content=\"summary_large_image\" \/>\n<meta name=\"twitter:creator\" content=\"@sonoraenequipo\" \/>\n<meta name=\"twitter:site\" content=\"@sonoraenequipo\" \/>\n<meta name=\"twitter:label1\" content=\"Escrito por\" \/>\n\t<meta name=\"twitter:data1\" content=\"enequipo\" \/>\n\t<meta name=\"twitter:label2\" content=\"Tiempo de lectura\" \/>\n\t<meta name=\"twitter:data2\" content=\"2 minutos\" \/>\n<script type=\"application\/ld+json\" class=\"yoast-schema-graph\">{\"@context\":\"https:\/\/schema.org\",\"@graph\":[{\"@type\":\"Article\",\"@id\":\"https:\/\/www.sonoraenequipo.com.mx\/organiza-sec-foro-estatal-para-la-construccion-del-nuevo-sistema-para-las-maestras-y-los-maestros\/#article\",\"isPartOf\":{\"@id\":\"https:\/\/www.sonoraenequipo.com.mx\/organiza-sec-foro-estatal-para-la-construccion-del-nuevo-sistema-para-las-maestras-y-los-maestros\/\"},\"author\":{\"name\":\"enequipo\",\"@id\":\"https:\/\/www.sonoraenequipo.com.mx\/#\/schema\/person\/50102df0fb23a8fa9e8effad8fa81386\"},\"headline\":\"Organiza SEC Foro Estatal para la Construcci\u00f3n del Nuevo Sistema para las Maestras y los Maestros\",\"datePublished\":\"2025-03-02T23:23:20+00:00\",\"dateModified\":\"2025-03-03T05:40:10+00:00\",\"mainEntityOfPage\":{\"@id\":\"https:\/\/www.sonoraenequipo.com.mx\/organiza-sec-foro-estatal-para-la-construccion-del-nuevo-sistema-para-las-maestras-y-los-maestros\/\"},\"wordCount\":337,\"commentCount\":0,\"publisher\":{\"@id\":\"https:\/\/www.sonoraenequipo.com.mx\/#organization\"},\"image\":{\"@id\":\"https:\/\/www.sonoraenequipo.com.mx\/organiza-sec-foro-estatal-para-la-construccion-del-nuevo-sistema-para-las-maestras-y-los-maestros\/#primaryimage\"},\"thumbnailUrl\":\"https:\/\/www.sonoraenequipo.com.mx\/storage\/2025\/03\/Nuevo-Sistema-para-Maestras-y-Maestros-min.jpg\",\"articleSection\":[\"Sonora\"],\"inLanguage\":\"es\",\"potentialAction\":[{\"@type\":\"CommentAction\",\"name\":\"Comment\",\"target\":[\"https:\/\/www.sonoraenequipo.com.mx\/organiza-sec-foro-estatal-para-la-construccion-del-nuevo-sistema-para-las-maestras-y-los-maestros\/#respond\"]}]},{\"@type\":\"WebPage\",\"@id\":\"https:\/\/www.sonoraenequipo.com.mx\/organiza-sec-foro-estatal-para-la-construccion-del-nuevo-sistema-para-las-maestras-y-los-maestros\/\",\"url\":\"https:\/\/www.sonoraenequipo.com.mx\/organiza-sec-foro-estatal-para-la-construccion-del-nuevo-sistema-para-las-maestras-y-los-maestros\/\",\"name\":\"Sonora en Equipo. Organiza SEC Foro Estatal para la Construcci\u00f3n del Nuevo Sistema para las Maestras y los Maestros Sonora\",\"isPartOf\":{\"@id\":\"https:\/\/www.sonoraenequipo.com.mx\/#website\"},\"primaryImageOfPage\":{\"@id\":\"https:\/\/www.sonoraenequipo.com.mx\/organiza-sec-foro-estatal-para-la-construccion-del-nuevo-sistema-para-las-maestras-y-los-maestros\/#primaryimage\"},\"image\":{\"@id\":\"https:\/\/www.sonoraenequipo.com.mx\/organiza-sec-foro-estatal-para-la-construccion-del-nuevo-sistema-para-las-maestras-y-los-maestros\/#primaryimage\"},\"thumbnailUrl\":\"https:\/\/www.sonoraenequipo.com.mx\/storage\/2025\/03\/Nuevo-Sistema-para-Maestras-y-Maestros-min.jpg\",\"datePublished\":\"2025-03-02T23:23:20+00:00\",\"dateModified\":\"2025-03-03T05:40:10+00:00\",\"description\":\"HERMOSILLO, SONORA. MX. \u2014&nbsp; En cumplimiento al compromiso de la presidenta Claudia Sheinbaum, de eliminar la Unidad del Sistema para la Carrera de En Sonora en Equipo publicamos toda la informaci\u00f3n de Sonora, M\u00e9xico y el Mundo de manera oportuna y busca que la libertad de expresi\u00f3n sea real. Visita nuestro medio informativo publicado desde Hermosillo, Sonora. %\",\"breadcrumb\":{\"@id\":\"https:\/\/www.sonoraenequipo.com.mx\/organiza-sec-foro-estatal-para-la-construccion-del-nuevo-sistema-para-las-maestras-y-los-maestros\/#breadcrumb\"},\"inLanguage\":\"es\",\"potentialAction\":[{\"@type\":\"ReadAction\",\"target\":[\"https:\/\/www.sonoraenequipo.com.mx\/organiza-sec-foro-estatal-para-la-construccion-del-nuevo-sistema-para-las-maestras-y-los-maestros\/\"]}]},{\"@type\":\"ImageObject\",\"inLanguage\":\"es\",\"@id\":\"https:\/\/www.sonoraenequipo.com.mx\/organiza-sec-foro-estatal-para-la-construccion-del-nuevo-sistema-para-las-maestras-y-los-maestros\/#primaryimage\",\"url\":\"https:\/\/www.sonoraenequipo.com.mx\/storage\/2025\/03\/Nuevo-Sistema-para-Maestras-y-Maestros-min.jpg\",\"contentUrl\":\"https:\/\/www.sonoraenequipo.com.mx\/storage\/2025\/03\/Nuevo-Sistema-para-Maestras-y-Maestros-min.jpg\",\"width\":1000,\"height\":666},{\"@type\":\"BreadcrumbList\",\"@id\":\"https:\/\/www.sonoraenequipo.com.mx\/organiza-sec-foro-estatal-para-la-construccion-del-nuevo-sistema-para-las-maestras-y-los-maestros\/#breadcrumb\",\"itemListElement\":[{\"@type\":\"ListItem\",\"position\":1,\"name\":\"Portada\",\"item\":\"https:\/\/www.sonoraenequipo.com.mx\/\"},{\"@type\":\"ListItem\",\"position\":2,\"name\":\"Organiza SEC Foro Estatal para la Construcci\u00f3n del Nuevo Sistema para las Maestras y los Maestros\"}]},{\"@type\":\"WebSite\",\"@id\":\"https:\/\/www.sonoraenequipo.com.mx\/#website\",\"url\":\"https:\/\/www.sonoraenequipo.com.mx\/\",\"name\":\"Sonora en Equipo.\",\"description\":\"Diario en l\u00ednea con Noticias desde Hermosillo, Sonora\",\"publisher\":{\"@id\":\"https:\/\/www.sonoraenequipo.com.mx\/#organization\"},\"potentialAction\":[{\"@type\":\"SearchAction\",\"target\":{\"@type\":\"EntryPoint\",\"urlTemplate\":\"https:\/\/www.sonoraenequipo.com.mx\/?s={search_term_string}\"},\"query-input\":{\"@type\":\"PropertyValueSpecification\",\"valueRequired\":true,\"valueName\":\"search_term_string\"}}],\"inLanguage\":\"es\"},{\"@type\":\"Organization\",\"@id\":\"https:\/\/www.sonoraenequipo.com.mx\/#organization\",\"name\":\"Sonoraenequipo.com.mx\",\"url\":\"https:\/\/www.sonoraenequipo.com.mx\/\",\"logo\":{\"@type\":\"ImageObject\",\"inLanguage\":\"es\",\"@id\":\"https:\/\/www.sonoraenequipo.com.mx\/#\/schema\/logo\/image\/\",\"url\":\"https:\/\/www.sonoraenequipo.com.mx\/storage\/2019\/01\/sonoraenequipo_opt.png\",\"contentUrl\":\"https:\/\/www.sonoraenequipo.com.mx\/storage\/2019\/01\/sonoraenequipo_opt.png\",\"width\":375,\"height\":125,\"caption\":\"Sonoraenequipo.com.mx\"},\"image\":{\"@id\":\"https:\/\/www.sonoraenequipo.com.mx\/#\/schema\/logo\/image\/\"},\"sameAs\":[\"https:\/\/www.facebook.com\/SonoraEE\/\",\"https:\/\/x.com\/sonoraenequipo\",\"https:\/\/www.youtube.com\/channel\/UC338nW-lPEYmJQs4ZABQ1SQ\"]},{\"@type\":\"Person\",\"@id\":\"https:\/\/www.sonoraenequipo.com.mx\/#\/schema\/person\/50102df0fb23a8fa9e8effad8fa81386\",\"name\":\"enequipo\",\"image\":{\"@type\":\"ImageObject\",\"inLanguage\":\"es\",\"@id\":\"https:\/\/www.sonoraenequipo.com.mx\/#\/schema\/person\/image\/\",\"url\":\"https:\/\/secure.gravatar.com\/avatar\/049821681b589dabc0bc20695993ccebb09f5b5d4d790cd9251b97faac7c652b?s=96&d=blank&r=g\",\"contentUrl\":\"https:\/\/secure.gravatar.com\/avatar\/049821681b589dabc0bc20695993ccebb09f5b5d4d790cd9251b97faac7c652b?s=96&d=blank&r=g\",\"caption\":\"enequipo\"},\"sameAs\":[\"https:\/\/www.facebook.com\/SonoraEE\"]}]}<\/script>\n ","yoast_head_json":{"title":"Sonora en Equipo. Organiza SEC Foro Estatal para la Construcci\u00f3n del Nuevo Sistema para las Maestras y los Maestros Sonora","description":"HERMOSILLO, SONORA. MX. \u2014&nbsp; En cumplimiento al compromiso de la presidenta Claudia Sheinbaum, de eliminar la Unidad del Sistema para la Carrera de En Sonora en Equipo publicamos toda la informaci\u00f3n de Sonora, M\u00e9xico y el Mundo de manera oportuna y busca que la libertad de expresi\u00f3n sea real. Visita nuestro medio informativo publicado desde Hermosillo, Sonora. %","robots":{"index":"index","follow":"follow","max-snippet":"max-snippet:-1","max-image-preview":"max-image-preview:large","max-video-preview":"max-video-preview:-1"},"canonical":"https:\/\/www.sonoraenequipo.com.mx\/organiza-sec-foro-estatal-para-la-construccion-del-nuevo-sistema-para-las-maestras-y-los-maestros\/","og_locale":"es_ES","og_type":"article","og_title":"Sonora en Equipo. Organiza SEC Foro Estatal para la Construcci\u00f3n del Nuevo Sistema para las Maestras y los Maestros Sonora","og_description":"HERMOSILLO, SONORA. MX. \u2014&nbsp; En cumplimiento al compromiso de la presidenta Claudia Sheinbaum, de eliminar la Unidad del Sistema para la Carrera de En Sonora en Equipo publicamos toda la informaci\u00f3n de Sonora, M\u00e9xico y el Mundo de manera oportuna y busca que la libertad de expresi\u00f3n sea real. Visita nuestro medio informativo publicado desde Hermosillo, Sonora. %","og_url":"https:\/\/www.sonoraenequipo.com.mx\/organiza-sec-foro-estatal-para-la-construccion-del-nuevo-sistema-para-las-maestras-y-los-maestros\/","og_site_name":"Sonora en Equipo.","article_publisher":"https:\/\/www.facebook.com\/SonoraEE\/","article_author":"https:\/\/www.facebook.com\/SonoraEE","article_published_time":"2025-03-02T23:23:20+00:00","article_modified_time":"2025-03-03T05:40:10+00:00","og_image":[{"width":1000,"height":666,"url":"https:\/\/www.sonoraenequipo.com.mx\/storage\/2025\/03\/Nuevo-Sistema-para-Maestras-y-Maestros-min.jpg","type":"image\/jpeg"}],"author":"enequipo","twitter_card":"summary_large_image","twitter_creator":"@sonoraenequipo","twitter_site":"@sonoraenequipo","twitter_misc":{"Escrito por":"enequipo","Tiempo de lectura":"2 minutos"},"schema":{"@context":"https:\/\/schema.org","@graph":[{"@type":"Article","@id":"https:\/\/www.sonoraenequipo.com.mx\/organiza-sec-foro-estatal-para-la-construccion-del-nuevo-sistema-para-las-maestras-y-los-maestros\/#article","isPartOf":{"@id":"https:\/\/www.sonoraenequipo.com.mx\/organiza-sec-foro-estatal-para-la-construccion-del-nuevo-sistema-para-las-maestras-y-los-maestros\/"},"author":{"name":"enequipo","@id":"https:\/\/www.sonoraenequipo.com.mx\/#\/schema\/person\/50102df0fb23a8fa9e8effad8fa81386"},"headline":"Organiza SEC Foro Estatal para la Construcci\u00f3n del Nuevo Sistema para las Maestras y los Maestros","datePublished":"2025-03-02T23:23:20+00:00","dateModified":"2025-03-03T05:40:10+00:00","mainEntityOfPage":{"@id":"https:\/\/www.sonoraenequipo.com.mx\/organiza-sec-foro-estatal-para-la-construccion-del-nuevo-sistema-para-las-maestras-y-los-maestros\/"},"wordCount":337,"commentCount":0,"publisher":{"@id":"https:\/\/www.sonoraenequipo.com.mx\/#organization"},"image":{"@id":"https:\/\/www.sonoraenequipo.com.mx\/organiza-sec-foro-estatal-para-la-construccion-del-nuevo-sistema-para-las-maestras-y-los-maestros\/#primaryimage"},"thumbnailUrl":"https:\/\/www.sonoraenequipo.com.mx\/storage\/2025\/03\/Nuevo-Sistema-para-Maestras-y-Maestros-min.jpg","articleSection":["Sonora"],"inLanguage":"es","potentialAction":[{"@type":"CommentAction","name":"Comment","target":["https:\/\/www.sonoraenequipo.com.mx\/organiza-sec-foro-estatal-para-la-construccion-del-nuevo-sistema-para-las-maestras-y-los-maestros\/#respond"]}]},{"@type":"WebPage","@id":"https:\/\/www.sonoraenequipo.com.mx\/organiza-sec-foro-estatal-para-la-construccion-del-nuevo-sistema-para-las-maestras-y-los-maestros\/","url":"https:\/\/www.sonoraenequipo.com.mx\/organiza-sec-foro-estatal-para-la-construccion-del-nuevo-sistema-para-las-maestras-y-los-maestros\/","name":"Sonora en Equipo. Organiza SEC Foro Estatal para la Construcci\u00f3n del Nuevo Sistema para las Maestras y los Maestros Sonora","isPartOf":{"@id":"https:\/\/www.sonoraenequipo.com.mx\/#website"},"primaryImageOfPage":{"@id":"https:\/\/www.sonoraenequipo.com.mx\/organiza-sec-foro-estatal-para-la-construccion-del-nuevo-sistema-para-las-maestras-y-los-maestros\/#primaryimage"},"image":{"@id":"https:\/\/www.sonoraenequipo.com.mx\/organiza-sec-foro-estatal-para-la-construccion-del-nuevo-sistema-para-las-maestras-y-los-maestros\/#primaryimage"},"thumbnailUrl":"https:\/\/www.sonoraenequipo.com.mx\/storage\/2025\/03\/Nuevo-Sistema-para-Maestras-y-Maestros-min.jpg","datePublished":"2025-03-02T23:23:20+00:00","dateModified":"2025-03-03T05:40:10+00:00","description":"HERMOSILLO, SONORA. MX. \u2014&nbsp; En cumplimiento al compromiso de la presidenta Claudia Sheinbaum, de eliminar la Unidad del Sistema para la Carrera de En Sonora en Equipo publicamos toda la informaci\u00f3n de Sonora, M\u00e9xico y el Mundo de manera oportuna y busca que la libertad de expresi\u00f3n sea real. Visita nuestro medio informativo publicado desde Hermosillo, Sonora. %","breadcrumb":{"@id":"https:\/\/www.sonoraenequipo.com.mx\/organiza-sec-foro-estatal-para-la-construccion-del-nuevo-sistema-para-las-maestras-y-los-maestros\/#breadcrumb"},"inLanguage":"es","potentialAction":[{"@type":"ReadAction","target":["https:\/\/www.sonoraenequipo.com.mx\/organiza-sec-foro-estatal-para-la-construccion-del-nuevo-sistema-para-las-maestras-y-los-maestros\/"]}]},{"@type":"ImageObject","inLanguage":"es","@id":"https:\/\/www.sonoraenequipo.com.mx\/organiza-sec-foro-estatal-para-la-construccion-del-nuevo-sistema-para-las-maestras-y-los-maestros\/#primaryimage","url":"https:\/\/www.sonoraenequipo.com.mx\/storage\/2025\/03\/Nuevo-Sistema-para-Maestras-y-Maestros-min.jpg","contentUrl":"https:\/\/www.sonoraenequipo.com.mx\/storage\/2025\/03\/Nuevo-Sistema-para-Maestras-y-Maestros-min.jpg","width":1000,"height":666},{"@type":"BreadcrumbList","@id":"https:\/\/www.sonoraenequipo.com.mx\/organiza-sec-foro-estatal-para-la-construccion-del-nuevo-sistema-para-las-maestras-y-los-maestros\/#breadcrumb","itemListElement":[{"@type":"ListItem","position":1,"name":"Portada","item":"https:\/\/www.sonoraenequipo.com.mx\/"},{"@type":"ListItem","position":2,"name":"Organiza SEC Foro Estatal para la Construcci\u00f3n del Nuevo Sistema para las Maestras y los Maestros"}]},{"@type":"WebSite","@id":"https:\/\/www.sonoraenequipo.com.mx\/#website","url":"https:\/\/www.sonoraenequipo.com.mx\/","name":"Sonora en Equipo.","description":"Diario en l\u00ednea con Noticias desde Hermosillo, Sonora","publisher":{"@id":"https:\/\/www.sonoraenequipo.com.mx\/#organization"},"potentialAction":[{"@type":"SearchAction","target":{"@type":"EntryPoint","urlTemplate":"https:\/\/www.sonoraenequipo.com.mx\/?s={search_term_string}"},"query-input":{"@type":"PropertyValueSpecification","valueRequired":true,"valueName":"search_term_string"}}],"inLanguage":"es"},{"@type":"Organization","@id":"https:\/\/www.sonoraenequipo.com.mx\/#organization","name":"Sonoraenequipo.com.mx","url":"https:\/\/www.sonoraenequipo.com.mx\/","logo":{"@type":"ImageObject","inLanguage":"es","@id":"https:\/\/www.sonoraenequipo.com.mx\/#\/schema\/logo\/image\/","url":"https:\/\/www.sonoraenequipo.com.mx\/storage\/2019\/01\/sonoraenequipo_opt.png","contentUrl":"https:\/\/www.sonoraenequipo.com.mx\/storage\/2019\/01\/sonoraenequipo_opt.png","width":375,"height":125,"caption":"Sonoraenequipo.com.mx"},"image":{"@id":"https:\/\/www.sonoraenequipo.com.mx\/#\/schema\/logo\/image\/"},"sameAs":["https:\/\/www.facebook.com\/SonoraEE\/","https:\/\/x.com\/sonoraenequipo","https:\/\/www.youtube.com\/channel\/UC338nW-lPEYmJQs4ZABQ1SQ"]},{"@type":"Person","@id":"https:\/\/www.sonoraenequipo.com.mx\/#\/schema\/person\/50102df0fb23a8fa9e8effad8fa81386","name":"enequipo","image":{"@type":"ImageObject","inLanguage":"es","@id":"https:\/\/www.sonoraenequipo.com.mx\/#\/schema\/person\/image\/","url":"https:\/\/secure.gravatar.com\/avatar\/049821681b589dabc0bc20695993ccebb09f5b5d4d790cd9251b97faac7c652b?s=96&d=blank&r=g","contentUrl":"https:\/\/secure.gravatar.com\/avatar\/049821681b589dabc0bc20695993ccebb09f5b5d4d790cd9251b97faac7c652b?s=96&d=blank&r=g","caption":"enequipo"},"sameAs":["https:\/\/www.facebook.com\/SonoraEE"]}]}},"jetpack_featured_media_url":"https:\/\/www.sonoraenequipo.com.mx\/storage\/2025\/03\/Nuevo-Sistema-para-Maestras-y-Maestros-min.jpg","_links":{"self":[{"href":"https:\/\/www.sonoraenequipo.com.mx\/api\/wp\/v2\/posts\/210611","targetHints":{"allow":["GET"]}}],"collection":[{"href":"https:\/\/www.sonoraenequipo.com.mx\/api\/wp\/v2\/posts"}],"about":[{"href":"https:\/\/www.sonoraenequipo.com.mx\/api\/wp\/v2\/types\/post"}],"author":[{"embeddable":true,"href":"https:\/\/www.sonoraenequipo.com.mx\/api\/wp\/v2\/users\/1"}],"replies":[{"embeddable":true,"href":"https:\/\/www.sonoraenequipo.com.mx\/api\/wp\/v2\/comments?post=210611"}],"version-history":[{"count":2,"href":"https:\/\/www.sonoraenequipo.com.mx\/api\/wp\/v2\/posts\/210611\/revisions"}],"predecessor-version":[{"id":210615,"href":"https:\/\/www.sonoraenequipo.com.mx\/api\/wp\/v2\/posts\/210611\/revisions\/210615"}],"wp:featuredmedia":[{"embeddable":true,"href":"https:\/\/www.sonoraenequipo.com.mx\/api\/wp\/v2\/media\/210612"}],"wp:attachment":[{"href":"https:\/\/www.sonoraenequipo.com.mx\/api\/wp\/v2\/media?parent=210611"}],"wp:term":[{"taxonomy":"category","embeddable":true,"href":"https:\/\/www.sonoraenequipo.com.mx\/api\/wp\/v2\/categories?post=210611"},{"taxonomy":"post_tag","embeddable":true,"href":"https:\/\/www.sonoraenequipo.com.mx\/api\/wp\/v2\/tags?post=210611"}],"curies":[{"name":"wp","href":"https:\/\/api.w.org\/{rel}","templated":true}]}}