{"id":210619,"date":"2025-03-02T12:38:00","date_gmt":"2025-03-02T19:38:00","guid":{"rendered":"https:\/\/www.sonoraenequipo.com.mx\/?p=210619"},"modified":"2025-03-02T23:10:03","modified_gmt":"2025-03-03T06:10:03","slug":"macron-y-starmer-proponen-una-tregua-aerea-maritima-y-energetica-de-un-mes-en-ucrania","status":"publish","type":"post","link":"https:\/\/www.sonoraenequipo.com.mx\/macron-y-starmer-proponen-una-tregua-aerea-maritima-y-energetica-de-un-mes-en-ucrania\/","title":{"rendered":"Macron y Starmer proponen una tregua a\u00e9rea, mar\u00edtima y energ\u00e9tica de un mes en Ucrania"},"content":{"rendered":"<p><strong>PARIS, FRANCIA.<\/strong> \u2014 El presidente franc\u00e9s, Emmanuel Macron, ha anunciado este domingo que \u00e9l y el primer ministro brit\u00e1nico, Keir Starmer, han puesto sobre la mesa una \u00abtregua en el aire, en el mar y en las infraestructuras energ\u00e9ticas\u00bb de Ucrania que durar\u00eda un mes.<\/p>\n<p> <\/p>\n<p>En una entrevista al diario Le Figaro tras la crucial reuni\u00f3n en Londres de una quincena de l\u00edderes europeos e internacionales, el jefe de Estado galo explic\u00f3 que el despliegue de tropas de otros pa\u00edses sobre el terreno para mantener la paz ser\u00eda en una segunda fase del plan.<\/p>\n<p><em><strong>\u00abHay que darse cuenta de que la l\u00ednea del frente es hoy el equivalente de la l\u00ednea Par\u00eds-Budapest. En caso de alto el fuego, ser\u00eda muy dif\u00edcil comprobar que se respeta el frente\u00bb<\/strong><\/em>, indic\u00f3. No habr\u00e1 tropas europeas en suelo ucraniano <strong><em>\u00aben las pr\u00f3ximas semanas\u00bb<\/em><\/strong>, asegur\u00f3. Por ello \u00ab<strong><em>la cuesti\u00f3n es c\u00f3mo utilizar este tiempo para intentar obtener una tregua accesible, con negociaciones que durar\u00e1n varias semanas y luego, una vez firmada la paz, un despliegue\u00bb.<\/em><\/strong><\/p>\n<p>Macron repiti\u00f3 que los europeos quieren la paz, pero \u00abno a cualquier precio\u00bb o \u00absin garant\u00edas\u00bb, y llam\u00f3 nuevamente a Europa a invertir masivamente en defensa, con un objetivo en torno al 3 o 3,5% del Producto Interior Bruto (PIB). \u00ab<em><strong>Desde hace tres a\u00f1os, los rusos gastan el 10% de su PIB en defensa. Debemos prepararnos para el futuro\u00bb<\/strong><\/em>, sostuvo.<\/p>\n<p>Para construir una arquitectura europea de defensa ser\u00e1 clave el Consejo Europeo Extraordinario del pr\u00f3ximo 6 de marzo, donde se deber\u00e1 debatir tambi\u00e9n c\u00f3mo financiar esas medidas.<\/p>\n<p><em><strong>\u00abHay fondos estructurales de cohesi\u00f3n y fondos de programas existentes que no se est\u00e1n utilizando\u00bb, observ\u00f3, y a\u00f1adi\u00f3 que quiere \u00abdar un mandato a la Comisi\u00f3n para que utilice financiaciones innovadoras, es decir, pr\u00e9stamos conjuntos o el Mecanismo Europeo de Estabilidad para recaudar juntos sumas considerables\u00bb. Estim\u00f3 que, \u00aben un principio\u00bb, se Europa necesita \u00abunos 200.000 millones de euros para poder invertir\u00bb<\/strong><\/em> en defensa.<\/p>\n<p>Poco antes, Macron afirm\u00f3 que todas las naciones que asistieron a la cumbre de Londres est\u00e1n determinadas a actuar para tener una paz duradera en Ucrania y a tomar medidas para garantizar la seguridad colectiva. \u00abEn torno a la mesa de Londres, todos estamos decididos a actuar en favor de una paz s\u00f3lida y duradera en Ucrania y a garantizar nuestra seguridad colectiva\u00bb, asegur\u00f3 el mandatario galo en la red social X horas despu\u00e9s del encuentro.<\/p>\n<p><a href=\"https:\/\/twitter.com\/EmmanuelMacron\/status\/1896288774969315511\">https:\/\/twitter.com\/EmmanuelMacron\/status\/1896288774969315511<\/a><\/p>\n<p>PUBLICADO EL 02 DE MARZO DE Con informaci\u00f3n de HUFFPOST)<\/p>\n","protected":false},"excerpt":{"rendered":"<p>PARIS, FRANCIA. \u2014 El presidente franc\u00e9s, Emmanuel Macron, ha anunciado este domingo que \u00e9l y&#8230;<\/p>\n","protected":false},"author":1,"featured_media":210621,"comment_status":"open","ping_status":"open","sticky":false,"template":"","format":"standard","meta":{"_monsterinsights_skip_tracking":false,"_monsterinsights_sitenote_active":false,"_monsterinsights_sitenote_note":"","_monsterinsights_sitenote_category":0,"footnotes":""},"categories":[3],"tags":[],"class_list":["post"],"yoast_head":" \n<title>Sonora en Equipo. Macron y Starmer proponen una tregua a\u00e9rea, mar\u00edtima y energ\u00e9tica de un mes en Ucrania MUNDO<\/title>\n<meta name=\"description\" content=\"PARIS, FRANCIA. \u2014 El presidente franc\u00e9s, Emmanuel Macron, ha anunciado este domingo que \u00e9l y el primer ministro brit\u00e1nico, Keir Starmer, han puesto sobre En Sonora en Equipo publicamos toda la informaci\u00f3n de Sonora, M\u00e9xico y el Mundo de manera oportuna y busca que la libertad de expresi\u00f3n sea real. Visita nuestro medio informativo publicado desde Hermosillo, Sonora. %\" \/>\n<meta name=\"robots\" content=\"index, follow, max-snippet:-1, max-image-preview:large, max-video-preview:-1\" \/>\n<link rel=\"canonical\" href=\"https:\/\/www.sonoraenequipo.com.mx\/macron-y-starmer-proponen-una-tregua-aerea-maritima-y-energetica-de-un-mes-en-ucrania\/\" \/>\n<meta property=\"og:locale\" content=\"es_ES\" \/>\n<meta property=\"og:type\" content=\"article\" \/>\n<meta property=\"og:title\" content=\"Sonora en Equipo. Macron y Starmer proponen una tregua a\u00e9rea, mar\u00edtima y energ\u00e9tica de un mes en Ucrania MUNDO\" \/>\n<meta property=\"og:description\" content=\"PARIS, FRANCIA. \u2014 El presidente franc\u00e9s, Emmanuel Macron, ha anunciado este domingo que \u00e9l y el primer ministro brit\u00e1nico, Keir Starmer, han puesto sobre En Sonora en Equipo publicamos toda la informaci\u00f3n de Sonora, M\u00e9xico y el Mundo de manera oportuna y busca que la libertad de expresi\u00f3n sea real. Visita nuestro medio informativo publicado desde Hermosillo, Sonora. %\" \/>\n<meta property=\"og:url\" content=\"https:\/\/www.sonoraenequipo.com.mx\/macron-y-starmer-proponen-una-tregua-aerea-maritima-y-energetica-de-un-mes-en-ucrania\/\" \/>\n<meta property=\"og:site_name\" content=\"Sonora en Equipo.\" \/>\n<meta property=\"article:publisher\" content=\"https:\/\/www.facebook.com\/SonoraEE\/\" \/>\n<meta property=\"article:author\" content=\"https:\/\/www.facebook.com\/SonoraEE\" \/>\n<meta property=\"article:published_time\" content=\"2025-03-02T19:38:00+00:00\" \/>\n<meta property=\"article:modified_time\" content=\"2025-03-03T06:10:03+00:00\" \/>\n<meta property=\"og:image\" content=\"https:\/\/www.sonoraenequipo.com.mx\/storage\/2025\/03\/volodimir-zelenski-keir-starmer-emmanuel-macron-min.jpg\" \/>\n\t<meta property=\"og:image:width\" content=\"900\" \/>\n\t<meta property=\"og:image:height\" content=\"600\" \/>\n\t<meta property=\"og:image:type\" content=\"image\/jpeg\" \/>\n<meta name=\"author\" content=\"enequipo\" \/>\n<meta name=\"twitter:card\" content=\"summary_large_image\" \/>\n<meta name=\"twitter:creator\" content=\"@sonoraenequipo\" \/>\n<meta name=\"twitter:site\" content=\"@sonoraenequipo\" \/>\n<meta name=\"twitter:label1\" content=\"Escrito por\" \/>\n\t<meta name=\"twitter:data1\" content=\"enequipo\" \/>\n\t<meta name=\"twitter:label2\" content=\"Tiempo de lectura\" \/>\n\t<meta name=\"twitter:data2\" content=\"2 minutos\" \/>\n<script type=\"application\/ld+json\" class=\"yoast-schema-graph\">{\"@context\":\"https:\/\/schema.org\",\"@graph\":[{\"@type\":\"Article\",\"@id\":\"https:\/\/www.sonoraenequipo.com.mx\/macron-y-starmer-proponen-una-tregua-aerea-maritima-y-energetica-de-un-mes-en-ucrania\/#article\",\"isPartOf\":{\"@id\":\"https:\/\/www.sonoraenequipo.com.mx\/macron-y-starmer-proponen-una-tregua-aerea-maritima-y-energetica-de-un-mes-en-ucrania\/\"},\"author\":{\"name\":\"enequipo\",\"@id\":\"https:\/\/www.sonoraenequipo.com.mx\/#\/schema\/person\/50102df0fb23a8fa9e8effad8fa81386\"},\"headline\":\"Macron y Starmer proponen una tregua a\u00e9rea, mar\u00edtima y energ\u00e9tica de un mes en Ucrania\",\"datePublished\":\"2025-03-02T19:38:00+00:00\",\"dateModified\":\"2025-03-03T06:10:03+00:00\",\"mainEntityOfPage\":{\"@id\":\"https:\/\/www.sonoraenequipo.com.mx\/macron-y-starmer-proponen-una-tregua-aerea-maritima-y-energetica-de-un-mes-en-ucrania\/\"},\"wordCount\":454,\"commentCount\":0,\"publisher\":{\"@id\":\"https:\/\/www.sonoraenequipo.com.mx\/#organization\"},\"image\":{\"@id\":\"https:\/\/www.sonoraenequipo.com.mx\/macron-y-starmer-proponen-una-tregua-aerea-maritima-y-energetica-de-un-mes-en-ucrania\/#primaryimage\"},\"thumbnailUrl\":\"https:\/\/www.sonoraenequipo.com.mx\/storage\/2025\/03\/volodimir-zelenski-keir-starmer-emmanuel-macron-min.jpg\",\"articleSection\":[\"MUNDO\"],\"inLanguage\":\"es\",\"potentialAction\":[{\"@type\":\"CommentAction\",\"name\":\"Comment\",\"target\":[\"https:\/\/www.sonoraenequipo.com.mx\/macron-y-starmer-proponen-una-tregua-aerea-maritima-y-energetica-de-un-mes-en-ucrania\/#respond\"]}]},{\"@type\":\"WebPage\",\"@id\":\"https:\/\/www.sonoraenequipo.com.mx\/macron-y-starmer-proponen-una-tregua-aerea-maritima-y-energetica-de-un-mes-en-ucrania\/\",\"url\":\"https:\/\/www.sonoraenequipo.com.mx\/macron-y-starmer-proponen-una-tregua-aerea-maritima-y-energetica-de-un-mes-en-ucrania\/\",\"name\":\"Sonora en Equipo. Macron y Starmer proponen una tregua a\u00e9rea, mar\u00edtima y energ\u00e9tica de un mes en Ucrania MUNDO\",\"isPartOf\":{\"@id\":\"https:\/\/www.sonoraenequipo.com.mx\/#website\"},\"primaryImageOfPage\":{\"@id\":\"https:\/\/www.sonoraenequipo.com.mx\/macron-y-starmer-proponen-una-tregua-aerea-maritima-y-energetica-de-un-mes-en-ucrania\/#primaryimage\"},\"image\":{\"@id\":\"https:\/\/www.sonoraenequipo.com.mx\/macron-y-starmer-proponen-una-tregua-aerea-maritima-y-energetica-de-un-mes-en-ucrania\/#primaryimage\"},\"thumbnailUrl\":\"https:\/\/www.sonoraenequipo.com.mx\/storage\/2025\/03\/volodimir-zelenski-keir-starmer-emmanuel-macron-min.jpg\",\"datePublished\":\"2025-03-02T19:38:00+00:00\",\"dateModified\":\"2025-03-03T06:10:03+00:00\",\"description\":\"PARIS, FRANCIA. \u2014 El presidente franc\u00e9s, Emmanuel Macron, ha anunciado este domingo que \u00e9l y el primer ministro brit\u00e1nico, Keir Starmer, han puesto sobre En Sonora en Equipo publicamos toda la informaci\u00f3n de Sonora, M\u00e9xico y el Mundo de manera oportuna y busca que la libertad de expresi\u00f3n sea real. Visita nuestro medio informativo publicado desde Hermosillo, Sonora. %\",\"breadcrumb\":{\"@id\":\"https:\/\/www.sonoraenequipo.com.mx\/macron-y-starmer-proponen-una-tregua-aerea-maritima-y-energetica-de-un-mes-en-ucrania\/#breadcrumb\"},\"inLanguage\":\"es\",\"potentialAction\":[{\"@type\":\"ReadAction\",\"target\":[\"https:\/\/www.sonoraenequipo.com.mx\/macron-y-starmer-proponen-una-tregua-aerea-maritima-y-energetica-de-un-mes-en-ucrania\/\"]}]},{\"@type\":\"ImageObject\",\"inLanguage\":\"es\",\"@id\":\"https:\/\/www.sonoraenequipo.com.mx\/macron-y-starmer-proponen-una-tregua-aerea-maritima-y-energetica-de-un-mes-en-ucrania\/#primaryimage\",\"url\":\"https:\/\/www.sonoraenequipo.com.mx\/storage\/2025\/03\/volodimir-zelenski-keir-starmer-emmanuel-macron-min.jpg\",\"contentUrl\":\"https:\/\/www.sonoraenequipo.com.mx\/storage\/2025\/03\/volodimir-zelenski-keir-starmer-emmanuel-macron-min.jpg\",\"width\":900,\"height\":600},{\"@type\":\"BreadcrumbList\",\"@id\":\"https:\/\/www.sonoraenequipo.com.mx\/macron-y-starmer-proponen-una-tregua-aerea-maritima-y-energetica-de-un-mes-en-ucrania\/#breadcrumb\",\"itemListElement\":[{\"@type\":\"ListItem\",\"position\":1,\"name\":\"Portada\",\"item\":\"https:\/\/www.sonoraenequipo.com.mx\/\"},{\"@type\":\"ListItem\",\"position\":2,\"name\":\"Macron y Starmer proponen una tregua a\u00e9rea, mar\u00edtima y energ\u00e9tica de un mes en Ucrania\"}]},{\"@type\":\"WebSite\",\"@id\":\"https:\/\/www.sonoraenequipo.com.mx\/#website\",\"url\":\"https:\/\/www.sonoraenequipo.com.mx\/\",\"name\":\"Sonora en Equipo.\",\"description\":\"Diario en l\u00ednea con Noticias desde Hermosillo, Sonora\",\"publisher\":{\"@id\":\"https:\/\/www.sonoraenequipo.com.mx\/#organization\"},\"potentialAction\":[{\"@type\":\"SearchAction\",\"target\":{\"@type\":\"EntryPoint\",\"urlTemplate\":\"https:\/\/www.sonoraenequipo.com.mx\/?s={search_term_string}\"},\"query-input\":{\"@type\":\"PropertyValueSpecification\",\"valueRequired\":true,\"valueName\":\"search_term_string\"}}],\"inLanguage\":\"es\"},{\"@type\":\"Organization\",\"@id\":\"https:\/\/www.sonoraenequipo.com.mx\/#organization\",\"name\":\"Sonoraenequipo.com.mx\",\"url\":\"https:\/\/www.sonoraenequipo.com.mx\/\",\"logo\":{\"@type\":\"ImageObject\",\"inLanguage\":\"es\",\"@id\":\"https:\/\/www.sonoraenequipo.com.mx\/#\/schema\/logo\/image\/\",\"url\":\"https:\/\/www.sonoraenequipo.com.mx\/storage\/2019\/01\/sonoraenequipo_opt.png\",\"contentUrl\":\"https:\/\/www.sonoraenequipo.com.mx\/storage\/2019\/01\/sonoraenequipo_opt.png\",\"width\":375,\"height\":125,\"caption\":\"Sonoraenequipo.com.mx\"},\"image\":{\"@id\":\"https:\/\/www.sonoraenequipo.com.mx\/#\/schema\/logo\/image\/\"},\"sameAs\":[\"https:\/\/www.facebook.com\/SonoraEE\/\",\"https:\/\/x.com\/sonoraenequipo\",\"https:\/\/www.youtube.com\/channel\/UC338nW-lPEYmJQs4ZABQ1SQ\"]},{\"@type\":\"Person\",\"@id\":\"https:\/\/www.sonoraenequipo.com.mx\/#\/schema\/person\/50102df0fb23a8fa9e8effad8fa81386\",\"name\":\"enequipo\",\"image\":{\"@type\":\"ImageObject\",\"inLanguage\":\"es\",\"@id\":\"https:\/\/www.sonoraenequipo.com.mx\/#\/schema\/person\/image\/\",\"url\":\"https:\/\/secure.gravatar.com\/avatar\/049821681b589dabc0bc20695993ccebb09f5b5d4d790cd9251b97faac7c652b?s=96&d=blank&r=g\",\"contentUrl\":\"https:\/\/secure.gravatar.com\/avatar\/049821681b589dabc0bc20695993ccebb09f5b5d4d790cd9251b97faac7c652b?s=96&d=blank&r=g\",\"caption\":\"enequipo\"},\"sameAs\":[\"https:\/\/www.facebook.com\/SonoraEE\"]}]}<\/script>\n ","yoast_head_json":{"title":"Sonora en Equipo. Macron y Starmer proponen una tregua a\u00e9rea, mar\u00edtima y energ\u00e9tica de un mes en Ucrania MUNDO","description":"PARIS, FRANCIA. \u2014 El presidente franc\u00e9s, Emmanuel Macron, ha anunciado este domingo que \u00e9l y el primer ministro brit\u00e1nico, Keir Starmer, han puesto sobre En Sonora en Equipo publicamos toda la informaci\u00f3n de Sonora, M\u00e9xico y el Mundo de manera oportuna y busca que la libertad de expresi\u00f3n sea real. Visita nuestro medio informativo publicado desde Hermosillo, Sonora. %","robots":{"index":"index","follow":"follow","max-snippet":"max-snippet:-1","max-image-preview":"max-image-preview:large","max-video-preview":"max-video-preview:-1"},"canonical":"https:\/\/www.sonoraenequipo.com.mx\/macron-y-starmer-proponen-una-tregua-aerea-maritima-y-energetica-de-un-mes-en-ucrania\/","og_locale":"es_ES","og_type":"article","og_title":"Sonora en Equipo. Macron y Starmer proponen una tregua a\u00e9rea, mar\u00edtima y energ\u00e9tica de un mes en Ucrania MUNDO","og_description":"PARIS, FRANCIA. \u2014 El presidente franc\u00e9s, Emmanuel Macron, ha anunciado este domingo que \u00e9l y el primer ministro brit\u00e1nico, Keir Starmer, han puesto sobre En Sonora en Equipo publicamos toda la informaci\u00f3n de Sonora, M\u00e9xico y el Mundo de manera oportuna y busca que la libertad de expresi\u00f3n sea real. Visita nuestro medio informativo publicado desde Hermosillo, Sonora. %","og_url":"https:\/\/www.sonoraenequipo.com.mx\/macron-y-starmer-proponen-una-tregua-aerea-maritima-y-energetica-de-un-mes-en-ucrania\/","og_site_name":"Sonora en Equipo.","article_publisher":"https:\/\/www.facebook.com\/SonoraEE\/","article_author":"https:\/\/www.facebook.com\/SonoraEE","article_published_time":"2025-03-02T19:38:00+00:00","article_modified_time":"2025-03-03T06:10:03+00:00","og_image":[{"width":900,"height":600,"url":"https:\/\/www.sonoraenequipo.com.mx\/storage\/2025\/03\/volodimir-zelenski-keir-starmer-emmanuel-macron-min.jpg","type":"image\/jpeg"}],"author":"enequipo","twitter_card":"summary_large_image","twitter_creator":"@sonoraenequipo","twitter_site":"@sonoraenequipo","twitter_misc":{"Escrito por":"enequipo","Tiempo de lectura":"2 minutos"},"schema":{"@context":"https:\/\/schema.org","@graph":[{"@type":"Article","@id":"https:\/\/www.sonoraenequipo.com.mx\/macron-y-starmer-proponen-una-tregua-aerea-maritima-y-energetica-de-un-mes-en-ucrania\/#article","isPartOf":{"@id":"https:\/\/www.sonoraenequipo.com.mx\/macron-y-starmer-proponen-una-tregua-aerea-maritima-y-energetica-de-un-mes-en-ucrania\/"},"author":{"name":"enequipo","@id":"https:\/\/www.sonoraenequipo.com.mx\/#\/schema\/person\/50102df0fb23a8fa9e8effad8fa81386"},"headline":"Macron y Starmer proponen una tregua a\u00e9rea, mar\u00edtima y energ\u00e9tica de un mes en Ucrania","datePublished":"2025-03-02T19:38:00+00:00","dateModified":"2025-03-03T06:10:03+00:00","mainEntityOfPage":{"@id":"https:\/\/www.sonoraenequipo.com.mx\/macron-y-starmer-proponen-una-tregua-aerea-maritima-y-energetica-de-un-mes-en-ucrania\/"},"wordCount":454,"commentCount":0,"publisher":{"@id":"https:\/\/www.sonoraenequipo.com.mx\/#organization"},"image":{"@id":"https:\/\/www.sonoraenequipo.com.mx\/macron-y-starmer-proponen-una-tregua-aerea-maritima-y-energetica-de-un-mes-en-ucrania\/#primaryimage"},"thumbnailUrl":"https:\/\/www.sonoraenequipo.com.mx\/storage\/2025\/03\/volodimir-zelenski-keir-starmer-emmanuel-macron-min.jpg","articleSection":["MUNDO"],"inLanguage":"es","potentialAction":[{"@type":"CommentAction","name":"Comment","target":["https:\/\/www.sonoraenequipo.com.mx\/macron-y-starmer-proponen-una-tregua-aerea-maritima-y-energetica-de-un-mes-en-ucrania\/#respond"]}]},{"@type":"WebPage","@id":"https:\/\/www.sonoraenequipo.com.mx\/macron-y-starmer-proponen-una-tregua-aerea-maritima-y-energetica-de-un-mes-en-ucrania\/","url":"https:\/\/www.sonoraenequipo.com.mx\/macron-y-starmer-proponen-una-tregua-aerea-maritima-y-energetica-de-un-mes-en-ucrania\/","name":"Sonora en Equipo. Macron y Starmer proponen una tregua a\u00e9rea, mar\u00edtima y energ\u00e9tica de un mes en Ucrania MUNDO","isPartOf":{"@id":"https:\/\/www.sonoraenequipo.com.mx\/#website"},"primaryImageOfPage":{"@id":"https:\/\/www.sonoraenequipo.com.mx\/macron-y-starmer-proponen-una-tregua-aerea-maritima-y-energetica-de-un-mes-en-ucrania\/#primaryimage"},"image":{"@id":"https:\/\/www.sonoraenequipo.com.mx\/macron-y-starmer-proponen-una-tregua-aerea-maritima-y-energetica-de-un-mes-en-ucrania\/#primaryimage"},"thumbnailUrl":"https:\/\/www.sonoraenequipo.com.mx\/storage\/2025\/03\/volodimir-zelenski-keir-starmer-emmanuel-macron-min.jpg","datePublished":"2025-03-02T19:38:00+00:00","dateModified":"2025-03-03T06:10:03+00:00","description":"PARIS, FRANCIA. \u2014 El presidente franc\u00e9s, Emmanuel Macron, ha anunciado este domingo que \u00e9l y el primer ministro brit\u00e1nico, Keir Starmer, han puesto sobre En Sonora en Equipo publicamos toda la informaci\u00f3n de Sonora, M\u00e9xico y el Mundo de manera oportuna y busca que la libertad de expresi\u00f3n sea real. Visita nuestro medio informativo publicado desde Hermosillo, Sonora. %","breadcrumb":{"@id":"https:\/\/www.sonoraenequipo.com.mx\/macron-y-starmer-proponen-una-tregua-aerea-maritima-y-energetica-de-un-mes-en-ucrania\/#breadcrumb"},"inLanguage":"es","potentialAction":[{"@type":"ReadAction","target":["https:\/\/www.sonoraenequipo.com.mx\/macron-y-starmer-proponen-una-tregua-aerea-maritima-y-energetica-de-un-mes-en-ucrania\/"]}]},{"@type":"ImageObject","inLanguage":"es","@id":"https:\/\/www.sonoraenequipo.com.mx\/macron-y-starmer-proponen-una-tregua-aerea-maritima-y-energetica-de-un-mes-en-ucrania\/#primaryimage","url":"https:\/\/www.sonoraenequipo.com.mx\/storage\/2025\/03\/volodimir-zelenski-keir-starmer-emmanuel-macron-min.jpg","contentUrl":"https:\/\/www.sonoraenequipo.com.mx\/storage\/2025\/03\/volodimir-zelenski-keir-starmer-emmanuel-macron-min.jpg","width":900,"height":600},{"@type":"BreadcrumbList","@id":"https:\/\/www.sonoraenequipo.com.mx\/macron-y-starmer-proponen-una-tregua-aerea-maritima-y-energetica-de-un-mes-en-ucrania\/#breadcrumb","itemListElement":[{"@type":"ListItem","position":1,"name":"Portada","item":"https:\/\/www.sonoraenequipo.com.mx\/"},{"@type":"ListItem","position":2,"name":"Macron y Starmer proponen una tregua a\u00e9rea, mar\u00edtima y energ\u00e9tica de un mes en Ucrania"}]},{"@type":"WebSite","@id":"https:\/\/www.sonoraenequipo.com.mx\/#website","url":"https:\/\/www.sonoraenequipo.com.mx\/","name":"Sonora en Equipo.","description":"Diario en l\u00ednea con Noticias desde Hermosillo, Sonora","publisher":{"@id":"https:\/\/www.sonoraenequipo.com.mx\/#organization"},"potentialAction":[{"@type":"SearchAction","target":{"@type":"EntryPoint","urlTemplate":"https:\/\/www.sonoraenequipo.com.mx\/?s={search_term_string}"},"query-input":{"@type":"PropertyValueSpecification","valueRequired":true,"valueName":"search_term_string"}}],"inLanguage":"es"},{"@type":"Organization","@id":"https:\/\/www.sonoraenequipo.com.mx\/#organization","name":"Sonoraenequipo.com.mx","url":"https:\/\/www.sonoraenequipo.com.mx\/","logo":{"@type":"ImageObject","inLanguage":"es","@id":"https:\/\/www.sonoraenequipo.com.mx\/#\/schema\/logo\/image\/","url":"https:\/\/www.sonoraenequipo.com.mx\/storage\/2019\/01\/sonoraenequipo_opt.png","contentUrl":"https:\/\/www.sonoraenequipo.com.mx\/storage\/2019\/01\/sonoraenequipo_opt.png","width":375,"height":125,"caption":"Sonoraenequipo.com.mx"},"image":{"@id":"https:\/\/www.sonoraenequipo.com.mx\/#\/schema\/logo\/image\/"},"sameAs":["https:\/\/www.facebook.com\/SonoraEE\/","https:\/\/x.com\/sonoraenequipo","https:\/\/www.youtube.com\/channel\/UC338nW-lPEYmJQs4ZABQ1SQ"]},{"@type":"Person","@id":"https:\/\/www.sonoraenequipo.com.mx\/#\/schema\/person\/50102df0fb23a8fa9e8effad8fa81386","name":"enequipo","image":{"@type":"ImageObject","inLanguage":"es","@id":"https:\/\/www.sonoraenequipo.com.mx\/#\/schema\/person\/image\/","url":"https:\/\/secure.gravatar.com\/avatar\/049821681b589dabc0bc20695993ccebb09f5b5d4d790cd9251b97faac7c652b?s=96&d=blank&r=g","contentUrl":"https:\/\/secure.gravatar.com\/avatar\/049821681b589dabc0bc20695993ccebb09f5b5d4d790cd9251b97faac7c652b?s=96&d=blank&r=g","caption":"enequipo"},"sameAs":["https:\/\/www.facebook.com\/SonoraEE"]}]}},"jetpack_featured_media_url":"https:\/\/www.sonoraenequipo.com.mx\/storage\/2025\/03\/volodimir-zelenski-keir-starmer-emmanuel-macron-min.jpg","_links":{"self":[{"href":"https:\/\/www.sonoraenequipo.com.mx\/api\/wp\/v2\/posts\/210619","targetHints":{"allow":["GET"]}}],"collection":[{"href":"https:\/\/www.sonoraenequipo.com.mx\/api\/wp\/v2\/posts"}],"about":[{"href":"https:\/\/www.sonoraenequipo.com.mx\/api\/wp\/v2\/types\/post"}],"author":[{"embeddable":true,"href":"https:\/\/www.sonoraenequipo.com.mx\/api\/wp\/v2\/users\/1"}],"replies":[{"embeddable":true,"href":"https:\/\/www.sonoraenequipo.com.mx\/api\/wp\/v2\/comments?post=210619"}],"version-history":[{"count":3,"href":"https:\/\/www.sonoraenequipo.com.mx\/api\/wp\/v2\/posts\/210619\/revisions"}],"predecessor-version":[{"id":210625,"href":"https:\/\/www.sonoraenequipo.com.mx\/api\/wp\/v2\/posts\/210619\/revisions\/210625"}],"wp:featuredmedia":[{"embeddable":true,"href":"https:\/\/www.sonoraenequipo.com.mx\/api\/wp\/v2\/media\/210621"}],"wp:attachment":[{"href":"https:\/\/www.sonoraenequipo.com.mx\/api\/wp\/v2\/media?parent=210619"}],"wp:term":[{"taxonomy":"category","embeddable":true,"href":"https:\/\/www.sonoraenequipo.com.mx\/api\/wp\/v2\/categories?post=210619"},{"taxonomy":"post_tag","embeddable":true,"href":"https:\/\/www.sonoraenequipo.com.mx\/api\/wp\/v2\/tags?post=210619"}],"curies":[{"name":"wp","href":"https:\/\/api.w.org\/{rel}","templated":true}]}}