{"id":210626,"date":"2025-03-02T10:08:17","date_gmt":"2025-03-02T17:08:17","guid":{"rendered":"https:\/\/www.sonoraenequipo.com.mx\/?p=210626"},"modified":"2025-03-02T23:14:05","modified_gmt":"2025-03-03T06:14:05","slug":"nuevo-parte-medico-del-papa-francisco-sigue-estable-sin-fiebre-y-sin-ventilacion-mecanica","status":"publish","type":"post","link":"https:\/\/www.sonoraenequipo.com.mx\/nuevo-parte-medico-del-papa-francisco-sigue-estable-sin-fiebre-y-sin-ventilacion-mecanica\/","title":{"rendered":"Nuevo parte m\u00e9dico del papa Francisco: sigue \u00abestable\u00bb, sin fiebre y sin ventilaci\u00f3n mec\u00e1nica"},"content":{"rendered":"<p><strong>ROMA.<\/strong> \u2014 El papa sigue \u00abestable\u00bb, no tiene fiebre y no ha necesitado ventilaci\u00f3n mec\u00e1nica no invasiva en las \u00faltimas horas, aunque su cuadro cl\u00ednico sigue siendo \u00abcomplejo\u00bb y su pron\u00f3stico \u00abreservado\u00bb tras 17 d\u00edas ingresado en el hospital Gemelli de Roma, tal y como ha informado este domingo la Santa Sede.<\/p>\n<p>&nbsp;<\/p>\n<p>&nbsp;<\/p>\n<p> <\/p>\n<p><em><strong>\u00abLas condiciones cl\u00ednicas del Santo Padre se mantienen estables en la jornada de hoy; el papa no necesit\u00f3 ventilaci\u00f3n mec\u00e1nica no invasiva, sino s\u00f3lo oxigenoterapia de alto flujo\u00bb,<\/strong><\/em> se indica en el \u00faltimo parte m\u00e9dico.<\/p>\n<p>&nbsp;<\/p>\n<p>&nbsp;<\/p>\n<p>Aunque se esperaba que los m\u00e9dicos informasen hoy sobre las posibles consecuencias de la crisis respiratoria sufrida por el pont\u00edfice el pasado viernes, pues se necesitaban entre 24 y 48 horas para saber si esta hab\u00eda provocado o no una nueva infecci\u00f3n, finalmente el bolet\u00edn no lo menciona.<\/p>\n<p>&nbsp;<\/p>\n<p>En cambio, s\u00ed indica que el papa \u00abest\u00e1 afebril\u00bb, lo que es un buen s\u00edntoma, al tiempo que se destaca que \u00abdada la complejidad del cuadro cl\u00ednico, el pron\u00f3stico sigue siendo reservado\u00bb. \u00abEsta ma\u00f1ana, el Santo Padre ha participado en la Santa Misa, junto a quienes lo cuidan durante estos d\u00edas de hospitalizaci\u00f3n\u00bb y \u00abluego ha alternado el descanso con la oraci\u00f3n\u00bb, concluye la nota.<\/p>\n<p>&nbsp;<\/p>\n<p>&nbsp;<\/p>\n<p>El pont\u00edfice, de 88 a\u00f1os, est\u00e1 hospitalizado desde el pasado 14 de febrero por una bronquitis con infeccio\u0301n polimicrobiana a la que se sumo\u0301 una neumoni\u0301a bilateral.<\/p>\n<p>&nbsp;<\/p>\n<p>&nbsp;<\/p>\n<p>Fuentes vaticanas indicaron previamente que el papa \u00abdesayun\u00f3, se tom\u00f3 \u00abun caf\u00e9\u00bb y \u00abley\u00f3 algunos peri\u00f3dicos\u00bb, como es su costumbre, mientras \u00abcontin\u00faa con su tratamiento\u00bb, despu\u00e9s de que, a primera hora, la Santa Sede informase de que hab\u00eda pasado una noche \u00abtranquila\u00bb y que estaba \u00abdescansando\u00bb.<\/p>\n<p>&nbsp;<\/p>\n<p>&nbsp;<\/p>\n<p>&nbsp;<\/p>\n<p>Adem\u00e1s, este domingo se ha informado de que Francisco recibi\u00f3 la visita del secretario de Estado vaticano, el cardenal italiano Pietro Parolin, y el sustituto de la Secretaria de Estado, el venezolano Edgar Pe\u00f1a Parra.<\/p>\n<p>&nbsp;<\/p>\n<p>&nbsp;<\/p>\n<p>El nuevo parte m\u00e9dico se produce despu\u00e9s de que el de este s\u00e1bado indicase que Francisco que se encontraba \u00abestable\u00bb y mostraba \u00abuna buena respuesta\u00bb al tratamiento con ventilaci\u00f3n mec\u00e1nica no invasiva y oxigenoterapia tras la crisis del viernes.<\/p>\n<p>&nbsp;<\/p>\n<p>&nbsp;<\/p>\n<p>&nbsp;<\/p>\n<p>Esa crisis por broncoespamo (contracci\u00f3n del conductor bronquial) caus\u00f3 un empeoramiento \u00abrepentino\u00bb de su cuadro respiratorio, y estuvo acompa\u00f1ada de un cuadro de v\u00f3mito por inhalaci\u00f3n, lo que oblig\u00f3 a alternar la oxigenoterapia con la ventilaci\u00f3n mec\u00e1nica no invasiva, que este domingo no ha necesitado<\/p>\n<p>&nbsp;<\/p>\n<p>&nbsp;<\/p>\n<p>Tambi\u00e9n se destacaba que el papa no ten\u00eda fiebre ni presentaba \u00ableucocitosis\u00bb o no se ha registrado un aumento del n\u00famero de globulos blancos, lo que descartar\u00eda nuevas infecciones, el mayor riesgo derivado del broncoespasmo por haber inhalado flujos gastricos.<\/p>\n<p>&nbsp;<\/p>\n<p>&nbsp;<\/p>\n<p>&nbsp;<\/p>\n<p>&nbsp;<\/p>\n<p>PUBLICADO EL 02 DE MARZO DE Con informaci\u00f3n de HUFFPOST)<\/p>\n","protected":false},"excerpt":{"rendered":"<p>ROMA. \u2014 El papa sigue \u00abestable\u00bb, no tiene fiebre y no ha necesitado ventilaci\u00f3n mec\u00e1nica&#8230;<\/p>\n","protected":false},"author":1,"featured_media":210620,"comment_status":"open","ping_status":"open","sticky":false,"template":"","format":"standard","meta":{"_monsterinsights_skip_tracking":false,"_monsterinsights_sitenote_active":false,"_monsterinsights_sitenote_note":"","_monsterinsights_sitenote_category":0,"footnotes":""},"categories":[3],"tags":[],"class_list":["post"],"yoast_head":" \n<title>Sonora en Equipo. Nuevo parte m\u00e9dico del papa Francisco: sigue &quot;estable&quot;, sin fiebre y sin ventilaci\u00f3n mec\u00e1nica MUNDO<\/title>\n<meta name=\"description\" content=\"ROMA. \u2014 El papa sigue &quot;estable&quot;, no tiene fiebre y no ha necesitado ventilaci\u00f3n mec\u00e1nica no invasiva en las \u00faltimas horas, aunque su cuadro cl\u00ednico sigue En Sonora en Equipo publicamos toda la informaci\u00f3n de Sonora, M\u00e9xico y el Mundo de manera oportuna y busca que la libertad de expresi\u00f3n sea real. Visita nuestro medio informativo publicado desde Hermosillo, Sonora. %\" \/>\n<meta name=\"robots\" content=\"index, follow, max-snippet:-1, max-image-preview:large, max-video-preview:-1\" \/>\n<link rel=\"canonical\" href=\"https:\/\/www.sonoraenequipo.com.mx\/nuevo-parte-medico-del-papa-francisco-sigue-estable-sin-fiebre-y-sin-ventilacion-mecanica\/\" \/>\n<meta property=\"og:locale\" content=\"es_ES\" \/>\n<meta property=\"og:type\" content=\"article\" \/>\n<meta property=\"og:title\" content=\"Sonora en Equipo. Nuevo parte m\u00e9dico del papa Francisco: sigue &quot;estable&quot;, sin fiebre y sin ventilaci\u00f3n mec\u00e1nica MUNDO\" \/>\n<meta property=\"og:description\" content=\"ROMA. \u2014 El papa sigue &quot;estable&quot;, no tiene fiebre y no ha necesitado ventilaci\u00f3n mec\u00e1nica no invasiva en las \u00faltimas horas, aunque su cuadro cl\u00ednico sigue En Sonora en Equipo publicamos toda la informaci\u00f3n de Sonora, M\u00e9xico y el Mundo de manera oportuna y busca que la libertad de expresi\u00f3n sea real. Visita nuestro medio informativo publicado desde Hermosillo, Sonora. %\" \/>\n<meta property=\"og:url\" content=\"https:\/\/www.sonoraenequipo.com.mx\/nuevo-parte-medico-del-papa-francisco-sigue-estable-sin-fiebre-y-sin-ventilacion-mecanica\/\" \/>\n<meta property=\"og:site_name\" content=\"Sonora en Equipo.\" \/>\n<meta property=\"article:publisher\" content=\"https:\/\/www.facebook.com\/SonoraEE\/\" \/>\n<meta property=\"article:author\" content=\"https:\/\/www.facebook.com\/SonoraEE\" \/>\n<meta property=\"article:published_time\" content=\"2025-03-02T17:08:17+00:00\" \/>\n<meta property=\"article:modified_time\" content=\"2025-03-03T06:14:05+00:00\" \/>\n<meta property=\"og:image\" content=\"https:\/\/www.sonoraenequipo.com.mx\/storage\/2025\/03\/papa-Francisco-sigue-enfermo-min-1.jpg\" \/>\n\t<meta property=\"og:image:width\" content=\"900\" \/>\n\t<meta property=\"og:image:height\" content=\"600\" \/>\n\t<meta property=\"og:image:type\" content=\"image\/jpeg\" \/>\n<meta name=\"author\" content=\"enequipo\" \/>\n<meta name=\"twitter:card\" content=\"summary_large_image\" \/>\n<meta name=\"twitter:creator\" content=\"@sonoraenequipo\" \/>\n<meta name=\"twitter:site\" content=\"@sonoraenequipo\" \/>\n<meta name=\"twitter:label1\" content=\"Escrito por\" \/>\n\t<meta name=\"twitter:data1\" content=\"enequipo\" \/>\n\t<meta name=\"twitter:label2\" content=\"Tiempo de lectura\" \/>\n\t<meta name=\"twitter:data2\" content=\"3 minutos\" \/>\n<script type=\"application\/ld+json\" class=\"yoast-schema-graph\">{\"@context\":\"https:\/\/schema.org\",\"@graph\":[{\"@type\":\"Article\",\"@id\":\"https:\/\/www.sonoraenequipo.com.mx\/nuevo-parte-medico-del-papa-francisco-sigue-estable-sin-fiebre-y-sin-ventilacion-mecanica\/#article\",\"isPartOf\":{\"@id\":\"https:\/\/www.sonoraenequipo.com.mx\/nuevo-parte-medico-del-papa-francisco-sigue-estable-sin-fiebre-y-sin-ventilacion-mecanica\/\"},\"author\":{\"name\":\"enequipo\",\"@id\":\"https:\/\/www.sonoraenequipo.com.mx\/#\/schema\/person\/50102df0fb23a8fa9e8effad8fa81386\"},\"headline\":\"Nuevo parte m\u00e9dico del papa Francisco: sigue \u00abestable\u00bb, sin fiebre y sin ventilaci\u00f3n mec\u00e1nica\",\"datePublished\":\"2025-03-02T17:08:17+00:00\",\"dateModified\":\"2025-03-03T06:14:05+00:00\",\"mainEntityOfPage\":{\"@id\":\"https:\/\/www.sonoraenequipo.com.mx\/nuevo-parte-medico-del-papa-francisco-sigue-estable-sin-fiebre-y-sin-ventilacion-mecanica\/\"},\"wordCount\":523,\"commentCount\":0,\"publisher\":{\"@id\":\"https:\/\/www.sonoraenequipo.com.mx\/#organization\"},\"image\":{\"@id\":\"https:\/\/www.sonoraenequipo.com.mx\/nuevo-parte-medico-del-papa-francisco-sigue-estable-sin-fiebre-y-sin-ventilacion-mecanica\/#primaryimage\"},\"thumbnailUrl\":\"https:\/\/www.sonoraenequipo.com.mx\/storage\/2025\/03\/papa-Francisco-sigue-enfermo-min-1.jpg\",\"articleSection\":[\"MUNDO\"],\"inLanguage\":\"es\",\"potentialAction\":[{\"@type\":\"CommentAction\",\"name\":\"Comment\",\"target\":[\"https:\/\/www.sonoraenequipo.com.mx\/nuevo-parte-medico-del-papa-francisco-sigue-estable-sin-fiebre-y-sin-ventilacion-mecanica\/#respond\"]}]},{\"@type\":\"WebPage\",\"@id\":\"https:\/\/www.sonoraenequipo.com.mx\/nuevo-parte-medico-del-papa-francisco-sigue-estable-sin-fiebre-y-sin-ventilacion-mecanica\/\",\"url\":\"https:\/\/www.sonoraenequipo.com.mx\/nuevo-parte-medico-del-papa-francisco-sigue-estable-sin-fiebre-y-sin-ventilacion-mecanica\/\",\"name\":\"Sonora en Equipo. Nuevo parte m\u00e9dico del papa Francisco: sigue \\\"estable\\\", sin fiebre y sin ventilaci\u00f3n mec\u00e1nica MUNDO\",\"isPartOf\":{\"@id\":\"https:\/\/www.sonoraenequipo.com.mx\/#website\"},\"primaryImageOfPage\":{\"@id\":\"https:\/\/www.sonoraenequipo.com.mx\/nuevo-parte-medico-del-papa-francisco-sigue-estable-sin-fiebre-y-sin-ventilacion-mecanica\/#primaryimage\"},\"image\":{\"@id\":\"https:\/\/www.sonoraenequipo.com.mx\/nuevo-parte-medico-del-papa-francisco-sigue-estable-sin-fiebre-y-sin-ventilacion-mecanica\/#primaryimage\"},\"thumbnailUrl\":\"https:\/\/www.sonoraenequipo.com.mx\/storage\/2025\/03\/papa-Francisco-sigue-enfermo-min-1.jpg\",\"datePublished\":\"2025-03-02T17:08:17+00:00\",\"dateModified\":\"2025-03-03T06:14:05+00:00\",\"description\":\"ROMA. \u2014 El papa sigue \\\"estable\\\", no tiene fiebre y no ha necesitado ventilaci\u00f3n mec\u00e1nica no invasiva en las \u00faltimas horas, aunque su cuadro cl\u00ednico sigue En Sonora en Equipo publicamos toda la informaci\u00f3n de Sonora, M\u00e9xico y el Mundo de manera oportuna y busca que la libertad de expresi\u00f3n sea real. Visita nuestro medio informativo publicado desde Hermosillo, Sonora. %\",\"breadcrumb\":{\"@id\":\"https:\/\/www.sonoraenequipo.com.mx\/nuevo-parte-medico-del-papa-francisco-sigue-estable-sin-fiebre-y-sin-ventilacion-mecanica\/#breadcrumb\"},\"inLanguage\":\"es\",\"potentialAction\":[{\"@type\":\"ReadAction\",\"target\":[\"https:\/\/www.sonoraenequipo.com.mx\/nuevo-parte-medico-del-papa-francisco-sigue-estable-sin-fiebre-y-sin-ventilacion-mecanica\/\"]}]},{\"@type\":\"ImageObject\",\"inLanguage\":\"es\",\"@id\":\"https:\/\/www.sonoraenequipo.com.mx\/nuevo-parte-medico-del-papa-francisco-sigue-estable-sin-fiebre-y-sin-ventilacion-mecanica\/#primaryimage\",\"url\":\"https:\/\/www.sonoraenequipo.com.mx\/storage\/2025\/03\/papa-Francisco-sigue-enfermo-min-1.jpg\",\"contentUrl\":\"https:\/\/www.sonoraenequipo.com.mx\/storage\/2025\/03\/papa-Francisco-sigue-enfermo-min-1.jpg\",\"width\":900,\"height\":600},{\"@type\":\"BreadcrumbList\",\"@id\":\"https:\/\/www.sonoraenequipo.com.mx\/nuevo-parte-medico-del-papa-francisco-sigue-estable-sin-fiebre-y-sin-ventilacion-mecanica\/#breadcrumb\",\"itemListElement\":[{\"@type\":\"ListItem\",\"position\":1,\"name\":\"Portada\",\"item\":\"https:\/\/www.sonoraenequipo.com.mx\/\"},{\"@type\":\"ListItem\",\"position\":2,\"name\":\"Nuevo parte m\u00e9dico del papa Francisco: sigue \u00abestable\u00bb, sin fiebre y sin ventilaci\u00f3n mec\u00e1nica\"}]},{\"@type\":\"WebSite\",\"@id\":\"https:\/\/www.sonoraenequipo.com.mx\/#website\",\"url\":\"https:\/\/www.sonoraenequipo.com.mx\/\",\"name\":\"Sonora en Equipo.\",\"description\":\"Diario en l\u00ednea con Noticias desde Hermosillo, Sonora\",\"publisher\":{\"@id\":\"https:\/\/www.sonoraenequipo.com.mx\/#organization\"},\"potentialAction\":[{\"@type\":\"SearchAction\",\"target\":{\"@type\":\"EntryPoint\",\"urlTemplate\":\"https:\/\/www.sonoraenequipo.com.mx\/?s={search_term_string}\"},\"query-input\":{\"@type\":\"PropertyValueSpecification\",\"valueRequired\":true,\"valueName\":\"search_term_string\"}}],\"inLanguage\":\"es\"},{\"@type\":\"Organization\",\"@id\":\"https:\/\/www.sonoraenequipo.com.mx\/#organization\",\"name\":\"Sonoraenequipo.com.mx\",\"url\":\"https:\/\/www.sonoraenequipo.com.mx\/\",\"logo\":{\"@type\":\"ImageObject\",\"inLanguage\":\"es\",\"@id\":\"https:\/\/www.sonoraenequipo.com.mx\/#\/schema\/logo\/image\/\",\"url\":\"https:\/\/www.sonoraenequipo.com.mx\/storage\/2019\/01\/sonoraenequipo_opt.png\",\"contentUrl\":\"https:\/\/www.sonoraenequipo.com.mx\/storage\/2019\/01\/sonoraenequipo_opt.png\",\"width\":375,\"height\":125,\"caption\":\"Sonoraenequipo.com.mx\"},\"image\":{\"@id\":\"https:\/\/www.sonoraenequipo.com.mx\/#\/schema\/logo\/image\/\"},\"sameAs\":[\"https:\/\/www.facebook.com\/SonoraEE\/\",\"https:\/\/x.com\/sonoraenequipo\",\"https:\/\/www.youtube.com\/channel\/UC338nW-lPEYmJQs4ZABQ1SQ\"]},{\"@type\":\"Person\",\"@id\":\"https:\/\/www.sonoraenequipo.com.mx\/#\/schema\/person\/50102df0fb23a8fa9e8effad8fa81386\",\"name\":\"enequipo\",\"image\":{\"@type\":\"ImageObject\",\"inLanguage\":\"es\",\"@id\":\"https:\/\/www.sonoraenequipo.com.mx\/#\/schema\/person\/image\/\",\"url\":\"https:\/\/secure.gravatar.com\/avatar\/049821681b589dabc0bc20695993ccebb09f5b5d4d790cd9251b97faac7c652b?s=96&d=blank&r=g\",\"contentUrl\":\"https:\/\/secure.gravatar.com\/avatar\/049821681b589dabc0bc20695993ccebb09f5b5d4d790cd9251b97faac7c652b?s=96&d=blank&r=g\",\"caption\":\"enequipo\"},\"sameAs\":[\"https:\/\/www.facebook.com\/SonoraEE\"]}]}<\/script>\n ","yoast_head_json":{"title":"Sonora en Equipo. Nuevo parte m\u00e9dico del papa Francisco: sigue \"estable\", sin fiebre y sin ventilaci\u00f3n mec\u00e1nica MUNDO","description":"ROMA. \u2014 El papa sigue \"estable\", no tiene fiebre y no ha necesitado ventilaci\u00f3n mec\u00e1nica no invasiva en las \u00faltimas horas, aunque su cuadro cl\u00ednico sigue En Sonora en Equipo publicamos toda la informaci\u00f3n de Sonora, M\u00e9xico y el Mundo de manera oportuna y busca que la libertad de expresi\u00f3n sea real. Visita nuestro medio informativo publicado desde Hermosillo, Sonora. %","robots":{"index":"index","follow":"follow","max-snippet":"max-snippet:-1","max-image-preview":"max-image-preview:large","max-video-preview":"max-video-preview:-1"},"canonical":"https:\/\/www.sonoraenequipo.com.mx\/nuevo-parte-medico-del-papa-francisco-sigue-estable-sin-fiebre-y-sin-ventilacion-mecanica\/","og_locale":"es_ES","og_type":"article","og_title":"Sonora en Equipo. Nuevo parte m\u00e9dico del papa Francisco: sigue \"estable\", sin fiebre y sin ventilaci\u00f3n mec\u00e1nica MUNDO","og_description":"ROMA. \u2014 El papa sigue \"estable\", no tiene fiebre y no ha necesitado ventilaci\u00f3n mec\u00e1nica no invasiva en las \u00faltimas horas, aunque su cuadro cl\u00ednico sigue En Sonora en Equipo publicamos toda la informaci\u00f3n de Sonora, M\u00e9xico y el Mundo de manera oportuna y busca que la libertad de expresi\u00f3n sea real. Visita nuestro medio informativo publicado desde Hermosillo, Sonora. %","og_url":"https:\/\/www.sonoraenequipo.com.mx\/nuevo-parte-medico-del-papa-francisco-sigue-estable-sin-fiebre-y-sin-ventilacion-mecanica\/","og_site_name":"Sonora en Equipo.","article_publisher":"https:\/\/www.facebook.com\/SonoraEE\/","article_author":"https:\/\/www.facebook.com\/SonoraEE","article_published_time":"2025-03-02T17:08:17+00:00","article_modified_time":"2025-03-03T06:14:05+00:00","og_image":[{"width":900,"height":600,"url":"https:\/\/www.sonoraenequipo.com.mx\/storage\/2025\/03\/papa-Francisco-sigue-enfermo-min-1.jpg","type":"image\/jpeg"}],"author":"enequipo","twitter_card":"summary_large_image","twitter_creator":"@sonoraenequipo","twitter_site":"@sonoraenequipo","twitter_misc":{"Escrito por":"enequipo","Tiempo de lectura":"3 minutos"},"schema":{"@context":"https:\/\/schema.org","@graph":[{"@type":"Article","@id":"https:\/\/www.sonoraenequipo.com.mx\/nuevo-parte-medico-del-papa-francisco-sigue-estable-sin-fiebre-y-sin-ventilacion-mecanica\/#article","isPartOf":{"@id":"https:\/\/www.sonoraenequipo.com.mx\/nuevo-parte-medico-del-papa-francisco-sigue-estable-sin-fiebre-y-sin-ventilacion-mecanica\/"},"author":{"name":"enequipo","@id":"https:\/\/www.sonoraenequipo.com.mx\/#\/schema\/person\/50102df0fb23a8fa9e8effad8fa81386"},"headline":"Nuevo parte m\u00e9dico del papa Francisco: sigue \u00abestable\u00bb, sin fiebre y sin ventilaci\u00f3n mec\u00e1nica","datePublished":"2025-03-02T17:08:17+00:00","dateModified":"2025-03-03T06:14:05+00:00","mainEntityOfPage":{"@id":"https:\/\/www.sonoraenequipo.com.mx\/nuevo-parte-medico-del-papa-francisco-sigue-estable-sin-fiebre-y-sin-ventilacion-mecanica\/"},"wordCount":523,"commentCount":0,"publisher":{"@id":"https:\/\/www.sonoraenequipo.com.mx\/#organization"},"image":{"@id":"https:\/\/www.sonoraenequipo.com.mx\/nuevo-parte-medico-del-papa-francisco-sigue-estable-sin-fiebre-y-sin-ventilacion-mecanica\/#primaryimage"},"thumbnailUrl":"https:\/\/www.sonoraenequipo.com.mx\/storage\/2025\/03\/papa-Francisco-sigue-enfermo-min-1.jpg","articleSection":["MUNDO"],"inLanguage":"es","potentialAction":[{"@type":"CommentAction","name":"Comment","target":["https:\/\/www.sonoraenequipo.com.mx\/nuevo-parte-medico-del-papa-francisco-sigue-estable-sin-fiebre-y-sin-ventilacion-mecanica\/#respond"]}]},{"@type":"WebPage","@id":"https:\/\/www.sonoraenequipo.com.mx\/nuevo-parte-medico-del-papa-francisco-sigue-estable-sin-fiebre-y-sin-ventilacion-mecanica\/","url":"https:\/\/www.sonoraenequipo.com.mx\/nuevo-parte-medico-del-papa-francisco-sigue-estable-sin-fiebre-y-sin-ventilacion-mecanica\/","name":"Sonora en Equipo. Nuevo parte m\u00e9dico del papa Francisco: sigue \"estable\", sin fiebre y sin ventilaci\u00f3n mec\u00e1nica MUNDO","isPartOf":{"@id":"https:\/\/www.sonoraenequipo.com.mx\/#website"},"primaryImageOfPage":{"@id":"https:\/\/www.sonoraenequipo.com.mx\/nuevo-parte-medico-del-papa-francisco-sigue-estable-sin-fiebre-y-sin-ventilacion-mecanica\/#primaryimage"},"image":{"@id":"https:\/\/www.sonoraenequipo.com.mx\/nuevo-parte-medico-del-papa-francisco-sigue-estable-sin-fiebre-y-sin-ventilacion-mecanica\/#primaryimage"},"thumbnailUrl":"https:\/\/www.sonoraenequipo.com.mx\/storage\/2025\/03\/papa-Francisco-sigue-enfermo-min-1.jpg","datePublished":"2025-03-02T17:08:17+00:00","dateModified":"2025-03-03T06:14:05+00:00","description":"ROMA. \u2014 El papa sigue \"estable\", no tiene fiebre y no ha necesitado ventilaci\u00f3n mec\u00e1nica no invasiva en las \u00faltimas horas, aunque su cuadro cl\u00ednico sigue En Sonora en Equipo publicamos toda la informaci\u00f3n de Sonora, M\u00e9xico y el Mundo de manera oportuna y busca que la libertad de expresi\u00f3n sea real. Visita nuestro medio informativo publicado desde Hermosillo, Sonora. %","breadcrumb":{"@id":"https:\/\/www.sonoraenequipo.com.mx\/nuevo-parte-medico-del-papa-francisco-sigue-estable-sin-fiebre-y-sin-ventilacion-mecanica\/#breadcrumb"},"inLanguage":"es","potentialAction":[{"@type":"ReadAction","target":["https:\/\/www.sonoraenequipo.com.mx\/nuevo-parte-medico-del-papa-francisco-sigue-estable-sin-fiebre-y-sin-ventilacion-mecanica\/"]}]},{"@type":"ImageObject","inLanguage":"es","@id":"https:\/\/www.sonoraenequipo.com.mx\/nuevo-parte-medico-del-papa-francisco-sigue-estable-sin-fiebre-y-sin-ventilacion-mecanica\/#primaryimage","url":"https:\/\/www.sonoraenequipo.com.mx\/storage\/2025\/03\/papa-Francisco-sigue-enfermo-min-1.jpg","contentUrl":"https:\/\/www.sonoraenequipo.com.mx\/storage\/2025\/03\/papa-Francisco-sigue-enfermo-min-1.jpg","width":900,"height":600},{"@type":"BreadcrumbList","@id":"https:\/\/www.sonoraenequipo.com.mx\/nuevo-parte-medico-del-papa-francisco-sigue-estable-sin-fiebre-y-sin-ventilacion-mecanica\/#breadcrumb","itemListElement":[{"@type":"ListItem","position":1,"name":"Portada","item":"https:\/\/www.sonoraenequipo.com.mx\/"},{"@type":"ListItem","position":2,"name":"Nuevo parte m\u00e9dico del papa Francisco: sigue \u00abestable\u00bb, sin fiebre y sin ventilaci\u00f3n mec\u00e1nica"}]},{"@type":"WebSite","@id":"https:\/\/www.sonoraenequipo.com.mx\/#website","url":"https:\/\/www.sonoraenequipo.com.mx\/","name":"Sonora en Equipo.","description":"Diario en l\u00ednea con Noticias desde Hermosillo, Sonora","publisher":{"@id":"https:\/\/www.sonoraenequipo.com.mx\/#organization"},"potentialAction":[{"@type":"SearchAction","target":{"@type":"EntryPoint","urlTemplate":"https:\/\/www.sonoraenequipo.com.mx\/?s={search_term_string}"},"query-input":{"@type":"PropertyValueSpecification","valueRequired":true,"valueName":"search_term_string"}}],"inLanguage":"es"},{"@type":"Organization","@id":"https:\/\/www.sonoraenequipo.com.mx\/#organization","name":"Sonoraenequipo.com.mx","url":"https:\/\/www.sonoraenequipo.com.mx\/","logo":{"@type":"ImageObject","inLanguage":"es","@id":"https:\/\/www.sonoraenequipo.com.mx\/#\/schema\/logo\/image\/","url":"https:\/\/www.sonoraenequipo.com.mx\/storage\/2019\/01\/sonoraenequipo_opt.png","contentUrl":"https:\/\/www.sonoraenequipo.com.mx\/storage\/2019\/01\/sonoraenequipo_opt.png","width":375,"height":125,"caption":"Sonoraenequipo.com.mx"},"image":{"@id":"https:\/\/www.sonoraenequipo.com.mx\/#\/schema\/logo\/image\/"},"sameAs":["https:\/\/www.facebook.com\/SonoraEE\/","https:\/\/x.com\/sonoraenequipo","https:\/\/www.youtube.com\/channel\/UC338nW-lPEYmJQs4ZABQ1SQ"]},{"@type":"Person","@id":"https:\/\/www.sonoraenequipo.com.mx\/#\/schema\/person\/50102df0fb23a8fa9e8effad8fa81386","name":"enequipo","image":{"@type":"ImageObject","inLanguage":"es","@id":"https:\/\/www.sonoraenequipo.com.mx\/#\/schema\/person\/image\/","url":"https:\/\/secure.gravatar.com\/avatar\/049821681b589dabc0bc20695993ccebb09f5b5d4d790cd9251b97faac7c652b?s=96&d=blank&r=g","contentUrl":"https:\/\/secure.gravatar.com\/avatar\/049821681b589dabc0bc20695993ccebb09f5b5d4d790cd9251b97faac7c652b?s=96&d=blank&r=g","caption":"enequipo"},"sameAs":["https:\/\/www.facebook.com\/SonoraEE"]}]}},"jetpack_featured_media_url":"https:\/\/www.sonoraenequipo.com.mx\/storage\/2025\/03\/papa-Francisco-sigue-enfermo-min-1.jpg","_links":{"self":[{"href":"https:\/\/www.sonoraenequipo.com.mx\/api\/wp\/v2\/posts\/210626","targetHints":{"allow":["GET"]}}],"collection":[{"href":"https:\/\/www.sonoraenequipo.com.mx\/api\/wp\/v2\/posts"}],"about":[{"href":"https:\/\/www.sonoraenequipo.com.mx\/api\/wp\/v2\/types\/post"}],"author":[{"embeddable":true,"href":"https:\/\/www.sonoraenequipo.com.mx\/api\/wp\/v2\/users\/1"}],"replies":[{"embeddable":true,"href":"https:\/\/www.sonoraenequipo.com.mx\/api\/wp\/v2\/comments?post=210626"}],"version-history":[{"count":1,"href":"https:\/\/www.sonoraenequipo.com.mx\/api\/wp\/v2\/posts\/210626\/revisions"}],"predecessor-version":[{"id":210627,"href":"https:\/\/www.sonoraenequipo.com.mx\/api\/wp\/v2\/posts\/210626\/revisions\/210627"}],"wp:featuredmedia":[{"embeddable":true,"href":"https:\/\/www.sonoraenequipo.com.mx\/api\/wp\/v2\/media\/210620"}],"wp:attachment":[{"href":"https:\/\/www.sonoraenequipo.com.mx\/api\/wp\/v2\/media?parent=210626"}],"wp:term":[{"taxonomy":"category","embeddable":true,"href":"https:\/\/www.sonoraenequipo.com.mx\/api\/wp\/v2\/categories?post=210626"},{"taxonomy":"post_tag","embeddable":true,"href":"https:\/\/www.sonoraenequipo.com.mx\/api\/wp\/v2\/tags?post=210626"}],"curies":[{"name":"wp","href":"https:\/\/api.w.org\/{rel}","templated":true}]}}