{"id":210651,"date":"2025-03-03T08:57:12","date_gmt":"2025-03-03T15:57:12","guid":{"rendered":"https:\/\/www.sonoraenequipo.com.mx\/?p=210651"},"modified":"2025-03-03T08:57:12","modified_gmt":"2025-03-03T15:57:12","slug":"el-nuevo-gobierno-de-austria-asume-el-cargo-tras-5-meses-de-negociaciones","status":"publish","type":"post","link":"https:\/\/www.sonoraenequipo.com.mx\/el-nuevo-gobierno-de-austria-asume-el-cargo-tras-5-meses-de-negociaciones\/","title":{"rendered":"El nuevo gobierno de Austria asume el cargo tras 5 meses de negociaciones"},"content":{"rendered":"<p><strong>VIENA, AUSTRIA.<\/strong> \u2014 El nuevo gobierno de Austria asumi\u00f3 el cargo el lunes, y Christian Stocker tom\u00f3 el mando como canciller al frente de una coalici\u00f3n de tres partidos tras una espera de cinco meses para formar un nuevo ejecutivo.<\/p>\n<p>&nbsp;<\/p>\n<p>&nbsp;<\/p>\n<p>&nbsp;<\/p>\n<p>&nbsp;<\/p>\n<p> <br \/>\nEl nuevo gobierno tendr\u00e1 que enfrentar el aumento del desempleo, una recesi\u00f3n y un presupuesto en dificultades. Su acuerdo de coalici\u00f3n, presentado el jueves tras las negociaciones m\u00e1s largas en la Austria de la posguerra, tambi\u00e9n prev\u00e9 estrictas nuevas normas de asilo en el pa\u00eds de nueve millones de personas, que forma parte de la Uni\u00f3n Europea.<\/p>\n<p>&nbsp;<\/p>\n<p>&nbsp;<\/p>\n<h3>El fin de un largo camino<\/h3>\n<p>&nbsp;<\/p>\n<p>&nbsp;<\/p>\n<p>Este es el primer gobierno de tres partidos del pa\u00eds, que re\u00fane al Partido Popular Austr\u00edaco de Stocker, los socialdem\u00f3cratas de centroizquierda y los liberales Neos. La alianza en el centro pol\u00edtico se form\u00f3 en el segundo intento, despu\u00e9s de que el Partido de la Libertad de ultraderecha emergiera como la fuerza pol\u00edtica m\u00e1s fuerte en las elecciones parlamentarias del 29 de septiembre.<\/p>\n<p>&nbsp;<\/p>\n<p>&nbsp;<\/p>\n<p>&nbsp;<\/p>\n<p>&nbsp;<\/p>\n<p>Un primer intento colaps\u00f3 a principios de enero, lo que provoc\u00f3 la dimisi\u00f3n del entonces canciller Karl Nehammer, quien hab\u00eda dicho que su partido no trabajar\u00eda bajo el liderazgo de Herbert Kickl, del Partido de la Libertad. Stocker asumi\u00f3 el liderazgo del Partido Popular de Nehammer y entr\u00f3 en negociaciones con Kickl para una posible coalici\u00f3n, pero estas colapsaron el 12 de febrero en medio de acusaciones mutuas.<\/p>\n<p>&nbsp;<\/p>\n<p>&nbsp;<\/p>\n<p>Despu\u00e9s los tres partidos en el centro renovaron sus esfuerzos por encontrar terreno com\u00fan, evitando la posibilidad de unas elecciones anticipadas.<\/p>\n<p>&nbsp;<\/p>\n<p>&nbsp;<\/p>\n<p>El acuerdo de coalici\u00f3n recibi\u00f3 el domingo un fuerte respaldo de los miembros de Neos, que entra en un gobierno federal por primera vez, en el \u00faltimo tr\u00e1mite antes de que el gobierno pudiera asumir el cargo.<\/p>\n<p>&nbsp;<\/p>\n<p>&nbsp;<\/p>\n<p>\u201cSe podr\u00eda decir \u2018las cosas buenas llegan a quienes esperan\u2019, esa, en cualquier caso, es mi esperanza en vista de los muchos d\u00edas que tom\u00f3 formar este gobierno\u201d, dijo el presidente, Alexander Van der Bellen al tomar juramento al nuevo gobierno.<\/p>\n<p>&nbsp;<\/p>\n<p>&nbsp;<\/p>\n<p>&nbsp;<\/p>\n<p>\u201cEste proceso ciertamente tom\u00f3 mucho tiempo; si resultar\u00e1 bien no est\u00e1 decidido a\u00fan, pero somos positivos y optimistas\u201d, agreg\u00f3. \u201cEso depende de todos nosotros\u201d.<\/p>\n<p>&nbsp;<\/p>\n<p>&nbsp;<\/p>\n<h3>Un nuevo equipo con algunas caras conocidas<\/h3>\n<p>&nbsp;<\/p>\n<p>&nbsp;<\/p>\n<p>Stocker, de 64 a\u00f1os, se convierte en canciller aunque no se postul\u00f3 para el cargo cuando los austriacos votaron en septiembre y no ha servido en un gobierno nacional antes. El l\u00edder socialdem\u00f3crata Andreas Babler es el nuevo vicecanciller.<\/p>\n<p>&nbsp;<\/p>\n<p>&nbsp;<\/p>\n<p>&nbsp;<\/p>\n<p>La l\u00edder de Neos, Beate Meinl-Reisinger, asume como ministra de Exteriores en lugar de Alexander Schallenberg, quien tambi\u00e9n sirvi\u00f3 como canciller interino durante los \u00faltimos dos meses tras la dimisi\u00f3n de Nehammer y no forma parte del nuevo gabinete.<\/p>\n<p>&nbsp;<\/p>\n<p>&nbsp;<\/p>\n<p>&nbsp;<\/p>\n<p>Algunos ministros conservadores del antiguo gobierno mantuvieron sus puestos, en especial el ministro del Interior, Gerhard Karner, y la ministra de Defensa, Klaudia Tanner. Sin embargo, el importante Ministerio de Finanzas pas\u00f3 del Partido Popular a los Socialdem\u00f3cratas, liderado por Markus Marterbauer.<\/p>\n<p>&nbsp;<\/p>\n<p>&nbsp;<\/p>\n<p>PUBLICADO EL 03 DE MARZO DE Con informaci\u00f3n de AP)<\/p>\n","protected":false},"excerpt":{"rendered":"<p>VIENA, AUSTRIA. \u2014 El nuevo gobierno de Austria asumi\u00f3 el cargo el lunes, y Christian&#8230;<\/p>\n","protected":false},"author":1,"featured_media":210641,"comment_status":"open","ping_status":"open","sticky":false,"template":"","format":"standard","meta":{"_monsterinsights_skip_tracking":false,"_monsterinsights_sitenote_active":false,"_monsterinsights_sitenote_note":"","_monsterinsights_sitenote_category":0,"footnotes":""},"categories":[3],"tags":[],"class_list":["post"],"yoast_head":" \n<title>Sonora en Equipo. El nuevo gobierno de Austria asume el cargo tras 5 meses de negociaciones MUNDO<\/title>\n<meta name=\"description\" content=\"VIENA, AUSTRIA. \u2014 El nuevo gobierno de Austria asumi\u00f3 el cargo el lunes, y Christian Stocker tom\u00f3 el mando como canciller al frente de una coalici\u00f3n de En Sonora en Equipo publicamos toda la informaci\u00f3n de Sonora, M\u00e9xico y el Mundo de manera oportuna y busca que la libertad de expresi\u00f3n sea real. Visita nuestro medio informativo publicado desde Hermosillo, Sonora. %\" \/>\n<meta name=\"robots\" content=\"index, follow, max-snippet:-1, max-image-preview:large, max-video-preview:-1\" \/>\n<link rel=\"canonical\" href=\"https:\/\/www.sonoraenequipo.com.mx\/el-nuevo-gobierno-de-austria-asume-el-cargo-tras-5-meses-de-negociaciones\/\" \/>\n<meta property=\"og:locale\" content=\"es_ES\" \/>\n<meta property=\"og:type\" content=\"article\" \/>\n<meta property=\"og:title\" content=\"Sonora en Equipo. El nuevo gobierno de Austria asume el cargo tras 5 meses de negociaciones MUNDO\" \/>\n<meta property=\"og:description\" content=\"VIENA, AUSTRIA. \u2014 El nuevo gobierno de Austria asumi\u00f3 el cargo el lunes, y Christian Stocker tom\u00f3 el mando como canciller al frente de una coalici\u00f3n de En Sonora en Equipo publicamos toda la informaci\u00f3n de Sonora, M\u00e9xico y el Mundo de manera oportuna y busca que la libertad de expresi\u00f3n sea real. Visita nuestro medio informativo publicado desde Hermosillo, Sonora. %\" \/>\n<meta property=\"og:url\" content=\"https:\/\/www.sonoraenequipo.com.mx\/el-nuevo-gobierno-de-austria-asume-el-cargo-tras-5-meses-de-negociaciones\/\" \/>\n<meta property=\"og:site_name\" content=\"Sonora en Equipo.\" \/>\n<meta property=\"article:publisher\" content=\"https:\/\/www.facebook.com\/SonoraEE\/\" \/>\n<meta property=\"article:author\" content=\"https:\/\/www.facebook.com\/SonoraEE\" \/>\n<meta property=\"article:published_time\" content=\"2025-03-03T15:57:12+00:00\" \/>\n<meta property=\"og:image\" content=\"https:\/\/www.sonoraenequipo.com.mx\/storage\/2025\/03\/gobierno-de-austria-asume-funciones-min.jpg\" \/>\n\t<meta property=\"og:image:width\" content=\"900\" \/>\n\t<meta property=\"og:image:height\" content=\"599\" \/>\n\t<meta property=\"og:image:type\" content=\"image\/jpeg\" \/>\n<meta name=\"author\" content=\"enequipo\" \/>\n<meta name=\"twitter:card\" content=\"summary_large_image\" \/>\n<meta name=\"twitter:creator\" content=\"@sonoraenequipo\" \/>\n<meta name=\"twitter:site\" content=\"@sonoraenequipo\" \/>\n<meta name=\"twitter:label1\" content=\"Escrito por\" \/>\n\t<meta name=\"twitter:data1\" content=\"enequipo\" \/>\n\t<meta name=\"twitter:label2\" content=\"Tiempo de lectura\" \/>\n\t<meta name=\"twitter:data2\" content=\"3 minutos\" \/>\n<script type=\"application\/ld+json\" class=\"yoast-schema-graph\">{\"@context\":\"https:\/\/schema.org\",\"@graph\":[{\"@type\":\"Article\",\"@id\":\"https:\/\/www.sonoraenequipo.com.mx\/el-nuevo-gobierno-de-austria-asume-el-cargo-tras-5-meses-de-negociaciones\/#article\",\"isPartOf\":{\"@id\":\"https:\/\/www.sonoraenequipo.com.mx\/el-nuevo-gobierno-de-austria-asume-el-cargo-tras-5-meses-de-negociaciones\/\"},\"author\":{\"name\":\"enequipo\",\"@id\":\"https:\/\/www.sonoraenequipo.com.mx\/#\/schema\/person\/50102df0fb23a8fa9e8effad8fa81386\"},\"headline\":\"El nuevo gobierno de Austria asume el cargo tras 5 meses de negociaciones\",\"datePublished\":\"2025-03-03T15:57:12+00:00\",\"mainEntityOfPage\":{\"@id\":\"https:\/\/www.sonoraenequipo.com.mx\/el-nuevo-gobierno-de-austria-asume-el-cargo-tras-5-meses-de-negociaciones\/\"},\"wordCount\":568,\"commentCount\":0,\"publisher\":{\"@id\":\"https:\/\/www.sonoraenequipo.com.mx\/#organization\"},\"image\":{\"@id\":\"https:\/\/www.sonoraenequipo.com.mx\/el-nuevo-gobierno-de-austria-asume-el-cargo-tras-5-meses-de-negociaciones\/#primaryimage\"},\"thumbnailUrl\":\"https:\/\/www.sonoraenequipo.com.mx\/storage\/2025\/03\/gobierno-de-austria-asume-funciones-min.jpg\",\"articleSection\":[\"MUNDO\"],\"inLanguage\":\"es\",\"potentialAction\":[{\"@type\":\"CommentAction\",\"name\":\"Comment\",\"target\":[\"https:\/\/www.sonoraenequipo.com.mx\/el-nuevo-gobierno-de-austria-asume-el-cargo-tras-5-meses-de-negociaciones\/#respond\"]}]},{\"@type\":\"WebPage\",\"@id\":\"https:\/\/www.sonoraenequipo.com.mx\/el-nuevo-gobierno-de-austria-asume-el-cargo-tras-5-meses-de-negociaciones\/\",\"url\":\"https:\/\/www.sonoraenequipo.com.mx\/el-nuevo-gobierno-de-austria-asume-el-cargo-tras-5-meses-de-negociaciones\/\",\"name\":\"Sonora en Equipo. El nuevo gobierno de Austria asume el cargo tras 5 meses de negociaciones MUNDO\",\"isPartOf\":{\"@id\":\"https:\/\/www.sonoraenequipo.com.mx\/#website\"},\"primaryImageOfPage\":{\"@id\":\"https:\/\/www.sonoraenequipo.com.mx\/el-nuevo-gobierno-de-austria-asume-el-cargo-tras-5-meses-de-negociaciones\/#primaryimage\"},\"image\":{\"@id\":\"https:\/\/www.sonoraenequipo.com.mx\/el-nuevo-gobierno-de-austria-asume-el-cargo-tras-5-meses-de-negociaciones\/#primaryimage\"},\"thumbnailUrl\":\"https:\/\/www.sonoraenequipo.com.mx\/storage\/2025\/03\/gobierno-de-austria-asume-funciones-min.jpg\",\"datePublished\":\"2025-03-03T15:57:12+00:00\",\"description\":\"VIENA, AUSTRIA. \u2014 El nuevo gobierno de Austria asumi\u00f3 el cargo el lunes, y Christian Stocker tom\u00f3 el mando como canciller al frente de una coalici\u00f3n de En Sonora en Equipo publicamos toda la informaci\u00f3n de Sonora, M\u00e9xico y el Mundo de manera oportuna y busca que la libertad de expresi\u00f3n sea real. Visita nuestro medio informativo publicado desde Hermosillo, Sonora. %\",\"breadcrumb\":{\"@id\":\"https:\/\/www.sonoraenequipo.com.mx\/el-nuevo-gobierno-de-austria-asume-el-cargo-tras-5-meses-de-negociaciones\/#breadcrumb\"},\"inLanguage\":\"es\",\"potentialAction\":[{\"@type\":\"ReadAction\",\"target\":[\"https:\/\/www.sonoraenequipo.com.mx\/el-nuevo-gobierno-de-austria-asume-el-cargo-tras-5-meses-de-negociaciones\/\"]}]},{\"@type\":\"ImageObject\",\"inLanguage\":\"es\",\"@id\":\"https:\/\/www.sonoraenequipo.com.mx\/el-nuevo-gobierno-de-austria-asume-el-cargo-tras-5-meses-de-negociaciones\/#primaryimage\",\"url\":\"https:\/\/www.sonoraenequipo.com.mx\/storage\/2025\/03\/gobierno-de-austria-asume-funciones-min.jpg\",\"contentUrl\":\"https:\/\/www.sonoraenequipo.com.mx\/storage\/2025\/03\/gobierno-de-austria-asume-funciones-min.jpg\",\"width\":900,\"height\":599},{\"@type\":\"BreadcrumbList\",\"@id\":\"https:\/\/www.sonoraenequipo.com.mx\/el-nuevo-gobierno-de-austria-asume-el-cargo-tras-5-meses-de-negociaciones\/#breadcrumb\",\"itemListElement\":[{\"@type\":\"ListItem\",\"position\":1,\"name\":\"Portada\",\"item\":\"https:\/\/www.sonoraenequipo.com.mx\/\"},{\"@type\":\"ListItem\",\"position\":2,\"name\":\"El nuevo gobierno de Austria asume el cargo tras 5 meses de negociaciones\"}]},{\"@type\":\"WebSite\",\"@id\":\"https:\/\/www.sonoraenequipo.com.mx\/#website\",\"url\":\"https:\/\/www.sonoraenequipo.com.mx\/\",\"name\":\"Sonora en Equipo.\",\"description\":\"Diario en l\u00ednea con Noticias desde Hermosillo, Sonora\",\"publisher\":{\"@id\":\"https:\/\/www.sonoraenequipo.com.mx\/#organization\"},\"potentialAction\":[{\"@type\":\"SearchAction\",\"target\":{\"@type\":\"EntryPoint\",\"urlTemplate\":\"https:\/\/www.sonoraenequipo.com.mx\/?s={search_term_string}\"},\"query-input\":{\"@type\":\"PropertyValueSpecification\",\"valueRequired\":true,\"valueName\":\"search_term_string\"}}],\"inLanguage\":\"es\"},{\"@type\":\"Organization\",\"@id\":\"https:\/\/www.sonoraenequipo.com.mx\/#organization\",\"name\":\"Sonoraenequipo.com.mx\",\"url\":\"https:\/\/www.sonoraenequipo.com.mx\/\",\"logo\":{\"@type\":\"ImageObject\",\"inLanguage\":\"es\",\"@id\":\"https:\/\/www.sonoraenequipo.com.mx\/#\/schema\/logo\/image\/\",\"url\":\"https:\/\/www.sonoraenequipo.com.mx\/storage\/2019\/01\/sonoraenequipo_opt.png\",\"contentUrl\":\"https:\/\/www.sonoraenequipo.com.mx\/storage\/2019\/01\/sonoraenequipo_opt.png\",\"width\":375,\"height\":125,\"caption\":\"Sonoraenequipo.com.mx\"},\"image\":{\"@id\":\"https:\/\/www.sonoraenequipo.com.mx\/#\/schema\/logo\/image\/\"},\"sameAs\":[\"https:\/\/www.facebook.com\/SonoraEE\/\",\"https:\/\/x.com\/sonoraenequipo\",\"https:\/\/www.youtube.com\/channel\/UC338nW-lPEYmJQs4ZABQ1SQ\"]},{\"@type\":\"Person\",\"@id\":\"https:\/\/www.sonoraenequipo.com.mx\/#\/schema\/person\/50102df0fb23a8fa9e8effad8fa81386\",\"name\":\"enequipo\",\"image\":{\"@type\":\"ImageObject\",\"inLanguage\":\"es\",\"@id\":\"https:\/\/www.sonoraenequipo.com.mx\/#\/schema\/person\/image\/\",\"url\":\"https:\/\/secure.gravatar.com\/avatar\/049821681b589dabc0bc20695993ccebb09f5b5d4d790cd9251b97faac7c652b?s=96&d=blank&r=g\",\"contentUrl\":\"https:\/\/secure.gravatar.com\/avatar\/049821681b589dabc0bc20695993ccebb09f5b5d4d790cd9251b97faac7c652b?s=96&d=blank&r=g\",\"caption\":\"enequipo\"},\"sameAs\":[\"https:\/\/www.facebook.com\/SonoraEE\"]}]}<\/script>\n ","yoast_head_json":{"title":"Sonora en Equipo. El nuevo gobierno de Austria asume el cargo tras 5 meses de negociaciones MUNDO","description":"VIENA, AUSTRIA. \u2014 El nuevo gobierno de Austria asumi\u00f3 el cargo el lunes, y Christian Stocker tom\u00f3 el mando como canciller al frente de una coalici\u00f3n de En Sonora en Equipo publicamos toda la informaci\u00f3n de Sonora, M\u00e9xico y el Mundo de manera oportuna y busca que la libertad de expresi\u00f3n sea real. Visita nuestro medio informativo publicado desde Hermosillo, Sonora. %","robots":{"index":"index","follow":"follow","max-snippet":"max-snippet:-1","max-image-preview":"max-image-preview:large","max-video-preview":"max-video-preview:-1"},"canonical":"https:\/\/www.sonoraenequipo.com.mx\/el-nuevo-gobierno-de-austria-asume-el-cargo-tras-5-meses-de-negociaciones\/","og_locale":"es_ES","og_type":"article","og_title":"Sonora en Equipo. El nuevo gobierno de Austria asume el cargo tras 5 meses de negociaciones MUNDO","og_description":"VIENA, AUSTRIA. \u2014 El nuevo gobierno de Austria asumi\u00f3 el cargo el lunes, y Christian Stocker tom\u00f3 el mando como canciller al frente de una coalici\u00f3n de En Sonora en Equipo publicamos toda la informaci\u00f3n de Sonora, M\u00e9xico y el Mundo de manera oportuna y busca que la libertad de expresi\u00f3n sea real. Visita nuestro medio informativo publicado desde Hermosillo, Sonora. %","og_url":"https:\/\/www.sonoraenequipo.com.mx\/el-nuevo-gobierno-de-austria-asume-el-cargo-tras-5-meses-de-negociaciones\/","og_site_name":"Sonora en Equipo.","article_publisher":"https:\/\/www.facebook.com\/SonoraEE\/","article_author":"https:\/\/www.facebook.com\/SonoraEE","article_published_time":"2025-03-03T15:57:12+00:00","og_image":[{"width":900,"height":599,"url":"https:\/\/www.sonoraenequipo.com.mx\/storage\/2025\/03\/gobierno-de-austria-asume-funciones-min.jpg","type":"image\/jpeg"}],"author":"enequipo","twitter_card":"summary_large_image","twitter_creator":"@sonoraenequipo","twitter_site":"@sonoraenequipo","twitter_misc":{"Escrito por":"enequipo","Tiempo de lectura":"3 minutos"},"schema":{"@context":"https:\/\/schema.org","@graph":[{"@type":"Article","@id":"https:\/\/www.sonoraenequipo.com.mx\/el-nuevo-gobierno-de-austria-asume-el-cargo-tras-5-meses-de-negociaciones\/#article","isPartOf":{"@id":"https:\/\/www.sonoraenequipo.com.mx\/el-nuevo-gobierno-de-austria-asume-el-cargo-tras-5-meses-de-negociaciones\/"},"author":{"name":"enequipo","@id":"https:\/\/www.sonoraenequipo.com.mx\/#\/schema\/person\/50102df0fb23a8fa9e8effad8fa81386"},"headline":"El nuevo gobierno de Austria asume el cargo tras 5 meses de negociaciones","datePublished":"2025-03-03T15:57:12+00:00","mainEntityOfPage":{"@id":"https:\/\/www.sonoraenequipo.com.mx\/el-nuevo-gobierno-de-austria-asume-el-cargo-tras-5-meses-de-negociaciones\/"},"wordCount":568,"commentCount":0,"publisher":{"@id":"https:\/\/www.sonoraenequipo.com.mx\/#organization"},"image":{"@id":"https:\/\/www.sonoraenequipo.com.mx\/el-nuevo-gobierno-de-austria-asume-el-cargo-tras-5-meses-de-negociaciones\/#primaryimage"},"thumbnailUrl":"https:\/\/www.sonoraenequipo.com.mx\/storage\/2025\/03\/gobierno-de-austria-asume-funciones-min.jpg","articleSection":["MUNDO"],"inLanguage":"es","potentialAction":[{"@type":"CommentAction","name":"Comment","target":["https:\/\/www.sonoraenequipo.com.mx\/el-nuevo-gobierno-de-austria-asume-el-cargo-tras-5-meses-de-negociaciones\/#respond"]}]},{"@type":"WebPage","@id":"https:\/\/www.sonoraenequipo.com.mx\/el-nuevo-gobierno-de-austria-asume-el-cargo-tras-5-meses-de-negociaciones\/","url":"https:\/\/www.sonoraenequipo.com.mx\/el-nuevo-gobierno-de-austria-asume-el-cargo-tras-5-meses-de-negociaciones\/","name":"Sonora en Equipo. El nuevo gobierno de Austria asume el cargo tras 5 meses de negociaciones MUNDO","isPartOf":{"@id":"https:\/\/www.sonoraenequipo.com.mx\/#website"},"primaryImageOfPage":{"@id":"https:\/\/www.sonoraenequipo.com.mx\/el-nuevo-gobierno-de-austria-asume-el-cargo-tras-5-meses-de-negociaciones\/#primaryimage"},"image":{"@id":"https:\/\/www.sonoraenequipo.com.mx\/el-nuevo-gobierno-de-austria-asume-el-cargo-tras-5-meses-de-negociaciones\/#primaryimage"},"thumbnailUrl":"https:\/\/www.sonoraenequipo.com.mx\/storage\/2025\/03\/gobierno-de-austria-asume-funciones-min.jpg","datePublished":"2025-03-03T15:57:12+00:00","description":"VIENA, AUSTRIA. \u2014 El nuevo gobierno de Austria asumi\u00f3 el cargo el lunes, y Christian Stocker tom\u00f3 el mando como canciller al frente de una coalici\u00f3n de En Sonora en Equipo publicamos toda la informaci\u00f3n de Sonora, M\u00e9xico y el Mundo de manera oportuna y busca que la libertad de expresi\u00f3n sea real. Visita nuestro medio informativo publicado desde Hermosillo, Sonora. %","breadcrumb":{"@id":"https:\/\/www.sonoraenequipo.com.mx\/el-nuevo-gobierno-de-austria-asume-el-cargo-tras-5-meses-de-negociaciones\/#breadcrumb"},"inLanguage":"es","potentialAction":[{"@type":"ReadAction","target":["https:\/\/www.sonoraenequipo.com.mx\/el-nuevo-gobierno-de-austria-asume-el-cargo-tras-5-meses-de-negociaciones\/"]}]},{"@type":"ImageObject","inLanguage":"es","@id":"https:\/\/www.sonoraenequipo.com.mx\/el-nuevo-gobierno-de-austria-asume-el-cargo-tras-5-meses-de-negociaciones\/#primaryimage","url":"https:\/\/www.sonoraenequipo.com.mx\/storage\/2025\/03\/gobierno-de-austria-asume-funciones-min.jpg","contentUrl":"https:\/\/www.sonoraenequipo.com.mx\/storage\/2025\/03\/gobierno-de-austria-asume-funciones-min.jpg","width":900,"height":599},{"@type":"BreadcrumbList","@id":"https:\/\/www.sonoraenequipo.com.mx\/el-nuevo-gobierno-de-austria-asume-el-cargo-tras-5-meses-de-negociaciones\/#breadcrumb","itemListElement":[{"@type":"ListItem","position":1,"name":"Portada","item":"https:\/\/www.sonoraenequipo.com.mx\/"},{"@type":"ListItem","position":2,"name":"El nuevo gobierno de Austria asume el cargo tras 5 meses de negociaciones"}]},{"@type":"WebSite","@id":"https:\/\/www.sonoraenequipo.com.mx\/#website","url":"https:\/\/www.sonoraenequipo.com.mx\/","name":"Sonora en Equipo.","description":"Diario en l\u00ednea con Noticias desde Hermosillo, Sonora","publisher":{"@id":"https:\/\/www.sonoraenequipo.com.mx\/#organization"},"potentialAction":[{"@type":"SearchAction","target":{"@type":"EntryPoint","urlTemplate":"https:\/\/www.sonoraenequipo.com.mx\/?s={search_term_string}"},"query-input":{"@type":"PropertyValueSpecification","valueRequired":true,"valueName":"search_term_string"}}],"inLanguage":"es"},{"@type":"Organization","@id":"https:\/\/www.sonoraenequipo.com.mx\/#organization","name":"Sonoraenequipo.com.mx","url":"https:\/\/www.sonoraenequipo.com.mx\/","logo":{"@type":"ImageObject","inLanguage":"es","@id":"https:\/\/www.sonoraenequipo.com.mx\/#\/schema\/logo\/image\/","url":"https:\/\/www.sonoraenequipo.com.mx\/storage\/2019\/01\/sonoraenequipo_opt.png","contentUrl":"https:\/\/www.sonoraenequipo.com.mx\/storage\/2019\/01\/sonoraenequipo_opt.png","width":375,"height":125,"caption":"Sonoraenequipo.com.mx"},"image":{"@id":"https:\/\/www.sonoraenequipo.com.mx\/#\/schema\/logo\/image\/"},"sameAs":["https:\/\/www.facebook.com\/SonoraEE\/","https:\/\/x.com\/sonoraenequipo","https:\/\/www.youtube.com\/channel\/UC338nW-lPEYmJQs4ZABQ1SQ"]},{"@type":"Person","@id":"https:\/\/www.sonoraenequipo.com.mx\/#\/schema\/person\/50102df0fb23a8fa9e8effad8fa81386","name":"enequipo","image":{"@type":"ImageObject","inLanguage":"es","@id":"https:\/\/www.sonoraenequipo.com.mx\/#\/schema\/person\/image\/","url":"https:\/\/secure.gravatar.com\/avatar\/049821681b589dabc0bc20695993ccebb09f5b5d4d790cd9251b97faac7c652b?s=96&d=blank&r=g","contentUrl":"https:\/\/secure.gravatar.com\/avatar\/049821681b589dabc0bc20695993ccebb09f5b5d4d790cd9251b97faac7c652b?s=96&d=blank&r=g","caption":"enequipo"},"sameAs":["https:\/\/www.facebook.com\/SonoraEE"]}]}},"jetpack_featured_media_url":"https:\/\/www.sonoraenequipo.com.mx\/storage\/2025\/03\/gobierno-de-austria-asume-funciones-min.jpg","_links":{"self":[{"href":"https:\/\/www.sonoraenequipo.com.mx\/api\/wp\/v2\/posts\/210651","targetHints":{"allow":["GET"]}}],"collection":[{"href":"https:\/\/www.sonoraenequipo.com.mx\/api\/wp\/v2\/posts"}],"about":[{"href":"https:\/\/www.sonoraenequipo.com.mx\/api\/wp\/v2\/types\/post"}],"author":[{"embeddable":true,"href":"https:\/\/www.sonoraenequipo.com.mx\/api\/wp\/v2\/users\/1"}],"replies":[{"embeddable":true,"href":"https:\/\/www.sonoraenequipo.com.mx\/api\/wp\/v2\/comments?post=210651"}],"version-history":[{"count":1,"href":"https:\/\/www.sonoraenequipo.com.mx\/api\/wp\/v2\/posts\/210651\/revisions"}],"predecessor-version":[{"id":210652,"href":"https:\/\/www.sonoraenequipo.com.mx\/api\/wp\/v2\/posts\/210651\/revisions\/210652"}],"wp:featuredmedia":[{"embeddable":true,"href":"https:\/\/www.sonoraenequipo.com.mx\/api\/wp\/v2\/media\/210641"}],"wp:attachment":[{"href":"https:\/\/www.sonoraenequipo.com.mx\/api\/wp\/v2\/media?parent=210651"}],"wp:term":[{"taxonomy":"category","embeddable":true,"href":"https:\/\/www.sonoraenequipo.com.mx\/api\/wp\/v2\/categories?post=210651"},{"taxonomy":"post_tag","embeddable":true,"href":"https:\/\/www.sonoraenequipo.com.mx\/api\/wp\/v2\/tags?post=210651"}],"curies":[{"name":"wp","href":"https:\/\/api.w.org\/{rel}","templated":true}]}}