{"id":210653,"date":"2025-03-03T09:17:21","date_gmt":"2025-03-03T16:17:21","guid":{"rendered":"https:\/\/www.sonoraenequipo.com.mx\/?p=210653"},"modified":"2025-03-03T10:05:59","modified_gmt":"2025-03-03T17:05:59","slug":"sheinbaum-pide-esperar-sobre-aranceles-de-eu-a-mexico-todo-es-posible","status":"publish","type":"post","link":"https:\/\/www.sonoraenequipo.com.mx\/sheinbaum-pide-esperar-sobre-aranceles-de-eu-a-mexico-todo-es-posible\/","title":{"rendered":"Sheinbaum pide esperar sobre aranceles de EU a M\u00e9xico: \u2018Todo es posible\u2019"},"content":{"rendered":"<p>Estos son los temas m\u00e1s importantes de la conferencia matutina de la presidenta Sheinbaum.<\/p>\n<p>La presidenta Claudia Sheinbaum encabeza la conferencia \u2018ma\u00f1anera\u2019 de este lunes 3 de marzo desde Palacio Nacional en compa\u00f1\u00eda del titular de la Procuradur\u00eda Federal del Consumidor, Iv\u00e1n Escalante.<\/p>\n<p><strong>\u00bfQu\u00e9 dijo Sheinbaum sobre la detenci\u00f3n de colaboradores del exgobernador de Michoac\u00e1n, Silvano Aureoles?<\/strong><\/p>\n<p>Al ser cuestionada sobre la detenci\u00f3n de colaboradores del exgobernador de Michoac\u00e1n, Silvano Aureoles, y la b\u00fasqueda del exmandatario estatal, la presidenta dijo que no tiene mayores detalles.<\/p>\n<p>Sheinbaum agreg\u00f3 que se trata de una carpeta de investigaci\u00f3n que la Fiscal\u00eda General de la Rep\u00fablica (FGR) tiene desde hace varios a\u00f1os y corresponde a dicha dependencia dar seguimiento e informar al respecto.<\/p>\n<p>\u201cEs un asunto de la fiscal\u00eda y viene desde hace a\u00f1os la carpeta de investigaci\u00f3n, no es un asunto del gabinete ni de la presidenta\u201d, a\u00f1adi\u00f3 Claudia Sheinbaum.<\/p>\n<h3>Sheinbaum pide esperar sobre aranceles de EU a M\u00e9xico: \u2018No hay que generar incertidumbre\u2019<\/h3>\n<p>A menos de 24 horas de que entre en vigor la imposici\u00f3n de aranceles a M\u00e9xico, anunciada por Estados Unidos, la presidenta Claudia Sheinbaum pidi\u00f3 esperar y tener paciencia para saber si se frenar\u00e1n o no los grav\u00e1menes.<\/p>\n<p>\u201cVamos a esperar qu\u00e9 pasa, hay que tener temple, serenidad y paciencia. Esperemos al d\u00eda de hoy, todo es posible. Hay que recordar que tenemos plan A, plan B, plan C\u201d, apunt\u00f3.<\/p>\n<h3>Beca Rita Cetina: \u00bfCu\u00e1ndo comenzar\u00e1 el pago del bimestre enero-febrero?<\/h3>\n<p>El secretario de Educaci\u00f3n P\u00fablica, Mario Delgado, inform\u00f3 que a partir del martes 4 de marzo comenzar\u00e1 el pago del bimestre enero-febrero de la Beca Rita Cetina.<\/p>\n<p>En total, suman 7 millones 106 mil 726 beneficiarios y se dispersar\u00e1 un monto de 14, 818, 877, 300 pesos.<\/p>\n<p>Los pagos de la nueva beca impulsada por la presidenta Claudia Sheinbaum se realizar\u00e1n durante marzo para terminar el pr\u00f3ximo lunes 24.<\/p>\n<p>Los dep\u00f3sitos tambi\u00e9n se realizar\u00e1n por orden alfab\u00e9tico, comenzando por la primera letra del apellido paterno. Este es el calendario para marzo:<\/p>\n<h3>Sheinbaum confirma pago doble de Pensi\u00f3n del Bienestar: Este es el calendario de pagos en marzo<\/h3>\n<p><img loading=\"lazy\" decoding=\"async\" class=\"x-none size-full \" src=\"https:\/\/www.sonoraenequipo.com.mx\/storage\/2025\/03\/Calendario-de-pagos.-mar-abr-2025-min-1.jpg\" alt=\"\" width=\"1012\" height=\"565\" \/><\/p>\n<p>La secretaria del Bienestar, Ariadna Montiel, inform\u00f3 que a partir de este lunes 3 de marzo comienza el pago de la Pensi\u00f3n Bienestar para adultos mayores que corresponde al bimestre marzo-abril.<\/p>\n<p>Adem\u00e1s, confirm\u00f3 que en Durango y Veracruz habr\u00e1 pago doble este bimestre debido al proceso electoral que se realizar\u00e1 este a\u00f1o.<\/p>\n<p>La dispersi\u00f3n de pagos ser\u00e1 en marzo y terminar\u00e1 el pr\u00f3ximo jueves 27 para realizar los dep\u00f3sitos de lunes a viernes y por orden alfab\u00e9tico.<\/p>\n<p>Este es el calendario de pagos para la Pensi\u00f3n del Bienestar para adultos mayores, personas con discapacidad y de la Pensi\u00f3n Mujeres Bienestar:<\/p>\n<p>Este es el calendario de pagos de la Pensi\u00f3n Bienestar para adultos mayores para el bimestre marzo-abril.<\/p>\n<h3>Operativo \u2018No cargues aqu\u00ed\u2019: \u00bfCu\u00e1ntas lonas ha instalado Profeco en las gasolineras?<\/h3>\n<p>La presidenta Claudia Sheinbaum record\u00f3 que este lunes entra en vigor el acuerdo del precio \u2018tope\u2019 de la gasolina regular para venderla en 24 pesos por litro, por lo que Iv\u00e1n Escalante, titular de Profeco, explic\u00f3 que se hizo un operativo especial para monitorear a las gasolineras.<\/p>\n<p>Escalante inform\u00f3 que desde el inicio del operativo, el pasado 8 de enero, Profeco realiz\u00f3 40 visitas de verificaci\u00f3n en 15 estados y como resultado, se colocaron hasta 40 lonas, de las cuales en 6 estaciones se baj\u00f3 el precio de los combustibles.<\/p>\n<p>A partir de la firma del acuerdo, las estaciones est\u00e1n ajustando los precios para no rebasar el \u2018tope\u2019 fijado<\/p>\n<p><iframe loading=\"lazy\" title=\"Hay tranquilidad ante posibles aranceles de Estados Unidos. Conferencia presidenta Sheinbaum\" width=\"640\" height=\"360\" src=\"https:\/\/www.youtube.com\/embed\/ebQvZoYbj8w?feature=oembed\" frameborder=\"0\" allow=\"accelerometer; autoplay; clipboard-write; encrypted-media; gyroscope; picture-in-picture; web-share\" referrerpolicy=\"strict-origin-when-cross-origin\" allowfullscreen><\/iframe><\/p>\n<p>PUBLICADO EL 03 DE MARZO DE Con informaci\u00f3n de Conferencia matutina presidencial)<\/p>\n","protected":false},"excerpt":{"rendered":"<p>Estos son los temas m\u00e1s importantes de la conferencia matutina de la presidenta Sheinbaum. La&#8230;<\/p>\n","protected":false},"author":1,"featured_media":210657,"comment_status":"open","ping_status":"open","sticky":false,"template":"","format":"standard","meta":{"_monsterinsights_skip_tracking":false,"_monsterinsights_sitenote_active":false,"_monsterinsights_sitenote_note":"","_monsterinsights_sitenote_category":0,"footnotes":""},"categories":[5],"tags":[],"class_list":["post"],"yoast_head":" \n<title>Sonora en Equipo. Sheinbaum pide esperar sobre aranceles de EU a M\u00e9xico: \u2018Todo es posible\u2019 Rep\u00fablica<\/title>\n<meta name=\"description\" content=\"Estos son los temas m\u00e1s importantes de la conferencia matutina de la presidenta Sheinbaum. La presidenta Claudia Sheinbaum encabeza la conferencia En Sonora en Equipo publicamos toda la informaci\u00f3n de Sonora, M\u00e9xico y el Mundo de manera oportuna y busca que la libertad de expresi\u00f3n sea real. Visita nuestro medio informativo publicado desde Hermosillo, Sonora. %\" \/>\n<meta name=\"robots\" content=\"index, follow, max-snippet:-1, max-image-preview:large, max-video-preview:-1\" \/>\n<link rel=\"canonical\" href=\"https:\/\/www.sonoraenequipo.com.mx\/sheinbaum-pide-esperar-sobre-aranceles-de-eu-a-mexico-todo-es-posible\/\" \/>\n<meta property=\"og:locale\" content=\"es_ES\" \/>\n<meta property=\"og:type\" content=\"article\" \/>\n<meta property=\"og:title\" content=\"Sonora en Equipo. Sheinbaum pide esperar sobre aranceles de EU a M\u00e9xico: \u2018Todo es posible\u2019 Rep\u00fablica\" \/>\n<meta property=\"og:description\" content=\"Estos son los temas m\u00e1s importantes de la conferencia matutina de la presidenta Sheinbaum. La presidenta Claudia Sheinbaum encabeza la conferencia En Sonora en Equipo publicamos toda la informaci\u00f3n de Sonora, M\u00e9xico y el Mundo de manera oportuna y busca que la libertad de expresi\u00f3n sea real. Visita nuestro medio informativo publicado desde Hermosillo, Sonora. %\" \/>\n<meta property=\"og:url\" content=\"https:\/\/www.sonoraenequipo.com.mx\/sheinbaum-pide-esperar-sobre-aranceles-de-eu-a-mexico-todo-es-posible\/\" \/>\n<meta property=\"og:site_name\" content=\"Sonora en Equipo.\" \/>\n<meta property=\"article:publisher\" content=\"https:\/\/www.facebook.com\/SonoraEE\/\" \/>\n<meta property=\"article:author\" content=\"https:\/\/www.facebook.com\/SonoraEE\" \/>\n<meta property=\"article:published_time\" content=\"2025-03-03T16:17:21+00:00\" \/>\n<meta property=\"article:modified_time\" content=\"2025-03-03T17:05:59+00:00\" \/>\n<meta property=\"og:image\" content=\"https:\/\/www.sonoraenequipo.com.mx\/storage\/2025\/03\/claudia-sheinbaum.presidenta-de-Mexico-min.jpg\" \/>\n\t<meta property=\"og:image:width\" content=\"970\" \/>\n\t<meta property=\"og:image:height\" content=\"608\" \/>\n\t<meta property=\"og:image:type\" content=\"image\/jpeg\" \/>\n<meta name=\"author\" content=\"enequipo\" \/>\n<meta name=\"twitter:card\" content=\"summary_large_image\" \/>\n<meta name=\"twitter:creator\" content=\"@sonoraenequipo\" \/>\n<meta name=\"twitter:site\" content=\"@sonoraenequipo\" \/>\n<meta name=\"twitter:label1\" content=\"Escrito por\" \/>\n\t<meta name=\"twitter:data1\" content=\"enequipo\" \/>\n\t<meta name=\"twitter:label2\" content=\"Tiempo de lectura\" \/>\n\t<meta name=\"twitter:data2\" content=\"3 minutos\" \/>\n<script type=\"application\/ld+json\" class=\"yoast-schema-graph\">{\"@context\":\"https:\/\/schema.org\",\"@graph\":[{\"@type\":\"Article\",\"@id\":\"https:\/\/www.sonoraenequipo.com.mx\/sheinbaum-pide-esperar-sobre-aranceles-de-eu-a-mexico-todo-es-posible\/#article\",\"isPartOf\":{\"@id\":\"https:\/\/www.sonoraenequipo.com.mx\/sheinbaum-pide-esperar-sobre-aranceles-de-eu-a-mexico-todo-es-posible\/\"},\"author\":{\"name\":\"enequipo\",\"@id\":\"https:\/\/www.sonoraenequipo.com.mx\/#\/schema\/person\/50102df0fb23a8fa9e8effad8fa81386\"},\"headline\":\"Sheinbaum pide esperar sobre aranceles de EU a M\u00e9xico: \u2018Todo es posible\u2019\",\"datePublished\":\"2025-03-03T16:17:21+00:00\",\"dateModified\":\"2025-03-03T17:05:59+00:00\",\"mainEntityOfPage\":{\"@id\":\"https:\/\/www.sonoraenequipo.com.mx\/sheinbaum-pide-esperar-sobre-aranceles-de-eu-a-mexico-todo-es-posible\/\"},\"wordCount\":648,\"commentCount\":0,\"publisher\":{\"@id\":\"https:\/\/www.sonoraenequipo.com.mx\/#organization\"},\"image\":{\"@id\":\"https:\/\/www.sonoraenequipo.com.mx\/sheinbaum-pide-esperar-sobre-aranceles-de-eu-a-mexico-todo-es-posible\/#primaryimage\"},\"thumbnailUrl\":\"https:\/\/www.sonoraenequipo.com.mx\/storage\/2025\/03\/claudia-sheinbaum.presidenta-de-Mexico-min.jpg\",\"articleSection\":[\"Rep\u00fablica\"],\"inLanguage\":\"es\",\"potentialAction\":[{\"@type\":\"CommentAction\",\"name\":\"Comment\",\"target\":[\"https:\/\/www.sonoraenequipo.com.mx\/sheinbaum-pide-esperar-sobre-aranceles-de-eu-a-mexico-todo-es-posible\/#respond\"]}]},{\"@type\":\"WebPage\",\"@id\":\"https:\/\/www.sonoraenequipo.com.mx\/sheinbaum-pide-esperar-sobre-aranceles-de-eu-a-mexico-todo-es-posible\/\",\"url\":\"https:\/\/www.sonoraenequipo.com.mx\/sheinbaum-pide-esperar-sobre-aranceles-de-eu-a-mexico-todo-es-posible\/\",\"name\":\"Sonora en Equipo. Sheinbaum pide esperar sobre aranceles de EU a M\u00e9xico: \u2018Todo es posible\u2019 Rep\u00fablica\",\"isPartOf\":{\"@id\":\"https:\/\/www.sonoraenequipo.com.mx\/#website\"},\"primaryImageOfPage\":{\"@id\":\"https:\/\/www.sonoraenequipo.com.mx\/sheinbaum-pide-esperar-sobre-aranceles-de-eu-a-mexico-todo-es-posible\/#primaryimage\"},\"image\":{\"@id\":\"https:\/\/www.sonoraenequipo.com.mx\/sheinbaum-pide-esperar-sobre-aranceles-de-eu-a-mexico-todo-es-posible\/#primaryimage\"},\"thumbnailUrl\":\"https:\/\/www.sonoraenequipo.com.mx\/storage\/2025\/03\/claudia-sheinbaum.presidenta-de-Mexico-min.jpg\",\"datePublished\":\"2025-03-03T16:17:21+00:00\",\"dateModified\":\"2025-03-03T17:05:59+00:00\",\"description\":\"Estos son los temas m\u00e1s importantes de la conferencia matutina de la presidenta Sheinbaum. La presidenta Claudia Sheinbaum encabeza la conferencia En Sonora en Equipo publicamos toda la informaci\u00f3n de Sonora, M\u00e9xico y el Mundo de manera oportuna y busca que la libertad de expresi\u00f3n sea real. Visita nuestro medio informativo publicado desde Hermosillo, Sonora. %\",\"breadcrumb\":{\"@id\":\"https:\/\/www.sonoraenequipo.com.mx\/sheinbaum-pide-esperar-sobre-aranceles-de-eu-a-mexico-todo-es-posible\/#breadcrumb\"},\"inLanguage\":\"es\",\"potentialAction\":[{\"@type\":\"ReadAction\",\"target\":[\"https:\/\/www.sonoraenequipo.com.mx\/sheinbaum-pide-esperar-sobre-aranceles-de-eu-a-mexico-todo-es-posible\/\"]}]},{\"@type\":\"ImageObject\",\"inLanguage\":\"es\",\"@id\":\"https:\/\/www.sonoraenequipo.com.mx\/sheinbaum-pide-esperar-sobre-aranceles-de-eu-a-mexico-todo-es-posible\/#primaryimage\",\"url\":\"https:\/\/www.sonoraenequipo.com.mx\/storage\/2025\/03\/claudia-sheinbaum.presidenta-de-Mexico-min.jpg\",\"contentUrl\":\"https:\/\/www.sonoraenequipo.com.mx\/storage\/2025\/03\/claudia-sheinbaum.presidenta-de-Mexico-min.jpg\",\"width\":970,\"height\":608},{\"@type\":\"BreadcrumbList\",\"@id\":\"https:\/\/www.sonoraenequipo.com.mx\/sheinbaum-pide-esperar-sobre-aranceles-de-eu-a-mexico-todo-es-posible\/#breadcrumb\",\"itemListElement\":[{\"@type\":\"ListItem\",\"position\":1,\"name\":\"Portada\",\"item\":\"https:\/\/www.sonoraenequipo.com.mx\/\"},{\"@type\":\"ListItem\",\"position\":2,\"name\":\"Sheinbaum pide esperar sobre aranceles de EU a M\u00e9xico: \u2018Todo es posible\u2019\"}]},{\"@type\":\"WebSite\",\"@id\":\"https:\/\/www.sonoraenequipo.com.mx\/#website\",\"url\":\"https:\/\/www.sonoraenequipo.com.mx\/\",\"name\":\"Sonora en Equipo.\",\"description\":\"Diario en l\u00ednea con Noticias desde Hermosillo, Sonora\",\"publisher\":{\"@id\":\"https:\/\/www.sonoraenequipo.com.mx\/#organization\"},\"potentialAction\":[{\"@type\":\"SearchAction\",\"target\":{\"@type\":\"EntryPoint\",\"urlTemplate\":\"https:\/\/www.sonoraenequipo.com.mx\/?s={search_term_string}\"},\"query-input\":{\"@type\":\"PropertyValueSpecification\",\"valueRequired\":true,\"valueName\":\"search_term_string\"}}],\"inLanguage\":\"es\"},{\"@type\":\"Organization\",\"@id\":\"https:\/\/www.sonoraenequipo.com.mx\/#organization\",\"name\":\"Sonoraenequipo.com.mx\",\"url\":\"https:\/\/www.sonoraenequipo.com.mx\/\",\"logo\":{\"@type\":\"ImageObject\",\"inLanguage\":\"es\",\"@id\":\"https:\/\/www.sonoraenequipo.com.mx\/#\/schema\/logo\/image\/\",\"url\":\"https:\/\/www.sonoraenequipo.com.mx\/storage\/2019\/01\/sonoraenequipo_opt.png\",\"contentUrl\":\"https:\/\/www.sonoraenequipo.com.mx\/storage\/2019\/01\/sonoraenequipo_opt.png\",\"width\":375,\"height\":125,\"caption\":\"Sonoraenequipo.com.mx\"},\"image\":{\"@id\":\"https:\/\/www.sonoraenequipo.com.mx\/#\/schema\/logo\/image\/\"},\"sameAs\":[\"https:\/\/www.facebook.com\/SonoraEE\/\",\"https:\/\/x.com\/sonoraenequipo\",\"https:\/\/www.youtube.com\/channel\/UC338nW-lPEYmJQs4ZABQ1SQ\"]},{\"@type\":\"Person\",\"@id\":\"https:\/\/www.sonoraenequipo.com.mx\/#\/schema\/person\/50102df0fb23a8fa9e8effad8fa81386\",\"name\":\"enequipo\",\"image\":{\"@type\":\"ImageObject\",\"inLanguage\":\"es\",\"@id\":\"https:\/\/www.sonoraenequipo.com.mx\/#\/schema\/person\/image\/\",\"url\":\"https:\/\/secure.gravatar.com\/avatar\/049821681b589dabc0bc20695993ccebb09f5b5d4d790cd9251b97faac7c652b?s=96&d=blank&r=g\",\"contentUrl\":\"https:\/\/secure.gravatar.com\/avatar\/049821681b589dabc0bc20695993ccebb09f5b5d4d790cd9251b97faac7c652b?s=96&d=blank&r=g\",\"caption\":\"enequipo\"},\"sameAs\":[\"https:\/\/www.facebook.com\/SonoraEE\"]}]}<\/script>\n ","yoast_head_json":{"title":"Sonora en Equipo. Sheinbaum pide esperar sobre aranceles de EU a M\u00e9xico: \u2018Todo es posible\u2019 Rep\u00fablica","description":"Estos son los temas m\u00e1s importantes de la conferencia matutina de la presidenta Sheinbaum. La presidenta Claudia Sheinbaum encabeza la conferencia En Sonora en Equipo publicamos toda la informaci\u00f3n de Sonora, M\u00e9xico y el Mundo de manera oportuna y busca que la libertad de expresi\u00f3n sea real. Visita nuestro medio informativo publicado desde Hermosillo, Sonora. %","robots":{"index":"index","follow":"follow","max-snippet":"max-snippet:-1","max-image-preview":"max-image-preview:large","max-video-preview":"max-video-preview:-1"},"canonical":"https:\/\/www.sonoraenequipo.com.mx\/sheinbaum-pide-esperar-sobre-aranceles-de-eu-a-mexico-todo-es-posible\/","og_locale":"es_ES","og_type":"article","og_title":"Sonora en Equipo. Sheinbaum pide esperar sobre aranceles de EU a M\u00e9xico: \u2018Todo es posible\u2019 Rep\u00fablica","og_description":"Estos son los temas m\u00e1s importantes de la conferencia matutina de la presidenta Sheinbaum. La presidenta Claudia Sheinbaum encabeza la conferencia En Sonora en Equipo publicamos toda la informaci\u00f3n de Sonora, M\u00e9xico y el Mundo de manera oportuna y busca que la libertad de expresi\u00f3n sea real. Visita nuestro medio informativo publicado desde Hermosillo, Sonora. %","og_url":"https:\/\/www.sonoraenequipo.com.mx\/sheinbaum-pide-esperar-sobre-aranceles-de-eu-a-mexico-todo-es-posible\/","og_site_name":"Sonora en Equipo.","article_publisher":"https:\/\/www.facebook.com\/SonoraEE\/","article_author":"https:\/\/www.facebook.com\/SonoraEE","article_published_time":"2025-03-03T16:17:21+00:00","article_modified_time":"2025-03-03T17:05:59+00:00","og_image":[{"width":970,"height":608,"url":"https:\/\/www.sonoraenequipo.com.mx\/storage\/2025\/03\/claudia-sheinbaum.presidenta-de-Mexico-min.jpg","type":"image\/jpeg"}],"author":"enequipo","twitter_card":"summary_large_image","twitter_creator":"@sonoraenequipo","twitter_site":"@sonoraenequipo","twitter_misc":{"Escrito por":"enequipo","Tiempo de lectura":"3 minutos"},"schema":{"@context":"https:\/\/schema.org","@graph":[{"@type":"Article","@id":"https:\/\/www.sonoraenequipo.com.mx\/sheinbaum-pide-esperar-sobre-aranceles-de-eu-a-mexico-todo-es-posible\/#article","isPartOf":{"@id":"https:\/\/www.sonoraenequipo.com.mx\/sheinbaum-pide-esperar-sobre-aranceles-de-eu-a-mexico-todo-es-posible\/"},"author":{"name":"enequipo","@id":"https:\/\/www.sonoraenequipo.com.mx\/#\/schema\/person\/50102df0fb23a8fa9e8effad8fa81386"},"headline":"Sheinbaum pide esperar sobre aranceles de EU a M\u00e9xico: \u2018Todo es posible\u2019","datePublished":"2025-03-03T16:17:21+00:00","dateModified":"2025-03-03T17:05:59+00:00","mainEntityOfPage":{"@id":"https:\/\/www.sonoraenequipo.com.mx\/sheinbaum-pide-esperar-sobre-aranceles-de-eu-a-mexico-todo-es-posible\/"},"wordCount":648,"commentCount":0,"publisher":{"@id":"https:\/\/www.sonoraenequipo.com.mx\/#organization"},"image":{"@id":"https:\/\/www.sonoraenequipo.com.mx\/sheinbaum-pide-esperar-sobre-aranceles-de-eu-a-mexico-todo-es-posible\/#primaryimage"},"thumbnailUrl":"https:\/\/www.sonoraenequipo.com.mx\/storage\/2025\/03\/claudia-sheinbaum.presidenta-de-Mexico-min.jpg","articleSection":["Rep\u00fablica"],"inLanguage":"es","potentialAction":[{"@type":"CommentAction","name":"Comment","target":["https:\/\/www.sonoraenequipo.com.mx\/sheinbaum-pide-esperar-sobre-aranceles-de-eu-a-mexico-todo-es-posible\/#respond"]}]},{"@type":"WebPage","@id":"https:\/\/www.sonoraenequipo.com.mx\/sheinbaum-pide-esperar-sobre-aranceles-de-eu-a-mexico-todo-es-posible\/","url":"https:\/\/www.sonoraenequipo.com.mx\/sheinbaum-pide-esperar-sobre-aranceles-de-eu-a-mexico-todo-es-posible\/","name":"Sonora en Equipo. Sheinbaum pide esperar sobre aranceles de EU a M\u00e9xico: \u2018Todo es posible\u2019 Rep\u00fablica","isPartOf":{"@id":"https:\/\/www.sonoraenequipo.com.mx\/#website"},"primaryImageOfPage":{"@id":"https:\/\/www.sonoraenequipo.com.mx\/sheinbaum-pide-esperar-sobre-aranceles-de-eu-a-mexico-todo-es-posible\/#primaryimage"},"image":{"@id":"https:\/\/www.sonoraenequipo.com.mx\/sheinbaum-pide-esperar-sobre-aranceles-de-eu-a-mexico-todo-es-posible\/#primaryimage"},"thumbnailUrl":"https:\/\/www.sonoraenequipo.com.mx\/storage\/2025\/03\/claudia-sheinbaum.presidenta-de-Mexico-min.jpg","datePublished":"2025-03-03T16:17:21+00:00","dateModified":"2025-03-03T17:05:59+00:00","description":"Estos son los temas m\u00e1s importantes de la conferencia matutina de la presidenta Sheinbaum. La presidenta Claudia Sheinbaum encabeza la conferencia En Sonora en Equipo publicamos toda la informaci\u00f3n de Sonora, M\u00e9xico y el Mundo de manera oportuna y busca que la libertad de expresi\u00f3n sea real. Visita nuestro medio informativo publicado desde Hermosillo, Sonora. %","breadcrumb":{"@id":"https:\/\/www.sonoraenequipo.com.mx\/sheinbaum-pide-esperar-sobre-aranceles-de-eu-a-mexico-todo-es-posible\/#breadcrumb"},"inLanguage":"es","potentialAction":[{"@type":"ReadAction","target":["https:\/\/www.sonoraenequipo.com.mx\/sheinbaum-pide-esperar-sobre-aranceles-de-eu-a-mexico-todo-es-posible\/"]}]},{"@type":"ImageObject","inLanguage":"es","@id":"https:\/\/www.sonoraenequipo.com.mx\/sheinbaum-pide-esperar-sobre-aranceles-de-eu-a-mexico-todo-es-posible\/#primaryimage","url":"https:\/\/www.sonoraenequipo.com.mx\/storage\/2025\/03\/claudia-sheinbaum.presidenta-de-Mexico-min.jpg","contentUrl":"https:\/\/www.sonoraenequipo.com.mx\/storage\/2025\/03\/claudia-sheinbaum.presidenta-de-Mexico-min.jpg","width":970,"height":608},{"@type":"BreadcrumbList","@id":"https:\/\/www.sonoraenequipo.com.mx\/sheinbaum-pide-esperar-sobre-aranceles-de-eu-a-mexico-todo-es-posible\/#breadcrumb","itemListElement":[{"@type":"ListItem","position":1,"name":"Portada","item":"https:\/\/www.sonoraenequipo.com.mx\/"},{"@type":"ListItem","position":2,"name":"Sheinbaum pide esperar sobre aranceles de EU a M\u00e9xico: \u2018Todo es posible\u2019"}]},{"@type":"WebSite","@id":"https:\/\/www.sonoraenequipo.com.mx\/#website","url":"https:\/\/www.sonoraenequipo.com.mx\/","name":"Sonora en Equipo.","description":"Diario en l\u00ednea con Noticias desde Hermosillo, Sonora","publisher":{"@id":"https:\/\/www.sonoraenequipo.com.mx\/#organization"},"potentialAction":[{"@type":"SearchAction","target":{"@type":"EntryPoint","urlTemplate":"https:\/\/www.sonoraenequipo.com.mx\/?s={search_term_string}"},"query-input":{"@type":"PropertyValueSpecification","valueRequired":true,"valueName":"search_term_string"}}],"inLanguage":"es"},{"@type":"Organization","@id":"https:\/\/www.sonoraenequipo.com.mx\/#organization","name":"Sonoraenequipo.com.mx","url":"https:\/\/www.sonoraenequipo.com.mx\/","logo":{"@type":"ImageObject","inLanguage":"es","@id":"https:\/\/www.sonoraenequipo.com.mx\/#\/schema\/logo\/image\/","url":"https:\/\/www.sonoraenequipo.com.mx\/storage\/2019\/01\/sonoraenequipo_opt.png","contentUrl":"https:\/\/www.sonoraenequipo.com.mx\/storage\/2019\/01\/sonoraenequipo_opt.png","width":375,"height":125,"caption":"Sonoraenequipo.com.mx"},"image":{"@id":"https:\/\/www.sonoraenequipo.com.mx\/#\/schema\/logo\/image\/"},"sameAs":["https:\/\/www.facebook.com\/SonoraEE\/","https:\/\/x.com\/sonoraenequipo","https:\/\/www.youtube.com\/channel\/UC338nW-lPEYmJQs4ZABQ1SQ"]},{"@type":"Person","@id":"https:\/\/www.sonoraenequipo.com.mx\/#\/schema\/person\/50102df0fb23a8fa9e8effad8fa81386","name":"enequipo","image":{"@type":"ImageObject","inLanguage":"es","@id":"https:\/\/www.sonoraenequipo.com.mx\/#\/schema\/person\/image\/","url":"https:\/\/secure.gravatar.com\/avatar\/049821681b589dabc0bc20695993ccebb09f5b5d4d790cd9251b97faac7c652b?s=96&d=blank&r=g","contentUrl":"https:\/\/secure.gravatar.com\/avatar\/049821681b589dabc0bc20695993ccebb09f5b5d4d790cd9251b97faac7c652b?s=96&d=blank&r=g","caption":"enequipo"},"sameAs":["https:\/\/www.facebook.com\/SonoraEE"]}]}},"jetpack_featured_media_url":"https:\/\/www.sonoraenequipo.com.mx\/storage\/2025\/03\/claudia-sheinbaum.presidenta-de-Mexico-min.jpg","_links":{"self":[{"href":"https:\/\/www.sonoraenequipo.com.mx\/api\/wp\/v2\/posts\/210653","targetHints":{"allow":["GET"]}}],"collection":[{"href":"https:\/\/www.sonoraenequipo.com.mx\/api\/wp\/v2\/posts"}],"about":[{"href":"https:\/\/www.sonoraenequipo.com.mx\/api\/wp\/v2\/types\/post"}],"author":[{"embeddable":true,"href":"https:\/\/www.sonoraenequipo.com.mx\/api\/wp\/v2\/users\/1"}],"replies":[{"embeddable":true,"href":"https:\/\/www.sonoraenequipo.com.mx\/api\/wp\/v2\/comments?post=210653"}],"version-history":[{"count":2,"href":"https:\/\/www.sonoraenequipo.com.mx\/api\/wp\/v2\/posts\/210653\/revisions"}],"predecessor-version":[{"id":210658,"href":"https:\/\/www.sonoraenequipo.com.mx\/api\/wp\/v2\/posts\/210653\/revisions\/210658"}],"wp:featuredmedia":[{"embeddable":true,"href":"https:\/\/www.sonoraenequipo.com.mx\/api\/wp\/v2\/media\/210657"}],"wp:attachment":[{"href":"https:\/\/www.sonoraenequipo.com.mx\/api\/wp\/v2\/media?parent=210653"}],"wp:term":[{"taxonomy":"category","embeddable":true,"href":"https:\/\/www.sonoraenequipo.com.mx\/api\/wp\/v2\/categories?post=210653"},{"taxonomy":"post_tag","embeddable":true,"href":"https:\/\/www.sonoraenequipo.com.mx\/api\/wp\/v2\/tags?post=210653"}],"curies":[{"name":"wp","href":"https:\/\/api.w.org\/{rel}","templated":true}]}}