{"id":210661,"date":"2025-03-03T12:42:52","date_gmt":"2025-03-03T19:42:52","guid":{"rendered":"https:\/\/www.sonoraenequipo.com.mx\/?p=210661"},"modified":"2025-03-03T13:36:42","modified_gmt":"2025-03-03T20:36:42","slug":"estoy-dejando-huella-en-lo-que-hago-estudiante-de-artes-plasticas","status":"publish","type":"post","link":"https:\/\/www.sonoraenequipo.com.mx\/estoy-dejando-huella-en-lo-que-hago-estudiante-de-artes-plasticas\/","title":{"rendered":"Estoy dejando huella en lo que hago: estudiante de Artes Pl\u00e1sticas"},"content":{"rendered":"<p><strong>HERMOSILLO, SONORA.MX. \u2014<\/strong> Por su destacada trayectoria en pintura y su participaci\u00f3n en diversas exposiciones colectivas, Karen Valeria Robles N\u00fa\u00f1ez, estudiante del noveno semestre en la Licenciatura de Artes Pl\u00e1sticas en la Universidad de Sonora fue condecorada con el Premio Estatal de la Juventud 2024.<\/p>\n<p> <\/p>\n<p>La joven universitaria mencion\u00f3 que tom\u00f3 la decisi\u00f3n de postularse al enterarse de la convocatoria, pero tambi\u00e9n fue motivada por un compa\u00f1ero de estudio que el a\u00f1o pasado gan\u00f3 el mismo premio.<\/p>\n<p><em><strong>\u201cSent\u00ed que ya hab\u00eda estado haciendo muchas cosas, acumulando un tipo de portafolio y dejando huella en lo que hago, as\u00ed que fui recopilando la obra y decid\u00ed participar\u201d<\/strong><\/em>, comparti\u00f3.<\/p>\n<p>Explic\u00f3 que el portafolio incluye trabajos propios, principalmente, pues tambi\u00e9n ha colaborado en exposiciones colectivas que se han exhibido en la misma instituci\u00f3n y en otras galer\u00edas locales.<\/p>\n<p><em><strong>\u201cEl moverme, aceptar invitaciones y dejar carteles con mi nombre en diferentes eventos fue algo que cont\u00f3 mucho para ser ganadora del premio\u201d<\/strong><\/em>, reiter\u00f3.<\/p>\n<h3>Es un gran impulso<\/h3>\n<p>Coment\u00f3 que ser reconocida por una instancia del gobierno estatal es de mucho orgullo y la emociona para seguir avanzando y en un futuro, no muy lejano, la llevar\u00e1 a otros lugares donde tambi\u00e9n pueda exponer su arte para que sea observado.<\/p>\n<p>Sobre sus planes a futuro, Robles N\u00fa\u00f1ez, dijo que desea continuar promoviendo el arte de manera colectiva y aprovechar oportunidades como convocatorias locales, p\u00fablicas o privadas, pues en la cultura el estar en constante movimiento abre muchas puertas.<\/p>\n<p>Referente a los espacios culturales en Hermosillo, afirm\u00f3 que a\u00fan falta desarrollo, pero tambi\u00e9n se ha notado un crecimiento en los \u00faltimos a\u00f1os, que en gran parte ha sido generado e impulsado por j\u00f3venes artistas que promueven eventos y abren espacios para exposiciones.<\/p>\n<p>Como parte de su mensaje, la artista sonorense, invit\u00f3 a las futuras generaciones a seguir creando y aprovechar cada oportunidad que se presente y buscar sus propios tiempos para desarrollar obras propias.<\/p>\n<p>Agradeci\u00f3 el apoyo de sus padres y amigos por darle \u00e1nimos cuando los necesita para seguir adelante.<\/p>\n<p>Karen Valeria Robles N\u00fa\u00f1ez fue distinguida en la categor\u00eda de 20 a 24, en el \u00e1rea de Arte Urbano, Dibujo y Pintura; el Premio Estatal de la Juventud se entreg\u00f3 en ceremonia oficial en Palacio de Gobierno y fue presidida por el gobernador Alfonso Durazo.<\/p>\n<p>El premio, promovido por el Instituto Sonorense de la Juventud (ISJ), tiene como prop\u00f3sito reconocer el talento y la creatividad de la juventud sonorense que busca desarrollarse profesionalmente para contribuir al bienestar y progreso de la sociedad.<\/p>\n<p>PUBLICADO EL 03 DE MARZO DE Con informaci\u00f3n de unison)<\/p>\n","protected":false},"excerpt":{"rendered":"<p>HERMOSILLO, SONORA.MX. \u2014 Por su destacada trayectoria en pintura y su participaci\u00f3n en diversas exposiciones&#8230;<\/p>\n","protected":false},"author":1,"featured_media":210667,"comment_status":"open","ping_status":"open","sticky":false,"template":"","format":"standard","meta":{"_monsterinsights_skip_tracking":false,"_monsterinsights_sitenote_active":false,"_monsterinsights_sitenote_note":"","_monsterinsights_sitenote_category":0,"footnotes":""},"categories":[22],"tags":[],"class_list":["post"],"yoast_head":" \n<title>Sonora en Equipo. Estoy dejando huella en lo que hago: estudiante de Artes Pl\u00e1sticas Sonora<\/title>\n<meta name=\"description\" content=\"HERMOSILLO, SONORA.MX. \u2014 Por su destacada trayectoria en pintura y su participaci\u00f3n en diversas exposiciones colectivas, Karen Valeria Robles N\u00fa\u00f1ez, En Sonora en Equipo publicamos toda la informaci\u00f3n de Sonora, M\u00e9xico y el Mundo de manera oportuna y busca que la libertad de expresi\u00f3n sea real. Visita nuestro medio informativo publicado desde Hermosillo, Sonora. %\" \/>\n<meta name=\"robots\" content=\"index, follow, max-snippet:-1, max-image-preview:large, max-video-preview:-1\" \/>\n<link rel=\"canonical\" href=\"https:\/\/www.sonoraenequipo.com.mx\/estoy-dejando-huella-en-lo-que-hago-estudiante-de-artes-plasticas\/\" \/>\n<meta property=\"og:locale\" content=\"es_ES\" \/>\n<meta property=\"og:type\" content=\"article\" \/>\n<meta property=\"og:title\" content=\"Sonora en Equipo. Estoy dejando huella en lo que hago: estudiante de Artes Pl\u00e1sticas Sonora\" \/>\n<meta property=\"og:description\" content=\"HERMOSILLO, SONORA.MX. \u2014 Por su destacada trayectoria en pintura y su participaci\u00f3n en diversas exposiciones colectivas, Karen Valeria Robles N\u00fa\u00f1ez, En Sonora en Equipo publicamos toda la informaci\u00f3n de Sonora, M\u00e9xico y el Mundo de manera oportuna y busca que la libertad de expresi\u00f3n sea real. Visita nuestro medio informativo publicado desde Hermosillo, Sonora. %\" \/>\n<meta property=\"og:url\" content=\"https:\/\/www.sonoraenequipo.com.mx\/estoy-dejando-huella-en-lo-que-hago-estudiante-de-artes-plasticas\/\" \/>\n<meta property=\"og:site_name\" content=\"Sonora en Equipo.\" \/>\n<meta property=\"article:publisher\" content=\"https:\/\/www.facebook.com\/SonoraEE\/\" \/>\n<meta property=\"article:author\" content=\"https:\/\/www.facebook.com\/SonoraEE\" \/>\n<meta property=\"article:published_time\" content=\"2025-03-03T19:42:52+00:00\" \/>\n<meta property=\"article:modified_time\" content=\"2025-03-03T20:36:42+00:00\" \/>\n<meta property=\"og:image\" content=\"https:\/\/www.sonoraenequipo.com.mx\/storage\/2025\/03\/Karen-Robles.-Premio-estatal-de-la-juventud-min.jpg\" \/>\n\t<meta property=\"og:image:width\" content=\"885\" \/>\n\t<meta property=\"og:image:height\" content=\"654\" \/>\n\t<meta property=\"og:image:type\" content=\"image\/jpeg\" \/>\n<meta name=\"author\" content=\"enequipo\" \/>\n<meta name=\"twitter:card\" content=\"summary_large_image\" \/>\n<meta name=\"twitter:creator\" content=\"@sonoraenequipo\" \/>\n<meta name=\"twitter:site\" content=\"@sonoraenequipo\" \/>\n<meta name=\"twitter:label1\" content=\"Escrito por\" \/>\n\t<meta name=\"twitter:data1\" content=\"enequipo\" \/>\n\t<meta name=\"twitter:label2\" content=\"Tiempo de lectura\" \/>\n\t<meta name=\"twitter:data2\" content=\"2 minutos\" \/>\n<script type=\"application\/ld+json\" class=\"yoast-schema-graph\">{\"@context\":\"https:\/\/schema.org\",\"@graph\":[{\"@type\":\"Article\",\"@id\":\"https:\/\/www.sonoraenequipo.com.mx\/estoy-dejando-huella-en-lo-que-hago-estudiante-de-artes-plasticas\/#article\",\"isPartOf\":{\"@id\":\"https:\/\/www.sonoraenequipo.com.mx\/estoy-dejando-huella-en-lo-que-hago-estudiante-de-artes-plasticas\/\"},\"author\":{\"name\":\"enequipo\",\"@id\":\"https:\/\/www.sonoraenequipo.com.mx\/#\/schema\/person\/50102df0fb23a8fa9e8effad8fa81386\"},\"headline\":\"Estoy dejando huella en lo que hago: estudiante de Artes Pl\u00e1sticas\",\"datePublished\":\"2025-03-03T19:42:52+00:00\",\"dateModified\":\"2025-03-03T20:36:42+00:00\",\"mainEntityOfPage\":{\"@id\":\"https:\/\/www.sonoraenequipo.com.mx\/estoy-dejando-huella-en-lo-que-hago-estudiante-de-artes-plasticas\/\"},\"wordCount\":457,\"commentCount\":0,\"publisher\":{\"@id\":\"https:\/\/www.sonoraenequipo.com.mx\/#organization\"},\"image\":{\"@id\":\"https:\/\/www.sonoraenequipo.com.mx\/estoy-dejando-huella-en-lo-que-hago-estudiante-de-artes-plasticas\/#primaryimage\"},\"thumbnailUrl\":\"https:\/\/www.sonoraenequipo.com.mx\/storage\/2025\/03\/Karen-Robles.-Premio-estatal-de-la-juventud-min.jpg\",\"articleSection\":[\"Sonora\"],\"inLanguage\":\"es\",\"potentialAction\":[{\"@type\":\"CommentAction\",\"name\":\"Comment\",\"target\":[\"https:\/\/www.sonoraenequipo.com.mx\/estoy-dejando-huella-en-lo-que-hago-estudiante-de-artes-plasticas\/#respond\"]}]},{\"@type\":\"WebPage\",\"@id\":\"https:\/\/www.sonoraenequipo.com.mx\/estoy-dejando-huella-en-lo-que-hago-estudiante-de-artes-plasticas\/\",\"url\":\"https:\/\/www.sonoraenequipo.com.mx\/estoy-dejando-huella-en-lo-que-hago-estudiante-de-artes-plasticas\/\",\"name\":\"Sonora en Equipo. Estoy dejando huella en lo que hago: estudiante de Artes Pl\u00e1sticas Sonora\",\"isPartOf\":{\"@id\":\"https:\/\/www.sonoraenequipo.com.mx\/#website\"},\"primaryImageOfPage\":{\"@id\":\"https:\/\/www.sonoraenequipo.com.mx\/estoy-dejando-huella-en-lo-que-hago-estudiante-de-artes-plasticas\/#primaryimage\"},\"image\":{\"@id\":\"https:\/\/www.sonoraenequipo.com.mx\/estoy-dejando-huella-en-lo-que-hago-estudiante-de-artes-plasticas\/#primaryimage\"},\"thumbnailUrl\":\"https:\/\/www.sonoraenequipo.com.mx\/storage\/2025\/03\/Karen-Robles.-Premio-estatal-de-la-juventud-min.jpg\",\"datePublished\":\"2025-03-03T19:42:52+00:00\",\"dateModified\":\"2025-03-03T20:36:42+00:00\",\"description\":\"HERMOSILLO, SONORA.MX. \u2014 Por su destacada trayectoria en pintura y su participaci\u00f3n en diversas exposiciones colectivas, Karen Valeria Robles N\u00fa\u00f1ez, En Sonora en Equipo publicamos toda la informaci\u00f3n de Sonora, M\u00e9xico y el Mundo de manera oportuna y busca que la libertad de expresi\u00f3n sea real. Visita nuestro medio informativo publicado desde Hermosillo, Sonora. %\",\"breadcrumb\":{\"@id\":\"https:\/\/www.sonoraenequipo.com.mx\/estoy-dejando-huella-en-lo-que-hago-estudiante-de-artes-plasticas\/#breadcrumb\"},\"inLanguage\":\"es\",\"potentialAction\":[{\"@type\":\"ReadAction\",\"target\":[\"https:\/\/www.sonoraenequipo.com.mx\/estoy-dejando-huella-en-lo-que-hago-estudiante-de-artes-plasticas\/\"]}]},{\"@type\":\"ImageObject\",\"inLanguage\":\"es\",\"@id\":\"https:\/\/www.sonoraenequipo.com.mx\/estoy-dejando-huella-en-lo-que-hago-estudiante-de-artes-plasticas\/#primaryimage\",\"url\":\"https:\/\/www.sonoraenequipo.com.mx\/storage\/2025\/03\/Karen-Robles.-Premio-estatal-de-la-juventud-min.jpg\",\"contentUrl\":\"https:\/\/www.sonoraenequipo.com.mx\/storage\/2025\/03\/Karen-Robles.-Premio-estatal-de-la-juventud-min.jpg\",\"width\":885,\"height\":654},{\"@type\":\"BreadcrumbList\",\"@id\":\"https:\/\/www.sonoraenequipo.com.mx\/estoy-dejando-huella-en-lo-que-hago-estudiante-de-artes-plasticas\/#breadcrumb\",\"itemListElement\":[{\"@type\":\"ListItem\",\"position\":1,\"name\":\"Portada\",\"item\":\"https:\/\/www.sonoraenequipo.com.mx\/\"},{\"@type\":\"ListItem\",\"position\":2,\"name\":\"Estoy dejando huella en lo que hago: estudiante de Artes Pl\u00e1sticas\"}]},{\"@type\":\"WebSite\",\"@id\":\"https:\/\/www.sonoraenequipo.com.mx\/#website\",\"url\":\"https:\/\/www.sonoraenequipo.com.mx\/\",\"name\":\"Sonora en Equipo.\",\"description\":\"Diario en l\u00ednea con Noticias desde Hermosillo, Sonora\",\"publisher\":{\"@id\":\"https:\/\/www.sonoraenequipo.com.mx\/#organization\"},\"potentialAction\":[{\"@type\":\"SearchAction\",\"target\":{\"@type\":\"EntryPoint\",\"urlTemplate\":\"https:\/\/www.sonoraenequipo.com.mx\/?s={search_term_string}\"},\"query-input\":{\"@type\":\"PropertyValueSpecification\",\"valueRequired\":true,\"valueName\":\"search_term_string\"}}],\"inLanguage\":\"es\"},{\"@type\":\"Organization\",\"@id\":\"https:\/\/www.sonoraenequipo.com.mx\/#organization\",\"name\":\"Sonoraenequipo.com.mx\",\"url\":\"https:\/\/www.sonoraenequipo.com.mx\/\",\"logo\":{\"@type\":\"ImageObject\",\"inLanguage\":\"es\",\"@id\":\"https:\/\/www.sonoraenequipo.com.mx\/#\/schema\/logo\/image\/\",\"url\":\"https:\/\/www.sonoraenequipo.com.mx\/storage\/2019\/01\/sonoraenequipo_opt.png\",\"contentUrl\":\"https:\/\/www.sonoraenequipo.com.mx\/storage\/2019\/01\/sonoraenequipo_opt.png\",\"width\":375,\"height\":125,\"caption\":\"Sonoraenequipo.com.mx\"},\"image\":{\"@id\":\"https:\/\/www.sonoraenequipo.com.mx\/#\/schema\/logo\/image\/\"},\"sameAs\":[\"https:\/\/www.facebook.com\/SonoraEE\/\",\"https:\/\/x.com\/sonoraenequipo\",\"https:\/\/www.youtube.com\/channel\/UC338nW-lPEYmJQs4ZABQ1SQ\"]},{\"@type\":\"Person\",\"@id\":\"https:\/\/www.sonoraenequipo.com.mx\/#\/schema\/person\/50102df0fb23a8fa9e8effad8fa81386\",\"name\":\"enequipo\",\"image\":{\"@type\":\"ImageObject\",\"inLanguage\":\"es\",\"@id\":\"https:\/\/www.sonoraenequipo.com.mx\/#\/schema\/person\/image\/\",\"url\":\"https:\/\/secure.gravatar.com\/avatar\/049821681b589dabc0bc20695993ccebb09f5b5d4d790cd9251b97faac7c652b?s=96&d=blank&r=g\",\"contentUrl\":\"https:\/\/secure.gravatar.com\/avatar\/049821681b589dabc0bc20695993ccebb09f5b5d4d790cd9251b97faac7c652b?s=96&d=blank&r=g\",\"caption\":\"enequipo\"},\"sameAs\":[\"https:\/\/www.facebook.com\/SonoraEE\"]}]}<\/script>\n ","yoast_head_json":{"title":"Sonora en Equipo. Estoy dejando huella en lo que hago: estudiante de Artes Pl\u00e1sticas Sonora","description":"HERMOSILLO, SONORA.MX. \u2014 Por su destacada trayectoria en pintura y su participaci\u00f3n en diversas exposiciones colectivas, Karen Valeria Robles N\u00fa\u00f1ez, En Sonora en Equipo publicamos toda la informaci\u00f3n de Sonora, M\u00e9xico y el Mundo de manera oportuna y busca que la libertad de expresi\u00f3n sea real. Visita nuestro medio informativo publicado desde Hermosillo, Sonora. %","robots":{"index":"index","follow":"follow","max-snippet":"max-snippet:-1","max-image-preview":"max-image-preview:large","max-video-preview":"max-video-preview:-1"},"canonical":"https:\/\/www.sonoraenequipo.com.mx\/estoy-dejando-huella-en-lo-que-hago-estudiante-de-artes-plasticas\/","og_locale":"es_ES","og_type":"article","og_title":"Sonora en Equipo. Estoy dejando huella en lo que hago: estudiante de Artes Pl\u00e1sticas Sonora","og_description":"HERMOSILLO, SONORA.MX. \u2014 Por su destacada trayectoria en pintura y su participaci\u00f3n en diversas exposiciones colectivas, Karen Valeria Robles N\u00fa\u00f1ez, En Sonora en Equipo publicamos toda la informaci\u00f3n de Sonora, M\u00e9xico y el Mundo de manera oportuna y busca que la libertad de expresi\u00f3n sea real. Visita nuestro medio informativo publicado desde Hermosillo, Sonora. %","og_url":"https:\/\/www.sonoraenequipo.com.mx\/estoy-dejando-huella-en-lo-que-hago-estudiante-de-artes-plasticas\/","og_site_name":"Sonora en Equipo.","article_publisher":"https:\/\/www.facebook.com\/SonoraEE\/","article_author":"https:\/\/www.facebook.com\/SonoraEE","article_published_time":"2025-03-03T19:42:52+00:00","article_modified_time":"2025-03-03T20:36:42+00:00","og_image":[{"width":885,"height":654,"url":"https:\/\/www.sonoraenequipo.com.mx\/storage\/2025\/03\/Karen-Robles.-Premio-estatal-de-la-juventud-min.jpg","type":"image\/jpeg"}],"author":"enequipo","twitter_card":"summary_large_image","twitter_creator":"@sonoraenequipo","twitter_site":"@sonoraenequipo","twitter_misc":{"Escrito por":"enequipo","Tiempo de lectura":"2 minutos"},"schema":{"@context":"https:\/\/schema.org","@graph":[{"@type":"Article","@id":"https:\/\/www.sonoraenequipo.com.mx\/estoy-dejando-huella-en-lo-que-hago-estudiante-de-artes-plasticas\/#article","isPartOf":{"@id":"https:\/\/www.sonoraenequipo.com.mx\/estoy-dejando-huella-en-lo-que-hago-estudiante-de-artes-plasticas\/"},"author":{"name":"enequipo","@id":"https:\/\/www.sonoraenequipo.com.mx\/#\/schema\/person\/50102df0fb23a8fa9e8effad8fa81386"},"headline":"Estoy dejando huella en lo que hago: estudiante de Artes Pl\u00e1sticas","datePublished":"2025-03-03T19:42:52+00:00","dateModified":"2025-03-03T20:36:42+00:00","mainEntityOfPage":{"@id":"https:\/\/www.sonoraenequipo.com.mx\/estoy-dejando-huella-en-lo-que-hago-estudiante-de-artes-plasticas\/"},"wordCount":457,"commentCount":0,"publisher":{"@id":"https:\/\/www.sonoraenequipo.com.mx\/#organization"},"image":{"@id":"https:\/\/www.sonoraenequipo.com.mx\/estoy-dejando-huella-en-lo-que-hago-estudiante-de-artes-plasticas\/#primaryimage"},"thumbnailUrl":"https:\/\/www.sonoraenequipo.com.mx\/storage\/2025\/03\/Karen-Robles.-Premio-estatal-de-la-juventud-min.jpg","articleSection":["Sonora"],"inLanguage":"es","potentialAction":[{"@type":"CommentAction","name":"Comment","target":["https:\/\/www.sonoraenequipo.com.mx\/estoy-dejando-huella-en-lo-que-hago-estudiante-de-artes-plasticas\/#respond"]}]},{"@type":"WebPage","@id":"https:\/\/www.sonoraenequipo.com.mx\/estoy-dejando-huella-en-lo-que-hago-estudiante-de-artes-plasticas\/","url":"https:\/\/www.sonoraenequipo.com.mx\/estoy-dejando-huella-en-lo-que-hago-estudiante-de-artes-plasticas\/","name":"Sonora en Equipo. Estoy dejando huella en lo que hago: estudiante de Artes Pl\u00e1sticas Sonora","isPartOf":{"@id":"https:\/\/www.sonoraenequipo.com.mx\/#website"},"primaryImageOfPage":{"@id":"https:\/\/www.sonoraenequipo.com.mx\/estoy-dejando-huella-en-lo-que-hago-estudiante-de-artes-plasticas\/#primaryimage"},"image":{"@id":"https:\/\/www.sonoraenequipo.com.mx\/estoy-dejando-huella-en-lo-que-hago-estudiante-de-artes-plasticas\/#primaryimage"},"thumbnailUrl":"https:\/\/www.sonoraenequipo.com.mx\/storage\/2025\/03\/Karen-Robles.-Premio-estatal-de-la-juventud-min.jpg","datePublished":"2025-03-03T19:42:52+00:00","dateModified":"2025-03-03T20:36:42+00:00","description":"HERMOSILLO, SONORA.MX. \u2014 Por su destacada trayectoria en pintura y su participaci\u00f3n en diversas exposiciones colectivas, Karen Valeria Robles N\u00fa\u00f1ez, En Sonora en Equipo publicamos toda la informaci\u00f3n de Sonora, M\u00e9xico y el Mundo de manera oportuna y busca que la libertad de expresi\u00f3n sea real. Visita nuestro medio informativo publicado desde Hermosillo, Sonora. %","breadcrumb":{"@id":"https:\/\/www.sonoraenequipo.com.mx\/estoy-dejando-huella-en-lo-que-hago-estudiante-de-artes-plasticas\/#breadcrumb"},"inLanguage":"es","potentialAction":[{"@type":"ReadAction","target":["https:\/\/www.sonoraenequipo.com.mx\/estoy-dejando-huella-en-lo-que-hago-estudiante-de-artes-plasticas\/"]}]},{"@type":"ImageObject","inLanguage":"es","@id":"https:\/\/www.sonoraenequipo.com.mx\/estoy-dejando-huella-en-lo-que-hago-estudiante-de-artes-plasticas\/#primaryimage","url":"https:\/\/www.sonoraenequipo.com.mx\/storage\/2025\/03\/Karen-Robles.-Premio-estatal-de-la-juventud-min.jpg","contentUrl":"https:\/\/www.sonoraenequipo.com.mx\/storage\/2025\/03\/Karen-Robles.-Premio-estatal-de-la-juventud-min.jpg","width":885,"height":654},{"@type":"BreadcrumbList","@id":"https:\/\/www.sonoraenequipo.com.mx\/estoy-dejando-huella-en-lo-que-hago-estudiante-de-artes-plasticas\/#breadcrumb","itemListElement":[{"@type":"ListItem","position":1,"name":"Portada","item":"https:\/\/www.sonoraenequipo.com.mx\/"},{"@type":"ListItem","position":2,"name":"Estoy dejando huella en lo que hago: estudiante de Artes Pl\u00e1sticas"}]},{"@type":"WebSite","@id":"https:\/\/www.sonoraenequipo.com.mx\/#website","url":"https:\/\/www.sonoraenequipo.com.mx\/","name":"Sonora en Equipo.","description":"Diario en l\u00ednea con Noticias desde Hermosillo, Sonora","publisher":{"@id":"https:\/\/www.sonoraenequipo.com.mx\/#organization"},"potentialAction":[{"@type":"SearchAction","target":{"@type":"EntryPoint","urlTemplate":"https:\/\/www.sonoraenequipo.com.mx\/?s={search_term_string}"},"query-input":{"@type":"PropertyValueSpecification","valueRequired":true,"valueName":"search_term_string"}}],"inLanguage":"es"},{"@type":"Organization","@id":"https:\/\/www.sonoraenequipo.com.mx\/#organization","name":"Sonoraenequipo.com.mx","url":"https:\/\/www.sonoraenequipo.com.mx\/","logo":{"@type":"ImageObject","inLanguage":"es","@id":"https:\/\/www.sonoraenequipo.com.mx\/#\/schema\/logo\/image\/","url":"https:\/\/www.sonoraenequipo.com.mx\/storage\/2019\/01\/sonoraenequipo_opt.png","contentUrl":"https:\/\/www.sonoraenequipo.com.mx\/storage\/2019\/01\/sonoraenequipo_opt.png","width":375,"height":125,"caption":"Sonoraenequipo.com.mx"},"image":{"@id":"https:\/\/www.sonoraenequipo.com.mx\/#\/schema\/logo\/image\/"},"sameAs":["https:\/\/www.facebook.com\/SonoraEE\/","https:\/\/x.com\/sonoraenequipo","https:\/\/www.youtube.com\/channel\/UC338nW-lPEYmJQs4ZABQ1SQ"]},{"@type":"Person","@id":"https:\/\/www.sonoraenequipo.com.mx\/#\/schema\/person\/50102df0fb23a8fa9e8effad8fa81386","name":"enequipo","image":{"@type":"ImageObject","inLanguage":"es","@id":"https:\/\/www.sonoraenequipo.com.mx\/#\/schema\/person\/image\/","url":"https:\/\/secure.gravatar.com\/avatar\/049821681b589dabc0bc20695993ccebb09f5b5d4d790cd9251b97faac7c652b?s=96&d=blank&r=g","contentUrl":"https:\/\/secure.gravatar.com\/avatar\/049821681b589dabc0bc20695993ccebb09f5b5d4d790cd9251b97faac7c652b?s=96&d=blank&r=g","caption":"enequipo"},"sameAs":["https:\/\/www.facebook.com\/SonoraEE"]}]}},"jetpack_featured_media_url":"https:\/\/www.sonoraenequipo.com.mx\/storage\/2025\/03\/Karen-Robles.-Premio-estatal-de-la-juventud-min.jpg","_links":{"self":[{"href":"https:\/\/www.sonoraenequipo.com.mx\/api\/wp\/v2\/posts\/210661","targetHints":{"allow":["GET"]}}],"collection":[{"href":"https:\/\/www.sonoraenequipo.com.mx\/api\/wp\/v2\/posts"}],"about":[{"href":"https:\/\/www.sonoraenequipo.com.mx\/api\/wp\/v2\/types\/post"}],"author":[{"embeddable":true,"href":"https:\/\/www.sonoraenequipo.com.mx\/api\/wp\/v2\/users\/1"}],"replies":[{"embeddable":true,"href":"https:\/\/www.sonoraenequipo.com.mx\/api\/wp\/v2\/comments?post=210661"}],"version-history":[{"count":2,"href":"https:\/\/www.sonoraenequipo.com.mx\/api\/wp\/v2\/posts\/210661\/revisions"}],"predecessor-version":[{"id":210669,"href":"https:\/\/www.sonoraenequipo.com.mx\/api\/wp\/v2\/posts\/210661\/revisions\/210669"}],"wp:featuredmedia":[{"embeddable":true,"href":"https:\/\/www.sonoraenequipo.com.mx\/api\/wp\/v2\/media\/210667"}],"wp:attachment":[{"href":"https:\/\/www.sonoraenequipo.com.mx\/api\/wp\/v2\/media?parent=210661"}],"wp:term":[{"taxonomy":"category","embeddable":true,"href":"https:\/\/www.sonoraenequipo.com.mx\/api\/wp\/v2\/categories?post=210661"},{"taxonomy":"post_tag","embeddable":true,"href":"https:\/\/www.sonoraenequipo.com.mx\/api\/wp\/v2\/tags?post=210661"}],"curies":[{"name":"wp","href":"https:\/\/api.w.org\/{rel}","templated":true}]}}