{"id":210671,"date":"2025-03-03T15:05:14","date_gmt":"2025-03-03T22:05:14","guid":{"rendered":"https:\/\/www.sonoraenequipo.com.mx\/?p=210671"},"modified":"2025-03-03T15:05:14","modified_gmt":"2025-03-03T22:05:14","slug":"tres-generadores-de-violencia-en-bacum-son-vinculados-a-proceso-por-diversos-delitos","status":"publish","type":"post","link":"https:\/\/www.sonoraenequipo.com.mx\/tres-generadores-de-violencia-en-bacum-son-vinculados-a-proceso-por-diversos-delitos\/","title":{"rendered":"Tres generadores de violencia en B\u00e1cum son vinculados a proceso por diversos delitos"},"content":{"rendered":"<p><strong>B\u00c1CUM, SONORA, MX.<\/strong><strong> \u0336 \u0336\u00a0 <\/strong>La Fiscal\u00eda General de Justicia del Estado de Sonora (FGJES) obtuvo la vinculaci\u00f3n a proceso por varios delitos de alto impacto para tres generadores de violencia de B\u00e1cum, Sonora, identificados como Gabriel Eduardo \u201cN\u201d, Fabi\u00e1n Ernesto \u201cN\u201d y Juan Francisco \u201cN\u201d.<\/p>\n<p>&nbsp;<\/p>\n<p>Se presentaron s\u00f3lidos datos de prueba por los delitos de atentado contra la seguridad de la comunidad, privaci\u00f3n ilegal de la libertad agravada en perjuicio de dos menores de edad, posesi\u00f3n de veh\u00edculo con reporte de robo, contra la salud en su modalidad de narcomenudeo con fines de comercio y asociaci\u00f3n delictuosa.<\/p>\n<p>&nbsp;<\/p>\n<p>Los hechos ocurrieron el pasado 26 de febrero en San Jos\u00e9 de B\u00e1cum, cuando los imputados sustrajeron a las v\u00edctimas de un domicilio, las subieron en contra de su voluntad a un veh\u00edculo y las trasladaron a una vivienda, donde permanecieron privadas de la libertad e incomunicadas durante aproximadamente 15 horas.<\/p>\n<p>&nbsp;<\/p>\n<p>Durante el operativo de aseguramiento, realizado el 27 de febrero, se localizaron dentro del inmueble cinco armas de fuego, 24 objetos met\u00e1licos tipo ponchallantas, equipo t\u00e1ctico, dos gorras con insignias policiales y tres chalecos t\u00e1cticos.<\/p>\n<p>&nbsp;<\/p>\n<p>Adem\u00e1s, se aseguraron dos veh\u00edculos con reporte de robo: un Jeep Gladiator color gris oscuro y un Hyundai Sonata, tambi\u00e9n se decomisaron 32 envoltorios con marihuana y 99 envoltorios con metanfetamina, con indicios de posible comercializaci\u00f3n o distribuci\u00f3n gratuita.<\/p>\n<p>&nbsp;<\/p>\n<p>La Fiscal\u00eda General de Justicia del Estado de Sonora (FGJES) reafirma su compromiso con el combate a la delincuencia organizada y el fortalecimiento de la seguridad en Sonora, garantizando que quienes atenten contra la integridad de la sociedad y la seguridad p\u00fablica sean llevados ante los tribunales.<\/p>\n<p><strong>Fecha de publicaci\u00f3n lunes 3 de marzo de 2025 \/AMIC<\/strong><\/p>\n","protected":false},"excerpt":{"rendered":"<p>B\u00c1CUM, SONORA, MX. \u0336 \u0336\u00a0 La Fiscal\u00eda General de Justicia del Estado de Sonora (FGJES)&#8230;<\/p>\n","protected":false},"author":1,"featured_media":210672,"comment_status":"open","ping_status":"open","sticky":false,"template":"","format":"standard","meta":{"_monsterinsights_skip_tracking":false,"_monsterinsights_sitenote_active":false,"_monsterinsights_sitenote_note":"","_monsterinsights_sitenote_category":0,"footnotes":""},"categories":[3144],"tags":[170,15],"class_list":["post"],"yoast_head":" \n<title>Sonora en Equipo. Tres generadores de violencia en B\u00e1cum son vinculados a proceso por diversos delitos Polic\u00edaca<\/title>\n<meta name=\"description\" content=\"B\u00c1CUM, SONORA, MX. \u0336 \u0336\u00a0 La Fiscal\u00eda General de Justicia del Estado de Sonora (FGJES) obtuvo la vinculaci\u00f3n a proceso por varios delitos de alto impacto En Sonora en Equipo publicamos toda la informaci\u00f3n de Sonora, M\u00e9xico y el Mundo de manera oportuna y busca que la libertad de expresi\u00f3n sea real. Visita nuestro medio informativo publicado desde Hermosillo, Sonora. %\" \/>\n<meta name=\"robots\" content=\"index, follow, max-snippet:-1, max-image-preview:large, max-video-preview:-1\" \/>\n<link rel=\"canonical\" href=\"https:\/\/www.sonoraenequipo.com.mx\/tres-generadores-de-violencia-en-bacum-son-vinculados-a-proceso-por-diversos-delitos\/\" \/>\n<meta property=\"og:locale\" content=\"es_ES\" \/>\n<meta property=\"og:type\" content=\"article\" \/>\n<meta property=\"og:title\" content=\"Sonora en Equipo. Tres generadores de violencia en B\u00e1cum son vinculados a proceso por diversos delitos Polic\u00edaca\" \/>\n<meta property=\"og:description\" content=\"B\u00c1CUM, SONORA, MX. \u0336 \u0336\u00a0 La Fiscal\u00eda General de Justicia del Estado de Sonora (FGJES) obtuvo la vinculaci\u00f3n a proceso por varios delitos de alto impacto En Sonora en Equipo publicamos toda la informaci\u00f3n de Sonora, M\u00e9xico y el Mundo de manera oportuna y busca que la libertad de expresi\u00f3n sea real. Visita nuestro medio informativo publicado desde Hermosillo, Sonora. %\" \/>\n<meta property=\"og:url\" content=\"https:\/\/www.sonoraenequipo.com.mx\/tres-generadores-de-violencia-en-bacum-son-vinculados-a-proceso-por-diversos-delitos\/\" \/>\n<meta property=\"og:site_name\" content=\"Sonora en Equipo.\" \/>\n<meta property=\"article:publisher\" content=\"https:\/\/www.facebook.com\/SonoraEE\/\" \/>\n<meta property=\"article:author\" content=\"https:\/\/www.facebook.com\/SonoraEE\" \/>\n<meta property=\"article:published_time\" content=\"2025-03-03T22:05:14+00:00\" \/>\n<meta property=\"og:image\" content=\"https:\/\/www.sonoraenequipo.com.mx\/storage\/2025\/03\/generadores-de-violencia-bacum.jpg\" \/>\n\t<meta property=\"og:image:width\" content=\"600\" \/>\n\t<meta property=\"og:image:height\" content=\"400\" \/>\n\t<meta property=\"og:image:type\" content=\"image\/jpeg\" \/>\n<meta name=\"author\" content=\"enequipo\" \/>\n<meta name=\"twitter:card\" content=\"summary_large_image\" \/>\n<meta name=\"twitter:creator\" content=\"@sonoraenequipo\" \/>\n<meta name=\"twitter:site\" content=\"@sonoraenequipo\" \/>\n<meta name=\"twitter:label1\" content=\"Escrito por\" \/>\n\t<meta name=\"twitter:data1\" content=\"enequipo\" \/>\n\t<meta name=\"twitter:label2\" content=\"Tiempo de lectura\" \/>\n\t<meta name=\"twitter:data2\" content=\"1 minuto\" \/>\n<script type=\"application\/ld+json\" class=\"yoast-schema-graph\">{\"@context\":\"https:\/\/schema.org\",\"@graph\":[{\"@type\":\"Article\",\"@id\":\"https:\/\/www.sonoraenequipo.com.mx\/tres-generadores-de-violencia-en-bacum-son-vinculados-a-proceso-por-diversos-delitos\/#article\",\"isPartOf\":{\"@id\":\"https:\/\/www.sonoraenequipo.com.mx\/tres-generadores-de-violencia-en-bacum-son-vinculados-a-proceso-por-diversos-delitos\/\"},\"author\":{\"name\":\"enequipo\",\"@id\":\"https:\/\/www.sonoraenequipo.com.mx\/#\/schema\/person\/50102df0fb23a8fa9e8effad8fa81386\"},\"headline\":\"Tres generadores de violencia en B\u00e1cum son vinculados a proceso por diversos delitos\",\"datePublished\":\"2025-03-03T22:05:14+00:00\",\"mainEntityOfPage\":{\"@id\":\"https:\/\/www.sonoraenequipo.com.mx\/tres-generadores-de-violencia-en-bacum-son-vinculados-a-proceso-por-diversos-delitos\/\"},\"wordCount\":313,\"commentCount\":0,\"publisher\":{\"@id\":\"https:\/\/www.sonoraenequipo.com.mx\/#organization\"},\"image\":{\"@id\":\"https:\/\/www.sonoraenequipo.com.mx\/tres-generadores-de-violencia-en-bacum-son-vinculados-a-proceso-por-diversos-delitos\/#primaryimage\"},\"thumbnailUrl\":\"https:\/\/www.sonoraenequipo.com.mx\/storage\/2025\/03\/generadores-de-violencia-bacum.jpg\",\"keywords\":[\"Seguridad\",\"Sonora\"],\"articleSection\":[\"Polic\u00edaca\"],\"inLanguage\":\"es\",\"potentialAction\":[{\"@type\":\"CommentAction\",\"name\":\"Comment\",\"target\":[\"https:\/\/www.sonoraenequipo.com.mx\/tres-generadores-de-violencia-en-bacum-son-vinculados-a-proceso-por-diversos-delitos\/#respond\"]}]},{\"@type\":\"WebPage\",\"@id\":\"https:\/\/www.sonoraenequipo.com.mx\/tres-generadores-de-violencia-en-bacum-son-vinculados-a-proceso-por-diversos-delitos\/\",\"url\":\"https:\/\/www.sonoraenequipo.com.mx\/tres-generadores-de-violencia-en-bacum-son-vinculados-a-proceso-por-diversos-delitos\/\",\"name\":\"Sonora en Equipo. Tres generadores de violencia en B\u00e1cum son vinculados a proceso por diversos delitos Polic\u00edaca\",\"isPartOf\":{\"@id\":\"https:\/\/www.sonoraenequipo.com.mx\/#website\"},\"primaryImageOfPage\":{\"@id\":\"https:\/\/www.sonoraenequipo.com.mx\/tres-generadores-de-violencia-en-bacum-son-vinculados-a-proceso-por-diversos-delitos\/#primaryimage\"},\"image\":{\"@id\":\"https:\/\/www.sonoraenequipo.com.mx\/tres-generadores-de-violencia-en-bacum-son-vinculados-a-proceso-por-diversos-delitos\/#primaryimage\"},\"thumbnailUrl\":\"https:\/\/www.sonoraenequipo.com.mx\/storage\/2025\/03\/generadores-de-violencia-bacum.jpg\",\"datePublished\":\"2025-03-03T22:05:14+00:00\",\"description\":\"B\u00c1CUM, SONORA, MX. \u0336 \u0336\u00a0 La Fiscal\u00eda General de Justicia del Estado de Sonora (FGJES) obtuvo la vinculaci\u00f3n a proceso por varios delitos de alto impacto En Sonora en Equipo publicamos toda la informaci\u00f3n de Sonora, M\u00e9xico y el Mundo de manera oportuna y busca que la libertad de expresi\u00f3n sea real. Visita nuestro medio informativo publicado desde Hermosillo, Sonora. %\",\"breadcrumb\":{\"@id\":\"https:\/\/www.sonoraenequipo.com.mx\/tres-generadores-de-violencia-en-bacum-son-vinculados-a-proceso-por-diversos-delitos\/#breadcrumb\"},\"inLanguage\":\"es\",\"potentialAction\":[{\"@type\":\"ReadAction\",\"target\":[\"https:\/\/www.sonoraenequipo.com.mx\/tres-generadores-de-violencia-en-bacum-son-vinculados-a-proceso-por-diversos-delitos\/\"]}]},{\"@type\":\"ImageObject\",\"inLanguage\":\"es\",\"@id\":\"https:\/\/www.sonoraenequipo.com.mx\/tres-generadores-de-violencia-en-bacum-son-vinculados-a-proceso-por-diversos-delitos\/#primaryimage\",\"url\":\"https:\/\/www.sonoraenequipo.com.mx\/storage\/2025\/03\/generadores-de-violencia-bacum.jpg\",\"contentUrl\":\"https:\/\/www.sonoraenequipo.com.mx\/storage\/2025\/03\/generadores-de-violencia-bacum.jpg\",\"width\":600,\"height\":400},{\"@type\":\"BreadcrumbList\",\"@id\":\"https:\/\/www.sonoraenequipo.com.mx\/tres-generadores-de-violencia-en-bacum-son-vinculados-a-proceso-por-diversos-delitos\/#breadcrumb\",\"itemListElement\":[{\"@type\":\"ListItem\",\"position\":1,\"name\":\"Portada\",\"item\":\"https:\/\/www.sonoraenequipo.com.mx\/\"},{\"@type\":\"ListItem\",\"position\":2,\"name\":\"Tres generadores de violencia en B\u00e1cum son vinculados a proceso por diversos delitos\"}]},{\"@type\":\"WebSite\",\"@id\":\"https:\/\/www.sonoraenequipo.com.mx\/#website\",\"url\":\"https:\/\/www.sonoraenequipo.com.mx\/\",\"name\":\"Sonora en Equipo.\",\"description\":\"Diario en l\u00ednea con Noticias desde Hermosillo, Sonora\",\"publisher\":{\"@id\":\"https:\/\/www.sonoraenequipo.com.mx\/#organization\"},\"potentialAction\":[{\"@type\":\"SearchAction\",\"target\":{\"@type\":\"EntryPoint\",\"urlTemplate\":\"https:\/\/www.sonoraenequipo.com.mx\/?s={search_term_string}\"},\"query-input\":{\"@type\":\"PropertyValueSpecification\",\"valueRequired\":true,\"valueName\":\"search_term_string\"}}],\"inLanguage\":\"es\"},{\"@type\":\"Organization\",\"@id\":\"https:\/\/www.sonoraenequipo.com.mx\/#organization\",\"name\":\"Sonoraenequipo.com.mx\",\"url\":\"https:\/\/www.sonoraenequipo.com.mx\/\",\"logo\":{\"@type\":\"ImageObject\",\"inLanguage\":\"es\",\"@id\":\"https:\/\/www.sonoraenequipo.com.mx\/#\/schema\/logo\/image\/\",\"url\":\"https:\/\/www.sonoraenequipo.com.mx\/storage\/2019\/01\/sonoraenequipo_opt.png\",\"contentUrl\":\"https:\/\/www.sonoraenequipo.com.mx\/storage\/2019\/01\/sonoraenequipo_opt.png\",\"width\":375,\"height\":125,\"caption\":\"Sonoraenequipo.com.mx\"},\"image\":{\"@id\":\"https:\/\/www.sonoraenequipo.com.mx\/#\/schema\/logo\/image\/\"},\"sameAs\":[\"https:\/\/www.facebook.com\/SonoraEE\/\",\"https:\/\/x.com\/sonoraenequipo\",\"https:\/\/www.youtube.com\/channel\/UC338nW-lPEYmJQs4ZABQ1SQ\"]},{\"@type\":\"Person\",\"@id\":\"https:\/\/www.sonoraenequipo.com.mx\/#\/schema\/person\/50102df0fb23a8fa9e8effad8fa81386\",\"name\":\"enequipo\",\"image\":{\"@type\":\"ImageObject\",\"inLanguage\":\"es\",\"@id\":\"https:\/\/www.sonoraenequipo.com.mx\/#\/schema\/person\/image\/\",\"url\":\"https:\/\/secure.gravatar.com\/avatar\/049821681b589dabc0bc20695993ccebb09f5b5d4d790cd9251b97faac7c652b?s=96&d=blank&r=g\",\"contentUrl\":\"https:\/\/secure.gravatar.com\/avatar\/049821681b589dabc0bc20695993ccebb09f5b5d4d790cd9251b97faac7c652b?s=96&d=blank&r=g\",\"caption\":\"enequipo\"},\"sameAs\":[\"https:\/\/www.facebook.com\/SonoraEE\"]}]}<\/script>\n ","yoast_head_json":{"title":"Sonora en Equipo. Tres generadores de violencia en B\u00e1cum son vinculados a proceso por diversos delitos Polic\u00edaca","description":"B\u00c1CUM, SONORA, MX. \u0336 \u0336\u00a0 La Fiscal\u00eda General de Justicia del Estado de Sonora (FGJES) obtuvo la vinculaci\u00f3n a proceso por varios delitos de alto impacto En Sonora en Equipo publicamos toda la informaci\u00f3n de Sonora, M\u00e9xico y el Mundo de manera oportuna y busca que la libertad de expresi\u00f3n sea real. Visita nuestro medio informativo publicado desde Hermosillo, Sonora. %","robots":{"index":"index","follow":"follow","max-snippet":"max-snippet:-1","max-image-preview":"max-image-preview:large","max-video-preview":"max-video-preview:-1"},"canonical":"https:\/\/www.sonoraenequipo.com.mx\/tres-generadores-de-violencia-en-bacum-son-vinculados-a-proceso-por-diversos-delitos\/","og_locale":"es_ES","og_type":"article","og_title":"Sonora en Equipo. Tres generadores de violencia en B\u00e1cum son vinculados a proceso por diversos delitos Polic\u00edaca","og_description":"B\u00c1CUM, SONORA, MX. \u0336 \u0336\u00a0 La Fiscal\u00eda General de Justicia del Estado de Sonora (FGJES) obtuvo la vinculaci\u00f3n a proceso por varios delitos de alto impacto En Sonora en Equipo publicamos toda la informaci\u00f3n de Sonora, M\u00e9xico y el Mundo de manera oportuna y busca que la libertad de expresi\u00f3n sea real. Visita nuestro medio informativo publicado desde Hermosillo, Sonora. %","og_url":"https:\/\/www.sonoraenequipo.com.mx\/tres-generadores-de-violencia-en-bacum-son-vinculados-a-proceso-por-diversos-delitos\/","og_site_name":"Sonora en Equipo.","article_publisher":"https:\/\/www.facebook.com\/SonoraEE\/","article_author":"https:\/\/www.facebook.com\/SonoraEE","article_published_time":"2025-03-03T22:05:14+00:00","og_image":[{"width":600,"height":400,"url":"https:\/\/www.sonoraenequipo.com.mx\/storage\/2025\/03\/generadores-de-violencia-bacum.jpg","type":"image\/jpeg"}],"author":"enequipo","twitter_card":"summary_large_image","twitter_creator":"@sonoraenequipo","twitter_site":"@sonoraenequipo","twitter_misc":{"Escrito por":"enequipo","Tiempo de lectura":"1 minuto"},"schema":{"@context":"https:\/\/schema.org","@graph":[{"@type":"Article","@id":"https:\/\/www.sonoraenequipo.com.mx\/tres-generadores-de-violencia-en-bacum-son-vinculados-a-proceso-por-diversos-delitos\/#article","isPartOf":{"@id":"https:\/\/www.sonoraenequipo.com.mx\/tres-generadores-de-violencia-en-bacum-son-vinculados-a-proceso-por-diversos-delitos\/"},"author":{"name":"enequipo","@id":"https:\/\/www.sonoraenequipo.com.mx\/#\/schema\/person\/50102df0fb23a8fa9e8effad8fa81386"},"headline":"Tres generadores de violencia en B\u00e1cum son vinculados a proceso por diversos delitos","datePublished":"2025-03-03T22:05:14+00:00","mainEntityOfPage":{"@id":"https:\/\/www.sonoraenequipo.com.mx\/tres-generadores-de-violencia-en-bacum-son-vinculados-a-proceso-por-diversos-delitos\/"},"wordCount":313,"commentCount":0,"publisher":{"@id":"https:\/\/www.sonoraenequipo.com.mx\/#organization"},"image":{"@id":"https:\/\/www.sonoraenequipo.com.mx\/tres-generadores-de-violencia-en-bacum-son-vinculados-a-proceso-por-diversos-delitos\/#primaryimage"},"thumbnailUrl":"https:\/\/www.sonoraenequipo.com.mx\/storage\/2025\/03\/generadores-de-violencia-bacum.jpg","keywords":["Seguridad","Sonora"],"articleSection":["Polic\u00edaca"],"inLanguage":"es","potentialAction":[{"@type":"CommentAction","name":"Comment","target":["https:\/\/www.sonoraenequipo.com.mx\/tres-generadores-de-violencia-en-bacum-son-vinculados-a-proceso-por-diversos-delitos\/#respond"]}]},{"@type":"WebPage","@id":"https:\/\/www.sonoraenequipo.com.mx\/tres-generadores-de-violencia-en-bacum-son-vinculados-a-proceso-por-diversos-delitos\/","url":"https:\/\/www.sonoraenequipo.com.mx\/tres-generadores-de-violencia-en-bacum-son-vinculados-a-proceso-por-diversos-delitos\/","name":"Sonora en Equipo. Tres generadores de violencia en B\u00e1cum son vinculados a proceso por diversos delitos Polic\u00edaca","isPartOf":{"@id":"https:\/\/www.sonoraenequipo.com.mx\/#website"},"primaryImageOfPage":{"@id":"https:\/\/www.sonoraenequipo.com.mx\/tres-generadores-de-violencia-en-bacum-son-vinculados-a-proceso-por-diversos-delitos\/#primaryimage"},"image":{"@id":"https:\/\/www.sonoraenequipo.com.mx\/tres-generadores-de-violencia-en-bacum-son-vinculados-a-proceso-por-diversos-delitos\/#primaryimage"},"thumbnailUrl":"https:\/\/www.sonoraenequipo.com.mx\/storage\/2025\/03\/generadores-de-violencia-bacum.jpg","datePublished":"2025-03-03T22:05:14+00:00","description":"B\u00c1CUM, SONORA, MX. \u0336 \u0336\u00a0 La Fiscal\u00eda General de Justicia del Estado de Sonora (FGJES) obtuvo la vinculaci\u00f3n a proceso por varios delitos de alto impacto En Sonora en Equipo publicamos toda la informaci\u00f3n de Sonora, M\u00e9xico y el Mundo de manera oportuna y busca que la libertad de expresi\u00f3n sea real. Visita nuestro medio informativo publicado desde Hermosillo, Sonora. %","breadcrumb":{"@id":"https:\/\/www.sonoraenequipo.com.mx\/tres-generadores-de-violencia-en-bacum-son-vinculados-a-proceso-por-diversos-delitos\/#breadcrumb"},"inLanguage":"es","potentialAction":[{"@type":"ReadAction","target":["https:\/\/www.sonoraenequipo.com.mx\/tres-generadores-de-violencia-en-bacum-son-vinculados-a-proceso-por-diversos-delitos\/"]}]},{"@type":"ImageObject","inLanguage":"es","@id":"https:\/\/www.sonoraenequipo.com.mx\/tres-generadores-de-violencia-en-bacum-son-vinculados-a-proceso-por-diversos-delitos\/#primaryimage","url":"https:\/\/www.sonoraenequipo.com.mx\/storage\/2025\/03\/generadores-de-violencia-bacum.jpg","contentUrl":"https:\/\/www.sonoraenequipo.com.mx\/storage\/2025\/03\/generadores-de-violencia-bacum.jpg","width":600,"height":400},{"@type":"BreadcrumbList","@id":"https:\/\/www.sonoraenequipo.com.mx\/tres-generadores-de-violencia-en-bacum-son-vinculados-a-proceso-por-diversos-delitos\/#breadcrumb","itemListElement":[{"@type":"ListItem","position":1,"name":"Portada","item":"https:\/\/www.sonoraenequipo.com.mx\/"},{"@type":"ListItem","position":2,"name":"Tres generadores de violencia en B\u00e1cum son vinculados a proceso por diversos delitos"}]},{"@type":"WebSite","@id":"https:\/\/www.sonoraenequipo.com.mx\/#website","url":"https:\/\/www.sonoraenequipo.com.mx\/","name":"Sonora en Equipo.","description":"Diario en l\u00ednea con Noticias desde Hermosillo, Sonora","publisher":{"@id":"https:\/\/www.sonoraenequipo.com.mx\/#organization"},"potentialAction":[{"@type":"SearchAction","target":{"@type":"EntryPoint","urlTemplate":"https:\/\/www.sonoraenequipo.com.mx\/?s={search_term_string}"},"query-input":{"@type":"PropertyValueSpecification","valueRequired":true,"valueName":"search_term_string"}}],"inLanguage":"es"},{"@type":"Organization","@id":"https:\/\/www.sonoraenequipo.com.mx\/#organization","name":"Sonoraenequipo.com.mx","url":"https:\/\/www.sonoraenequipo.com.mx\/","logo":{"@type":"ImageObject","inLanguage":"es","@id":"https:\/\/www.sonoraenequipo.com.mx\/#\/schema\/logo\/image\/","url":"https:\/\/www.sonoraenequipo.com.mx\/storage\/2019\/01\/sonoraenequipo_opt.png","contentUrl":"https:\/\/www.sonoraenequipo.com.mx\/storage\/2019\/01\/sonoraenequipo_opt.png","width":375,"height":125,"caption":"Sonoraenequipo.com.mx"},"image":{"@id":"https:\/\/www.sonoraenequipo.com.mx\/#\/schema\/logo\/image\/"},"sameAs":["https:\/\/www.facebook.com\/SonoraEE\/","https:\/\/x.com\/sonoraenequipo","https:\/\/www.youtube.com\/channel\/UC338nW-lPEYmJQs4ZABQ1SQ"]},{"@type":"Person","@id":"https:\/\/www.sonoraenequipo.com.mx\/#\/schema\/person\/50102df0fb23a8fa9e8effad8fa81386","name":"enequipo","image":{"@type":"ImageObject","inLanguage":"es","@id":"https:\/\/www.sonoraenequipo.com.mx\/#\/schema\/person\/image\/","url":"https:\/\/secure.gravatar.com\/avatar\/049821681b589dabc0bc20695993ccebb09f5b5d4d790cd9251b97faac7c652b?s=96&d=blank&r=g","contentUrl":"https:\/\/secure.gravatar.com\/avatar\/049821681b589dabc0bc20695993ccebb09f5b5d4d790cd9251b97faac7c652b?s=96&d=blank&r=g","caption":"enequipo"},"sameAs":["https:\/\/www.facebook.com\/SonoraEE"]}]}},"jetpack_featured_media_url":"https:\/\/www.sonoraenequipo.com.mx\/storage\/2025\/03\/generadores-de-violencia-bacum.jpg","_links":{"self":[{"href":"https:\/\/www.sonoraenequipo.com.mx\/api\/wp\/v2\/posts\/210671","targetHints":{"allow":["GET"]}}],"collection":[{"href":"https:\/\/www.sonoraenequipo.com.mx\/api\/wp\/v2\/posts"}],"about":[{"href":"https:\/\/www.sonoraenequipo.com.mx\/api\/wp\/v2\/types\/post"}],"author":[{"embeddable":true,"href":"https:\/\/www.sonoraenequipo.com.mx\/api\/wp\/v2\/users\/1"}],"replies":[{"embeddable":true,"href":"https:\/\/www.sonoraenequipo.com.mx\/api\/wp\/v2\/comments?post=210671"}],"version-history":[{"count":1,"href":"https:\/\/www.sonoraenequipo.com.mx\/api\/wp\/v2\/posts\/210671\/revisions"}],"predecessor-version":[{"id":210673,"href":"https:\/\/www.sonoraenequipo.com.mx\/api\/wp\/v2\/posts\/210671\/revisions\/210673"}],"wp:featuredmedia":[{"embeddable":true,"href":"https:\/\/www.sonoraenequipo.com.mx\/api\/wp\/v2\/media\/210672"}],"wp:attachment":[{"href":"https:\/\/www.sonoraenequipo.com.mx\/api\/wp\/v2\/media?parent=210671"}],"wp:term":[{"taxonomy":"category","embeddable":true,"href":"https:\/\/www.sonoraenequipo.com.mx\/api\/wp\/v2\/categories?post=210671"},{"taxonomy":"post_tag","embeddable":true,"href":"https:\/\/www.sonoraenequipo.com.mx\/api\/wp\/v2\/tags?post=210671"}],"curies":[{"name":"wp","href":"https:\/\/api.w.org\/{rel}","templated":true}]}}