{"id":210716,"date":"2025-03-03T11:32:43","date_gmt":"2025-03-03T18:32:43","guid":{"rendered":"https:\/\/www.sonoraenequipo.com.mx\/?p=210716"},"modified":"2025-03-03T20:37:08","modified_gmt":"2025-03-04T03:37:08","slug":"presidenta-de-mexico-celebra-cifra-historica-de-empleos-afiliados-al-imss-al-cierre-de-febrero","status":"publish","type":"post","link":"https:\/\/www.sonoraenequipo.com.mx\/presidenta-de-mexico-celebra-cifra-historica-de-empleos-afiliados-al-imss-al-cierre-de-febrero\/","title":{"rendered":"Presidenta de M\u00e9xico celebra cifra hist\u00f3rica de empleos afiliados al IMSS al cierre de febrero."},"content":{"rendered":"<p><b>CIUDAD DE M\u00c9XICO. MX. \u2014 <\/b>La Presidenta de M\u00e9xico, Claudia Sheinbaum Pardo, destac\u00f3 que al 28 de febrero se tiene un registro hist\u00f3rico de 22 millones 430 mil 931 puestos de trabajo afiliados ante el Instituto Mexicano del Seguro Social (IMSS).<\/p>\n<p> <\/p>\n<p>\u201cNo solo es la cifra m\u00e1xima para un mes de febrero, sino es la cifra hist\u00f3rica de empleos en el pa\u00eds\u201d, destac\u00f3 durante la conferencia matutina: \u201cLas ma\u00f1aneras del pueblo\u201d.<\/p>\n<p>Asimismo, puntualiz\u00f3 que hoy M\u00e9xico tiene un salario medio hist\u00f3rico, y que existe una gran fortaleza econ\u00f3mica en el pa\u00eds.<\/p>\n<p>\u201cUn dato hist\u00f3rico de empleo, un dato hist\u00f3rico de salario medio en nuestro pa\u00eds. Al mismo tiempo que hay fortaleza econ\u00f3mica, hay un plan, que es el Plan M\u00e9xico, que estamos desarrollando\u201d, agreg\u00f3.<\/p>\n<p>Adem\u00e1s, puntualiz\u00f3, que en el Segundo Piso de la Cuarta Transformaci\u00f3n los Programas para el Bienestar se han fortalecido, ya que ahora son derechos constitucionales; y han aumentado con la creaci\u00f3n de tres nuevos apoyos: la Pensi\u00f3n Mujeres Bienestar; la beca universal \u201cRita Cetina Guti\u00e9rrez\u201d; y el Salud Casa por Casa.<\/p>\n<p>El director general del IMSS, Zo\u00e9 Robledo, asegur\u00f3 que los 22 millones 430 mil 931 puestos de trabajo afiliados al IMSS al 28 de febrero de 2025, es la cifra m\u00e1s alta de la que se tenga registro para un mes de febrero, de los que el 86.8 por ciento son permanentes, es decir 19 millones 461 mil 202 empleos y s\u00f3lo 2 millones 969 mil 729 son eventuales. A\u00f1adi\u00f3 que, de los m\u00e1s de 22 millones de empleos, 9 millones 37 mil 569 son puestos de trabajo ocupados por mujeres, lo que representa el 40 por ciento de la planta productiva del pa\u00eds.<\/p>\n<p>Precis\u00f3 que en febrero de 2025 se crearon 119 mil 385 nuevos puestos y en lo que va del a\u00f1o se han creado 192 mil 552 nuevos empleos, una tasa del 0.9 por ciento de crecimiento entre los meses de enero y febrero, de los cuales 54.2 por ciento son permanentes.<\/p>\n<p>En el periodo que comprende de febrero del 2024 a febrero 2025 se han creado 141 mil 121 empleos, una tasa del 0.6 por ciento de crecimiento, de estos 187 mil est\u00e1n vinculados solamente a mujeres.<\/p>\n<p>Inform\u00f3 que el salario base de cotizaci\u00f3n, que es es salario promedio que gana un trabajador o trabajadora registrado ante el Seguro Social, es 619.6 pesos diarios, el cual es el m\u00e1s alto del que se tenga registro, esto gracias a la pol\u00edtica de incremento al salario m\u00ednimo, por lo que en los \u00faltimos 12 meses el salario increment\u00f3 en 43 pesos diarios, esto representa un crecimiento del 7.5 por ciento.<\/p>\n<p>\u201cDurante muchos a\u00f1os se creaba empleo, pero era empleo precario, mal pagado y dem\u00e1s (&#8230;) El salario base de cotizaci\u00f3n en 2018 era de 352 pesos; hoy es de 619 pesos el salario base de cotizaci\u00f3n diario para las personas registradas en el IMSS\u201d, destac\u00f3.<\/p>\n<p>Tambi\u00e9n resalt\u00f3 que, al 28 de febrero, se sumaron 303 mil 371 trabajadores y trabajadoras independientes al IMSS de manera voluntaria, quienes tienen la cobertura de los cinco seguros que ofrece esta instituci\u00f3n.<\/p>\n<p><strong><em>\u201cRecordemos que hab\u00eda sido un sector hist\u00f3ricamente excluido de la seguridad social, se consideraba informal al que no estaba registrado en el IMSS. Y aqu\u00ed no estamos hablando como tradicionalmente imaginamos, en el comercio en v\u00eda p\u00fablica, tambi\u00e9n, pero tambi\u00e9n aqu\u00ed hay arquitectos, contadores, contadoras, m\u00e9dicos en su pr\u00e1ctica privada, dentistas, en fin, que han decidido asegurarse por esta modalidad en la que tienen toda la cobertura de los cinco seguros, contando tambi\u00e9n a sus beneficiarios\u201d<\/em><\/strong>, coment\u00f3.<\/p>\n<p>A\u00f1adi\u00f3 que al cierre de enero de este a\u00f1o, 5.3 millones de trabajadores reciben su Reporte Personalizado de Cotizaci\u00f3n al IMSS, lo cual permite tener una fiscalizaci\u00f3n sobre las afiliaciones al Instituto Mexicano del Seguro Social.<\/p>\n<p>\u201cEsto les permite y nos permite tambi\u00e9n en el IMSS a tener en cada trabajador un agente de fiscalizaci\u00f3n que permite saber si un empleador est\u00e1 registrando con un salario menor al que corresponde o por d\u00edas menores a los que debe de ser. Y de esa manera se vinculan inmediatamente a los mecanismos de queja o de verificaci\u00f3n que nos permite a nosotros hacer estas acciones de fiscalizaci\u00f3n\u201d, inform\u00f3.<\/p>\n<p>A la conferencia matutina: \u201cLas ma\u00f1aneras del pueblo\u201d asistieron la secretaria de Bienestar, Ariadna Montiel Reyes; el secretario de Salud, David Kershenobich Stalnikowitz; el secretario de Educaci\u00f3n P\u00fablica, Mario Delgado Carrillo; y el procurador federal del Consumidor, Iv\u00e1n Escalante Ruiz.<\/p>\n<p>PUBLICADO EL 03 DE MARZO DE Con informaci\u00f3n de Presidencia de M\u00e9xico)<\/p>\n","protected":false},"excerpt":{"rendered":"<p>CIUDAD DE M\u00c9XICO. MX. \u2014 La Presidenta de M\u00e9xico, Claudia Sheinbaum Pardo, destac\u00f3 que al&#8230;<\/p>\n","protected":false},"author":1,"featured_media":210707,"comment_status":"open","ping_status":"open","sticky":false,"template":"","format":"standard","meta":{"_monsterinsights_skip_tracking":false,"_monsterinsights_sitenote_active":false,"_monsterinsights_sitenote_note":"","_monsterinsights_sitenote_category":0,"footnotes":""},"categories":[5],"tags":[],"class_list":["post"],"yoast_head":" \n<title>Sonora en Equipo. Presidenta de M\u00e9xico celebra cifra hist\u00f3rica de empleos afiliados al IMSS al cierre de febrero. Rep\u00fablica<\/title>\n<meta name=\"description\" content=\"CIUDAD DE M\u00c9XICO. MX. \u2014 La Presidenta de M\u00e9xico, Claudia Sheinbaum Pardo, destac\u00f3 que al 28 de febrero se tiene un registro hist\u00f3rico de 22 millones 430 En Sonora en Equipo publicamos toda la informaci\u00f3n de Sonora, M\u00e9xico y el Mundo de manera oportuna y busca que la libertad de expresi\u00f3n sea real. Visita nuestro medio informativo publicado desde Hermosillo, Sonora. %\" \/>\n<meta name=\"robots\" content=\"index, follow, max-snippet:-1, max-image-preview:large, max-video-preview:-1\" \/>\n<link rel=\"canonical\" href=\"https:\/\/www.sonoraenequipo.com.mx\/presidenta-de-mexico-celebra-cifra-historica-de-empleos-afiliados-al-imss-al-cierre-de-febrero\/\" \/>\n<meta property=\"og:locale\" content=\"es_ES\" \/>\n<meta property=\"og:type\" content=\"article\" \/>\n<meta property=\"og:title\" content=\"Sonora en Equipo. Presidenta de M\u00e9xico celebra cifra hist\u00f3rica de empleos afiliados al IMSS al cierre de febrero. Rep\u00fablica\" \/>\n<meta property=\"og:description\" content=\"CIUDAD DE M\u00c9XICO. MX. \u2014 La Presidenta de M\u00e9xico, Claudia Sheinbaum Pardo, destac\u00f3 que al 28 de febrero se tiene un registro hist\u00f3rico de 22 millones 430 En Sonora en Equipo publicamos toda la informaci\u00f3n de Sonora, M\u00e9xico y el Mundo de manera oportuna y busca que la libertad de expresi\u00f3n sea real. Visita nuestro medio informativo publicado desde Hermosillo, Sonora. %\" \/>\n<meta property=\"og:url\" content=\"https:\/\/www.sonoraenequipo.com.mx\/presidenta-de-mexico-celebra-cifra-historica-de-empleos-afiliados-al-imss-al-cierre-de-febrero\/\" \/>\n<meta property=\"og:site_name\" content=\"Sonora en Equipo.\" \/>\n<meta property=\"article:publisher\" content=\"https:\/\/www.facebook.com\/SonoraEE\/\" \/>\n<meta property=\"article:author\" content=\"https:\/\/www.facebook.com\/SonoraEE\" \/>\n<meta property=\"article:published_time\" content=\"2025-03-03T18:32:43+00:00\" \/>\n<meta property=\"article:modified_time\" content=\"2025-03-04T03:37:08+00:00\" \/>\n<meta property=\"og:image\" content=\"https:\/\/www.sonoraenequipo.com.mx\/storage\/2025\/03\/Conferncia-matutina-presidencial-min.jpg\" \/>\n\t<meta property=\"og:image:width\" content=\"1000\" \/>\n\t<meta property=\"og:image:height\" content=\"666\" \/>\n\t<meta property=\"og:image:type\" content=\"image\/jpeg\" \/>\n<meta name=\"author\" content=\"enequipo\" \/>\n<meta name=\"twitter:card\" content=\"summary_large_image\" \/>\n<meta name=\"twitter:creator\" content=\"@sonoraenequipo\" \/>\n<meta name=\"twitter:site\" content=\"@sonoraenequipo\" \/>\n<meta name=\"twitter:label1\" content=\"Escrito por\" \/>\n\t<meta name=\"twitter:data1\" content=\"enequipo\" \/>\n\t<meta name=\"twitter:label2\" content=\"Tiempo de lectura\" \/>\n\t<meta name=\"twitter:data2\" content=\"4 minutos\" \/>\n<script type=\"application\/ld+json\" class=\"yoast-schema-graph\">{\"@context\":\"https:\/\/schema.org\",\"@graph\":[{\"@type\":\"Article\",\"@id\":\"https:\/\/www.sonoraenequipo.com.mx\/presidenta-de-mexico-celebra-cifra-historica-de-empleos-afiliados-al-imss-al-cierre-de-febrero\/#article\",\"isPartOf\":{\"@id\":\"https:\/\/www.sonoraenequipo.com.mx\/presidenta-de-mexico-celebra-cifra-historica-de-empleos-afiliados-al-imss-al-cierre-de-febrero\/\"},\"author\":{\"name\":\"enequipo\",\"@id\":\"https:\/\/www.sonoraenequipo.com.mx\/#\/schema\/person\/50102df0fb23a8fa9e8effad8fa81386\"},\"headline\":\"Presidenta de M\u00e9xico celebra cifra hist\u00f3rica de empleos afiliados al IMSS al cierre de febrero.\",\"datePublished\":\"2025-03-03T18:32:43+00:00\",\"dateModified\":\"2025-03-04T03:37:08+00:00\",\"mainEntityOfPage\":{\"@id\":\"https:\/\/www.sonoraenequipo.com.mx\/presidenta-de-mexico-celebra-cifra-historica-de-empleos-afiliados-al-imss-al-cierre-de-febrero\/\"},\"wordCount\":781,\"commentCount\":0,\"publisher\":{\"@id\":\"https:\/\/www.sonoraenequipo.com.mx\/#organization\"},\"image\":{\"@id\":\"https:\/\/www.sonoraenequipo.com.mx\/presidenta-de-mexico-celebra-cifra-historica-de-empleos-afiliados-al-imss-al-cierre-de-febrero\/#primaryimage\"},\"thumbnailUrl\":\"https:\/\/www.sonoraenequipo.com.mx\/storage\/2025\/03\/Conferncia-matutina-presidencial-min.jpg\",\"articleSection\":[\"Rep\u00fablica\"],\"inLanguage\":\"es\",\"potentialAction\":[{\"@type\":\"CommentAction\",\"name\":\"Comment\",\"target\":[\"https:\/\/www.sonoraenequipo.com.mx\/presidenta-de-mexico-celebra-cifra-historica-de-empleos-afiliados-al-imss-al-cierre-de-febrero\/#respond\"]}]},{\"@type\":\"WebPage\",\"@id\":\"https:\/\/www.sonoraenequipo.com.mx\/presidenta-de-mexico-celebra-cifra-historica-de-empleos-afiliados-al-imss-al-cierre-de-febrero\/\",\"url\":\"https:\/\/www.sonoraenequipo.com.mx\/presidenta-de-mexico-celebra-cifra-historica-de-empleos-afiliados-al-imss-al-cierre-de-febrero\/\",\"name\":\"Sonora en Equipo. Presidenta de M\u00e9xico celebra cifra hist\u00f3rica de empleos afiliados al IMSS al cierre de febrero. Rep\u00fablica\",\"isPartOf\":{\"@id\":\"https:\/\/www.sonoraenequipo.com.mx\/#website\"},\"primaryImageOfPage\":{\"@id\":\"https:\/\/www.sonoraenequipo.com.mx\/presidenta-de-mexico-celebra-cifra-historica-de-empleos-afiliados-al-imss-al-cierre-de-febrero\/#primaryimage\"},\"image\":{\"@id\":\"https:\/\/www.sonoraenequipo.com.mx\/presidenta-de-mexico-celebra-cifra-historica-de-empleos-afiliados-al-imss-al-cierre-de-febrero\/#primaryimage\"},\"thumbnailUrl\":\"https:\/\/www.sonoraenequipo.com.mx\/storage\/2025\/03\/Conferncia-matutina-presidencial-min.jpg\",\"datePublished\":\"2025-03-03T18:32:43+00:00\",\"dateModified\":\"2025-03-04T03:37:08+00:00\",\"description\":\"CIUDAD DE M\u00c9XICO. MX. \u2014 La Presidenta de M\u00e9xico, Claudia Sheinbaum Pardo, destac\u00f3 que al 28 de febrero se tiene un registro hist\u00f3rico de 22 millones 430 En Sonora en Equipo publicamos toda la informaci\u00f3n de Sonora, M\u00e9xico y el Mundo de manera oportuna y busca que la libertad de expresi\u00f3n sea real. Visita nuestro medio informativo publicado desde Hermosillo, Sonora. %\",\"breadcrumb\":{\"@id\":\"https:\/\/www.sonoraenequipo.com.mx\/presidenta-de-mexico-celebra-cifra-historica-de-empleos-afiliados-al-imss-al-cierre-de-febrero\/#breadcrumb\"},\"inLanguage\":\"es\",\"potentialAction\":[{\"@type\":\"ReadAction\",\"target\":[\"https:\/\/www.sonoraenequipo.com.mx\/presidenta-de-mexico-celebra-cifra-historica-de-empleos-afiliados-al-imss-al-cierre-de-febrero\/\"]}]},{\"@type\":\"ImageObject\",\"inLanguage\":\"es\",\"@id\":\"https:\/\/www.sonoraenequipo.com.mx\/presidenta-de-mexico-celebra-cifra-historica-de-empleos-afiliados-al-imss-al-cierre-de-febrero\/#primaryimage\",\"url\":\"https:\/\/www.sonoraenequipo.com.mx\/storage\/2025\/03\/Conferncia-matutina-presidencial-min.jpg\",\"contentUrl\":\"https:\/\/www.sonoraenequipo.com.mx\/storage\/2025\/03\/Conferncia-matutina-presidencial-min.jpg\",\"width\":1000,\"height\":666},{\"@type\":\"BreadcrumbList\",\"@id\":\"https:\/\/www.sonoraenequipo.com.mx\/presidenta-de-mexico-celebra-cifra-historica-de-empleos-afiliados-al-imss-al-cierre-de-febrero\/#breadcrumb\",\"itemListElement\":[{\"@type\":\"ListItem\",\"position\":1,\"name\":\"Portada\",\"item\":\"https:\/\/www.sonoraenequipo.com.mx\/\"},{\"@type\":\"ListItem\",\"position\":2,\"name\":\"Presidenta de M\u00e9xico celebra cifra hist\u00f3rica de empleos afiliados al IMSS al cierre de febrero.\"}]},{\"@type\":\"WebSite\",\"@id\":\"https:\/\/www.sonoraenequipo.com.mx\/#website\",\"url\":\"https:\/\/www.sonoraenequipo.com.mx\/\",\"name\":\"Sonora en Equipo.\",\"description\":\"Diario en l\u00ednea con Noticias desde Hermosillo, Sonora\",\"publisher\":{\"@id\":\"https:\/\/www.sonoraenequipo.com.mx\/#organization\"},\"potentialAction\":[{\"@type\":\"SearchAction\",\"target\":{\"@type\":\"EntryPoint\",\"urlTemplate\":\"https:\/\/www.sonoraenequipo.com.mx\/?s={search_term_string}\"},\"query-input\":{\"@type\":\"PropertyValueSpecification\",\"valueRequired\":true,\"valueName\":\"search_term_string\"}}],\"inLanguage\":\"es\"},{\"@type\":\"Organization\",\"@id\":\"https:\/\/www.sonoraenequipo.com.mx\/#organization\",\"name\":\"Sonoraenequipo.com.mx\",\"url\":\"https:\/\/www.sonoraenequipo.com.mx\/\",\"logo\":{\"@type\":\"ImageObject\",\"inLanguage\":\"es\",\"@id\":\"https:\/\/www.sonoraenequipo.com.mx\/#\/schema\/logo\/image\/\",\"url\":\"https:\/\/www.sonoraenequipo.com.mx\/storage\/2019\/01\/sonoraenequipo_opt.png\",\"contentUrl\":\"https:\/\/www.sonoraenequipo.com.mx\/storage\/2019\/01\/sonoraenequipo_opt.png\",\"width\":375,\"height\":125,\"caption\":\"Sonoraenequipo.com.mx\"},\"image\":{\"@id\":\"https:\/\/www.sonoraenequipo.com.mx\/#\/schema\/logo\/image\/\"},\"sameAs\":[\"https:\/\/www.facebook.com\/SonoraEE\/\",\"https:\/\/x.com\/sonoraenequipo\",\"https:\/\/www.youtube.com\/channel\/UC338nW-lPEYmJQs4ZABQ1SQ\"]},{\"@type\":\"Person\",\"@id\":\"https:\/\/www.sonoraenequipo.com.mx\/#\/schema\/person\/50102df0fb23a8fa9e8effad8fa81386\",\"name\":\"enequipo\",\"image\":{\"@type\":\"ImageObject\",\"inLanguage\":\"es\",\"@id\":\"https:\/\/www.sonoraenequipo.com.mx\/#\/schema\/person\/image\/\",\"url\":\"https:\/\/secure.gravatar.com\/avatar\/049821681b589dabc0bc20695993ccebb09f5b5d4d790cd9251b97faac7c652b?s=96&d=blank&r=g\",\"contentUrl\":\"https:\/\/secure.gravatar.com\/avatar\/049821681b589dabc0bc20695993ccebb09f5b5d4d790cd9251b97faac7c652b?s=96&d=blank&r=g\",\"caption\":\"enequipo\"},\"sameAs\":[\"https:\/\/www.facebook.com\/SonoraEE\"]}]}<\/script>\n ","yoast_head_json":{"title":"Sonora en Equipo. Presidenta de M\u00e9xico celebra cifra hist\u00f3rica de empleos afiliados al IMSS al cierre de febrero. Rep\u00fablica","description":"CIUDAD DE M\u00c9XICO. MX. \u2014 La Presidenta de M\u00e9xico, Claudia Sheinbaum Pardo, destac\u00f3 que al 28 de febrero se tiene un registro hist\u00f3rico de 22 millones 430 En Sonora en Equipo publicamos toda la informaci\u00f3n de Sonora, M\u00e9xico y el Mundo de manera oportuna y busca que la libertad de expresi\u00f3n sea real. Visita nuestro medio informativo publicado desde Hermosillo, Sonora. %","robots":{"index":"index","follow":"follow","max-snippet":"max-snippet:-1","max-image-preview":"max-image-preview:large","max-video-preview":"max-video-preview:-1"},"canonical":"https:\/\/www.sonoraenequipo.com.mx\/presidenta-de-mexico-celebra-cifra-historica-de-empleos-afiliados-al-imss-al-cierre-de-febrero\/","og_locale":"es_ES","og_type":"article","og_title":"Sonora en Equipo. Presidenta de M\u00e9xico celebra cifra hist\u00f3rica de empleos afiliados al IMSS al cierre de febrero. Rep\u00fablica","og_description":"CIUDAD DE M\u00c9XICO. MX. \u2014 La Presidenta de M\u00e9xico, Claudia Sheinbaum Pardo, destac\u00f3 que al 28 de febrero se tiene un registro hist\u00f3rico de 22 millones 430 En Sonora en Equipo publicamos toda la informaci\u00f3n de Sonora, M\u00e9xico y el Mundo de manera oportuna y busca que la libertad de expresi\u00f3n sea real. Visita nuestro medio informativo publicado desde Hermosillo, Sonora. %","og_url":"https:\/\/www.sonoraenequipo.com.mx\/presidenta-de-mexico-celebra-cifra-historica-de-empleos-afiliados-al-imss-al-cierre-de-febrero\/","og_site_name":"Sonora en Equipo.","article_publisher":"https:\/\/www.facebook.com\/SonoraEE\/","article_author":"https:\/\/www.facebook.com\/SonoraEE","article_published_time":"2025-03-03T18:32:43+00:00","article_modified_time":"2025-03-04T03:37:08+00:00","og_image":[{"width":1000,"height":666,"url":"https:\/\/www.sonoraenequipo.com.mx\/storage\/2025\/03\/Conferncia-matutina-presidencial-min.jpg","type":"image\/jpeg"}],"author":"enequipo","twitter_card":"summary_large_image","twitter_creator":"@sonoraenequipo","twitter_site":"@sonoraenequipo","twitter_misc":{"Escrito por":"enequipo","Tiempo de lectura":"4 minutos"},"schema":{"@context":"https:\/\/schema.org","@graph":[{"@type":"Article","@id":"https:\/\/www.sonoraenequipo.com.mx\/presidenta-de-mexico-celebra-cifra-historica-de-empleos-afiliados-al-imss-al-cierre-de-febrero\/#article","isPartOf":{"@id":"https:\/\/www.sonoraenequipo.com.mx\/presidenta-de-mexico-celebra-cifra-historica-de-empleos-afiliados-al-imss-al-cierre-de-febrero\/"},"author":{"name":"enequipo","@id":"https:\/\/www.sonoraenequipo.com.mx\/#\/schema\/person\/50102df0fb23a8fa9e8effad8fa81386"},"headline":"Presidenta de M\u00e9xico celebra cifra hist\u00f3rica de empleos afiliados al IMSS al cierre de febrero.","datePublished":"2025-03-03T18:32:43+00:00","dateModified":"2025-03-04T03:37:08+00:00","mainEntityOfPage":{"@id":"https:\/\/www.sonoraenequipo.com.mx\/presidenta-de-mexico-celebra-cifra-historica-de-empleos-afiliados-al-imss-al-cierre-de-febrero\/"},"wordCount":781,"commentCount":0,"publisher":{"@id":"https:\/\/www.sonoraenequipo.com.mx\/#organization"},"image":{"@id":"https:\/\/www.sonoraenequipo.com.mx\/presidenta-de-mexico-celebra-cifra-historica-de-empleos-afiliados-al-imss-al-cierre-de-febrero\/#primaryimage"},"thumbnailUrl":"https:\/\/www.sonoraenequipo.com.mx\/storage\/2025\/03\/Conferncia-matutina-presidencial-min.jpg","articleSection":["Rep\u00fablica"],"inLanguage":"es","potentialAction":[{"@type":"CommentAction","name":"Comment","target":["https:\/\/www.sonoraenequipo.com.mx\/presidenta-de-mexico-celebra-cifra-historica-de-empleos-afiliados-al-imss-al-cierre-de-febrero\/#respond"]}]},{"@type":"WebPage","@id":"https:\/\/www.sonoraenequipo.com.mx\/presidenta-de-mexico-celebra-cifra-historica-de-empleos-afiliados-al-imss-al-cierre-de-febrero\/","url":"https:\/\/www.sonoraenequipo.com.mx\/presidenta-de-mexico-celebra-cifra-historica-de-empleos-afiliados-al-imss-al-cierre-de-febrero\/","name":"Sonora en Equipo. Presidenta de M\u00e9xico celebra cifra hist\u00f3rica de empleos afiliados al IMSS al cierre de febrero. Rep\u00fablica","isPartOf":{"@id":"https:\/\/www.sonoraenequipo.com.mx\/#website"},"primaryImageOfPage":{"@id":"https:\/\/www.sonoraenequipo.com.mx\/presidenta-de-mexico-celebra-cifra-historica-de-empleos-afiliados-al-imss-al-cierre-de-febrero\/#primaryimage"},"image":{"@id":"https:\/\/www.sonoraenequipo.com.mx\/presidenta-de-mexico-celebra-cifra-historica-de-empleos-afiliados-al-imss-al-cierre-de-febrero\/#primaryimage"},"thumbnailUrl":"https:\/\/www.sonoraenequipo.com.mx\/storage\/2025\/03\/Conferncia-matutina-presidencial-min.jpg","datePublished":"2025-03-03T18:32:43+00:00","dateModified":"2025-03-04T03:37:08+00:00","description":"CIUDAD DE M\u00c9XICO. MX. \u2014 La Presidenta de M\u00e9xico, Claudia Sheinbaum Pardo, destac\u00f3 que al 28 de febrero se tiene un registro hist\u00f3rico de 22 millones 430 En Sonora en Equipo publicamos toda la informaci\u00f3n de Sonora, M\u00e9xico y el Mundo de manera oportuna y busca que la libertad de expresi\u00f3n sea real. Visita nuestro medio informativo publicado desde Hermosillo, Sonora. %","breadcrumb":{"@id":"https:\/\/www.sonoraenequipo.com.mx\/presidenta-de-mexico-celebra-cifra-historica-de-empleos-afiliados-al-imss-al-cierre-de-febrero\/#breadcrumb"},"inLanguage":"es","potentialAction":[{"@type":"ReadAction","target":["https:\/\/www.sonoraenequipo.com.mx\/presidenta-de-mexico-celebra-cifra-historica-de-empleos-afiliados-al-imss-al-cierre-de-febrero\/"]}]},{"@type":"ImageObject","inLanguage":"es","@id":"https:\/\/www.sonoraenequipo.com.mx\/presidenta-de-mexico-celebra-cifra-historica-de-empleos-afiliados-al-imss-al-cierre-de-febrero\/#primaryimage","url":"https:\/\/www.sonoraenequipo.com.mx\/storage\/2025\/03\/Conferncia-matutina-presidencial-min.jpg","contentUrl":"https:\/\/www.sonoraenequipo.com.mx\/storage\/2025\/03\/Conferncia-matutina-presidencial-min.jpg","width":1000,"height":666},{"@type":"BreadcrumbList","@id":"https:\/\/www.sonoraenequipo.com.mx\/presidenta-de-mexico-celebra-cifra-historica-de-empleos-afiliados-al-imss-al-cierre-de-febrero\/#breadcrumb","itemListElement":[{"@type":"ListItem","position":1,"name":"Portada","item":"https:\/\/www.sonoraenequipo.com.mx\/"},{"@type":"ListItem","position":2,"name":"Presidenta de M\u00e9xico celebra cifra hist\u00f3rica de empleos afiliados al IMSS al cierre de febrero."}]},{"@type":"WebSite","@id":"https:\/\/www.sonoraenequipo.com.mx\/#website","url":"https:\/\/www.sonoraenequipo.com.mx\/","name":"Sonora en Equipo.","description":"Diario en l\u00ednea con Noticias desde Hermosillo, Sonora","publisher":{"@id":"https:\/\/www.sonoraenequipo.com.mx\/#organization"},"potentialAction":[{"@type":"SearchAction","target":{"@type":"EntryPoint","urlTemplate":"https:\/\/www.sonoraenequipo.com.mx\/?s={search_term_string}"},"query-input":{"@type":"PropertyValueSpecification","valueRequired":true,"valueName":"search_term_string"}}],"inLanguage":"es"},{"@type":"Organization","@id":"https:\/\/www.sonoraenequipo.com.mx\/#organization","name":"Sonoraenequipo.com.mx","url":"https:\/\/www.sonoraenequipo.com.mx\/","logo":{"@type":"ImageObject","inLanguage":"es","@id":"https:\/\/www.sonoraenequipo.com.mx\/#\/schema\/logo\/image\/","url":"https:\/\/www.sonoraenequipo.com.mx\/storage\/2019\/01\/sonoraenequipo_opt.png","contentUrl":"https:\/\/www.sonoraenequipo.com.mx\/storage\/2019\/01\/sonoraenequipo_opt.png","width":375,"height":125,"caption":"Sonoraenequipo.com.mx"},"image":{"@id":"https:\/\/www.sonoraenequipo.com.mx\/#\/schema\/logo\/image\/"},"sameAs":["https:\/\/www.facebook.com\/SonoraEE\/","https:\/\/x.com\/sonoraenequipo","https:\/\/www.youtube.com\/channel\/UC338nW-lPEYmJQs4ZABQ1SQ"]},{"@type":"Person","@id":"https:\/\/www.sonoraenequipo.com.mx\/#\/schema\/person\/50102df0fb23a8fa9e8effad8fa81386","name":"enequipo","image":{"@type":"ImageObject","inLanguage":"es","@id":"https:\/\/www.sonoraenequipo.com.mx\/#\/schema\/person\/image\/","url":"https:\/\/secure.gravatar.com\/avatar\/049821681b589dabc0bc20695993ccebb09f5b5d4d790cd9251b97faac7c652b?s=96&d=blank&r=g","contentUrl":"https:\/\/secure.gravatar.com\/avatar\/049821681b589dabc0bc20695993ccebb09f5b5d4d790cd9251b97faac7c652b?s=96&d=blank&r=g","caption":"enequipo"},"sameAs":["https:\/\/www.facebook.com\/SonoraEE"]}]}},"jetpack_featured_media_url":"https:\/\/www.sonoraenequipo.com.mx\/storage\/2025\/03\/Conferncia-matutina-presidencial-min.jpg","_links":{"self":[{"href":"https:\/\/www.sonoraenequipo.com.mx\/api\/wp\/v2\/posts\/210716","targetHints":{"allow":["GET"]}}],"collection":[{"href":"https:\/\/www.sonoraenequipo.com.mx\/api\/wp\/v2\/posts"}],"about":[{"href":"https:\/\/www.sonoraenequipo.com.mx\/api\/wp\/v2\/types\/post"}],"author":[{"embeddable":true,"href":"https:\/\/www.sonoraenequipo.com.mx\/api\/wp\/v2\/users\/1"}],"replies":[{"embeddable":true,"href":"https:\/\/www.sonoraenequipo.com.mx\/api\/wp\/v2\/comments?post=210716"}],"version-history":[{"count":2,"href":"https:\/\/www.sonoraenequipo.com.mx\/api\/wp\/v2\/posts\/210716\/revisions"}],"predecessor-version":[{"id":210719,"href":"https:\/\/www.sonoraenequipo.com.mx\/api\/wp\/v2\/posts\/210716\/revisions\/210719"}],"wp:featuredmedia":[{"embeddable":true,"href":"https:\/\/www.sonoraenequipo.com.mx\/api\/wp\/v2\/media\/210707"}],"wp:attachment":[{"href":"https:\/\/www.sonoraenequipo.com.mx\/api\/wp\/v2\/media?parent=210716"}],"wp:term":[{"taxonomy":"category","embeddable":true,"href":"https:\/\/www.sonoraenequipo.com.mx\/api\/wp\/v2\/categories?post=210716"},{"taxonomy":"post_tag","embeddable":true,"href":"https:\/\/www.sonoraenequipo.com.mx\/api\/wp\/v2\/tags?post=210716"}],"curies":[{"name":"wp","href":"https:\/\/api.w.org\/{rel}","templated":true}]}}