{"id":211149,"date":"2025-03-10T12:10:00","date_gmt":"2025-03-10T19:10:00","guid":{"rendered":"https:\/\/www.sonoraenequipo.com.mx\/?p=211149"},"modified":"2025-03-10T12:56:00","modified_gmt":"2025-03-10T19:56:00","slug":"se-agrava-el-desplome-de-los-mercados-financieros-por-temor-a-una-recesion","status":"publish","type":"post","link":"https:\/\/www.sonoraenequipo.com.mx\/se-agrava-el-desplome-de-los-mercados-financieros-por-temor-a-una-recesion\/","title":{"rendered":"Se agrava el desplome de los mercados financieros por temor a una recesi\u00f3n"},"content":{"rendered":"<p><strong>WASHINGTON, ESTADOS UNIDOS DEL NORTE DE AM\u00c9RICA. \u2014<\/strong> La ca\u00edda de los mercados financieros en Estados Unidos se agrav\u00f3 el lunes luego de que el presidente, Donald Trump, evitar\u00e1 descartar la posibilidad de una recesi\u00f3n debido a su guerra comercial con M\u00e9xico, Canad\u00e1 y China, y a los recortes de empleo impulsados por el multimillonario Elon Musk en el conocido como Departamento de Eficacia Gubernamental (DOGE, en ingl\u00e9s).<\/p>\n<p>&nbsp;<\/p>\n<p>&nbsp;<\/p>\n<p> <\/p>\n<p>El \u00edndice S&amp;P 500 ca\u00eda un 2.8% esta tarde, tras cerrar el viernes su peor semana desde septiembre. El Dow Jones bajaba 930 puntos, o 2,94%; y el \u00edndice tecnol\u00f3gico Nasdaq perd\u00eda un 4.27%. El S&amp;P 500 y Nasdaq han ca\u00eddo a su nivel m\u00e1s bajos desde septiembre de 2024.<\/p>\n<p>&nbsp;<\/p>\n<p>&nbsp;<\/p>\n<p>&nbsp;<\/p>\n<p>El principal indicador del mercado de valores va camino de cerrar con su s\u00e9ptimo vaiv\u00e9n de m\u00e1s de un punto porcentual (arriba o abajo) en los \u00faltimos ocho d\u00edas, signo de la inestabilidad provocada por las medidas de Trump. Preocupa a los inversores que esas pol\u00edticas (y sus cambios casi diarios en una u otra direcci\u00f3n) da\u00f1en directamente a la econom\u00eda o provoquen suficiente incertidumbre como para llevar a las empresas y consumidores a una par\u00e1lisis que congele el crecimiento.<\/p>\n<p>&nbsp;<\/p>\n<p>&nbsp;<\/p>\n<p>La econom\u00eda ya ha dado se\u00f1ales de debilitamiento, principalmente a trav\u00e9s de sondeos que muestran mayor pesimismo. Y una colecci\u00f3n de indicadores en tiempo real de la Reserva Federal de Atlanta sugiere que la econom\u00eda podr\u00eda estar ya contray\u00e9ndose.<\/p>\n<p>&nbsp;<\/p>\n<p>&nbsp;<\/p>\n<p>&nbsp;<\/p>\n<p>Preguntado el fin de semana si pronosticar\u00eda una recesi\u00f3n en 2025, Trump dijo en la cadena de noticias Fox News: \u201cOdio predecir cosas as\u00ed. Hay un per\u00edodo de transici\u00f3n porque lo que estamos haciendo es muy grande. Estamos trayendo riqueza de vuelta a EE.UU. Eso es algo importante\u201d. Luego agreg\u00f3: \u201cLleva un poco de tiempo\u201d.<\/p>\n<p>&nbsp;<\/p>\n<p>&nbsp;<\/p>\n<p>&nbsp;<\/p>\n<p>Para justificar sus aranceles, Trump dice que quiere traer empleos manufactureros de vuelta al pa\u00eds. El secretario del Tesoro, Scott Bessent, ha admitido que la econom\u00eda puede pasar por un per\u00edodo de \u201cdesintoxicaci\u00f3n\u201d mientras se deshace de la adicci\u00f3n al gasto por parte del Gobierno, en referencia quiz\u00e1 a los recortes de DOGE.<\/p>\n<p>&nbsp;<\/p>\n<p>&nbsp;<\/p>\n<p>&nbsp;<\/p>\n<p>El mercado laboral estadounidense a\u00fan muestra una contrataci\u00f3n estable en este momento, y la econom\u00eda cerr\u00f3 2024 funcionando a un ritmo s\u00f3lido. Pero los economistas est\u00e1n reduciendo sus pron\u00f3sticos sobre c\u00f3mo se desempe\u00f1ar\u00e1 la econom\u00eda este a\u00f1o.<\/p>\n<p>&nbsp;<\/p>\n<p>&nbsp;<\/p>\n<p>En Goldman Sachs, por ejemplo, David Mericle recort\u00f3 su estimaci\u00f3n de crecimiento econ\u00f3mico de Estados Unidos con respecto al a\u00f1o anterior al 1.7% en lugar del 2.2% que preve\u00eda a finales de 2025, en gran parte debido a que parece que los aranceles ser\u00e1n mayores de lo que calculaba.<\/p>\n<p>&nbsp;<\/p>\n<p>&nbsp;<\/p>\n<p>Mericle ve una probabilidad entre cinco de que se produzca una recesi\u00f3n durante el pr\u00f3ximo a\u00f1o, elev\u00e1ndola s\u00f3lo ligeramente porque \u201cla Casa Blanca tiene la opci\u00f3n de retirar los cambios en las pol\u00edticas\u201d si los riesgos para la econom\u00eda \u201cempiezan a parecer m\u00e1s serios\u201d.<\/p>\n<p>&nbsp;<\/p>\n<p>&nbsp;<\/p>\n<p>&nbsp;<\/p>\n<p>\u201cSiempre hay m\u00faltiples fuerzas actuando en el mercado, pero ahora mismo, casi todas ellas est\u00e1n pasando a un segundo plano frente a los aranceles\u201d, seg\u00fan Chris Larkin, director gerente de negociaci\u00f3n e inversi\u00f3n de E-Trade de Morgan Stanley.<\/p>\n<p>&nbsp;<\/p>\n<p>&nbsp;<\/p>\n<p>&nbsp;<\/p>\n<p>Las preocupaciones que azotan a Wall Street han perjudicado especialmente a algunas de sus grandes estrellas. Los valores de las grandes empresas tecnol\u00f3gicas y las compa\u00f1\u00edas que se subieron al carro del frenes\u00ed de la inteligencia artificial en los \u00faltimos a\u00f1os se han desplomado bruscamente.<\/p>\n<p>&nbsp;<\/p>\n<p>&nbsp;<\/p>\n<p>No s\u00f3lo las acciones est\u00e1n en apuros. Los inversores est\u00e1n bajando los precios de todo tipo de inversiones cuyo impulso antes parec\u00eda casi imposible de detener, como el bitcoin. El valor de la criptomoneda ha ca\u00eddo por debajo de los 80,000 d\u00f3lares desde los m\u00e1s de 106,000 d\u00f3lares de diciembre.<\/p>\n<p>&nbsp;<\/p>\n<p>&nbsp;<\/p>\n<p>&nbsp;<\/p>\n<p>PUBLICADO EL 10 DE MARZO DE Con informaci\u00f3n de AP)<\/p>\n","protected":false},"excerpt":{"rendered":"<p>WASHINGTON, ESTADOS UNIDOS DEL NORTE DE AM\u00c9RICA. \u2014 La ca\u00edda de los mercados financieros en&#8230;<\/p>\n","protected":false},"author":1,"featured_media":211157,"comment_status":"open","ping_status":"open","sticky":false,"template":"","format":"standard","meta":{"_monsterinsights_skip_tracking":false,"_monsterinsights_sitenote_active":false,"_monsterinsights_sitenote_note":"","_monsterinsights_sitenote_category":0,"footnotes":""},"categories":[3],"tags":[],"class_list":["post"],"yoast_head":" \n<title>Sonora en Equipo. Se agrava el desplome de los mercados financieros por temor a una recesi\u00f3n MUNDO<\/title>\n<meta name=\"description\" content=\"WASHINGTON, ESTADOS UNIDOS DEL NORTE DE AM\u00c9RICA. \u2014 La ca\u00edda de los mercados financieros en Estados Unidos se agrav\u00f3 el lunes luego de que el presidente, En Sonora en Equipo publicamos toda la informaci\u00f3n de Sonora, M\u00e9xico y el Mundo de manera oportuna y busca que la libertad de expresi\u00f3n sea real. Visita nuestro medio informativo publicado desde Hermosillo, Sonora. %\" \/>\n<meta name=\"robots\" content=\"index, follow, max-snippet:-1, max-image-preview:large, max-video-preview:-1\" \/>\n<link rel=\"canonical\" href=\"https:\/\/www.sonoraenequipo.com.mx\/se-agrava-el-desplome-de-los-mercados-financieros-por-temor-a-una-recesion\/\" \/>\n<meta property=\"og:locale\" content=\"es_ES\" \/>\n<meta property=\"og:type\" content=\"article\" \/>\n<meta property=\"og:title\" content=\"Sonora en Equipo. Se agrava el desplome de los mercados financieros por temor a una recesi\u00f3n MUNDO\" \/>\n<meta property=\"og:description\" content=\"WASHINGTON, ESTADOS UNIDOS DEL NORTE DE AM\u00c9RICA. \u2014 La ca\u00edda de los mercados financieros en Estados Unidos se agrav\u00f3 el lunes luego de que el presidente, En Sonora en Equipo publicamos toda la informaci\u00f3n de Sonora, M\u00e9xico y el Mundo de manera oportuna y busca que la libertad de expresi\u00f3n sea real. Visita nuestro medio informativo publicado desde Hermosillo, Sonora. %\" \/>\n<meta property=\"og:url\" content=\"https:\/\/www.sonoraenequipo.com.mx\/se-agrava-el-desplome-de-los-mercados-financieros-por-temor-a-una-recesion\/\" \/>\n<meta property=\"og:site_name\" content=\"Sonora en Equipo.\" \/>\n<meta property=\"article:publisher\" content=\"https:\/\/www.facebook.com\/SonoraEE\/\" \/>\n<meta property=\"article:author\" content=\"https:\/\/www.facebook.com\/SonoraEE\" \/>\n<meta property=\"article:published_time\" content=\"2025-03-10T19:10:00+00:00\" \/>\n<meta property=\"article:modified_time\" content=\"2025-03-10T19:56:00+00:00\" \/>\n<meta property=\"og:image\" content=\"https:\/\/www.sonoraenequipo.com.mx\/storage\/2025\/03\/caida-global-en-los-mercados-financieros-min.jpg\" \/>\n\t<meta property=\"og:image:width\" content=\"900\" \/>\n\t<meta property=\"og:image:height\" content=\"450\" \/>\n\t<meta property=\"og:image:type\" content=\"image\/jpeg\" \/>\n<meta name=\"author\" content=\"enequipo\" \/>\n<meta name=\"twitter:card\" content=\"summary_large_image\" \/>\n<meta name=\"twitter:creator\" content=\"@sonoraenequipo\" \/>\n<meta name=\"twitter:site\" content=\"@sonoraenequipo\" \/>\n<meta name=\"twitter:label1\" content=\"Escrito por\" \/>\n\t<meta name=\"twitter:data1\" content=\"enequipo\" \/>\n\t<meta name=\"twitter:label2\" content=\"Tiempo de lectura\" \/>\n\t<meta name=\"twitter:data2\" content=\"4 minutos\" \/>\n<script type=\"application\/ld+json\" class=\"yoast-schema-graph\">{\"@context\":\"https:\/\/schema.org\",\"@graph\":[{\"@type\":\"Article\",\"@id\":\"https:\/\/www.sonoraenequipo.com.mx\/se-agrava-el-desplome-de-los-mercados-financieros-por-temor-a-una-recesion\/#article\",\"isPartOf\":{\"@id\":\"https:\/\/www.sonoraenequipo.com.mx\/se-agrava-el-desplome-de-los-mercados-financieros-por-temor-a-una-recesion\/\"},\"author\":{\"name\":\"enequipo\",\"@id\":\"https:\/\/www.sonoraenequipo.com.mx\/#\/schema\/person\/50102df0fb23a8fa9e8effad8fa81386\"},\"headline\":\"Se agrava el desplome de los mercados financieros por temor a una recesi\u00f3n\",\"datePublished\":\"2025-03-10T19:10:00+00:00\",\"dateModified\":\"2025-03-10T19:56:00+00:00\",\"mainEntityOfPage\":{\"@id\":\"https:\/\/www.sonoraenequipo.com.mx\/se-agrava-el-desplome-de-los-mercados-financieros-por-temor-a-una-recesion\/\"},\"wordCount\":728,\"commentCount\":0,\"publisher\":{\"@id\":\"https:\/\/www.sonoraenequipo.com.mx\/#organization\"},\"image\":{\"@id\":\"https:\/\/www.sonoraenequipo.com.mx\/se-agrava-el-desplome-de-los-mercados-financieros-por-temor-a-una-recesion\/#primaryimage\"},\"thumbnailUrl\":\"https:\/\/www.sonoraenequipo.com.mx\/storage\/2025\/03\/caida-global-en-los-mercados-financieros-min.jpg\",\"articleSection\":[\"MUNDO\"],\"inLanguage\":\"es\",\"potentialAction\":[{\"@type\":\"CommentAction\",\"name\":\"Comment\",\"target\":[\"https:\/\/www.sonoraenequipo.com.mx\/se-agrava-el-desplome-de-los-mercados-financieros-por-temor-a-una-recesion\/#respond\"]}]},{\"@type\":\"WebPage\",\"@id\":\"https:\/\/www.sonoraenequipo.com.mx\/se-agrava-el-desplome-de-los-mercados-financieros-por-temor-a-una-recesion\/\",\"url\":\"https:\/\/www.sonoraenequipo.com.mx\/se-agrava-el-desplome-de-los-mercados-financieros-por-temor-a-una-recesion\/\",\"name\":\"Sonora en Equipo. Se agrava el desplome de los mercados financieros por temor a una recesi\u00f3n MUNDO\",\"isPartOf\":{\"@id\":\"https:\/\/www.sonoraenequipo.com.mx\/#website\"},\"primaryImageOfPage\":{\"@id\":\"https:\/\/www.sonoraenequipo.com.mx\/se-agrava-el-desplome-de-los-mercados-financieros-por-temor-a-una-recesion\/#primaryimage\"},\"image\":{\"@id\":\"https:\/\/www.sonoraenequipo.com.mx\/se-agrava-el-desplome-de-los-mercados-financieros-por-temor-a-una-recesion\/#primaryimage\"},\"thumbnailUrl\":\"https:\/\/www.sonoraenequipo.com.mx\/storage\/2025\/03\/caida-global-en-los-mercados-financieros-min.jpg\",\"datePublished\":\"2025-03-10T19:10:00+00:00\",\"dateModified\":\"2025-03-10T19:56:00+00:00\",\"description\":\"WASHINGTON, ESTADOS UNIDOS DEL NORTE DE AM\u00c9RICA. \u2014 La ca\u00edda de los mercados financieros en Estados Unidos se agrav\u00f3 el lunes luego de que el presidente, En Sonora en Equipo publicamos toda la informaci\u00f3n de Sonora, M\u00e9xico y el Mundo de manera oportuna y busca que la libertad de expresi\u00f3n sea real. Visita nuestro medio informativo publicado desde Hermosillo, Sonora. %\",\"breadcrumb\":{\"@id\":\"https:\/\/www.sonoraenequipo.com.mx\/se-agrava-el-desplome-de-los-mercados-financieros-por-temor-a-una-recesion\/#breadcrumb\"},\"inLanguage\":\"es\",\"potentialAction\":[{\"@type\":\"ReadAction\",\"target\":[\"https:\/\/www.sonoraenequipo.com.mx\/se-agrava-el-desplome-de-los-mercados-financieros-por-temor-a-una-recesion\/\"]}]},{\"@type\":\"ImageObject\",\"inLanguage\":\"es\",\"@id\":\"https:\/\/www.sonoraenequipo.com.mx\/se-agrava-el-desplome-de-los-mercados-financieros-por-temor-a-una-recesion\/#primaryimage\",\"url\":\"https:\/\/www.sonoraenequipo.com.mx\/storage\/2025\/03\/caida-global-en-los-mercados-financieros-min.jpg\",\"contentUrl\":\"https:\/\/www.sonoraenequipo.com.mx\/storage\/2025\/03\/caida-global-en-los-mercados-financieros-min.jpg\",\"width\":900,\"height\":450},{\"@type\":\"BreadcrumbList\",\"@id\":\"https:\/\/www.sonoraenequipo.com.mx\/se-agrava-el-desplome-de-los-mercados-financieros-por-temor-a-una-recesion\/#breadcrumb\",\"itemListElement\":[{\"@type\":\"ListItem\",\"position\":1,\"name\":\"Portada\",\"item\":\"https:\/\/www.sonoraenequipo.com.mx\/\"},{\"@type\":\"ListItem\",\"position\":2,\"name\":\"Se agrava el desplome de los mercados financieros por temor a una recesi\u00f3n\"}]},{\"@type\":\"WebSite\",\"@id\":\"https:\/\/www.sonoraenequipo.com.mx\/#website\",\"url\":\"https:\/\/www.sonoraenequipo.com.mx\/\",\"name\":\"Sonora en Equipo.\",\"description\":\"Diario en l\u00ednea con Noticias desde Hermosillo, Sonora\",\"publisher\":{\"@id\":\"https:\/\/www.sonoraenequipo.com.mx\/#organization\"},\"potentialAction\":[{\"@type\":\"SearchAction\",\"target\":{\"@type\":\"EntryPoint\",\"urlTemplate\":\"https:\/\/www.sonoraenequipo.com.mx\/?s={search_term_string}\"},\"query-input\":{\"@type\":\"PropertyValueSpecification\",\"valueRequired\":true,\"valueName\":\"search_term_string\"}}],\"inLanguage\":\"es\"},{\"@type\":\"Organization\",\"@id\":\"https:\/\/www.sonoraenequipo.com.mx\/#organization\",\"name\":\"Sonoraenequipo.com.mx\",\"url\":\"https:\/\/www.sonoraenequipo.com.mx\/\",\"logo\":{\"@type\":\"ImageObject\",\"inLanguage\":\"es\",\"@id\":\"https:\/\/www.sonoraenequipo.com.mx\/#\/schema\/logo\/image\/\",\"url\":\"https:\/\/www.sonoraenequipo.com.mx\/storage\/2019\/01\/sonoraenequipo_opt.png\",\"contentUrl\":\"https:\/\/www.sonoraenequipo.com.mx\/storage\/2019\/01\/sonoraenequipo_opt.png\",\"width\":375,\"height\":125,\"caption\":\"Sonoraenequipo.com.mx\"},\"image\":{\"@id\":\"https:\/\/www.sonoraenequipo.com.mx\/#\/schema\/logo\/image\/\"},\"sameAs\":[\"https:\/\/www.facebook.com\/SonoraEE\/\",\"https:\/\/x.com\/sonoraenequipo\",\"https:\/\/www.youtube.com\/channel\/UC338nW-lPEYmJQs4ZABQ1SQ\"]},{\"@type\":\"Person\",\"@id\":\"https:\/\/www.sonoraenequipo.com.mx\/#\/schema\/person\/50102df0fb23a8fa9e8effad8fa81386\",\"name\":\"enequipo\",\"image\":{\"@type\":\"ImageObject\",\"inLanguage\":\"es\",\"@id\":\"https:\/\/www.sonoraenequipo.com.mx\/#\/schema\/person\/image\/\",\"url\":\"https:\/\/secure.gravatar.com\/avatar\/049821681b589dabc0bc20695993ccebb09f5b5d4d790cd9251b97faac7c652b?s=96&d=blank&r=g\",\"contentUrl\":\"https:\/\/secure.gravatar.com\/avatar\/049821681b589dabc0bc20695993ccebb09f5b5d4d790cd9251b97faac7c652b?s=96&d=blank&r=g\",\"caption\":\"enequipo\"},\"sameAs\":[\"https:\/\/www.facebook.com\/SonoraEE\"]}]}<\/script>\n ","yoast_head_json":{"title":"Sonora en Equipo. Se agrava el desplome de los mercados financieros por temor a una recesi\u00f3n MUNDO","description":"WASHINGTON, ESTADOS UNIDOS DEL NORTE DE AM\u00c9RICA. \u2014 La ca\u00edda de los mercados financieros en Estados Unidos se agrav\u00f3 el lunes luego de que el presidente, En Sonora en Equipo publicamos toda la informaci\u00f3n de Sonora, M\u00e9xico y el Mundo de manera oportuna y busca que la libertad de expresi\u00f3n sea real. Visita nuestro medio informativo publicado desde Hermosillo, Sonora. %","robots":{"index":"index","follow":"follow","max-snippet":"max-snippet:-1","max-image-preview":"max-image-preview:large","max-video-preview":"max-video-preview:-1"},"canonical":"https:\/\/www.sonoraenequipo.com.mx\/se-agrava-el-desplome-de-los-mercados-financieros-por-temor-a-una-recesion\/","og_locale":"es_ES","og_type":"article","og_title":"Sonora en Equipo. Se agrava el desplome de los mercados financieros por temor a una recesi\u00f3n MUNDO","og_description":"WASHINGTON, ESTADOS UNIDOS DEL NORTE DE AM\u00c9RICA. \u2014 La ca\u00edda de los mercados financieros en Estados Unidos se agrav\u00f3 el lunes luego de que el presidente, En Sonora en Equipo publicamos toda la informaci\u00f3n de Sonora, M\u00e9xico y el Mundo de manera oportuna y busca que la libertad de expresi\u00f3n sea real. Visita nuestro medio informativo publicado desde Hermosillo, Sonora. %","og_url":"https:\/\/www.sonoraenequipo.com.mx\/se-agrava-el-desplome-de-los-mercados-financieros-por-temor-a-una-recesion\/","og_site_name":"Sonora en Equipo.","article_publisher":"https:\/\/www.facebook.com\/SonoraEE\/","article_author":"https:\/\/www.facebook.com\/SonoraEE","article_published_time":"2025-03-10T19:10:00+00:00","article_modified_time":"2025-03-10T19:56:00+00:00","og_image":[{"width":900,"height":450,"url":"https:\/\/www.sonoraenequipo.com.mx\/storage\/2025\/03\/caida-global-en-los-mercados-financieros-min.jpg","type":"image\/jpeg"}],"author":"enequipo","twitter_card":"summary_large_image","twitter_creator":"@sonoraenequipo","twitter_site":"@sonoraenequipo","twitter_misc":{"Escrito por":"enequipo","Tiempo de lectura":"4 minutos"},"schema":{"@context":"https:\/\/schema.org","@graph":[{"@type":"Article","@id":"https:\/\/www.sonoraenequipo.com.mx\/se-agrava-el-desplome-de-los-mercados-financieros-por-temor-a-una-recesion\/#article","isPartOf":{"@id":"https:\/\/www.sonoraenequipo.com.mx\/se-agrava-el-desplome-de-los-mercados-financieros-por-temor-a-una-recesion\/"},"author":{"name":"enequipo","@id":"https:\/\/www.sonoraenequipo.com.mx\/#\/schema\/person\/50102df0fb23a8fa9e8effad8fa81386"},"headline":"Se agrava el desplome de los mercados financieros por temor a una recesi\u00f3n","datePublished":"2025-03-10T19:10:00+00:00","dateModified":"2025-03-10T19:56:00+00:00","mainEntityOfPage":{"@id":"https:\/\/www.sonoraenequipo.com.mx\/se-agrava-el-desplome-de-los-mercados-financieros-por-temor-a-una-recesion\/"},"wordCount":728,"commentCount":0,"publisher":{"@id":"https:\/\/www.sonoraenequipo.com.mx\/#organization"},"image":{"@id":"https:\/\/www.sonoraenequipo.com.mx\/se-agrava-el-desplome-de-los-mercados-financieros-por-temor-a-una-recesion\/#primaryimage"},"thumbnailUrl":"https:\/\/www.sonoraenequipo.com.mx\/storage\/2025\/03\/caida-global-en-los-mercados-financieros-min.jpg","articleSection":["MUNDO"],"inLanguage":"es","potentialAction":[{"@type":"CommentAction","name":"Comment","target":["https:\/\/www.sonoraenequipo.com.mx\/se-agrava-el-desplome-de-los-mercados-financieros-por-temor-a-una-recesion\/#respond"]}]},{"@type":"WebPage","@id":"https:\/\/www.sonoraenequipo.com.mx\/se-agrava-el-desplome-de-los-mercados-financieros-por-temor-a-una-recesion\/","url":"https:\/\/www.sonoraenequipo.com.mx\/se-agrava-el-desplome-de-los-mercados-financieros-por-temor-a-una-recesion\/","name":"Sonora en Equipo. Se agrava el desplome de los mercados financieros por temor a una recesi\u00f3n MUNDO","isPartOf":{"@id":"https:\/\/www.sonoraenequipo.com.mx\/#website"},"primaryImageOfPage":{"@id":"https:\/\/www.sonoraenequipo.com.mx\/se-agrava-el-desplome-de-los-mercados-financieros-por-temor-a-una-recesion\/#primaryimage"},"image":{"@id":"https:\/\/www.sonoraenequipo.com.mx\/se-agrava-el-desplome-de-los-mercados-financieros-por-temor-a-una-recesion\/#primaryimage"},"thumbnailUrl":"https:\/\/www.sonoraenequipo.com.mx\/storage\/2025\/03\/caida-global-en-los-mercados-financieros-min.jpg","datePublished":"2025-03-10T19:10:00+00:00","dateModified":"2025-03-10T19:56:00+00:00","description":"WASHINGTON, ESTADOS UNIDOS DEL NORTE DE AM\u00c9RICA. \u2014 La ca\u00edda de los mercados financieros en Estados Unidos se agrav\u00f3 el lunes luego de que el presidente, En Sonora en Equipo publicamos toda la informaci\u00f3n de Sonora, M\u00e9xico y el Mundo de manera oportuna y busca que la libertad de expresi\u00f3n sea real. Visita nuestro medio informativo publicado desde Hermosillo, Sonora. %","breadcrumb":{"@id":"https:\/\/www.sonoraenequipo.com.mx\/se-agrava-el-desplome-de-los-mercados-financieros-por-temor-a-una-recesion\/#breadcrumb"},"inLanguage":"es","potentialAction":[{"@type":"ReadAction","target":["https:\/\/www.sonoraenequipo.com.mx\/se-agrava-el-desplome-de-los-mercados-financieros-por-temor-a-una-recesion\/"]}]},{"@type":"ImageObject","inLanguage":"es","@id":"https:\/\/www.sonoraenequipo.com.mx\/se-agrava-el-desplome-de-los-mercados-financieros-por-temor-a-una-recesion\/#primaryimage","url":"https:\/\/www.sonoraenequipo.com.mx\/storage\/2025\/03\/caida-global-en-los-mercados-financieros-min.jpg","contentUrl":"https:\/\/www.sonoraenequipo.com.mx\/storage\/2025\/03\/caida-global-en-los-mercados-financieros-min.jpg","width":900,"height":450},{"@type":"BreadcrumbList","@id":"https:\/\/www.sonoraenequipo.com.mx\/se-agrava-el-desplome-de-los-mercados-financieros-por-temor-a-una-recesion\/#breadcrumb","itemListElement":[{"@type":"ListItem","position":1,"name":"Portada","item":"https:\/\/www.sonoraenequipo.com.mx\/"},{"@type":"ListItem","position":2,"name":"Se agrava el desplome de los mercados financieros por temor a una recesi\u00f3n"}]},{"@type":"WebSite","@id":"https:\/\/www.sonoraenequipo.com.mx\/#website","url":"https:\/\/www.sonoraenequipo.com.mx\/","name":"Sonora en Equipo.","description":"Diario en l\u00ednea con Noticias desde Hermosillo, Sonora","publisher":{"@id":"https:\/\/www.sonoraenequipo.com.mx\/#organization"},"potentialAction":[{"@type":"SearchAction","target":{"@type":"EntryPoint","urlTemplate":"https:\/\/www.sonoraenequipo.com.mx\/?s={search_term_string}"},"query-input":{"@type":"PropertyValueSpecification","valueRequired":true,"valueName":"search_term_string"}}],"inLanguage":"es"},{"@type":"Organization","@id":"https:\/\/www.sonoraenequipo.com.mx\/#organization","name":"Sonoraenequipo.com.mx","url":"https:\/\/www.sonoraenequipo.com.mx\/","logo":{"@type":"ImageObject","inLanguage":"es","@id":"https:\/\/www.sonoraenequipo.com.mx\/#\/schema\/logo\/image\/","url":"https:\/\/www.sonoraenequipo.com.mx\/storage\/2019\/01\/sonoraenequipo_opt.png","contentUrl":"https:\/\/www.sonoraenequipo.com.mx\/storage\/2019\/01\/sonoraenequipo_opt.png","width":375,"height":125,"caption":"Sonoraenequipo.com.mx"},"image":{"@id":"https:\/\/www.sonoraenequipo.com.mx\/#\/schema\/logo\/image\/"},"sameAs":["https:\/\/www.facebook.com\/SonoraEE\/","https:\/\/x.com\/sonoraenequipo","https:\/\/www.youtube.com\/channel\/UC338nW-lPEYmJQs4ZABQ1SQ"]},{"@type":"Person","@id":"https:\/\/www.sonoraenequipo.com.mx\/#\/schema\/person\/50102df0fb23a8fa9e8effad8fa81386","name":"enequipo","image":{"@type":"ImageObject","inLanguage":"es","@id":"https:\/\/www.sonoraenequipo.com.mx\/#\/schema\/person\/image\/","url":"https:\/\/secure.gravatar.com\/avatar\/049821681b589dabc0bc20695993ccebb09f5b5d4d790cd9251b97faac7c652b?s=96&d=blank&r=g","contentUrl":"https:\/\/secure.gravatar.com\/avatar\/049821681b589dabc0bc20695993ccebb09f5b5d4d790cd9251b97faac7c652b?s=96&d=blank&r=g","caption":"enequipo"},"sameAs":["https:\/\/www.facebook.com\/SonoraEE"]}]}},"jetpack_featured_media_url":"https:\/\/www.sonoraenequipo.com.mx\/storage\/2025\/03\/caida-global-en-los-mercados-financieros-min.jpg","_links":{"self":[{"href":"https:\/\/www.sonoraenequipo.com.mx\/api\/wp\/v2\/posts\/211149","targetHints":{"allow":["GET"]}}],"collection":[{"href":"https:\/\/www.sonoraenequipo.com.mx\/api\/wp\/v2\/posts"}],"about":[{"href":"https:\/\/www.sonoraenequipo.com.mx\/api\/wp\/v2\/types\/post"}],"author":[{"embeddable":true,"href":"https:\/\/www.sonoraenequipo.com.mx\/api\/wp\/v2\/users\/1"}],"replies":[{"embeddable":true,"href":"https:\/\/www.sonoraenequipo.com.mx\/api\/wp\/v2\/comments?post=211149"}],"version-history":[{"count":1,"href":"https:\/\/www.sonoraenequipo.com.mx\/api\/wp\/v2\/posts\/211149\/revisions"}],"predecessor-version":[{"id":211158,"href":"https:\/\/www.sonoraenequipo.com.mx\/api\/wp\/v2\/posts\/211149\/revisions\/211158"}],"wp:featuredmedia":[{"embeddable":true,"href":"https:\/\/www.sonoraenequipo.com.mx\/api\/wp\/v2\/media\/211157"}],"wp:attachment":[{"href":"https:\/\/www.sonoraenequipo.com.mx\/api\/wp\/v2\/media?parent=211149"}],"wp:term":[{"taxonomy":"category","embeddable":true,"href":"https:\/\/www.sonoraenequipo.com.mx\/api\/wp\/v2\/categories?post=211149"},{"taxonomy":"post_tag","embeddable":true,"href":"https:\/\/www.sonoraenequipo.com.mx\/api\/wp\/v2\/tags?post=211149"}],"curies":[{"name":"wp","href":"https:\/\/api.w.org\/{rel}","templated":true}]}}