{"id":211163,"date":"2025-03-10T13:40:51","date_gmt":"2025-03-10T20:40:51","guid":{"rendered":"https:\/\/www.sonoraenequipo.com.mx\/?p=211163"},"modified":"2025-03-10T17:19:37","modified_gmt":"2025-03-11T00:19:37","slug":"colombia-pide-en-onu-retirar-la-planta-de-coca-de-lista-de-sustancias-daninas","status":"publish","type":"post","link":"https:\/\/www.sonoraenequipo.com.mx\/colombia-pide-en-onu-retirar-la-planta-de-coca-de-lista-de-sustancias-daninas\/","title":{"rendered":"Colombia pide\u00a0en\u00a0ONU retirar la planta de coca de lista de sustancias da\u00f1inas"},"content":{"rendered":"<p><strong>BOGOTA, COLOMBIA. \u2014<\/strong> La ministra colombiana de Relaciones Exteriores, Laura Sarabia, pidi\u00f3 este lunes a la ONU en Viena retirar a la hoja de coca, principal competente de la coca\u00edna, del listado de sustancias prohibidas.<\/p>\n<p>\u00a0<\/p>\n<p>\u00a0<\/p>\n<p> <\/p>\n<p>La funcionaria hizo la solicitud \u00abpor razones cient\u00edficas y pr\u00e1cticas\u00bb, en una declaraci\u00f3n realizada durante una sesi\u00f3n de la Convenci\u00f3n de Estupefacientes.<\/p>\n<p>\u00a0<\/p>\n<p>\u00a0<\/p>\n<p><em><strong>\u00abLa ciencia demostrar\u00e1 que la hoja de coca en s\u00ed no es perjudicial para la salud\u00bb,<\/strong><\/em> asegur\u00f3 Sarabia.<\/p>\n<p>\u00a0<\/p>\n<p>\u00a0<\/p>\n<p>\u00a0<\/p>\n<p>El presidente Gustavo Petro intenta quitar el estigma sobre esta planta, que mezclada con qu\u00edmicos en laboratorios se convierte en coca\u00edna. Tambi\u00e9n insiste en que los campesinos e ind\u00edgenas que la siembran son v\u00edctimas de los grandes narcotraficantes.<\/p>\n<p>\u00a0<\/p>\n<p>\u00a0<\/p>\n<h3>Colombia: el mayor productor de coca\u00edna del mundo<\/h3>\n<h3>\u00a0<\/h3>\n<h3>\u00a0<\/h3>\n<p>Sarabia insisti\u00f3 en que su petici\u00f3n \u00abno implica\u00bb para el gobierno colombiano \u00abdejar de erradicar\u00bb los cultivos il\u00edcitos.<\/p>\n<p>\u00a0<\/p>\n<p>\u00a0<\/p>\n<p>Adem\u00e1s, asever\u00f3 que desde la llegada de Petro al poder el 7 de agosto de 2022, hasta el 31 de enero de 2025, las autoridades han incautado m\u00e1s de 1,9 millones de kilogramos de clorhidrato de coca\u00edna y destruido 454 laboratorios.<\/p>\n<p>\u00a0<\/p>\n<p>\u00a0<\/p>\n<p>Colombia es el mayor productor mundial de coca\u00edna, fuente de financiamiento de carteles, grupos paramilitares y guerrillas.<\/p>\n<p>\u00a0<\/p>\n<p>\u00a0<\/p>\n<p>En 2023, la producci\u00f3n en el pa\u00eds marc\u00f3 un r\u00e9cord de 2.600 toneladas, 53% m\u00e1s que el a\u00f1o anterior, seg\u00fan la ONU. Ese a\u00f1o, hab\u00eda por lo menos 253.000 hect\u00e1reas sembradas con hoja de coca.<\/p>\n<p>\u00a0<\/p>\n<p>\u00a0<\/p>\n<p><strong>Fecha de publicaci\u00f3n lunes 10 de marzo de 2025 \/ AFP\/EL TIEMPO)<\/strong><\/p>\n<p>\u00a0<\/p>\n<p>\u00a0<\/p>\n\n\n<p><\/p>\n","protected":false},"excerpt":{"rendered":"<p>BOGOTA, COLOMBIA. \u2014 La ministra colombiana de Relaciones Exteriores, Laura Sarabia, pidi\u00f3 este lunes a&#8230;<\/p>\n","protected":false},"author":1,"featured_media":211164,"comment_status":"open","ping_status":"open","sticky":false,"template":"","format":"standard","meta":{"_monsterinsights_skip_tracking":false,"_monsterinsights_sitenote_active":false,"_monsterinsights_sitenote_note":"","_monsterinsights_sitenote_category":0,"footnotes":""},"categories":[1],"tags":[10946,6702],"class_list":["post"],"yoast_head":" \n<title>Sonora en Equipo. Colombia pide\u00a0en\u00a0ONU retirar la planta de coca de lista de sustancias da\u00f1inas<\/title>\n<meta name=\"description\" content=\"BOGOTA, COLOMBIA. \u2014 La ministra colombiana de Relaciones Exteriores, Laura Sarabia, pidi\u00f3 este lunes a la ONU en Viena retirar a la hoja de coca, En Sonora en Equipo publicamos toda la informaci\u00f3n de Sonora, M\u00e9xico y el Mundo de manera oportuna y busca que la libertad de expresi\u00f3n sea real. Visita nuestro medio informativo publicado desde Hermosillo, Sonora. %\" \/>\n<meta name=\"robots\" content=\"index, follow, max-snippet:-1, max-image-preview:large, max-video-preview:-1\" \/>\n<link rel=\"canonical\" href=\"https:\/\/www.sonoraenequipo.com.mx\/colombia-pide-en-onu-retirar-la-planta-de-coca-de-lista-de-sustancias-daninas\/\" \/>\n<meta property=\"og:locale\" content=\"es_ES\" \/>\n<meta property=\"og:type\" content=\"article\" \/>\n<meta property=\"og:title\" content=\"Sonora en Equipo. Colombia pide\u00a0en\u00a0ONU retirar la planta de coca de lista de sustancias da\u00f1inas\" \/>\n<meta property=\"og:description\" content=\"BOGOTA, COLOMBIA. \u2014 La ministra colombiana de Relaciones Exteriores, Laura Sarabia, pidi\u00f3 este lunes a la ONU en Viena retirar a la hoja de coca, En Sonora en Equipo publicamos toda la informaci\u00f3n de Sonora, M\u00e9xico y el Mundo de manera oportuna y busca que la libertad de expresi\u00f3n sea real. Visita nuestro medio informativo publicado desde Hermosillo, Sonora. %\" \/>\n<meta property=\"og:url\" content=\"https:\/\/www.sonoraenequipo.com.mx\/colombia-pide-en-onu-retirar-la-planta-de-coca-de-lista-de-sustancias-daninas\/\" \/>\n<meta property=\"og:site_name\" content=\"Sonora en Equipo.\" \/>\n<meta property=\"article:publisher\" content=\"https:\/\/www.facebook.com\/SonoraEE\/\" \/>\n<meta property=\"article:author\" content=\"https:\/\/www.facebook.com\/SonoraEE\" \/>\n<meta property=\"article:published_time\" content=\"2025-03-10T20:40:51+00:00\" \/>\n<meta property=\"article:modified_time\" content=\"2025-03-11T00:19:37+00:00\" \/>\n<meta property=\"og:image\" content=\"https:\/\/www.sonoraenequipo.com.mx\/storage\/2025\/03\/hoja-de-coca.jpg\" \/>\n\t<meta property=\"og:image:width\" content=\"600\" \/>\n\t<meta property=\"og:image:height\" content=\"400\" \/>\n\t<meta property=\"og:image:type\" content=\"image\/jpeg\" \/>\n<meta name=\"author\" content=\"enequipo\" \/>\n<meta name=\"twitter:card\" content=\"summary_large_image\" \/>\n<meta name=\"twitter:creator\" content=\"@sonoraenequipo\" \/>\n<meta name=\"twitter:site\" content=\"@sonoraenequipo\" \/>\n<meta name=\"twitter:label1\" content=\"Escrito por\" \/>\n\t<meta name=\"twitter:data1\" content=\"enequipo\" \/>\n\t<meta name=\"twitter:label2\" content=\"Tiempo de lectura\" \/>\n\t<meta name=\"twitter:data2\" content=\"1 minuto\" \/>\n<script type=\"application\/ld+json\" class=\"yoast-schema-graph\">{\"@context\":\"https:\/\/schema.org\",\"@graph\":[{\"@type\":\"Article\",\"@id\":\"https:\/\/www.sonoraenequipo.com.mx\/colombia-pide-en-onu-retirar-la-planta-de-coca-de-lista-de-sustancias-daninas\/#article\",\"isPartOf\":{\"@id\":\"https:\/\/www.sonoraenequipo.com.mx\/colombia-pide-en-onu-retirar-la-planta-de-coca-de-lista-de-sustancias-daninas\/\"},\"author\":{\"name\":\"enequipo\",\"@id\":\"https:\/\/www.sonoraenequipo.com.mx\/#\/schema\/person\/50102df0fb23a8fa9e8effad8fa81386\"},\"headline\":\"Colombia pide\u00a0en\u00a0ONU retirar la planta de coca de lista de sustancias da\u00f1inas\",\"datePublished\":\"2025-03-10T20:40:51+00:00\",\"dateModified\":\"2025-03-11T00:19:37+00:00\",\"mainEntityOfPage\":{\"@id\":\"https:\/\/www.sonoraenequipo.com.mx\/colombia-pide-en-onu-retirar-la-planta-de-coca-de-lista-de-sustancias-daninas\/\"},\"wordCount\":274,\"commentCount\":0,\"publisher\":{\"@id\":\"https:\/\/www.sonoraenequipo.com.mx\/#organization\"},\"image\":{\"@id\":\"https:\/\/www.sonoraenequipo.com.mx\/colombia-pide-en-onu-retirar-la-planta-de-coca-de-lista-de-sustancias-daninas\/#primaryimage\"},\"thumbnailUrl\":\"https:\/\/www.sonoraenequipo.com.mx\/storage\/2025\/03\/hoja-de-coca.jpg\",\"keywords\":[\"coca\",\"planta\"],\"articleSection\":[\"Sin categorizar\"],\"inLanguage\":\"es\",\"potentialAction\":[{\"@type\":\"CommentAction\",\"name\":\"Comment\",\"target\":[\"https:\/\/www.sonoraenequipo.com.mx\/colombia-pide-en-onu-retirar-la-planta-de-coca-de-lista-de-sustancias-daninas\/#respond\"]}]},{\"@type\":\"WebPage\",\"@id\":\"https:\/\/www.sonoraenequipo.com.mx\/colombia-pide-en-onu-retirar-la-planta-de-coca-de-lista-de-sustancias-daninas\/\",\"url\":\"https:\/\/www.sonoraenequipo.com.mx\/colombia-pide-en-onu-retirar-la-planta-de-coca-de-lista-de-sustancias-daninas\/\",\"name\":\"Sonora en Equipo. Colombia pide\u00a0en\u00a0ONU retirar la planta de coca de lista de sustancias da\u00f1inas\",\"isPartOf\":{\"@id\":\"https:\/\/www.sonoraenequipo.com.mx\/#website\"},\"primaryImageOfPage\":{\"@id\":\"https:\/\/www.sonoraenequipo.com.mx\/colombia-pide-en-onu-retirar-la-planta-de-coca-de-lista-de-sustancias-daninas\/#primaryimage\"},\"image\":{\"@id\":\"https:\/\/www.sonoraenequipo.com.mx\/colombia-pide-en-onu-retirar-la-planta-de-coca-de-lista-de-sustancias-daninas\/#primaryimage\"},\"thumbnailUrl\":\"https:\/\/www.sonoraenequipo.com.mx\/storage\/2025\/03\/hoja-de-coca.jpg\",\"datePublished\":\"2025-03-10T20:40:51+00:00\",\"dateModified\":\"2025-03-11T00:19:37+00:00\",\"description\":\"BOGOTA, COLOMBIA. \u2014 La ministra colombiana de Relaciones Exteriores, Laura Sarabia, pidi\u00f3 este lunes a la ONU en Viena retirar a la hoja de coca, En Sonora en Equipo publicamos toda la informaci\u00f3n de Sonora, M\u00e9xico y el Mundo de manera oportuna y busca que la libertad de expresi\u00f3n sea real. Visita nuestro medio informativo publicado desde Hermosillo, Sonora. %\",\"breadcrumb\":{\"@id\":\"https:\/\/www.sonoraenequipo.com.mx\/colombia-pide-en-onu-retirar-la-planta-de-coca-de-lista-de-sustancias-daninas\/#breadcrumb\"},\"inLanguage\":\"es\",\"potentialAction\":[{\"@type\":\"ReadAction\",\"target\":[\"https:\/\/www.sonoraenequipo.com.mx\/colombia-pide-en-onu-retirar-la-planta-de-coca-de-lista-de-sustancias-daninas\/\"]}]},{\"@type\":\"ImageObject\",\"inLanguage\":\"es\",\"@id\":\"https:\/\/www.sonoraenequipo.com.mx\/colombia-pide-en-onu-retirar-la-planta-de-coca-de-lista-de-sustancias-daninas\/#primaryimage\",\"url\":\"https:\/\/www.sonoraenequipo.com.mx\/storage\/2025\/03\/hoja-de-coca.jpg\",\"contentUrl\":\"https:\/\/www.sonoraenequipo.com.mx\/storage\/2025\/03\/hoja-de-coca.jpg\",\"width\":600,\"height\":400},{\"@type\":\"BreadcrumbList\",\"@id\":\"https:\/\/www.sonoraenequipo.com.mx\/colombia-pide-en-onu-retirar-la-planta-de-coca-de-lista-de-sustancias-daninas\/#breadcrumb\",\"itemListElement\":[{\"@type\":\"ListItem\",\"position\":1,\"name\":\"Portada\",\"item\":\"https:\/\/www.sonoraenequipo.com.mx\/\"},{\"@type\":\"ListItem\",\"position\":2,\"name\":\"Colombia pide\u00a0en\u00a0ONU retirar la planta de coca de lista de sustancias da\u00f1inas\"}]},{\"@type\":\"WebSite\",\"@id\":\"https:\/\/www.sonoraenequipo.com.mx\/#website\",\"url\":\"https:\/\/www.sonoraenequipo.com.mx\/\",\"name\":\"Sonora en Equipo.\",\"description\":\"Diario en l\u00ednea con Noticias desde Hermosillo, Sonora\",\"publisher\":{\"@id\":\"https:\/\/www.sonoraenequipo.com.mx\/#organization\"},\"potentialAction\":[{\"@type\":\"SearchAction\",\"target\":{\"@type\":\"EntryPoint\",\"urlTemplate\":\"https:\/\/www.sonoraenequipo.com.mx\/?s={search_term_string}\"},\"query-input\":{\"@type\":\"PropertyValueSpecification\",\"valueRequired\":true,\"valueName\":\"search_term_string\"}}],\"inLanguage\":\"es\"},{\"@type\":\"Organization\",\"@id\":\"https:\/\/www.sonoraenequipo.com.mx\/#organization\",\"name\":\"Sonoraenequipo.com.mx\",\"url\":\"https:\/\/www.sonoraenequipo.com.mx\/\",\"logo\":{\"@type\":\"ImageObject\",\"inLanguage\":\"es\",\"@id\":\"https:\/\/www.sonoraenequipo.com.mx\/#\/schema\/logo\/image\/\",\"url\":\"https:\/\/www.sonoraenequipo.com.mx\/storage\/2019\/01\/sonoraenequipo_opt.png\",\"contentUrl\":\"https:\/\/www.sonoraenequipo.com.mx\/storage\/2019\/01\/sonoraenequipo_opt.png\",\"width\":375,\"height\":125,\"caption\":\"Sonoraenequipo.com.mx\"},\"image\":{\"@id\":\"https:\/\/www.sonoraenequipo.com.mx\/#\/schema\/logo\/image\/\"},\"sameAs\":[\"https:\/\/www.facebook.com\/SonoraEE\/\",\"https:\/\/x.com\/sonoraenequipo\",\"https:\/\/www.youtube.com\/channel\/UC338nW-lPEYmJQs4ZABQ1SQ\"]},{\"@type\":\"Person\",\"@id\":\"https:\/\/www.sonoraenequipo.com.mx\/#\/schema\/person\/50102df0fb23a8fa9e8effad8fa81386\",\"name\":\"enequipo\",\"image\":{\"@type\":\"ImageObject\",\"inLanguage\":\"es\",\"@id\":\"https:\/\/www.sonoraenequipo.com.mx\/#\/schema\/person\/image\/\",\"url\":\"https:\/\/secure.gravatar.com\/avatar\/049821681b589dabc0bc20695993ccebb09f5b5d4d790cd9251b97faac7c652b?s=96&d=blank&r=g\",\"contentUrl\":\"https:\/\/secure.gravatar.com\/avatar\/049821681b589dabc0bc20695993ccebb09f5b5d4d790cd9251b97faac7c652b?s=96&d=blank&r=g\",\"caption\":\"enequipo\"},\"sameAs\":[\"https:\/\/www.facebook.com\/SonoraEE\"]}]}<\/script>\n ","yoast_head_json":{"title":"Sonora en Equipo. Colombia pide\u00a0en\u00a0ONU retirar la planta de coca de lista de sustancias da\u00f1inas","description":"BOGOTA, COLOMBIA. \u2014 La ministra colombiana de Relaciones Exteriores, Laura Sarabia, pidi\u00f3 este lunes a la ONU en Viena retirar a la hoja de coca, En Sonora en Equipo publicamos toda la informaci\u00f3n de Sonora, M\u00e9xico y el Mundo de manera oportuna y busca que la libertad de expresi\u00f3n sea real. Visita nuestro medio informativo publicado desde Hermosillo, Sonora. %","robots":{"index":"index","follow":"follow","max-snippet":"max-snippet:-1","max-image-preview":"max-image-preview:large","max-video-preview":"max-video-preview:-1"},"canonical":"https:\/\/www.sonoraenequipo.com.mx\/colombia-pide-en-onu-retirar-la-planta-de-coca-de-lista-de-sustancias-daninas\/","og_locale":"es_ES","og_type":"article","og_title":"Sonora en Equipo. Colombia pide\u00a0en\u00a0ONU retirar la planta de coca de lista de sustancias da\u00f1inas","og_description":"BOGOTA, COLOMBIA. \u2014 La ministra colombiana de Relaciones Exteriores, Laura Sarabia, pidi\u00f3 este lunes a la ONU en Viena retirar a la hoja de coca, En Sonora en Equipo publicamos toda la informaci\u00f3n de Sonora, M\u00e9xico y el Mundo de manera oportuna y busca que la libertad de expresi\u00f3n sea real. Visita nuestro medio informativo publicado desde Hermosillo, Sonora. %","og_url":"https:\/\/www.sonoraenequipo.com.mx\/colombia-pide-en-onu-retirar-la-planta-de-coca-de-lista-de-sustancias-daninas\/","og_site_name":"Sonora en Equipo.","article_publisher":"https:\/\/www.facebook.com\/SonoraEE\/","article_author":"https:\/\/www.facebook.com\/SonoraEE","article_published_time":"2025-03-10T20:40:51+00:00","article_modified_time":"2025-03-11T00:19:37+00:00","og_image":[{"width":600,"height":400,"url":"https:\/\/www.sonoraenequipo.com.mx\/storage\/2025\/03\/hoja-de-coca.jpg","type":"image\/jpeg"}],"author":"enequipo","twitter_card":"summary_large_image","twitter_creator":"@sonoraenequipo","twitter_site":"@sonoraenequipo","twitter_misc":{"Escrito por":"enequipo","Tiempo de lectura":"1 minuto"},"schema":{"@context":"https:\/\/schema.org","@graph":[{"@type":"Article","@id":"https:\/\/www.sonoraenequipo.com.mx\/colombia-pide-en-onu-retirar-la-planta-de-coca-de-lista-de-sustancias-daninas\/#article","isPartOf":{"@id":"https:\/\/www.sonoraenequipo.com.mx\/colombia-pide-en-onu-retirar-la-planta-de-coca-de-lista-de-sustancias-daninas\/"},"author":{"name":"enequipo","@id":"https:\/\/www.sonoraenequipo.com.mx\/#\/schema\/person\/50102df0fb23a8fa9e8effad8fa81386"},"headline":"Colombia pide\u00a0en\u00a0ONU retirar la planta de coca de lista de sustancias da\u00f1inas","datePublished":"2025-03-10T20:40:51+00:00","dateModified":"2025-03-11T00:19:37+00:00","mainEntityOfPage":{"@id":"https:\/\/www.sonoraenequipo.com.mx\/colombia-pide-en-onu-retirar-la-planta-de-coca-de-lista-de-sustancias-daninas\/"},"wordCount":274,"commentCount":0,"publisher":{"@id":"https:\/\/www.sonoraenequipo.com.mx\/#organization"},"image":{"@id":"https:\/\/www.sonoraenequipo.com.mx\/colombia-pide-en-onu-retirar-la-planta-de-coca-de-lista-de-sustancias-daninas\/#primaryimage"},"thumbnailUrl":"https:\/\/www.sonoraenequipo.com.mx\/storage\/2025\/03\/hoja-de-coca.jpg","keywords":["coca","planta"],"articleSection":["Sin categorizar"],"inLanguage":"es","potentialAction":[{"@type":"CommentAction","name":"Comment","target":["https:\/\/www.sonoraenequipo.com.mx\/colombia-pide-en-onu-retirar-la-planta-de-coca-de-lista-de-sustancias-daninas\/#respond"]}]},{"@type":"WebPage","@id":"https:\/\/www.sonoraenequipo.com.mx\/colombia-pide-en-onu-retirar-la-planta-de-coca-de-lista-de-sustancias-daninas\/","url":"https:\/\/www.sonoraenequipo.com.mx\/colombia-pide-en-onu-retirar-la-planta-de-coca-de-lista-de-sustancias-daninas\/","name":"Sonora en Equipo. Colombia pide\u00a0en\u00a0ONU retirar la planta de coca de lista de sustancias da\u00f1inas","isPartOf":{"@id":"https:\/\/www.sonoraenequipo.com.mx\/#website"},"primaryImageOfPage":{"@id":"https:\/\/www.sonoraenequipo.com.mx\/colombia-pide-en-onu-retirar-la-planta-de-coca-de-lista-de-sustancias-daninas\/#primaryimage"},"image":{"@id":"https:\/\/www.sonoraenequipo.com.mx\/colombia-pide-en-onu-retirar-la-planta-de-coca-de-lista-de-sustancias-daninas\/#primaryimage"},"thumbnailUrl":"https:\/\/www.sonoraenequipo.com.mx\/storage\/2025\/03\/hoja-de-coca.jpg","datePublished":"2025-03-10T20:40:51+00:00","dateModified":"2025-03-11T00:19:37+00:00","description":"BOGOTA, COLOMBIA. \u2014 La ministra colombiana de Relaciones Exteriores, Laura Sarabia, pidi\u00f3 este lunes a la ONU en Viena retirar a la hoja de coca, En Sonora en Equipo publicamos toda la informaci\u00f3n de Sonora, M\u00e9xico y el Mundo de manera oportuna y busca que la libertad de expresi\u00f3n sea real. Visita nuestro medio informativo publicado desde Hermosillo, Sonora. %","breadcrumb":{"@id":"https:\/\/www.sonoraenequipo.com.mx\/colombia-pide-en-onu-retirar-la-planta-de-coca-de-lista-de-sustancias-daninas\/#breadcrumb"},"inLanguage":"es","potentialAction":[{"@type":"ReadAction","target":["https:\/\/www.sonoraenequipo.com.mx\/colombia-pide-en-onu-retirar-la-planta-de-coca-de-lista-de-sustancias-daninas\/"]}]},{"@type":"ImageObject","inLanguage":"es","@id":"https:\/\/www.sonoraenequipo.com.mx\/colombia-pide-en-onu-retirar-la-planta-de-coca-de-lista-de-sustancias-daninas\/#primaryimage","url":"https:\/\/www.sonoraenequipo.com.mx\/storage\/2025\/03\/hoja-de-coca.jpg","contentUrl":"https:\/\/www.sonoraenequipo.com.mx\/storage\/2025\/03\/hoja-de-coca.jpg","width":600,"height":400},{"@type":"BreadcrumbList","@id":"https:\/\/www.sonoraenequipo.com.mx\/colombia-pide-en-onu-retirar-la-planta-de-coca-de-lista-de-sustancias-daninas\/#breadcrumb","itemListElement":[{"@type":"ListItem","position":1,"name":"Portada","item":"https:\/\/www.sonoraenequipo.com.mx\/"},{"@type":"ListItem","position":2,"name":"Colombia pide\u00a0en\u00a0ONU retirar la planta de coca de lista de sustancias da\u00f1inas"}]},{"@type":"WebSite","@id":"https:\/\/www.sonoraenequipo.com.mx\/#website","url":"https:\/\/www.sonoraenequipo.com.mx\/","name":"Sonora en Equipo.","description":"Diario en l\u00ednea con Noticias desde Hermosillo, Sonora","publisher":{"@id":"https:\/\/www.sonoraenequipo.com.mx\/#organization"},"potentialAction":[{"@type":"SearchAction","target":{"@type":"EntryPoint","urlTemplate":"https:\/\/www.sonoraenequipo.com.mx\/?s={search_term_string}"},"query-input":{"@type":"PropertyValueSpecification","valueRequired":true,"valueName":"search_term_string"}}],"inLanguage":"es"},{"@type":"Organization","@id":"https:\/\/www.sonoraenequipo.com.mx\/#organization","name":"Sonoraenequipo.com.mx","url":"https:\/\/www.sonoraenequipo.com.mx\/","logo":{"@type":"ImageObject","inLanguage":"es","@id":"https:\/\/www.sonoraenequipo.com.mx\/#\/schema\/logo\/image\/","url":"https:\/\/www.sonoraenequipo.com.mx\/storage\/2019\/01\/sonoraenequipo_opt.png","contentUrl":"https:\/\/www.sonoraenequipo.com.mx\/storage\/2019\/01\/sonoraenequipo_opt.png","width":375,"height":125,"caption":"Sonoraenequipo.com.mx"},"image":{"@id":"https:\/\/www.sonoraenequipo.com.mx\/#\/schema\/logo\/image\/"},"sameAs":["https:\/\/www.facebook.com\/SonoraEE\/","https:\/\/x.com\/sonoraenequipo","https:\/\/www.youtube.com\/channel\/UC338nW-lPEYmJQs4ZABQ1SQ"]},{"@type":"Person","@id":"https:\/\/www.sonoraenequipo.com.mx\/#\/schema\/person\/50102df0fb23a8fa9e8effad8fa81386","name":"enequipo","image":{"@type":"ImageObject","inLanguage":"es","@id":"https:\/\/www.sonoraenequipo.com.mx\/#\/schema\/person\/image\/","url":"https:\/\/secure.gravatar.com\/avatar\/049821681b589dabc0bc20695993ccebb09f5b5d4d790cd9251b97faac7c652b?s=96&d=blank&r=g","contentUrl":"https:\/\/secure.gravatar.com\/avatar\/049821681b589dabc0bc20695993ccebb09f5b5d4d790cd9251b97faac7c652b?s=96&d=blank&r=g","caption":"enequipo"},"sameAs":["https:\/\/www.facebook.com\/SonoraEE"]}]}},"jetpack_featured_media_url":"https:\/\/www.sonoraenequipo.com.mx\/storage\/2025\/03\/hoja-de-coca.jpg","_links":{"self":[{"href":"https:\/\/www.sonoraenequipo.com.mx\/api\/wp\/v2\/posts\/211163","targetHints":{"allow":["GET"]}}],"collection":[{"href":"https:\/\/www.sonoraenequipo.com.mx\/api\/wp\/v2\/posts"}],"about":[{"href":"https:\/\/www.sonoraenequipo.com.mx\/api\/wp\/v2\/types\/post"}],"author":[{"embeddable":true,"href":"https:\/\/www.sonoraenequipo.com.mx\/api\/wp\/v2\/users\/1"}],"replies":[{"embeddable":true,"href":"https:\/\/www.sonoraenequipo.com.mx\/api\/wp\/v2\/comments?post=211163"}],"version-history":[{"count":3,"href":"https:\/\/www.sonoraenequipo.com.mx\/api\/wp\/v2\/posts\/211163\/revisions"}],"predecessor-version":[{"id":211180,"href":"https:\/\/www.sonoraenequipo.com.mx\/api\/wp\/v2\/posts\/211163\/revisions\/211180"}],"wp:featuredmedia":[{"embeddable":true,"href":"https:\/\/www.sonoraenequipo.com.mx\/api\/wp\/v2\/media\/211164"}],"wp:attachment":[{"href":"https:\/\/www.sonoraenequipo.com.mx\/api\/wp\/v2\/media?parent=211163"}],"wp:term":[{"taxonomy":"category","embeddable":true,"href":"https:\/\/www.sonoraenequipo.com.mx\/api\/wp\/v2\/categories?post=211163"},{"taxonomy":"post_tag","embeddable":true,"href":"https:\/\/www.sonoraenequipo.com.mx\/api\/wp\/v2\/tags?post=211163"}],"curies":[{"name":"wp","href":"https:\/\/api.w.org\/{rel}","templated":true}]}}