{"id":211166,"date":"2025-03-10T13:53:33","date_gmt":"2025-03-10T20:53:33","guid":{"rendered":"https:\/\/www.sonoraenequipo.com.mx\/?p=211166"},"modified":"2025-03-10T13:53:33","modified_gmt":"2025-03-10T20:53:33","slug":"un-petrolero-y-un-buque-de-carga-chocan-en-el-mar-del-norte","status":"publish","type":"post","link":"https:\/\/www.sonoraenequipo.com.mx\/un-petrolero-y-un-buque-de-carga-chocan-en-el-mar-del-norte\/","title":{"rendered":"Un petrolero y un buque de carga chocan en el Mar del Norte"},"content":{"rendered":"<p>Un petrolero y un buque de carga chocaron el lunes (10.3.2025) en el Mar del Norte, donde se est\u00e1 llevando a cabo una operaci\u00f3n de emergencia frente a las costas de Yorkshire, en el norte de Inglaterra, inform\u00f3 la guardia costera brit\u00e1nica.<\/p>\n<p>&nbsp;<\/p>\n<p>Im\u00e1genes difundidas por la cadena p\u00fablica brit\u00e1nica BBC, recibidas de testigos en el lugar, muestran lo que parecen ser las dos embarcaciones rodeadas de un espeso humo negro y varios puntos en llamas.<\/p>\n<p>&nbsp;<\/p>\n<p>Seg\u00fan la Real Instituci\u00f3n de Botes Salvavidas (RNLI, en ingl\u00e9s), los tripulantes pudieron abandonar las barcos, si bien su estado se desconoce, y se teme un impacto medioambiental.<\/p>\n<p>&nbsp;<\/p>\n<p>32 personas trasladadas a tierra<\/p>\n<p>El director del puerto de Grimsby, Martyn Boyers, ha confirmado que 32 v\u00edctimas han sido trasladadas a tierra y ha advertido de que podr\u00eda faltar por localizar alg\u00fan miembro de la tripulaci\u00f3n.<\/p>\n<p>&nbsp;<\/p>\n<p>El portal digital Navy Lookout, que ofrece an\u00e1lisis independiente sobre la Marina brit\u00e1nica, ha explicado en la misma red social que el petrolero MV Stena Immaculate fue golpeado por el buque portacontenedores MV Solong cuando estaba anclado frente al estuario de Humber, a unos 16 kil\u00f3metros de tierra firme.<\/p>\n<p><strong>Fecha de publicaci\u00f3n lunes 10 de marzo de 2025 \/DW<\/strong><\/p>\n<p>&nbsp;<\/p>\n<p>&nbsp;<\/p>\n<p>MS (afp\/efe)<\/p>\n","protected":false},"excerpt":{"rendered":"<p>Un petrolero y un buque de carga chocaron el lunes (10.3.2025) en el Mar del&#8230;<\/p>\n","protected":false},"author":1,"featured_media":211167,"comment_status":"open","ping_status":"open","sticky":false,"template":"","format":"standard","meta":{"_monsterinsights_skip_tracking":false,"_monsterinsights_sitenote_active":false,"_monsterinsights_sitenote_note":"","_monsterinsights_sitenote_category":0,"footnotes":""},"categories":[3],"tags":[10947],"class_list":["post"],"yoast_head":" \n<title>Sonora en Equipo. Un petrolero y un buque de carga chocan en el Mar del Norte MUNDO<\/title>\n<meta name=\"description\" content=\"Un petrolero y un buque de carga chocaron el lunes (10.3.2025) en el Mar del Norte, donde se est\u00e1 llevando a cabo una operaci\u00f3n de emergencia frente a las En Sonora en Equipo publicamos toda la informaci\u00f3n de Sonora, M\u00e9xico y el Mundo de manera oportuna y busca que la libertad de expresi\u00f3n sea real. Visita nuestro medio informativo publicado desde Hermosillo, Sonora. %\" \/>\n<meta name=\"robots\" content=\"index, follow, max-snippet:-1, max-image-preview:large, max-video-preview:-1\" \/>\n<link rel=\"canonical\" href=\"https:\/\/www.sonoraenequipo.com.mx\/un-petrolero-y-un-buque-de-carga-chocan-en-el-mar-del-norte\/\" \/>\n<meta property=\"og:locale\" content=\"es_ES\" \/>\n<meta property=\"og:type\" content=\"article\" \/>\n<meta property=\"og:title\" content=\"Sonora en Equipo. Un petrolero y un buque de carga chocan en el Mar del Norte MUNDO\" \/>\n<meta property=\"og:description\" content=\"Un petrolero y un buque de carga chocaron el lunes (10.3.2025) en el Mar del Norte, donde se est\u00e1 llevando a cabo una operaci\u00f3n de emergencia frente a las En Sonora en Equipo publicamos toda la informaci\u00f3n de Sonora, M\u00e9xico y el Mundo de manera oportuna y busca que la libertad de expresi\u00f3n sea real. Visita nuestro medio informativo publicado desde Hermosillo, Sonora. %\" \/>\n<meta property=\"og:url\" content=\"https:\/\/www.sonoraenequipo.com.mx\/un-petrolero-y-un-buque-de-carga-chocan-en-el-mar-del-norte\/\" \/>\n<meta property=\"og:site_name\" content=\"Sonora en Equipo.\" \/>\n<meta property=\"article:publisher\" content=\"https:\/\/www.facebook.com\/SonoraEE\/\" \/>\n<meta property=\"article:author\" content=\"https:\/\/www.facebook.com\/SonoraEE\" \/>\n<meta property=\"article:published_time\" content=\"2025-03-10T20:53:33+00:00\" \/>\n<meta property=\"og:image\" content=\"https:\/\/www.sonoraenequipo.com.mx\/storage\/2025\/03\/buques.jpg\" \/>\n\t<meta property=\"og:image:width\" content=\"600\" \/>\n\t<meta property=\"og:image:height\" content=\"362\" \/>\n\t<meta property=\"og:image:type\" content=\"image\/jpeg\" \/>\n<meta name=\"author\" content=\"enequipo\" \/>\n<meta name=\"twitter:card\" content=\"summary_large_image\" \/>\n<meta name=\"twitter:creator\" content=\"@sonoraenequipo\" \/>\n<meta name=\"twitter:site\" content=\"@sonoraenequipo\" \/>\n<meta name=\"twitter:label1\" content=\"Escrito por\" \/>\n\t<meta name=\"twitter:data1\" content=\"enequipo\" \/>\n\t<meta name=\"twitter:label2\" content=\"Tiempo de lectura\" \/>\n\t<meta name=\"twitter:data2\" content=\"1 minuto\" \/>\n<script type=\"application\/ld+json\" class=\"yoast-schema-graph\">{\"@context\":\"https:\/\/schema.org\",\"@graph\":[{\"@type\":\"Article\",\"@id\":\"https:\/\/www.sonoraenequipo.com.mx\/un-petrolero-y-un-buque-de-carga-chocan-en-el-mar-del-norte\/#article\",\"isPartOf\":{\"@id\":\"https:\/\/www.sonoraenequipo.com.mx\/un-petrolero-y-un-buque-de-carga-chocan-en-el-mar-del-norte\/\"},\"author\":{\"name\":\"enequipo\",\"@id\":\"https:\/\/www.sonoraenequipo.com.mx\/#\/schema\/person\/50102df0fb23a8fa9e8effad8fa81386\"},\"headline\":\"Un petrolero y un buque de carga chocan en el Mar del Norte\",\"datePublished\":\"2025-03-10T20:53:33+00:00\",\"mainEntityOfPage\":{\"@id\":\"https:\/\/www.sonoraenequipo.com.mx\/un-petrolero-y-un-buque-de-carga-chocan-en-el-mar-del-norte\/\"},\"wordCount\":231,\"commentCount\":0,\"publisher\":{\"@id\":\"https:\/\/www.sonoraenequipo.com.mx\/#organization\"},\"image\":{\"@id\":\"https:\/\/www.sonoraenequipo.com.mx\/un-petrolero-y-un-buque-de-carga-chocan-en-el-mar-del-norte\/#primaryimage\"},\"thumbnailUrl\":\"https:\/\/www.sonoraenequipo.com.mx\/storage\/2025\/03\/buques.jpg\",\"keywords\":[\"choque de buques\"],\"articleSection\":[\"MUNDO\"],\"inLanguage\":\"es\",\"potentialAction\":[{\"@type\":\"CommentAction\",\"name\":\"Comment\",\"target\":[\"https:\/\/www.sonoraenequipo.com.mx\/un-petrolero-y-un-buque-de-carga-chocan-en-el-mar-del-norte\/#respond\"]}]},{\"@type\":\"WebPage\",\"@id\":\"https:\/\/www.sonoraenequipo.com.mx\/un-petrolero-y-un-buque-de-carga-chocan-en-el-mar-del-norte\/\",\"url\":\"https:\/\/www.sonoraenequipo.com.mx\/un-petrolero-y-un-buque-de-carga-chocan-en-el-mar-del-norte\/\",\"name\":\"Sonora en Equipo. Un petrolero y un buque de carga chocan en el Mar del Norte MUNDO\",\"isPartOf\":{\"@id\":\"https:\/\/www.sonoraenequipo.com.mx\/#website\"},\"primaryImageOfPage\":{\"@id\":\"https:\/\/www.sonoraenequipo.com.mx\/un-petrolero-y-un-buque-de-carga-chocan-en-el-mar-del-norte\/#primaryimage\"},\"image\":{\"@id\":\"https:\/\/www.sonoraenequipo.com.mx\/un-petrolero-y-un-buque-de-carga-chocan-en-el-mar-del-norte\/#primaryimage\"},\"thumbnailUrl\":\"https:\/\/www.sonoraenequipo.com.mx\/storage\/2025\/03\/buques.jpg\",\"datePublished\":\"2025-03-10T20:53:33+00:00\",\"description\":\"Un petrolero y un buque de carga chocaron el lunes (10.3.2025) en el Mar del Norte, donde se est\u00e1 llevando a cabo una operaci\u00f3n de emergencia frente a las En Sonora en Equipo publicamos toda la informaci\u00f3n de Sonora, M\u00e9xico y el Mundo de manera oportuna y busca que la libertad de expresi\u00f3n sea real. Visita nuestro medio informativo publicado desde Hermosillo, Sonora. %\",\"breadcrumb\":{\"@id\":\"https:\/\/www.sonoraenequipo.com.mx\/un-petrolero-y-un-buque-de-carga-chocan-en-el-mar-del-norte\/#breadcrumb\"},\"inLanguage\":\"es\",\"potentialAction\":[{\"@type\":\"ReadAction\",\"target\":[\"https:\/\/www.sonoraenequipo.com.mx\/un-petrolero-y-un-buque-de-carga-chocan-en-el-mar-del-norte\/\"]}]},{\"@type\":\"ImageObject\",\"inLanguage\":\"es\",\"@id\":\"https:\/\/www.sonoraenequipo.com.mx\/un-petrolero-y-un-buque-de-carga-chocan-en-el-mar-del-norte\/#primaryimage\",\"url\":\"https:\/\/www.sonoraenequipo.com.mx\/storage\/2025\/03\/buques.jpg\",\"contentUrl\":\"https:\/\/www.sonoraenequipo.com.mx\/storage\/2025\/03\/buques.jpg\",\"width\":600,\"height\":362,\"caption\":\"Imagen AP\"},{\"@type\":\"BreadcrumbList\",\"@id\":\"https:\/\/www.sonoraenequipo.com.mx\/un-petrolero-y-un-buque-de-carga-chocan-en-el-mar-del-norte\/#breadcrumb\",\"itemListElement\":[{\"@type\":\"ListItem\",\"position\":1,\"name\":\"Portada\",\"item\":\"https:\/\/www.sonoraenequipo.com.mx\/\"},{\"@type\":\"ListItem\",\"position\":2,\"name\":\"Un petrolero y un buque de carga chocan en el Mar del Norte\"}]},{\"@type\":\"WebSite\",\"@id\":\"https:\/\/www.sonoraenequipo.com.mx\/#website\",\"url\":\"https:\/\/www.sonoraenequipo.com.mx\/\",\"name\":\"Sonora en Equipo.\",\"description\":\"Diario en l\u00ednea con Noticias desde Hermosillo, Sonora\",\"publisher\":{\"@id\":\"https:\/\/www.sonoraenequipo.com.mx\/#organization\"},\"potentialAction\":[{\"@type\":\"SearchAction\",\"target\":{\"@type\":\"EntryPoint\",\"urlTemplate\":\"https:\/\/www.sonoraenequipo.com.mx\/?s={search_term_string}\"},\"query-input\":{\"@type\":\"PropertyValueSpecification\",\"valueRequired\":true,\"valueName\":\"search_term_string\"}}],\"inLanguage\":\"es\"},{\"@type\":\"Organization\",\"@id\":\"https:\/\/www.sonoraenequipo.com.mx\/#organization\",\"name\":\"Sonoraenequipo.com.mx\",\"url\":\"https:\/\/www.sonoraenequipo.com.mx\/\",\"logo\":{\"@type\":\"ImageObject\",\"inLanguage\":\"es\",\"@id\":\"https:\/\/www.sonoraenequipo.com.mx\/#\/schema\/logo\/image\/\",\"url\":\"https:\/\/www.sonoraenequipo.com.mx\/storage\/2019\/01\/sonoraenequipo_opt.png\",\"contentUrl\":\"https:\/\/www.sonoraenequipo.com.mx\/storage\/2019\/01\/sonoraenequipo_opt.png\",\"width\":375,\"height\":125,\"caption\":\"Sonoraenequipo.com.mx\"},\"image\":{\"@id\":\"https:\/\/www.sonoraenequipo.com.mx\/#\/schema\/logo\/image\/\"},\"sameAs\":[\"https:\/\/www.facebook.com\/SonoraEE\/\",\"https:\/\/x.com\/sonoraenequipo\",\"https:\/\/www.youtube.com\/channel\/UC338nW-lPEYmJQs4ZABQ1SQ\"]},{\"@type\":\"Person\",\"@id\":\"https:\/\/www.sonoraenequipo.com.mx\/#\/schema\/person\/50102df0fb23a8fa9e8effad8fa81386\",\"name\":\"enequipo\",\"image\":{\"@type\":\"ImageObject\",\"inLanguage\":\"es\",\"@id\":\"https:\/\/www.sonoraenequipo.com.mx\/#\/schema\/person\/image\/\",\"url\":\"https:\/\/secure.gravatar.com\/avatar\/049821681b589dabc0bc20695993ccebb09f5b5d4d790cd9251b97faac7c652b?s=96&d=blank&r=g\",\"contentUrl\":\"https:\/\/secure.gravatar.com\/avatar\/049821681b589dabc0bc20695993ccebb09f5b5d4d790cd9251b97faac7c652b?s=96&d=blank&r=g\",\"caption\":\"enequipo\"},\"sameAs\":[\"https:\/\/www.facebook.com\/SonoraEE\"]}]}<\/script>\n ","yoast_head_json":{"title":"Sonora en Equipo. Un petrolero y un buque de carga chocan en el Mar del Norte MUNDO","description":"Un petrolero y un buque de carga chocaron el lunes (10.3.2025) en el Mar del Norte, donde se est\u00e1 llevando a cabo una operaci\u00f3n de emergencia frente a las En Sonora en Equipo publicamos toda la informaci\u00f3n de Sonora, M\u00e9xico y el Mundo de manera oportuna y busca que la libertad de expresi\u00f3n sea real. Visita nuestro medio informativo publicado desde Hermosillo, Sonora. %","robots":{"index":"index","follow":"follow","max-snippet":"max-snippet:-1","max-image-preview":"max-image-preview:large","max-video-preview":"max-video-preview:-1"},"canonical":"https:\/\/www.sonoraenequipo.com.mx\/un-petrolero-y-un-buque-de-carga-chocan-en-el-mar-del-norte\/","og_locale":"es_ES","og_type":"article","og_title":"Sonora en Equipo. Un petrolero y un buque de carga chocan en el Mar del Norte MUNDO","og_description":"Un petrolero y un buque de carga chocaron el lunes (10.3.2025) en el Mar del Norte, donde se est\u00e1 llevando a cabo una operaci\u00f3n de emergencia frente a las En Sonora en Equipo publicamos toda la informaci\u00f3n de Sonora, M\u00e9xico y el Mundo de manera oportuna y busca que la libertad de expresi\u00f3n sea real. Visita nuestro medio informativo publicado desde Hermosillo, Sonora. %","og_url":"https:\/\/www.sonoraenequipo.com.mx\/un-petrolero-y-un-buque-de-carga-chocan-en-el-mar-del-norte\/","og_site_name":"Sonora en Equipo.","article_publisher":"https:\/\/www.facebook.com\/SonoraEE\/","article_author":"https:\/\/www.facebook.com\/SonoraEE","article_published_time":"2025-03-10T20:53:33+00:00","og_image":[{"width":600,"height":362,"url":"https:\/\/www.sonoraenequipo.com.mx\/storage\/2025\/03\/buques.jpg","type":"image\/jpeg"}],"author":"enequipo","twitter_card":"summary_large_image","twitter_creator":"@sonoraenequipo","twitter_site":"@sonoraenequipo","twitter_misc":{"Escrito por":"enequipo","Tiempo de lectura":"1 minuto"},"schema":{"@context":"https:\/\/schema.org","@graph":[{"@type":"Article","@id":"https:\/\/www.sonoraenequipo.com.mx\/un-petrolero-y-un-buque-de-carga-chocan-en-el-mar-del-norte\/#article","isPartOf":{"@id":"https:\/\/www.sonoraenequipo.com.mx\/un-petrolero-y-un-buque-de-carga-chocan-en-el-mar-del-norte\/"},"author":{"name":"enequipo","@id":"https:\/\/www.sonoraenequipo.com.mx\/#\/schema\/person\/50102df0fb23a8fa9e8effad8fa81386"},"headline":"Un petrolero y un buque de carga chocan en el Mar del Norte","datePublished":"2025-03-10T20:53:33+00:00","mainEntityOfPage":{"@id":"https:\/\/www.sonoraenequipo.com.mx\/un-petrolero-y-un-buque-de-carga-chocan-en-el-mar-del-norte\/"},"wordCount":231,"commentCount":0,"publisher":{"@id":"https:\/\/www.sonoraenequipo.com.mx\/#organization"},"image":{"@id":"https:\/\/www.sonoraenequipo.com.mx\/un-petrolero-y-un-buque-de-carga-chocan-en-el-mar-del-norte\/#primaryimage"},"thumbnailUrl":"https:\/\/www.sonoraenequipo.com.mx\/storage\/2025\/03\/buques.jpg","keywords":["choque de buques"],"articleSection":["MUNDO"],"inLanguage":"es","potentialAction":[{"@type":"CommentAction","name":"Comment","target":["https:\/\/www.sonoraenequipo.com.mx\/un-petrolero-y-un-buque-de-carga-chocan-en-el-mar-del-norte\/#respond"]}]},{"@type":"WebPage","@id":"https:\/\/www.sonoraenequipo.com.mx\/un-petrolero-y-un-buque-de-carga-chocan-en-el-mar-del-norte\/","url":"https:\/\/www.sonoraenequipo.com.mx\/un-petrolero-y-un-buque-de-carga-chocan-en-el-mar-del-norte\/","name":"Sonora en Equipo. Un petrolero y un buque de carga chocan en el Mar del Norte MUNDO","isPartOf":{"@id":"https:\/\/www.sonoraenequipo.com.mx\/#website"},"primaryImageOfPage":{"@id":"https:\/\/www.sonoraenequipo.com.mx\/un-petrolero-y-un-buque-de-carga-chocan-en-el-mar-del-norte\/#primaryimage"},"image":{"@id":"https:\/\/www.sonoraenequipo.com.mx\/un-petrolero-y-un-buque-de-carga-chocan-en-el-mar-del-norte\/#primaryimage"},"thumbnailUrl":"https:\/\/www.sonoraenequipo.com.mx\/storage\/2025\/03\/buques.jpg","datePublished":"2025-03-10T20:53:33+00:00","description":"Un petrolero y un buque de carga chocaron el lunes (10.3.2025) en el Mar del Norte, donde se est\u00e1 llevando a cabo una operaci\u00f3n de emergencia frente a las En Sonora en Equipo publicamos toda la informaci\u00f3n de Sonora, M\u00e9xico y el Mundo de manera oportuna y busca que la libertad de expresi\u00f3n sea real. Visita nuestro medio informativo publicado desde Hermosillo, Sonora. %","breadcrumb":{"@id":"https:\/\/www.sonoraenequipo.com.mx\/un-petrolero-y-un-buque-de-carga-chocan-en-el-mar-del-norte\/#breadcrumb"},"inLanguage":"es","potentialAction":[{"@type":"ReadAction","target":["https:\/\/www.sonoraenequipo.com.mx\/un-petrolero-y-un-buque-de-carga-chocan-en-el-mar-del-norte\/"]}]},{"@type":"ImageObject","inLanguage":"es","@id":"https:\/\/www.sonoraenequipo.com.mx\/un-petrolero-y-un-buque-de-carga-chocan-en-el-mar-del-norte\/#primaryimage","url":"https:\/\/www.sonoraenequipo.com.mx\/storage\/2025\/03\/buques.jpg","contentUrl":"https:\/\/www.sonoraenequipo.com.mx\/storage\/2025\/03\/buques.jpg","width":600,"height":362,"caption":"Imagen AP"},{"@type":"BreadcrumbList","@id":"https:\/\/www.sonoraenequipo.com.mx\/un-petrolero-y-un-buque-de-carga-chocan-en-el-mar-del-norte\/#breadcrumb","itemListElement":[{"@type":"ListItem","position":1,"name":"Portada","item":"https:\/\/www.sonoraenequipo.com.mx\/"},{"@type":"ListItem","position":2,"name":"Un petrolero y un buque de carga chocan en el Mar del Norte"}]},{"@type":"WebSite","@id":"https:\/\/www.sonoraenequipo.com.mx\/#website","url":"https:\/\/www.sonoraenequipo.com.mx\/","name":"Sonora en Equipo.","description":"Diario en l\u00ednea con Noticias desde Hermosillo, Sonora","publisher":{"@id":"https:\/\/www.sonoraenequipo.com.mx\/#organization"},"potentialAction":[{"@type":"SearchAction","target":{"@type":"EntryPoint","urlTemplate":"https:\/\/www.sonoraenequipo.com.mx\/?s={search_term_string}"},"query-input":{"@type":"PropertyValueSpecification","valueRequired":true,"valueName":"search_term_string"}}],"inLanguage":"es"},{"@type":"Organization","@id":"https:\/\/www.sonoraenequipo.com.mx\/#organization","name":"Sonoraenequipo.com.mx","url":"https:\/\/www.sonoraenequipo.com.mx\/","logo":{"@type":"ImageObject","inLanguage":"es","@id":"https:\/\/www.sonoraenequipo.com.mx\/#\/schema\/logo\/image\/","url":"https:\/\/www.sonoraenequipo.com.mx\/storage\/2019\/01\/sonoraenequipo_opt.png","contentUrl":"https:\/\/www.sonoraenequipo.com.mx\/storage\/2019\/01\/sonoraenequipo_opt.png","width":375,"height":125,"caption":"Sonoraenequipo.com.mx"},"image":{"@id":"https:\/\/www.sonoraenequipo.com.mx\/#\/schema\/logo\/image\/"},"sameAs":["https:\/\/www.facebook.com\/SonoraEE\/","https:\/\/x.com\/sonoraenequipo","https:\/\/www.youtube.com\/channel\/UC338nW-lPEYmJQs4ZABQ1SQ"]},{"@type":"Person","@id":"https:\/\/www.sonoraenequipo.com.mx\/#\/schema\/person\/50102df0fb23a8fa9e8effad8fa81386","name":"enequipo","image":{"@type":"ImageObject","inLanguage":"es","@id":"https:\/\/www.sonoraenequipo.com.mx\/#\/schema\/person\/image\/","url":"https:\/\/secure.gravatar.com\/avatar\/049821681b589dabc0bc20695993ccebb09f5b5d4d790cd9251b97faac7c652b?s=96&d=blank&r=g","contentUrl":"https:\/\/secure.gravatar.com\/avatar\/049821681b589dabc0bc20695993ccebb09f5b5d4d790cd9251b97faac7c652b?s=96&d=blank&r=g","caption":"enequipo"},"sameAs":["https:\/\/www.facebook.com\/SonoraEE"]}]}},"jetpack_featured_media_url":"https:\/\/www.sonoraenequipo.com.mx\/storage\/2025\/03\/buques.jpg","_links":{"self":[{"href":"https:\/\/www.sonoraenequipo.com.mx\/api\/wp\/v2\/posts\/211166","targetHints":{"allow":["GET"]}}],"collection":[{"href":"https:\/\/www.sonoraenequipo.com.mx\/api\/wp\/v2\/posts"}],"about":[{"href":"https:\/\/www.sonoraenequipo.com.mx\/api\/wp\/v2\/types\/post"}],"author":[{"embeddable":true,"href":"https:\/\/www.sonoraenequipo.com.mx\/api\/wp\/v2\/users\/1"}],"replies":[{"embeddable":true,"href":"https:\/\/www.sonoraenequipo.com.mx\/api\/wp\/v2\/comments?post=211166"}],"version-history":[{"count":1,"href":"https:\/\/www.sonoraenequipo.com.mx\/api\/wp\/v2\/posts\/211166\/revisions"}],"predecessor-version":[{"id":211168,"href":"https:\/\/www.sonoraenequipo.com.mx\/api\/wp\/v2\/posts\/211166\/revisions\/211168"}],"wp:featuredmedia":[{"embeddable":true,"href":"https:\/\/www.sonoraenequipo.com.mx\/api\/wp\/v2\/media\/211167"}],"wp:attachment":[{"href":"https:\/\/www.sonoraenequipo.com.mx\/api\/wp\/v2\/media?parent=211166"}],"wp:term":[{"taxonomy":"category","embeddable":true,"href":"https:\/\/www.sonoraenequipo.com.mx\/api\/wp\/v2\/categories?post=211166"},{"taxonomy":"post_tag","embeddable":true,"href":"https:\/\/www.sonoraenequipo.com.mx\/api\/wp\/v2\/tags?post=211166"}],"curies":[{"name":"wp","href":"https:\/\/api.w.org\/{rel}","templated":true}]}}