{"id":211171,"date":"2025-03-10T14:25:39","date_gmt":"2025-03-10T21:25:39","guid":{"rendered":"https:\/\/www.sonoraenequipo.com.mx\/?p=211171"},"modified":"2025-03-10T14:25:39","modified_gmt":"2025-03-10T21:25:39","slug":"gobierno-de-sonora-promueve-lectura-y-escritura-a-traves-de-creson","status":"publish","type":"post","link":"https:\/\/www.sonoraenequipo.com.mx\/gobierno-de-sonora-promueve-lectura-y-escritura-a-traves-de-creson\/","title":{"rendered":"Gobierno de Sonora promueve lectura y escritura a trav\u00e9s de Creson"},"content":{"rendered":"<p><strong>HERMOSILLO, SONORA, MX.<\/strong> \u2014 Con m\u00e1s de 20 actividades para reflexionar sobre la importancia y desaf\u00edos de promover la lectura y la escritura, el Centro Regional de Formaci\u00f3n Profesional Docente de Sonora (Creson) realizar\u00e1 la tercera edici\u00f3n del Festival de la Lectura y la Escritura Educativa (Fleedu).<\/p>\n<p>&nbsp;<\/p>\n<p>&nbsp;<\/p>\n<p>&nbsp;<\/p>\n<p>El evento se llevar\u00e1 a cabo los pr\u00f3ximos 2 y 3 de abril en la Universidad Pedag\u00f3gica Nacional, plantel Hermosillo, como sede principal, con actividades alternas en el resto de las unidades acad\u00e9micas adscritas al Creson.<\/p>\n<p>&nbsp;<\/p>\n<p>&nbsp;<\/p>\n<p>&nbsp;<\/p>\n<p>Ren\u00e9 C\u00f3rdova Rasc\u00f3n, coordinador de Bibliotecas del organismo, inform\u00f3 que para este a\u00f1o se incluy\u00f3 un coloquio de investigaci\u00f3n sobre lectura y escritura, en el que se presentar\u00e1n ponencias de estudiantes, docentes y directivos de varias instituciones educativas del pa\u00eds.<\/p>\n<p>&nbsp;<\/p>\n<p>&nbsp;<\/p>\n<p>&nbsp;<\/p>\n<p>\u201cVamos a tener talleres sobre el uso de inteligencia artificial en la literacidad acad\u00e9mica, o talleres m\u00e1s espec\u00edficos acerca de la promoci\u00f3n de la lectura en educaci\u00f3n b\u00e1sica y la formaci\u00f3n de futuros docentes como promotores de lectura\u201d, destac\u00f3.<\/p>\n<p>&nbsp;<\/p>\n<p>&nbsp;<\/p>\n<p>&nbsp;<\/p>\n<p>Como parte del festival, tambi\u00e9n se premiar\u00e1 a las y los ganadores de los concursos estudiantiles de poes\u00eda y cuento convocados por Creson, cuyos textos ser\u00e1n editados en antolog\u00edas impresas.<\/p>\n<p>&nbsp;<\/p>\n<p>&nbsp;<\/p>\n<p>&nbsp;<\/p>\n<p>El programa completo del evento, con las ponencias, talleres y conferencias magistrales, estar\u00e1 disponible pr\u00f3ximamente en el sitio web de Creson: creson.sonora.gob.mx.<\/p>\n<p><strong>Fecha de publicaci\u00f3n lunes 10 de marzo de 2025 \/<\/strong><\/p>\n<p>&nbsp;<\/p>\n","protected":false},"excerpt":{"rendered":"<p>HERMOSILLO, SONORA, MX. \u2014 Con m\u00e1s de 20 actividades para reflexionar sobre la importancia y&#8230;<\/p>\n","protected":false},"author":1,"featured_media":211172,"comment_status":"open","ping_status":"open","sticky":false,"template":"","format":"standard","meta":{"_monsterinsights_skip_tracking":false,"_monsterinsights_sitenote_active":false,"_monsterinsights_sitenote_note":"","_monsterinsights_sitenote_category":0,"footnotes":""},"categories":[22],"tags":[5789,10948,6510],"class_list":["post"],"yoast_head":" \n<title>Sonora en Equipo. Gobierno de Sonora promueve lectura y escritura a trav\u00e9s de Creson Sonora<\/title>\n<meta name=\"description\" content=\"HERMOSILLO, SONORA, MX. \u2014 Con m\u00e1s de 20 actividades para reflexionar sobre la importancia y desaf\u00edos de promover la lectura y la escritura, el Centro En Sonora en Equipo publicamos toda la informaci\u00f3n de Sonora, M\u00e9xico y el Mundo de manera oportuna y busca que la libertad de expresi\u00f3n sea real. Visita nuestro medio informativo publicado desde Hermosillo, Sonora. %\" \/>\n<meta name=\"robots\" content=\"index, follow, max-snippet:-1, max-image-preview:large, max-video-preview:-1\" \/>\n<link rel=\"canonical\" href=\"https:\/\/www.sonoraenequipo.com.mx\/gobierno-de-sonora-promueve-lectura-y-escritura-a-traves-de-creson\/\" \/>\n<meta property=\"og:locale\" content=\"es_ES\" \/>\n<meta property=\"og:type\" content=\"article\" \/>\n<meta property=\"og:title\" content=\"Sonora en Equipo. Gobierno de Sonora promueve lectura y escritura a trav\u00e9s de Creson Sonora\" \/>\n<meta property=\"og:description\" content=\"HERMOSILLO, SONORA, MX. \u2014 Con m\u00e1s de 20 actividades para reflexionar sobre la importancia y desaf\u00edos de promover la lectura y la escritura, el Centro En Sonora en Equipo publicamos toda la informaci\u00f3n de Sonora, M\u00e9xico y el Mundo de manera oportuna y busca que la libertad de expresi\u00f3n sea real. Visita nuestro medio informativo publicado desde Hermosillo, Sonora. %\" \/>\n<meta property=\"og:url\" content=\"https:\/\/www.sonoraenequipo.com.mx\/gobierno-de-sonora-promueve-lectura-y-escritura-a-traves-de-creson\/\" \/>\n<meta property=\"og:site_name\" content=\"Sonora en Equipo.\" \/>\n<meta property=\"article:publisher\" content=\"https:\/\/www.facebook.com\/SonoraEE\/\" \/>\n<meta property=\"article:author\" content=\"https:\/\/www.facebook.com\/SonoraEE\" \/>\n<meta property=\"article:published_time\" content=\"2025-03-10T21:25:39+00:00\" \/>\n<meta property=\"og:image\" content=\"https:\/\/www.sonoraenequipo.com.mx\/storage\/2025\/03\/jovenes-lectura.jpg\" \/>\n\t<meta property=\"og:image:width\" content=\"600\" \/>\n\t<meta property=\"og:image:height\" content=\"399\" \/>\n\t<meta property=\"og:image:type\" content=\"image\/jpeg\" \/>\n<meta name=\"author\" content=\"enequipo\" \/>\n<meta name=\"twitter:card\" content=\"summary_large_image\" \/>\n<meta name=\"twitter:creator\" content=\"@sonoraenequipo\" \/>\n<meta name=\"twitter:site\" content=\"@sonoraenequipo\" \/>\n<meta name=\"twitter:label1\" content=\"Escrito por\" \/>\n\t<meta name=\"twitter:data1\" content=\"enequipo\" \/>\n\t<meta name=\"twitter:label2\" content=\"Tiempo de lectura\" \/>\n\t<meta name=\"twitter:data2\" content=\"1 minuto\" \/>\n<script type=\"application\/ld+json\" class=\"yoast-schema-graph\">{\"@context\":\"https:\/\/schema.org\",\"@graph\":[{\"@type\":\"Article\",\"@id\":\"https:\/\/www.sonoraenequipo.com.mx\/gobierno-de-sonora-promueve-lectura-y-escritura-a-traves-de-creson\/#article\",\"isPartOf\":{\"@id\":\"https:\/\/www.sonoraenequipo.com.mx\/gobierno-de-sonora-promueve-lectura-y-escritura-a-traves-de-creson\/\"},\"author\":{\"name\":\"enequipo\",\"@id\":\"https:\/\/www.sonoraenequipo.com.mx\/#\/schema\/person\/50102df0fb23a8fa9e8effad8fa81386\"},\"headline\":\"Gobierno de Sonora promueve lectura y escritura a trav\u00e9s de Creson\",\"datePublished\":\"2025-03-10T21:25:39+00:00\",\"mainEntityOfPage\":{\"@id\":\"https:\/\/www.sonoraenequipo.com.mx\/gobierno-de-sonora-promueve-lectura-y-escritura-a-traves-de-creson\/\"},\"wordCount\":274,\"commentCount\":0,\"publisher\":{\"@id\":\"https:\/\/www.sonoraenequipo.com.mx\/#organization\"},\"image\":{\"@id\":\"https:\/\/www.sonoraenequipo.com.mx\/gobierno-de-sonora-promueve-lectura-y-escritura-a-traves-de-creson\/#primaryimage\"},\"thumbnailUrl\":\"https:\/\/www.sonoraenequipo.com.mx\/storage\/2025\/03\/jovenes-lectura.jpg\",\"keywords\":[\"creson\",\"escritura\",\"lectura\"],\"articleSection\":[\"Sonora\"],\"inLanguage\":\"es\",\"potentialAction\":[{\"@type\":\"CommentAction\",\"name\":\"Comment\",\"target\":[\"https:\/\/www.sonoraenequipo.com.mx\/gobierno-de-sonora-promueve-lectura-y-escritura-a-traves-de-creson\/#respond\"]}]},{\"@type\":\"WebPage\",\"@id\":\"https:\/\/www.sonoraenequipo.com.mx\/gobierno-de-sonora-promueve-lectura-y-escritura-a-traves-de-creson\/\",\"url\":\"https:\/\/www.sonoraenequipo.com.mx\/gobierno-de-sonora-promueve-lectura-y-escritura-a-traves-de-creson\/\",\"name\":\"Sonora en Equipo. Gobierno de Sonora promueve lectura y escritura a trav\u00e9s de Creson Sonora\",\"isPartOf\":{\"@id\":\"https:\/\/www.sonoraenequipo.com.mx\/#website\"},\"primaryImageOfPage\":{\"@id\":\"https:\/\/www.sonoraenequipo.com.mx\/gobierno-de-sonora-promueve-lectura-y-escritura-a-traves-de-creson\/#primaryimage\"},\"image\":{\"@id\":\"https:\/\/www.sonoraenequipo.com.mx\/gobierno-de-sonora-promueve-lectura-y-escritura-a-traves-de-creson\/#primaryimage\"},\"thumbnailUrl\":\"https:\/\/www.sonoraenequipo.com.mx\/storage\/2025\/03\/jovenes-lectura.jpg\",\"datePublished\":\"2025-03-10T21:25:39+00:00\",\"description\":\"HERMOSILLO, SONORA, MX. \u2014 Con m\u00e1s de 20 actividades para reflexionar sobre la importancia y desaf\u00edos de promover la lectura y la escritura, el Centro En Sonora en Equipo publicamos toda la informaci\u00f3n de Sonora, M\u00e9xico y el Mundo de manera oportuna y busca que la libertad de expresi\u00f3n sea real. Visita nuestro medio informativo publicado desde Hermosillo, Sonora. %\",\"breadcrumb\":{\"@id\":\"https:\/\/www.sonoraenequipo.com.mx\/gobierno-de-sonora-promueve-lectura-y-escritura-a-traves-de-creson\/#breadcrumb\"},\"inLanguage\":\"es\",\"potentialAction\":[{\"@type\":\"ReadAction\",\"target\":[\"https:\/\/www.sonoraenequipo.com.mx\/gobierno-de-sonora-promueve-lectura-y-escritura-a-traves-de-creson\/\"]}]},{\"@type\":\"ImageObject\",\"inLanguage\":\"es\",\"@id\":\"https:\/\/www.sonoraenequipo.com.mx\/gobierno-de-sonora-promueve-lectura-y-escritura-a-traves-de-creson\/#primaryimage\",\"url\":\"https:\/\/www.sonoraenequipo.com.mx\/storage\/2025\/03\/jovenes-lectura.jpg\",\"contentUrl\":\"https:\/\/www.sonoraenequipo.com.mx\/storage\/2025\/03\/jovenes-lectura.jpg\",\"width\":600,\"height\":399},{\"@type\":\"BreadcrumbList\",\"@id\":\"https:\/\/www.sonoraenequipo.com.mx\/gobierno-de-sonora-promueve-lectura-y-escritura-a-traves-de-creson\/#breadcrumb\",\"itemListElement\":[{\"@type\":\"ListItem\",\"position\":1,\"name\":\"Portada\",\"item\":\"https:\/\/www.sonoraenequipo.com.mx\/\"},{\"@type\":\"ListItem\",\"position\":2,\"name\":\"Gobierno de Sonora promueve lectura y escritura a trav\u00e9s de Creson\"}]},{\"@type\":\"WebSite\",\"@id\":\"https:\/\/www.sonoraenequipo.com.mx\/#website\",\"url\":\"https:\/\/www.sonoraenequipo.com.mx\/\",\"name\":\"Sonora en Equipo.\",\"description\":\"Diario en l\u00ednea con Noticias desde Hermosillo, Sonora\",\"publisher\":{\"@id\":\"https:\/\/www.sonoraenequipo.com.mx\/#organization\"},\"potentialAction\":[{\"@type\":\"SearchAction\",\"target\":{\"@type\":\"EntryPoint\",\"urlTemplate\":\"https:\/\/www.sonoraenequipo.com.mx\/?s={search_term_string}\"},\"query-input\":{\"@type\":\"PropertyValueSpecification\",\"valueRequired\":true,\"valueName\":\"search_term_string\"}}],\"inLanguage\":\"es\"},{\"@type\":\"Organization\",\"@id\":\"https:\/\/www.sonoraenequipo.com.mx\/#organization\",\"name\":\"Sonoraenequipo.com.mx\",\"url\":\"https:\/\/www.sonoraenequipo.com.mx\/\",\"logo\":{\"@type\":\"ImageObject\",\"inLanguage\":\"es\",\"@id\":\"https:\/\/www.sonoraenequipo.com.mx\/#\/schema\/logo\/image\/\",\"url\":\"https:\/\/www.sonoraenequipo.com.mx\/storage\/2019\/01\/sonoraenequipo_opt.png\",\"contentUrl\":\"https:\/\/www.sonoraenequipo.com.mx\/storage\/2019\/01\/sonoraenequipo_opt.png\",\"width\":375,\"height\":125,\"caption\":\"Sonoraenequipo.com.mx\"},\"image\":{\"@id\":\"https:\/\/www.sonoraenequipo.com.mx\/#\/schema\/logo\/image\/\"},\"sameAs\":[\"https:\/\/www.facebook.com\/SonoraEE\/\",\"https:\/\/x.com\/sonoraenequipo\",\"https:\/\/www.youtube.com\/channel\/UC338nW-lPEYmJQs4ZABQ1SQ\"]},{\"@type\":\"Person\",\"@id\":\"https:\/\/www.sonoraenequipo.com.mx\/#\/schema\/person\/50102df0fb23a8fa9e8effad8fa81386\",\"name\":\"enequipo\",\"image\":{\"@type\":\"ImageObject\",\"inLanguage\":\"es\",\"@id\":\"https:\/\/www.sonoraenequipo.com.mx\/#\/schema\/person\/image\/\",\"url\":\"https:\/\/secure.gravatar.com\/avatar\/049821681b589dabc0bc20695993ccebb09f5b5d4d790cd9251b97faac7c652b?s=96&d=blank&r=g\",\"contentUrl\":\"https:\/\/secure.gravatar.com\/avatar\/049821681b589dabc0bc20695993ccebb09f5b5d4d790cd9251b97faac7c652b?s=96&d=blank&r=g\",\"caption\":\"enequipo\"},\"sameAs\":[\"https:\/\/www.facebook.com\/SonoraEE\"]}]}<\/script>\n ","yoast_head_json":{"title":"Sonora en Equipo. Gobierno de Sonora promueve lectura y escritura a trav\u00e9s de Creson Sonora","description":"HERMOSILLO, SONORA, MX. \u2014 Con m\u00e1s de 20 actividades para reflexionar sobre la importancia y desaf\u00edos de promover la lectura y la escritura, el Centro En Sonora en Equipo publicamos toda la informaci\u00f3n de Sonora, M\u00e9xico y el Mundo de manera oportuna y busca que la libertad de expresi\u00f3n sea real. Visita nuestro medio informativo publicado desde Hermosillo, Sonora. %","robots":{"index":"index","follow":"follow","max-snippet":"max-snippet:-1","max-image-preview":"max-image-preview:large","max-video-preview":"max-video-preview:-1"},"canonical":"https:\/\/www.sonoraenequipo.com.mx\/gobierno-de-sonora-promueve-lectura-y-escritura-a-traves-de-creson\/","og_locale":"es_ES","og_type":"article","og_title":"Sonora en Equipo. Gobierno de Sonora promueve lectura y escritura a trav\u00e9s de Creson Sonora","og_description":"HERMOSILLO, SONORA, MX. \u2014 Con m\u00e1s de 20 actividades para reflexionar sobre la importancia y desaf\u00edos de promover la lectura y la escritura, el Centro En Sonora en Equipo publicamos toda la informaci\u00f3n de Sonora, M\u00e9xico y el Mundo de manera oportuna y busca que la libertad de expresi\u00f3n sea real. Visita nuestro medio informativo publicado desde Hermosillo, Sonora. %","og_url":"https:\/\/www.sonoraenequipo.com.mx\/gobierno-de-sonora-promueve-lectura-y-escritura-a-traves-de-creson\/","og_site_name":"Sonora en Equipo.","article_publisher":"https:\/\/www.facebook.com\/SonoraEE\/","article_author":"https:\/\/www.facebook.com\/SonoraEE","article_published_time":"2025-03-10T21:25:39+00:00","og_image":[{"width":600,"height":399,"url":"https:\/\/www.sonoraenequipo.com.mx\/storage\/2025\/03\/jovenes-lectura.jpg","type":"image\/jpeg"}],"author":"enequipo","twitter_card":"summary_large_image","twitter_creator":"@sonoraenequipo","twitter_site":"@sonoraenequipo","twitter_misc":{"Escrito por":"enequipo","Tiempo de lectura":"1 minuto"},"schema":{"@context":"https:\/\/schema.org","@graph":[{"@type":"Article","@id":"https:\/\/www.sonoraenequipo.com.mx\/gobierno-de-sonora-promueve-lectura-y-escritura-a-traves-de-creson\/#article","isPartOf":{"@id":"https:\/\/www.sonoraenequipo.com.mx\/gobierno-de-sonora-promueve-lectura-y-escritura-a-traves-de-creson\/"},"author":{"name":"enequipo","@id":"https:\/\/www.sonoraenequipo.com.mx\/#\/schema\/person\/50102df0fb23a8fa9e8effad8fa81386"},"headline":"Gobierno de Sonora promueve lectura y escritura a trav\u00e9s de Creson","datePublished":"2025-03-10T21:25:39+00:00","mainEntityOfPage":{"@id":"https:\/\/www.sonoraenequipo.com.mx\/gobierno-de-sonora-promueve-lectura-y-escritura-a-traves-de-creson\/"},"wordCount":274,"commentCount":0,"publisher":{"@id":"https:\/\/www.sonoraenequipo.com.mx\/#organization"},"image":{"@id":"https:\/\/www.sonoraenequipo.com.mx\/gobierno-de-sonora-promueve-lectura-y-escritura-a-traves-de-creson\/#primaryimage"},"thumbnailUrl":"https:\/\/www.sonoraenequipo.com.mx\/storage\/2025\/03\/jovenes-lectura.jpg","keywords":["creson","escritura","lectura"],"articleSection":["Sonora"],"inLanguage":"es","potentialAction":[{"@type":"CommentAction","name":"Comment","target":["https:\/\/www.sonoraenequipo.com.mx\/gobierno-de-sonora-promueve-lectura-y-escritura-a-traves-de-creson\/#respond"]}]},{"@type":"WebPage","@id":"https:\/\/www.sonoraenequipo.com.mx\/gobierno-de-sonora-promueve-lectura-y-escritura-a-traves-de-creson\/","url":"https:\/\/www.sonoraenequipo.com.mx\/gobierno-de-sonora-promueve-lectura-y-escritura-a-traves-de-creson\/","name":"Sonora en Equipo. Gobierno de Sonora promueve lectura y escritura a trav\u00e9s de Creson Sonora","isPartOf":{"@id":"https:\/\/www.sonoraenequipo.com.mx\/#website"},"primaryImageOfPage":{"@id":"https:\/\/www.sonoraenequipo.com.mx\/gobierno-de-sonora-promueve-lectura-y-escritura-a-traves-de-creson\/#primaryimage"},"image":{"@id":"https:\/\/www.sonoraenequipo.com.mx\/gobierno-de-sonora-promueve-lectura-y-escritura-a-traves-de-creson\/#primaryimage"},"thumbnailUrl":"https:\/\/www.sonoraenequipo.com.mx\/storage\/2025\/03\/jovenes-lectura.jpg","datePublished":"2025-03-10T21:25:39+00:00","description":"HERMOSILLO, SONORA, MX. \u2014 Con m\u00e1s de 20 actividades para reflexionar sobre la importancia y desaf\u00edos de promover la lectura y la escritura, el Centro En Sonora en Equipo publicamos toda la informaci\u00f3n de Sonora, M\u00e9xico y el Mundo de manera oportuna y busca que la libertad de expresi\u00f3n sea real. Visita nuestro medio informativo publicado desde Hermosillo, Sonora. %","breadcrumb":{"@id":"https:\/\/www.sonoraenequipo.com.mx\/gobierno-de-sonora-promueve-lectura-y-escritura-a-traves-de-creson\/#breadcrumb"},"inLanguage":"es","potentialAction":[{"@type":"ReadAction","target":["https:\/\/www.sonoraenequipo.com.mx\/gobierno-de-sonora-promueve-lectura-y-escritura-a-traves-de-creson\/"]}]},{"@type":"ImageObject","inLanguage":"es","@id":"https:\/\/www.sonoraenequipo.com.mx\/gobierno-de-sonora-promueve-lectura-y-escritura-a-traves-de-creson\/#primaryimage","url":"https:\/\/www.sonoraenequipo.com.mx\/storage\/2025\/03\/jovenes-lectura.jpg","contentUrl":"https:\/\/www.sonoraenequipo.com.mx\/storage\/2025\/03\/jovenes-lectura.jpg","width":600,"height":399},{"@type":"BreadcrumbList","@id":"https:\/\/www.sonoraenequipo.com.mx\/gobierno-de-sonora-promueve-lectura-y-escritura-a-traves-de-creson\/#breadcrumb","itemListElement":[{"@type":"ListItem","position":1,"name":"Portada","item":"https:\/\/www.sonoraenequipo.com.mx\/"},{"@type":"ListItem","position":2,"name":"Gobierno de Sonora promueve lectura y escritura a trav\u00e9s de Creson"}]},{"@type":"WebSite","@id":"https:\/\/www.sonoraenequipo.com.mx\/#website","url":"https:\/\/www.sonoraenequipo.com.mx\/","name":"Sonora en Equipo.","description":"Diario en l\u00ednea con Noticias desde Hermosillo, Sonora","publisher":{"@id":"https:\/\/www.sonoraenequipo.com.mx\/#organization"},"potentialAction":[{"@type":"SearchAction","target":{"@type":"EntryPoint","urlTemplate":"https:\/\/www.sonoraenequipo.com.mx\/?s={search_term_string}"},"query-input":{"@type":"PropertyValueSpecification","valueRequired":true,"valueName":"search_term_string"}}],"inLanguage":"es"},{"@type":"Organization","@id":"https:\/\/www.sonoraenequipo.com.mx\/#organization","name":"Sonoraenequipo.com.mx","url":"https:\/\/www.sonoraenequipo.com.mx\/","logo":{"@type":"ImageObject","inLanguage":"es","@id":"https:\/\/www.sonoraenequipo.com.mx\/#\/schema\/logo\/image\/","url":"https:\/\/www.sonoraenequipo.com.mx\/storage\/2019\/01\/sonoraenequipo_opt.png","contentUrl":"https:\/\/www.sonoraenequipo.com.mx\/storage\/2019\/01\/sonoraenequipo_opt.png","width":375,"height":125,"caption":"Sonoraenequipo.com.mx"},"image":{"@id":"https:\/\/www.sonoraenequipo.com.mx\/#\/schema\/logo\/image\/"},"sameAs":["https:\/\/www.facebook.com\/SonoraEE\/","https:\/\/x.com\/sonoraenequipo","https:\/\/www.youtube.com\/channel\/UC338nW-lPEYmJQs4ZABQ1SQ"]},{"@type":"Person","@id":"https:\/\/www.sonoraenequipo.com.mx\/#\/schema\/person\/50102df0fb23a8fa9e8effad8fa81386","name":"enequipo","image":{"@type":"ImageObject","inLanguage":"es","@id":"https:\/\/www.sonoraenequipo.com.mx\/#\/schema\/person\/image\/","url":"https:\/\/secure.gravatar.com\/avatar\/049821681b589dabc0bc20695993ccebb09f5b5d4d790cd9251b97faac7c652b?s=96&d=blank&r=g","contentUrl":"https:\/\/secure.gravatar.com\/avatar\/049821681b589dabc0bc20695993ccebb09f5b5d4d790cd9251b97faac7c652b?s=96&d=blank&r=g","caption":"enequipo"},"sameAs":["https:\/\/www.facebook.com\/SonoraEE"]}]}},"jetpack_featured_media_url":"https:\/\/www.sonoraenequipo.com.mx\/storage\/2025\/03\/jovenes-lectura.jpg","_links":{"self":[{"href":"https:\/\/www.sonoraenequipo.com.mx\/api\/wp\/v2\/posts\/211171","targetHints":{"allow":["GET"]}}],"collection":[{"href":"https:\/\/www.sonoraenequipo.com.mx\/api\/wp\/v2\/posts"}],"about":[{"href":"https:\/\/www.sonoraenequipo.com.mx\/api\/wp\/v2\/types\/post"}],"author":[{"embeddable":true,"href":"https:\/\/www.sonoraenequipo.com.mx\/api\/wp\/v2\/users\/1"}],"replies":[{"embeddable":true,"href":"https:\/\/www.sonoraenequipo.com.mx\/api\/wp\/v2\/comments?post=211171"}],"version-history":[{"count":1,"href":"https:\/\/www.sonoraenequipo.com.mx\/api\/wp\/v2\/posts\/211171\/revisions"}],"predecessor-version":[{"id":211173,"href":"https:\/\/www.sonoraenequipo.com.mx\/api\/wp\/v2\/posts\/211171\/revisions\/211173"}],"wp:featuredmedia":[{"embeddable":true,"href":"https:\/\/www.sonoraenequipo.com.mx\/api\/wp\/v2\/media\/211172"}],"wp:attachment":[{"href":"https:\/\/www.sonoraenequipo.com.mx\/api\/wp\/v2\/media?parent=211171"}],"wp:term":[{"taxonomy":"category","embeddable":true,"href":"https:\/\/www.sonoraenequipo.com.mx\/api\/wp\/v2\/categories?post=211171"},{"taxonomy":"post_tag","embeddable":true,"href":"https:\/\/www.sonoraenequipo.com.mx\/api\/wp\/v2\/tags?post=211171"}],"curies":[{"name":"wp","href":"https:\/\/api.w.org\/{rel}","templated":true}]}}