{"id":211174,"date":"2025-03-10T14:48:09","date_gmt":"2025-03-10T21:48:09","guid":{"rendered":"https:\/\/www.sonoraenequipo.com.mx\/?p=211174"},"modified":"2025-03-10T14:48:09","modified_gmt":"2025-03-10T21:48:09","slug":"cuadros-del-pri-podrian-volver-siempre-y-cuando-alito-deje-la-dirigencia-beltrones","status":"publish","type":"post","link":"https:\/\/www.sonoraenequipo.com.mx\/cuadros-del-pri-podrian-volver-siempre-y-cuando-alito-deje-la-dirigencia-beltrones\/","title":{"rendered":"Cuadros del PRI podr\u00edan volver siempre y cuando \u201cAlito\u201d deje la dirigencia: Beltrones"},"content":{"rendered":"<p><strong>CIUDAD DE M\u00c9XICO.<\/strong><strong> \u0336 \u0336\u00a0 <\/strong>Muchos de los militantes que abandonaron el PRI podr\u00edan regresar, pero solo cuando el actual dirigente Alejandro Moreno C\u00e1rdenas \u201c Alito\u201d deje la dirigencia, asegur\u00f3 el Senador Manlio Fabio Beltrones.<\/p>\n<p>&nbsp;<\/p>\n<p>En respuesta al llamado de la dirigencia nacional del tricolor para que regresen los cuadros que se alejaron, Beltrones Rivera fue enf\u00e1tico:\u00a0 \u201cYo creo que s\u00ed pueden regresar muchos, siempre y cuando \u00e9l no est\u00e9 al frente del partido porque el problema del PRI es la reelecci\u00f3n que \u00e9l mismo se auto otorg\u00f3 por muchos a\u00f1os\u201d.<\/p>\n<p>&nbsp;<\/p>\n<p>Consider\u00f3 que la apertura y la nueva etapa del partido ser\u00e1 cuando se abra a una dirigencia distinta, m\u00e1s plural y m\u00e1s aut\u00e9ntica.<\/p>\n<p>&nbsp;<\/p>\n<p>\u201cSu periodo termin\u00f3 hace tiempo y se lo auto otorg\u00f3 nuevamente en nuevos periodos que pueden ser interminables\u201d, apunto.<\/p>\n<p>&nbsp;<\/p>\n<p>Yo no puedo ir en contra de ello. El PRI naci\u00f3 anti-releccionista y as\u00ed es como se deber\u00eda conservar\u201d, se\u00f1al\u00f3<\/p>\n<p>&nbsp;<\/p>\n<p>HAN HECHO TODO AL REVES<\/p>\n<p>&nbsp;<\/p>\n<p>El actual gobierno ha hecho todo al rev\u00e9s y hoy no est\u00e1n preparados para llevar a cabo una negociaci\u00f3n comercial con el gobierno de Estados Unidos, consider\u00f3 el Senador.<\/p>\n<p>&nbsp;<\/p>\n<p>\u201cLo que sucedi\u00f3 es que no nos preparamos para un momento como el que ya sab\u00edamos que ven\u00eda. Hicimos todo al rev\u00e9s\u201d, dijo a pregunta expresa.<\/p>\n<p>&nbsp;<\/p>\n<p>Dijo que la convocatoria para asistir al Z\u00f3calo este domingo \u201ces insuficiente\u201d y solo servir\u00e1 para demostrar que entre ellos est\u00e1n coincidiendo en algo que se encargaron de destruir<\/p>\n<p>&nbsp;<\/p>\n<p>Refiri\u00f3 que para poder negociar el tratado de libre comercio a alguien se le ocurri\u00f3 que deber\u00edamos desaparecer la transparencia, a otro se le ocurri\u00f3 dentro de Morena desaparecer la competencia o la autonom\u00eda en competencia y a uno m\u00e1s brillante el estado de derecho y la Corte.<\/p>\n<p>&nbsp;<\/p>\n<p>\u201cHoy no estamos preparados para una negociaci\u00f3n con un personaje (Donald Trump) como el que apareci\u00f3 en los Estados Unidos y que quiere replantear el imperio en el mundo\u201d, asinti\u00f3.<\/p>\n<p><strong>Fecha de publicaci\u00f3n lunes 10 de marzo de 2025 \/<\/strong><\/p>\n","protected":false},"excerpt":{"rendered":"<p>CIUDAD DE M\u00c9XICO. \u0336 \u0336\u00a0 Muchos de los militantes que abandonaron el PRI podr\u00edan regresar,&#8230;<\/p>\n","protected":false},"author":1,"featured_media":204835,"comment_status":"open","ping_status":"open","sticky":false,"template":"","format":"standard","meta":{"_monsterinsights_skip_tracking":false,"_monsterinsights_sitenote_active":false,"_monsterinsights_sitenote_note":"","_monsterinsights_sitenote_category":0,"footnotes":""},"categories":[5],"tags":[3366,104],"class_list":["post"],"yoast_head":" \n<title>Sonora en Equipo. Cuadros del PRI podr\u00edan volver siempre y cuando \u201cAlito\u201d deje la dirigencia: Beltrones Rep\u00fablica<\/title>\n<meta name=\"description\" content=\"CIUDAD DE M\u00c9XICO. \u0336 \u0336\u00a0 Muchos de los militantes que abandonaron el PRI podr\u00edan regresar, pero solo cuando el actual dirigente Alejandro Moreno C\u00e1rdenas \u201c En Sonora en Equipo publicamos toda la informaci\u00f3n de Sonora, M\u00e9xico y el Mundo de manera oportuna y busca que la libertad de expresi\u00f3n sea real. Visita nuestro medio informativo publicado desde Hermosillo, Sonora. %\" \/>\n<meta name=\"robots\" content=\"index, follow, max-snippet:-1, max-image-preview:large, max-video-preview:-1\" \/>\n<link rel=\"canonical\" href=\"https:\/\/www.sonoraenequipo.com.mx\/cuadros-del-pri-podrian-volver-siempre-y-cuando-alito-deje-la-dirigencia-beltrones\/\" \/>\n<meta property=\"og:locale\" content=\"es_ES\" \/>\n<meta property=\"og:type\" content=\"article\" \/>\n<meta property=\"og:title\" content=\"Sonora en Equipo. Cuadros del PRI podr\u00edan volver siempre y cuando \u201cAlito\u201d deje la dirigencia: Beltrones Rep\u00fablica\" \/>\n<meta property=\"og:description\" content=\"CIUDAD DE M\u00c9XICO. \u0336 \u0336\u00a0 Muchos de los militantes que abandonaron el PRI podr\u00edan regresar, pero solo cuando el actual dirigente Alejandro Moreno C\u00e1rdenas \u201c En Sonora en Equipo publicamos toda la informaci\u00f3n de Sonora, M\u00e9xico y el Mundo de manera oportuna y busca que la libertad de expresi\u00f3n sea real. Visita nuestro medio informativo publicado desde Hermosillo, Sonora. %\" \/>\n<meta property=\"og:url\" content=\"https:\/\/www.sonoraenequipo.com.mx\/cuadros-del-pri-podrian-volver-siempre-y-cuando-alito-deje-la-dirigencia-beltrones\/\" \/>\n<meta property=\"og:site_name\" content=\"Sonora en Equipo.\" \/>\n<meta property=\"article:publisher\" content=\"https:\/\/www.facebook.com\/SonoraEE\/\" \/>\n<meta property=\"article:author\" content=\"https:\/\/www.facebook.com\/SonoraEE\" \/>\n<meta property=\"article:published_time\" content=\"2025-03-10T21:48:09+00:00\" \/>\n<meta property=\"og:image\" content=\"https:\/\/www.sonoraenequipo.com.mx\/storage\/2024\/11\/beltrones.jpg\" \/>\n\t<meta property=\"og:image:width\" content=\"600\" \/>\n\t<meta property=\"og:image:height\" content=\"400\" \/>\n\t<meta property=\"og:image:type\" content=\"image\/jpeg\" \/>\n<meta name=\"author\" content=\"enequipo\" \/>\n<meta name=\"twitter:card\" content=\"summary_large_image\" \/>\n<meta name=\"twitter:creator\" content=\"@sonoraenequipo\" \/>\n<meta name=\"twitter:site\" content=\"@sonoraenequipo\" \/>\n<meta name=\"twitter:label1\" content=\"Escrito por\" \/>\n\t<meta name=\"twitter:data1\" content=\"enequipo\" \/>\n\t<meta name=\"twitter:label2\" content=\"Tiempo de lectura\" \/>\n\t<meta name=\"twitter:data2\" content=\"2 minutos\" \/>\n<script type=\"application\/ld+json\" class=\"yoast-schema-graph\">{\"@context\":\"https:\/\/schema.org\",\"@graph\":[{\"@type\":\"Article\",\"@id\":\"https:\/\/www.sonoraenequipo.com.mx\/cuadros-del-pri-podrian-volver-siempre-y-cuando-alito-deje-la-dirigencia-beltrones\/#article\",\"isPartOf\":{\"@id\":\"https:\/\/www.sonoraenequipo.com.mx\/cuadros-del-pri-podrian-volver-siempre-y-cuando-alito-deje-la-dirigencia-beltrones\/\"},\"author\":{\"name\":\"enequipo\",\"@id\":\"https:\/\/www.sonoraenequipo.com.mx\/#\/schema\/person\/50102df0fb23a8fa9e8effad8fa81386\"},\"headline\":\"Cuadros del PRI podr\u00edan volver siempre y cuando \u201cAlito\u201d deje la dirigencia: Beltrones\",\"datePublished\":\"2025-03-10T21:48:09+00:00\",\"mainEntityOfPage\":{\"@id\":\"https:\/\/www.sonoraenequipo.com.mx\/cuadros-del-pri-podrian-volver-siempre-y-cuando-alito-deje-la-dirigencia-beltrones\/\"},\"wordCount\":372,\"commentCount\":0,\"publisher\":{\"@id\":\"https:\/\/www.sonoraenequipo.com.mx\/#organization\"},\"image\":{\"@id\":\"https:\/\/www.sonoraenequipo.com.mx\/cuadros-del-pri-podrian-volver-siempre-y-cuando-alito-deje-la-dirigencia-beltrones\/#primaryimage\"},\"thumbnailUrl\":\"https:\/\/www.sonoraenequipo.com.mx\/storage\/2024\/11\/beltrones.jpg\",\"keywords\":[\"alito\",\"beltrones\"],\"articleSection\":[\"Rep\u00fablica\"],\"inLanguage\":\"es\",\"potentialAction\":[{\"@type\":\"CommentAction\",\"name\":\"Comment\",\"target\":[\"https:\/\/www.sonoraenequipo.com.mx\/cuadros-del-pri-podrian-volver-siempre-y-cuando-alito-deje-la-dirigencia-beltrones\/#respond\"]}]},{\"@type\":\"WebPage\",\"@id\":\"https:\/\/www.sonoraenequipo.com.mx\/cuadros-del-pri-podrian-volver-siempre-y-cuando-alito-deje-la-dirigencia-beltrones\/\",\"url\":\"https:\/\/www.sonoraenequipo.com.mx\/cuadros-del-pri-podrian-volver-siempre-y-cuando-alito-deje-la-dirigencia-beltrones\/\",\"name\":\"Sonora en Equipo. Cuadros del PRI podr\u00edan volver siempre y cuando \u201cAlito\u201d deje la dirigencia: Beltrones Rep\u00fablica\",\"isPartOf\":{\"@id\":\"https:\/\/www.sonoraenequipo.com.mx\/#website\"},\"primaryImageOfPage\":{\"@id\":\"https:\/\/www.sonoraenequipo.com.mx\/cuadros-del-pri-podrian-volver-siempre-y-cuando-alito-deje-la-dirigencia-beltrones\/#primaryimage\"},\"image\":{\"@id\":\"https:\/\/www.sonoraenequipo.com.mx\/cuadros-del-pri-podrian-volver-siempre-y-cuando-alito-deje-la-dirigencia-beltrones\/#primaryimage\"},\"thumbnailUrl\":\"https:\/\/www.sonoraenequipo.com.mx\/storage\/2024\/11\/beltrones.jpg\",\"datePublished\":\"2025-03-10T21:48:09+00:00\",\"description\":\"CIUDAD DE M\u00c9XICO. \u0336 \u0336\u00a0 Muchos de los militantes que abandonaron el PRI podr\u00edan regresar, pero solo cuando el actual dirigente Alejandro Moreno C\u00e1rdenas \u201c En Sonora en Equipo publicamos toda la informaci\u00f3n de Sonora, M\u00e9xico y el Mundo de manera oportuna y busca que la libertad de expresi\u00f3n sea real. Visita nuestro medio informativo publicado desde Hermosillo, Sonora. %\",\"breadcrumb\":{\"@id\":\"https:\/\/www.sonoraenequipo.com.mx\/cuadros-del-pri-podrian-volver-siempre-y-cuando-alito-deje-la-dirigencia-beltrones\/#breadcrumb\"},\"inLanguage\":\"es\",\"potentialAction\":[{\"@type\":\"ReadAction\",\"target\":[\"https:\/\/www.sonoraenequipo.com.mx\/cuadros-del-pri-podrian-volver-siempre-y-cuando-alito-deje-la-dirigencia-beltrones\/\"]}]},{\"@type\":\"ImageObject\",\"inLanguage\":\"es\",\"@id\":\"https:\/\/www.sonoraenequipo.com.mx\/cuadros-del-pri-podrian-volver-siempre-y-cuando-alito-deje-la-dirigencia-beltrones\/#primaryimage\",\"url\":\"https:\/\/www.sonoraenequipo.com.mx\/storage\/2024\/11\/beltrones.jpg\",\"contentUrl\":\"https:\/\/www.sonoraenequipo.com.mx\/storage\/2024\/11\/beltrones.jpg\",\"width\":600,\"height\":400},{\"@type\":\"BreadcrumbList\",\"@id\":\"https:\/\/www.sonoraenequipo.com.mx\/cuadros-del-pri-podrian-volver-siempre-y-cuando-alito-deje-la-dirigencia-beltrones\/#breadcrumb\",\"itemListElement\":[{\"@type\":\"ListItem\",\"position\":1,\"name\":\"Portada\",\"item\":\"https:\/\/www.sonoraenequipo.com.mx\/\"},{\"@type\":\"ListItem\",\"position\":2,\"name\":\"Cuadros del PRI podr\u00edan volver siempre y cuando \u201cAlito\u201d deje la dirigencia: Beltrones\"}]},{\"@type\":\"WebSite\",\"@id\":\"https:\/\/www.sonoraenequipo.com.mx\/#website\",\"url\":\"https:\/\/www.sonoraenequipo.com.mx\/\",\"name\":\"Sonora en Equipo.\",\"description\":\"Diario en l\u00ednea con Noticias desde Hermosillo, Sonora\",\"publisher\":{\"@id\":\"https:\/\/www.sonoraenequipo.com.mx\/#organization\"},\"potentialAction\":[{\"@type\":\"SearchAction\",\"target\":{\"@type\":\"EntryPoint\",\"urlTemplate\":\"https:\/\/www.sonoraenequipo.com.mx\/?s={search_term_string}\"},\"query-input\":{\"@type\":\"PropertyValueSpecification\",\"valueRequired\":true,\"valueName\":\"search_term_string\"}}],\"inLanguage\":\"es\"},{\"@type\":\"Organization\",\"@id\":\"https:\/\/www.sonoraenequipo.com.mx\/#organization\",\"name\":\"Sonoraenequipo.com.mx\",\"url\":\"https:\/\/www.sonoraenequipo.com.mx\/\",\"logo\":{\"@type\":\"ImageObject\",\"inLanguage\":\"es\",\"@id\":\"https:\/\/www.sonoraenequipo.com.mx\/#\/schema\/logo\/image\/\",\"url\":\"https:\/\/www.sonoraenequipo.com.mx\/storage\/2019\/01\/sonoraenequipo_opt.png\",\"contentUrl\":\"https:\/\/www.sonoraenequipo.com.mx\/storage\/2019\/01\/sonoraenequipo_opt.png\",\"width\":375,\"height\":125,\"caption\":\"Sonoraenequipo.com.mx\"},\"image\":{\"@id\":\"https:\/\/www.sonoraenequipo.com.mx\/#\/schema\/logo\/image\/\"},\"sameAs\":[\"https:\/\/www.facebook.com\/SonoraEE\/\",\"https:\/\/x.com\/sonoraenequipo\",\"https:\/\/www.youtube.com\/channel\/UC338nW-lPEYmJQs4ZABQ1SQ\"]},{\"@type\":\"Person\",\"@id\":\"https:\/\/www.sonoraenequipo.com.mx\/#\/schema\/person\/50102df0fb23a8fa9e8effad8fa81386\",\"name\":\"enequipo\",\"image\":{\"@type\":\"ImageObject\",\"inLanguage\":\"es\",\"@id\":\"https:\/\/www.sonoraenequipo.com.mx\/#\/schema\/person\/image\/\",\"url\":\"https:\/\/secure.gravatar.com\/avatar\/049821681b589dabc0bc20695993ccebb09f5b5d4d790cd9251b97faac7c652b?s=96&d=blank&r=g\",\"contentUrl\":\"https:\/\/secure.gravatar.com\/avatar\/049821681b589dabc0bc20695993ccebb09f5b5d4d790cd9251b97faac7c652b?s=96&d=blank&r=g\",\"caption\":\"enequipo\"},\"sameAs\":[\"https:\/\/www.facebook.com\/SonoraEE\"]}]}<\/script>\n ","yoast_head_json":{"title":"Sonora en Equipo. Cuadros del PRI podr\u00edan volver siempre y cuando \u201cAlito\u201d deje la dirigencia: Beltrones Rep\u00fablica","description":"CIUDAD DE M\u00c9XICO. \u0336 \u0336\u00a0 Muchos de los militantes que abandonaron el PRI podr\u00edan regresar, pero solo cuando el actual dirigente Alejandro Moreno C\u00e1rdenas \u201c En Sonora en Equipo publicamos toda la informaci\u00f3n de Sonora, M\u00e9xico y el Mundo de manera oportuna y busca que la libertad de expresi\u00f3n sea real. Visita nuestro medio informativo publicado desde Hermosillo, Sonora. %","robots":{"index":"index","follow":"follow","max-snippet":"max-snippet:-1","max-image-preview":"max-image-preview:large","max-video-preview":"max-video-preview:-1"},"canonical":"https:\/\/www.sonoraenequipo.com.mx\/cuadros-del-pri-podrian-volver-siempre-y-cuando-alito-deje-la-dirigencia-beltrones\/","og_locale":"es_ES","og_type":"article","og_title":"Sonora en Equipo. Cuadros del PRI podr\u00edan volver siempre y cuando \u201cAlito\u201d deje la dirigencia: Beltrones Rep\u00fablica","og_description":"CIUDAD DE M\u00c9XICO. \u0336 \u0336\u00a0 Muchos de los militantes que abandonaron el PRI podr\u00edan regresar, pero solo cuando el actual dirigente Alejandro Moreno C\u00e1rdenas \u201c En Sonora en Equipo publicamos toda la informaci\u00f3n de Sonora, M\u00e9xico y el Mundo de manera oportuna y busca que la libertad de expresi\u00f3n sea real. Visita nuestro medio informativo publicado desde Hermosillo, Sonora. %","og_url":"https:\/\/www.sonoraenequipo.com.mx\/cuadros-del-pri-podrian-volver-siempre-y-cuando-alito-deje-la-dirigencia-beltrones\/","og_site_name":"Sonora en Equipo.","article_publisher":"https:\/\/www.facebook.com\/SonoraEE\/","article_author":"https:\/\/www.facebook.com\/SonoraEE","article_published_time":"2025-03-10T21:48:09+00:00","og_image":[{"width":600,"height":400,"url":"https:\/\/www.sonoraenequipo.com.mx\/storage\/2024\/11\/beltrones.jpg","type":"image\/jpeg"}],"author":"enequipo","twitter_card":"summary_large_image","twitter_creator":"@sonoraenequipo","twitter_site":"@sonoraenequipo","twitter_misc":{"Escrito por":"enequipo","Tiempo de lectura":"2 minutos"},"schema":{"@context":"https:\/\/schema.org","@graph":[{"@type":"Article","@id":"https:\/\/www.sonoraenequipo.com.mx\/cuadros-del-pri-podrian-volver-siempre-y-cuando-alito-deje-la-dirigencia-beltrones\/#article","isPartOf":{"@id":"https:\/\/www.sonoraenequipo.com.mx\/cuadros-del-pri-podrian-volver-siempre-y-cuando-alito-deje-la-dirigencia-beltrones\/"},"author":{"name":"enequipo","@id":"https:\/\/www.sonoraenequipo.com.mx\/#\/schema\/person\/50102df0fb23a8fa9e8effad8fa81386"},"headline":"Cuadros del PRI podr\u00edan volver siempre y cuando \u201cAlito\u201d deje la dirigencia: Beltrones","datePublished":"2025-03-10T21:48:09+00:00","mainEntityOfPage":{"@id":"https:\/\/www.sonoraenequipo.com.mx\/cuadros-del-pri-podrian-volver-siempre-y-cuando-alito-deje-la-dirigencia-beltrones\/"},"wordCount":372,"commentCount":0,"publisher":{"@id":"https:\/\/www.sonoraenequipo.com.mx\/#organization"},"image":{"@id":"https:\/\/www.sonoraenequipo.com.mx\/cuadros-del-pri-podrian-volver-siempre-y-cuando-alito-deje-la-dirigencia-beltrones\/#primaryimage"},"thumbnailUrl":"https:\/\/www.sonoraenequipo.com.mx\/storage\/2024\/11\/beltrones.jpg","keywords":["alito","beltrones"],"articleSection":["Rep\u00fablica"],"inLanguage":"es","potentialAction":[{"@type":"CommentAction","name":"Comment","target":["https:\/\/www.sonoraenequipo.com.mx\/cuadros-del-pri-podrian-volver-siempre-y-cuando-alito-deje-la-dirigencia-beltrones\/#respond"]}]},{"@type":"WebPage","@id":"https:\/\/www.sonoraenequipo.com.mx\/cuadros-del-pri-podrian-volver-siempre-y-cuando-alito-deje-la-dirigencia-beltrones\/","url":"https:\/\/www.sonoraenequipo.com.mx\/cuadros-del-pri-podrian-volver-siempre-y-cuando-alito-deje-la-dirigencia-beltrones\/","name":"Sonora en Equipo. Cuadros del PRI podr\u00edan volver siempre y cuando \u201cAlito\u201d deje la dirigencia: Beltrones Rep\u00fablica","isPartOf":{"@id":"https:\/\/www.sonoraenequipo.com.mx\/#website"},"primaryImageOfPage":{"@id":"https:\/\/www.sonoraenequipo.com.mx\/cuadros-del-pri-podrian-volver-siempre-y-cuando-alito-deje-la-dirigencia-beltrones\/#primaryimage"},"image":{"@id":"https:\/\/www.sonoraenequipo.com.mx\/cuadros-del-pri-podrian-volver-siempre-y-cuando-alito-deje-la-dirigencia-beltrones\/#primaryimage"},"thumbnailUrl":"https:\/\/www.sonoraenequipo.com.mx\/storage\/2024\/11\/beltrones.jpg","datePublished":"2025-03-10T21:48:09+00:00","description":"CIUDAD DE M\u00c9XICO. \u0336 \u0336\u00a0 Muchos de los militantes que abandonaron el PRI podr\u00edan regresar, pero solo cuando el actual dirigente Alejandro Moreno C\u00e1rdenas \u201c En Sonora en Equipo publicamos toda la informaci\u00f3n de Sonora, M\u00e9xico y el Mundo de manera oportuna y busca que la libertad de expresi\u00f3n sea real. Visita nuestro medio informativo publicado desde Hermosillo, Sonora. %","breadcrumb":{"@id":"https:\/\/www.sonoraenequipo.com.mx\/cuadros-del-pri-podrian-volver-siempre-y-cuando-alito-deje-la-dirigencia-beltrones\/#breadcrumb"},"inLanguage":"es","potentialAction":[{"@type":"ReadAction","target":["https:\/\/www.sonoraenequipo.com.mx\/cuadros-del-pri-podrian-volver-siempre-y-cuando-alito-deje-la-dirigencia-beltrones\/"]}]},{"@type":"ImageObject","inLanguage":"es","@id":"https:\/\/www.sonoraenequipo.com.mx\/cuadros-del-pri-podrian-volver-siempre-y-cuando-alito-deje-la-dirigencia-beltrones\/#primaryimage","url":"https:\/\/www.sonoraenequipo.com.mx\/storage\/2024\/11\/beltrones.jpg","contentUrl":"https:\/\/www.sonoraenequipo.com.mx\/storage\/2024\/11\/beltrones.jpg","width":600,"height":400},{"@type":"BreadcrumbList","@id":"https:\/\/www.sonoraenequipo.com.mx\/cuadros-del-pri-podrian-volver-siempre-y-cuando-alito-deje-la-dirigencia-beltrones\/#breadcrumb","itemListElement":[{"@type":"ListItem","position":1,"name":"Portada","item":"https:\/\/www.sonoraenequipo.com.mx\/"},{"@type":"ListItem","position":2,"name":"Cuadros del PRI podr\u00edan volver siempre y cuando \u201cAlito\u201d deje la dirigencia: Beltrones"}]},{"@type":"WebSite","@id":"https:\/\/www.sonoraenequipo.com.mx\/#website","url":"https:\/\/www.sonoraenequipo.com.mx\/","name":"Sonora en Equipo.","description":"Diario en l\u00ednea con Noticias desde Hermosillo, Sonora","publisher":{"@id":"https:\/\/www.sonoraenequipo.com.mx\/#organization"},"potentialAction":[{"@type":"SearchAction","target":{"@type":"EntryPoint","urlTemplate":"https:\/\/www.sonoraenequipo.com.mx\/?s={search_term_string}"},"query-input":{"@type":"PropertyValueSpecification","valueRequired":true,"valueName":"search_term_string"}}],"inLanguage":"es"},{"@type":"Organization","@id":"https:\/\/www.sonoraenequipo.com.mx\/#organization","name":"Sonoraenequipo.com.mx","url":"https:\/\/www.sonoraenequipo.com.mx\/","logo":{"@type":"ImageObject","inLanguage":"es","@id":"https:\/\/www.sonoraenequipo.com.mx\/#\/schema\/logo\/image\/","url":"https:\/\/www.sonoraenequipo.com.mx\/storage\/2019\/01\/sonoraenequipo_opt.png","contentUrl":"https:\/\/www.sonoraenequipo.com.mx\/storage\/2019\/01\/sonoraenequipo_opt.png","width":375,"height":125,"caption":"Sonoraenequipo.com.mx"},"image":{"@id":"https:\/\/www.sonoraenequipo.com.mx\/#\/schema\/logo\/image\/"},"sameAs":["https:\/\/www.facebook.com\/SonoraEE\/","https:\/\/x.com\/sonoraenequipo","https:\/\/www.youtube.com\/channel\/UC338nW-lPEYmJQs4ZABQ1SQ"]},{"@type":"Person","@id":"https:\/\/www.sonoraenequipo.com.mx\/#\/schema\/person\/50102df0fb23a8fa9e8effad8fa81386","name":"enequipo","image":{"@type":"ImageObject","inLanguage":"es","@id":"https:\/\/www.sonoraenequipo.com.mx\/#\/schema\/person\/image\/","url":"https:\/\/secure.gravatar.com\/avatar\/049821681b589dabc0bc20695993ccebb09f5b5d4d790cd9251b97faac7c652b?s=96&d=blank&r=g","contentUrl":"https:\/\/secure.gravatar.com\/avatar\/049821681b589dabc0bc20695993ccebb09f5b5d4d790cd9251b97faac7c652b?s=96&d=blank&r=g","caption":"enequipo"},"sameAs":["https:\/\/www.facebook.com\/SonoraEE"]}]}},"jetpack_featured_media_url":"https:\/\/www.sonoraenequipo.com.mx\/storage\/2024\/11\/beltrones.jpg","_links":{"self":[{"href":"https:\/\/www.sonoraenequipo.com.mx\/api\/wp\/v2\/posts\/211174","targetHints":{"allow":["GET"]}}],"collection":[{"href":"https:\/\/www.sonoraenequipo.com.mx\/api\/wp\/v2\/posts"}],"about":[{"href":"https:\/\/www.sonoraenequipo.com.mx\/api\/wp\/v2\/types\/post"}],"author":[{"embeddable":true,"href":"https:\/\/www.sonoraenequipo.com.mx\/api\/wp\/v2\/users\/1"}],"replies":[{"embeddable":true,"href":"https:\/\/www.sonoraenequipo.com.mx\/api\/wp\/v2\/comments?post=211174"}],"version-history":[{"count":1,"href":"https:\/\/www.sonoraenequipo.com.mx\/api\/wp\/v2\/posts\/211174\/revisions"}],"predecessor-version":[{"id":211175,"href":"https:\/\/www.sonoraenequipo.com.mx\/api\/wp\/v2\/posts\/211174\/revisions\/211175"}],"wp:featuredmedia":[{"embeddable":true,"href":"https:\/\/www.sonoraenequipo.com.mx\/api\/wp\/v2\/media\/204835"}],"wp:attachment":[{"href":"https:\/\/www.sonoraenequipo.com.mx\/api\/wp\/v2\/media?parent=211174"}],"wp:term":[{"taxonomy":"category","embeddable":true,"href":"https:\/\/www.sonoraenequipo.com.mx\/api\/wp\/v2\/categories?post=211174"},{"taxonomy":"post_tag","embeddable":true,"href":"https:\/\/www.sonoraenequipo.com.mx\/api\/wp\/v2\/tags?post=211174"}],"curies":[{"name":"wp","href":"https:\/\/api.w.org\/{rel}","templated":true}]}}