{"id":211176,"date":"2025-03-10T20:20:41","date_gmt":"2025-03-11T03:20:41","guid":{"rendered":"https:\/\/www.sonoraenequipo.com.mx\/?p=211176"},"modified":"2025-03-10T20:20:41","modified_gmt":"2025-03-11T03:20:41","slug":"gobernador-durazo-entrega-a-mas-de-760-estudiantes-de-secundaria-beca-universal-rita-cetina","status":"publish","type":"post","link":"https:\/\/www.sonoraenequipo.com.mx\/gobernador-durazo-entrega-a-mas-de-760-estudiantes-de-secundaria-beca-universal-rita-cetina\/","title":{"rendered":"Gobernador Durazo entrega a m\u00e1s de 760 estudiantes de secundaria Beca Universal Rita Cetina"},"content":{"rendered":"<p><strong>HERMOSILLO, SONORA, MX.<\/strong> \u2014 Como parte de su compromiso con la educaci\u00f3n y la igualdad de oportunidades, el gobernador Alfonso Durazo Monta\u00f1o encabez\u00f3 la entrega de tarjetas de la Beca Universal Rita Cetina en la Escuela Secundaria General No. 9 \u00abArq. Gustavo F. Aguilar Beltr\u00e1n\u00bb.<\/p>\n<p>&nbsp;<\/p>\n<p>&nbsp;<\/p>\n<p>&nbsp;<\/p>\n<p>Durante el evento, el mandatario estatal resalt\u00f3 la importancia de este programa, que beneficiar\u00e1 a 766 estudiantes de ese plantel, con el prop\u00f3sito de disminuir la desigualdad y fortalecer la continuidad educativa. Cada familia recibir\u00e1 mil 900 pesos, con un incremento de 700 pesos por cada estudiante adicional.<\/p>\n<p>&nbsp;<\/p>\n<p>&nbsp;<\/p>\n<p>&nbsp;<\/p>\n<p>\u00abY ese es el objetivo de la beca, que puedan continuar sus estudios, que no haya deserci\u00f3n por limitaciones econ\u00f3micas. Por eso impuls\u00e9 el programa de becas m\u00e1s importante en la historia de la entidad y por eso celebro la sensibilidad social de nuestra presidenta\u00bb, expres\u00f3.<\/p>\n<p>&nbsp;<\/p>\n<p>&nbsp;<\/p>\n<p>&nbsp;<\/p>\n<p>Este programa, que busca llegar a los m\u00e1s de 124 mil estudiantes de secundaria en Sonora, ha distribuido m\u00e1s de tres mil 500 tarjetas en distintas escuelas de Hermosillo, asegurando as\u00ed un impacto significativo en la comunidad estudiantil.<\/p>\n<p>&nbsp;<\/p>\n<p>&nbsp;<\/p>\n<p>&nbsp;<\/p>\n<p>La Beca Universal Rita Cetina, impulsada a nivel nacional por la presidenta Claudia Sheinbaum Pardo, tiene como objetivo proporcionar un apoyo econ\u00f3mico bimestral a los alumnos de secundarias p\u00fablicas a partir de 2025, garantizando su permanencia en el sistema educativo y fomentando la igualdad de oportunidades.<\/p>\n<p><strong>Fecha de publicaci\u00f3n lunes 10 de marzo de 2025 \/<\/strong><\/p>\n","protected":false},"excerpt":{"rendered":"<p>HERMOSILLO, SONORA, MX. \u2014 Como parte de su compromiso con la educaci\u00f3n y la igualdad&#8230;<\/p>\n","protected":false},"author":1,"featured_media":211193,"comment_status":"open","ping_status":"open","sticky":false,"template":"","format":"standard","meta":{"_monsterinsights_skip_tracking":false,"_monsterinsights_sitenote_active":false,"_monsterinsights_sitenote_note":"","_monsterinsights_sitenote_category":0,"footnotes":""},"categories":[22],"tags":[3294,10949],"class_list":["post"],"yoast_head":" \n<title>Sonora en Equipo. Gobernador Durazo entrega a m\u00e1s de 760 estudiantes de secundaria Beca Universal Rita Cetina Sonora<\/title>\n<meta name=\"description\" content=\"HERMOSILLO, SONORA, MX. \u2014 Como parte de su compromiso con la educaci\u00f3n y la igualdad de oportunidades, el gobernador Alfonso Durazo Monta\u00f1o encabez\u00f3 la En Sonora en Equipo publicamos toda la informaci\u00f3n de Sonora, M\u00e9xico y el Mundo de manera oportuna y busca que la libertad de expresi\u00f3n sea real. Visita nuestro medio informativo publicado desde Hermosillo, Sonora. %\" \/>\n<meta name=\"robots\" content=\"index, follow, max-snippet:-1, max-image-preview:large, max-video-preview:-1\" \/>\n<link rel=\"canonical\" href=\"https:\/\/www.sonoraenequipo.com.mx\/gobernador-durazo-entrega-a-mas-de-760-estudiantes-de-secundaria-beca-universal-rita-cetina\/\" \/>\n<meta property=\"og:locale\" content=\"es_ES\" \/>\n<meta property=\"og:type\" content=\"article\" \/>\n<meta property=\"og:title\" content=\"Sonora en Equipo. Gobernador Durazo entrega a m\u00e1s de 760 estudiantes de secundaria Beca Universal Rita Cetina Sonora\" \/>\n<meta property=\"og:description\" content=\"HERMOSILLO, SONORA, MX. \u2014 Como parte de su compromiso con la educaci\u00f3n y la igualdad de oportunidades, el gobernador Alfonso Durazo Monta\u00f1o encabez\u00f3 la En Sonora en Equipo publicamos toda la informaci\u00f3n de Sonora, M\u00e9xico y el Mundo de manera oportuna y busca que la libertad de expresi\u00f3n sea real. Visita nuestro medio informativo publicado desde Hermosillo, Sonora. %\" \/>\n<meta property=\"og:url\" content=\"https:\/\/www.sonoraenequipo.com.mx\/gobernador-durazo-entrega-a-mas-de-760-estudiantes-de-secundaria-beca-universal-rita-cetina\/\" \/>\n<meta property=\"og:site_name\" content=\"Sonora en Equipo.\" \/>\n<meta property=\"article:publisher\" content=\"https:\/\/www.facebook.com\/SonoraEE\/\" \/>\n<meta property=\"article:author\" content=\"https:\/\/www.facebook.com\/SonoraEE\" \/>\n<meta property=\"article:published_time\" content=\"2025-03-11T03:20:41+00:00\" \/>\n<meta property=\"og:image\" content=\"https:\/\/www.sonoraenequipo.com.mx\/storage\/2025\/03\/beca-rita-zetina.jpg\" \/>\n\t<meta property=\"og:image:width\" content=\"600\" \/>\n\t<meta property=\"og:image:height\" content=\"400\" \/>\n\t<meta property=\"og:image:type\" content=\"image\/jpeg\" \/>\n<meta name=\"author\" content=\"enequipo\" \/>\n<meta name=\"twitter:card\" content=\"summary_large_image\" \/>\n<meta name=\"twitter:creator\" content=\"@sonoraenequipo\" \/>\n<meta name=\"twitter:site\" content=\"@sonoraenequipo\" \/>\n<meta name=\"twitter:label1\" content=\"Escrito por\" \/>\n\t<meta name=\"twitter:data1\" content=\"enequipo\" \/>\n\t<meta name=\"twitter:label2\" content=\"Tiempo de lectura\" \/>\n\t<meta name=\"twitter:data2\" content=\"1 minuto\" \/>\n<script type=\"application\/ld+json\" class=\"yoast-schema-graph\">{\"@context\":\"https:\/\/schema.org\",\"@graph\":[{\"@type\":\"Article\",\"@id\":\"https:\/\/www.sonoraenequipo.com.mx\/gobernador-durazo-entrega-a-mas-de-760-estudiantes-de-secundaria-beca-universal-rita-cetina\/#article\",\"isPartOf\":{\"@id\":\"https:\/\/www.sonoraenequipo.com.mx\/gobernador-durazo-entrega-a-mas-de-760-estudiantes-de-secundaria-beca-universal-rita-cetina\/\"},\"author\":{\"name\":\"enequipo\",\"@id\":\"https:\/\/www.sonoraenequipo.com.mx\/#\/schema\/person\/50102df0fb23a8fa9e8effad8fa81386\"},\"headline\":\"Gobernador Durazo entrega a m\u00e1s de 760 estudiantes de secundaria Beca Universal Rita Cetina\",\"datePublished\":\"2025-03-11T03:20:41+00:00\",\"mainEntityOfPage\":{\"@id\":\"https:\/\/www.sonoraenequipo.com.mx\/gobernador-durazo-entrega-a-mas-de-760-estudiantes-de-secundaria-beca-universal-rita-cetina\/\"},\"wordCount\":260,\"commentCount\":0,\"publisher\":{\"@id\":\"https:\/\/www.sonoraenequipo.com.mx\/#organization\"},\"image\":{\"@id\":\"https:\/\/www.sonoraenequipo.com.mx\/gobernador-durazo-entrega-a-mas-de-760-estudiantes-de-secundaria-beca-universal-rita-cetina\/#primaryimage\"},\"thumbnailUrl\":\"https:\/\/www.sonoraenequipo.com.mx\/storage\/2025\/03\/beca-rita-zetina.jpg\",\"keywords\":[\"becas\",\"rita zetina\"],\"articleSection\":[\"Sonora\"],\"inLanguage\":\"es\",\"potentialAction\":[{\"@type\":\"CommentAction\",\"name\":\"Comment\",\"target\":[\"https:\/\/www.sonoraenequipo.com.mx\/gobernador-durazo-entrega-a-mas-de-760-estudiantes-de-secundaria-beca-universal-rita-cetina\/#respond\"]}]},{\"@type\":\"WebPage\",\"@id\":\"https:\/\/www.sonoraenequipo.com.mx\/gobernador-durazo-entrega-a-mas-de-760-estudiantes-de-secundaria-beca-universal-rita-cetina\/\",\"url\":\"https:\/\/www.sonoraenequipo.com.mx\/gobernador-durazo-entrega-a-mas-de-760-estudiantes-de-secundaria-beca-universal-rita-cetina\/\",\"name\":\"Sonora en Equipo. Gobernador Durazo entrega a m\u00e1s de 760 estudiantes de secundaria Beca Universal Rita Cetina Sonora\",\"isPartOf\":{\"@id\":\"https:\/\/www.sonoraenequipo.com.mx\/#website\"},\"primaryImageOfPage\":{\"@id\":\"https:\/\/www.sonoraenequipo.com.mx\/gobernador-durazo-entrega-a-mas-de-760-estudiantes-de-secundaria-beca-universal-rita-cetina\/#primaryimage\"},\"image\":{\"@id\":\"https:\/\/www.sonoraenequipo.com.mx\/gobernador-durazo-entrega-a-mas-de-760-estudiantes-de-secundaria-beca-universal-rita-cetina\/#primaryimage\"},\"thumbnailUrl\":\"https:\/\/www.sonoraenequipo.com.mx\/storage\/2025\/03\/beca-rita-zetina.jpg\",\"datePublished\":\"2025-03-11T03:20:41+00:00\",\"description\":\"HERMOSILLO, SONORA, MX. \u2014 Como parte de su compromiso con la educaci\u00f3n y la igualdad de oportunidades, el gobernador Alfonso Durazo Monta\u00f1o encabez\u00f3 la En Sonora en Equipo publicamos toda la informaci\u00f3n de Sonora, M\u00e9xico y el Mundo de manera oportuna y busca que la libertad de expresi\u00f3n sea real. Visita nuestro medio informativo publicado desde Hermosillo, Sonora. %\",\"breadcrumb\":{\"@id\":\"https:\/\/www.sonoraenequipo.com.mx\/gobernador-durazo-entrega-a-mas-de-760-estudiantes-de-secundaria-beca-universal-rita-cetina\/#breadcrumb\"},\"inLanguage\":\"es\",\"potentialAction\":[{\"@type\":\"ReadAction\",\"target\":[\"https:\/\/www.sonoraenequipo.com.mx\/gobernador-durazo-entrega-a-mas-de-760-estudiantes-de-secundaria-beca-universal-rita-cetina\/\"]}]},{\"@type\":\"ImageObject\",\"inLanguage\":\"es\",\"@id\":\"https:\/\/www.sonoraenequipo.com.mx\/gobernador-durazo-entrega-a-mas-de-760-estudiantes-de-secundaria-beca-universal-rita-cetina\/#primaryimage\",\"url\":\"https:\/\/www.sonoraenequipo.com.mx\/storage\/2025\/03\/beca-rita-zetina.jpg\",\"contentUrl\":\"https:\/\/www.sonoraenequipo.com.mx\/storage\/2025\/03\/beca-rita-zetina.jpg\",\"width\":600,\"height\":400},{\"@type\":\"BreadcrumbList\",\"@id\":\"https:\/\/www.sonoraenequipo.com.mx\/gobernador-durazo-entrega-a-mas-de-760-estudiantes-de-secundaria-beca-universal-rita-cetina\/#breadcrumb\",\"itemListElement\":[{\"@type\":\"ListItem\",\"position\":1,\"name\":\"Portada\",\"item\":\"https:\/\/www.sonoraenequipo.com.mx\/\"},{\"@type\":\"ListItem\",\"position\":2,\"name\":\"Gobernador Durazo entrega a m\u00e1s de 760 estudiantes de secundaria Beca Universal Rita Cetina\"}]},{\"@type\":\"WebSite\",\"@id\":\"https:\/\/www.sonoraenequipo.com.mx\/#website\",\"url\":\"https:\/\/www.sonoraenequipo.com.mx\/\",\"name\":\"Sonora en Equipo.\",\"description\":\"Diario en l\u00ednea con Noticias desde Hermosillo, Sonora\",\"publisher\":{\"@id\":\"https:\/\/www.sonoraenequipo.com.mx\/#organization\"},\"potentialAction\":[{\"@type\":\"SearchAction\",\"target\":{\"@type\":\"EntryPoint\",\"urlTemplate\":\"https:\/\/www.sonoraenequipo.com.mx\/?s={search_term_string}\"},\"query-input\":{\"@type\":\"PropertyValueSpecification\",\"valueRequired\":true,\"valueName\":\"search_term_string\"}}],\"inLanguage\":\"es\"},{\"@type\":\"Organization\",\"@id\":\"https:\/\/www.sonoraenequipo.com.mx\/#organization\",\"name\":\"Sonoraenequipo.com.mx\",\"url\":\"https:\/\/www.sonoraenequipo.com.mx\/\",\"logo\":{\"@type\":\"ImageObject\",\"inLanguage\":\"es\",\"@id\":\"https:\/\/www.sonoraenequipo.com.mx\/#\/schema\/logo\/image\/\",\"url\":\"https:\/\/www.sonoraenequipo.com.mx\/storage\/2019\/01\/sonoraenequipo_opt.png\",\"contentUrl\":\"https:\/\/www.sonoraenequipo.com.mx\/storage\/2019\/01\/sonoraenequipo_opt.png\",\"width\":375,\"height\":125,\"caption\":\"Sonoraenequipo.com.mx\"},\"image\":{\"@id\":\"https:\/\/www.sonoraenequipo.com.mx\/#\/schema\/logo\/image\/\"},\"sameAs\":[\"https:\/\/www.facebook.com\/SonoraEE\/\",\"https:\/\/x.com\/sonoraenequipo\",\"https:\/\/www.youtube.com\/channel\/UC338nW-lPEYmJQs4ZABQ1SQ\"]},{\"@type\":\"Person\",\"@id\":\"https:\/\/www.sonoraenequipo.com.mx\/#\/schema\/person\/50102df0fb23a8fa9e8effad8fa81386\",\"name\":\"enequipo\",\"image\":{\"@type\":\"ImageObject\",\"inLanguage\":\"es\",\"@id\":\"https:\/\/www.sonoraenequipo.com.mx\/#\/schema\/person\/image\/\",\"url\":\"https:\/\/secure.gravatar.com\/avatar\/049821681b589dabc0bc20695993ccebb09f5b5d4d790cd9251b97faac7c652b?s=96&d=blank&r=g\",\"contentUrl\":\"https:\/\/secure.gravatar.com\/avatar\/049821681b589dabc0bc20695993ccebb09f5b5d4d790cd9251b97faac7c652b?s=96&d=blank&r=g\",\"caption\":\"enequipo\"},\"sameAs\":[\"https:\/\/www.facebook.com\/SonoraEE\"]}]}<\/script>\n ","yoast_head_json":{"title":"Sonora en Equipo. Gobernador Durazo entrega a m\u00e1s de 760 estudiantes de secundaria Beca Universal Rita Cetina Sonora","description":"HERMOSILLO, SONORA, MX. \u2014 Como parte de su compromiso con la educaci\u00f3n y la igualdad de oportunidades, el gobernador Alfonso Durazo Monta\u00f1o encabez\u00f3 la En Sonora en Equipo publicamos toda la informaci\u00f3n de Sonora, M\u00e9xico y el Mundo de manera oportuna y busca que la libertad de expresi\u00f3n sea real. Visita nuestro medio informativo publicado desde Hermosillo, Sonora. %","robots":{"index":"index","follow":"follow","max-snippet":"max-snippet:-1","max-image-preview":"max-image-preview:large","max-video-preview":"max-video-preview:-1"},"canonical":"https:\/\/www.sonoraenequipo.com.mx\/gobernador-durazo-entrega-a-mas-de-760-estudiantes-de-secundaria-beca-universal-rita-cetina\/","og_locale":"es_ES","og_type":"article","og_title":"Sonora en Equipo. Gobernador Durazo entrega a m\u00e1s de 760 estudiantes de secundaria Beca Universal Rita Cetina Sonora","og_description":"HERMOSILLO, SONORA, MX. \u2014 Como parte de su compromiso con la educaci\u00f3n y la igualdad de oportunidades, el gobernador Alfonso Durazo Monta\u00f1o encabez\u00f3 la En Sonora en Equipo publicamos toda la informaci\u00f3n de Sonora, M\u00e9xico y el Mundo de manera oportuna y busca que la libertad de expresi\u00f3n sea real. Visita nuestro medio informativo publicado desde Hermosillo, Sonora. %","og_url":"https:\/\/www.sonoraenequipo.com.mx\/gobernador-durazo-entrega-a-mas-de-760-estudiantes-de-secundaria-beca-universal-rita-cetina\/","og_site_name":"Sonora en Equipo.","article_publisher":"https:\/\/www.facebook.com\/SonoraEE\/","article_author":"https:\/\/www.facebook.com\/SonoraEE","article_published_time":"2025-03-11T03:20:41+00:00","og_image":[{"width":600,"height":400,"url":"https:\/\/www.sonoraenequipo.com.mx\/storage\/2025\/03\/beca-rita-zetina.jpg","type":"image\/jpeg"}],"author":"enequipo","twitter_card":"summary_large_image","twitter_creator":"@sonoraenequipo","twitter_site":"@sonoraenequipo","twitter_misc":{"Escrito por":"enequipo","Tiempo de lectura":"1 minuto"},"schema":{"@context":"https:\/\/schema.org","@graph":[{"@type":"Article","@id":"https:\/\/www.sonoraenequipo.com.mx\/gobernador-durazo-entrega-a-mas-de-760-estudiantes-de-secundaria-beca-universal-rita-cetina\/#article","isPartOf":{"@id":"https:\/\/www.sonoraenequipo.com.mx\/gobernador-durazo-entrega-a-mas-de-760-estudiantes-de-secundaria-beca-universal-rita-cetina\/"},"author":{"name":"enequipo","@id":"https:\/\/www.sonoraenequipo.com.mx\/#\/schema\/person\/50102df0fb23a8fa9e8effad8fa81386"},"headline":"Gobernador Durazo entrega a m\u00e1s de 760 estudiantes de secundaria Beca Universal Rita Cetina","datePublished":"2025-03-11T03:20:41+00:00","mainEntityOfPage":{"@id":"https:\/\/www.sonoraenequipo.com.mx\/gobernador-durazo-entrega-a-mas-de-760-estudiantes-de-secundaria-beca-universal-rita-cetina\/"},"wordCount":260,"commentCount":0,"publisher":{"@id":"https:\/\/www.sonoraenequipo.com.mx\/#organization"},"image":{"@id":"https:\/\/www.sonoraenequipo.com.mx\/gobernador-durazo-entrega-a-mas-de-760-estudiantes-de-secundaria-beca-universal-rita-cetina\/#primaryimage"},"thumbnailUrl":"https:\/\/www.sonoraenequipo.com.mx\/storage\/2025\/03\/beca-rita-zetina.jpg","keywords":["becas","rita zetina"],"articleSection":["Sonora"],"inLanguage":"es","potentialAction":[{"@type":"CommentAction","name":"Comment","target":["https:\/\/www.sonoraenequipo.com.mx\/gobernador-durazo-entrega-a-mas-de-760-estudiantes-de-secundaria-beca-universal-rita-cetina\/#respond"]}]},{"@type":"WebPage","@id":"https:\/\/www.sonoraenequipo.com.mx\/gobernador-durazo-entrega-a-mas-de-760-estudiantes-de-secundaria-beca-universal-rita-cetina\/","url":"https:\/\/www.sonoraenequipo.com.mx\/gobernador-durazo-entrega-a-mas-de-760-estudiantes-de-secundaria-beca-universal-rita-cetina\/","name":"Sonora en Equipo. Gobernador Durazo entrega a m\u00e1s de 760 estudiantes de secundaria Beca Universal Rita Cetina Sonora","isPartOf":{"@id":"https:\/\/www.sonoraenequipo.com.mx\/#website"},"primaryImageOfPage":{"@id":"https:\/\/www.sonoraenequipo.com.mx\/gobernador-durazo-entrega-a-mas-de-760-estudiantes-de-secundaria-beca-universal-rita-cetina\/#primaryimage"},"image":{"@id":"https:\/\/www.sonoraenequipo.com.mx\/gobernador-durazo-entrega-a-mas-de-760-estudiantes-de-secundaria-beca-universal-rita-cetina\/#primaryimage"},"thumbnailUrl":"https:\/\/www.sonoraenequipo.com.mx\/storage\/2025\/03\/beca-rita-zetina.jpg","datePublished":"2025-03-11T03:20:41+00:00","description":"HERMOSILLO, SONORA, MX. \u2014 Como parte de su compromiso con la educaci\u00f3n y la igualdad de oportunidades, el gobernador Alfonso Durazo Monta\u00f1o encabez\u00f3 la En Sonora en Equipo publicamos toda la informaci\u00f3n de Sonora, M\u00e9xico y el Mundo de manera oportuna y busca que la libertad de expresi\u00f3n sea real. Visita nuestro medio informativo publicado desde Hermosillo, Sonora. %","breadcrumb":{"@id":"https:\/\/www.sonoraenequipo.com.mx\/gobernador-durazo-entrega-a-mas-de-760-estudiantes-de-secundaria-beca-universal-rita-cetina\/#breadcrumb"},"inLanguage":"es","potentialAction":[{"@type":"ReadAction","target":["https:\/\/www.sonoraenequipo.com.mx\/gobernador-durazo-entrega-a-mas-de-760-estudiantes-de-secundaria-beca-universal-rita-cetina\/"]}]},{"@type":"ImageObject","inLanguage":"es","@id":"https:\/\/www.sonoraenequipo.com.mx\/gobernador-durazo-entrega-a-mas-de-760-estudiantes-de-secundaria-beca-universal-rita-cetina\/#primaryimage","url":"https:\/\/www.sonoraenequipo.com.mx\/storage\/2025\/03\/beca-rita-zetina.jpg","contentUrl":"https:\/\/www.sonoraenequipo.com.mx\/storage\/2025\/03\/beca-rita-zetina.jpg","width":600,"height":400},{"@type":"BreadcrumbList","@id":"https:\/\/www.sonoraenequipo.com.mx\/gobernador-durazo-entrega-a-mas-de-760-estudiantes-de-secundaria-beca-universal-rita-cetina\/#breadcrumb","itemListElement":[{"@type":"ListItem","position":1,"name":"Portada","item":"https:\/\/www.sonoraenequipo.com.mx\/"},{"@type":"ListItem","position":2,"name":"Gobernador Durazo entrega a m\u00e1s de 760 estudiantes de secundaria Beca Universal Rita Cetina"}]},{"@type":"WebSite","@id":"https:\/\/www.sonoraenequipo.com.mx\/#website","url":"https:\/\/www.sonoraenequipo.com.mx\/","name":"Sonora en Equipo.","description":"Diario en l\u00ednea con Noticias desde Hermosillo, Sonora","publisher":{"@id":"https:\/\/www.sonoraenequipo.com.mx\/#organization"},"potentialAction":[{"@type":"SearchAction","target":{"@type":"EntryPoint","urlTemplate":"https:\/\/www.sonoraenequipo.com.mx\/?s={search_term_string}"},"query-input":{"@type":"PropertyValueSpecification","valueRequired":true,"valueName":"search_term_string"}}],"inLanguage":"es"},{"@type":"Organization","@id":"https:\/\/www.sonoraenequipo.com.mx\/#organization","name":"Sonoraenequipo.com.mx","url":"https:\/\/www.sonoraenequipo.com.mx\/","logo":{"@type":"ImageObject","inLanguage":"es","@id":"https:\/\/www.sonoraenequipo.com.mx\/#\/schema\/logo\/image\/","url":"https:\/\/www.sonoraenequipo.com.mx\/storage\/2019\/01\/sonoraenequipo_opt.png","contentUrl":"https:\/\/www.sonoraenequipo.com.mx\/storage\/2019\/01\/sonoraenequipo_opt.png","width":375,"height":125,"caption":"Sonoraenequipo.com.mx"},"image":{"@id":"https:\/\/www.sonoraenequipo.com.mx\/#\/schema\/logo\/image\/"},"sameAs":["https:\/\/www.facebook.com\/SonoraEE\/","https:\/\/x.com\/sonoraenequipo","https:\/\/www.youtube.com\/channel\/UC338nW-lPEYmJQs4ZABQ1SQ"]},{"@type":"Person","@id":"https:\/\/www.sonoraenequipo.com.mx\/#\/schema\/person\/50102df0fb23a8fa9e8effad8fa81386","name":"enequipo","image":{"@type":"ImageObject","inLanguage":"es","@id":"https:\/\/www.sonoraenequipo.com.mx\/#\/schema\/person\/image\/","url":"https:\/\/secure.gravatar.com\/avatar\/049821681b589dabc0bc20695993ccebb09f5b5d4d790cd9251b97faac7c652b?s=96&d=blank&r=g","contentUrl":"https:\/\/secure.gravatar.com\/avatar\/049821681b589dabc0bc20695993ccebb09f5b5d4d790cd9251b97faac7c652b?s=96&d=blank&r=g","caption":"enequipo"},"sameAs":["https:\/\/www.facebook.com\/SonoraEE"]}]}},"jetpack_featured_media_url":"https:\/\/www.sonoraenequipo.com.mx\/storage\/2025\/03\/beca-rita-zetina.jpg","_links":{"self":[{"href":"https:\/\/www.sonoraenequipo.com.mx\/api\/wp\/v2\/posts\/211176","targetHints":{"allow":["GET"]}}],"collection":[{"href":"https:\/\/www.sonoraenequipo.com.mx\/api\/wp\/v2\/posts"}],"about":[{"href":"https:\/\/www.sonoraenequipo.com.mx\/api\/wp\/v2\/types\/post"}],"author":[{"embeddable":true,"href":"https:\/\/www.sonoraenequipo.com.mx\/api\/wp\/v2\/users\/1"}],"replies":[{"embeddable":true,"href":"https:\/\/www.sonoraenequipo.com.mx\/api\/wp\/v2\/comments?post=211176"}],"version-history":[{"count":1,"href":"https:\/\/www.sonoraenequipo.com.mx\/api\/wp\/v2\/posts\/211176\/revisions"}],"predecessor-version":[{"id":211194,"href":"https:\/\/www.sonoraenequipo.com.mx\/api\/wp\/v2\/posts\/211176\/revisions\/211194"}],"wp:featuredmedia":[{"embeddable":true,"href":"https:\/\/www.sonoraenequipo.com.mx\/api\/wp\/v2\/media\/211193"}],"wp:attachment":[{"href":"https:\/\/www.sonoraenequipo.com.mx\/api\/wp\/v2\/media?parent=211176"}],"wp:term":[{"taxonomy":"category","embeddable":true,"href":"https:\/\/www.sonoraenequipo.com.mx\/api\/wp\/v2\/categories?post=211176"},{"taxonomy":"post_tag","embeddable":true,"href":"https:\/\/www.sonoraenequipo.com.mx\/api\/wp\/v2\/tags?post=211176"}],"curies":[{"name":"wp","href":"https:\/\/api.w.org\/{rel}","templated":true}]}}