{"id":211185,"date":"2025-03-10T17:43:10","date_gmt":"2025-03-11T00:43:10","guid":{"rendered":"https:\/\/www.sonoraenequipo.com.mx\/?p=211185"},"modified":"2025-03-10T17:43:24","modified_gmt":"2025-03-11T00:43:24","slug":"sempra-infraestructura-informa-sobre-inversiones-en-la-conferencia-de-prensa-matutina-de-la-presidenta-claudia-sheinbaum","status":"publish","type":"post","link":"https:\/\/www.sonoraenequipo.com.mx\/sempra-infraestructura-informa-sobre-inversiones-en-la-conferencia-de-prensa-matutina-de-la-presidenta-claudia-sheinbaum\/","title":{"rendered":"Sempra Infraestructura informa sobre inversiones en la conferencia de prensa matutina de la presidenta Claudia Sheinbaum\u202f"},"content":{"rendered":"<p><strong>HERMOSILLO, SONORA.MX.\u2014<\/strong>&nbsp; &nbsp;En la conferencia de prensa matutina de la presidenta Claudia Sheinbaum, Tania Ortiz Mena, presidenta de Sempra Infraestructura, l\u00edder en el desarrollo, construcci\u00f3n y operaci\u00f3n de infraestructura energ\u00e9tica en Am\u00e9rica del Norte, inform\u00f3 que la compa\u00f1\u00eda tiene en curso una inversi\u00f3n de 3,550 millones de d\u00f3lares en Baja California, que generar\u00e1n m\u00e1s de 18,000 empleos directos e indirectos.<\/p>\n<p>&nbsp;<\/p>\n<p>&nbsp;<\/p>\n<p>&nbsp;<\/p>\n<p> <\/p>\n<p>Esta inversi\u00f3n tiene como objetivo la finalizaci\u00f3n de dos proyectos que iniciar\u00e1n operaciones en la primera mitad de 2026: la planta de licuefacci\u00f3n de gas natural ECA LNG en Ensenada (3,000 millones de d\u00f3lares) y el parque e\u00f3lico Cimarr\u00f3n en Tecate (550 millones de d\u00f3lares).<\/p>\n<p>&nbsp;<\/p>\n<p>&nbsp;<\/p>\n<p>&nbsp;<\/p>\n<p>Tania Ortiz Mena tambi\u00e9n detall\u00f3 que Sempra Infraestructura es una compa\u00f1\u00eda\u202fbinacional, desarrollando, construyendo y operando infraestructura energ\u00e9tica en M\u00e9xico y Estados Unidos. La compa\u00f1\u00eda cuenta con proyectos en tres l\u00edneas de negocio: Soluciones Bajas en Carbono, Gas Natural Licuado e Infraestructura Energ\u00e9tica.<\/p>\n<p>&nbsp;<\/p>\n<p>&nbsp;<\/p>\n<p>&nbsp;<\/p>\n<p>En muchos de estos proyectos, adem\u00e1s, es socio, proveedor y cliente de las dos grandes empresas p\u00fablicas de M\u00e9xico: Comisi\u00f3n Federal de Electricidad (CFE) y Petr\u00f3leos Mexicanos (PEMEX). Con m\u00e1s de 28 a\u00f1os de historia en M\u00e9xico, Sempra Infraestructura ha invertido 13,600 millones de d\u00f3lares en infraestructura energ\u00e9tica, contribuyendo a la transici\u00f3n energ\u00e9tica, la seguridad energ\u00e9tica y la generaci\u00f3n de prosperidad compartida, aline\u00e1ndose con las necesidades y prioridades de infraestructura energ\u00e9tica del pa\u00eds y las pol\u00edticas p\u00fablicas gubernamentales.<\/p>\n<p>&nbsp;<\/p>\n<p>&nbsp;<\/p>\n<p>En el estado de Sonora, Sempra Infraestructura actualmente desarrolla el re-ruteo del gasoducto Sonora y cuenta con una red de gasoductos y estaciones de compresi\u00f3n de gas natural, as\u00ed como dos parques fotovoltaicos: Don Diego Solar y Pima Solar. Como resultado de su presencia en el estado y el desarrollo de infraestructura energ\u00e9tica, la compa\u00f1\u00eda ha fortalecido a Sonora como una entidad atractiva para la inversi\u00f3n y establecimiento de empresas al proveer un suministro energ\u00e9tico confiable.<\/p>\n<p>&nbsp;<\/p>\n<p>&nbsp;<\/p>\n<p>&nbsp;<\/p>\n<p>Todos estos proyectos est\u00e1n acompa\u00f1ados de inversiones sociales y ambientales, reafirmando el compromiso de la compa\u00f1\u00eda con la sustentabilidad y la responsabilidad social, con los que se han apoyado asociaciones de la sociedad civil organizada, el sector educativo y comunidades de los municipios donde operamos como; Agua Prieta, Benjam\u00edn Hill, Caborca, Cajeme, Empalme, Guaymas, Hermosillo, Naco, Navojoa, Pitiquito, Saric y comunidades yaqui y mayo del sur del estado.<\/p>\n<p>&nbsp;<\/p>\n<p>&nbsp;<\/p>\n<p>&nbsp;<\/p>\n<p>&nbsp;<\/p>\n<p>PUBLICADO EL 10 DE MARZO DE Con informaci\u00f3n de PROA\/Comunicaci\u00f3n y Asuntos P\u00fablicos\/Tarssis Dessavre Oliva &lt;tdo@proa.structura.com.mx&gt;)<\/p>\n<p>&nbsp;<\/p>\n","protected":false},"excerpt":{"rendered":"<p>HERMOSILLO, SONORA.MX.\u2014&nbsp; &nbsp;En la conferencia de prensa matutina de la presidenta Claudia Sheinbaum, Tania Ortiz&#8230;<\/p>\n","protected":false},"author":1,"featured_media":211186,"comment_status":"open","ping_status":"open","sticky":false,"template":"","format":"standard","meta":{"_monsterinsights_skip_tracking":false,"_monsterinsights_sitenote_active":false,"_monsterinsights_sitenote_note":"","_monsterinsights_sitenote_category":0,"footnotes":""},"categories":[5],"tags":[],"class_list":["post"],"yoast_head":" \n<title>Sonora en Equipo. Sempra Infraestructura informa sobre inversiones en la conferencia de prensa matutina de la presidenta Claudia Sheinbaum\u202f Rep\u00fablica<\/title>\n<meta name=\"description\" content=\"HERMOSILLO, SONORA.MX.\u2014&nbsp; &nbsp;En la conferencia de prensa matutina de la presidenta Claudia Sheinbaum, Tania Ortiz Mena, presidenta de Sempra En Sonora en Equipo publicamos toda la informaci\u00f3n de Sonora, M\u00e9xico y el Mundo de manera oportuna y busca que la libertad de expresi\u00f3n sea real. Visita nuestro medio informativo publicado desde Hermosillo, Sonora. %\" \/>\n<meta name=\"robots\" content=\"index, follow, max-snippet:-1, max-image-preview:large, max-video-preview:-1\" \/>\n<link rel=\"canonical\" href=\"https:\/\/www.sonoraenequipo.com.mx\/sempra-infraestructura-informa-sobre-inversiones-en-la-conferencia-de-prensa-matutina-de-la-presidenta-claudia-sheinbaum\/\" \/>\n<meta property=\"og:locale\" content=\"es_ES\" \/>\n<meta property=\"og:type\" content=\"article\" \/>\n<meta property=\"og:title\" content=\"Sonora en Equipo. Sempra Infraestructura informa sobre inversiones en la conferencia de prensa matutina de la presidenta Claudia Sheinbaum\u202f Rep\u00fablica\" \/>\n<meta property=\"og:description\" content=\"HERMOSILLO, SONORA.MX.\u2014&nbsp; &nbsp;En la conferencia de prensa matutina de la presidenta Claudia Sheinbaum, Tania Ortiz Mena, presidenta de Sempra En Sonora en Equipo publicamos toda la informaci\u00f3n de Sonora, M\u00e9xico y el Mundo de manera oportuna y busca que la libertad de expresi\u00f3n sea real. Visita nuestro medio informativo publicado desde Hermosillo, Sonora. %\" \/>\n<meta property=\"og:url\" content=\"https:\/\/www.sonoraenequipo.com.mx\/sempra-infraestructura-informa-sobre-inversiones-en-la-conferencia-de-prensa-matutina-de-la-presidenta-claudia-sheinbaum\/\" \/>\n<meta property=\"og:site_name\" content=\"Sonora en Equipo.\" \/>\n<meta property=\"article:publisher\" content=\"https:\/\/www.facebook.com\/SonoraEE\/\" \/>\n<meta property=\"article:author\" content=\"https:\/\/www.facebook.com\/SonoraEE\" \/>\n<meta property=\"article:published_time\" content=\"2025-03-11T00:43:10+00:00\" \/>\n<meta property=\"article:modified_time\" content=\"2025-03-11T00:43:24+00:00\" \/>\n<meta property=\"og:image\" content=\"https:\/\/www.sonoraenequipo.com.mx\/storage\/2025\/03\/Tania-Ortiz-Mena_-Sempra-Infraestructura-2-min-1.jpg\" \/>\n\t<meta property=\"og:image:width\" content=\"1208\" \/>\n\t<meta property=\"og:image:height\" content=\"555\" \/>\n\t<meta property=\"og:image:type\" content=\"image\/jpeg\" \/>\n<meta name=\"author\" content=\"enequipo\" \/>\n<meta name=\"twitter:card\" content=\"summary_large_image\" \/>\n<meta name=\"twitter:creator\" content=\"@sonoraenequipo\" \/>\n<meta name=\"twitter:site\" content=\"@sonoraenequipo\" \/>\n<meta name=\"twitter:label1\" content=\"Escrito por\" \/>\n\t<meta name=\"twitter:data1\" content=\"enequipo\" \/>\n\t<meta name=\"twitter:label2\" content=\"Tiempo de lectura\" \/>\n\t<meta name=\"twitter:data2\" content=\"2 minutos\" \/>\n<script type=\"application\/ld+json\" class=\"yoast-schema-graph\">{\"@context\":\"https:\/\/schema.org\",\"@graph\":[{\"@type\":\"Article\",\"@id\":\"https:\/\/www.sonoraenequipo.com.mx\/sempra-infraestructura-informa-sobre-inversiones-en-la-conferencia-de-prensa-matutina-de-la-presidenta-claudia-sheinbaum\/#article\",\"isPartOf\":{\"@id\":\"https:\/\/www.sonoraenequipo.com.mx\/sempra-infraestructura-informa-sobre-inversiones-en-la-conferencia-de-prensa-matutina-de-la-presidenta-claudia-sheinbaum\/\"},\"author\":{\"name\":\"enequipo\",\"@id\":\"https:\/\/www.sonoraenequipo.com.mx\/#\/schema\/person\/50102df0fb23a8fa9e8effad8fa81386\"},\"headline\":\"Sempra Infraestructura informa sobre inversiones en la conferencia de prensa matutina de la presidenta Claudia Sheinbaum\u202f\",\"datePublished\":\"2025-03-11T00:43:10+00:00\",\"dateModified\":\"2025-03-11T00:43:24+00:00\",\"mainEntityOfPage\":{\"@id\":\"https:\/\/www.sonoraenequipo.com.mx\/sempra-infraestructura-informa-sobre-inversiones-en-la-conferencia-de-prensa-matutina-de-la-presidenta-claudia-sheinbaum\/\"},\"wordCount\":480,\"commentCount\":0,\"publisher\":{\"@id\":\"https:\/\/www.sonoraenequipo.com.mx\/#organization\"},\"image\":{\"@id\":\"https:\/\/www.sonoraenequipo.com.mx\/sempra-infraestructura-informa-sobre-inversiones-en-la-conferencia-de-prensa-matutina-de-la-presidenta-claudia-sheinbaum\/#primaryimage\"},\"thumbnailUrl\":\"https:\/\/www.sonoraenequipo.com.mx\/storage\/2025\/03\/Tania-Ortiz-Mena_-Sempra-Infraestructura-2-min-1.jpg\",\"articleSection\":[\"Rep\u00fablica\"],\"inLanguage\":\"es\",\"potentialAction\":[{\"@type\":\"CommentAction\",\"name\":\"Comment\",\"target\":[\"https:\/\/www.sonoraenequipo.com.mx\/sempra-infraestructura-informa-sobre-inversiones-en-la-conferencia-de-prensa-matutina-de-la-presidenta-claudia-sheinbaum\/#respond\"]}]},{\"@type\":\"WebPage\",\"@id\":\"https:\/\/www.sonoraenequipo.com.mx\/sempra-infraestructura-informa-sobre-inversiones-en-la-conferencia-de-prensa-matutina-de-la-presidenta-claudia-sheinbaum\/\",\"url\":\"https:\/\/www.sonoraenequipo.com.mx\/sempra-infraestructura-informa-sobre-inversiones-en-la-conferencia-de-prensa-matutina-de-la-presidenta-claudia-sheinbaum\/\",\"name\":\"Sonora en Equipo. Sempra Infraestructura informa sobre inversiones en la conferencia de prensa matutina de la presidenta Claudia Sheinbaum\u202f Rep\u00fablica\",\"isPartOf\":{\"@id\":\"https:\/\/www.sonoraenequipo.com.mx\/#website\"},\"primaryImageOfPage\":{\"@id\":\"https:\/\/www.sonoraenequipo.com.mx\/sempra-infraestructura-informa-sobre-inversiones-en-la-conferencia-de-prensa-matutina-de-la-presidenta-claudia-sheinbaum\/#primaryimage\"},\"image\":{\"@id\":\"https:\/\/www.sonoraenequipo.com.mx\/sempra-infraestructura-informa-sobre-inversiones-en-la-conferencia-de-prensa-matutina-de-la-presidenta-claudia-sheinbaum\/#primaryimage\"},\"thumbnailUrl\":\"https:\/\/www.sonoraenequipo.com.mx\/storage\/2025\/03\/Tania-Ortiz-Mena_-Sempra-Infraestructura-2-min-1.jpg\",\"datePublished\":\"2025-03-11T00:43:10+00:00\",\"dateModified\":\"2025-03-11T00:43:24+00:00\",\"description\":\"HERMOSILLO, SONORA.MX.\u2014&nbsp; &nbsp;En la conferencia de prensa matutina de la presidenta Claudia Sheinbaum, Tania Ortiz Mena, presidenta de Sempra En Sonora en Equipo publicamos toda la informaci\u00f3n de Sonora, M\u00e9xico y el Mundo de manera oportuna y busca que la libertad de expresi\u00f3n sea real. Visita nuestro medio informativo publicado desde Hermosillo, Sonora. %\",\"breadcrumb\":{\"@id\":\"https:\/\/www.sonoraenequipo.com.mx\/sempra-infraestructura-informa-sobre-inversiones-en-la-conferencia-de-prensa-matutina-de-la-presidenta-claudia-sheinbaum\/#breadcrumb\"},\"inLanguage\":\"es\",\"potentialAction\":[{\"@type\":\"ReadAction\",\"target\":[\"https:\/\/www.sonoraenequipo.com.mx\/sempra-infraestructura-informa-sobre-inversiones-en-la-conferencia-de-prensa-matutina-de-la-presidenta-claudia-sheinbaum\/\"]}]},{\"@type\":\"ImageObject\",\"inLanguage\":\"es\",\"@id\":\"https:\/\/www.sonoraenequipo.com.mx\/sempra-infraestructura-informa-sobre-inversiones-en-la-conferencia-de-prensa-matutina-de-la-presidenta-claudia-sheinbaum\/#primaryimage\",\"url\":\"https:\/\/www.sonoraenequipo.com.mx\/storage\/2025\/03\/Tania-Ortiz-Mena_-Sempra-Infraestructura-2-min-1.jpg\",\"contentUrl\":\"https:\/\/www.sonoraenequipo.com.mx\/storage\/2025\/03\/Tania-Ortiz-Mena_-Sempra-Infraestructura-2-min-1.jpg\",\"width\":1208,\"height\":555},{\"@type\":\"BreadcrumbList\",\"@id\":\"https:\/\/www.sonoraenequipo.com.mx\/sempra-infraestructura-informa-sobre-inversiones-en-la-conferencia-de-prensa-matutina-de-la-presidenta-claudia-sheinbaum\/#breadcrumb\",\"itemListElement\":[{\"@type\":\"ListItem\",\"position\":1,\"name\":\"Portada\",\"item\":\"https:\/\/www.sonoraenequipo.com.mx\/\"},{\"@type\":\"ListItem\",\"position\":2,\"name\":\"Sempra Infraestructura informa sobre inversiones en la conferencia de prensa matutina de la presidenta Claudia Sheinbaum\u202f\"}]},{\"@type\":\"WebSite\",\"@id\":\"https:\/\/www.sonoraenequipo.com.mx\/#website\",\"url\":\"https:\/\/www.sonoraenequipo.com.mx\/\",\"name\":\"Sonora en Equipo.\",\"description\":\"Diario en l\u00ednea con Noticias desde Hermosillo, Sonora\",\"publisher\":{\"@id\":\"https:\/\/www.sonoraenequipo.com.mx\/#organization\"},\"potentialAction\":[{\"@type\":\"SearchAction\",\"target\":{\"@type\":\"EntryPoint\",\"urlTemplate\":\"https:\/\/www.sonoraenequipo.com.mx\/?s={search_term_string}\"},\"query-input\":{\"@type\":\"PropertyValueSpecification\",\"valueRequired\":true,\"valueName\":\"search_term_string\"}}],\"inLanguage\":\"es\"},{\"@type\":\"Organization\",\"@id\":\"https:\/\/www.sonoraenequipo.com.mx\/#organization\",\"name\":\"Sonoraenequipo.com.mx\",\"url\":\"https:\/\/www.sonoraenequipo.com.mx\/\",\"logo\":{\"@type\":\"ImageObject\",\"inLanguage\":\"es\",\"@id\":\"https:\/\/www.sonoraenequipo.com.mx\/#\/schema\/logo\/image\/\",\"url\":\"https:\/\/www.sonoraenequipo.com.mx\/storage\/2019\/01\/sonoraenequipo_opt.png\",\"contentUrl\":\"https:\/\/www.sonoraenequipo.com.mx\/storage\/2019\/01\/sonoraenequipo_opt.png\",\"width\":375,\"height\":125,\"caption\":\"Sonoraenequipo.com.mx\"},\"image\":{\"@id\":\"https:\/\/www.sonoraenequipo.com.mx\/#\/schema\/logo\/image\/\"},\"sameAs\":[\"https:\/\/www.facebook.com\/SonoraEE\/\",\"https:\/\/x.com\/sonoraenequipo\",\"https:\/\/www.youtube.com\/channel\/UC338nW-lPEYmJQs4ZABQ1SQ\"]},{\"@type\":\"Person\",\"@id\":\"https:\/\/www.sonoraenequipo.com.mx\/#\/schema\/person\/50102df0fb23a8fa9e8effad8fa81386\",\"name\":\"enequipo\",\"image\":{\"@type\":\"ImageObject\",\"inLanguage\":\"es\",\"@id\":\"https:\/\/www.sonoraenequipo.com.mx\/#\/schema\/person\/image\/\",\"url\":\"https:\/\/secure.gravatar.com\/avatar\/049821681b589dabc0bc20695993ccebb09f5b5d4d790cd9251b97faac7c652b?s=96&d=blank&r=g\",\"contentUrl\":\"https:\/\/secure.gravatar.com\/avatar\/049821681b589dabc0bc20695993ccebb09f5b5d4d790cd9251b97faac7c652b?s=96&d=blank&r=g\",\"caption\":\"enequipo\"},\"sameAs\":[\"https:\/\/www.facebook.com\/SonoraEE\"]}]}<\/script>\n ","yoast_head_json":{"title":"Sonora en Equipo. Sempra Infraestructura informa sobre inversiones en la conferencia de prensa matutina de la presidenta Claudia Sheinbaum\u202f Rep\u00fablica","description":"HERMOSILLO, SONORA.MX.\u2014&nbsp; &nbsp;En la conferencia de prensa matutina de la presidenta Claudia Sheinbaum, Tania Ortiz Mena, presidenta de Sempra En Sonora en Equipo publicamos toda la informaci\u00f3n de Sonora, M\u00e9xico y el Mundo de manera oportuna y busca que la libertad de expresi\u00f3n sea real. Visita nuestro medio informativo publicado desde Hermosillo, Sonora. %","robots":{"index":"index","follow":"follow","max-snippet":"max-snippet:-1","max-image-preview":"max-image-preview:large","max-video-preview":"max-video-preview:-1"},"canonical":"https:\/\/www.sonoraenequipo.com.mx\/sempra-infraestructura-informa-sobre-inversiones-en-la-conferencia-de-prensa-matutina-de-la-presidenta-claudia-sheinbaum\/","og_locale":"es_ES","og_type":"article","og_title":"Sonora en Equipo. Sempra Infraestructura informa sobre inversiones en la conferencia de prensa matutina de la presidenta Claudia Sheinbaum\u202f Rep\u00fablica","og_description":"HERMOSILLO, SONORA.MX.\u2014&nbsp; &nbsp;En la conferencia de prensa matutina de la presidenta Claudia Sheinbaum, Tania Ortiz Mena, presidenta de Sempra En Sonora en Equipo publicamos toda la informaci\u00f3n de Sonora, M\u00e9xico y el Mundo de manera oportuna y busca que la libertad de expresi\u00f3n sea real. Visita nuestro medio informativo publicado desde Hermosillo, Sonora. %","og_url":"https:\/\/www.sonoraenequipo.com.mx\/sempra-infraestructura-informa-sobre-inversiones-en-la-conferencia-de-prensa-matutina-de-la-presidenta-claudia-sheinbaum\/","og_site_name":"Sonora en Equipo.","article_publisher":"https:\/\/www.facebook.com\/SonoraEE\/","article_author":"https:\/\/www.facebook.com\/SonoraEE","article_published_time":"2025-03-11T00:43:10+00:00","article_modified_time":"2025-03-11T00:43:24+00:00","og_image":[{"width":1208,"height":555,"url":"https:\/\/www.sonoraenequipo.com.mx\/storage\/2025\/03\/Tania-Ortiz-Mena_-Sempra-Infraestructura-2-min-1.jpg","type":"image\/jpeg"}],"author":"enequipo","twitter_card":"summary_large_image","twitter_creator":"@sonoraenequipo","twitter_site":"@sonoraenequipo","twitter_misc":{"Escrito por":"enequipo","Tiempo de lectura":"2 minutos"},"schema":{"@context":"https:\/\/schema.org","@graph":[{"@type":"Article","@id":"https:\/\/www.sonoraenequipo.com.mx\/sempra-infraestructura-informa-sobre-inversiones-en-la-conferencia-de-prensa-matutina-de-la-presidenta-claudia-sheinbaum\/#article","isPartOf":{"@id":"https:\/\/www.sonoraenequipo.com.mx\/sempra-infraestructura-informa-sobre-inversiones-en-la-conferencia-de-prensa-matutina-de-la-presidenta-claudia-sheinbaum\/"},"author":{"name":"enequipo","@id":"https:\/\/www.sonoraenequipo.com.mx\/#\/schema\/person\/50102df0fb23a8fa9e8effad8fa81386"},"headline":"Sempra Infraestructura informa sobre inversiones en la conferencia de prensa matutina de la presidenta Claudia Sheinbaum\u202f","datePublished":"2025-03-11T00:43:10+00:00","dateModified":"2025-03-11T00:43:24+00:00","mainEntityOfPage":{"@id":"https:\/\/www.sonoraenequipo.com.mx\/sempra-infraestructura-informa-sobre-inversiones-en-la-conferencia-de-prensa-matutina-de-la-presidenta-claudia-sheinbaum\/"},"wordCount":480,"commentCount":0,"publisher":{"@id":"https:\/\/www.sonoraenequipo.com.mx\/#organization"},"image":{"@id":"https:\/\/www.sonoraenequipo.com.mx\/sempra-infraestructura-informa-sobre-inversiones-en-la-conferencia-de-prensa-matutina-de-la-presidenta-claudia-sheinbaum\/#primaryimage"},"thumbnailUrl":"https:\/\/www.sonoraenequipo.com.mx\/storage\/2025\/03\/Tania-Ortiz-Mena_-Sempra-Infraestructura-2-min-1.jpg","articleSection":["Rep\u00fablica"],"inLanguage":"es","potentialAction":[{"@type":"CommentAction","name":"Comment","target":["https:\/\/www.sonoraenequipo.com.mx\/sempra-infraestructura-informa-sobre-inversiones-en-la-conferencia-de-prensa-matutina-de-la-presidenta-claudia-sheinbaum\/#respond"]}]},{"@type":"WebPage","@id":"https:\/\/www.sonoraenequipo.com.mx\/sempra-infraestructura-informa-sobre-inversiones-en-la-conferencia-de-prensa-matutina-de-la-presidenta-claudia-sheinbaum\/","url":"https:\/\/www.sonoraenequipo.com.mx\/sempra-infraestructura-informa-sobre-inversiones-en-la-conferencia-de-prensa-matutina-de-la-presidenta-claudia-sheinbaum\/","name":"Sonora en Equipo. Sempra Infraestructura informa sobre inversiones en la conferencia de prensa matutina de la presidenta Claudia Sheinbaum\u202f Rep\u00fablica","isPartOf":{"@id":"https:\/\/www.sonoraenequipo.com.mx\/#website"},"primaryImageOfPage":{"@id":"https:\/\/www.sonoraenequipo.com.mx\/sempra-infraestructura-informa-sobre-inversiones-en-la-conferencia-de-prensa-matutina-de-la-presidenta-claudia-sheinbaum\/#primaryimage"},"image":{"@id":"https:\/\/www.sonoraenequipo.com.mx\/sempra-infraestructura-informa-sobre-inversiones-en-la-conferencia-de-prensa-matutina-de-la-presidenta-claudia-sheinbaum\/#primaryimage"},"thumbnailUrl":"https:\/\/www.sonoraenequipo.com.mx\/storage\/2025\/03\/Tania-Ortiz-Mena_-Sempra-Infraestructura-2-min-1.jpg","datePublished":"2025-03-11T00:43:10+00:00","dateModified":"2025-03-11T00:43:24+00:00","description":"HERMOSILLO, SONORA.MX.\u2014&nbsp; &nbsp;En la conferencia de prensa matutina de la presidenta Claudia Sheinbaum, Tania Ortiz Mena, presidenta de Sempra En Sonora en Equipo publicamos toda la informaci\u00f3n de Sonora, M\u00e9xico y el Mundo de manera oportuna y busca que la libertad de expresi\u00f3n sea real. Visita nuestro medio informativo publicado desde Hermosillo, Sonora. %","breadcrumb":{"@id":"https:\/\/www.sonoraenequipo.com.mx\/sempra-infraestructura-informa-sobre-inversiones-en-la-conferencia-de-prensa-matutina-de-la-presidenta-claudia-sheinbaum\/#breadcrumb"},"inLanguage":"es","potentialAction":[{"@type":"ReadAction","target":["https:\/\/www.sonoraenequipo.com.mx\/sempra-infraestructura-informa-sobre-inversiones-en-la-conferencia-de-prensa-matutina-de-la-presidenta-claudia-sheinbaum\/"]}]},{"@type":"ImageObject","inLanguage":"es","@id":"https:\/\/www.sonoraenequipo.com.mx\/sempra-infraestructura-informa-sobre-inversiones-en-la-conferencia-de-prensa-matutina-de-la-presidenta-claudia-sheinbaum\/#primaryimage","url":"https:\/\/www.sonoraenequipo.com.mx\/storage\/2025\/03\/Tania-Ortiz-Mena_-Sempra-Infraestructura-2-min-1.jpg","contentUrl":"https:\/\/www.sonoraenequipo.com.mx\/storage\/2025\/03\/Tania-Ortiz-Mena_-Sempra-Infraestructura-2-min-1.jpg","width":1208,"height":555},{"@type":"BreadcrumbList","@id":"https:\/\/www.sonoraenequipo.com.mx\/sempra-infraestructura-informa-sobre-inversiones-en-la-conferencia-de-prensa-matutina-de-la-presidenta-claudia-sheinbaum\/#breadcrumb","itemListElement":[{"@type":"ListItem","position":1,"name":"Portada","item":"https:\/\/www.sonoraenequipo.com.mx\/"},{"@type":"ListItem","position":2,"name":"Sempra Infraestructura informa sobre inversiones en la conferencia de prensa matutina de la presidenta Claudia Sheinbaum\u202f"}]},{"@type":"WebSite","@id":"https:\/\/www.sonoraenequipo.com.mx\/#website","url":"https:\/\/www.sonoraenequipo.com.mx\/","name":"Sonora en Equipo.","description":"Diario en l\u00ednea con Noticias desde Hermosillo, Sonora","publisher":{"@id":"https:\/\/www.sonoraenequipo.com.mx\/#organization"},"potentialAction":[{"@type":"SearchAction","target":{"@type":"EntryPoint","urlTemplate":"https:\/\/www.sonoraenequipo.com.mx\/?s={search_term_string}"},"query-input":{"@type":"PropertyValueSpecification","valueRequired":true,"valueName":"search_term_string"}}],"inLanguage":"es"},{"@type":"Organization","@id":"https:\/\/www.sonoraenequipo.com.mx\/#organization","name":"Sonoraenequipo.com.mx","url":"https:\/\/www.sonoraenequipo.com.mx\/","logo":{"@type":"ImageObject","inLanguage":"es","@id":"https:\/\/www.sonoraenequipo.com.mx\/#\/schema\/logo\/image\/","url":"https:\/\/www.sonoraenequipo.com.mx\/storage\/2019\/01\/sonoraenequipo_opt.png","contentUrl":"https:\/\/www.sonoraenequipo.com.mx\/storage\/2019\/01\/sonoraenequipo_opt.png","width":375,"height":125,"caption":"Sonoraenequipo.com.mx"},"image":{"@id":"https:\/\/www.sonoraenequipo.com.mx\/#\/schema\/logo\/image\/"},"sameAs":["https:\/\/www.facebook.com\/SonoraEE\/","https:\/\/x.com\/sonoraenequipo","https:\/\/www.youtube.com\/channel\/UC338nW-lPEYmJQs4ZABQ1SQ"]},{"@type":"Person","@id":"https:\/\/www.sonoraenequipo.com.mx\/#\/schema\/person\/50102df0fb23a8fa9e8effad8fa81386","name":"enequipo","image":{"@type":"ImageObject","inLanguage":"es","@id":"https:\/\/www.sonoraenequipo.com.mx\/#\/schema\/person\/image\/","url":"https:\/\/secure.gravatar.com\/avatar\/049821681b589dabc0bc20695993ccebb09f5b5d4d790cd9251b97faac7c652b?s=96&d=blank&r=g","contentUrl":"https:\/\/secure.gravatar.com\/avatar\/049821681b589dabc0bc20695993ccebb09f5b5d4d790cd9251b97faac7c652b?s=96&d=blank&r=g","caption":"enequipo"},"sameAs":["https:\/\/www.facebook.com\/SonoraEE"]}]}},"jetpack_featured_media_url":"https:\/\/www.sonoraenequipo.com.mx\/storage\/2025\/03\/Tania-Ortiz-Mena_-Sempra-Infraestructura-2-min-1.jpg","_links":{"self":[{"href":"https:\/\/www.sonoraenequipo.com.mx\/api\/wp\/v2\/posts\/211185","targetHints":{"allow":["GET"]}}],"collection":[{"href":"https:\/\/www.sonoraenequipo.com.mx\/api\/wp\/v2\/posts"}],"about":[{"href":"https:\/\/www.sonoraenequipo.com.mx\/api\/wp\/v2\/types\/post"}],"author":[{"embeddable":true,"href":"https:\/\/www.sonoraenequipo.com.mx\/api\/wp\/v2\/users\/1"}],"replies":[{"embeddable":true,"href":"https:\/\/www.sonoraenequipo.com.mx\/api\/wp\/v2\/comments?post=211185"}],"version-history":[{"count":2,"href":"https:\/\/www.sonoraenequipo.com.mx\/api\/wp\/v2\/posts\/211185\/revisions"}],"predecessor-version":[{"id":211191,"href":"https:\/\/www.sonoraenequipo.com.mx\/api\/wp\/v2\/posts\/211185\/revisions\/211191"}],"wp:featuredmedia":[{"embeddable":true,"href":"https:\/\/www.sonoraenequipo.com.mx\/api\/wp\/v2\/media\/211186"}],"wp:attachment":[{"href":"https:\/\/www.sonoraenequipo.com.mx\/api\/wp\/v2\/media?parent=211185"}],"wp:term":[{"taxonomy":"category","embeddable":true,"href":"https:\/\/www.sonoraenequipo.com.mx\/api\/wp\/v2\/categories?post=211185"},{"taxonomy":"post_tag","embeddable":true,"href":"https:\/\/www.sonoraenequipo.com.mx\/api\/wp\/v2\/tags?post=211185"}],"curies":[{"name":"wp","href":"https:\/\/api.w.org\/{rel}","templated":true}]}}