{"id":211203,"date":"2025-03-10T21:23:27","date_gmt":"2025-03-11T04:23:27","guid":{"rendered":"https:\/\/www.sonoraenequipo.com.mx\/?p=211203"},"modified":"2025-03-11T09:41:19","modified_gmt":"2025-03-11T16:41:19","slug":"sonora-impulsa-talento-juvenil-con-el-programa-jovenes-impulsando-la-industria","status":"publish","type":"post","link":"https:\/\/www.sonoraenequipo.com.mx\/sonora-impulsa-talento-juvenil-con-el-programa-jovenes-impulsando-la-industria\/","title":{"rendered":"Sonora impulsa talento juvenil con el programa J\u00f3venes Impulsando la Industria"},"content":{"rendered":"<p><strong>CAJEME, SONORA. MX. \u2014&nbsp;<\/strong> Como parte de la visi\u00f3n del gobernador Alfonso Durazo de abrir espacios para la juventud y fortalecer el talento local dentro del Plan Sonora de Energ\u00edas Sostenibles, el Gobierno de Sonora, a trav\u00e9s de la Secretar\u00eda de Econom\u00eda y Turismo y el Consejo Estatal de Ciencia y Tecnolog\u00eda (COECYT), en coordinaci\u00f3n con la Secretar\u00eda de Educaci\u00f3n y Cultura y el Ayuntamiento de Cajeme, lanz\u00f3 el programa J\u00f3venes Impulsando la Industria.<\/p>\n<p>&nbsp;<\/p>\n<p>&nbsp;<\/p>\n<p> <\/p>\n<p>Esta iniciativa tiene como objetivo fomentar la vinculaci\u00f3n entre la academia y el sector productivo, permitiendo que j\u00f3venes universitarios desarrollen proyectos innovadores que brinden soluciones a desaf\u00edos reales de la industria.<\/p>\n<p>&nbsp;<\/p>\n<p>&nbsp;<\/p>\n<p>Durante el evento de lanzamiento, encabezado por el secretario de Econom\u00eda y Turismo, Roberto Gradillas Pineda; el secretario de Educaci\u00f3n, Froyl\u00e1n G\u00e1mez Gamboa, y el presidente municipal de Cajeme, Javier Lamarque Cano, se destac\u00f3 la importancia de impulsar el talento joven en sectores estrat\u00e9gicos para el desarrollo del estado.<\/p>\n<p>&nbsp;<\/p>\n<p>&nbsp;<\/p>\n<p><em><strong>\u201cEste programa es una oportunidad clave para que nuestros j\u00f3venes apliquen sus conocimientos en un entorno real, fortaleciendo su formaci\u00f3n y aportando soluciones innovadoras a la industria\u201d,<\/strong><\/em> expres\u00f3 Gradillas Pineda.<\/p>\n<p>&nbsp;<\/p>\n<p>&nbsp;<\/p>\n<p>&nbsp;<\/p>\n<p>Por su parte, G\u00e1mez Gamboa resalt\u00f3 que la educaci\u00f3n es un pilar fundamental para el crecimiento de Sonora y que este tipo de iniciativas generan un impacto positivo en la formaci\u00f3n de los estudiantes.<\/p>\n<p>&nbsp;<\/p>\n<p>&nbsp;<\/p>\n<p>&nbsp;<\/p>\n<p>El alcalde Javier Lamarque Cano enfatiz\u00f3 que J\u00f3venes Impulsando la Industria representa un esfuerzo conjunto entre gobierno, academia e industria para el desarrollo de Cajeme y de todo el estado.<\/p>\n<p>&nbsp;<\/p>\n<p>&nbsp;<\/p>\n<p><img loading=\"lazy\" decoding=\"async\" class=\"x-none size-full \" src=\"https:\/\/www.sonoraenequipo.com.mx\/storage\/2025\/03\/Sonora-impulsa-talento-juvenil-min.jpg\" alt=\"\" width=\"1000\" height=\"548\"><\/p>\n<p>Durante el evento, en el que participaron representantes del sector empresarial, gubernamental y acad\u00e9mico, se hizo un llamado a estudiantes de universidades p\u00fablicas y privadas de Cajeme para postularse y contribuir con propuestas que atiendan retos planteados por empresas l\u00edderes en sus sectores: Kyungshin Obreg\u00f3n (automotriz), Radiall Obreg\u00f3n (aeroespacial) y Media A\u00e9rea Drone Solutions del Noroeste (tecnolog\u00edas de la informaci\u00f3n).<\/p>\n<p>&nbsp;<\/p>\n<p>&nbsp;<\/p>\n<p>&nbsp;<\/p>\n<p>Los participantes recibir\u00e1n capacitaci\u00f3n en metodolog\u00eda de administraci\u00f3n de proyectos y, conforme avancen en las distintas fases, trabajar\u00e1n directamente con las empresas para desarrollar soluciones viables. Al finalizar el programa en junio, se otorgar\u00e1 un premio de $50,000 pesos a los proyectos ganadores, as\u00ed como reconocimientos para los j\u00f3venes y sus maestros tutores.<\/p>\n<p>&nbsp;<\/p>\n<p>&nbsp;<\/p>\n<p>&nbsp;<\/p>\n<p>El Gobierno de Sonora reafirma su compromiso con la formaci\u00f3n de talento y el fortalecimiento del sector productivo, brindando a los estudiantes herramientas que les permitan innovar y aportar al desarrollo tecnol\u00f3gico de Sonora. Este tipo de iniciativas impulsan la generaci\u00f3n de nuevos productos, procesos y servicios, facilitando la transferencia de conocimientos y consolidando el estado como un referente en la industria.<\/p>\n<p>&nbsp;<\/p>\n<p>&nbsp;<\/p>\n<p>PUBLICADO EL 10 DE MARZO DE Con informaci\u00f3n de GOBSON 0925\/069)<\/p>\n","protected":false},"excerpt":{"rendered":"<p>CAJEME, SONORA. MX. \u2014&nbsp; Como parte de la visi\u00f3n del gobernador Alfonso Durazo de abrir&#8230;<\/p>\n","protected":false},"author":1,"featured_media":211205,"comment_status":"open","ping_status":"open","sticky":false,"template":"","format":"standard","meta":{"_monsterinsights_skip_tracking":false,"_monsterinsights_sitenote_active":false,"_monsterinsights_sitenote_note":"","_monsterinsights_sitenote_category":0,"footnotes":""},"categories":[22],"tags":[],"class_list":["post"],"yoast_head":" \n<title>Sonora en Equipo. Sonora impulsa talento juvenil con el programa J\u00f3venes Impulsando la Industria Sonora<\/title>\n<meta name=\"description\" content=\"CAJEME, SONORA. MX. \u2014&nbsp; Como parte de la visi\u00f3n del gobernador Alfonso Durazo de abrir espacios para la juventud y fortalecer el talento local dentro En Sonora en Equipo publicamos toda la informaci\u00f3n de Sonora, M\u00e9xico y el Mundo de manera oportuna y busca que la libertad de expresi\u00f3n sea real. Visita nuestro medio informativo publicado desde Hermosillo, Sonora. %\" \/>\n<meta name=\"robots\" content=\"index, follow, max-snippet:-1, max-image-preview:large, max-video-preview:-1\" \/>\n<link rel=\"canonical\" href=\"https:\/\/www.sonoraenequipo.com.mx\/sonora-impulsa-talento-juvenil-con-el-programa-jovenes-impulsando-la-industria\/\" \/>\n<meta property=\"og:locale\" content=\"es_ES\" \/>\n<meta property=\"og:type\" content=\"article\" \/>\n<meta property=\"og:title\" content=\"Sonora en Equipo. Sonora impulsa talento juvenil con el programa J\u00f3venes Impulsando la Industria Sonora\" \/>\n<meta property=\"og:description\" content=\"CAJEME, SONORA. MX. \u2014&nbsp; Como parte de la visi\u00f3n del gobernador Alfonso Durazo de abrir espacios para la juventud y fortalecer el talento local dentro En Sonora en Equipo publicamos toda la informaci\u00f3n de Sonora, M\u00e9xico y el Mundo de manera oportuna y busca que la libertad de expresi\u00f3n sea real. Visita nuestro medio informativo publicado desde Hermosillo, Sonora. %\" \/>\n<meta property=\"og:url\" content=\"https:\/\/www.sonoraenequipo.com.mx\/sonora-impulsa-talento-juvenil-con-el-programa-jovenes-impulsando-la-industria\/\" \/>\n<meta property=\"og:site_name\" content=\"Sonora en Equipo.\" \/>\n<meta property=\"article:publisher\" content=\"https:\/\/www.facebook.com\/SonoraEE\/\" \/>\n<meta property=\"article:author\" content=\"https:\/\/www.facebook.com\/SonoraEE\" \/>\n<meta property=\"article:published_time\" content=\"2025-03-11T04:23:27+00:00\" \/>\n<meta property=\"article:modified_time\" content=\"2025-03-11T16:41:19+00:00\" \/>\n<meta property=\"og:image\" content=\"https:\/\/www.sonoraenequipo.com.mx\/storage\/2025\/03\/Gobierno-de-Sonora-impulsa-talento-juvenil-min.jpg\" \/>\n\t<meta property=\"og:image:width\" content=\"1156\" \/>\n\t<meta property=\"og:image:height\" content=\"673\" \/>\n\t<meta property=\"og:image:type\" content=\"image\/jpeg\" \/>\n<meta name=\"author\" content=\"enequipo\" \/>\n<meta name=\"twitter:card\" content=\"summary_large_image\" \/>\n<meta name=\"twitter:creator\" content=\"@sonoraenequipo\" \/>\n<meta name=\"twitter:site\" content=\"@sonoraenequipo\" \/>\n<meta name=\"twitter:label1\" content=\"Escrito por\" \/>\n\t<meta name=\"twitter:data1\" content=\"enequipo\" \/>\n\t<meta name=\"twitter:label2\" content=\"Tiempo de lectura\" \/>\n\t<meta name=\"twitter:data2\" content=\"2 minutos\" \/>\n<script type=\"application\/ld+json\" class=\"yoast-schema-graph\">{\"@context\":\"https:\/\/schema.org\",\"@graph\":[{\"@type\":\"Article\",\"@id\":\"https:\/\/www.sonoraenequipo.com.mx\/sonora-impulsa-talento-juvenil-con-el-programa-jovenes-impulsando-la-industria\/#article\",\"isPartOf\":{\"@id\":\"https:\/\/www.sonoraenequipo.com.mx\/sonora-impulsa-talento-juvenil-con-el-programa-jovenes-impulsando-la-industria\/\"},\"author\":{\"name\":\"enequipo\",\"@id\":\"https:\/\/www.sonoraenequipo.com.mx\/#\/schema\/person\/50102df0fb23a8fa9e8effad8fa81386\"},\"headline\":\"Sonora impulsa talento juvenil con el programa J\u00f3venes Impulsando la Industria\",\"datePublished\":\"2025-03-11T04:23:27+00:00\",\"dateModified\":\"2025-03-11T16:41:19+00:00\",\"mainEntityOfPage\":{\"@id\":\"https:\/\/www.sonoraenequipo.com.mx\/sonora-impulsa-talento-juvenil-con-el-programa-jovenes-impulsando-la-industria\/\"},\"wordCount\":507,\"commentCount\":0,\"publisher\":{\"@id\":\"https:\/\/www.sonoraenequipo.com.mx\/#organization\"},\"image\":{\"@id\":\"https:\/\/www.sonoraenequipo.com.mx\/sonora-impulsa-talento-juvenil-con-el-programa-jovenes-impulsando-la-industria\/#primaryimage\"},\"thumbnailUrl\":\"https:\/\/www.sonoraenequipo.com.mx\/storage\/2025\/03\/Gobierno-de-Sonora-impulsa-talento-juvenil-min.jpg\",\"articleSection\":[\"Sonora\"],\"inLanguage\":\"es\",\"potentialAction\":[{\"@type\":\"CommentAction\",\"name\":\"Comment\",\"target\":[\"https:\/\/www.sonoraenequipo.com.mx\/sonora-impulsa-talento-juvenil-con-el-programa-jovenes-impulsando-la-industria\/#respond\"]}]},{\"@type\":\"WebPage\",\"@id\":\"https:\/\/www.sonoraenequipo.com.mx\/sonora-impulsa-talento-juvenil-con-el-programa-jovenes-impulsando-la-industria\/\",\"url\":\"https:\/\/www.sonoraenequipo.com.mx\/sonora-impulsa-talento-juvenil-con-el-programa-jovenes-impulsando-la-industria\/\",\"name\":\"Sonora en Equipo. Sonora impulsa talento juvenil con el programa J\u00f3venes Impulsando la Industria Sonora\",\"isPartOf\":{\"@id\":\"https:\/\/www.sonoraenequipo.com.mx\/#website\"},\"primaryImageOfPage\":{\"@id\":\"https:\/\/www.sonoraenequipo.com.mx\/sonora-impulsa-talento-juvenil-con-el-programa-jovenes-impulsando-la-industria\/#primaryimage\"},\"image\":{\"@id\":\"https:\/\/www.sonoraenequipo.com.mx\/sonora-impulsa-talento-juvenil-con-el-programa-jovenes-impulsando-la-industria\/#primaryimage\"},\"thumbnailUrl\":\"https:\/\/www.sonoraenequipo.com.mx\/storage\/2025\/03\/Gobierno-de-Sonora-impulsa-talento-juvenil-min.jpg\",\"datePublished\":\"2025-03-11T04:23:27+00:00\",\"dateModified\":\"2025-03-11T16:41:19+00:00\",\"description\":\"CAJEME, SONORA. MX. \u2014&nbsp; Como parte de la visi\u00f3n del gobernador Alfonso Durazo de abrir espacios para la juventud y fortalecer el talento local dentro En Sonora en Equipo publicamos toda la informaci\u00f3n de Sonora, M\u00e9xico y el Mundo de manera oportuna y busca que la libertad de expresi\u00f3n sea real. Visita nuestro medio informativo publicado desde Hermosillo, Sonora. %\",\"breadcrumb\":{\"@id\":\"https:\/\/www.sonoraenequipo.com.mx\/sonora-impulsa-talento-juvenil-con-el-programa-jovenes-impulsando-la-industria\/#breadcrumb\"},\"inLanguage\":\"es\",\"potentialAction\":[{\"@type\":\"ReadAction\",\"target\":[\"https:\/\/www.sonoraenequipo.com.mx\/sonora-impulsa-talento-juvenil-con-el-programa-jovenes-impulsando-la-industria\/\"]}]},{\"@type\":\"ImageObject\",\"inLanguage\":\"es\",\"@id\":\"https:\/\/www.sonoraenequipo.com.mx\/sonora-impulsa-talento-juvenil-con-el-programa-jovenes-impulsando-la-industria\/#primaryimage\",\"url\":\"https:\/\/www.sonoraenequipo.com.mx\/storage\/2025\/03\/Gobierno-de-Sonora-impulsa-talento-juvenil-min.jpg\",\"contentUrl\":\"https:\/\/www.sonoraenequipo.com.mx\/storage\/2025\/03\/Gobierno-de-Sonora-impulsa-talento-juvenil-min.jpg\",\"width\":1156,\"height\":673},{\"@type\":\"BreadcrumbList\",\"@id\":\"https:\/\/www.sonoraenequipo.com.mx\/sonora-impulsa-talento-juvenil-con-el-programa-jovenes-impulsando-la-industria\/#breadcrumb\",\"itemListElement\":[{\"@type\":\"ListItem\",\"position\":1,\"name\":\"Portada\",\"item\":\"https:\/\/www.sonoraenequipo.com.mx\/\"},{\"@type\":\"ListItem\",\"position\":2,\"name\":\"Sonora impulsa talento juvenil con el programa J\u00f3venes Impulsando la Industria\"}]},{\"@type\":\"WebSite\",\"@id\":\"https:\/\/www.sonoraenequipo.com.mx\/#website\",\"url\":\"https:\/\/www.sonoraenequipo.com.mx\/\",\"name\":\"Sonora en Equipo.\",\"description\":\"Diario en l\u00ednea con Noticias desde Hermosillo, Sonora\",\"publisher\":{\"@id\":\"https:\/\/www.sonoraenequipo.com.mx\/#organization\"},\"potentialAction\":[{\"@type\":\"SearchAction\",\"target\":{\"@type\":\"EntryPoint\",\"urlTemplate\":\"https:\/\/www.sonoraenequipo.com.mx\/?s={search_term_string}\"},\"query-input\":{\"@type\":\"PropertyValueSpecification\",\"valueRequired\":true,\"valueName\":\"search_term_string\"}}],\"inLanguage\":\"es\"},{\"@type\":\"Organization\",\"@id\":\"https:\/\/www.sonoraenequipo.com.mx\/#organization\",\"name\":\"Sonoraenequipo.com.mx\",\"url\":\"https:\/\/www.sonoraenequipo.com.mx\/\",\"logo\":{\"@type\":\"ImageObject\",\"inLanguage\":\"es\",\"@id\":\"https:\/\/www.sonoraenequipo.com.mx\/#\/schema\/logo\/image\/\",\"url\":\"https:\/\/www.sonoraenequipo.com.mx\/storage\/2019\/01\/sonoraenequipo_opt.png\",\"contentUrl\":\"https:\/\/www.sonoraenequipo.com.mx\/storage\/2019\/01\/sonoraenequipo_opt.png\",\"width\":375,\"height\":125,\"caption\":\"Sonoraenequipo.com.mx\"},\"image\":{\"@id\":\"https:\/\/www.sonoraenequipo.com.mx\/#\/schema\/logo\/image\/\"},\"sameAs\":[\"https:\/\/www.facebook.com\/SonoraEE\/\",\"https:\/\/x.com\/sonoraenequipo\",\"https:\/\/www.youtube.com\/channel\/UC338nW-lPEYmJQs4ZABQ1SQ\"]},{\"@type\":\"Person\",\"@id\":\"https:\/\/www.sonoraenequipo.com.mx\/#\/schema\/person\/50102df0fb23a8fa9e8effad8fa81386\",\"name\":\"enequipo\",\"image\":{\"@type\":\"ImageObject\",\"inLanguage\":\"es\",\"@id\":\"https:\/\/www.sonoraenequipo.com.mx\/#\/schema\/person\/image\/\",\"url\":\"https:\/\/secure.gravatar.com\/avatar\/049821681b589dabc0bc20695993ccebb09f5b5d4d790cd9251b97faac7c652b?s=96&d=blank&r=g\",\"contentUrl\":\"https:\/\/secure.gravatar.com\/avatar\/049821681b589dabc0bc20695993ccebb09f5b5d4d790cd9251b97faac7c652b?s=96&d=blank&r=g\",\"caption\":\"enequipo\"},\"sameAs\":[\"https:\/\/www.facebook.com\/SonoraEE\"]}]}<\/script>\n ","yoast_head_json":{"title":"Sonora en Equipo. Sonora impulsa talento juvenil con el programa J\u00f3venes Impulsando la Industria Sonora","description":"CAJEME, SONORA. MX. \u2014&nbsp; Como parte de la visi\u00f3n del gobernador Alfonso Durazo de abrir espacios para la juventud y fortalecer el talento local dentro En Sonora en Equipo publicamos toda la informaci\u00f3n de Sonora, M\u00e9xico y el Mundo de manera oportuna y busca que la libertad de expresi\u00f3n sea real. Visita nuestro medio informativo publicado desde Hermosillo, Sonora. %","robots":{"index":"index","follow":"follow","max-snippet":"max-snippet:-1","max-image-preview":"max-image-preview:large","max-video-preview":"max-video-preview:-1"},"canonical":"https:\/\/www.sonoraenequipo.com.mx\/sonora-impulsa-talento-juvenil-con-el-programa-jovenes-impulsando-la-industria\/","og_locale":"es_ES","og_type":"article","og_title":"Sonora en Equipo. Sonora impulsa talento juvenil con el programa J\u00f3venes Impulsando la Industria Sonora","og_description":"CAJEME, SONORA. MX. \u2014&nbsp; Como parte de la visi\u00f3n del gobernador Alfonso Durazo de abrir espacios para la juventud y fortalecer el talento local dentro En Sonora en Equipo publicamos toda la informaci\u00f3n de Sonora, M\u00e9xico y el Mundo de manera oportuna y busca que la libertad de expresi\u00f3n sea real. Visita nuestro medio informativo publicado desde Hermosillo, Sonora. %","og_url":"https:\/\/www.sonoraenequipo.com.mx\/sonora-impulsa-talento-juvenil-con-el-programa-jovenes-impulsando-la-industria\/","og_site_name":"Sonora en Equipo.","article_publisher":"https:\/\/www.facebook.com\/SonoraEE\/","article_author":"https:\/\/www.facebook.com\/SonoraEE","article_published_time":"2025-03-11T04:23:27+00:00","article_modified_time":"2025-03-11T16:41:19+00:00","og_image":[{"width":1156,"height":673,"url":"https:\/\/www.sonoraenequipo.com.mx\/storage\/2025\/03\/Gobierno-de-Sonora-impulsa-talento-juvenil-min.jpg","type":"image\/jpeg"}],"author":"enequipo","twitter_card":"summary_large_image","twitter_creator":"@sonoraenequipo","twitter_site":"@sonoraenequipo","twitter_misc":{"Escrito por":"enequipo","Tiempo de lectura":"2 minutos"},"schema":{"@context":"https:\/\/schema.org","@graph":[{"@type":"Article","@id":"https:\/\/www.sonoraenequipo.com.mx\/sonora-impulsa-talento-juvenil-con-el-programa-jovenes-impulsando-la-industria\/#article","isPartOf":{"@id":"https:\/\/www.sonoraenequipo.com.mx\/sonora-impulsa-talento-juvenil-con-el-programa-jovenes-impulsando-la-industria\/"},"author":{"name":"enequipo","@id":"https:\/\/www.sonoraenequipo.com.mx\/#\/schema\/person\/50102df0fb23a8fa9e8effad8fa81386"},"headline":"Sonora impulsa talento juvenil con el programa J\u00f3venes Impulsando la Industria","datePublished":"2025-03-11T04:23:27+00:00","dateModified":"2025-03-11T16:41:19+00:00","mainEntityOfPage":{"@id":"https:\/\/www.sonoraenequipo.com.mx\/sonora-impulsa-talento-juvenil-con-el-programa-jovenes-impulsando-la-industria\/"},"wordCount":507,"commentCount":0,"publisher":{"@id":"https:\/\/www.sonoraenequipo.com.mx\/#organization"},"image":{"@id":"https:\/\/www.sonoraenequipo.com.mx\/sonora-impulsa-talento-juvenil-con-el-programa-jovenes-impulsando-la-industria\/#primaryimage"},"thumbnailUrl":"https:\/\/www.sonoraenequipo.com.mx\/storage\/2025\/03\/Gobierno-de-Sonora-impulsa-talento-juvenil-min.jpg","articleSection":["Sonora"],"inLanguage":"es","potentialAction":[{"@type":"CommentAction","name":"Comment","target":["https:\/\/www.sonoraenequipo.com.mx\/sonora-impulsa-talento-juvenil-con-el-programa-jovenes-impulsando-la-industria\/#respond"]}]},{"@type":"WebPage","@id":"https:\/\/www.sonoraenequipo.com.mx\/sonora-impulsa-talento-juvenil-con-el-programa-jovenes-impulsando-la-industria\/","url":"https:\/\/www.sonoraenequipo.com.mx\/sonora-impulsa-talento-juvenil-con-el-programa-jovenes-impulsando-la-industria\/","name":"Sonora en Equipo. Sonora impulsa talento juvenil con el programa J\u00f3venes Impulsando la Industria Sonora","isPartOf":{"@id":"https:\/\/www.sonoraenequipo.com.mx\/#website"},"primaryImageOfPage":{"@id":"https:\/\/www.sonoraenequipo.com.mx\/sonora-impulsa-talento-juvenil-con-el-programa-jovenes-impulsando-la-industria\/#primaryimage"},"image":{"@id":"https:\/\/www.sonoraenequipo.com.mx\/sonora-impulsa-talento-juvenil-con-el-programa-jovenes-impulsando-la-industria\/#primaryimage"},"thumbnailUrl":"https:\/\/www.sonoraenequipo.com.mx\/storage\/2025\/03\/Gobierno-de-Sonora-impulsa-talento-juvenil-min.jpg","datePublished":"2025-03-11T04:23:27+00:00","dateModified":"2025-03-11T16:41:19+00:00","description":"CAJEME, SONORA. MX. \u2014&nbsp; Como parte de la visi\u00f3n del gobernador Alfonso Durazo de abrir espacios para la juventud y fortalecer el talento local dentro En Sonora en Equipo publicamos toda la informaci\u00f3n de Sonora, M\u00e9xico y el Mundo de manera oportuna y busca que la libertad de expresi\u00f3n sea real. Visita nuestro medio informativo publicado desde Hermosillo, Sonora. %","breadcrumb":{"@id":"https:\/\/www.sonoraenequipo.com.mx\/sonora-impulsa-talento-juvenil-con-el-programa-jovenes-impulsando-la-industria\/#breadcrumb"},"inLanguage":"es","potentialAction":[{"@type":"ReadAction","target":["https:\/\/www.sonoraenequipo.com.mx\/sonora-impulsa-talento-juvenil-con-el-programa-jovenes-impulsando-la-industria\/"]}]},{"@type":"ImageObject","inLanguage":"es","@id":"https:\/\/www.sonoraenequipo.com.mx\/sonora-impulsa-talento-juvenil-con-el-programa-jovenes-impulsando-la-industria\/#primaryimage","url":"https:\/\/www.sonoraenequipo.com.mx\/storage\/2025\/03\/Gobierno-de-Sonora-impulsa-talento-juvenil-min.jpg","contentUrl":"https:\/\/www.sonoraenequipo.com.mx\/storage\/2025\/03\/Gobierno-de-Sonora-impulsa-talento-juvenil-min.jpg","width":1156,"height":673},{"@type":"BreadcrumbList","@id":"https:\/\/www.sonoraenequipo.com.mx\/sonora-impulsa-talento-juvenil-con-el-programa-jovenes-impulsando-la-industria\/#breadcrumb","itemListElement":[{"@type":"ListItem","position":1,"name":"Portada","item":"https:\/\/www.sonoraenequipo.com.mx\/"},{"@type":"ListItem","position":2,"name":"Sonora impulsa talento juvenil con el programa J\u00f3venes Impulsando la Industria"}]},{"@type":"WebSite","@id":"https:\/\/www.sonoraenequipo.com.mx\/#website","url":"https:\/\/www.sonoraenequipo.com.mx\/","name":"Sonora en Equipo.","description":"Diario en l\u00ednea con Noticias desde Hermosillo, Sonora","publisher":{"@id":"https:\/\/www.sonoraenequipo.com.mx\/#organization"},"potentialAction":[{"@type":"SearchAction","target":{"@type":"EntryPoint","urlTemplate":"https:\/\/www.sonoraenequipo.com.mx\/?s={search_term_string}"},"query-input":{"@type":"PropertyValueSpecification","valueRequired":true,"valueName":"search_term_string"}}],"inLanguage":"es"},{"@type":"Organization","@id":"https:\/\/www.sonoraenequipo.com.mx\/#organization","name":"Sonoraenequipo.com.mx","url":"https:\/\/www.sonoraenequipo.com.mx\/","logo":{"@type":"ImageObject","inLanguage":"es","@id":"https:\/\/www.sonoraenequipo.com.mx\/#\/schema\/logo\/image\/","url":"https:\/\/www.sonoraenequipo.com.mx\/storage\/2019\/01\/sonoraenequipo_opt.png","contentUrl":"https:\/\/www.sonoraenequipo.com.mx\/storage\/2019\/01\/sonoraenequipo_opt.png","width":375,"height":125,"caption":"Sonoraenequipo.com.mx"},"image":{"@id":"https:\/\/www.sonoraenequipo.com.mx\/#\/schema\/logo\/image\/"},"sameAs":["https:\/\/www.facebook.com\/SonoraEE\/","https:\/\/x.com\/sonoraenequipo","https:\/\/www.youtube.com\/channel\/UC338nW-lPEYmJQs4ZABQ1SQ"]},{"@type":"Person","@id":"https:\/\/www.sonoraenequipo.com.mx\/#\/schema\/person\/50102df0fb23a8fa9e8effad8fa81386","name":"enequipo","image":{"@type":"ImageObject","inLanguage":"es","@id":"https:\/\/www.sonoraenequipo.com.mx\/#\/schema\/person\/image\/","url":"https:\/\/secure.gravatar.com\/avatar\/049821681b589dabc0bc20695993ccebb09f5b5d4d790cd9251b97faac7c652b?s=96&d=blank&r=g","contentUrl":"https:\/\/secure.gravatar.com\/avatar\/049821681b589dabc0bc20695993ccebb09f5b5d4d790cd9251b97faac7c652b?s=96&d=blank&r=g","caption":"enequipo"},"sameAs":["https:\/\/www.facebook.com\/SonoraEE"]}]}},"jetpack_featured_media_url":"https:\/\/www.sonoraenequipo.com.mx\/storage\/2025\/03\/Gobierno-de-Sonora-impulsa-talento-juvenil-min.jpg","_links":{"self":[{"href":"https:\/\/www.sonoraenequipo.com.mx\/api\/wp\/v2\/posts\/211203","targetHints":{"allow":["GET"]}}],"collection":[{"href":"https:\/\/www.sonoraenequipo.com.mx\/api\/wp\/v2\/posts"}],"about":[{"href":"https:\/\/www.sonoraenequipo.com.mx\/api\/wp\/v2\/types\/post"}],"author":[{"embeddable":true,"href":"https:\/\/www.sonoraenequipo.com.mx\/api\/wp\/v2\/users\/1"}],"replies":[{"embeddable":true,"href":"https:\/\/www.sonoraenequipo.com.mx\/api\/wp\/v2\/comments?post=211203"}],"version-history":[{"count":2,"href":"https:\/\/www.sonoraenequipo.com.mx\/api\/wp\/v2\/posts\/211203\/revisions"}],"predecessor-version":[{"id":211208,"href":"https:\/\/www.sonoraenequipo.com.mx\/api\/wp\/v2\/posts\/211203\/revisions\/211208"}],"wp:featuredmedia":[{"embeddable":true,"href":"https:\/\/www.sonoraenequipo.com.mx\/api\/wp\/v2\/media\/211205"}],"wp:attachment":[{"href":"https:\/\/www.sonoraenequipo.com.mx\/api\/wp\/v2\/media?parent=211203"}],"wp:term":[{"taxonomy":"category","embeddable":true,"href":"https:\/\/www.sonoraenequipo.com.mx\/api\/wp\/v2\/categories?post=211203"},{"taxonomy":"post_tag","embeddable":true,"href":"https:\/\/www.sonoraenequipo.com.mx\/api\/wp\/v2\/tags?post=211203"}],"curies":[{"name":"wp","href":"https:\/\/api.w.org\/{rel}","templated":true}]}}