{"id":211240,"date":"2025-03-11T10:08:26","date_gmt":"2025-03-11T17:08:26","guid":{"rendered":"https:\/\/www.sonoraenequipo.com.mx\/?p=211240"},"modified":"2025-03-11T21:26:10","modified_gmt":"2025-03-12T04:26:10","slug":"no-es-creible-que-autoridades-de-jalisco-no-supieran-del-crematorio-gertz-manero-anuncia-investigacion","status":"publish","type":"post","link":"https:\/\/www.sonoraenequipo.com.mx\/no-es-creible-que-autoridades-de-jalisco-no-supieran-del-crematorio-gertz-manero-anuncia-investigacion\/","title":{"rendered":"\u00abNo es cre\u00edble\u00bb que autoridades de Jalisco no supieran del crematorio; Gertz Manero anuncia investigaci\u00f3n"},"content":{"rendered":"<p><strong>CIUDAD DE M\u00c9XICO. MX. \u2014<\/strong> El fiscal General de la Rep\u00fablica (FGR), Alejandro Gertz Manero, inform\u00f3 que har\u00e1n una investigaci\u00f3n sobre el hallazgo del campo de entrenamiento y crematorio clandestino presuntamente operado por un grupo del crimen organizado, ubicado en el rancho Izaguirre, del municipio de Teuchitl\u00e1n, Jalisco.<\/p>\n<p>&nbsp;<\/p>\n<p>&nbsp;<\/p>\n<p>&nbsp;<\/p>\n<p> <\/p>\n<p>Si bien antes la presidenta de M\u00e9xico, Claudia Sheinbaum, hab\u00eda mencionado que podr\u00edan atraer la investigaci\u00f3n de ese caso en la FGR, en conferencia de prensa, Gertz Manero explic\u00f3 que, antes de poder tomar el caso, es necesario realizar una investigaci\u00f3n sobre la historia del mismo.<\/p>\n<p>&nbsp;<\/p>\n<p>&nbsp;<\/p>\n<p>&nbsp;<\/p>\n<p>Para el fiscal, el hallazgo de este crematorio, donde se encontraron restos \u00f3seos y pertenencias de personas, es \u00abmuy cr\u00edtico y muy grave\u00bb, y adem\u00e1s, coment\u00f3 que <em><strong>\u00abno es cre\u00edble que una situaci\u00f3n de esa naturaleza no hubiera sido conocida por las autoridades locales de ese municipio y del estado\u00bb,<\/strong><\/em> dijo, esto luego de que la fiscal\u00eda local y las polic\u00edas locales no supieran del crematorio, que fue encontrado por un colectivo ciudadano de b\u00fasqueda.<\/p>\n<p>&nbsp;<\/p>\n<p>&nbsp;<\/p>\n<p>&nbsp;<\/p>\n<p><em><strong>\u00abPara llevar un tema de delincuencia organizado ante un juez federal debe de haber una claridad absoluta. Este hallazgo lo hizo un grupo ciudadano. Hab\u00eda habido ya una serie de operaciones, era un tema que francamente era conocido, entonces nosotros tenemos que dar un informe muy preciso de cu\u00e1les son los antecedentes, qui\u00e9nes son los que estaban protegiendo esa \u00e1rea, qui\u00e9nes son los propietarios de ese inmueble\u00bb,<\/strong><\/em> explic\u00f3 el fiscal.<\/p>\n<p>&nbsp;<\/p>\n<p>&nbsp;<\/p>\n<p>En el presunto crematorio, adem\u00e1s de las pertenencias de personas y los restos \u00f3seos se encontraron al menos tres fosas, por lo que se debe indagar para ver si este s\u00ed estaba siendo usado de esa manera.<\/p>\n<p>&nbsp;<\/p>\n<p>&nbsp;<\/p>\n<p><em><strong>\u00abSe debe precisar si tiene las caracter\u00edsticas, porque usted sabe que para un crematorio se necesitan niveles muy altos (&#8230;) En un plazo muy razonable y antes de hacer cualquier atracci\u00f3n lo vamos a dar a conocer \u00ab,<\/strong> <\/em>a\u00f1adi\u00f3.<\/p>\n<p>&nbsp;<\/p>\n<p>&nbsp;<\/p>\n<p>PUBLICADO EL 11 DE MARZO 2025 Con informaci\u00f3n de Conferencia matutina)<\/p>\n","protected":false},"excerpt":{"rendered":"<p>CIUDAD DE M\u00c9XICO. MX. \u2014 El fiscal General de la Rep\u00fablica (FGR), Alejandro Gertz Manero,&#8230;<\/p>\n","protected":false},"author":1,"featured_media":211230,"comment_status":"open","ping_status":"open","sticky":false,"template":"","format":"standard","meta":{"_monsterinsights_skip_tracking":false,"_monsterinsights_sitenote_active":false,"_monsterinsights_sitenote_note":"","_monsterinsights_sitenote_category":0,"footnotes":""},"categories":[5],"tags":[],"class_list":["post"],"yoast_head":" \n<title>Sonora en Equipo. &quot;No es cre\u00edble&quot; que autoridades de Jalisco no supieran del crematorio; Gertz Manero anuncia investigaci\u00f3n Rep\u00fablica<\/title>\n<meta name=\"description\" content=\"CIUDAD DE M\u00c9XICO. MX. \u2014 El fiscal General de la Rep\u00fablica (FGR), Alejandro Gertz Manero, inform\u00f3 que har\u00e1n una investigaci\u00f3n sobre el hallazgo del campo En Sonora en Equipo publicamos toda la informaci\u00f3n de Sonora, M\u00e9xico y el Mundo de manera oportuna y busca que la libertad de expresi\u00f3n sea real. Visita nuestro medio informativo publicado desde Hermosillo, Sonora. %\" \/>\n<meta name=\"robots\" content=\"index, follow, max-snippet:-1, max-image-preview:large, max-video-preview:-1\" \/>\n<link rel=\"canonical\" href=\"https:\/\/www.sonoraenequipo.com.mx\/no-es-creible-que-autoridades-de-jalisco-no-supieran-del-crematorio-gertz-manero-anuncia-investigacion\/\" \/>\n<meta property=\"og:locale\" content=\"es_ES\" \/>\n<meta property=\"og:type\" content=\"article\" \/>\n<meta property=\"og:title\" content=\"Sonora en Equipo. &quot;No es cre\u00edble&quot; que autoridades de Jalisco no supieran del crematorio; Gertz Manero anuncia investigaci\u00f3n Rep\u00fablica\" \/>\n<meta property=\"og:description\" content=\"CIUDAD DE M\u00c9XICO. MX. \u2014 El fiscal General de la Rep\u00fablica (FGR), Alejandro Gertz Manero, inform\u00f3 que har\u00e1n una investigaci\u00f3n sobre el hallazgo del campo En Sonora en Equipo publicamos toda la informaci\u00f3n de Sonora, M\u00e9xico y el Mundo de manera oportuna y busca que la libertad de expresi\u00f3n sea real. Visita nuestro medio informativo publicado desde Hermosillo, Sonora. %\" \/>\n<meta property=\"og:url\" content=\"https:\/\/www.sonoraenequipo.com.mx\/no-es-creible-que-autoridades-de-jalisco-no-supieran-del-crematorio-gertz-manero-anuncia-investigacion\/\" \/>\n<meta property=\"og:site_name\" content=\"Sonora en Equipo.\" \/>\n<meta property=\"article:publisher\" content=\"https:\/\/www.facebook.com\/SonoraEE\/\" \/>\n<meta property=\"article:author\" content=\"https:\/\/www.facebook.com\/SonoraEE\" \/>\n<meta property=\"article:published_time\" content=\"2025-03-11T17:08:26+00:00\" \/>\n<meta property=\"article:modified_time\" content=\"2025-03-12T04:26:10+00:00\" \/>\n<meta property=\"og:image\" content=\"https:\/\/www.sonoraenequipo.com.mx\/storage\/2025\/03\/Fiscal-general-de-Mexico-min.jpg\" \/>\n\t<meta property=\"og:image:width\" content=\"1000\" \/>\n\t<meta property=\"og:image:height\" content=\"658\" \/>\n\t<meta property=\"og:image:type\" content=\"image\/jpeg\" \/>\n<meta name=\"author\" content=\"enequipo\" \/>\n<meta name=\"twitter:card\" content=\"summary_large_image\" \/>\n<meta name=\"twitter:creator\" content=\"@sonoraenequipo\" \/>\n<meta name=\"twitter:site\" content=\"@sonoraenequipo\" \/>\n<meta name=\"twitter:label1\" content=\"Escrito por\" \/>\n\t<meta name=\"twitter:data1\" content=\"enequipo\" \/>\n\t<meta name=\"twitter:label2\" content=\"Tiempo de lectura\" \/>\n\t<meta name=\"twitter:data2\" content=\"2 minutos\" \/>\n<script type=\"application\/ld+json\" class=\"yoast-schema-graph\">{\"@context\":\"https:\/\/schema.org\",\"@graph\":[{\"@type\":\"Article\",\"@id\":\"https:\/\/www.sonoraenequipo.com.mx\/no-es-creible-que-autoridades-de-jalisco-no-supieran-del-crematorio-gertz-manero-anuncia-investigacion\/#article\",\"isPartOf\":{\"@id\":\"https:\/\/www.sonoraenequipo.com.mx\/no-es-creible-que-autoridades-de-jalisco-no-supieran-del-crematorio-gertz-manero-anuncia-investigacion\/\"},\"author\":{\"name\":\"enequipo\",\"@id\":\"https:\/\/www.sonoraenequipo.com.mx\/#\/schema\/person\/50102df0fb23a8fa9e8effad8fa81386\"},\"headline\":\"\u00abNo es cre\u00edble\u00bb que autoridades de Jalisco no supieran del crematorio; Gertz Manero anuncia investigaci\u00f3n\",\"datePublished\":\"2025-03-11T17:08:26+00:00\",\"dateModified\":\"2025-03-12T04:26:10+00:00\",\"mainEntityOfPage\":{\"@id\":\"https:\/\/www.sonoraenequipo.com.mx\/no-es-creible-que-autoridades-de-jalisco-no-supieran-del-crematorio-gertz-manero-anuncia-investigacion\/\"},\"wordCount\":379,\"commentCount\":0,\"publisher\":{\"@id\":\"https:\/\/www.sonoraenequipo.com.mx\/#organization\"},\"image\":{\"@id\":\"https:\/\/www.sonoraenequipo.com.mx\/no-es-creible-que-autoridades-de-jalisco-no-supieran-del-crematorio-gertz-manero-anuncia-investigacion\/#primaryimage\"},\"thumbnailUrl\":\"https:\/\/www.sonoraenequipo.com.mx\/storage\/2025\/03\/Fiscal-general-de-Mexico-min.jpg\",\"articleSection\":[\"Rep\u00fablica\"],\"inLanguage\":\"es\",\"potentialAction\":[{\"@type\":\"CommentAction\",\"name\":\"Comment\",\"target\":[\"https:\/\/www.sonoraenequipo.com.mx\/no-es-creible-que-autoridades-de-jalisco-no-supieran-del-crematorio-gertz-manero-anuncia-investigacion\/#respond\"]}]},{\"@type\":\"WebPage\",\"@id\":\"https:\/\/www.sonoraenequipo.com.mx\/no-es-creible-que-autoridades-de-jalisco-no-supieran-del-crematorio-gertz-manero-anuncia-investigacion\/\",\"url\":\"https:\/\/www.sonoraenequipo.com.mx\/no-es-creible-que-autoridades-de-jalisco-no-supieran-del-crematorio-gertz-manero-anuncia-investigacion\/\",\"name\":\"Sonora en Equipo. \\\"No es cre\u00edble\\\" que autoridades de Jalisco no supieran del crematorio; Gertz Manero anuncia investigaci\u00f3n Rep\u00fablica\",\"isPartOf\":{\"@id\":\"https:\/\/www.sonoraenequipo.com.mx\/#website\"},\"primaryImageOfPage\":{\"@id\":\"https:\/\/www.sonoraenequipo.com.mx\/no-es-creible-que-autoridades-de-jalisco-no-supieran-del-crematorio-gertz-manero-anuncia-investigacion\/#primaryimage\"},\"image\":{\"@id\":\"https:\/\/www.sonoraenequipo.com.mx\/no-es-creible-que-autoridades-de-jalisco-no-supieran-del-crematorio-gertz-manero-anuncia-investigacion\/#primaryimage\"},\"thumbnailUrl\":\"https:\/\/www.sonoraenequipo.com.mx\/storage\/2025\/03\/Fiscal-general-de-Mexico-min.jpg\",\"datePublished\":\"2025-03-11T17:08:26+00:00\",\"dateModified\":\"2025-03-12T04:26:10+00:00\",\"description\":\"CIUDAD DE M\u00c9XICO. MX. \u2014 El fiscal General de la Rep\u00fablica (FGR), Alejandro Gertz Manero, inform\u00f3 que har\u00e1n una investigaci\u00f3n sobre el hallazgo del campo En Sonora en Equipo publicamos toda la informaci\u00f3n de Sonora, M\u00e9xico y el Mundo de manera oportuna y busca que la libertad de expresi\u00f3n sea real. Visita nuestro medio informativo publicado desde Hermosillo, Sonora. %\",\"breadcrumb\":{\"@id\":\"https:\/\/www.sonoraenequipo.com.mx\/no-es-creible-que-autoridades-de-jalisco-no-supieran-del-crematorio-gertz-manero-anuncia-investigacion\/#breadcrumb\"},\"inLanguage\":\"es\",\"potentialAction\":[{\"@type\":\"ReadAction\",\"target\":[\"https:\/\/www.sonoraenequipo.com.mx\/no-es-creible-que-autoridades-de-jalisco-no-supieran-del-crematorio-gertz-manero-anuncia-investigacion\/\"]}]},{\"@type\":\"ImageObject\",\"inLanguage\":\"es\",\"@id\":\"https:\/\/www.sonoraenequipo.com.mx\/no-es-creible-que-autoridades-de-jalisco-no-supieran-del-crematorio-gertz-manero-anuncia-investigacion\/#primaryimage\",\"url\":\"https:\/\/www.sonoraenequipo.com.mx\/storage\/2025\/03\/Fiscal-general-de-Mexico-min.jpg\",\"contentUrl\":\"https:\/\/www.sonoraenequipo.com.mx\/storage\/2025\/03\/Fiscal-general-de-Mexico-min.jpg\",\"width\":1000,\"height\":658},{\"@type\":\"BreadcrumbList\",\"@id\":\"https:\/\/www.sonoraenequipo.com.mx\/no-es-creible-que-autoridades-de-jalisco-no-supieran-del-crematorio-gertz-manero-anuncia-investigacion\/#breadcrumb\",\"itemListElement\":[{\"@type\":\"ListItem\",\"position\":1,\"name\":\"Portada\",\"item\":\"https:\/\/www.sonoraenequipo.com.mx\/\"},{\"@type\":\"ListItem\",\"position\":2,\"name\":\"\u00abNo es cre\u00edble\u00bb que autoridades de Jalisco no supieran del crematorio; Gertz Manero anuncia investigaci\u00f3n\"}]},{\"@type\":\"WebSite\",\"@id\":\"https:\/\/www.sonoraenequipo.com.mx\/#website\",\"url\":\"https:\/\/www.sonoraenequipo.com.mx\/\",\"name\":\"Sonora en Equipo.\",\"description\":\"Diario en l\u00ednea con Noticias desde Hermosillo, Sonora\",\"publisher\":{\"@id\":\"https:\/\/www.sonoraenequipo.com.mx\/#organization\"},\"potentialAction\":[{\"@type\":\"SearchAction\",\"target\":{\"@type\":\"EntryPoint\",\"urlTemplate\":\"https:\/\/www.sonoraenequipo.com.mx\/?s={search_term_string}\"},\"query-input\":{\"@type\":\"PropertyValueSpecification\",\"valueRequired\":true,\"valueName\":\"search_term_string\"}}],\"inLanguage\":\"es\"},{\"@type\":\"Organization\",\"@id\":\"https:\/\/www.sonoraenequipo.com.mx\/#organization\",\"name\":\"Sonoraenequipo.com.mx\",\"url\":\"https:\/\/www.sonoraenequipo.com.mx\/\",\"logo\":{\"@type\":\"ImageObject\",\"inLanguage\":\"es\",\"@id\":\"https:\/\/www.sonoraenequipo.com.mx\/#\/schema\/logo\/image\/\",\"url\":\"https:\/\/www.sonoraenequipo.com.mx\/storage\/2019\/01\/sonoraenequipo_opt.png\",\"contentUrl\":\"https:\/\/www.sonoraenequipo.com.mx\/storage\/2019\/01\/sonoraenequipo_opt.png\",\"width\":375,\"height\":125,\"caption\":\"Sonoraenequipo.com.mx\"},\"image\":{\"@id\":\"https:\/\/www.sonoraenequipo.com.mx\/#\/schema\/logo\/image\/\"},\"sameAs\":[\"https:\/\/www.facebook.com\/SonoraEE\/\",\"https:\/\/x.com\/sonoraenequipo\",\"https:\/\/www.youtube.com\/channel\/UC338nW-lPEYmJQs4ZABQ1SQ\"]},{\"@type\":\"Person\",\"@id\":\"https:\/\/www.sonoraenequipo.com.mx\/#\/schema\/person\/50102df0fb23a8fa9e8effad8fa81386\",\"name\":\"enequipo\",\"image\":{\"@type\":\"ImageObject\",\"inLanguage\":\"es\",\"@id\":\"https:\/\/www.sonoraenequipo.com.mx\/#\/schema\/person\/image\/\",\"url\":\"https:\/\/secure.gravatar.com\/avatar\/049821681b589dabc0bc20695993ccebb09f5b5d4d790cd9251b97faac7c652b?s=96&d=blank&r=g\",\"contentUrl\":\"https:\/\/secure.gravatar.com\/avatar\/049821681b589dabc0bc20695993ccebb09f5b5d4d790cd9251b97faac7c652b?s=96&d=blank&r=g\",\"caption\":\"enequipo\"},\"sameAs\":[\"https:\/\/www.facebook.com\/SonoraEE\"]}]}<\/script>\n ","yoast_head_json":{"title":"Sonora en Equipo. \"No es cre\u00edble\" que autoridades de Jalisco no supieran del crematorio; Gertz Manero anuncia investigaci\u00f3n Rep\u00fablica","description":"CIUDAD DE M\u00c9XICO. MX. \u2014 El fiscal General de la Rep\u00fablica (FGR), Alejandro Gertz Manero, inform\u00f3 que har\u00e1n una investigaci\u00f3n sobre el hallazgo del campo En Sonora en Equipo publicamos toda la informaci\u00f3n de Sonora, M\u00e9xico y el Mundo de manera oportuna y busca que la libertad de expresi\u00f3n sea real. Visita nuestro medio informativo publicado desde Hermosillo, Sonora. %","robots":{"index":"index","follow":"follow","max-snippet":"max-snippet:-1","max-image-preview":"max-image-preview:large","max-video-preview":"max-video-preview:-1"},"canonical":"https:\/\/www.sonoraenequipo.com.mx\/no-es-creible-que-autoridades-de-jalisco-no-supieran-del-crematorio-gertz-manero-anuncia-investigacion\/","og_locale":"es_ES","og_type":"article","og_title":"Sonora en Equipo. \"No es cre\u00edble\" que autoridades de Jalisco no supieran del crematorio; Gertz Manero anuncia investigaci\u00f3n Rep\u00fablica","og_description":"CIUDAD DE M\u00c9XICO. MX. \u2014 El fiscal General de la Rep\u00fablica (FGR), Alejandro Gertz Manero, inform\u00f3 que har\u00e1n una investigaci\u00f3n sobre el hallazgo del campo En Sonora en Equipo publicamos toda la informaci\u00f3n de Sonora, M\u00e9xico y el Mundo de manera oportuna y busca que la libertad de expresi\u00f3n sea real. Visita nuestro medio informativo publicado desde Hermosillo, Sonora. %","og_url":"https:\/\/www.sonoraenequipo.com.mx\/no-es-creible-que-autoridades-de-jalisco-no-supieran-del-crematorio-gertz-manero-anuncia-investigacion\/","og_site_name":"Sonora en Equipo.","article_publisher":"https:\/\/www.facebook.com\/SonoraEE\/","article_author":"https:\/\/www.facebook.com\/SonoraEE","article_published_time":"2025-03-11T17:08:26+00:00","article_modified_time":"2025-03-12T04:26:10+00:00","og_image":[{"width":1000,"height":658,"url":"https:\/\/www.sonoraenequipo.com.mx\/storage\/2025\/03\/Fiscal-general-de-Mexico-min.jpg","type":"image\/jpeg"}],"author":"enequipo","twitter_card":"summary_large_image","twitter_creator":"@sonoraenequipo","twitter_site":"@sonoraenequipo","twitter_misc":{"Escrito por":"enequipo","Tiempo de lectura":"2 minutos"},"schema":{"@context":"https:\/\/schema.org","@graph":[{"@type":"Article","@id":"https:\/\/www.sonoraenequipo.com.mx\/no-es-creible-que-autoridades-de-jalisco-no-supieran-del-crematorio-gertz-manero-anuncia-investigacion\/#article","isPartOf":{"@id":"https:\/\/www.sonoraenequipo.com.mx\/no-es-creible-que-autoridades-de-jalisco-no-supieran-del-crematorio-gertz-manero-anuncia-investigacion\/"},"author":{"name":"enequipo","@id":"https:\/\/www.sonoraenequipo.com.mx\/#\/schema\/person\/50102df0fb23a8fa9e8effad8fa81386"},"headline":"\u00abNo es cre\u00edble\u00bb que autoridades de Jalisco no supieran del crematorio; Gertz Manero anuncia investigaci\u00f3n","datePublished":"2025-03-11T17:08:26+00:00","dateModified":"2025-03-12T04:26:10+00:00","mainEntityOfPage":{"@id":"https:\/\/www.sonoraenequipo.com.mx\/no-es-creible-que-autoridades-de-jalisco-no-supieran-del-crematorio-gertz-manero-anuncia-investigacion\/"},"wordCount":379,"commentCount":0,"publisher":{"@id":"https:\/\/www.sonoraenequipo.com.mx\/#organization"},"image":{"@id":"https:\/\/www.sonoraenequipo.com.mx\/no-es-creible-que-autoridades-de-jalisco-no-supieran-del-crematorio-gertz-manero-anuncia-investigacion\/#primaryimage"},"thumbnailUrl":"https:\/\/www.sonoraenequipo.com.mx\/storage\/2025\/03\/Fiscal-general-de-Mexico-min.jpg","articleSection":["Rep\u00fablica"],"inLanguage":"es","potentialAction":[{"@type":"CommentAction","name":"Comment","target":["https:\/\/www.sonoraenequipo.com.mx\/no-es-creible-que-autoridades-de-jalisco-no-supieran-del-crematorio-gertz-manero-anuncia-investigacion\/#respond"]}]},{"@type":"WebPage","@id":"https:\/\/www.sonoraenequipo.com.mx\/no-es-creible-que-autoridades-de-jalisco-no-supieran-del-crematorio-gertz-manero-anuncia-investigacion\/","url":"https:\/\/www.sonoraenequipo.com.mx\/no-es-creible-que-autoridades-de-jalisco-no-supieran-del-crematorio-gertz-manero-anuncia-investigacion\/","name":"Sonora en Equipo. \"No es cre\u00edble\" que autoridades de Jalisco no supieran del crematorio; Gertz Manero anuncia investigaci\u00f3n Rep\u00fablica","isPartOf":{"@id":"https:\/\/www.sonoraenequipo.com.mx\/#website"},"primaryImageOfPage":{"@id":"https:\/\/www.sonoraenequipo.com.mx\/no-es-creible-que-autoridades-de-jalisco-no-supieran-del-crematorio-gertz-manero-anuncia-investigacion\/#primaryimage"},"image":{"@id":"https:\/\/www.sonoraenequipo.com.mx\/no-es-creible-que-autoridades-de-jalisco-no-supieran-del-crematorio-gertz-manero-anuncia-investigacion\/#primaryimage"},"thumbnailUrl":"https:\/\/www.sonoraenequipo.com.mx\/storage\/2025\/03\/Fiscal-general-de-Mexico-min.jpg","datePublished":"2025-03-11T17:08:26+00:00","dateModified":"2025-03-12T04:26:10+00:00","description":"CIUDAD DE M\u00c9XICO. MX. \u2014 El fiscal General de la Rep\u00fablica (FGR), Alejandro Gertz Manero, inform\u00f3 que har\u00e1n una investigaci\u00f3n sobre el hallazgo del campo En Sonora en Equipo publicamos toda la informaci\u00f3n de Sonora, M\u00e9xico y el Mundo de manera oportuna y busca que la libertad de expresi\u00f3n sea real. Visita nuestro medio informativo publicado desde Hermosillo, Sonora. %","breadcrumb":{"@id":"https:\/\/www.sonoraenequipo.com.mx\/no-es-creible-que-autoridades-de-jalisco-no-supieran-del-crematorio-gertz-manero-anuncia-investigacion\/#breadcrumb"},"inLanguage":"es","potentialAction":[{"@type":"ReadAction","target":["https:\/\/www.sonoraenequipo.com.mx\/no-es-creible-que-autoridades-de-jalisco-no-supieran-del-crematorio-gertz-manero-anuncia-investigacion\/"]}]},{"@type":"ImageObject","inLanguage":"es","@id":"https:\/\/www.sonoraenequipo.com.mx\/no-es-creible-que-autoridades-de-jalisco-no-supieran-del-crematorio-gertz-manero-anuncia-investigacion\/#primaryimage","url":"https:\/\/www.sonoraenequipo.com.mx\/storage\/2025\/03\/Fiscal-general-de-Mexico-min.jpg","contentUrl":"https:\/\/www.sonoraenequipo.com.mx\/storage\/2025\/03\/Fiscal-general-de-Mexico-min.jpg","width":1000,"height":658},{"@type":"BreadcrumbList","@id":"https:\/\/www.sonoraenequipo.com.mx\/no-es-creible-que-autoridades-de-jalisco-no-supieran-del-crematorio-gertz-manero-anuncia-investigacion\/#breadcrumb","itemListElement":[{"@type":"ListItem","position":1,"name":"Portada","item":"https:\/\/www.sonoraenequipo.com.mx\/"},{"@type":"ListItem","position":2,"name":"\u00abNo es cre\u00edble\u00bb que autoridades de Jalisco no supieran del crematorio; Gertz Manero anuncia investigaci\u00f3n"}]},{"@type":"WebSite","@id":"https:\/\/www.sonoraenequipo.com.mx\/#website","url":"https:\/\/www.sonoraenequipo.com.mx\/","name":"Sonora en Equipo.","description":"Diario en l\u00ednea con Noticias desde Hermosillo, Sonora","publisher":{"@id":"https:\/\/www.sonoraenequipo.com.mx\/#organization"},"potentialAction":[{"@type":"SearchAction","target":{"@type":"EntryPoint","urlTemplate":"https:\/\/www.sonoraenequipo.com.mx\/?s={search_term_string}"},"query-input":{"@type":"PropertyValueSpecification","valueRequired":true,"valueName":"search_term_string"}}],"inLanguage":"es"},{"@type":"Organization","@id":"https:\/\/www.sonoraenequipo.com.mx\/#organization","name":"Sonoraenequipo.com.mx","url":"https:\/\/www.sonoraenequipo.com.mx\/","logo":{"@type":"ImageObject","inLanguage":"es","@id":"https:\/\/www.sonoraenequipo.com.mx\/#\/schema\/logo\/image\/","url":"https:\/\/www.sonoraenequipo.com.mx\/storage\/2019\/01\/sonoraenequipo_opt.png","contentUrl":"https:\/\/www.sonoraenequipo.com.mx\/storage\/2019\/01\/sonoraenequipo_opt.png","width":375,"height":125,"caption":"Sonoraenequipo.com.mx"},"image":{"@id":"https:\/\/www.sonoraenequipo.com.mx\/#\/schema\/logo\/image\/"},"sameAs":["https:\/\/www.facebook.com\/SonoraEE\/","https:\/\/x.com\/sonoraenequipo","https:\/\/www.youtube.com\/channel\/UC338nW-lPEYmJQs4ZABQ1SQ"]},{"@type":"Person","@id":"https:\/\/www.sonoraenequipo.com.mx\/#\/schema\/person\/50102df0fb23a8fa9e8effad8fa81386","name":"enequipo","image":{"@type":"ImageObject","inLanguage":"es","@id":"https:\/\/www.sonoraenequipo.com.mx\/#\/schema\/person\/image\/","url":"https:\/\/secure.gravatar.com\/avatar\/049821681b589dabc0bc20695993ccebb09f5b5d4d790cd9251b97faac7c652b?s=96&d=blank&r=g","contentUrl":"https:\/\/secure.gravatar.com\/avatar\/049821681b589dabc0bc20695993ccebb09f5b5d4d790cd9251b97faac7c652b?s=96&d=blank&r=g","caption":"enequipo"},"sameAs":["https:\/\/www.facebook.com\/SonoraEE"]}]}},"jetpack_featured_media_url":"https:\/\/www.sonoraenequipo.com.mx\/storage\/2025\/03\/Fiscal-general-de-Mexico-min.jpg","_links":{"self":[{"href":"https:\/\/www.sonoraenequipo.com.mx\/api\/wp\/v2\/posts\/211240","targetHints":{"allow":["GET"]}}],"collection":[{"href":"https:\/\/www.sonoraenequipo.com.mx\/api\/wp\/v2\/posts"}],"about":[{"href":"https:\/\/www.sonoraenequipo.com.mx\/api\/wp\/v2\/types\/post"}],"author":[{"embeddable":true,"href":"https:\/\/www.sonoraenequipo.com.mx\/api\/wp\/v2\/users\/1"}],"replies":[{"embeddable":true,"href":"https:\/\/www.sonoraenequipo.com.mx\/api\/wp\/v2\/comments?post=211240"}],"version-history":[{"count":1,"href":"https:\/\/www.sonoraenequipo.com.mx\/api\/wp\/v2\/posts\/211240\/revisions"}],"predecessor-version":[{"id":211259,"href":"https:\/\/www.sonoraenequipo.com.mx\/api\/wp\/v2\/posts\/211240\/revisions\/211259"}],"wp:featuredmedia":[{"embeddable":true,"href":"https:\/\/www.sonoraenequipo.com.mx\/api\/wp\/v2\/media\/211230"}],"wp:attachment":[{"href":"https:\/\/www.sonoraenequipo.com.mx\/api\/wp\/v2\/media?parent=211240"}],"wp:term":[{"taxonomy":"category","embeddable":true,"href":"https:\/\/www.sonoraenequipo.com.mx\/api\/wp\/v2\/categories?post=211240"},{"taxonomy":"post_tag","embeddable":true,"href":"https:\/\/www.sonoraenequipo.com.mx\/api\/wp\/v2\/tags?post=211240"}],"curies":[{"name":"wp","href":"https:\/\/api.w.org\/{rel}","templated":true}]}}