{"id":211631,"date":"2025-03-16T11:18:06","date_gmt":"2025-03-16T18:18:06","guid":{"rendered":"https:\/\/www.sonoraenequipo.com.mx\/?p=211631"},"modified":"2025-03-16T13:09:05","modified_gmt":"2025-03-16T20:09:05","slug":"puente-vacacional-de-marzo-generara-una-derrama-de-mas-de-63-mmdp","status":"publish","type":"post","link":"https:\/\/www.sonoraenequipo.com.mx\/puente-vacacional-de-marzo-generara-una-derrama-de-mas-de-63-mmdp\/","title":{"rendered":"Puente vacacional de marzo generar\u00e1 una derrama de m\u00e1s de 63 mmdp"},"content":{"rendered":"<p><strong>CIUDAD DE M\u00c9XICO. MX.<\/strong> \u2014 Durante el segundo puente vacacional de 2025, con motivo de la conmemoraci\u00f3n del natalicio de Benito Ju\u00e1rez, el consumo tur\u00edstico total, seg\u00fan las estimaciones, ser\u00e1 de 63 mil 485 millones de pesos; 2 por ciento m\u00e1s que lo registrado en 2024.<\/p>\n<p>&nbsp;<\/p>\n<p>&nbsp;<\/p>\n<p> <\/p>\n<p>La secretaria de Turismo del Gobierno de M\u00e9xico, Josefina Rodr\u00edguez Zamora, destac\u00f3 que se espera que 3 millones 935 mil turistas se hospeden en los centros tur\u00edsticos del pa\u00eds, lo que representa un aumento del 1 por ciento comparado con el mismo lapso de 2024.<\/p>\n<p>&nbsp;<\/p>\n<p>&nbsp;<\/p>\n<p>En este puente vacacional, que abarca de 14 al 17 de marzo, se prev\u00e9 una ocupaci\u00f3n promedio del 71.4 por ciento a nivel nacional, lo que representa un incremento de 0.6 puntos porcentuales, en comparaci\u00f3n con el mismo periodo de 2024.<\/p>\n<p>&nbsp;<\/p>\n<p>&nbsp;<\/p>\n<p>Se estima que 1 mill\u00f3n 771 mil turistas se hospeden en hoteles durante este puente vacacional, 0.8 por ciento m\u00e1s que en 2024; de los cuales 1 mill\u00f3n 272 mil ser\u00e1n turistas nacionales, es decir, 71.8 por ciento del total y 499 mil ser\u00e1n extranjeros.<\/p>\n<p>&nbsp;<\/p>\n<p>&nbsp;<\/p>\n<p>Un mill\u00f3n 957 mil turistas nacionales optar\u00e1n por alojarse en casas de familiares y amigos, as\u00ed como en segundas residencias; mientras que 207 mil turistas extranjeros, se alojar\u00e1n en plataformas de hospedaje de econom\u00eda compartida.<\/p>\n<p>&nbsp;<\/p>\n<p>&nbsp;<\/p>\n<p>Se calcula una derrama econ\u00f3mica de 4 mil 172 millones de pesos por concepto de hospedaje.<\/p>\n<p>&nbsp;<\/p>\n<p>El porcentaje de ocupaci\u00f3n estimado en algunos de los principales destinos tur\u00edsticos del pa\u00eds ser\u00e1: Nuevo Nayarit, 92.0 por ciento; Riviera Maya, 90.7 por ciento; Canc\u00fan, 87.5 por ciento; Los Cabos, 86.7 por ciento; Puerto Vallarta, 86.1 por ciento; Bah\u00edas de Huatulco, 83.5 por ciento; La Paz, 82.1 por ciento; Quer\u00e9taro, 79.6 por ciento; Monterrey, 79.2 por ciento; Tecate, 78.8 por ciento, y M\u00e9rida, 75.7 por ciento.<\/p>\n<p>&nbsp;<\/p>\n<p>&nbsp;<\/p>\n<p>PUBLICADO EL 16 DE MARZO DE Con informaci\u00f3n de<\/p>\n","protected":false},"excerpt":{"rendered":"<p>CIUDAD DE M\u00c9XICO. MX. \u2014 Durante el segundo puente vacacional de 2025, con motivo de&#8230;<\/p>\n","protected":false},"author":1,"featured_media":211622,"comment_status":"open","ping_status":"open","sticky":false,"template":"","format":"standard","meta":{"_monsterinsights_skip_tracking":false,"_monsterinsights_sitenote_active":false,"_monsterinsights_sitenote_note":"","_monsterinsights_sitenote_category":0,"footnotes":""},"categories":[5],"tags":[],"class_list":["post"],"yoast_head":" \n<title>Sonora en Equipo. Puente vacacional de marzo generar\u00e1 una derrama de m\u00e1s de 63 mmdp Rep\u00fablica<\/title>\n<meta name=\"description\" content=\"CIUDAD DE M\u00c9XICO. MX. \u2014 Durante el segundo puente vacacional de 2025, con motivo de la conmemoraci\u00f3n del natalicio de Benito Ju\u00e1rez, el consumo tur\u00edstico En Sonora en Equipo publicamos toda la informaci\u00f3n de Sonora, M\u00e9xico y el Mundo de manera oportuna y busca que la libertad de expresi\u00f3n sea real. Visita nuestro medio informativo publicado desde Hermosillo, Sonora. %\" \/>\n<meta name=\"robots\" content=\"index, follow, max-snippet:-1, max-image-preview:large, max-video-preview:-1\" \/>\n<link rel=\"canonical\" href=\"https:\/\/www.sonoraenequipo.com.mx\/puente-vacacional-de-marzo-generara-una-derrama-de-mas-de-63-mmdp\/\" \/>\n<meta property=\"og:locale\" content=\"es_ES\" \/>\n<meta property=\"og:type\" content=\"article\" \/>\n<meta property=\"og:title\" content=\"Sonora en Equipo. Puente vacacional de marzo generar\u00e1 una derrama de m\u00e1s de 63 mmdp Rep\u00fablica\" \/>\n<meta property=\"og:description\" content=\"CIUDAD DE M\u00c9XICO. MX. \u2014 Durante el segundo puente vacacional de 2025, con motivo de la conmemoraci\u00f3n del natalicio de Benito Ju\u00e1rez, el consumo tur\u00edstico En Sonora en Equipo publicamos toda la informaci\u00f3n de Sonora, M\u00e9xico y el Mundo de manera oportuna y busca que la libertad de expresi\u00f3n sea real. Visita nuestro medio informativo publicado desde Hermosillo, Sonora. %\" \/>\n<meta property=\"og:url\" content=\"https:\/\/www.sonoraenequipo.com.mx\/puente-vacacional-de-marzo-generara-una-derrama-de-mas-de-63-mmdp\/\" \/>\n<meta property=\"og:site_name\" content=\"Sonora en Equipo.\" \/>\n<meta property=\"article:publisher\" content=\"https:\/\/www.facebook.com\/SonoraEE\/\" \/>\n<meta property=\"article:author\" content=\"https:\/\/www.facebook.com\/SonoraEE\" \/>\n<meta property=\"article:published_time\" content=\"2025-03-16T18:18:06+00:00\" \/>\n<meta property=\"article:modified_time\" content=\"2025-03-16T20:09:05+00:00\" \/>\n<meta property=\"og:image\" content=\"https:\/\/www.sonoraenequipo.com.mx\/storage\/2025\/03\/puente-vacacional-min.jpg\" \/>\n\t<meta property=\"og:image:width\" content=\"900\" \/>\n\t<meta property=\"og:image:height\" content=\"599\" \/>\n\t<meta property=\"og:image:type\" content=\"image\/jpeg\" \/>\n<meta name=\"author\" content=\"enequipo\" \/>\n<meta name=\"twitter:card\" content=\"summary_large_image\" \/>\n<meta name=\"twitter:creator\" content=\"@sonoraenequipo\" \/>\n<meta name=\"twitter:site\" content=\"@sonoraenequipo\" \/>\n<meta name=\"twitter:label1\" content=\"Escrito por\" \/>\n\t<meta name=\"twitter:data1\" content=\"enequipo\" \/>\n\t<meta name=\"twitter:label2\" content=\"Tiempo de lectura\" \/>\n\t<meta name=\"twitter:data2\" content=\"2 minutos\" \/>\n<script type=\"application\/ld+json\" class=\"yoast-schema-graph\">{\"@context\":\"https:\/\/schema.org\",\"@graph\":[{\"@type\":\"Article\",\"@id\":\"https:\/\/www.sonoraenequipo.com.mx\/puente-vacacional-de-marzo-generara-una-derrama-de-mas-de-63-mmdp\/#article\",\"isPartOf\":{\"@id\":\"https:\/\/www.sonoraenequipo.com.mx\/puente-vacacional-de-marzo-generara-una-derrama-de-mas-de-63-mmdp\/\"},\"author\":{\"name\":\"enequipo\",\"@id\":\"https:\/\/www.sonoraenequipo.com.mx\/#\/schema\/person\/50102df0fb23a8fa9e8effad8fa81386\"},\"headline\":\"Puente vacacional de marzo generar\u00e1 una derrama de m\u00e1s de 63 mmdp\",\"datePublished\":\"2025-03-16T18:18:06+00:00\",\"dateModified\":\"2025-03-16T20:09:05+00:00\",\"mainEntityOfPage\":{\"@id\":\"https:\/\/www.sonoraenequipo.com.mx\/puente-vacacional-de-marzo-generara-una-derrama-de-mas-de-63-mmdp\/\"},\"wordCount\":320,\"commentCount\":0,\"publisher\":{\"@id\":\"https:\/\/www.sonoraenequipo.com.mx\/#organization\"},\"image\":{\"@id\":\"https:\/\/www.sonoraenequipo.com.mx\/puente-vacacional-de-marzo-generara-una-derrama-de-mas-de-63-mmdp\/#primaryimage\"},\"thumbnailUrl\":\"https:\/\/www.sonoraenequipo.com.mx\/storage\/2025\/03\/puente-vacacional-min.jpg\",\"articleSection\":[\"Rep\u00fablica\"],\"inLanguage\":\"es\",\"potentialAction\":[{\"@type\":\"CommentAction\",\"name\":\"Comment\",\"target\":[\"https:\/\/www.sonoraenequipo.com.mx\/puente-vacacional-de-marzo-generara-una-derrama-de-mas-de-63-mmdp\/#respond\"]}]},{\"@type\":\"WebPage\",\"@id\":\"https:\/\/www.sonoraenequipo.com.mx\/puente-vacacional-de-marzo-generara-una-derrama-de-mas-de-63-mmdp\/\",\"url\":\"https:\/\/www.sonoraenequipo.com.mx\/puente-vacacional-de-marzo-generara-una-derrama-de-mas-de-63-mmdp\/\",\"name\":\"Sonora en Equipo. Puente vacacional de marzo generar\u00e1 una derrama de m\u00e1s de 63 mmdp Rep\u00fablica\",\"isPartOf\":{\"@id\":\"https:\/\/www.sonoraenequipo.com.mx\/#website\"},\"primaryImageOfPage\":{\"@id\":\"https:\/\/www.sonoraenequipo.com.mx\/puente-vacacional-de-marzo-generara-una-derrama-de-mas-de-63-mmdp\/#primaryimage\"},\"image\":{\"@id\":\"https:\/\/www.sonoraenequipo.com.mx\/puente-vacacional-de-marzo-generara-una-derrama-de-mas-de-63-mmdp\/#primaryimage\"},\"thumbnailUrl\":\"https:\/\/www.sonoraenequipo.com.mx\/storage\/2025\/03\/puente-vacacional-min.jpg\",\"datePublished\":\"2025-03-16T18:18:06+00:00\",\"dateModified\":\"2025-03-16T20:09:05+00:00\",\"description\":\"CIUDAD DE M\u00c9XICO. MX. \u2014 Durante el segundo puente vacacional de 2025, con motivo de la conmemoraci\u00f3n del natalicio de Benito Ju\u00e1rez, el consumo tur\u00edstico En Sonora en Equipo publicamos toda la informaci\u00f3n de Sonora, M\u00e9xico y el Mundo de manera oportuna y busca que la libertad de expresi\u00f3n sea real. Visita nuestro medio informativo publicado desde Hermosillo, Sonora. %\",\"breadcrumb\":{\"@id\":\"https:\/\/www.sonoraenequipo.com.mx\/puente-vacacional-de-marzo-generara-una-derrama-de-mas-de-63-mmdp\/#breadcrumb\"},\"inLanguage\":\"es\",\"potentialAction\":[{\"@type\":\"ReadAction\",\"target\":[\"https:\/\/www.sonoraenequipo.com.mx\/puente-vacacional-de-marzo-generara-una-derrama-de-mas-de-63-mmdp\/\"]}]},{\"@type\":\"ImageObject\",\"inLanguage\":\"es\",\"@id\":\"https:\/\/www.sonoraenequipo.com.mx\/puente-vacacional-de-marzo-generara-una-derrama-de-mas-de-63-mmdp\/#primaryimage\",\"url\":\"https:\/\/www.sonoraenequipo.com.mx\/storage\/2025\/03\/puente-vacacional-min.jpg\",\"contentUrl\":\"https:\/\/www.sonoraenequipo.com.mx\/storage\/2025\/03\/puente-vacacional-min.jpg\",\"width\":900,\"height\":599},{\"@type\":\"BreadcrumbList\",\"@id\":\"https:\/\/www.sonoraenequipo.com.mx\/puente-vacacional-de-marzo-generara-una-derrama-de-mas-de-63-mmdp\/#breadcrumb\",\"itemListElement\":[{\"@type\":\"ListItem\",\"position\":1,\"name\":\"Portada\",\"item\":\"https:\/\/www.sonoraenequipo.com.mx\/\"},{\"@type\":\"ListItem\",\"position\":2,\"name\":\"Puente vacacional de marzo generar\u00e1 una derrama de m\u00e1s de 63 mmdp\"}]},{\"@type\":\"WebSite\",\"@id\":\"https:\/\/www.sonoraenequipo.com.mx\/#website\",\"url\":\"https:\/\/www.sonoraenequipo.com.mx\/\",\"name\":\"Sonora en Equipo.\",\"description\":\"Diario en l\u00ednea con Noticias desde Hermosillo, Sonora\",\"publisher\":{\"@id\":\"https:\/\/www.sonoraenequipo.com.mx\/#organization\"},\"potentialAction\":[{\"@type\":\"SearchAction\",\"target\":{\"@type\":\"EntryPoint\",\"urlTemplate\":\"https:\/\/www.sonoraenequipo.com.mx\/?s={search_term_string}\"},\"query-input\":{\"@type\":\"PropertyValueSpecification\",\"valueRequired\":true,\"valueName\":\"search_term_string\"}}],\"inLanguage\":\"es\"},{\"@type\":\"Organization\",\"@id\":\"https:\/\/www.sonoraenequipo.com.mx\/#organization\",\"name\":\"Sonoraenequipo.com.mx\",\"url\":\"https:\/\/www.sonoraenequipo.com.mx\/\",\"logo\":{\"@type\":\"ImageObject\",\"inLanguage\":\"es\",\"@id\":\"https:\/\/www.sonoraenequipo.com.mx\/#\/schema\/logo\/image\/\",\"url\":\"https:\/\/www.sonoraenequipo.com.mx\/storage\/2019\/01\/sonoraenequipo_opt.png\",\"contentUrl\":\"https:\/\/www.sonoraenequipo.com.mx\/storage\/2019\/01\/sonoraenequipo_opt.png\",\"width\":375,\"height\":125,\"caption\":\"Sonoraenequipo.com.mx\"},\"image\":{\"@id\":\"https:\/\/www.sonoraenequipo.com.mx\/#\/schema\/logo\/image\/\"},\"sameAs\":[\"https:\/\/www.facebook.com\/SonoraEE\/\",\"https:\/\/x.com\/sonoraenequipo\",\"https:\/\/www.youtube.com\/channel\/UC338nW-lPEYmJQs4ZABQ1SQ\"]},{\"@type\":\"Person\",\"@id\":\"https:\/\/www.sonoraenequipo.com.mx\/#\/schema\/person\/50102df0fb23a8fa9e8effad8fa81386\",\"name\":\"enequipo\",\"image\":{\"@type\":\"ImageObject\",\"inLanguage\":\"es\",\"@id\":\"https:\/\/www.sonoraenequipo.com.mx\/#\/schema\/person\/image\/\",\"url\":\"https:\/\/secure.gravatar.com\/avatar\/049821681b589dabc0bc20695993ccebb09f5b5d4d790cd9251b97faac7c652b?s=96&d=blank&r=g\",\"contentUrl\":\"https:\/\/secure.gravatar.com\/avatar\/049821681b589dabc0bc20695993ccebb09f5b5d4d790cd9251b97faac7c652b?s=96&d=blank&r=g\",\"caption\":\"enequipo\"},\"sameAs\":[\"https:\/\/www.facebook.com\/SonoraEE\"]}]}<\/script>\n ","yoast_head_json":{"title":"Sonora en Equipo. Puente vacacional de marzo generar\u00e1 una derrama de m\u00e1s de 63 mmdp Rep\u00fablica","description":"CIUDAD DE M\u00c9XICO. MX. \u2014 Durante el segundo puente vacacional de 2025, con motivo de la conmemoraci\u00f3n del natalicio de Benito Ju\u00e1rez, el consumo tur\u00edstico En Sonora en Equipo publicamos toda la informaci\u00f3n de Sonora, M\u00e9xico y el Mundo de manera oportuna y busca que la libertad de expresi\u00f3n sea real. Visita nuestro medio informativo publicado desde Hermosillo, Sonora. %","robots":{"index":"index","follow":"follow","max-snippet":"max-snippet:-1","max-image-preview":"max-image-preview:large","max-video-preview":"max-video-preview:-1"},"canonical":"https:\/\/www.sonoraenequipo.com.mx\/puente-vacacional-de-marzo-generara-una-derrama-de-mas-de-63-mmdp\/","og_locale":"es_ES","og_type":"article","og_title":"Sonora en Equipo. Puente vacacional de marzo generar\u00e1 una derrama de m\u00e1s de 63 mmdp Rep\u00fablica","og_description":"CIUDAD DE M\u00c9XICO. MX. \u2014 Durante el segundo puente vacacional de 2025, con motivo de la conmemoraci\u00f3n del natalicio de Benito Ju\u00e1rez, el consumo tur\u00edstico En Sonora en Equipo publicamos toda la informaci\u00f3n de Sonora, M\u00e9xico y el Mundo de manera oportuna y busca que la libertad de expresi\u00f3n sea real. Visita nuestro medio informativo publicado desde Hermosillo, Sonora. %","og_url":"https:\/\/www.sonoraenequipo.com.mx\/puente-vacacional-de-marzo-generara-una-derrama-de-mas-de-63-mmdp\/","og_site_name":"Sonora en Equipo.","article_publisher":"https:\/\/www.facebook.com\/SonoraEE\/","article_author":"https:\/\/www.facebook.com\/SonoraEE","article_published_time":"2025-03-16T18:18:06+00:00","article_modified_time":"2025-03-16T20:09:05+00:00","og_image":[{"width":900,"height":599,"url":"https:\/\/www.sonoraenequipo.com.mx\/storage\/2025\/03\/puente-vacacional-min.jpg","type":"image\/jpeg"}],"author":"enequipo","twitter_card":"summary_large_image","twitter_creator":"@sonoraenequipo","twitter_site":"@sonoraenequipo","twitter_misc":{"Escrito por":"enequipo","Tiempo de lectura":"2 minutos"},"schema":{"@context":"https:\/\/schema.org","@graph":[{"@type":"Article","@id":"https:\/\/www.sonoraenequipo.com.mx\/puente-vacacional-de-marzo-generara-una-derrama-de-mas-de-63-mmdp\/#article","isPartOf":{"@id":"https:\/\/www.sonoraenequipo.com.mx\/puente-vacacional-de-marzo-generara-una-derrama-de-mas-de-63-mmdp\/"},"author":{"name":"enequipo","@id":"https:\/\/www.sonoraenequipo.com.mx\/#\/schema\/person\/50102df0fb23a8fa9e8effad8fa81386"},"headline":"Puente vacacional de marzo generar\u00e1 una derrama de m\u00e1s de 63 mmdp","datePublished":"2025-03-16T18:18:06+00:00","dateModified":"2025-03-16T20:09:05+00:00","mainEntityOfPage":{"@id":"https:\/\/www.sonoraenequipo.com.mx\/puente-vacacional-de-marzo-generara-una-derrama-de-mas-de-63-mmdp\/"},"wordCount":320,"commentCount":0,"publisher":{"@id":"https:\/\/www.sonoraenequipo.com.mx\/#organization"},"image":{"@id":"https:\/\/www.sonoraenequipo.com.mx\/puente-vacacional-de-marzo-generara-una-derrama-de-mas-de-63-mmdp\/#primaryimage"},"thumbnailUrl":"https:\/\/www.sonoraenequipo.com.mx\/storage\/2025\/03\/puente-vacacional-min.jpg","articleSection":["Rep\u00fablica"],"inLanguage":"es","potentialAction":[{"@type":"CommentAction","name":"Comment","target":["https:\/\/www.sonoraenequipo.com.mx\/puente-vacacional-de-marzo-generara-una-derrama-de-mas-de-63-mmdp\/#respond"]}]},{"@type":"WebPage","@id":"https:\/\/www.sonoraenequipo.com.mx\/puente-vacacional-de-marzo-generara-una-derrama-de-mas-de-63-mmdp\/","url":"https:\/\/www.sonoraenequipo.com.mx\/puente-vacacional-de-marzo-generara-una-derrama-de-mas-de-63-mmdp\/","name":"Sonora en Equipo. Puente vacacional de marzo generar\u00e1 una derrama de m\u00e1s de 63 mmdp Rep\u00fablica","isPartOf":{"@id":"https:\/\/www.sonoraenequipo.com.mx\/#website"},"primaryImageOfPage":{"@id":"https:\/\/www.sonoraenequipo.com.mx\/puente-vacacional-de-marzo-generara-una-derrama-de-mas-de-63-mmdp\/#primaryimage"},"image":{"@id":"https:\/\/www.sonoraenequipo.com.mx\/puente-vacacional-de-marzo-generara-una-derrama-de-mas-de-63-mmdp\/#primaryimage"},"thumbnailUrl":"https:\/\/www.sonoraenequipo.com.mx\/storage\/2025\/03\/puente-vacacional-min.jpg","datePublished":"2025-03-16T18:18:06+00:00","dateModified":"2025-03-16T20:09:05+00:00","description":"CIUDAD DE M\u00c9XICO. MX. \u2014 Durante el segundo puente vacacional de 2025, con motivo de la conmemoraci\u00f3n del natalicio de Benito Ju\u00e1rez, el consumo tur\u00edstico En Sonora en Equipo publicamos toda la informaci\u00f3n de Sonora, M\u00e9xico y el Mundo de manera oportuna y busca que la libertad de expresi\u00f3n sea real. Visita nuestro medio informativo publicado desde Hermosillo, Sonora. %","breadcrumb":{"@id":"https:\/\/www.sonoraenequipo.com.mx\/puente-vacacional-de-marzo-generara-una-derrama-de-mas-de-63-mmdp\/#breadcrumb"},"inLanguage":"es","potentialAction":[{"@type":"ReadAction","target":["https:\/\/www.sonoraenequipo.com.mx\/puente-vacacional-de-marzo-generara-una-derrama-de-mas-de-63-mmdp\/"]}]},{"@type":"ImageObject","inLanguage":"es","@id":"https:\/\/www.sonoraenequipo.com.mx\/puente-vacacional-de-marzo-generara-una-derrama-de-mas-de-63-mmdp\/#primaryimage","url":"https:\/\/www.sonoraenequipo.com.mx\/storage\/2025\/03\/puente-vacacional-min.jpg","contentUrl":"https:\/\/www.sonoraenequipo.com.mx\/storage\/2025\/03\/puente-vacacional-min.jpg","width":900,"height":599},{"@type":"BreadcrumbList","@id":"https:\/\/www.sonoraenequipo.com.mx\/puente-vacacional-de-marzo-generara-una-derrama-de-mas-de-63-mmdp\/#breadcrumb","itemListElement":[{"@type":"ListItem","position":1,"name":"Portada","item":"https:\/\/www.sonoraenequipo.com.mx\/"},{"@type":"ListItem","position":2,"name":"Puente vacacional de marzo generar\u00e1 una derrama de m\u00e1s de 63 mmdp"}]},{"@type":"WebSite","@id":"https:\/\/www.sonoraenequipo.com.mx\/#website","url":"https:\/\/www.sonoraenequipo.com.mx\/","name":"Sonora en Equipo.","description":"Diario en l\u00ednea con Noticias desde Hermosillo, Sonora","publisher":{"@id":"https:\/\/www.sonoraenequipo.com.mx\/#organization"},"potentialAction":[{"@type":"SearchAction","target":{"@type":"EntryPoint","urlTemplate":"https:\/\/www.sonoraenequipo.com.mx\/?s={search_term_string}"},"query-input":{"@type":"PropertyValueSpecification","valueRequired":true,"valueName":"search_term_string"}}],"inLanguage":"es"},{"@type":"Organization","@id":"https:\/\/www.sonoraenequipo.com.mx\/#organization","name":"Sonoraenequipo.com.mx","url":"https:\/\/www.sonoraenequipo.com.mx\/","logo":{"@type":"ImageObject","inLanguage":"es","@id":"https:\/\/www.sonoraenequipo.com.mx\/#\/schema\/logo\/image\/","url":"https:\/\/www.sonoraenequipo.com.mx\/storage\/2019\/01\/sonoraenequipo_opt.png","contentUrl":"https:\/\/www.sonoraenequipo.com.mx\/storage\/2019\/01\/sonoraenequipo_opt.png","width":375,"height":125,"caption":"Sonoraenequipo.com.mx"},"image":{"@id":"https:\/\/www.sonoraenequipo.com.mx\/#\/schema\/logo\/image\/"},"sameAs":["https:\/\/www.facebook.com\/SonoraEE\/","https:\/\/x.com\/sonoraenequipo","https:\/\/www.youtube.com\/channel\/UC338nW-lPEYmJQs4ZABQ1SQ"]},{"@type":"Person","@id":"https:\/\/www.sonoraenequipo.com.mx\/#\/schema\/person\/50102df0fb23a8fa9e8effad8fa81386","name":"enequipo","image":{"@type":"ImageObject","inLanguage":"es","@id":"https:\/\/www.sonoraenequipo.com.mx\/#\/schema\/person\/image\/","url":"https:\/\/secure.gravatar.com\/avatar\/049821681b589dabc0bc20695993ccebb09f5b5d4d790cd9251b97faac7c652b?s=96&d=blank&r=g","contentUrl":"https:\/\/secure.gravatar.com\/avatar\/049821681b589dabc0bc20695993ccebb09f5b5d4d790cd9251b97faac7c652b?s=96&d=blank&r=g","caption":"enequipo"},"sameAs":["https:\/\/www.facebook.com\/SonoraEE"]}]}},"jetpack_featured_media_url":"https:\/\/www.sonoraenequipo.com.mx\/storage\/2025\/03\/puente-vacacional-min.jpg","_links":{"self":[{"href":"https:\/\/www.sonoraenequipo.com.mx\/api\/wp\/v2\/posts\/211631","targetHints":{"allow":["GET"]}}],"collection":[{"href":"https:\/\/www.sonoraenequipo.com.mx\/api\/wp\/v2\/posts"}],"about":[{"href":"https:\/\/www.sonoraenequipo.com.mx\/api\/wp\/v2\/types\/post"}],"author":[{"embeddable":true,"href":"https:\/\/www.sonoraenequipo.com.mx\/api\/wp\/v2\/users\/1"}],"replies":[{"embeddable":true,"href":"https:\/\/www.sonoraenequipo.com.mx\/api\/wp\/v2\/comments?post=211631"}],"version-history":[{"count":1,"href":"https:\/\/www.sonoraenequipo.com.mx\/api\/wp\/v2\/posts\/211631\/revisions"}],"predecessor-version":[{"id":211632,"href":"https:\/\/www.sonoraenequipo.com.mx\/api\/wp\/v2\/posts\/211631\/revisions\/211632"}],"wp:featuredmedia":[{"embeddable":true,"href":"https:\/\/www.sonoraenequipo.com.mx\/api\/wp\/v2\/media\/211622"}],"wp:attachment":[{"href":"https:\/\/www.sonoraenequipo.com.mx\/api\/wp\/v2\/media?parent=211631"}],"wp:term":[{"taxonomy":"category","embeddable":true,"href":"https:\/\/www.sonoraenequipo.com.mx\/api\/wp\/v2\/categories?post=211631"},{"taxonomy":"post_tag","embeddable":true,"href":"https:\/\/www.sonoraenequipo.com.mx\/api\/wp\/v2\/tags?post=211631"}],"curies":[{"name":"wp","href":"https:\/\/api.w.org\/{rel}","templated":true}]}}