{"id":211651,"date":"2025-03-16T18:14:50","date_gmt":"2025-03-17T01:14:50","guid":{"rendered":"https:\/\/www.sonoraenequipo.com.mx\/?p=211651"},"modified":"2025-03-16T18:24:09","modified_gmt":"2025-03-17T01:24:09","slug":"vaticano-difunde-primera-imagen-del-papa-desde-que-ingreso-al-hospital","status":"publish","type":"post","link":"https:\/\/www.sonoraenequipo.com.mx\/vaticano-difunde-primera-imagen-del-papa-desde-que-ingreso-al-hospital\/","title":{"rendered":"Vaticano difunde primera imagen del Papa desde que ingres\u00f3 al hospital"},"content":{"rendered":"<p>El Vaticano comparti\u00f3 la primera foto del Papa Francisco desde que ingres\u00f3 al hospital Gemelli en Roma el pasado 14 de febrero<\/p>\n<p>&nbsp;<\/p>\n<p>\u201cEsta ma\u00f1ana (16\/03\/2025) el Papa Francisco ha concelebrado la Santa Misa en la capilla del apartamento del d\u00e9cimo piso en el Policl\u00ednico Gemelli\u201d, se\u00f1ala un texto informativo de la Oficina de Prensa del Vaticano<\/p>\n<p>En la foto se puede ver al Santo Padre sentado delante del altar de la capilla donde concelebr\u00f3 la Eucarist\u00eda, en lo que constituye la primera imagen del Pont\u00edfice desde que ingres\u00f3 al hospital, aquejado de bronquitis y luego de neumon\u00eda.<\/p>\n<p>&nbsp;<\/p>\n<p>La situaci\u00f3n del Papa Francisco sigue estable<\/p>\n<p>El Vaticano tambi\u00e9n informo que \u201cla situaci\u00f3n del Papa sigue estable\u201d y tras concelebrar la Misa dominical \u201cprosigue con alivio las terapias prescritas, incluida la terapia respiratoria y motora\u201d.<\/p>\n<p>&nbsp;<\/p>\n<p>El Papa Francisco no ha recibido visitas hoy y ha destinado la jornada a \u201cla oraci\u00f3n, el descanso y algo de trabajo\u201d.<\/p>\n<p>La Sala Stampa del Vaticano tambi\u00e9n precisa que ma\u00f1ana lunes \u201ctampoco habr\u00e1 bolet\u00edn m\u00e9dico. La Oficina de Prensa dar\u00e1 algunas informaciones generales a los periodistas por la tarde\u201d.<\/p>\n<p><strong>Fecha de publicaci\u00f3n domingo 16 de marzo de 2025 <\/strong><\/p>\n","protected":false},"excerpt":{"rendered":"<p>El Vaticano comparti\u00f3 la primera foto del Papa Francisco desde que ingres\u00f3 al hospital Gemelli&#8230;<\/p>\n","protected":false},"author":1,"featured_media":211652,"comment_status":"open","ping_status":"open","sticky":false,"template":"","format":"standard","meta":{"_monsterinsights_skip_tracking":false,"_monsterinsights_sitenote_active":false,"_monsterinsights_sitenote_note":"","_monsterinsights_sitenote_category":0,"footnotes":""},"categories":[3],"tags":[10987,3552,5872],"class_list":["post"],"yoast_head":" \n<title>Sonora en Equipo. Vaticano difunde primera imagen del Papa desde que ingres\u00f3 al hospital MUNDO<\/title>\n<meta name=\"description\" content=\"El Vaticano comparti\u00f3 la primera foto del Papa Francisco desde que ingres\u00f3 al hospital Gemelli en Roma el pasado 14 de febrero &nbsp; \u201cEsta ma\u00f1ana En Sonora en Equipo publicamos toda la informaci\u00f3n de Sonora, M\u00e9xico y el Mundo de manera oportuna y busca que la libertad de expresi\u00f3n sea real. Visita nuestro medio informativo publicado desde Hermosillo, Sonora. %\" \/>\n<meta name=\"robots\" content=\"index, follow, max-snippet:-1, max-image-preview:large, max-video-preview:-1\" \/>\n<link rel=\"canonical\" href=\"https:\/\/www.sonoraenequipo.com.mx\/vaticano-difunde-primera-imagen-del-papa-desde-que-ingreso-al-hospital\/\" \/>\n<meta property=\"og:locale\" content=\"es_ES\" \/>\n<meta property=\"og:type\" content=\"article\" \/>\n<meta property=\"og:title\" content=\"Sonora en Equipo. Vaticano difunde primera imagen del Papa desde que ingres\u00f3 al hospital MUNDO\" \/>\n<meta property=\"og:description\" content=\"El Vaticano comparti\u00f3 la primera foto del Papa Francisco desde que ingres\u00f3 al hospital Gemelli en Roma el pasado 14 de febrero &nbsp; \u201cEsta ma\u00f1ana En Sonora en Equipo publicamos toda la informaci\u00f3n de Sonora, M\u00e9xico y el Mundo de manera oportuna y busca que la libertad de expresi\u00f3n sea real. Visita nuestro medio informativo publicado desde Hermosillo, Sonora. %\" \/>\n<meta property=\"og:url\" content=\"https:\/\/www.sonoraenequipo.com.mx\/vaticano-difunde-primera-imagen-del-papa-desde-que-ingreso-al-hospital\/\" \/>\n<meta property=\"og:site_name\" content=\"Sonora en Equipo.\" \/>\n<meta property=\"article:publisher\" content=\"https:\/\/www.facebook.com\/SonoraEE\/\" \/>\n<meta property=\"article:author\" content=\"https:\/\/www.facebook.com\/SonoraEE\" \/>\n<meta property=\"article:published_time\" content=\"2025-03-17T01:14:50+00:00\" \/>\n<meta property=\"article:modified_time\" content=\"2025-03-17T01:24:09+00:00\" \/>\n<meta property=\"og:image\" content=\"https:\/\/www.sonoraenequipo.com.mx\/storage\/2025\/03\/papa-hospital.jpg\" \/>\n\t<meta property=\"og:image:width\" content=\"600\" \/>\n\t<meta property=\"og:image:height\" content=\"400\" \/>\n\t<meta property=\"og:image:type\" content=\"image\/jpeg\" \/>\n<meta name=\"author\" content=\"enequipo\" \/>\n<meta name=\"twitter:card\" content=\"summary_large_image\" \/>\n<meta name=\"twitter:creator\" content=\"@sonoraenequipo\" \/>\n<meta name=\"twitter:site\" content=\"@sonoraenequipo\" \/>\n<meta name=\"twitter:label1\" content=\"Escrito por\" \/>\n\t<meta name=\"twitter:data1\" content=\"enequipo\" \/>\n\t<meta name=\"twitter:label2\" content=\"Tiempo de lectura\" \/>\n\t<meta name=\"twitter:data2\" content=\"1 minuto\" \/>\n<script type=\"application\/ld+json\" class=\"yoast-schema-graph\">{\"@context\":\"https:\/\/schema.org\",\"@graph\":[{\"@type\":\"Article\",\"@id\":\"https:\/\/www.sonoraenequipo.com.mx\/vaticano-difunde-primera-imagen-del-papa-desde-que-ingreso-al-hospital\/#article\",\"isPartOf\":{\"@id\":\"https:\/\/www.sonoraenequipo.com.mx\/vaticano-difunde-primera-imagen-del-papa-desde-que-ingreso-al-hospital\/\"},\"author\":{\"name\":\"enequipo\",\"@id\":\"https:\/\/www.sonoraenequipo.com.mx\/#\/schema\/person\/50102df0fb23a8fa9e8effad8fa81386\"},\"headline\":\"Vaticano difunde primera imagen del Papa desde que ingres\u00f3 al hospital\",\"datePublished\":\"2025-03-17T01:14:50+00:00\",\"dateModified\":\"2025-03-17T01:24:09+00:00\",\"mainEntityOfPage\":{\"@id\":\"https:\/\/www.sonoraenequipo.com.mx\/vaticano-difunde-primera-imagen-del-papa-desde-que-ingreso-al-hospital\/\"},\"wordCount\":218,\"commentCount\":0,\"publisher\":{\"@id\":\"https:\/\/www.sonoraenequipo.com.mx\/#organization\"},\"image\":{\"@id\":\"https:\/\/www.sonoraenequipo.com.mx\/vaticano-difunde-primera-imagen-del-papa-desde-que-ingreso-al-hospital\/#primaryimage\"},\"thumbnailUrl\":\"https:\/\/www.sonoraenequipo.com.mx\/storage\/2025\/03\/papa-hospital.jpg\",\"keywords\":[\"enfermo\",\"FRANCISCO\",\"papa\"],\"articleSection\":[\"MUNDO\"],\"inLanguage\":\"es\",\"potentialAction\":[{\"@type\":\"CommentAction\",\"name\":\"Comment\",\"target\":[\"https:\/\/www.sonoraenequipo.com.mx\/vaticano-difunde-primera-imagen-del-papa-desde-que-ingreso-al-hospital\/#respond\"]}]},{\"@type\":\"WebPage\",\"@id\":\"https:\/\/www.sonoraenequipo.com.mx\/vaticano-difunde-primera-imagen-del-papa-desde-que-ingreso-al-hospital\/\",\"url\":\"https:\/\/www.sonoraenequipo.com.mx\/vaticano-difunde-primera-imagen-del-papa-desde-que-ingreso-al-hospital\/\",\"name\":\"Sonora en Equipo. Vaticano difunde primera imagen del Papa desde que ingres\u00f3 al hospital MUNDO\",\"isPartOf\":{\"@id\":\"https:\/\/www.sonoraenequipo.com.mx\/#website\"},\"primaryImageOfPage\":{\"@id\":\"https:\/\/www.sonoraenequipo.com.mx\/vaticano-difunde-primera-imagen-del-papa-desde-que-ingreso-al-hospital\/#primaryimage\"},\"image\":{\"@id\":\"https:\/\/www.sonoraenequipo.com.mx\/vaticano-difunde-primera-imagen-del-papa-desde-que-ingreso-al-hospital\/#primaryimage\"},\"thumbnailUrl\":\"https:\/\/www.sonoraenequipo.com.mx\/storage\/2025\/03\/papa-hospital.jpg\",\"datePublished\":\"2025-03-17T01:14:50+00:00\",\"dateModified\":\"2025-03-17T01:24:09+00:00\",\"description\":\"El Vaticano comparti\u00f3 la primera foto del Papa Francisco desde que ingres\u00f3 al hospital Gemelli en Roma el pasado 14 de febrero &nbsp; \u201cEsta ma\u00f1ana En Sonora en Equipo publicamos toda la informaci\u00f3n de Sonora, M\u00e9xico y el Mundo de manera oportuna y busca que la libertad de expresi\u00f3n sea real. Visita nuestro medio informativo publicado desde Hermosillo, Sonora. %\",\"breadcrumb\":{\"@id\":\"https:\/\/www.sonoraenequipo.com.mx\/vaticano-difunde-primera-imagen-del-papa-desde-que-ingreso-al-hospital\/#breadcrumb\"},\"inLanguage\":\"es\",\"potentialAction\":[{\"@type\":\"ReadAction\",\"target\":[\"https:\/\/www.sonoraenequipo.com.mx\/vaticano-difunde-primera-imagen-del-papa-desde-que-ingreso-al-hospital\/\"]}]},{\"@type\":\"ImageObject\",\"inLanguage\":\"es\",\"@id\":\"https:\/\/www.sonoraenequipo.com.mx\/vaticano-difunde-primera-imagen-del-papa-desde-que-ingreso-al-hospital\/#primaryimage\",\"url\":\"https:\/\/www.sonoraenequipo.com.mx\/storage\/2025\/03\/papa-hospital.jpg\",\"contentUrl\":\"https:\/\/www.sonoraenequipo.com.mx\/storage\/2025\/03\/papa-hospital.jpg\",\"width\":600,\"height\":400,\"caption\":\"La primera foto del Papa Francisco desde que ingres\u00f3 al hospital Gemelli el 14 de febrero. | Cr\u00e9dito. Sala Stampa de la Santa Sede.\"},{\"@type\":\"BreadcrumbList\",\"@id\":\"https:\/\/www.sonoraenequipo.com.mx\/vaticano-difunde-primera-imagen-del-papa-desde-que-ingreso-al-hospital\/#breadcrumb\",\"itemListElement\":[{\"@type\":\"ListItem\",\"position\":1,\"name\":\"Portada\",\"item\":\"https:\/\/www.sonoraenequipo.com.mx\/\"},{\"@type\":\"ListItem\",\"position\":2,\"name\":\"Vaticano difunde primera imagen del Papa desde que ingres\u00f3 al hospital\"}]},{\"@type\":\"WebSite\",\"@id\":\"https:\/\/www.sonoraenequipo.com.mx\/#website\",\"url\":\"https:\/\/www.sonoraenequipo.com.mx\/\",\"name\":\"Sonora en Equipo.\",\"description\":\"Diario en l\u00ednea con Noticias desde Hermosillo, Sonora\",\"publisher\":{\"@id\":\"https:\/\/www.sonoraenequipo.com.mx\/#organization\"},\"potentialAction\":[{\"@type\":\"SearchAction\",\"target\":{\"@type\":\"EntryPoint\",\"urlTemplate\":\"https:\/\/www.sonoraenequipo.com.mx\/?s={search_term_string}\"},\"query-input\":{\"@type\":\"PropertyValueSpecification\",\"valueRequired\":true,\"valueName\":\"search_term_string\"}}],\"inLanguage\":\"es\"},{\"@type\":\"Organization\",\"@id\":\"https:\/\/www.sonoraenequipo.com.mx\/#organization\",\"name\":\"Sonoraenequipo.com.mx\",\"url\":\"https:\/\/www.sonoraenequipo.com.mx\/\",\"logo\":{\"@type\":\"ImageObject\",\"inLanguage\":\"es\",\"@id\":\"https:\/\/www.sonoraenequipo.com.mx\/#\/schema\/logo\/image\/\",\"url\":\"https:\/\/www.sonoraenequipo.com.mx\/storage\/2019\/01\/sonoraenequipo_opt.png\",\"contentUrl\":\"https:\/\/www.sonoraenequipo.com.mx\/storage\/2019\/01\/sonoraenequipo_opt.png\",\"width\":375,\"height\":125,\"caption\":\"Sonoraenequipo.com.mx\"},\"image\":{\"@id\":\"https:\/\/www.sonoraenequipo.com.mx\/#\/schema\/logo\/image\/\"},\"sameAs\":[\"https:\/\/www.facebook.com\/SonoraEE\/\",\"https:\/\/x.com\/sonoraenequipo\",\"https:\/\/www.youtube.com\/channel\/UC338nW-lPEYmJQs4ZABQ1SQ\"]},{\"@type\":\"Person\",\"@id\":\"https:\/\/www.sonoraenequipo.com.mx\/#\/schema\/person\/50102df0fb23a8fa9e8effad8fa81386\",\"name\":\"enequipo\",\"image\":{\"@type\":\"ImageObject\",\"inLanguage\":\"es\",\"@id\":\"https:\/\/www.sonoraenequipo.com.mx\/#\/schema\/person\/image\/\",\"url\":\"https:\/\/secure.gravatar.com\/avatar\/049821681b589dabc0bc20695993ccebb09f5b5d4d790cd9251b97faac7c652b?s=96&d=blank&r=g\",\"contentUrl\":\"https:\/\/secure.gravatar.com\/avatar\/049821681b589dabc0bc20695993ccebb09f5b5d4d790cd9251b97faac7c652b?s=96&d=blank&r=g\",\"caption\":\"enequipo\"},\"sameAs\":[\"https:\/\/www.facebook.com\/SonoraEE\"]}]}<\/script>\n ","yoast_head_json":{"title":"Sonora en Equipo. Vaticano difunde primera imagen del Papa desde que ingres\u00f3 al hospital MUNDO","description":"El Vaticano comparti\u00f3 la primera foto del Papa Francisco desde que ingres\u00f3 al hospital Gemelli en Roma el pasado 14 de febrero &nbsp; \u201cEsta ma\u00f1ana En Sonora en Equipo publicamos toda la informaci\u00f3n de Sonora, M\u00e9xico y el Mundo de manera oportuna y busca que la libertad de expresi\u00f3n sea real. Visita nuestro medio informativo publicado desde Hermosillo, Sonora. %","robots":{"index":"index","follow":"follow","max-snippet":"max-snippet:-1","max-image-preview":"max-image-preview:large","max-video-preview":"max-video-preview:-1"},"canonical":"https:\/\/www.sonoraenequipo.com.mx\/vaticano-difunde-primera-imagen-del-papa-desde-que-ingreso-al-hospital\/","og_locale":"es_ES","og_type":"article","og_title":"Sonora en Equipo. Vaticano difunde primera imagen del Papa desde que ingres\u00f3 al hospital MUNDO","og_description":"El Vaticano comparti\u00f3 la primera foto del Papa Francisco desde que ingres\u00f3 al hospital Gemelli en Roma el pasado 14 de febrero &nbsp; \u201cEsta ma\u00f1ana En Sonora en Equipo publicamos toda la informaci\u00f3n de Sonora, M\u00e9xico y el Mundo de manera oportuna y busca que la libertad de expresi\u00f3n sea real. Visita nuestro medio informativo publicado desde Hermosillo, Sonora. %","og_url":"https:\/\/www.sonoraenequipo.com.mx\/vaticano-difunde-primera-imagen-del-papa-desde-que-ingreso-al-hospital\/","og_site_name":"Sonora en Equipo.","article_publisher":"https:\/\/www.facebook.com\/SonoraEE\/","article_author":"https:\/\/www.facebook.com\/SonoraEE","article_published_time":"2025-03-17T01:14:50+00:00","article_modified_time":"2025-03-17T01:24:09+00:00","og_image":[{"width":600,"height":400,"url":"https:\/\/www.sonoraenequipo.com.mx\/storage\/2025\/03\/papa-hospital.jpg","type":"image\/jpeg"}],"author":"enequipo","twitter_card":"summary_large_image","twitter_creator":"@sonoraenequipo","twitter_site":"@sonoraenequipo","twitter_misc":{"Escrito por":"enequipo","Tiempo de lectura":"1 minuto"},"schema":{"@context":"https:\/\/schema.org","@graph":[{"@type":"Article","@id":"https:\/\/www.sonoraenequipo.com.mx\/vaticano-difunde-primera-imagen-del-papa-desde-que-ingreso-al-hospital\/#article","isPartOf":{"@id":"https:\/\/www.sonoraenequipo.com.mx\/vaticano-difunde-primera-imagen-del-papa-desde-que-ingreso-al-hospital\/"},"author":{"name":"enequipo","@id":"https:\/\/www.sonoraenequipo.com.mx\/#\/schema\/person\/50102df0fb23a8fa9e8effad8fa81386"},"headline":"Vaticano difunde primera imagen del Papa desde que ingres\u00f3 al hospital","datePublished":"2025-03-17T01:14:50+00:00","dateModified":"2025-03-17T01:24:09+00:00","mainEntityOfPage":{"@id":"https:\/\/www.sonoraenequipo.com.mx\/vaticano-difunde-primera-imagen-del-papa-desde-que-ingreso-al-hospital\/"},"wordCount":218,"commentCount":0,"publisher":{"@id":"https:\/\/www.sonoraenequipo.com.mx\/#organization"},"image":{"@id":"https:\/\/www.sonoraenequipo.com.mx\/vaticano-difunde-primera-imagen-del-papa-desde-que-ingreso-al-hospital\/#primaryimage"},"thumbnailUrl":"https:\/\/www.sonoraenequipo.com.mx\/storage\/2025\/03\/papa-hospital.jpg","keywords":["enfermo","FRANCISCO","papa"],"articleSection":["MUNDO"],"inLanguage":"es","potentialAction":[{"@type":"CommentAction","name":"Comment","target":["https:\/\/www.sonoraenequipo.com.mx\/vaticano-difunde-primera-imagen-del-papa-desde-que-ingreso-al-hospital\/#respond"]}]},{"@type":"WebPage","@id":"https:\/\/www.sonoraenequipo.com.mx\/vaticano-difunde-primera-imagen-del-papa-desde-que-ingreso-al-hospital\/","url":"https:\/\/www.sonoraenequipo.com.mx\/vaticano-difunde-primera-imagen-del-papa-desde-que-ingreso-al-hospital\/","name":"Sonora en Equipo. Vaticano difunde primera imagen del Papa desde que ingres\u00f3 al hospital MUNDO","isPartOf":{"@id":"https:\/\/www.sonoraenequipo.com.mx\/#website"},"primaryImageOfPage":{"@id":"https:\/\/www.sonoraenequipo.com.mx\/vaticano-difunde-primera-imagen-del-papa-desde-que-ingreso-al-hospital\/#primaryimage"},"image":{"@id":"https:\/\/www.sonoraenequipo.com.mx\/vaticano-difunde-primera-imagen-del-papa-desde-que-ingreso-al-hospital\/#primaryimage"},"thumbnailUrl":"https:\/\/www.sonoraenequipo.com.mx\/storage\/2025\/03\/papa-hospital.jpg","datePublished":"2025-03-17T01:14:50+00:00","dateModified":"2025-03-17T01:24:09+00:00","description":"El Vaticano comparti\u00f3 la primera foto del Papa Francisco desde que ingres\u00f3 al hospital Gemelli en Roma el pasado 14 de febrero &nbsp; \u201cEsta ma\u00f1ana En Sonora en Equipo publicamos toda la informaci\u00f3n de Sonora, M\u00e9xico y el Mundo de manera oportuna y busca que la libertad de expresi\u00f3n sea real. Visita nuestro medio informativo publicado desde Hermosillo, Sonora. %","breadcrumb":{"@id":"https:\/\/www.sonoraenequipo.com.mx\/vaticano-difunde-primera-imagen-del-papa-desde-que-ingreso-al-hospital\/#breadcrumb"},"inLanguage":"es","potentialAction":[{"@type":"ReadAction","target":["https:\/\/www.sonoraenequipo.com.mx\/vaticano-difunde-primera-imagen-del-papa-desde-que-ingreso-al-hospital\/"]}]},{"@type":"ImageObject","inLanguage":"es","@id":"https:\/\/www.sonoraenequipo.com.mx\/vaticano-difunde-primera-imagen-del-papa-desde-que-ingreso-al-hospital\/#primaryimage","url":"https:\/\/www.sonoraenequipo.com.mx\/storage\/2025\/03\/papa-hospital.jpg","contentUrl":"https:\/\/www.sonoraenequipo.com.mx\/storage\/2025\/03\/papa-hospital.jpg","width":600,"height":400,"caption":"La primera foto del Papa Francisco desde que ingres\u00f3 al hospital Gemelli el 14 de febrero. | Cr\u00e9dito. Sala Stampa de la Santa Sede."},{"@type":"BreadcrumbList","@id":"https:\/\/www.sonoraenequipo.com.mx\/vaticano-difunde-primera-imagen-del-papa-desde-que-ingreso-al-hospital\/#breadcrumb","itemListElement":[{"@type":"ListItem","position":1,"name":"Portada","item":"https:\/\/www.sonoraenequipo.com.mx\/"},{"@type":"ListItem","position":2,"name":"Vaticano difunde primera imagen del Papa desde que ingres\u00f3 al hospital"}]},{"@type":"WebSite","@id":"https:\/\/www.sonoraenequipo.com.mx\/#website","url":"https:\/\/www.sonoraenequipo.com.mx\/","name":"Sonora en Equipo.","description":"Diario en l\u00ednea con Noticias desde Hermosillo, Sonora","publisher":{"@id":"https:\/\/www.sonoraenequipo.com.mx\/#organization"},"potentialAction":[{"@type":"SearchAction","target":{"@type":"EntryPoint","urlTemplate":"https:\/\/www.sonoraenequipo.com.mx\/?s={search_term_string}"},"query-input":{"@type":"PropertyValueSpecification","valueRequired":true,"valueName":"search_term_string"}}],"inLanguage":"es"},{"@type":"Organization","@id":"https:\/\/www.sonoraenequipo.com.mx\/#organization","name":"Sonoraenequipo.com.mx","url":"https:\/\/www.sonoraenequipo.com.mx\/","logo":{"@type":"ImageObject","inLanguage":"es","@id":"https:\/\/www.sonoraenequipo.com.mx\/#\/schema\/logo\/image\/","url":"https:\/\/www.sonoraenequipo.com.mx\/storage\/2019\/01\/sonoraenequipo_opt.png","contentUrl":"https:\/\/www.sonoraenequipo.com.mx\/storage\/2019\/01\/sonoraenequipo_opt.png","width":375,"height":125,"caption":"Sonoraenequipo.com.mx"},"image":{"@id":"https:\/\/www.sonoraenequipo.com.mx\/#\/schema\/logo\/image\/"},"sameAs":["https:\/\/www.facebook.com\/SonoraEE\/","https:\/\/x.com\/sonoraenequipo","https:\/\/www.youtube.com\/channel\/UC338nW-lPEYmJQs4ZABQ1SQ"]},{"@type":"Person","@id":"https:\/\/www.sonoraenequipo.com.mx\/#\/schema\/person\/50102df0fb23a8fa9e8effad8fa81386","name":"enequipo","image":{"@type":"ImageObject","inLanguage":"es","@id":"https:\/\/www.sonoraenequipo.com.mx\/#\/schema\/person\/image\/","url":"https:\/\/secure.gravatar.com\/avatar\/049821681b589dabc0bc20695993ccebb09f5b5d4d790cd9251b97faac7c652b?s=96&d=blank&r=g","contentUrl":"https:\/\/secure.gravatar.com\/avatar\/049821681b589dabc0bc20695993ccebb09f5b5d4d790cd9251b97faac7c652b?s=96&d=blank&r=g","caption":"enequipo"},"sameAs":["https:\/\/www.facebook.com\/SonoraEE"]}]}},"jetpack_featured_media_url":"https:\/\/www.sonoraenequipo.com.mx\/storage\/2025\/03\/papa-hospital.jpg","_links":{"self":[{"href":"https:\/\/www.sonoraenequipo.com.mx\/api\/wp\/v2\/posts\/211651","targetHints":{"allow":["GET"]}}],"collection":[{"href":"https:\/\/www.sonoraenequipo.com.mx\/api\/wp\/v2\/posts"}],"about":[{"href":"https:\/\/www.sonoraenequipo.com.mx\/api\/wp\/v2\/types\/post"}],"author":[{"embeddable":true,"href":"https:\/\/www.sonoraenequipo.com.mx\/api\/wp\/v2\/users\/1"}],"replies":[{"embeddable":true,"href":"https:\/\/www.sonoraenequipo.com.mx\/api\/wp\/v2\/comments?post=211651"}],"version-history":[{"count":1,"href":"https:\/\/www.sonoraenequipo.com.mx\/api\/wp\/v2\/posts\/211651\/revisions"}],"predecessor-version":[{"id":211653,"href":"https:\/\/www.sonoraenequipo.com.mx\/api\/wp\/v2\/posts\/211651\/revisions\/211653"}],"wp:featuredmedia":[{"embeddable":true,"href":"https:\/\/www.sonoraenequipo.com.mx\/api\/wp\/v2\/media\/211652"}],"wp:attachment":[{"href":"https:\/\/www.sonoraenequipo.com.mx\/api\/wp\/v2\/media?parent=211651"}],"wp:term":[{"taxonomy":"category","embeddable":true,"href":"https:\/\/www.sonoraenequipo.com.mx\/api\/wp\/v2\/categories?post=211651"},{"taxonomy":"post_tag","embeddable":true,"href":"https:\/\/www.sonoraenequipo.com.mx\/api\/wp\/v2\/tags?post=211651"}],"curies":[{"name":"wp","href":"https:\/\/api.w.org\/{rel}","templated":true}]}}