{"id":211659,"date":"2025-03-16T21:23:49","date_gmt":"2025-03-17T04:23:49","guid":{"rendered":"https:\/\/www.sonoraenequipo.com.mx\/?p=211659"},"modified":"2025-03-16T20:40:43","modified_gmt":"2025-03-17T03:40:43","slug":"establece-gobierno-de-sonora-red-de-vinculadores-de-instituciones-de-educacion-superior-froylan-gamez","status":"publish","type":"post","link":"https:\/\/www.sonoraenequipo.com.mx\/establece-gobierno-de-sonora-red-de-vinculadores-de-instituciones-de-educacion-superior-froylan-gamez\/","title":{"rendered":"Establece Gobierno de Sonora Red de Vinculadores de Instituciones de Educaci\u00f3n Superior: Froyl\u00e1n G\u00e1mez"},"content":{"rendered":"<p><b>HERMOSILLO, SONORA. MX. \u2014 <\/b>Para garantizar la mejora continua del sistema educativo en Sonora, promoviendo la vinculaci\u00f3n, innovaci\u00f3n, el desarrollo tecnol\u00f3gico y la implementaci\u00f3n de modelos educativos adecuados a las necesidades del contexto regional y nacional, se estableci\u00f3 la Red de Vinculadores de Instituciones de Educaci\u00f3n Superior, anunci\u00f3 Froyl\u00e1n G\u00e1mez Gamboa.<\/p>\n<p>&nbsp;<\/p>\n<p>&nbsp;<\/p>\n<p>&nbsp;<\/p>\n<p> <\/p>\n<p>El titular de la Secretar\u00eda de Educaci\u00f3n y Cultura (SEC) inform\u00f3 que este nuevo \u00f3rgano colegiado fortalecer\u00e1 la colaboraci\u00f3n efectiva entre universidades, autoridades educativas y de gobierno, empresas y sociedad civil para detonar proyectos estrat\u00e9gicos en \u00e1reas clave como alta tecnolog\u00eda, econom\u00eda social, educaci\u00f3n dual, energ\u00edas limpias, agroindustria y aquellos alineados al Plan Sonora de Energ\u00eda Sostenible.<\/p>\n<p>&nbsp;<\/p>\n<p>&nbsp;<\/p>\n<p>&nbsp;<\/p>\n<p>G\u00e1mez Gamboa a\u00f1adi\u00f3 que durante la firma del documento y primera Reuni\u00f3n Estatal de Vinculadores de las Instituciones de Educaci\u00f3n Superior (IES) del Estado de Sonora, los integrantes se comprometieron a generar un impacto positivo en el desarrollo econ\u00f3mico y social de la entidad, a trav\u00e9s de la excelencia y la innovaci\u00f3n acad\u00e9mica.<\/p>\n<p>&nbsp;<\/p>\n<p>&nbsp;<\/p>\n<p>&nbsp;<\/p>\n<p><img loading=\"lazy\" decoding=\"async\" class=\"x-none size-full \" src=\"https:\/\/www.sonoraenequipo.com.mx\/storage\/2025\/03\/Instituciones-de-Educacion-Superior-min-1.jpg\" alt=\"\" width=\"1198\" height=\"594\" \/><\/p>\n<p>Asimismo, resalt\u00f3 que se llevar\u00e1n a cabo acciones como la creaci\u00f3n de espacios de colaboraci\u00f3n, la generaci\u00f3n de proyectos estrat\u00e9gicos de vinculaci\u00f3n y la promoci\u00f3n de buenas pr\u00e1cticas en las IES.<\/p>\n<h3><\/h3>\n<p>&nbsp;<\/p>\n<p>&nbsp;<\/p>\n<h3>Red de Vinculadores de las Instituciones de Educaci\u00f3n Superior del Estado de Sonora:<\/h3>\n<p>&nbsp;<\/p>\n<p>&nbsp;<\/p>\n<p><strong>\u2022 Universidad Estatal de Sonora<\/strong><\/p>\n<p>&nbsp;<\/p>\n<p><strong>\u2022 Universidad de Sonora<\/strong><\/p>\n<p>&nbsp;<\/p>\n<p><strong>\u2022 Universidad de la Sierra<\/strong><\/p>\n<p>&nbsp;<\/p>\n<p><strong>\u2022 El Colegio de Sonora<\/strong><\/p>\n<p>&nbsp;<\/p>\n<p><strong>\u2022 Instituto Tecnol\u00f3gico de Sonora<\/strong><\/p>\n<p>&nbsp;<\/p>\n<p><strong>\u2022 Universidad del Pueblo Yaqui<\/strong><\/p>\n<p>&nbsp;<\/p>\n<p><strong>\u2022 Universidad Tecnol\u00f3gica de San Luis R\u00edo Colorado<\/strong><\/p>\n<p>&nbsp;<\/p>\n<p><strong>\u2022 Universidad Tecnol\u00f3gica de Puerto Pe\u00f1asco<\/strong><\/p>\n<p>&nbsp;<\/p>\n<p><strong>\u2022 Universidad Tecnol\u00f3gica de Nogales<\/strong><\/p>\n<p>&nbsp;<\/p>\n<p><strong>\u2022 Universidad Tecnol\u00f3gica de Hermosillo<\/strong><\/p>\n<p>&nbsp;<\/p>\n<p><strong>\u2022 Universidad Tecnol\u00f3gica de Guaymas<\/strong><\/p>\n<p>&nbsp;<\/p>\n<p><strong>\u2022 Universidad Tecnol\u00f3gica del Sur de Sonora<\/strong><\/p>\n<p>&nbsp;<\/p>\n<p><strong>\u2022 Universidad Tecnol\u00f3gica de Etchojoa<\/strong><\/p>\n<p>&nbsp;<\/p>\n<p><strong>\u2022 Instituto Tecnol\u00f3gico Superior de Cananea<\/strong><\/p>\n<p>&nbsp;<\/p>\n<p><strong>\u2022 Instituto Tecnol\u00f3gico Superior de Puerto Pe\u00f1asco<\/strong><\/p>\n<p>&nbsp;<\/p>\n<p><strong>\u2022 Instituto Tecnol\u00f3gico Superior de Cajeme<\/strong><\/p>\n<p>&nbsp;<\/p>\n<p><strong>\u2022 Instituto Tecnol\u00f3gico de Agua Prieta<\/strong><\/p>\n<p>&nbsp;<\/p>\n<p><strong>\u2022 Instituto Tecnol\u00f3gico de Nogales<\/strong><\/p>\n<p>&nbsp;<\/p>\n<p><strong>\u2022 Instituto Tecnol\u00f3gico de Hermosillo<\/strong><\/p>\n<p>&nbsp;<\/p>\n<p><strong>\u2022 Instituto Tecnol\u00f3gico de Guaymas<\/strong><\/p>\n<p>&nbsp;<\/p>\n<p><strong>\u2022 Instituto Tecnol\u00f3gico del Valle del Yaqui<\/strong><\/p>\n<p>&nbsp;<\/p>\n<p><strong>\u2022 Instituto Tecnol\u00f3gico de Huatabampo<\/strong><\/p>\n<p>&nbsp;<\/p>\n<p>&nbsp;<\/p>\n<p>&nbsp;<\/p>\n<p>PUBLICADO EL 16 DE MARZO DE Con informaci\u00f3n de GOBSON 0325112)<\/p>\n","protected":false},"excerpt":{"rendered":"<p>HERMOSILLO, SONORA. MX. \u2014 Para garantizar la mejora continua del sistema educativo en Sonora, promoviendo&#8230;<\/p>\n","protected":false},"author":1,"featured_media":211660,"comment_status":"open","ping_status":"open","sticky":false,"template":"","format":"standard","meta":{"_monsterinsights_skip_tracking":false,"_monsterinsights_sitenote_active":false,"_monsterinsights_sitenote_note":"","_monsterinsights_sitenote_category":0,"footnotes":""},"categories":[22],"tags":[],"class_list":["post"],"yoast_head":" \n<title>Sonora en Equipo. Establece Gobierno de Sonora Red de Vinculadores de Instituciones de Educaci\u00f3n Superior: Froyl\u00e1n G\u00e1mez Sonora<\/title>\n<meta name=\"description\" content=\"HERMOSILLO, SONORA. MX. \u2014 Para garantizar la mejora continua del sistema educativo en Sonora, promoviendo la vinculaci\u00f3n, innovaci\u00f3n, el desarrollo En Sonora en Equipo publicamos toda la informaci\u00f3n de Sonora, M\u00e9xico y el Mundo de manera oportuna y busca que la libertad de expresi\u00f3n sea real. Visita nuestro medio informativo publicado desde Hermosillo, Sonora. %\" \/>\n<meta name=\"robots\" content=\"index, follow, max-snippet:-1, max-image-preview:large, max-video-preview:-1\" \/>\n<link rel=\"canonical\" href=\"https:\/\/www.sonoraenequipo.com.mx\/establece-gobierno-de-sonora-red-de-vinculadores-de-instituciones-de-educacion-superior-froylan-gamez\/\" \/>\n<meta property=\"og:locale\" content=\"es_ES\" \/>\n<meta property=\"og:type\" content=\"article\" \/>\n<meta property=\"og:title\" content=\"Sonora en Equipo. Establece Gobierno de Sonora Red de Vinculadores de Instituciones de Educaci\u00f3n Superior: Froyl\u00e1n G\u00e1mez Sonora\" \/>\n<meta property=\"og:description\" content=\"HERMOSILLO, SONORA. MX. \u2014 Para garantizar la mejora continua del sistema educativo en Sonora, promoviendo la vinculaci\u00f3n, innovaci\u00f3n, el desarrollo En Sonora en Equipo publicamos toda la informaci\u00f3n de Sonora, M\u00e9xico y el Mundo de manera oportuna y busca que la libertad de expresi\u00f3n sea real. Visita nuestro medio informativo publicado desde Hermosillo, Sonora. %\" \/>\n<meta property=\"og:url\" content=\"https:\/\/www.sonoraenequipo.com.mx\/establece-gobierno-de-sonora-red-de-vinculadores-de-instituciones-de-educacion-superior-froylan-gamez\/\" \/>\n<meta property=\"og:site_name\" content=\"Sonora en Equipo.\" \/>\n<meta property=\"article:publisher\" content=\"https:\/\/www.facebook.com\/SonoraEE\/\" \/>\n<meta property=\"article:author\" content=\"https:\/\/www.facebook.com\/SonoraEE\" \/>\n<meta property=\"article:published_time\" content=\"2025-03-17T04:23:49+00:00\" \/>\n<meta property=\"og:image\" content=\"https:\/\/www.sonoraenequipo.com.mx\/storage\/2025\/03\/Red-de-Vinculadores-de-Instituciones-de-Educacion-Superior-min.jpg\" \/>\n\t<meta property=\"og:image:width\" content=\"985\" \/>\n\t<meta property=\"og:image:height\" content=\"599\" \/>\n\t<meta property=\"og:image:type\" content=\"image\/jpeg\" \/>\n<meta name=\"author\" content=\"enequipo\" \/>\n<meta name=\"twitter:card\" content=\"summary_large_image\" \/>\n<meta name=\"twitter:creator\" content=\"@sonoraenequipo\" \/>\n<meta name=\"twitter:site\" content=\"@sonoraenequipo\" \/>\n<meta name=\"twitter:label1\" content=\"Escrito por\" \/>\n\t<meta name=\"twitter:data1\" content=\"enequipo\" \/>\n\t<meta name=\"twitter:label2\" content=\"Tiempo de lectura\" \/>\n\t<meta name=\"twitter:data2\" content=\"2 minutos\" \/>\n<script type=\"application\/ld+json\" class=\"yoast-schema-graph\">{\"@context\":\"https:\/\/schema.org\",\"@graph\":[{\"@type\":\"Article\",\"@id\":\"https:\/\/www.sonoraenequipo.com.mx\/establece-gobierno-de-sonora-red-de-vinculadores-de-instituciones-de-educacion-superior-froylan-gamez\/#article\",\"isPartOf\":{\"@id\":\"https:\/\/www.sonoraenequipo.com.mx\/establece-gobierno-de-sonora-red-de-vinculadores-de-instituciones-de-educacion-superior-froylan-gamez\/\"},\"author\":{\"name\":\"enequipo\",\"@id\":\"https:\/\/www.sonoraenequipo.com.mx\/#\/schema\/person\/50102df0fb23a8fa9e8effad8fa81386\"},\"headline\":\"Establece Gobierno de Sonora Red de Vinculadores de Instituciones de Educaci\u00f3n Superior: Froyl\u00e1n G\u00e1mez\",\"datePublished\":\"2025-03-17T04:23:49+00:00\",\"mainEntityOfPage\":{\"@id\":\"https:\/\/www.sonoraenequipo.com.mx\/establece-gobierno-de-sonora-red-de-vinculadores-de-instituciones-de-educacion-superior-froylan-gamez\/\"},\"wordCount\":421,\"commentCount\":0,\"publisher\":{\"@id\":\"https:\/\/www.sonoraenequipo.com.mx\/#organization\"},\"image\":{\"@id\":\"https:\/\/www.sonoraenequipo.com.mx\/establece-gobierno-de-sonora-red-de-vinculadores-de-instituciones-de-educacion-superior-froylan-gamez\/#primaryimage\"},\"thumbnailUrl\":\"https:\/\/www.sonoraenequipo.com.mx\/storage\/2025\/03\/Red-de-Vinculadores-de-Instituciones-de-Educacion-Superior-min.jpg\",\"articleSection\":[\"Sonora\"],\"inLanguage\":\"es\",\"potentialAction\":[{\"@type\":\"CommentAction\",\"name\":\"Comment\",\"target\":[\"https:\/\/www.sonoraenequipo.com.mx\/establece-gobierno-de-sonora-red-de-vinculadores-de-instituciones-de-educacion-superior-froylan-gamez\/#respond\"]}]},{\"@type\":\"WebPage\",\"@id\":\"https:\/\/www.sonoraenequipo.com.mx\/establece-gobierno-de-sonora-red-de-vinculadores-de-instituciones-de-educacion-superior-froylan-gamez\/\",\"url\":\"https:\/\/www.sonoraenequipo.com.mx\/establece-gobierno-de-sonora-red-de-vinculadores-de-instituciones-de-educacion-superior-froylan-gamez\/\",\"name\":\"Sonora en Equipo. Establece Gobierno de Sonora Red de Vinculadores de Instituciones de Educaci\u00f3n Superior: Froyl\u00e1n G\u00e1mez Sonora\",\"isPartOf\":{\"@id\":\"https:\/\/www.sonoraenequipo.com.mx\/#website\"},\"primaryImageOfPage\":{\"@id\":\"https:\/\/www.sonoraenequipo.com.mx\/establece-gobierno-de-sonora-red-de-vinculadores-de-instituciones-de-educacion-superior-froylan-gamez\/#primaryimage\"},\"image\":{\"@id\":\"https:\/\/www.sonoraenequipo.com.mx\/establece-gobierno-de-sonora-red-de-vinculadores-de-instituciones-de-educacion-superior-froylan-gamez\/#primaryimage\"},\"thumbnailUrl\":\"https:\/\/www.sonoraenequipo.com.mx\/storage\/2025\/03\/Red-de-Vinculadores-de-Instituciones-de-Educacion-Superior-min.jpg\",\"datePublished\":\"2025-03-17T04:23:49+00:00\",\"description\":\"HERMOSILLO, SONORA. MX. \u2014 Para garantizar la mejora continua del sistema educativo en Sonora, promoviendo la vinculaci\u00f3n, innovaci\u00f3n, el desarrollo En Sonora en Equipo publicamos toda la informaci\u00f3n de Sonora, M\u00e9xico y el Mundo de manera oportuna y busca que la libertad de expresi\u00f3n sea real. Visita nuestro medio informativo publicado desde Hermosillo, Sonora. %\",\"breadcrumb\":{\"@id\":\"https:\/\/www.sonoraenequipo.com.mx\/establece-gobierno-de-sonora-red-de-vinculadores-de-instituciones-de-educacion-superior-froylan-gamez\/#breadcrumb\"},\"inLanguage\":\"es\",\"potentialAction\":[{\"@type\":\"ReadAction\",\"target\":[\"https:\/\/www.sonoraenequipo.com.mx\/establece-gobierno-de-sonora-red-de-vinculadores-de-instituciones-de-educacion-superior-froylan-gamez\/\"]}]},{\"@type\":\"ImageObject\",\"inLanguage\":\"es\",\"@id\":\"https:\/\/www.sonoraenequipo.com.mx\/establece-gobierno-de-sonora-red-de-vinculadores-de-instituciones-de-educacion-superior-froylan-gamez\/#primaryimage\",\"url\":\"https:\/\/www.sonoraenequipo.com.mx\/storage\/2025\/03\/Red-de-Vinculadores-de-Instituciones-de-Educacion-Superior-min.jpg\",\"contentUrl\":\"https:\/\/www.sonoraenequipo.com.mx\/storage\/2025\/03\/Red-de-Vinculadores-de-Instituciones-de-Educacion-Superior-min.jpg\",\"width\":985,\"height\":599},{\"@type\":\"BreadcrumbList\",\"@id\":\"https:\/\/www.sonoraenequipo.com.mx\/establece-gobierno-de-sonora-red-de-vinculadores-de-instituciones-de-educacion-superior-froylan-gamez\/#breadcrumb\",\"itemListElement\":[{\"@type\":\"ListItem\",\"position\":1,\"name\":\"Portada\",\"item\":\"https:\/\/www.sonoraenequipo.com.mx\/\"},{\"@type\":\"ListItem\",\"position\":2,\"name\":\"Establece Gobierno de Sonora Red de Vinculadores de Instituciones de Educaci\u00f3n Superior: Froyl\u00e1n G\u00e1mez\"}]},{\"@type\":\"WebSite\",\"@id\":\"https:\/\/www.sonoraenequipo.com.mx\/#website\",\"url\":\"https:\/\/www.sonoraenequipo.com.mx\/\",\"name\":\"Sonora en Equipo.\",\"description\":\"Diario en l\u00ednea con Noticias desde Hermosillo, Sonora\",\"publisher\":{\"@id\":\"https:\/\/www.sonoraenequipo.com.mx\/#organization\"},\"potentialAction\":[{\"@type\":\"SearchAction\",\"target\":{\"@type\":\"EntryPoint\",\"urlTemplate\":\"https:\/\/www.sonoraenequipo.com.mx\/?s={search_term_string}\"},\"query-input\":{\"@type\":\"PropertyValueSpecification\",\"valueRequired\":true,\"valueName\":\"search_term_string\"}}],\"inLanguage\":\"es\"},{\"@type\":\"Organization\",\"@id\":\"https:\/\/www.sonoraenequipo.com.mx\/#organization\",\"name\":\"Sonoraenequipo.com.mx\",\"url\":\"https:\/\/www.sonoraenequipo.com.mx\/\",\"logo\":{\"@type\":\"ImageObject\",\"inLanguage\":\"es\",\"@id\":\"https:\/\/www.sonoraenequipo.com.mx\/#\/schema\/logo\/image\/\",\"url\":\"https:\/\/www.sonoraenequipo.com.mx\/storage\/2019\/01\/sonoraenequipo_opt.png\",\"contentUrl\":\"https:\/\/www.sonoraenequipo.com.mx\/storage\/2019\/01\/sonoraenequipo_opt.png\",\"width\":375,\"height\":125,\"caption\":\"Sonoraenequipo.com.mx\"},\"image\":{\"@id\":\"https:\/\/www.sonoraenequipo.com.mx\/#\/schema\/logo\/image\/\"},\"sameAs\":[\"https:\/\/www.facebook.com\/SonoraEE\/\",\"https:\/\/x.com\/sonoraenequipo\",\"https:\/\/www.youtube.com\/channel\/UC338nW-lPEYmJQs4ZABQ1SQ\"]},{\"@type\":\"Person\",\"@id\":\"https:\/\/www.sonoraenequipo.com.mx\/#\/schema\/person\/50102df0fb23a8fa9e8effad8fa81386\",\"name\":\"enequipo\",\"image\":{\"@type\":\"ImageObject\",\"inLanguage\":\"es\",\"@id\":\"https:\/\/www.sonoraenequipo.com.mx\/#\/schema\/person\/image\/\",\"url\":\"https:\/\/secure.gravatar.com\/avatar\/049821681b589dabc0bc20695993ccebb09f5b5d4d790cd9251b97faac7c652b?s=96&d=blank&r=g\",\"contentUrl\":\"https:\/\/secure.gravatar.com\/avatar\/049821681b589dabc0bc20695993ccebb09f5b5d4d790cd9251b97faac7c652b?s=96&d=blank&r=g\",\"caption\":\"enequipo\"},\"sameAs\":[\"https:\/\/www.facebook.com\/SonoraEE\"]}]}<\/script>\n ","yoast_head_json":{"title":"Sonora en Equipo. Establece Gobierno de Sonora Red de Vinculadores de Instituciones de Educaci\u00f3n Superior: Froyl\u00e1n G\u00e1mez Sonora","description":"HERMOSILLO, SONORA. MX. \u2014 Para garantizar la mejora continua del sistema educativo en Sonora, promoviendo la vinculaci\u00f3n, innovaci\u00f3n, el desarrollo En Sonora en Equipo publicamos toda la informaci\u00f3n de Sonora, M\u00e9xico y el Mundo de manera oportuna y busca que la libertad de expresi\u00f3n sea real. Visita nuestro medio informativo publicado desde Hermosillo, Sonora. %","robots":{"index":"index","follow":"follow","max-snippet":"max-snippet:-1","max-image-preview":"max-image-preview:large","max-video-preview":"max-video-preview:-1"},"canonical":"https:\/\/www.sonoraenequipo.com.mx\/establece-gobierno-de-sonora-red-de-vinculadores-de-instituciones-de-educacion-superior-froylan-gamez\/","og_locale":"es_ES","og_type":"article","og_title":"Sonora en Equipo. Establece Gobierno de Sonora Red de Vinculadores de Instituciones de Educaci\u00f3n Superior: Froyl\u00e1n G\u00e1mez Sonora","og_description":"HERMOSILLO, SONORA. MX. \u2014 Para garantizar la mejora continua del sistema educativo en Sonora, promoviendo la vinculaci\u00f3n, innovaci\u00f3n, el desarrollo En Sonora en Equipo publicamos toda la informaci\u00f3n de Sonora, M\u00e9xico y el Mundo de manera oportuna y busca que la libertad de expresi\u00f3n sea real. Visita nuestro medio informativo publicado desde Hermosillo, Sonora. %","og_url":"https:\/\/www.sonoraenequipo.com.mx\/establece-gobierno-de-sonora-red-de-vinculadores-de-instituciones-de-educacion-superior-froylan-gamez\/","og_site_name":"Sonora en Equipo.","article_publisher":"https:\/\/www.facebook.com\/SonoraEE\/","article_author":"https:\/\/www.facebook.com\/SonoraEE","article_published_time":"2025-03-17T04:23:49+00:00","og_image":[{"width":985,"height":599,"url":"https:\/\/www.sonoraenequipo.com.mx\/storage\/2025\/03\/Red-de-Vinculadores-de-Instituciones-de-Educacion-Superior-min.jpg","type":"image\/jpeg"}],"author":"enequipo","twitter_card":"summary_large_image","twitter_creator":"@sonoraenequipo","twitter_site":"@sonoraenequipo","twitter_misc":{"Escrito por":"enequipo","Tiempo de lectura":"2 minutos"},"schema":{"@context":"https:\/\/schema.org","@graph":[{"@type":"Article","@id":"https:\/\/www.sonoraenequipo.com.mx\/establece-gobierno-de-sonora-red-de-vinculadores-de-instituciones-de-educacion-superior-froylan-gamez\/#article","isPartOf":{"@id":"https:\/\/www.sonoraenequipo.com.mx\/establece-gobierno-de-sonora-red-de-vinculadores-de-instituciones-de-educacion-superior-froylan-gamez\/"},"author":{"name":"enequipo","@id":"https:\/\/www.sonoraenequipo.com.mx\/#\/schema\/person\/50102df0fb23a8fa9e8effad8fa81386"},"headline":"Establece Gobierno de Sonora Red de Vinculadores de Instituciones de Educaci\u00f3n Superior: Froyl\u00e1n G\u00e1mez","datePublished":"2025-03-17T04:23:49+00:00","mainEntityOfPage":{"@id":"https:\/\/www.sonoraenequipo.com.mx\/establece-gobierno-de-sonora-red-de-vinculadores-de-instituciones-de-educacion-superior-froylan-gamez\/"},"wordCount":421,"commentCount":0,"publisher":{"@id":"https:\/\/www.sonoraenequipo.com.mx\/#organization"},"image":{"@id":"https:\/\/www.sonoraenequipo.com.mx\/establece-gobierno-de-sonora-red-de-vinculadores-de-instituciones-de-educacion-superior-froylan-gamez\/#primaryimage"},"thumbnailUrl":"https:\/\/www.sonoraenequipo.com.mx\/storage\/2025\/03\/Red-de-Vinculadores-de-Instituciones-de-Educacion-Superior-min.jpg","articleSection":["Sonora"],"inLanguage":"es","potentialAction":[{"@type":"CommentAction","name":"Comment","target":["https:\/\/www.sonoraenequipo.com.mx\/establece-gobierno-de-sonora-red-de-vinculadores-de-instituciones-de-educacion-superior-froylan-gamez\/#respond"]}]},{"@type":"WebPage","@id":"https:\/\/www.sonoraenequipo.com.mx\/establece-gobierno-de-sonora-red-de-vinculadores-de-instituciones-de-educacion-superior-froylan-gamez\/","url":"https:\/\/www.sonoraenequipo.com.mx\/establece-gobierno-de-sonora-red-de-vinculadores-de-instituciones-de-educacion-superior-froylan-gamez\/","name":"Sonora en Equipo. Establece Gobierno de Sonora Red de Vinculadores de Instituciones de Educaci\u00f3n Superior: Froyl\u00e1n G\u00e1mez Sonora","isPartOf":{"@id":"https:\/\/www.sonoraenequipo.com.mx\/#website"},"primaryImageOfPage":{"@id":"https:\/\/www.sonoraenequipo.com.mx\/establece-gobierno-de-sonora-red-de-vinculadores-de-instituciones-de-educacion-superior-froylan-gamez\/#primaryimage"},"image":{"@id":"https:\/\/www.sonoraenequipo.com.mx\/establece-gobierno-de-sonora-red-de-vinculadores-de-instituciones-de-educacion-superior-froylan-gamez\/#primaryimage"},"thumbnailUrl":"https:\/\/www.sonoraenequipo.com.mx\/storage\/2025\/03\/Red-de-Vinculadores-de-Instituciones-de-Educacion-Superior-min.jpg","datePublished":"2025-03-17T04:23:49+00:00","description":"HERMOSILLO, SONORA. MX. \u2014 Para garantizar la mejora continua del sistema educativo en Sonora, promoviendo la vinculaci\u00f3n, innovaci\u00f3n, el desarrollo En Sonora en Equipo publicamos toda la informaci\u00f3n de Sonora, M\u00e9xico y el Mundo de manera oportuna y busca que la libertad de expresi\u00f3n sea real. Visita nuestro medio informativo publicado desde Hermosillo, Sonora. %","breadcrumb":{"@id":"https:\/\/www.sonoraenequipo.com.mx\/establece-gobierno-de-sonora-red-de-vinculadores-de-instituciones-de-educacion-superior-froylan-gamez\/#breadcrumb"},"inLanguage":"es","potentialAction":[{"@type":"ReadAction","target":["https:\/\/www.sonoraenequipo.com.mx\/establece-gobierno-de-sonora-red-de-vinculadores-de-instituciones-de-educacion-superior-froylan-gamez\/"]}]},{"@type":"ImageObject","inLanguage":"es","@id":"https:\/\/www.sonoraenequipo.com.mx\/establece-gobierno-de-sonora-red-de-vinculadores-de-instituciones-de-educacion-superior-froylan-gamez\/#primaryimage","url":"https:\/\/www.sonoraenequipo.com.mx\/storage\/2025\/03\/Red-de-Vinculadores-de-Instituciones-de-Educacion-Superior-min.jpg","contentUrl":"https:\/\/www.sonoraenequipo.com.mx\/storage\/2025\/03\/Red-de-Vinculadores-de-Instituciones-de-Educacion-Superior-min.jpg","width":985,"height":599},{"@type":"BreadcrumbList","@id":"https:\/\/www.sonoraenequipo.com.mx\/establece-gobierno-de-sonora-red-de-vinculadores-de-instituciones-de-educacion-superior-froylan-gamez\/#breadcrumb","itemListElement":[{"@type":"ListItem","position":1,"name":"Portada","item":"https:\/\/www.sonoraenequipo.com.mx\/"},{"@type":"ListItem","position":2,"name":"Establece Gobierno de Sonora Red de Vinculadores de Instituciones de Educaci\u00f3n Superior: Froyl\u00e1n G\u00e1mez"}]},{"@type":"WebSite","@id":"https:\/\/www.sonoraenequipo.com.mx\/#website","url":"https:\/\/www.sonoraenequipo.com.mx\/","name":"Sonora en Equipo.","description":"Diario en l\u00ednea con Noticias desde Hermosillo, Sonora","publisher":{"@id":"https:\/\/www.sonoraenequipo.com.mx\/#organization"},"potentialAction":[{"@type":"SearchAction","target":{"@type":"EntryPoint","urlTemplate":"https:\/\/www.sonoraenequipo.com.mx\/?s={search_term_string}"},"query-input":{"@type":"PropertyValueSpecification","valueRequired":true,"valueName":"search_term_string"}}],"inLanguage":"es"},{"@type":"Organization","@id":"https:\/\/www.sonoraenequipo.com.mx\/#organization","name":"Sonoraenequipo.com.mx","url":"https:\/\/www.sonoraenequipo.com.mx\/","logo":{"@type":"ImageObject","inLanguage":"es","@id":"https:\/\/www.sonoraenequipo.com.mx\/#\/schema\/logo\/image\/","url":"https:\/\/www.sonoraenequipo.com.mx\/storage\/2019\/01\/sonoraenequipo_opt.png","contentUrl":"https:\/\/www.sonoraenequipo.com.mx\/storage\/2019\/01\/sonoraenequipo_opt.png","width":375,"height":125,"caption":"Sonoraenequipo.com.mx"},"image":{"@id":"https:\/\/www.sonoraenequipo.com.mx\/#\/schema\/logo\/image\/"},"sameAs":["https:\/\/www.facebook.com\/SonoraEE\/","https:\/\/x.com\/sonoraenequipo","https:\/\/www.youtube.com\/channel\/UC338nW-lPEYmJQs4ZABQ1SQ"]},{"@type":"Person","@id":"https:\/\/www.sonoraenequipo.com.mx\/#\/schema\/person\/50102df0fb23a8fa9e8effad8fa81386","name":"enequipo","image":{"@type":"ImageObject","inLanguage":"es","@id":"https:\/\/www.sonoraenequipo.com.mx\/#\/schema\/person\/image\/","url":"https:\/\/secure.gravatar.com\/avatar\/049821681b589dabc0bc20695993ccebb09f5b5d4d790cd9251b97faac7c652b?s=96&d=blank&r=g","contentUrl":"https:\/\/secure.gravatar.com\/avatar\/049821681b589dabc0bc20695993ccebb09f5b5d4d790cd9251b97faac7c652b?s=96&d=blank&r=g","caption":"enequipo"},"sameAs":["https:\/\/www.facebook.com\/SonoraEE"]}]}},"jetpack_featured_media_url":"https:\/\/www.sonoraenequipo.com.mx\/storage\/2025\/03\/Red-de-Vinculadores-de-Instituciones-de-Educacion-Superior-min.jpg","_links":{"self":[{"href":"https:\/\/www.sonoraenequipo.com.mx\/api\/wp\/v2\/posts\/211659","targetHints":{"allow":["GET"]}}],"collection":[{"href":"https:\/\/www.sonoraenequipo.com.mx\/api\/wp\/v2\/posts"}],"about":[{"href":"https:\/\/www.sonoraenequipo.com.mx\/api\/wp\/v2\/types\/post"}],"author":[{"embeddable":true,"href":"https:\/\/www.sonoraenequipo.com.mx\/api\/wp\/v2\/users\/1"}],"replies":[{"embeddable":true,"href":"https:\/\/www.sonoraenequipo.com.mx\/api\/wp\/v2\/comments?post=211659"}],"version-history":[{"count":1,"href":"https:\/\/www.sonoraenequipo.com.mx\/api\/wp\/v2\/posts\/211659\/revisions"}],"predecessor-version":[{"id":211663,"href":"https:\/\/www.sonoraenequipo.com.mx\/api\/wp\/v2\/posts\/211659\/revisions\/211663"}],"wp:featuredmedia":[{"embeddable":true,"href":"https:\/\/www.sonoraenequipo.com.mx\/api\/wp\/v2\/media\/211660"}],"wp:attachment":[{"href":"https:\/\/www.sonoraenequipo.com.mx\/api\/wp\/v2\/media?parent=211659"}],"wp:term":[{"taxonomy":"category","embeddable":true,"href":"https:\/\/www.sonoraenequipo.com.mx\/api\/wp\/v2\/categories?post=211659"},{"taxonomy":"post_tag","embeddable":true,"href":"https:\/\/www.sonoraenequipo.com.mx\/api\/wp\/v2\/tags?post=211659"}],"curies":[{"name":"wp","href":"https:\/\/api.w.org\/{rel}","templated":true}]}}