{"id":211676,"date":"2025-03-16T20:32:32","date_gmt":"2025-03-17T03:32:32","guid":{"rendered":"https:\/\/www.sonoraenequipo.com.mx\/?p=211676"},"modified":"2025-03-17T10:23:37","modified_gmt":"2025-03-17T17:23:37","slug":"hackean-telefono-de-claudia-sheinbaum-nyt","status":"publish","type":"post","link":"https:\/\/www.sonoraenequipo.com.mx\/hackean-telefono-de-claudia-sheinbaum-nyt\/","title":{"rendered":"Hackean tel\u00e9fono de Claudia Sheinbaum: NYT"},"content":{"rendered":"<p>CIUDAD DE M\u00c9XICO. MX. \u2014 El gobierno de M\u00e9xico, liderado por Claudia Sheinbaum, extradit\u00f3 el pasado 27 de febrero a 29 narcotraficantes a Estados Unidos, incluyendo a Rafael Caro Quintero, l\u00edder del C\u00e1rtel de Guadalajara. Esta acci\u00f3n, calificada como un \u00abgolpe colosal\u00bb contra el crimen organizado, recibi\u00f3 elogios del expresidente Donald Trump, quien destac\u00f3 la firmeza de la mandataria mexicana.<\/p>\n<p>Sin embargo, poco despu\u00e9s de este operativo, el tel\u00e9fono celular de Sheinbaum fue hackeado, seg\u00fan report\u00f3 The New York Times. Aunque no se han revelado detalles sobre el alcance del ataque ni sobre sus responsables, el incidente ha generado preocupaci\u00f3n sobre la ciberseguridad en el gobierno mexicano.<\/p>\n<p>El Times subray\u00f3 que esta extradici\u00f3n marc\u00f3 un punto clave en la lucha de Sheinbaum contra los c\u00e1rteles, consolidando su relaci\u00f3n con Estados Unidos. Funcionarios de ambos pa\u00edses han destacado su enfoque sereno y resultados en temas como migraci\u00f3n y combate al fentanilo, lo que ha fortalecido su posici\u00f3n en la diplomacia bilateral.<\/p>\n<p>A pesar de los elogios, el hackeo pone en evidencia los desaf\u00edos que enfrenta su administraci\u00f3n en materia de seguridad digital, un tema que sigue siendo prioritario en el contexto actual.<\/p>\n<p>PUBLICADO EL 16 DE MARZO DE Con informaci\u00f3n de medios impresos)<\/p>\n","protected":false},"excerpt":{"rendered":"<p>CIUDAD DE M\u00c9XICO. MX. \u2014 El gobierno de M\u00e9xico, liderado por Claudia Sheinbaum, extradit\u00f3 el&#8230;<\/p>\n","protected":false},"author":1,"featured_media":211673,"comment_status":"open","ping_status":"open","sticky":false,"template":"","format":"standard","meta":{"_monsterinsights_skip_tracking":false,"_monsterinsights_sitenote_active":false,"_monsterinsights_sitenote_note":"","_monsterinsights_sitenote_category":0,"footnotes":""},"categories":[5],"tags":[],"class_list":["post"],"yoast_head":" \n<title>Sonora en Equipo. Hackean tel\u00e9fono de Claudia Sheinbaum: NYT Rep\u00fablica<\/title>\n<meta name=\"description\" content=\"CIUDAD DE M\u00c9XICO. MX. \u2014 El gobierno de M\u00e9xico, liderado por Claudia Sheinbaum, extradit\u00f3 el pasado 27 de febrero a 29 narcotraficantes a Estados Unidos, En Sonora en Equipo publicamos toda la informaci\u00f3n de Sonora, M\u00e9xico y el Mundo de manera oportuna y busca que la libertad de expresi\u00f3n sea real. Visita nuestro medio informativo publicado desde Hermosillo, Sonora. %\" \/>\n<meta name=\"robots\" content=\"index, follow, max-snippet:-1, max-image-preview:large, max-video-preview:-1\" \/>\n<link rel=\"canonical\" href=\"https:\/\/www.sonoraenequipo.com.mx\/hackean-telefono-de-claudia-sheinbaum-nyt\/\" \/>\n<meta property=\"og:locale\" content=\"es_ES\" \/>\n<meta property=\"og:type\" content=\"article\" \/>\n<meta property=\"og:title\" content=\"Sonora en Equipo. Hackean tel\u00e9fono de Claudia Sheinbaum: NYT Rep\u00fablica\" \/>\n<meta property=\"og:description\" content=\"CIUDAD DE M\u00c9XICO. MX. \u2014 El gobierno de M\u00e9xico, liderado por Claudia Sheinbaum, extradit\u00f3 el pasado 27 de febrero a 29 narcotraficantes a Estados Unidos, En Sonora en Equipo publicamos toda la informaci\u00f3n de Sonora, M\u00e9xico y el Mundo de manera oportuna y busca que la libertad de expresi\u00f3n sea real. Visita nuestro medio informativo publicado desde Hermosillo, Sonora. %\" \/>\n<meta property=\"og:url\" content=\"https:\/\/www.sonoraenequipo.com.mx\/hackean-telefono-de-claudia-sheinbaum-nyt\/\" \/>\n<meta property=\"og:site_name\" content=\"Sonora en Equipo.\" \/>\n<meta property=\"article:publisher\" content=\"https:\/\/www.facebook.com\/SonoraEE\/\" \/>\n<meta property=\"article:author\" content=\"https:\/\/www.facebook.com\/SonoraEE\" \/>\n<meta property=\"article:published_time\" content=\"2025-03-17T03:32:32+00:00\" \/>\n<meta property=\"article:modified_time\" content=\"2025-03-17T17:23:37+00:00\" \/>\n<meta property=\"og:image\" content=\"https:\/\/www.sonoraenequipo.com.mx\/storage\/2025\/03\/hackeo-gobierno-sheinbaum-min.jpg\" \/>\n\t<meta property=\"og:image:width\" content=\"1000\" \/>\n\t<meta property=\"og:image:height\" content=\"666\" \/>\n\t<meta property=\"og:image:type\" content=\"image\/jpeg\" \/>\n<meta name=\"author\" content=\"enequipo\" \/>\n<meta name=\"twitter:card\" content=\"summary_large_image\" \/>\n<meta name=\"twitter:creator\" content=\"@sonoraenequipo\" \/>\n<meta name=\"twitter:site\" content=\"@sonoraenequipo\" \/>\n<meta name=\"twitter:label1\" content=\"Escrito por\" \/>\n\t<meta name=\"twitter:data1\" content=\"enequipo\" \/>\n\t<meta name=\"twitter:label2\" content=\"Tiempo de lectura\" \/>\n\t<meta name=\"twitter:data2\" content=\"1 minuto\" \/>\n<script type=\"application\/ld+json\" class=\"yoast-schema-graph\">{\"@context\":\"https:\/\/schema.org\",\"@graph\":[{\"@type\":\"Article\",\"@id\":\"https:\/\/www.sonoraenequipo.com.mx\/hackean-telefono-de-claudia-sheinbaum-nyt\/#article\",\"isPartOf\":{\"@id\":\"https:\/\/www.sonoraenequipo.com.mx\/hackean-telefono-de-claudia-sheinbaum-nyt\/\"},\"author\":{\"name\":\"enequipo\",\"@id\":\"https:\/\/www.sonoraenequipo.com.mx\/#\/schema\/person\/50102df0fb23a8fa9e8effad8fa81386\"},\"headline\":\"Hackean tel\u00e9fono de Claudia Sheinbaum: NYT\",\"datePublished\":\"2025-03-17T03:32:32+00:00\",\"dateModified\":\"2025-03-17T17:23:37+00:00\",\"mainEntityOfPage\":{\"@id\":\"https:\/\/www.sonoraenequipo.com.mx\/hackean-telefono-de-claudia-sheinbaum-nyt\/\"},\"wordCount\":223,\"commentCount\":0,\"publisher\":{\"@id\":\"https:\/\/www.sonoraenequipo.com.mx\/#organization\"},\"image\":{\"@id\":\"https:\/\/www.sonoraenequipo.com.mx\/hackean-telefono-de-claudia-sheinbaum-nyt\/#primaryimage\"},\"thumbnailUrl\":\"https:\/\/www.sonoraenequipo.com.mx\/storage\/2025\/03\/hackeo-gobierno-sheinbaum-min.jpg\",\"articleSection\":[\"Rep\u00fablica\"],\"inLanguage\":\"es\",\"potentialAction\":[{\"@type\":\"CommentAction\",\"name\":\"Comment\",\"target\":[\"https:\/\/www.sonoraenequipo.com.mx\/hackean-telefono-de-claudia-sheinbaum-nyt\/#respond\"]}]},{\"@type\":\"WebPage\",\"@id\":\"https:\/\/www.sonoraenequipo.com.mx\/hackean-telefono-de-claudia-sheinbaum-nyt\/\",\"url\":\"https:\/\/www.sonoraenequipo.com.mx\/hackean-telefono-de-claudia-sheinbaum-nyt\/\",\"name\":\"Sonora en Equipo. Hackean tel\u00e9fono de Claudia Sheinbaum: NYT Rep\u00fablica\",\"isPartOf\":{\"@id\":\"https:\/\/www.sonoraenequipo.com.mx\/#website\"},\"primaryImageOfPage\":{\"@id\":\"https:\/\/www.sonoraenequipo.com.mx\/hackean-telefono-de-claudia-sheinbaum-nyt\/#primaryimage\"},\"image\":{\"@id\":\"https:\/\/www.sonoraenequipo.com.mx\/hackean-telefono-de-claudia-sheinbaum-nyt\/#primaryimage\"},\"thumbnailUrl\":\"https:\/\/www.sonoraenequipo.com.mx\/storage\/2025\/03\/hackeo-gobierno-sheinbaum-min.jpg\",\"datePublished\":\"2025-03-17T03:32:32+00:00\",\"dateModified\":\"2025-03-17T17:23:37+00:00\",\"description\":\"CIUDAD DE M\u00c9XICO. MX. \u2014 El gobierno de M\u00e9xico, liderado por Claudia Sheinbaum, extradit\u00f3 el pasado 27 de febrero a 29 narcotraficantes a Estados Unidos, En Sonora en Equipo publicamos toda la informaci\u00f3n de Sonora, M\u00e9xico y el Mundo de manera oportuna y busca que la libertad de expresi\u00f3n sea real. Visita nuestro medio informativo publicado desde Hermosillo, Sonora. %\",\"breadcrumb\":{\"@id\":\"https:\/\/www.sonoraenequipo.com.mx\/hackean-telefono-de-claudia-sheinbaum-nyt\/#breadcrumb\"},\"inLanguage\":\"es\",\"potentialAction\":[{\"@type\":\"ReadAction\",\"target\":[\"https:\/\/www.sonoraenequipo.com.mx\/hackean-telefono-de-claudia-sheinbaum-nyt\/\"]}]},{\"@type\":\"ImageObject\",\"inLanguage\":\"es\",\"@id\":\"https:\/\/www.sonoraenequipo.com.mx\/hackean-telefono-de-claudia-sheinbaum-nyt\/#primaryimage\",\"url\":\"https:\/\/www.sonoraenequipo.com.mx\/storage\/2025\/03\/hackeo-gobierno-sheinbaum-min.jpg\",\"contentUrl\":\"https:\/\/www.sonoraenequipo.com.mx\/storage\/2025\/03\/hackeo-gobierno-sheinbaum-min.jpg\",\"width\":1000,\"height\":666},{\"@type\":\"BreadcrumbList\",\"@id\":\"https:\/\/www.sonoraenequipo.com.mx\/hackean-telefono-de-claudia-sheinbaum-nyt\/#breadcrumb\",\"itemListElement\":[{\"@type\":\"ListItem\",\"position\":1,\"name\":\"Portada\",\"item\":\"https:\/\/www.sonoraenequipo.com.mx\/\"},{\"@type\":\"ListItem\",\"position\":2,\"name\":\"Hackean tel\u00e9fono de Claudia Sheinbaum: NYT\"}]},{\"@type\":\"WebSite\",\"@id\":\"https:\/\/www.sonoraenequipo.com.mx\/#website\",\"url\":\"https:\/\/www.sonoraenequipo.com.mx\/\",\"name\":\"Sonora en Equipo.\",\"description\":\"Diario en l\u00ednea con Noticias desde Hermosillo, Sonora\",\"publisher\":{\"@id\":\"https:\/\/www.sonoraenequipo.com.mx\/#organization\"},\"potentialAction\":[{\"@type\":\"SearchAction\",\"target\":{\"@type\":\"EntryPoint\",\"urlTemplate\":\"https:\/\/www.sonoraenequipo.com.mx\/?s={search_term_string}\"},\"query-input\":{\"@type\":\"PropertyValueSpecification\",\"valueRequired\":true,\"valueName\":\"search_term_string\"}}],\"inLanguage\":\"es\"},{\"@type\":\"Organization\",\"@id\":\"https:\/\/www.sonoraenequipo.com.mx\/#organization\",\"name\":\"Sonoraenequipo.com.mx\",\"url\":\"https:\/\/www.sonoraenequipo.com.mx\/\",\"logo\":{\"@type\":\"ImageObject\",\"inLanguage\":\"es\",\"@id\":\"https:\/\/www.sonoraenequipo.com.mx\/#\/schema\/logo\/image\/\",\"url\":\"https:\/\/www.sonoraenequipo.com.mx\/storage\/2019\/01\/sonoraenequipo_opt.png\",\"contentUrl\":\"https:\/\/www.sonoraenequipo.com.mx\/storage\/2019\/01\/sonoraenequipo_opt.png\",\"width\":375,\"height\":125,\"caption\":\"Sonoraenequipo.com.mx\"},\"image\":{\"@id\":\"https:\/\/www.sonoraenequipo.com.mx\/#\/schema\/logo\/image\/\"},\"sameAs\":[\"https:\/\/www.facebook.com\/SonoraEE\/\",\"https:\/\/x.com\/sonoraenequipo\",\"https:\/\/www.youtube.com\/channel\/UC338nW-lPEYmJQs4ZABQ1SQ\"]},{\"@type\":\"Person\",\"@id\":\"https:\/\/www.sonoraenequipo.com.mx\/#\/schema\/person\/50102df0fb23a8fa9e8effad8fa81386\",\"name\":\"enequipo\",\"image\":{\"@type\":\"ImageObject\",\"inLanguage\":\"es\",\"@id\":\"https:\/\/www.sonoraenequipo.com.mx\/#\/schema\/person\/image\/\",\"url\":\"https:\/\/secure.gravatar.com\/avatar\/049821681b589dabc0bc20695993ccebb09f5b5d4d790cd9251b97faac7c652b?s=96&d=blank&r=g\",\"contentUrl\":\"https:\/\/secure.gravatar.com\/avatar\/049821681b589dabc0bc20695993ccebb09f5b5d4d790cd9251b97faac7c652b?s=96&d=blank&r=g\",\"caption\":\"enequipo\"},\"sameAs\":[\"https:\/\/www.facebook.com\/SonoraEE\"]}]}<\/script>\n ","yoast_head_json":{"title":"Sonora en Equipo. Hackean tel\u00e9fono de Claudia Sheinbaum: NYT Rep\u00fablica","description":"CIUDAD DE M\u00c9XICO. MX. \u2014 El gobierno de M\u00e9xico, liderado por Claudia Sheinbaum, extradit\u00f3 el pasado 27 de febrero a 29 narcotraficantes a Estados Unidos, En Sonora en Equipo publicamos toda la informaci\u00f3n de Sonora, M\u00e9xico y el Mundo de manera oportuna y busca que la libertad de expresi\u00f3n sea real. Visita nuestro medio informativo publicado desde Hermosillo, Sonora. %","robots":{"index":"index","follow":"follow","max-snippet":"max-snippet:-1","max-image-preview":"max-image-preview:large","max-video-preview":"max-video-preview:-1"},"canonical":"https:\/\/www.sonoraenequipo.com.mx\/hackean-telefono-de-claudia-sheinbaum-nyt\/","og_locale":"es_ES","og_type":"article","og_title":"Sonora en Equipo. Hackean tel\u00e9fono de Claudia Sheinbaum: NYT Rep\u00fablica","og_description":"CIUDAD DE M\u00c9XICO. MX. \u2014 El gobierno de M\u00e9xico, liderado por Claudia Sheinbaum, extradit\u00f3 el pasado 27 de febrero a 29 narcotraficantes a Estados Unidos, En Sonora en Equipo publicamos toda la informaci\u00f3n de Sonora, M\u00e9xico y el Mundo de manera oportuna y busca que la libertad de expresi\u00f3n sea real. Visita nuestro medio informativo publicado desde Hermosillo, Sonora. %","og_url":"https:\/\/www.sonoraenequipo.com.mx\/hackean-telefono-de-claudia-sheinbaum-nyt\/","og_site_name":"Sonora en Equipo.","article_publisher":"https:\/\/www.facebook.com\/SonoraEE\/","article_author":"https:\/\/www.facebook.com\/SonoraEE","article_published_time":"2025-03-17T03:32:32+00:00","article_modified_time":"2025-03-17T17:23:37+00:00","og_image":[{"width":1000,"height":666,"url":"https:\/\/www.sonoraenequipo.com.mx\/storage\/2025\/03\/hackeo-gobierno-sheinbaum-min.jpg","type":"image\/jpeg"}],"author":"enequipo","twitter_card":"summary_large_image","twitter_creator":"@sonoraenequipo","twitter_site":"@sonoraenequipo","twitter_misc":{"Escrito por":"enequipo","Tiempo de lectura":"1 minuto"},"schema":{"@context":"https:\/\/schema.org","@graph":[{"@type":"Article","@id":"https:\/\/www.sonoraenequipo.com.mx\/hackean-telefono-de-claudia-sheinbaum-nyt\/#article","isPartOf":{"@id":"https:\/\/www.sonoraenequipo.com.mx\/hackean-telefono-de-claudia-sheinbaum-nyt\/"},"author":{"name":"enequipo","@id":"https:\/\/www.sonoraenequipo.com.mx\/#\/schema\/person\/50102df0fb23a8fa9e8effad8fa81386"},"headline":"Hackean tel\u00e9fono de Claudia Sheinbaum: NYT","datePublished":"2025-03-17T03:32:32+00:00","dateModified":"2025-03-17T17:23:37+00:00","mainEntityOfPage":{"@id":"https:\/\/www.sonoraenequipo.com.mx\/hackean-telefono-de-claudia-sheinbaum-nyt\/"},"wordCount":223,"commentCount":0,"publisher":{"@id":"https:\/\/www.sonoraenequipo.com.mx\/#organization"},"image":{"@id":"https:\/\/www.sonoraenequipo.com.mx\/hackean-telefono-de-claudia-sheinbaum-nyt\/#primaryimage"},"thumbnailUrl":"https:\/\/www.sonoraenequipo.com.mx\/storage\/2025\/03\/hackeo-gobierno-sheinbaum-min.jpg","articleSection":["Rep\u00fablica"],"inLanguage":"es","potentialAction":[{"@type":"CommentAction","name":"Comment","target":["https:\/\/www.sonoraenequipo.com.mx\/hackean-telefono-de-claudia-sheinbaum-nyt\/#respond"]}]},{"@type":"WebPage","@id":"https:\/\/www.sonoraenequipo.com.mx\/hackean-telefono-de-claudia-sheinbaum-nyt\/","url":"https:\/\/www.sonoraenequipo.com.mx\/hackean-telefono-de-claudia-sheinbaum-nyt\/","name":"Sonora en Equipo. Hackean tel\u00e9fono de Claudia Sheinbaum: NYT Rep\u00fablica","isPartOf":{"@id":"https:\/\/www.sonoraenequipo.com.mx\/#website"},"primaryImageOfPage":{"@id":"https:\/\/www.sonoraenequipo.com.mx\/hackean-telefono-de-claudia-sheinbaum-nyt\/#primaryimage"},"image":{"@id":"https:\/\/www.sonoraenequipo.com.mx\/hackean-telefono-de-claudia-sheinbaum-nyt\/#primaryimage"},"thumbnailUrl":"https:\/\/www.sonoraenequipo.com.mx\/storage\/2025\/03\/hackeo-gobierno-sheinbaum-min.jpg","datePublished":"2025-03-17T03:32:32+00:00","dateModified":"2025-03-17T17:23:37+00:00","description":"CIUDAD DE M\u00c9XICO. MX. \u2014 El gobierno de M\u00e9xico, liderado por Claudia Sheinbaum, extradit\u00f3 el pasado 27 de febrero a 29 narcotraficantes a Estados Unidos, En Sonora en Equipo publicamos toda la informaci\u00f3n de Sonora, M\u00e9xico y el Mundo de manera oportuna y busca que la libertad de expresi\u00f3n sea real. Visita nuestro medio informativo publicado desde Hermosillo, Sonora. %","breadcrumb":{"@id":"https:\/\/www.sonoraenequipo.com.mx\/hackean-telefono-de-claudia-sheinbaum-nyt\/#breadcrumb"},"inLanguage":"es","potentialAction":[{"@type":"ReadAction","target":["https:\/\/www.sonoraenequipo.com.mx\/hackean-telefono-de-claudia-sheinbaum-nyt\/"]}]},{"@type":"ImageObject","inLanguage":"es","@id":"https:\/\/www.sonoraenequipo.com.mx\/hackean-telefono-de-claudia-sheinbaum-nyt\/#primaryimage","url":"https:\/\/www.sonoraenequipo.com.mx\/storage\/2025\/03\/hackeo-gobierno-sheinbaum-min.jpg","contentUrl":"https:\/\/www.sonoraenequipo.com.mx\/storage\/2025\/03\/hackeo-gobierno-sheinbaum-min.jpg","width":1000,"height":666},{"@type":"BreadcrumbList","@id":"https:\/\/www.sonoraenequipo.com.mx\/hackean-telefono-de-claudia-sheinbaum-nyt\/#breadcrumb","itemListElement":[{"@type":"ListItem","position":1,"name":"Portada","item":"https:\/\/www.sonoraenequipo.com.mx\/"},{"@type":"ListItem","position":2,"name":"Hackean tel\u00e9fono de Claudia Sheinbaum: NYT"}]},{"@type":"WebSite","@id":"https:\/\/www.sonoraenequipo.com.mx\/#website","url":"https:\/\/www.sonoraenequipo.com.mx\/","name":"Sonora en Equipo.","description":"Diario en l\u00ednea con Noticias desde Hermosillo, Sonora","publisher":{"@id":"https:\/\/www.sonoraenequipo.com.mx\/#organization"},"potentialAction":[{"@type":"SearchAction","target":{"@type":"EntryPoint","urlTemplate":"https:\/\/www.sonoraenequipo.com.mx\/?s={search_term_string}"},"query-input":{"@type":"PropertyValueSpecification","valueRequired":true,"valueName":"search_term_string"}}],"inLanguage":"es"},{"@type":"Organization","@id":"https:\/\/www.sonoraenequipo.com.mx\/#organization","name":"Sonoraenequipo.com.mx","url":"https:\/\/www.sonoraenequipo.com.mx\/","logo":{"@type":"ImageObject","inLanguage":"es","@id":"https:\/\/www.sonoraenequipo.com.mx\/#\/schema\/logo\/image\/","url":"https:\/\/www.sonoraenequipo.com.mx\/storage\/2019\/01\/sonoraenequipo_opt.png","contentUrl":"https:\/\/www.sonoraenequipo.com.mx\/storage\/2019\/01\/sonoraenequipo_opt.png","width":375,"height":125,"caption":"Sonoraenequipo.com.mx"},"image":{"@id":"https:\/\/www.sonoraenequipo.com.mx\/#\/schema\/logo\/image\/"},"sameAs":["https:\/\/www.facebook.com\/SonoraEE\/","https:\/\/x.com\/sonoraenequipo","https:\/\/www.youtube.com\/channel\/UC338nW-lPEYmJQs4ZABQ1SQ"]},{"@type":"Person","@id":"https:\/\/www.sonoraenequipo.com.mx\/#\/schema\/person\/50102df0fb23a8fa9e8effad8fa81386","name":"enequipo","image":{"@type":"ImageObject","inLanguage":"es","@id":"https:\/\/www.sonoraenequipo.com.mx\/#\/schema\/person\/image\/","url":"https:\/\/secure.gravatar.com\/avatar\/049821681b589dabc0bc20695993ccebb09f5b5d4d790cd9251b97faac7c652b?s=96&d=blank&r=g","contentUrl":"https:\/\/secure.gravatar.com\/avatar\/049821681b589dabc0bc20695993ccebb09f5b5d4d790cd9251b97faac7c652b?s=96&d=blank&r=g","caption":"enequipo"},"sameAs":["https:\/\/www.facebook.com\/SonoraEE"]}]}},"jetpack_featured_media_url":"https:\/\/www.sonoraenequipo.com.mx\/storage\/2025\/03\/hackeo-gobierno-sheinbaum-min.jpg","_links":{"self":[{"href":"https:\/\/www.sonoraenequipo.com.mx\/api\/wp\/v2\/posts\/211676","targetHints":{"allow":["GET"]}}],"collection":[{"href":"https:\/\/www.sonoraenequipo.com.mx\/api\/wp\/v2\/posts"}],"about":[{"href":"https:\/\/www.sonoraenequipo.com.mx\/api\/wp\/v2\/types\/post"}],"author":[{"embeddable":true,"href":"https:\/\/www.sonoraenequipo.com.mx\/api\/wp\/v2\/users\/1"}],"replies":[{"embeddable":true,"href":"https:\/\/www.sonoraenequipo.com.mx\/api\/wp\/v2\/comments?post=211676"}],"version-history":[{"count":2,"href":"https:\/\/www.sonoraenequipo.com.mx\/api\/wp\/v2\/posts\/211676\/revisions"}],"predecessor-version":[{"id":211682,"href":"https:\/\/www.sonoraenequipo.com.mx\/api\/wp\/v2\/posts\/211676\/revisions\/211682"}],"wp:featuredmedia":[{"embeddable":true,"href":"https:\/\/www.sonoraenequipo.com.mx\/api\/wp\/v2\/media\/211673"}],"wp:attachment":[{"href":"https:\/\/www.sonoraenequipo.com.mx\/api\/wp\/v2\/media?parent=211676"}],"wp:term":[{"taxonomy":"category","embeddable":true,"href":"https:\/\/www.sonoraenequipo.com.mx\/api\/wp\/v2\/categories?post=211676"},{"taxonomy":"post_tag","embeddable":true,"href":"https:\/\/www.sonoraenequipo.com.mx\/api\/wp\/v2\/tags?post=211676"}],"curies":[{"name":"wp","href":"https:\/\/api.w.org\/{rel}","templated":true}]}}